{"id":536,"date":"2013-03-01T16:26:25","date_gmt":"2013-03-01T15:26:25","guid":{"rendered":"https:\/\/bruxelles-pantheres.be\/?p=536"},"modified":"2013-11-10T16:29:06","modified_gmt":"2013-11-10T15:29:06","slug":"la-police-belge-assassine","status":"publish","type":"post","link":"https:\/\/bruxelles-pantheres.be\/?p=536","title":{"rendered":"La Police Belge Assassine . . ."},"content":{"rendered":"<div>\n<h3><a href=\"http:\/\/www.egalite.be\/wp-content\/uploads\/2013\/02\/arretez-la-violence.jpg\"><img decoding=\"async\" class=\"alignright\" alt=\"arretez-la-violence\" src=\"http:\/\/www.egalite.be\/wp-content\/uploads\/2013\/02\/arretez-la-violence.jpg\" width=\"290\" height=\"268\" \/><\/a><\/h3>\n<h3>Cette \u00ab\u00a0bavure\u00a0\u00bb choque la Belgique<\/h3>\n<div id=\"article-infos\">\n<div id=\"article-author\">\n<p>Par <strong>Marie-Laure Combes avec AFP<\/strong><\/p>\n<p>Publi\u00e9 le 22 f\u00e9vrier 2013 \u00e0 18h47 Mis \u00e0 jour le 22 f\u00e9vrier 2013 \u00e0 19h32<\/p>\n<\/div>\n<\/div>\n<div><img decoding=\"async\" title=\"Cette &quot;bavure&quot; choque la Belgique\" alt=\"Cette &quot;bavure&quot; choque la Belgique\" src=\"http:\/\/photo.europe1.fr\/infos\/international\/jonathan-jacob-bavure-belgique-930620\/25093239-1-fre-FR\/jonathan-jacob-bavure-belgique-930620_scalewidth_630.jpg\" width=\"631\" \/>\u00a9 CAPTURE D\u2019ECRAN VRT<\/p>\n<\/div>\n<p><strong>Une cha\u00eene de t\u00e9l\u00e9vision a diffus\u00e9 les images d\u2019un d\u00e9tenu battu \u00e0 mort par des policiers \u00e0 Anvers.<\/strong><\/p>\n<p><b>La pol\u00e9mique.<\/b> Le drame remonte \u00e0 plus de trois ans mais <a href=\"http:\/\/www.deredactie.be\/cm\/vrtnieuws\/mediatheek\/programmas\/panorama\/2.26850\/1.1554642\" target=\"_blank\">un reportage d\u2019une cha\u00eene de t\u00e9l\u00e9vision belge<\/a> diffus\u00e9 jeudi soir a raviv\u00e9 le scandale outre-Qui\u00e9vrain. La VRT a r\u00e9v\u00e9l\u00e9 des images de vid\u00e9o-surveillance d\u2019une cellule du commissariat de Mortsel, pr\u00e8s d\u2019Anvers, sur lesquelles on peut voir des policiers battre un d\u00e9tenu pour tenter de le ma\u00eetriser. Le jeune homme de 26 ans \u00e9tait mort d\u2019une h\u00e9morragie interne.<!--more--><\/p>\n<p><b>L\u2019affaire.<\/b> Le 6 janvier 2010, Jonathan Jacob, adepte de body-building et d\u00e9pendant aux amph\u00e9tamines, erre dans la rue en \u00e9tat de manque. Il est conduit par les policiers dans un \u00e9tablissement psychiatrique. Mais le jeune homme, une fois sur place, refuse d\u2019\u00eatre enferm\u00e9 dans une chambre s\u00e9curis\u00e9e et commence \u00e0 s\u2019agiter, blessant l\u00e9g\u00e8rement un policier. Les responsables de l\u2019\u00e9tablissement psychiatrique refusent alors de prendre en charge ce patient qu\u2019ils jugent trop violent.<\/p>\n<p>Les policiers ram\u00e8nent donc Jonathan Jacob, qui, entre temps, s\u2019est enti\u00e8rement d\u00e9v\u00eatu, jusqu\u2019au commissariat de Mortsel. Le jeune homme est alors mis dans une cellule d\u2019isolement de 3,5 m\u00b2. Un magistrat du parquet ordonne ensuite aux policiers de ma\u00eetriser l\u2019homme pour qu\u2019un m\u00e9decin puisse lui administrer un calmant.<\/p>\n<div><img decoding=\"async\" title=\"Cette &quot;bavure&quot; choque la Belgique\" alt=\"Cette &quot;bavure&quot; choque la Belgique\" src=\"http:\/\/photo.europe1.fr\/divers\/jonathan-jacob-bavure-1\/25093175-1-fre-FR\/jonathan-jacob-bavure-1_scalewidth_460.jpg\" \/><\/div>\n<p><b>L\u2019\u00a0\u00bbintervention\u00a0\u00bb.<\/b> Sur les images diffus\u00e9es par la VRT, on voit alors des policiers de la brigade d\u2019intervention sp\u00e9ciale de la police d\u2019Anvers, dont les membres sont surnomm\u00e9s les \u00ab\u00a0Rambo\u00a0\u00bb, se pr\u00e9parer \u00e0 intervenir. Ils lancent d\u2019abord un p\u00e9tard assourdissant dans la minuscule pi\u00e8ce. Puis six policiers casqu\u00e9s, portant matraques et boucliers, se pr\u00e9cipitent sur Jonathan Jacob et l\u2019\u00e9crasent de leur poids durant deux minutes pour lui passer des menottes. L\u2019un des policiers lui donne cinq coups de poing, avant que le m\u00e9decin lui injecte un produit calmant.<\/p>\n<div><img decoding=\"async\" title=\"Cette &quot;bavure&quot; choque la Belgique\" alt=\"Cette &quot;bavure&quot; choque la Belgique\" src=\"http:\/\/photo.europe1.fr\/divers\/jonathan-jacob-bavure-explo\/25093135-1-fre-FR\/jonathan-jacob-bavure-explo_scalewidth_460.jpg\" \/><\/div>\n<p>Mais les policiers se rendent alors compte que le jeune homme ne bouge plus. Le m\u00e9decin constate que son c\u0153ur a cess\u00e9 de battre. Il ne parviendra pas \u00e0 le r\u00e9animer. L\u2019autopsie a r\u00e9v\u00e9l\u00e9 que Jonathan Jacob avait succomb\u00e9 \u00e0 une h\u00e9morragie interne provoqu\u00e9e par l\u2019intervention muscl\u00e9e de la police.<\/p>\n<div><img decoding=\"async\" title=\"Cette &quot;bavure&quot; choque la Belgique\" alt=\"Cette &quot;bavure&quot; choque la Belgique\" src=\"http:\/\/photo.europe1.fr\/divers\/jonathan-jacob-bavure-flics2\/25093145-1-fre-FR\/jonathan-jacob-bavure-flics_scalewidth_460.jpg\" \/><\/div>\n<p><b>Une enqu\u00eate interne ?<\/b> La diffusion de ces images a choqu\u00e9 en Belgique. Des syndicats de policiers ainsi que plusieurs d\u00e9put\u00e9s ont demand\u00e9 la saisine <a href=\"http:\/\/www.comitep.be\/FR\/index.asp?ID=Legal\" target=\"_blank\">du \u00ab\u00a0comit\u00e9 P\u00a0\u00bb<\/a>, un organisme de contr\u00f4le des services de police. Un autre d\u00e9put\u00e9 souhaite lui que soit mis en place un \u00ab\u00a0comit\u00e9 J\u00a0\u00bb, qui contr\u00f4lerait la justice, pour savoir pourquoi un magistrat a ordonn\u00e9 l\u2019injection d\u2019un calmant.<\/p>\n<p>D\u00e9but f\u00e9vrier, la justice belge a d\u00e9cid\u00e9 de renvoyer devant le tribunal correctionnel l\u2019ancien directeur et un psychiatre du centre qui avaient refus\u00e9 de prendre en charge Jonathan Jacob, ainsi que le policier soup\u00e7onn\u00e9 d\u2019avoir battu la victime.<\/p>\n<p><a href=\"http:\/\/www.europe1.fr\/International\/Cette-bavure-choque-la-Belgique-1425377\/\">Source<\/a><\/p>\n<header><img decoding=\"async\" class=\"alignright\" alt=\"735067_372142779548584_89325439_n\" src=\"http:\/\/www.egalite.be\/wp-content\/uploads\/2013\/01\/735067_372142779548584_89325439_n.jpg\" width=\"624\" height=\"468\" \/><\/header>\n<h3>Dans le cadre de la Journ\u00e9e Internationale contre les brutalit\u00e9s polici\u00e8res, du vendredi15 mars 2013, \u00c9GALIT\u00c9 organise une rencontre t\u00e9moignage le 01 Mars .<\/h3>\n<p>Aujourd\u2019hui, les flics peuvent bien continuer d\u2019agir comme des vrais cowboys qui semblent \u00eatre au-dessus des droits humains. C\u2019est pourquoi nous devons cr\u00e9er une solidarit\u00e9 plus forte que la leur. Nous devons nous mobilis\u00e9s pour faire avancer la justice et la v\u00e9rit\u00e9. Si nous voulons r\u00e9ellement renverser la vapeur, nous devons le faire pour toutes les victimes de bavures polici\u00e8res; nous lever et mettre fin au silence faire cesser l\u2019impunit\u00e9.<\/p>\n<p>C\u2019est pourquoi, \u00c9GALIT\u00c9 vous invite a venir t\u00e9moigner le Vendredi 01 Mars a 19h00.<br \/>\nPouvez vous me confirmer si vous serez pr\u00e9sent et si vous d\u00e9sirez t\u00e9moignez. 0476\/84.19.69 et\/ou info.egalite@gmail.com et\/ou peace.paix@gmail.com<\/p>\n<blockquote>\n<h3>Ensemble, brisons le silence et d\u00e9non\u00e7ons les abus policiers !<\/h3>\n<h3>APPEL AUX VICTIMES ET AUX FAMILLES DE VIOLENCES POLICI\u00c8RES POUR UNE MOBILISATION CONTRE L\u2019IMPUNIT\u00c9. \u00c0 TOUTES LES VICTIMES DE LA POLICE ET DE LA JUSTICE.<\/h3>\n<\/blockquote>\n<p><strong>Le Vendredi 01 Mars\u00a0 2013 de 19h00 \u00e0 22h00<\/strong><\/p>\n<p><strong>Rue du Chevreuil, 4 \u00e0 1000 Bruxelles<\/strong><\/p>\n<p><strong>Info : Nordine Saidi 0476\/84.19.69 et\/ou <a href=\"mailto:info.egalite@gmail.com\" target=\"_blank\">info.egalite@gmail.com<\/a><\/strong><\/div>\n","protected":false},"excerpt":{"rendered":"<p>Cette \u00ab\u00a0bavure\u00a0\u00bb choque la Belgique Par Marie-Laure Combes avec AFP Publi\u00e9 le 22 f\u00e9vrier 2013 \u00e0 18h47 Mis \u00e0 jour le 22 f\u00e9vrier 2013 \u00e0 19h32 \u00a9 CAPTURE D\u2019ECRAN VRT Une cha\u00eene de t\u00e9l\u00e9vision a diffus\u00e9 les images d\u2019un d\u00e9tenu battu \u00e0 mort par des policiers \u00e0 Anvers. La pol\u00e9mique. Le drame remonte \u00e0 plus &#8230; <a title=\"La Police Belge Assassine . . .\" class=\"read-more\" href=\"https:\/\/bruxelles-pantheres.be\/?p=536\" aria-label=\"En savoir plus sur La Police Belge Assassine . . .\">Lire la suite<\/a><\/p>\n","protected":false},"author":1,"featured_media":352,"comment_status":"open","ping_status":"open","sticky":false,"template":"","format":"standard","meta":{"footnotes":""},"categories":[8,18,5],"tags":[],"class_list":["post-536","post","type-post","status-publish","format-standard","has-post-thumbnail","hentry","category-prisons","category-resistance-bruxelles","category-violence-policiere"],"_links":{"self":[{"href":"https:\/\/bruxelles-pantheres.be\/index.php?rest_route=\/wp\/v2\/posts\/536","targetHints":{"allow":["GET"]}}],"collection":[{"href":"https:\/\/bruxelles-pantheres.be\/index.php?rest_route=\/wp\/v2\/posts"}],"about":[{"href":"https:\/\/bruxelles-pantheres.be\/index.php?rest_route=\/wp\/v2\/types\/post"}],"author":[{"embeddable":true,"href":"https:\/\/bruxelles-pantheres.be\/index.php?rest_route=\/wp\/v2\/users\/1"}],"replies":[{"embeddable":true,"href":"https:\/\/bruxelles-pantheres.be\/index.php?rest_route=%2Fwp%2Fv2%2Fcomments&post=536"}],"version-history":[{"count":1,"href":"https:\/\/bruxelles-pantheres.be\/index.php?rest_route=\/wp\/v2\/posts\/536\/revisions"}],"predecessor-version":[{"id":537,"href":"https:\/\/bruxelles-pantheres.be\/index.php?rest_route=\/wp\/v2\/posts\/536\/revisions\/537"}],"wp:featuredmedia":[{"embeddable":true,"href":"https:\/\/bruxelles-pantheres.be\/index.php?rest_route=\/wp\/v2\/media\/352"}],"wp:attachment":[{"href":"https:\/\/bruxelles-pantheres.be\/index.php?rest_route=%2Fwp%2Fv2%2Fmedia&parent=536"}],"wp:term":[{"taxonomy":"category","embeddable":true,"href":"https:\/\/bruxelles-pantheres.be\/index.php?rest_route=%2Fwp%2Fv2%2Fcategories&post=536"},{"taxonomy":"post_tag","embeddable":true,"href":"https:\/\/bruxelles-pantheres.be\/index.php?rest_route=%2Fwp%2Fv2%2Ftags&post=536"}],"curies":[{"name":"wp","href":"https:\/\/api.w.org\/{rel}","templated":true}]}}