{"id":5375,"date":"2022-11-13T19:28:53","date_gmt":"2022-11-13T18:28:53","guid":{"rendered":"https:\/\/bruxelles-pantheres.be\/?p=5375"},"modified":"2022-11-13T19:28:53","modified_gmt":"2022-11-13T18:28:53","slug":"collections-coloniales-de-restes-humains-la-societe-civile-reclame-detre-associee-au-debat-sur-leur-rapatriement","status":"publish","type":"post","link":"https:\/\/bruxelles-pantheres.be\/?p=5375","title":{"rendered":"Collections coloniales de restes humains : la soci\u00e9t\u00e9 civile r\u00e9clame d\u2019\u00eatre associ\u00e9e au d\u00e9bat sur leur rapatriement"},"content":{"rendered":"<p><strong>Que va faire la Belgique des restes humains, principalement des cr\u00e2nes, qu\u2019elle conserve dans des \u00ab\u00a0collections\u00a0\u00bb mus\u00e9ales constitu\u00e9es durant l\u2019\u00e9poque coloniale\u00a0? Des experts discutent de l\u2019\u00e9ventualit\u00e9 de leur rapatriement depuis plus de trois ans. La diaspora congolaise souhaiterait \u00eatre pleinement associ\u00e9e \u00e0 ce d\u00e9bat \u00e9thique.<\/strong><\/p>\n<p>Michel Bouffioux | Publi\u00e9 le 10 novembre 2022 |\u00a0<!--more--><\/p>\n<div class=\"c-post__resize\">\n<figure style=\"width: 1090px\" class=\"wp-caption aligncenter\"><img decoding=\"async\" class=\"c-post__img c-post__img--hero wp-post-image\" src=\"https:\/\/parismatch.be\/app\/uploads\/2022\/11\/WhatsApp-Image-2022-11-07-%C3%A0-18.20.42-2-1100x715.jpg\" alt=\"Collections coloniales de restes humains\" width=\"1100\" height=\"715\" \/><figcaption class=\"wp-caption-text\">Des activistes de l&rsquo;asbl Change lors d&rsquo;une manifestation devant les tombes des Congolais expos\u00e9s dans un \u00ab\u00a0zoo humain\u00a0\u00bb organis\u00e9 en marge de l&rsquo;Exposition universelle de 1897 \u00e0 Bruxelles. | \u00a9 Change asbl.<\/figcaption><\/figure>\n<\/div>\n<div class=\"c-post__media grid has-gutter\">\n<p>En mars 2018, Paris Match Belgique d\u00e9crivait\u00a0<a class=\"external\" href=\"http:\/\/www.michelbouffioux.be\/lusinga\" target=\"_blank\" rel=\"noopener\">le parcours meurtrier du militaire belge Emile Storms<\/a>\u00a0qui, lors de la conqu\u00eate coloniale du Congo \u00e0 la fin du 19\u00e8me si\u00e8cle, collectionnait les t\u00eates des chefs insoumis qui lui r\u00e9sistaient. Il ramena trois cr\u00e2nes en Belgique dont celui du chef Lusinga. En 1886, ces restes humains furent comment\u00e9s devant la Soci\u00e9t\u00e9 d\u2019Anthropologie de Bruxelles (SAB) o\u00f9 l\u2019on p\u00e9rorait sur la pr\u00e9tendue inf\u00e9riorit\u00e9 de certaines \u00ab races \u00bb. Ensuite ces 3 cr\u00e2nes ont s\u00e9journ\u00e9 au Mus\u00e9e du Congo, l\u2019ancienne appellation du Mus\u00e9e Royal de l\u2019Afrique Centrale (MRAC) o\u00f9 ils firent partie de la collection d\u2019anthropologie anatomique. Notre enqu\u00eate a \u00e9tabli que cette \u00ab\u00a0collection\u00a0\u00bb d\u2019un genre douteux, constitu\u00e9e en partie par des \u00ab\u00a0r\u00e9coltes\u00a0\u00bb de militaires belges au service de l\u2019Etat ind\u00e9pendant du Congo, comptait\u00a0<a href=\"https:\/\/parismatch.be\/actualites\/societe\/144577\/lusinga-et-300-autres-cranes-dafricains-conserves-a-bruxelles-partie-1-un-vieux-registre-du-musee-du-congo\">plusieurs centaines de cr\u00e2nes et de squelettes<\/a>\u00a0provenant d\u2019Afrique centrale. Durant l\u2019\u00e9t\u00e9 1964, cette \u00ab collection \u00bb de Tervuren fut transf\u00e9r\u00e9e au Mus\u00e9e de sciences naturelles de Bruxelles o\u00f9 elle se trouve toujours.<\/p>\n<p>Cette investigation nous a conduit aussi \u00e0 mettre au jour une autre \u00ab\u00a0collection\u00a0\u00bb de cr\u00e2nes rassembl\u00e9s dans des conditions douteuses aux premiers temps de la colonie, lesquels sont conserv\u00e9s\u00a0<a href=\"https:\/\/parismatch.be\/actualites\/societe\/144771\/lusinga-et-300-autres-cranes-dafricains-conserves-a-bruxelles-partie-2-le-pauvre-diable-de-lulb\">dans un laboratoire de l\u2019Universit\u00e9 Libre de Bruxelles (ULB)<\/a>. Ces r\u00e9v\u00e9lations-l\u00e0 d\u00e9bouch\u00e8rent sur un questionnement de la plus grande institution acad\u00e9mique de la capitale qui, en octobre 2020, passa un accord portant sur la\u00a0<a href=\"https:\/\/parismatch.be\/actualites\/societe\/437106\/decolonisation-luniversite-libre-de-bruxelles-va-restituer-des-cranes-aux-congolais\">\u00ab\u00a0cession des droits de conservation\u00a0\u00bb<\/a>\u00a0de ces restes humains avec l\u2019Universit\u00e9 de Lubumbashi.<\/p>\n<figure id=\"attachment_600194\" class=\"wp-caption alignnone\"><img decoding=\"async\" class=\"wp-image-600194 size-full\" src=\"https:\/\/parismatch.be\/app\/uploads\/2022\/11\/CF0I1324.jpg\" sizes=\"(max-width: 3000px) 100vw, 3000px\" srcset=\"https:\/\/parismatch.be\/app\/uploads\/2022\/11\/CF0I1324.jpg 3000w, https:\/\/parismatch.be\/app\/uploads\/2022\/11\/CF0I1324-300x200.jpg 300w, https:\/\/parismatch.be\/app\/uploads\/2022\/11\/CF0I1324-768x512.jpg 768w, https:\/\/parismatch.be\/app\/uploads\/2022\/11\/CF0I1324-1024x683.jpg 1024w, https:\/\/parismatch.be\/app\/uploads\/2022\/11\/CF0I1324-255x170.jpg 255w\" alt=\"\" width=\"3000\" height=\"2000\" \/><figcaption class=\"wp-caption-text\">Le cr\u00e2ne du chef Lusinga, conserv\u00e9 parmi des centaines d\u2019autres dans une \u00ab\u00a0collection\u00a0\u00bb du Mus\u00e9e des sciences naturelles \u00e0 Bruxelles. \u00a9 Ronald Dersin<\/figcaption><\/figure>\n<p>Par contre, le d\u00e9bat relatif \u00e0 toutes les autres d\u00e9pouilles conserv\u00e9es dans diff\u00e9rentes institutions mus\u00e9ales est rest\u00e9 sans r\u00e9ponse v\u00e9ritable du gouvernement f\u00e9d\u00e9ral belge. En novembre 2019, apr\u00e8s\u00a0<a href=\"https:\/\/parismatch.be\/actualites\/societe\/136912\/restes-humains-congolais-six-presidents-de-partis-politiques-belges-unanimes\">quelques d\u00e9clarations d\u2019intentions sans suites concr\u00e8tes<\/a>, les d\u00e9cideurs politiques ont en effet transmis la \u00ab\u00a0patate chaude\u00a0\u00bb \u00e0 un groupe d\u2019experts charg\u00e9 d\u2019\u00ab\u00a0<em>\u00e9valuer l\u2019importance des collections de restes humains<\/em>\u00a0\u00bb et d\u2019aborder les questions juridiques et \u00e9thiques qu\u2019elles impliquent. D\u00e9nomm\u00e9 \u00ab\u00a0Human Remains Origin(s) Multidisciplinary Evaluation (HOME)\u00a0\u00bb, ce panel est constitu\u00e9 de 7 partenaires dont plusieurs sont juges et parties dans ce dossier. A savoir quatre institutions scientifiques f\u00e9d\u00e9rales : l\u2019Institut royal des Sciences naturelles de Belgique (IRSNB) qui est le coordinateur du projet, les Mus\u00e9es royaux d\u2019Art et d\u2019Histoire (RMAH), le Mus\u00e9e royal de l\u2019Afrique centrale (MRAC), le Nationaal Instituut voor Criminalistiek en Criminologie (NICC). Et 3 universit\u00e9s : l\u2019Universit\u00e9 Saint-Louis-Bruxelles, (USL-B), l\u2019Universit\u00e9 Libre de Bruxelles (ULB) et l\u2019Universit\u00e9 de Montr\u00e9al (UdeM).<\/p>\n<p>Dans une note d\u2019intention r\u00e9dig\u00e9e au d\u00e9but de leur travaux, ces experts scientifiques envisageaient tous les scenarios en des termes tr\u00e8s prudents\u00a0: \u00ab\u00a0<em>le rapatriement des restes humains est une question complexe qui suscite de multiples points de vue contradictoires : non restitution, restitution physique ou virtuelle, incorporation dans des collections de mus\u00e9es\/universit\u00e9s \u00e0 l\u2019\u00e9tranger, r\u00e9inhumation, etc. Des arguments scientifiques sont parfois utilis\u00e9s en faveur de la non-restitution, arguant que le rapatriement peut entra\u00eener la perte de donn\u00e9es pour la recherche et les connaissances futures. M\u00eame si les restes humains ne sont pas r\u00e9-enterr\u00e9s, ils peuvent dispara\u00eetre en raison d\u2019une mauvaise conservation ou peuvent m\u00eame \u00eatre vendus. Cependant, le rapatriement peut \u00e9galement \u00eatre tr\u00e8s pr\u00e9cieux sur le plan culturel et \u00e9motionnel.\u00a0\u00bb<\/em><\/p>\n<p>A l\u2019approche de la fin de ses travaux \u2013 dont les conclusions ont \u00e9t\u00e9 plusieurs fois report\u00e9es mais qui devraient \u00eatre remises au gouvernement f\u00e9d\u00e9ral en d\u00e9cembre prochain-, le groupe \u00ab\u00a0Home\u00a0\u00bb est-il en mesure de proposer un avis tranch\u00e9\u00a0? Diff\u00e9rentes sources laissent entendre que la voie d\u2019un futur rapatriement des d\u00e9pouilles sera bel et bien recommand\u00e9e lors de la communication du rapport aux Secr\u00e9taire d\u2019Etat \u00e0 la Politique scientifique annonc\u00e9 pour le mois de d\u00e9cembre. Mais il est bien difficile d\u2019en dire plus \u00e0 ce stade. Nous avons bien contact\u00e9 l\u2019un des experts, mais apr\u00e8s consultation de ses pairs, il nous a \u00e9t\u00e9 dit que<em>\u00a0\u00ab toute communication est pr\u00e9matur\u00e9e\u00a0\u00bb.\u00a0<\/em>Ce manque de transparence regrett\u00e9 par diff\u00e9rentes associations de la diaspora congolaise en Belgique t\u00e9moigne, selon diverses sources de divergences qui persisteraient au sein de groupe d\u2019experts. Par exemple, sur la question de savoir s\u2019il s\u2019agirait de rapatrier tous les restes humains \u00ab\u00a0collect\u00e9s\u00a0\u00bb pendant la p\u00e9riode coloniale ou seulement ceux qui appartiennent \u00e0 des personnes clairement identifi\u00e9es, tel par exemple le cr\u00e2ne du chef Lusinga.<\/p>\n<h2><strong>Sentiment d\u2019instrumentalisation<\/strong><\/h2>\n<p>La question de l\u2019inclusion de la soci\u00e9t\u00e9 civile \u00e0 ces discussions d\u2019experts est aussi un \u00e9l\u00e9ment du d\u00e9bat. Certes, le projet \u00ab\u00a0Home\u00a0\u00bb a pr\u00e9vu d\u2019embl\u00e9e la participation d\u2019acteurs culturels. C\u2019est ainsi que des cin\u00e9astes du \u00ab\u00a0Collectif Faire-Part\u00a0\u00bb et du \u00ab\u00a0Centre d\u2019art Waza\u00a0\u00bb de Lubumbashi ont \u00e9t\u00e9 invit\u00e9s \u00e0 proc\u00e9der \u00e0 multiples entretiens afin de prendre le pouls de la soci\u00e9t\u00e9 civile congolaise. Il en ressort que cette question des restes humains demeure assez m\u00e9connue au Congo, qu\u2019elle provoque un sentiment de stupeur assez compr\u00e9hensible et que le souhait d\u2019un rapatriement domine. Mais, dans le m\u00eame temps, les d\u00e9cideurs politiques congolais n\u2019ont, \u00e0 ce jour, gu\u00e8re pris position dans ce d\u00e9bat \u00e9thique.<\/p>\n<p>A l\u2019inverse, de nombreuses associations de la diaspora congolaise en Belgique (Bakushinta, Belj\u00efk MoJa\u00efk, Change asbl, Intal Congo) expriment un vif souhait d\u2019\u00eatre pleinement associ\u00e9es \u00e0 ces discussions. Lors d\u2019une conf\u00e9rence de presse, le mardi 8 novembre, elles ont exprim\u00e9 leur sentiment d\u2019avoir \u00e9t\u00e9 quelque peu instrumentalis\u00e9 par le Mus\u00e9e Royal de l\u2019Afrique centrale. Ces derniers mois, en effet, ces acteurs de la soci\u00e9t\u00e9 civile ont \u00e9t\u00e9 convi\u00e9s \u00e0 quelques r\u00e9unions portant sur l\u2019avanc\u00e9e du projet \u00ab\u00a0Home\u00a0\u00bb o\u00f9 ils re\u00e7urent quelques informations parcellaires, sans avoir pour autant r\u00e9ellement voix au chapitre. De plus, alors que les travaux du groupe d\u2019experts touchent \u00e0 leur fin, ils re\u00e7urent une invitation \u00e0 formuler leur point de vue dans un document qui devrait \u00eatre joint au rapport final. Ces associations d\u00e9noncent une man\u0153uvre qui vise \u00e0 construire une apparence de co-construction sans qu\u2019il n\u2019y ait eu de v\u00e9ritable inclusion de la soci\u00e9t\u00e9 civile.<\/p>\n<p>Lors de leur conf\u00e9rence de presse, ces associations ont manifest\u00e9 leur regret quant au caract\u00e8re trop peu participatif du projet \u00ab\u00a0Home\u00a0\u00bb, tout en demandant au Secr\u00e9taire d\u2019Etat \u00e0 la politique scientifique de rebattre les cartes. Elles estiment en effet qu\u2019il est crucial de \u00ab<em>\u00a0prolonger le projet Home et de lui allouer les moyens humains et financiers pour que dans un d\u00e9lai d\u2019un an, toutes les victimes soient connues et leur d\u00e9pouille rapatri\u00e9es\u00a0\u00bb\u00a0<\/em>et\u00a0de \u00ab\u00a0<em>de diffuser publiquement l\u2019\u00e9volution du projet durant sa poursuite, tant en Belgique qu\u2019en RDC, au Rwanda et au Burundi\u00a0<\/em>\u00bb afin que le d\u00e9bat se poursuive en toute transparence.<\/p>\n<p>Cette conf\u00e9rence de presse fut pr\u00e9c\u00e9d\u00e9e d\u2019une visite comment\u00e9e des tombes de 7 congolais enterr\u00e9s \u00e0 proximit\u00e9 de l\u2019Africa Mus\u00e9um. Celles de Mamans Sambo et Mpemba, de Papas Ekia, Kitukwa, Midange et Nzau, et de b\u00e9b\u00e9 Juste Bonaventure Langa qui perdirent la vie d\u2019avoir \u00e9t\u00e9 expos\u00e9s tels des animaux dans le \u00ab\u00a0zoo humain\u00a0\u00bb qui fut pr\u00e9sent\u00e9 \u00e0 un public belge en qu\u00eate d\u2019exotisme en marge de l\u2019Exposition universelle de 1897. D\u2019autres d\u00e9pouilles dont les associations repr\u00e9sentatives de la diaspora congolaise souhaitent le rapatriement en terre natale.<\/p>\n<p>Par Michel Bouffioux | Publi\u00e9 le 10 novembre 2022 |<\/p>\n<p><a href=\"https:\/\/parismatch.be\/actualites\/societe\/600156\/collections-coloniales-de-restes-humains-la-societe-civile-reclame-detre-associee-au-debat-sur-leur-rapatriement?fbclid=IwAR2C2xfbk3yssnuDiY3fJhHDxdj85darNIO5FlEzSY5k3jh35RSe776o32k\">Source<\/a><\/p>\n<\/div>\n","protected":false},"excerpt":{"rendered":"<p>Que va faire la Belgique des restes humains, principalement des cr\u00e2nes, qu\u2019elle conserve dans des \u00ab\u00a0collections\u00a0\u00bb mus\u00e9ales constitu\u00e9es durant l\u2019\u00e9poque coloniale\u00a0? Des experts discutent de l\u2019\u00e9ventualit\u00e9 de leur rapatriement depuis plus de trois ans. La diaspora congolaise souhaiterait \u00eatre pleinement associ\u00e9e \u00e0 ce d\u00e9bat \u00e9thique. Michel Bouffioux | Publi\u00e9 le 10 novembre 2022 |\u00a0<\/p>\n","protected":false},"author":1,"featured_media":3681,"comment_status":"open","ping_status":"open","sticky":false,"template":"","format":"standard","meta":{"footnotes":""},"categories":[1,21,36,28],"tags":[80,332,331,277],"class_list":["post-5375","post","type-post","status-publish","format-standard","has-post-thumbnail","hentry","category-non-classe","category-anti-imperialisme","category-europe","category-racismes","tag-congo","tag-lusinga","tag-michel-bouffioux","tag-republique-democratique-du-congo"],"_links":{"self":[{"href":"https:\/\/bruxelles-pantheres.be\/index.php?rest_route=\/wp\/v2\/posts\/5375","targetHints":{"allow":["GET"]}}],"collection":[{"href":"https:\/\/bruxelles-pantheres.be\/index.php?rest_route=\/wp\/v2\/posts"}],"about":[{"href":"https:\/\/bruxelles-pantheres.be\/index.php?rest_route=\/wp\/v2\/types\/post"}],"author":[{"embeddable":true,"href":"https:\/\/bruxelles-pantheres.be\/index.php?rest_route=\/wp\/v2\/users\/1"}],"replies":[{"embeddable":true,"href":"https:\/\/bruxelles-pantheres.be\/index.php?rest_route=%2Fwp%2Fv2%2Fcomments&post=5375"}],"version-history":[{"count":1,"href":"https:\/\/bruxelles-pantheres.be\/index.php?rest_route=\/wp\/v2\/posts\/5375\/revisions"}],"predecessor-version":[{"id":5376,"href":"https:\/\/bruxelles-pantheres.be\/index.php?rest_route=\/wp\/v2\/posts\/5375\/revisions\/5376"}],"wp:featuredmedia":[{"embeddable":true,"href":"https:\/\/bruxelles-pantheres.be\/index.php?rest_route=\/wp\/v2\/media\/3681"}],"wp:attachment":[{"href":"https:\/\/bruxelles-pantheres.be\/index.php?rest_route=%2Fwp%2Fv2%2Fmedia&parent=5375"}],"wp:term":[{"taxonomy":"category","embeddable":true,"href":"https:\/\/bruxelles-pantheres.be\/index.php?rest_route=%2Fwp%2Fv2%2Fcategories&post=5375"},{"taxonomy":"post_tag","embeddable":true,"href":"https:\/\/bruxelles-pantheres.be\/index.php?rest_route=%2Fwp%2Fv2%2Ftags&post=5375"}],"curies":[{"name":"wp","href":"https:\/\/api.w.org\/{rel}","templated":true}]}}