{"id":5383,"date":"2022-11-15T19:05:44","date_gmt":"2022-11-15T18:05:44","guid":{"rendered":"https:\/\/bruxelles-pantheres.be\/?p=5383"},"modified":"2022-11-15T19:05:44","modified_gmt":"2022-11-15T18:05:44","slug":"les-organisations-palestiniennes-a-la-cop27-la-justice-climatique-exige-un-espace-civique-libre","status":"publish","type":"post","link":"https:\/\/bruxelles-pantheres.be\/?p=5383","title":{"rendered":"Les organisations palestiniennes \u00e0 la COP27 : La justice climatique exige un espace civique libre"},"content":{"rendered":"<p>12 novembre | Al-Haq | Traduction J.Ch. pour l\u2019AURDIP |<\/p>\n<p>Alors que la Conf\u00e9rence des Nations Unies sur le Changement Climatique (COP27) \u00e9tait lanc\u00e9e le 6 novembre en \u00c9gypte \u00e0 Sharm El Sheikh, et que les dirigeants, les repr\u00e9sentants des gouvernements et les d\u00e9cideurs politiques du monde entier se r\u00e9unissaient pour n\u00e9gocier la justice climatique, le d\u00e9fenseur des droits de l\u2019homme (HRD) britannico-\u00e9gyptien et prisonnier de conscience, Alaa Abdel Fattah, buvait son dernier verre d\u2019eau dans une prison \u00e9gyptienne apr\u00e8s plus de\u00a0<a class=\"spip_out\" href=\"https:\/\/ishr.ch\/latest-updates\/alaa-abdel-fattahs-life-at-serious-risk-demand-egypt-to-immediately-release-him-now\/\" target=\"_blank\" rel=\"external noopener\">200 jours<\/a>\u00a0d\u2019une gr\u00e8ve partielle de la faim. S\u2019il n\u2019est pas lib\u00e9r\u00e9, Alaa mourra avant la fin de la COP27.<!--more--><\/p>\n<p><img decoding=\"async\" class=\"aligncenter\" src=\"https:\/\/www.aurdip.org\/local\/adapt-img\/640\/10x\/IMG\/arton4847.jpg?1668238663\" \/><\/p>\n<div class=\"main\">\n<div class=\"texte\">\n<p>Les organisations palestiniennes soussign\u00e9es insistent sur le caract\u00e8re indissociable de la lutte pour la justice climatique et les droits de l\u2019homme, la justice sociale et les luttes pour l\u2019autod\u00e9termination et la libert\u00e9. Nous exigeons par cons\u00e9quent que les \u00c9tats placent les droits de l\u2019homme et les libert\u00e9s aux c\u0153ur de leurs n\u00e9gociations \u00e0 la COP27 pour permettre un v\u00e9ritable sommet mondial ouvert \u00e0 tous. Nous joignons nos voix aux voix qui, dans le monde entier, appellent \u00e0 la lib\u00e9ration imm\u00e9diate d\u2019Alaa Abd El Fattah et de tous les prisonniers \u00e9gyptiens, palestiniens et politiques \u00e0 travers le monde, arr\u00eat\u00e9s et d\u00e9tenus arbitrairement uniquement parce qu\u2019ils exercent leurs droits fondamentaux.<\/p>\n<p>La justice climatique ne peut pas \u00eatre s\u00e9par\u00e9e des droits de l\u2019homme. D\u2019une part, le changement climatique\u00a0<a class=\"spip_out\" href=\"https:\/\/www.ohchr.org\/en\/statements\/2022\/11\/cop27-urgent-need-respect-human-rights-all-climate-change-action-say-un-experts\" target=\"_blank\" rel=\"external noopener\">affecte<\/a>\u00a0de mani\u00e8re significative la jouissance des droits fondamentaux, dont le droit \u00e0 une eau et des aliments sains et suffisants, le droit \u00e0 la sant\u00e9, \u00e0 un logement et une \u00e9ducation convenables, ainsi que le droit au d\u00e9veloppement et \u00e0 l\u2019autod\u00e9termination. D\u2019autre part, ce sont les r\u00e9gimes mondiaux de colonialisme, de n\u00e9olib\u00e9ralisme, d\u2019occupation, de discrimination raciale et d\u2019autoritarisme qui violent et privent les gens de leurs droits fondamentaux, dont les droits politiques, civils et socio-\u00e9conomiques, leur droit \u00e0 l\u2019autod\u00e9termination, leur droit \u00e0 l\u2019enti\u00e8re souverainet\u00e9 sur leurs terres et leurs ressources naturelles, constituant ainsi un moteur essentiel de la crise climatique.<\/p>\n<p>En m\u00eame temps, \u00e0 l\u2019avant-garde du mouvement pour la justice climatique, on trouve les peuples indig\u00e8nes, les mouvements populaires pour la justice sociale, les organisations de la soci\u00e9t\u00e9 civile et les d\u00e9fenseurs des droits de l\u2019homme, dont les d\u00e9fenseurs des droits \u00e0 un environnement sain, comme cela a \u00e9t\u00e9 soulign\u00e9 par le Rapporteur Sp\u00e9cial de l\u2019ONU sur les Droits \u00e0 la Libert\u00e9 de Rassemblement Pacifique et d\u2019Association.<span class=\"spip_note_ref\">\u00a0[<a id=\"nh1\" class=\"spip_note\" title=\"UNGA, \u00ab Exercice des droits \u00e0 la libert\u00e9 de r\u00e9union pacifique et d\u2019association\u00a0(...)\" href=\"https:\/\/www.aurdip.org\/les-organisations-palestiniennes-a.html#nb1\" rel=\"appendix\">1<\/a>]<\/span>\u00a0En vertu du droit international des droits de l\u2019homme, les \u00c9tats sont tenus de s\u2019abstenir d\u2019appliquer des lois et de s\u2019engager dans des pratiques qui perturbent l\u2019exercice des droits \u00e0 la libert\u00e9 de r\u00e9union pacifique et d\u2019association, et doivent par ailleurs promouvoir un environnement propice \u00e0 l\u2019exercice de ces droits.<span class=\"spip_note_ref\">\u00a0[<a id=\"nh2\" class=\"spip_note\" title=\"Ibid.\" href=\"https:\/\/www.aurdip.org\/les-organisations-palestiniennes-a.html#nb2\" rel=\"appendix\">2<\/a>]<\/span>\u00a0Les \u00c9tats sont \u00e9galement tenus de respecter le droit collectif \u00e0 l\u2019autod\u00e9termination des peuples, y compris leur droit \u00e0 d\u00e9terminer librement leur statut politique et \u00e0 poursuivre librement leur d\u00e9veloppement \u00e9conomique, social et culturel, et leur droit \u00e0 une totale souverainet\u00e9 sur leurs ressources et leurs richesses naturelles.<span class=\"spip_note_ref\">\u00a0[<a id=\"nh3\" class=\"spip_note\" title=\"Article 1 commun au Pacte International sur les Droits Civils et Politiques\u00a0(...)\" href=\"https:\/\/www.aurdip.org\/les-organisations-palestiniennes-a.html#nb3\" rel=\"appendix\">3<\/a>]<\/span>\u00a0Par ailleurs, et la Convention Cadre de l\u2019ONU sur le Changement Climatique, et l\u2019Accord de Paris obligent les \u00c9tats Parties \u00e0 faciliter la participation du public \u00e0 la question du changement climatique.<span class=\"spip_note_ref\">\u00a0[<a id=\"nh4\" class=\"spip_note\" title=\"Convention Cadre de l\u2019ONU sur le Changement Climatique, art. 6 ; Accord de\u00a0(...)\" href=\"https:\/\/www.aurdip.org\/les-organisations-palestiniennes-a.html#nb4\" rel=\"appendix\">4<\/a>]<\/span><\/p>\n<p>Malheureusement, au lieu d\u2019encourager le combat pour la justice, dont la lutte pour la justice climatique, de nombreux \u00c9tats ont viol\u00e9 les droits et libert\u00e9s des d\u00e9fenseurs des droits de l\u2019homme et de la soci\u00e9t\u00e9 civile avec des agressions physiques, des meurtres, des campagnes de d\u00e9nigrement, des restrictions sur les r\u00e9unions pacifiques, des arrestations arbitraires, de la criminalisation, du harc\u00e8lement judiciaire et de la surveillance.<span class=\"spip_note_ref\">\u00a0[<a id=\"nh5\" class=\"spip_note\" title=\"AGNU, \u00ab Exercice des droits \u00e0 la libert\u00e9 de r\u00e9union pacifique et d\u2019association\u00a0(...)\" href=\"https:\/\/www.aurdip.org\/les-organisations-palestiniennes-a.html#nb5\" rel=\"appendix\">5<\/a>]<\/span>\u00a0Dans des contextes coloniaux et autoritaires, des \u00c9tats se sont appuy\u00e9s sur des lois antiterroristes et des pr\u00e9textes s\u00e9curitaires pour ce genre de violations. Ces actions r\u00e9pressives ne contreviennent pas seulement au droit international des droits de l\u2019homme, elles incarnent aussi les r\u00e9gimes mondiaux d\u2019oppression qui veulent maintenir le statu quo pour \u00e9tendre leur domination coloniale, leurs pouvoirs et leur profit.<\/p>\n<p>En septembre 2021, Alaa Abdel Fattah a \u00e9crit depuis sa cellule en prison\u00a0:\u00a0<i>\u00ab\u00a0J\u2019ai fait quatre gr\u00e8ves de la faim \u2026 et \u00e0 chaque fois, je me rappelle la gr\u00e8ve des captifs palestiniens.\u00a0<a class=\"spip_out\" href=\"https:\/\/www.madamasr.com\/en\/2021\/09\/16\/opinion\/u\/palestine-on-my-mind\/\" target=\"_blank\" rel=\"external noopener\">La Palestine est toujours dans mes pens\u00e9es<\/a>\u2026 Un captif a-t-il le droit de demander de l\u2019aide \u00e0 l\u2019assi\u00e9g\u00e9\u00a0? Je sais que ces questions sont la preuve de mon \u00e2ge, mais je suis un Arabe et la Palestine est toujours dans mes pens\u00e9es. Et, pour ma d\u00e9fense, je dirai que j\u2019ai refus\u00e9 d\u2019\u00eatre humili\u00e9 dans mon pays, et que je n\u2019ai jamais abaiss\u00e9 mes banni\u00e8res, et qu\u2019on devrait retenir le fait que je me suis tenu debout face \u00e0 mes oppresseurs\u00a0: un orphelin, nu et nu-pieds, et ma consolation, c\u2019est que la trag\u00e9die que je vis n\u2019est que ma part de la v\u00f4tre. Je vous crie\u00a0: vous \u00eates toujours dans mes pens\u00e9es.\u00a0\u00bb<\/i>\u00a0Les organisations soussign\u00e9es redisent que la libert\u00e9 en Palestine ne sera pas compl\u00e8te sans la libert\u00e9 de tous les peules qui vivent sous des r\u00e9gimes de colonialisme, d\u2019occupation, de discrimination raciale et d\u2019autoritarisme.<\/p>\n<p><strong>Les Organisations et R\u00e9seaux de la Soci\u00e9t\u00e9 Civile Palestinienne soussign\u00e9es\u00a0<\/strong>\u00a0:<\/p>\n<ol class=\"spip\">\n<li>Addameer, Association de D\u00e9fense des Prisonniers et des Droits de l\u2019Homme<\/li>\n<li>Al-Haq, le Droit au Service de l\u2019Homme<\/li>\n<li>Le Centre de D\u00e9fense des Libert\u00e9s et des Droits Civils \u00ab\u00a0HURRYYAT\u00a0\u00bb<\/li>\n<li>D\u00e9fense des Enfants International \u2013 Palestine<\/li>\n<li>Comit\u00e9 National BDS palestinien (BNC)<\/li>\n<li>Coalition Civique pour les Droits des Palestiniens de J\u00e9rusalem<\/li>\n<li>L\u2019Initiative palestinienne pour la Promotion d\u2019un Dialogue et d\u2019une D\u00e9mocratie Mondiales \u2013 MIFTAH<\/li>\n<li>L\u2019Institut de Palestine pour la Diplomatie Publique<\/li>\n<li>Le R\u00e9seau des ONG Palestiniennes (PNGO)<\/li>\n<li>Le Centre des Femmes pour le Soutien et les Conseils Juridiques<\/li>\n<li>MAKAN<\/li>\n<li>Union des Comit\u00e9s de Travailleurs Agricoles (UAWC)<\/li>\n<\/ol>\n<\/div>\n<\/div>\n<footer>\n<div class=\"notes\">\n<div id=\"nb1\">\n<p><span class=\"spip_note_ref\">[<a class=\"spip_note\" title=\"Notes 1\" href=\"https:\/\/www.aurdip.org\/les-organisations-palestiniennes-a.html#nh1\" rev=\"appendix\">1<\/a>]\u00a0<\/span>UNGA, \u00ab\u00a0Exercice des droits \u00e0 la libert\u00e9 de r\u00e9union pacifique et d\u2019association en tant que part essentielle du progr\u00e8s de la justice climatique\u00a0\u00bb UN Doc A\/76\/222.<\/p>\n<\/div>\n<div id=\"nb2\">\n<p><span class=\"spip_note_ref\">[<a class=\"spip_note\" title=\"Notes 2\" href=\"https:\/\/www.aurdip.org\/les-organisations-palestiniennes-a.html#nh2\" rev=\"appendix\">2<\/a>]\u00a0<\/span><i>Ibid.<\/i><\/p>\n<\/div>\n<div id=\"nb3\">\n<p><span class=\"spip_note_ref\">[<a class=\"spip_note\" title=\"Notes 3\" href=\"https:\/\/www.aurdip.org\/les-organisations-palestiniennes-a.html#nh3\" rev=\"appendix\">3<\/a>]\u00a0<\/span>Article 1 commun au Pacte International sur les Droits Civils et Politiques et au Pacte International sur les Droits \u00c9conomiques, Sociaux et Culturels.<\/p>\n<\/div>\n<div id=\"nb4\">\n<p><span class=\"spip_note_ref\">[<a class=\"spip_note\" title=\"Notes 4\" href=\"https:\/\/www.aurdip.org\/les-organisations-palestiniennes-a.html#nh4\" rev=\"appendix\">4<\/a>]\u00a0<\/span>Convention Cadre de l\u2019ONU sur le Changement Climatique, art. 6\u00a0; Accord de Paris, articles 7 et 12.<\/p>\n<\/div>\n<div id=\"nb5\">\n<p><span class=\"spip_note_ref\">[<a class=\"spip_note\" title=\"Notes 5\" href=\"https:\/\/www.aurdip.org\/les-organisations-palestiniennes-a.html#nh5\" rev=\"appendix\">5<\/a>]\u00a0<\/span>AGNU, \u00ab\u00a0Exercice des droits \u00e0 la libert\u00e9 de r\u00e9union pacifique et d\u2019association en tant qu\u2019essentielle pour faire progresser la justice climatique\u00a0\u00bb (23 juillet 2021) UN Doc A\/76\/222.<\/p>\n<p><a href=\"https:\/\/www.aurdip.org\/les-organisations-palestiniennes-a.html\">SOURCE<\/a><\/p>\n<\/div>\n<\/div>\n<\/footer>\n","protected":false},"excerpt":{"rendered":"<p>12 novembre | Al-Haq | Traduction J.Ch. pour l\u2019AURDIP | Alors que la Conf\u00e9rence des Nations Unies sur le Changement Climatique (COP27) \u00e9tait lanc\u00e9e le 6 novembre en \u00c9gypte \u00e0 Sharm El Sheikh, et que les dirigeants, les repr\u00e9sentants des gouvernements et les d\u00e9cideurs politiques du monde entier se r\u00e9unissaient pour n\u00e9gocier la justice climatique, &#8230; <a title=\"Les organisations palestiniennes \u00e0 la COP27 : La justice climatique exige un espace civique libre\" class=\"read-more\" href=\"https:\/\/bruxelles-pantheres.be\/?p=5383\" aria-label=\"En savoir plus sur Les organisations palestiniennes \u00e0 la COP27 : La justice climatique exige un espace civique libre\">Lire la suite<\/a><\/p>\n","protected":false},"author":1,"featured_media":5384,"comment_status":"open","ping_status":"open","sticky":false,"template":"","format":"standard","meta":{"footnotes":""},"categories":[21,36,6,8],"tags":[44],"class_list":["post-5383","post","type-post","status-publish","format-standard","has-post-thumbnail","hentry","category-anti-imperialisme","category-europe","category-palestine-moyen-orient","category-prisons","tag-ecologie"],"_links":{"self":[{"href":"https:\/\/bruxelles-pantheres.be\/index.php?rest_route=\/wp\/v2\/posts\/5383","targetHints":{"allow":["GET"]}}],"collection":[{"href":"https:\/\/bruxelles-pantheres.be\/index.php?rest_route=\/wp\/v2\/posts"}],"about":[{"href":"https:\/\/bruxelles-pantheres.be\/index.php?rest_route=\/wp\/v2\/types\/post"}],"author":[{"embeddable":true,"href":"https:\/\/bruxelles-pantheres.be\/index.php?rest_route=\/wp\/v2\/users\/1"}],"replies":[{"embeddable":true,"href":"https:\/\/bruxelles-pantheres.be\/index.php?rest_route=%2Fwp%2Fv2%2Fcomments&post=5383"}],"version-history":[{"count":1,"href":"https:\/\/bruxelles-pantheres.be\/index.php?rest_route=\/wp\/v2\/posts\/5383\/revisions"}],"predecessor-version":[{"id":5385,"href":"https:\/\/bruxelles-pantheres.be\/index.php?rest_route=\/wp\/v2\/posts\/5383\/revisions\/5385"}],"wp:featuredmedia":[{"embeddable":true,"href":"https:\/\/bruxelles-pantheres.be\/index.php?rest_route=\/wp\/v2\/media\/5384"}],"wp:attachment":[{"href":"https:\/\/bruxelles-pantheres.be\/index.php?rest_route=%2Fwp%2Fv2%2Fmedia&parent=5383"}],"wp:term":[{"taxonomy":"category","embeddable":true,"href":"https:\/\/bruxelles-pantheres.be\/index.php?rest_route=%2Fwp%2Fv2%2Fcategories&post=5383"},{"taxonomy":"post_tag","embeddable":true,"href":"https:\/\/bruxelles-pantheres.be\/index.php?rest_route=%2Fwp%2Fv2%2Ftags&post=5383"}],"curies":[{"name":"wp","href":"https:\/\/api.w.org\/{rel}","templated":true}]}}