{"id":54,"date":"2009-04-27T01:44:59","date_gmt":"2009-04-27T00:44:59","guid":{"rendered":"https:\/\/bruxelles-pantheres.be\/?p=54"},"modified":"2013-11-09T22:46:28","modified_gmt":"2013-11-09T21:46:28","slug":"bruxelles-mal-geree-son-seul-destin-de-chancre-social","status":"publish","type":"post","link":"https:\/\/bruxelles-pantheres.be\/?p=54","title":{"rendered":"Bruxelles mal g\u00e9r\u00e9e, son seul destin de chancre social !"},"content":{"rendered":"<p><small>27 avril 2009 <\/small><\/p>\n<p>\u00ab\u00a0Face \u00e0 son futur avec peu de citoyens bruxellois restants et europ\u00e9ens, Bruxelles accuse un lourd d\u00e9ficit sur trois points: elle n\u2019est pas un mod\u00e8le de ville durable, elle n\u2019est pas un vrai lieu de dialogue interculturel, et n\u2019offre pas des chances d\u2019avenir \u00e0 tous ceux qui y vivent, constate la \u00ab\u00a0plate-forme de la soci\u00e9t\u00e9 civile bruxelloise\u00a0\u00bb<!--more--><\/p>\n<p>\u00ab Bruxelles doit \u00eatre g\u00e9r\u00e9e autrement \u00bb n\u2019est pas une revendication nouvelle m\u00eame si \u00e9mise par une plate-forme spontan\u00e9e d\u2019une partie de la soci\u00e9t\u00e9 civile entre novembre 2008 et avril 2009, durant une cinquantaine d\u2019heures de 18 conf\u00e9rences-d\u00e9bats citoyens encadr\u00e9s par une cinquantaine de scientifiques de L\u2019ULB, Saint-Louis et la VUB et qui se revendique de constituer les forces vives bruxelloises sans imposer quoi que ce soit aux d\u00e9cideurs politiques d\u00e9faillants dans ces revendications pourtant de longue haleine.<\/p>\n<p>La plate-forme de la soci\u00e9t\u00e9 civile bruxelloise n\u2019a toutefois pas r\u00e9ussi \u00e0 toucher le public des ressortissants de l\u2019Union europ\u00e9enne et la population immigr\u00e9e de la capitale qui repr\u00e9sente 40 pc de sa population, ce qui met en \u00e9vidence l\u2019inexistence de dialogue entre les communaut\u00e9s qui doivent cohabiter et donc malheureusement sans avenir r\u00e9el !<\/p>\n<p>Une initiative qui a le m\u00e9rite d\u2019exister et de soulever probablement une pol\u00e9mique grandissante qui se nourrira autour de cette synth\u00e8se des rapports scientifiques en pr\u00e9sence, mais dont rien ne changera sans la motivation urgente d\u2019une intervention des \u00e9lus qui semble \u00ab\u00a0gel\u00e9e au frigo\u00a0\u00bb les interventions sociales n\u00e9cessaires et abondantes de Bruxelles en mati\u00e8re de d\u00e9veloppement \u00e9conomique et de cr\u00e9ation d\u2019emploi pour cette densification de population bruxelloise demeurant sans avenir (40% de la population).<\/p>\n<p>Aucune r\u00e9ponse concr\u00e8te \u00e0 ce jour d\u2019aucun parti bruxellois sur le \u00ab\u00a0comment faire maintenant\u00a0\u00bb et qui se situe toujours au stade des r\u00e9flexions, pendant ce temps le gouffre b\u00e9ant du d\u00e9ficit social ne s\u2019ouvre sans perspective d\u2019aucun moyen financier suppl\u00e9mentaire?<br \/>\nLe Bureau du Plan pr\u00e9voit jusqu\u2019\u00e0 150 000 nouveaux habitants \u00e0 l\u2019horizon 2020. Comment va-t-on pouvoir r\u00e9ussir ce \u00ab\u00a0city-boom\u00a0\u00bb de mani\u00e8re durable ? Comment loger les nouveaux-venus ? Mais aussi comment les scolariser ? O\u00f9 trouver le travail (s\u2019il y a du travail pour tout le monde) ?<\/p>\n<p>Des enjeux qui am\u00e8nent de nombreuses questions, alors que le contexte actuel des enjeux soci\u00e9taux n\u2019a toujours aucune r\u00e9solution ne f\u00fbt qu\u2019en mati\u00e8re de ch\u00f4mage.<br \/>\nUne plate-forme de discussion \u00e0 Bruxelles est valable, mais pas suffisante m\u00eame s\u2019il s\u2019agit d\u2019un processus d\u00e9mocratique mobilisateur in\u00e9dit qui aurait d\u00fb toucher tous les habitants par voie d\u2019enqu\u00eate publique sur les possibilit\u00e9s de changement pour Bruxelles ; cette d\u00e9marche de 2.600 personnes non repr\u00e9sentatives de la population bruxelloise enti\u00e8re et hors immigration n\u2019aura rien apport\u00e9 de nouveau sur les r\u00e9actions risqu\u00e9es des Bruxellois m\u00eame si toute la population bruxelloise avait \u00e9t\u00e9 interpel\u00e9e \u00e0 ce sujet, ce qui n\u2019est pas le cas !<\/p>\n<p>\u00ab\u00a0Il y a le feu\u00a0\u00bb \u00e0 Bruxelles surtout par sa proportion de surpopulation pr\u00e9caris\u00e9e d\u2019origine non belge, la situation a mis le temps de s\u2019installer progressivement sans r\u00e9action aucune sinon que qualifi\u00e9e d\u2019extr\u00e9miste, il y e\u00fbt eu l\u2019\u00e9poque \u00ab\u00a0Nolsienne\u00a0\u00bb avec la mont\u00e9e de l\u2019extr\u00eame droite du FN et du Vlaams Blok tr\u00e8s vite contrecarr\u00e9e par la loi Moureaux (PS) contre le racisme, imposant l\u2019immigration ind\u00e9finie et illimit\u00e9e dans le temps dont l\u2019explosion d\u00e9mographique bruxelloise actuelle mais sans aucun outil d\u2019insertion pr\u00e9vu par le travail en quantit\u00e9 appr\u00e9ciable.<\/p>\n<p>L\u2019effet de la saturation d\u2019immigr\u00e9s non europ\u00e9ens dans bons nombres communes sur les 19 et sur \u00e0 peine trois d\u00e9cennies, en remplacement d\u2019une population autochtone bourgeoise et ouvri\u00e8re d\u2019origine \u00ab\u00a0contributive et prosp\u00e8re\u00a0\u00bb, d\u2019une \u00e9poque devenue tr\u00e8s vite r\u00e9volue, ayant d\u00fb s\u2019exiler dans les autres r\u00e9gions pour des besoins s\u00e9curitaires tellement l\u2019int\u00e9gration de ces populations constituent un \u00e9chec d\u2019ailleurs d\u00e9noncer par le d\u00e9put\u00e9 MR Daniel Ducarme ; les probl\u00e9matiques de ville concentrationnaire comme Bruxelles des questions typiques de pr\u00e9carisation se sont d\u00e9ploy\u00e9es surtout en mati\u00e8re d\u2019enseignement ( la sonnette d\u2019alarme est d\u00e9j\u00e0 tir\u00e9e), de logement, de mobilit\u00e9 et de relation de cohabitation avec les voisins culturellement diff\u00e9rents, la fracture sociale s\u2019approfondit: les \u00e9lus de demain devront agir pour que la R\u00e9gion-capitale ne se mette pas dans une \u00ab\u00a0situation hors contr\u00f4le\u00a0\u00bb, c\u2019est ce qu\u2019affirme l\u2019organisateur de cette plate-forme, Alain Deneef, au terme des \u00e9tats g\u00e9n\u00e9raux de Bruxelles, organisme non repr\u00e9sentatif au Gouvernement bruxellois.<\/p>\n<p>Il est moins cinq pour le destin de Bruxelles est une lapalissade de plus qui ne surprendra aucun Bruxellois autochtone, car la grande particularit\u00e9 de nos gestionnaires de grande ville comme la Capitale bruxelloise s\u2019est de toujours intervenir lorsqu\u2019il est trop tard, d\u2019aucuns diront qu\u2019il est toujours temps d\u2019ex\u00e9cuter quelque chose dans l\u2019urgence, mais nos politiciens multi partis, mauvais gestionnaires de la Ville et n\u2019\u00e9tant pr\u00e9occup\u00e9 que par le plein des voix \u00e9lectorales pour leurs r\u00e9\u00e9lections (CDH, le PS Bruxellois \u00e0 plus de 30% de candidats d\u2019origine \u00e9trang\u00e8re sur ses listes), ne semblent pas \u00eatre conscient de ce qu\u2019ils ont fait de Bruxelles depuis l\u2019implantation des institutions europ\u00e9ennes et des vagues successives de l\u2019immigration non europ\u00e9enne qui s\u2019est substitu\u00e9e \u00e0 une bonne part de sa population bruxelloise, essentiellement une population n\u2019ayant d\u2019autres moyens que d\u2019\u00eatre assist\u00e9e, n\u2019accomplissant que peu de retour voire aucun \u00e9change envers la R\u00e9gion bruxelloise d\u2019accueil.<\/p>\n<p>Une ghetto\u00efsation de groupes d\u2019appartenance ethnique diff\u00e9rente qui constitue notre soci\u00e9t\u00e9 multiculturelle impos\u00e9e sans aucun choix des \u00e9lecteurs bruxellois et sans mesures des cons\u00e9quences d\u2019avenir, la Ville est envahie d\u2019 \u00ab un mal-\u00eatre social \u00bb de toute part d\u00e9j\u00e0 difficilement assimilable par manque de solutions et pour les Bruxellois, pour les europ\u00e9ens qui viennent s\u2019installer en dehors des eurocrates et des non europ\u00e9ens dont le taux d\u2019installation se poursuit encore aujourd\u2019hui d\u2019une fa\u00e7on effr\u00e9n\u00e9e, car Bruxelles est aussi enclav\u00e9e entre les deux autres R\u00e9gions qui manipulent en tout sens et pour leurs profits \u00e9conomiques concevables tous les gros moyens financiers qui pourraient intervenir pour le d\u00e9veloppement de la R\u00e9gion bruxelloise cependant sous-financ\u00e9e, mais devant r\u00e9pondre \u00e0 des exigences sociales sans pr\u00e9c\u00e9dent pour l\u2019avenir proche.<\/p>\n<p>Comment faire s\u2019il n\u2019y a aucune limitation de l\u2019immigration raisonn\u00e9e \u00e0 bon escient en fonction des crit\u00e8res essentiellement d\u2019avenir \u00e9conomique et non des facilit\u00e9s sociales ?<br \/>\nVouloir reporter les probl\u00e8mes sur les r\u00e9gions avoisinantes serait report\u00e9 le probl\u00e8me sur les voisins (le projet d\u2019Hinterland bruxellois) et d\u2019appauvrir, de modifier sans doute la qualit\u00e9 de vie retrouv\u00e9e loin de la concentration de la population urbaine de la Ville inadapt\u00e9e au mode de vie de nos Bruxellois europ\u00e9ens, je pense en v\u00e9rit\u00e9 qu\u2019il faut accepter de poser des limites au d\u00e9veloppement d\u2019une ville comme Bruxelles qui n\u2019\u00e9tait initialement pas pr\u00e9vue en tant que telle, plut\u00f4t que de satisfaire en nombre pour r\u00e9pondre aux attentes \u00e9lectorales politiciennes et ne vaut-il pas mieux de sauver primordialement la qualit\u00e9 de vie de tous ?<\/p>\n<p>http:\/\/www.lesoir.be\/regions\/bruxelles\/il-y-a-le-feu-a-bruxelles-2009-04-25-702966.shtml<\/p>\n<p><a href=\"http:\/\/www.lalibre.be\/actu\/belgique\/article\/498097\/il-est-moins-cinq-pour-le-destin-de-bruxelles.htm\">http:\/\/www.lalibre.be\/actu\/belgique\/article\/498097\/il-est-moins-cinq-pour-le-destin-de-bruxelles.htm<\/a>l<br \/>\n<a href=\"http:\/\/www.rtbf.be\/info\/il-est-plus-plus-que-temps-dagir-pour-le-destin-de-bruxelles-e-generaux-102530\">http:\/\/www.rtbf.be\/info\/il-est-plus-plus-que-temps-dagir-pour-le-destin-de-bruxelles-e-generaux-102530<\/a><\/p>\n","protected":false},"excerpt":{"rendered":"<p>27 avril 2009 \u00ab\u00a0Face \u00e0 son futur avec peu de citoyens bruxellois restants et europ\u00e9ens, Bruxelles accuse un lourd d\u00e9ficit sur trois points: elle n\u2019est pas un mod\u00e8le de ville durable, elle n\u2019est pas un vrai lieu de dialogue interculturel, et n\u2019offre pas des chances d\u2019avenir \u00e0 tous ceux qui y vivent, constate la \u00ab\u00a0plate-forme &#8230; <a title=\"Bruxelles mal g\u00e9r\u00e9e, son seul destin de chancre social !\" class=\"read-more\" href=\"https:\/\/bruxelles-pantheres.be\/?p=54\" aria-label=\"En savoir plus sur Bruxelles mal g\u00e9r\u00e9e, son seul destin de chancre social !\">Lire la suite<\/a><\/p>\n","protected":false},"author":1,"featured_media":52,"comment_status":"open","ping_status":"open","sticky":false,"template":"","format":"standard","meta":{"footnotes":""},"categories":[20],"tags":[14],"class_list":["post-54","post","type-post","status-publish","format-standard","has-post-thumbnail","hentry","category-logement","tag-bruxelles"],"_links":{"self":[{"href":"https:\/\/bruxelles-pantheres.be\/index.php?rest_route=\/wp\/v2\/posts\/54","targetHints":{"allow":["GET"]}}],"collection":[{"href":"https:\/\/bruxelles-pantheres.be\/index.php?rest_route=\/wp\/v2\/posts"}],"about":[{"href":"https:\/\/bruxelles-pantheres.be\/index.php?rest_route=\/wp\/v2\/types\/post"}],"author":[{"embeddable":true,"href":"https:\/\/bruxelles-pantheres.be\/index.php?rest_route=\/wp\/v2\/users\/1"}],"replies":[{"embeddable":true,"href":"https:\/\/bruxelles-pantheres.be\/index.php?rest_route=%2Fwp%2Fv2%2Fcomments&post=54"}],"version-history":[{"count":3,"href":"https:\/\/bruxelles-pantheres.be\/index.php?rest_route=\/wp\/v2\/posts\/54\/revisions"}],"predecessor-version":[{"id":149,"href":"https:\/\/bruxelles-pantheres.be\/index.php?rest_route=\/wp\/v2\/posts\/54\/revisions\/149"}],"wp:featuredmedia":[{"embeddable":true,"href":"https:\/\/bruxelles-pantheres.be\/index.php?rest_route=\/wp\/v2\/media\/52"}],"wp:attachment":[{"href":"https:\/\/bruxelles-pantheres.be\/index.php?rest_route=%2Fwp%2Fv2%2Fmedia&parent=54"}],"wp:term":[{"taxonomy":"category","embeddable":true,"href":"https:\/\/bruxelles-pantheres.be\/index.php?rest_route=%2Fwp%2Fv2%2Fcategories&post=54"},{"taxonomy":"post_tag","embeddable":true,"href":"https:\/\/bruxelles-pantheres.be\/index.php?rest_route=%2Fwp%2Fv2%2Ftags&post=54"}],"curies":[{"name":"wp","href":"https:\/\/api.w.org\/{rel}","templated":true}]}}