{"id":5406,"date":"2022-12-02T17:58:22","date_gmt":"2022-12-02T16:58:22","guid":{"rendered":"https:\/\/bruxelles-pantheres.be\/?p=5406"},"modified":"2023-08-23T19:52:59","modified_gmt":"2023-08-23T18:52:59","slug":"communique-de-presse-bruxelles-pantheres-sauvage-ath-exclus-de-lunesco","status":"publish","type":"post","link":"https:\/\/bruxelles-pantheres.be\/?p=5406","title":{"rendered":"Communiqu\u00e9 de presse Bruxelles Panth\u00e8res \u2013 Ducasse d&rsquo;Ath exclue de l\u2019Unesco"},"content":{"rendered":"<p style=\"font-weight: 400;\">En septembre 2018, Bruxelles Panth\u00e8res d\u00e9couvrait l\u2019existence du \u00ab\u00a0sauvage d\u2019Ath\u00a0\u00bb gr\u00e2ce aux organisateurs de la \u00ab\u00a0sortie des n\u00e8gres\u00a0\u00bb \u00e0 Lessines.<\/p>\n<p style=\"font-weight: 400;\">En 2019, Bruxelles Panth\u00e8res a \u00e9crit \u00e0 l\u2019Unesco pour exiger qu\u2019elle demande le retrait du personnage n\u00e9grophobe et qu\u2019en cas de refus des organisateurs, la Ducasse soit retir\u00e9e de la liste du patrimoine culturel immat\u00e9riel de l\u2019Unesco (PCI).<\/p>\n<p style=\"font-weight: 400;\">En 2019, notre repr\u00e9sentant a \u00e9t\u00e9 escort\u00e9 par la police hors de la ville d\u2019Ath pendant que les militants du groupuscule raciste \u00ab\u00a0Nation\u00a0\u00bb pouvaient tranquillement d\u00e9ambuler dans la ville.<\/p>\n<p style=\"font-weight: 400;\">En 2020 et 2021, la Ducasse n\u2019a pas eu lieu pour cause de pand\u00e9mie.<\/p>\n<p style=\"font-weight: 400;\">En 2022, Bruxelles Panth\u00e8res a \u00e9crit une nouvelle fois \u00e0 l\u2019Unesco pour r\u00e9it\u00e9rer sa demande. Si en 2019 l\u2019Unesco n\u2019avait re\u00e7u qu\u2019une seule lettre, la n\u00f4tre, en 2022 elle en a re\u00e7ues une trentaine, dont 25 reprenant le contenu de Bruxelles Panth\u00e8res et demandant l\u2019exclusion de la Ducasse de la liste du PCI de l\u2019Unesco.<\/p>\n<p style=\"font-weight: 400;\">Les\u00a0man\u0153uvres dilatoires\u00a0du bourgmestre d\u2019Ath et des organisateurs n\u2019y ont rien fait. Le silence des politiciens belges, toutes tendances et toutes langues confondues, n\u2019y ont rien fait non plus.<br \/>\nAujourd\u2019hui, 2 d\u00e9cembre 2022, \u00e0 Rabat au Maroc, le Comit\u00e9 intergouvernemental de l\u2019Unesco pour le PCI a donn\u00e9 raison \u00e0 Bruxelles Panth\u00e8res sur toute la ligne et a d\u00e9cid\u00e9 d\u2019exclure imm\u00e9diatement la Ducasse d\u2019Ath de la liste du PCI.<!--more--><\/p>\n<p style=\"font-weight: 400;\">Contrairement \u00e0 ce que rapportent les premi\u00e8res d\u00e9p\u00eaches publi\u00e9es aujourd\u2019hui, la Belgique n\u2019a pas simplement \u00ab demand\u00e9 le retrait \u00bb de la ducasse de la liste du PCI. Apr\u00e8s les interventions des repr\u00e9sentants de diff\u00e9rents pays demandant le retrait imm\u00e9diat, le repr\u00e9sentant belge est intervenu une premi\u00e8re fois pour expliquer qu\u2019un soi-disant processus \u00e9tait en cours et que la Belgique demandait \u00e0 l\u2019Unesco un nouveau d\u00e9lai, jusqu\u2019apr\u00e8s l\u2019\u00e9dition 2023 de la ducasse, avant de prendre une d\u00e9cision.<br \/>\nIl n\u2019a pas \u00e9t\u00e9 entendu. Apr\u00e8s plusieurs autres interventions demandant le retrait imm\u00e9diat, dans une tentative d\u00e9sesp\u00e9r\u00e9e d\u2019\u00e9viter une humiliation internationale pour notre pays, le repr\u00e9sentant belge (FWB) a repris la parole pour annoncer que la Belgique aussi demandait finalement le retrait imm\u00e9diat. Les membres du Comit\u00e9 en ont pris bonne note mais ont d\u00e9cid\u00e9 de continuer la proc\u00e9dure d\u2019exclusion d\u00e9j\u00e0 entam\u00e9e. Les applaudissements pour le repr\u00e9sentant belge \u00e9taient purement et simplement \u00ab diplomatiques \u00bb. Inutile de vous dire que dans ce genre de forum, c\u2019est la r\u00e8gle. On tente de fonctionner par consensus et on \u00e9vite d\u2019humilier des \u00e9tats souverains.<\/p>\n<p style=\"font-weight: 400;\">Ci-dessous un court r\u00e9sum\u00e9 du d\u00e9roulement de la s\u00e9ance du comit\u00e9.<\/p>\n<p style=\"font-weight: 400;\">Sont intervenus pour demander l\u2019exclusion imm\u00e9diate de la ducasse de la liste du PCI de l\u2019Unesco les repr\u00e9sentants des pays suivants :<\/p>\n<p style=\"font-weight: 400;\">Allemagne, Angola, Rwanda, Botswana, Slovaquie, Burkina Faso, Paraguay, Ethiopie, P\u00e9rou, Br\u00e9sil, Arabie Saoudite, Su\u00e8de, Bengladesh, Inde, Malaisie, Panama, Maroc, Ouzb\u00e9kistan, C\u00f4te d\u2019Ivoire et Palestine.<\/p>\n<p style=\"font-weight: 400;\">Sont intervenus pour tenter de gagner du temps les repr\u00e9sentants des pays suivants : Tch\u00e9quie, Suisse, Belgique.<\/p>\n<p style=\"font-weight: 400;\">N\u2019est pas intervenue avant d\u2019avoir \u00e9t\u00e9 sollicit\u00e9e et bien que directement concern\u00e9e\u00a0: la France.<\/p>\n<p style=\"font-weight: 400;\">Plusieurs repr\u00e9sentants ont point\u00e9 du doigt l&rsquo;inaction totale des autorit\u00e9s belges pour mettre fin \u00e0 cette manifestation d\u00e9shumanisante pour des centaines de millions de gens.<\/p>\n<p style=\"font-weight: 400;\">Le repr\u00e9sentant de la Palestine a eu le bon go\u00fbt de souligner la diff\u00e9rence de r\u00e9action de la Tch\u00e9quie, de la Suisse et de la Belgique (sans les nommer) en leur rappelant que lorsqu\u2019il \u00e9tait question de l\u2019antis\u00e9mitisme de la ducasse d\u2019Alost, ils demandaient une exclusion imm\u00e9diate et sans d\u00e9bat alors que dans le cas de la n\u00e9grophobie \u00e0 Ath ces m\u00eames pays demandent du temps pour d\u00e9battre, faire de l\u2019\u00e9ducation, etc.<\/p>\n<p style=\"font-weight: 400;\">La Ducasse d&rsquo;Ath est exclue de la liste du patrimoine culturel immat\u00e9riel de l&rsquo;Unesco \u00e0 cause du RACISME et de la N\u00c9GROPHOBIE du \u00ab\u00a0sauvage d&rsquo;Ath\u00a0\u00bb.<\/p>\n<p style=\"font-weight: 400;\">Le monde entier sait maintenant quels sont les niveaux de racisme et de n\u00e9grophobe qui s\u00e9vissent dans notre pays.<\/p>\n<p style=\"font-weight: 400;\">Cette issue nous inspire deux r\u00e9actions\u00a0:<\/p>\n<ol>\n<li style=\"font-weight: 400;\">Nous sommes \u00e9videmment contents de voir notre travail, nos analyses et notre constat valid\u00e9s par une organisation aussi repr\u00e9sentative et prestigieuse que l\u2019Unesco. Nous sommes contents que l\u2019Unesco ait r\u00e9pondu positivement \u00e0 notre demande d\u2019exclure la ducasse d\u2019Ath \u00e0 cause de son personnage n\u00e9grophobe et raciste (et pas \u00ab\u00a0personnage pol\u00e9mique\u00a0\u00bb comme l\u2019\u00e9crivent la plupart des m\u00e9dias belges). C\u2019est une victoire sans pr\u00e9c\u00e9dent pour Bruxelles Panth\u00e8res et pour l\u2019antiracisme politique dans notre pays.<\/li>\n<li style=\"font-weight: 400;\">Nous sommes navr\u00e9s de l\u2019humiliation que subit la Belgique sur la sc\u00e8ne internationale \u00e0 cause de ce personnage n\u00e9grophobe.<br \/>\nNous sommes atterr\u00e9s de voir le bourgmestre d\u2019Ath persister dans son n\u00e9gationnisme en continuant \u00e0 pr\u00e9tendre que le \u00ab sauvage \u00bb n\u2019est pas raciste, quelques minutes apr\u00e8s que le monde entier lui ait expliqu\u00e9 que c\u2019est bel et bien le cas.<br \/>\nNous sommes navr\u00e9s qu\u2019aucune action concr\u00e8te ne soit entreprise par les autorit\u00e9s belges pour r\u00e9ellement combattre la n\u00e9grophobie, l\u2019islamophobie (que Bruxelles Panth\u00e8res subit de plein fouet) et toutes les autres formes de racisme dans notre pays. Nos politiciens, toutes langues et toutes tendances confondues ne disent rien et ne font rien non plus pour lutter contre le racisme.<\/li>\n<\/ol>\n<p style=\"font-weight: 400;\">Nous remercions l\u2019UNESCO de nous avoir donner raison et de nous soutenir dans notre lutte contre le racisme et pour le respect et l\u2019entente entre les communaut\u00e9s.<\/p>\n<p style=\"font-weight: 400;\">Merci \u00e0 toutes celles et tous ceux qui nous ont soutenu dans ce combat.<\/p>\n<p style=\"font-weight: 400;\">Honte \u00e0 celles et ceux, surtout politiques et m\u00e9dias, qui se sont tus ou se sont exprim\u00e9s pour d\u00e9fendre ce personnage n\u00e9grophobe.<\/p>\n<p style=\"font-weight: 400;\">Nous attendons maintenant de la F\u00e9d\u00e9ration Wallonie-Bruxelles qu&rsquo;elle soit cons\u00e9quente apr\u00e8s la demande (m\u00eame tardive) de son repr\u00e9sentant d&rsquo;exclure la Ducasse d&rsquo;Ath de la liste de l&rsquo;Unesco, pour racisme et n\u00e9grophobie, et que celle-ci soit imm\u00e9diatement exclue aussi de la liste du patrimoine culturel immat\u00e9riel de la FWB.<\/p>\n<p style=\"font-weight: 400;\">B\u00e9n\u00e9dicte Linard, le monde entier regarde dans votre direction. Ne le d\u00e9cevez pas !<\/p>\n<p style=\"font-weight: 400; text-align: right;\">Nordine Saidi et Mouhad Reghif pour Bruxelles Panth\u00e8res.<\/p>\n<p style=\"font-weight: 400; text-align: right;\">Contact presse : Mouhad Reghif, Porte-parole de Bruxelles Panth\u00e8res : 0475 38 79 78<\/p>\n","protected":false},"excerpt":{"rendered":"<p>En septembre 2018, Bruxelles Panth\u00e8res d\u00e9couvrait l\u2019existence du \u00ab\u00a0sauvage d\u2019Ath\u00a0\u00bb gr\u00e2ce aux organisateurs de la \u00ab\u00a0sortie des n\u00e8gres\u00a0\u00bb \u00e0 Lessines. En 2019, Bruxelles Panth\u00e8res a \u00e9crit \u00e0 l\u2019Unesco pour exiger qu\u2019elle demande le retrait du personnage n\u00e9grophobe et qu\u2019en cas de refus des organisateurs, la Ducasse soit retir\u00e9e de la liste du patrimoine culturel immat\u00e9riel &#8230; <a title=\"Communiqu\u00e9 de presse Bruxelles Panth\u00e8res \u2013 Ducasse d&rsquo;Ath exclue de l\u2019Unesco\" class=\"read-more\" href=\"https:\/\/bruxelles-pantheres.be\/?p=5406\" aria-label=\"En savoir plus sur Communiqu\u00e9 de presse Bruxelles Panth\u00e8res \u2013 Ducasse d&rsquo;Ath exclue de l\u2019Unesco\">Lire la suite<\/a><\/p>\n","protected":false},"author":1,"featured_media":5054,"comment_status":"open","ping_status":"open","sticky":false,"template":"","format":"standard","meta":{"footnotes":""},"categories":[7,18],"tags":[375,13],"class_list":["post-5406","post","type-post","status-publish","format-standard","has-post-thumbnail","hentry","category-negrophobie","category-resistance-bruxelles","tag-mouhad-reghif","tag-nordine-saidi"],"_links":{"self":[{"href":"https:\/\/bruxelles-pantheres.be\/index.php?rest_route=\/wp\/v2\/posts\/5406","targetHints":{"allow":["GET"]}}],"collection":[{"href":"https:\/\/bruxelles-pantheres.be\/index.php?rest_route=\/wp\/v2\/posts"}],"about":[{"href":"https:\/\/bruxelles-pantheres.be\/index.php?rest_route=\/wp\/v2\/types\/post"}],"author":[{"embeddable":true,"href":"https:\/\/bruxelles-pantheres.be\/index.php?rest_route=\/wp\/v2\/users\/1"}],"replies":[{"embeddable":true,"href":"https:\/\/bruxelles-pantheres.be\/index.php?rest_route=%2Fwp%2Fv2%2Fcomments&post=5406"}],"version-history":[{"count":5,"href":"https:\/\/bruxelles-pantheres.be\/index.php?rest_route=\/wp\/v2\/posts\/5406\/revisions"}],"predecessor-version":[{"id":5712,"href":"https:\/\/bruxelles-pantheres.be\/index.php?rest_route=\/wp\/v2\/posts\/5406\/revisions\/5712"}],"wp:featuredmedia":[{"embeddable":true,"href":"https:\/\/bruxelles-pantheres.be\/index.php?rest_route=\/wp\/v2\/media\/5054"}],"wp:attachment":[{"href":"https:\/\/bruxelles-pantheres.be\/index.php?rest_route=%2Fwp%2Fv2%2Fmedia&parent=5406"}],"wp:term":[{"taxonomy":"category","embeddable":true,"href":"https:\/\/bruxelles-pantheres.be\/index.php?rest_route=%2Fwp%2Fv2%2Fcategories&post=5406"},{"taxonomy":"post_tag","embeddable":true,"href":"https:\/\/bruxelles-pantheres.be\/index.php?rest_route=%2Fwp%2Fv2%2Ftags&post=5406"}],"curies":[{"name":"wp","href":"https:\/\/api.w.org\/{rel}","templated":true}]}}