{"id":5411,"date":"2022-12-23T18:56:54","date_gmt":"2022-12-23T17:56:54","guid":{"rendered":"https:\/\/bruxelles-pantheres.be\/?p=5411"},"modified":"2022-12-23T18:56:54","modified_gmt":"2022-12-23T17:56:54","slug":"pourquoi-beaucoup-de-marocains-deurope-preferent-jouer-sous-les-couleurs-du-maroc","status":"publish","type":"post","link":"https:\/\/bruxelles-pantheres.be\/?p=5411","title":{"rendered":"Pourquoi beaucoup de Marocains d\u2019Europe pr\u00e9f\u00e8rent jouer sous les couleurs du Maroc"},"content":{"rendered":"<p>Beaucoup de footballeurs issus de la diaspora marocaine choisissent d\u2019\u00e9voluer sous les couleurs de l\u2019\u00e9quipe nationale du Maroc. Si certains sont mus dans cette d\u00e9marche par la fiert\u00e9 ou par un sentiment de m\u00e9connaissance, d\u2019autres esp\u00e8rent surtout b\u00e9n\u00e9ficier de davantage de temps de jeu.<!--more--><\/p>\n<p style=\"text-align: center;\">\n<figure id=\"attachment_5414\" aria-describedby=\"caption-attachment-5414\" style=\"width: 1014px\" class=\"wp-caption aligncenter\"><a href=\"https:\/\/bruxelles-pantheres.be\/wp-content\/uploads\/2022\/12\/061b0fc_afp-32zh6yk.jpg\"><img decoding=\"async\" class=\"wp-image-5414 size-large\" src=\"https:\/\/bruxelles-pantheres.be\/wp-content\/uploads\/2022\/12\/061b0fc_afp-32zh6yk-1024x682.jpg\" alt=\"\" width=\"1024\" height=\"682\" srcset=\"https:\/\/bruxelles-pantheres.be\/wp-content\/uploads\/2022\/12\/061b0fc_afp-32zh6yk-1024x682.jpg 1024w, https:\/\/bruxelles-pantheres.be\/wp-content\/uploads\/2022\/12\/061b0fc_afp-32zh6yk-300x200.jpg 300w, https:\/\/bruxelles-pantheres.be\/wp-content\/uploads\/2022\/12\/061b0fc_afp-32zh6yk-768x512.jpg 768w, https:\/\/bruxelles-pantheres.be\/wp-content\/uploads\/2022\/12\/061b0fc_afp-32zh6yk.jpg 1280w\" sizes=\"(max-width: 1024px) 100vw, 1024px\" \/><\/a><figcaption id=\"caption-attachment-5414\" class=\"wp-caption-text\">Morocco&rsquo;s players celebrate at the end of the Qatar 2022 World Cup round of 16 football match between Morocco and Spain at the Education City Stadium in Al-Rayyan, west of Doha on December 6, 2022. (Photo by Glyn KIRK \/ AFP)<\/figcaption><\/figure>\n<p>Ashraf Hakimi est l\u2019un des meilleurs backs droits de la plan\u00e8te foot. Bien qu\u2019ayant grandi en banlieue madril\u00e8ne, il porte la vareuse non pas de l\u2019Espagne, mais du Maroc, le pays d\u2019origine de ses parents. Il n\u2019est pas le seul international marocain \u00e0 avoir grandi en Europe. Lorsqu\u2019on interroge ces joueurs sur les raisons de cette situation, ils commencent souvent par mettre en avant un manque de respect et d\u2019\u00e9galit\u00e9 des chances.<\/p>\n<p>Sur les 26 joueurs pr\u00e9sents au Qatar avec la s\u00e9lection marocaine, plus de la moiti\u00e9 ne sont pas n\u00e9s au Maroc. Aucune autre \u00e9quipe ayant particip\u00e9 \u00e0 la coupe du monde 2022 ne compte en ses rangs davantage de joueurs n\u00e9s \u00e0 l\u2019\u00e9tranger.<\/p>\n<p>Hakimi (24) \u00e9volue au Paris Saint-Germain, le meilleur club fran\u00e7ais. Il est n\u00e9 \u00e0 Madrid et a grandi \u00e0 Getafe, une banlieue de la capitale espagnole. Dans une interview accord\u00e9e au journal sportif espagnol Marca en pr\u00e9lude \u00e0 la rencontre Espagne-Maroc comptant pour les huiti\u00e8mes de finale, il a d\u00e9clar\u00e9 avoir envisag\u00e9, lorsqu\u2019il \u00e9voluait dans les cat\u00e9gories d\u2019\u00e2ge, de d\u00e9fendre les couleurs de l\u2019Espagne. \u00ab\u00a0<em>J\u2019ai pass\u00e9 quelques jours au camp d\u2019entra\u00eenement organis\u00e9 \u00e0 Las Rozas par la f\u00e9d\u00e9ration espagnole, mais j\u2019ai vite compris que je n\u2019\u00e9tais pas \u00e0 ma place. Je ne me sentais pas chez moi<\/em>.\u00a0\u00bb Et Hakimi d\u2019expliquer ensuite que ce sentiment d\u2019appartenance est, chez lui, \u00e9troitement li\u00e9 \u00e0 la culture arabe et \u00e0 l\u2019identit\u00e9 marocaine telles que les lui ont transmises ses parents.<\/p>\n<p>Nombre de jeunes d\u2019origine marocaine s\u2019identifient \u00e0 ce ressenti. Partout dans le monde, la diaspora marocaine \u2013 n\u00e9e en Europe, aux USA ou au Canada \u2013 est sortie dans la rue afin de c\u00e9l\u00e9brer les victoires des Lions de l\u2019Atlas. Et tout comme chez nous, des critiques se sont abattues en Espagne sur ces jeunes f\u00eatards, qui ne seraient pas bien int\u00e9gr\u00e9s au motif que leur c\u0153ur bat pour la patrie de leurs parents ou anc\u00eatres plus lointains. \u00ab\u00a0<em>S\u2019ils aiment tant le Maroc, que font-ils donc encore ici\u00a0?\u00a0<\/em>\u00bb, a-t-on pu lire comme commentaire sur la page Instagram du quotidien El Pais. Pour apaiser les frustrations de cette jeunesse issue de l\u2019immigration, on a connu mieux.<\/p>\n<h3><strong>Un Marocain \u00e0 bord d\u2019une voiture ch\u00e8re\u00a0? Suspect\u2026<\/strong><\/h3>\n<p>\u00ab\u00a0<em>J\u2019ai du mal \u00e0 comprendre ce qu\u2019ils attendent de nous\u00a0<\/em>\u00bb, avoue Kawthar Arbi, une jeune Madril\u00e8ne de 24 ans venue c\u00e9l\u00e9brer la victoire face \u00e0 l\u2019Espagne dans le centre-ville. \u00ab\u00a0<em>Dans la vie de tous les jours, nous sommes trait\u00e9s comme un groupe. Nous sommes ces\u00a0<\/em>Marocains-l\u00e0<em>, comme on nous appelle toujours. Nous ne sommes jamais consid\u00e9r\u00e9s comme des Espagnols, alors que nous sommes pourtant n\u00e9s ici. Et maintenant, tout le monde s\u2019\u00e9tonnerait de nous voir f\u00eater les victoires du Maroc\u00a0? Cette pr\u00e9tendue crise d\u2019identit\u00e9 \u00e0 laquelle nous serions confront\u00e9s, c\u2019est eux qui en sont responsables par la mani\u00e8re dont ils nous traitent<\/em>.\u00a0\u00bb Sur ce, Kawthar dispara\u00eet dans la foule, hurlant sa joie.<\/p>\n<p>Durant les c\u00e9l\u00e9brations dans le centre de Madrid, les jeunes arboraient non seulement le drapeau marocain, mais \u00e9galement l\u2019espagnol, \u00e0 l\u2019image de Salahedin Mounaoui (20) et ses amis. \u00ab\u00a0<em>\u00c9videmment que nous sommes fiers \u00e9galement de l\u2019Espagne. C\u2019est aussi notre pays, m\u00eame si on nous y rappelle tous les jours que nous sommes diff\u00e9rents.<\/em>\u00a0\u00bb Ce sentiment s\u2019enracine souvent dans des discriminations sur le march\u00e9 du travail, dans ces places de stage que ces jeunes n\u2019arrivent bien souvent pas \u00e0 trouver ou encore dans le profilage ethnique dont ils sont victimes en rue.<\/p>\n<blockquote><p><strong>\u00ab\u00a0On ne nous consid\u00e8re jamais comme des Espagnols, alors que nous sommes pourtant n\u00e9s ici. Et aujourd\u2019hui, tout le monde s\u2019\u00e9tonnerait de nous voir f\u00eater les victoires du Maroc\u00a0?\u00a0\u00bb<\/strong><\/p><\/blockquote>\n<p>Ces exp\u00e9riences, m\u00eame les enfants de migrants qui sont devenus c\u00e9l\u00e8bres y sont encore confront\u00e9s. Ashraf Hakimi a ainsi expliqu\u00e9 au quotidien El Mundo \u00e0 quoi ressemblait sa vie du temps o\u00f9 il jouait encore au Real Madrid. \u00ab\u00a0<em>Lorsque je monte dans ma voiture de luxe une casquette viss\u00e9e sur la t\u00eate et que je quitte le stade Bernab\u00e9u pour aller manger un morceau avec des amis, je me fais arr\u00eater. Les policiers pensent que nous sommes en train de voler des voitures. Les Espagnols \u00e0 la peau blanche ne sont pas soumis \u00e0 ce genre de traitement. Je ne sais pas si la police fait cela d\u00e9lib\u00e9r\u00e9ment ou non, mais le fait est que c\u2019est du racisme<\/em>.\u00a0\u00bb<\/p>\n<p>\u00ab\u00a0<em>Les comportements de ce genre ont pour cons\u00e9quence que nous nous rapprochons encore plus du pays de nos parents\u00a0<\/em>\u00bb, soutient Salahedin, \u00ab\u00a0<em>et ce m\u00eame si nous sommes per\u00e7us au Maroc comme ces\u00a0<\/em>Europ\u00e9ens-l\u00e0<em>. C\u2019est vraiment fatigant, parfois. Pourquoi devrais-je choisir chaque fois entre le Maroc et l\u2019Espagne\u00a0?\u00a0<\/em>\u00bb .<\/p>\n<p>Comme l\u2019a d\u00e9clar\u00e9 un jour Ali Boussaboun, un ancien footballeur n\u00e9erlando-marocain, \u00ab\u00a0<em>vous pouvez faire tout ce que vous voulez, vous ne serez jamais comme eux. Vous ne serez jamais consid\u00e9r\u00e9 comme un v\u00e9ritable N\u00e9erlandais. Les jeunes Marocains qui sont n\u00e9s ici ne sont pas per\u00e7us comme des N\u00e9erlandais, m\u00eame s\u2019ils poss\u00e8dent un passeport n\u00e9erlandais et qu\u2019ils parlent mieux la langue de Vondel que le marocain<\/em>.\u00a0\u00bb<\/p>\n<p>En 2015, le milieu de terrain Hakim Ziyech, qui \u00e9voluait alors au FC Twente, a \u00e9prouv\u00e9 le m\u00eame sentiment. En d\u00e9but d\u2019ann\u00e9e, il avait \u00e9t\u00e9 s\u00e9lectionn\u00e9 en \u00e9quipe nationale des Pays-Bas mais avant d\u2019avoir pu disputer ses premi\u00e8res minutes avec les \u00ab\u00a0Oranje\u00a0\u00bb, il s\u2019est bless\u00e9 \u00e0 la cheville et a d\u00fb quitter le camp d\u2019entra\u00eenement. En fin d\u2019ann\u00e9e, il n\u2019a plus \u00e9t\u00e9 convoqu\u00e9. Il a ensuite annonc\u00e9 son intention de jouer pour le Maroc.<\/p>\n<blockquote><p><strong>\u00ab\u00a0Vous pouvez faire tout ce que vous voulez, vous ne serez jamais comme eux.\u00a0\u00bb<\/strong><\/p><\/blockquote>\n<p>D\u2019apr\u00e8s une analyse r\u00e9alis\u00e9e par le journal marocain en ligne Morocco World News, ces carri\u00e8res internationales qui stagnent ont longtemps \u00e9t\u00e9 consid\u00e9r\u00e9es comme la raison principale pour laquelle des joueurs ayant la double nationalit\u00e9 choisissent finalement de repr\u00e9senter le pays de leurs parents. \u00ab\u00a0Ces derniers temps, toutefois, de plus en plus de joueurs disent opter pour le pays de leurs parents en raison d\u2019un ph\u00e9nom\u00e8ne que certains qualifient de d\u00e9mocratisation du football.\u00a0\u00bb<\/p>\n<p>Ce ph\u00e9nom\u00e8ne d\u00e9signe l\u2019\u00e9volution du football dans un sens o\u00f9 les \u00e9quipes longtemps consid\u00e9r\u00e9es comme inf\u00e9rieures peuvent d\u00e9sormais rivaliser avec les favoris habituels. Et m\u00eame les battre, comme le Maroc vient de le prouver en dominant la Belgique, l\u2019Espagne et le Portugal pour atteindre les demi-finales de la coupe du monde 2022.<\/p>\n<p>Auteure<br \/>\nOumaima Abalhaj<\/p>\n<p>Traducteur<br \/>\nMaxime Kinique<\/p>\n<p><a href=\"https:\/\/daardaar.be\/rubriques\/sport\/pourquoi-beaucoup-de-marocains-deurope-preferent-jouer-sous-les-couleurs-du-maroc\/?utm_source=rss&amp;utm_medium=rss&amp;utm_campaign=pourquoi-beaucoup-de-marocains-deurope-preferent-jouer-sous-les-couleurs-du-maroc\">SOURCE<\/a><\/p>\n<h4 class=\"title\" style=\"text-align: center;\">Violences polici\u00e8res \u00e0 Bruxelles \u00e0 l\u2019issue du match France-Maroc (CARTE BLANCHE)<\/h4>\n<figure class=\"wp-block-post-featured-image\"><img decoding=\"async\" class=\"attachment-post-thumbnail size-post-thumbnail wp-post-image\" src=\"https:\/\/cite24.com\/wp-content\/uploads\/2022\/12\/Violences-policieres-match-France-Maroc.jpg\" sizes=\"(max-width: 1798px) 100vw, 1798px\" srcset=\"https:\/\/cite24.com\/wp-content\/uploads\/2022\/12\/Violences-policieres-match-France-Maroc.jpg 1798w, https:\/\/cite24.com\/wp-content\/uploads\/2022\/12\/Violences-policieres-match-France-Maroc-300x180.jpg 300w, https:\/\/cite24.com\/wp-content\/uploads\/2022\/12\/Violences-policieres-match-France-Maroc-1024x615.jpg 1024w, https:\/\/cite24.com\/wp-content\/uploads\/2022\/12\/Violences-policieres-match-France-Maroc-768x461.jpg 768w, https:\/\/cite24.com\/wp-content\/uploads\/2022\/12\/Violences-policieres-match-France-Maroc-1536x923.jpg 1536w\" alt=\"Violences polici\u00e8res match France-Maroc\" width=\"1798\" height=\"1080\" \/><\/figure>\n<h4>En marge de la demi-finale du mondial de football opposant le Maroc \u00e0 la France, des c\u00e9l\u00e9brations rassemblant des supporters de l&rsquo;\u00e9quipe marocaine, se sont transform\u00e9es en v\u00e9ritables battues polici\u00e8res prenant pour cible les participants de ces rassemblements festifs. Ces faits de violences polici\u00e8res qui ont cibl\u00e9 majoritairement des personnes issues de l&rsquo;immigration, ont produit un \u00e9cho de contestation important en provenance d&rsquo;une soci\u00e9t\u00e9 civile, attentive \u00e0 lutter contre la permanence de ces\u00a0<em>\u00ab\u00a0violences polici\u00e8res \u00e0 caract\u00e8re raciste\u00a0\u00bb<\/em>.<\/h4>\n<p>Le dispositif policier pr\u00e9ventif, pr\u00e9par\u00e9 bien en amont, \u00e9tait tr\u00e8s impressionnant mercredi dans le centre-ville de Bruxelles. Il s\u2019inscrit dans un usage de plus en plus syst\u00e9matique des violences polici\u00e8res pr\u00e9ventives (\u201cnassage\u201d) \u00e0 Bruxelles mais aussi dans le contexte de r\u00e9pression particulier li\u00e9 aux matchs de l&rsquo;\u00e9quipe du Maroc depuis la victoire contre la Belgique. Il faut noter qu\u2019en dehors du Pentagone, les victoires de l\u2019\u00e9quipe nationale du Maroc ont donn\u00e9 lieu \u00e0 de belles f\u00eates (Schaerbeek, Anderlecht, Heizel, Molenbeek, etc.).<\/p>\n<p>Depuis la pi\u00e9tonnisation du centre ville et sa touristification, les Bruxellois et plus particuli\u00e8rement les jeunes noirs et arabes y sont de plus en plus exclus et chass\u00e9s au profit des consommateurs et des touristes. A chaque match du Maroc, le bourgmestre de Bruxelles pr\u00e9voit un dispositif policier de plus en plus important qui atomise les rassemblements populaires \u00e0 coup de gaz lacrymog\u00e8nes, d\u2019h\u00e9licopt\u00e8res et de charges polici\u00e8res. L\u2019unique objectif semble \u00eatre de \u201cprot\u00e9ger\u201d les Plaisir d\u2019Hiver : bloquer l\u2019acc\u00e8s \u00e0 la Bourse depuis la gare du midi, r\u00e9primer, gazer et laisser s\u2019envenimer une situation critique autour des commerces les plus pr\u00e9caires du d\u00e9but du boulevard Lemonnier et du boulevard du Midi et Poincar\u00e9. La v\u00e9rit\u00e9 c\u2019est qu\u2019une partie de la jeunesse belgo-marocaine bruxelloise du centre ville n\u2019a absolument aucun endroit pour c\u00e9l\u00e9brer la victoire du Maroc.<\/p>\n<p>Mercredi soir, il semble qu&rsquo;un nouveau cap ait \u00e9t\u00e9 franchi y compris \u00e0 Molenbeek avec l\u2019usage de fusils flashball FN 303 par la BAB ainsi qu\u2019\u00e0 Saint-Josse. Des escadrons policiers en provenance du Brabant wallon, de Li\u00e8ge, de Flandre ont \u00e9t\u00e9 appel\u00e9s en renfort notamment sous la direction de la Zone Bruxelles Capitale-Ixelles<sup>1<\/sup>. Au centre ville, un nassage de plusieurs centaines de personnes a \u00e9t\u00e9 mis en place d\u00e8s la fin du match, \u00e0 la sortie des bars, repoussant les gens vers Stalingrad. Enferm\u00e9s et sans possibilit\u00e9 d\u2019\u00e9chapper, tout le monde a \u00e9t\u00e9 arr\u00eat\u00e9 : enfants, parents, personnes \u00e2g\u00e9es, etc. Les arrestations se sont faites sans sommations pr\u00e9alables et de fa\u00e7on particuli\u00e8rement violente : gaz lacrymog\u00e8ne, utilisation excessive de la matraque, plaquage au sol et contre le mur, etc. Les personnes arr\u00eat\u00e9es sont ensuite rest\u00e9es plusieurs heures au sol \u00e0 &#8211; 4 degr\u00e9s.\u00a0 Il y aurait eu 213 arrestations administratives dont 51 mineurs<sup>2<\/sup>.<\/p>\n<p>D\u2019apr\u00e8s les r\u00e9cits issus d\u2019un premier appel \u00e0 t\u00e9moins que nous avons diffus\u00e9 sur les r\u00e9seaux sociaux, il ressort clairement que l\u2019exc\u00e8s de violence et l\u2019usage disproportionn\u00e9 de la force semblent \u00eatre act\u00e9s. Rue Verte \u00e0 Saint Josse, une personne a \u00e9t\u00e9 violemment matraqu\u00e9e \u00e0 plusieurs reprises \u00e0 la t\u00eate par la police et laiss\u00e9e gisante au sol. Ce sont les voisins qui ont d\u00fb appeler les secours. Cette personne a ensuite d\u00fb \u00eatre hospitalis\u00e9e et a re\u00e7u plusieurs points de suture.<\/p>\n<figure class=\"wp-block-video\"><video src=\"https:\/\/cite24.com\/wp-content\/uploads\/2022\/12\/Video-violences-policieres-2022-12-16.mp4\" controls=\"controls\" width=\"300\" height=\"150\" data-mce-fragment=\"1\"><\/video><figcaption>Tabassages policiers, rue Verte \u00e0 Saint-Josse-ten-Noode.<\/figcaption><\/figure>\n<p>Sous le pont de la gare du Midi, les chiens policiers ont violemment mordu des personnes sans qu\u2019aucun policier ne soit intervenu pour les secourir.<\/p>\n<figure class=\"wp-block-video\"><video src=\"https:\/\/cite24.com\/wp-content\/uploads\/2022\/12\/arrestation-sous-le-pond-de-la-gare-du-midi.mp4\" controls=\"controls\" width=\"300\" height=\"150\" data-mce-fragment=\"1\"><\/video><figcaption>Placage et agression par un chien policier, gare du Midi.<\/figcaption><\/figure>\n<p>Plusieurs t\u00e9moignages de personnes violemment arr\u00eat\u00e9es qui, bless\u00e9es, ont d\u00fb se rendre aux urgences de Saint-Pierre et de Saint-Jean insistent sur le nombre de bless\u00e9s pr\u00e9sents, y compris des femmes et des enfants. Le journaliste\u00a0<a href=\"https:\/\/www.7sur7.be\/belgique\/le-temoignage-dun-journaliste-malmene-par-la-police-bruxelloise-apres-france-maroc-les-policiers-ne-voulaient-pas-me-croire~af539ab2\" target=\"_blank\" rel=\"noreferrer noopener\">Yassin Akouh de la VRT t\u00e9moigne<\/a><a href=\"https:\/\/www.7sur7.be\/belgique\/le-temoignage-dun-journaliste-malmene-par-la-police-bruxelloise-apres-france-maroc-les-policiers-ne-voulaient-pas-me-croire~af539ab2\/\" target=\"_blank\" rel=\"noreferrer noopener\">\u00a0\u00e9galement avoir \u00e9t\u00e9 pris pour cible et arr\u00eat\u00e9<\/a>\u00a0malgr\u00e9 qu\u2019il ait pr\u00e9sent\u00e9 sa carte presse ainsi que du caract\u00e8re rapide et pr\u00e9par\u00e9 du \u201cnassage\u201d. Des faits similaires ont \u00e9t\u00e9 rapport\u00e9s \u00e0 Anvers, o\u00f9 des sans-papiers Somaliens et Palestiniens ont \u00e9t\u00e9 particuli\u00e8rement pris pour cibles.<\/p>\n<p>Nous sommes inquiets car ces t\u00e9moignages sont, d\u2019apr\u00e8s nos premiers recensements, nombreux. A l\u2019heure d\u2019\u00e9crire ces lignes nous n\u2019avons pas encore une vue d\u2019ensemble des violences polici\u00e8res commises ce mercredi soir \u00e0 Bruxelles mais les premiers \u00e9l\u00e9ments sont suffisamment inqui\u00e9tants pour alerter l\u2019opinion publique et les responsables politiques. Beaucoup de personnes interrog\u00e9es n\u2019osent pas porter plainte de peur de repr\u00e9sailles.<\/p>\n<h3>La technique polici\u00e8re du \u00ab\u00a0nassage\u00a0\u00bb s&rsquo;intensifie ces derni\u00e8res ann\u00e9es<\/h3>\n<p>La technique polici\u00e8re du \u201cnassage\u201d pr\u00e9ventif a montr\u00e9 ces derni\u00e8res ann\u00e9es \u00e0 Bruxelles son caract\u00e8re discriminatoire, raciste et violent. En effet, le \u201cnassage\u201d vise \u00e0 enfermer et \u00e0 arr\u00eater toutes les personnes qui se trouvent dans un p\u00e9rim\u00e8tre donn\u00e9 sans laisser la possibilit\u00e9 de quitter les lieux. Les Noirs et les Arabes sont plus particuli\u00e8rement vis\u00e9s par les violences dans ce type de r\u00e9pression. Nous sommes particuli\u00e8rement inquiets de voir se r\u00e9p\u00e9ter ce type de violences polici\u00e8res dans notre ville comme lors du\u00a0<a href=\"https:\/\/cite24.com\/retour-sur-la-manifestation-du-13-janvier-justice-pour-ibrahima\">rassemblement en hommage \u00e0 Ibrahima Barrie le 13 janvier 2021<\/a>\u00a0ou lors de l\u2019arrestation pr\u00e9ventive de 86 mineurs \u00e0 l&rsquo;occasion d&rsquo;une\u00a0<a href=\"https:\/\/cite24.com\/sabrina-et-ouassim-au-coeur-de-limpunite-les-techniques-policieres-dinterpellation\">manifestation contre les violences polici\u00e8res \u00e0 la gare centrale<\/a>\u00a0et tortur\u00e9s dans les casernes d\u2019Etterbeek le 26 janvier 2021, violences d\u00e9nonc\u00e9es par\u00a0 la CGSP Police elle-m\u00eame. C\u2019est pourquoi nous attendons des prises de position fortes et rapides. Demain apr\u00e8s-midi a lieu la petite finale opposant le Maroc \u00e0 la Croatie. L\u2019intensification de la r\u00e9pression depuis le match Belgique\/Maroc nous fait craindre le pire.<\/p>\n<p>Nous en appelons d\u2019abord au D\u00e9l\u00e9gu\u00e9 G\u00e9n\u00e9ral aux Droits de l\u2019Enfant pour ce qui concerne les mineurs arr\u00eat\u00e9s et violent\u00e9s. Un appel \u00e0 t\u00e9moins et une recherche des victimes doivent \u00eatre pouss\u00e9s plus en avant. Nous en appelons aux associations en charge des questions de violences polici\u00e8res, des droits de l\u2019homme et les structures d\u00e9di\u00e9es au secteur de la jeunesse pour relayer les appels \u00e0 t\u00e9moins et interroger les responsables politiques. Nous interpellons directement les bourgmestres de Bruxelles ville et de Saint-Josse, Messieurs Close et Kir pour que des enqu\u00eates soient instruites afin de poursuivre et sanctionner les policiers auteurs des violences et qu\u2019un contact soit \u00e9tabli avec les services d\u2019urgence des h\u00f4pitaux de la ville afin de conna\u00eetre le nombre de bless\u00e9s mercredi soir ainsi que les causes de ces violences.<\/p>\n<p>Nous interpellons \u00e9galement la Ministre de l&rsquo;int\u00e9rieur Annelies Verlinden sur l\u2019approche uniquement s\u00e9curitaire et r\u00e9pressive de ce type d\u2019\u00e9v\u00e9nement. Nous en appelons aux mandataires politiques pour que des questions soient \u00e9galement pos\u00e9es au sein des conseils de police le plus rapidement possible. Nous attendons qu\u2019un message clair soit envoy\u00e9 tout le long de la cha\u00eene de commandement policier, du bourgmestre aux policiers de premi\u00e8re ligne en passant par les commissaires. Plus fondamentalement un d\u00e9bat sur l\u2019usage disproportionn\u00e9 de la force et les discriminations raciales g\u00e9n\u00e9r\u00e9es par le dispositif policier du \u201cnassage\u201d pr\u00e9ventif doit avoir lieu.<\/p>\n<figure class=\"wp-block-video\"><video src=\"https:\/\/cite24.com\/wp-content\/uploads\/2022\/12\/Video-centre-ville-2022-12-16.mp4\" controls=\"controls\" width=\"300\" height=\"150\" data-mce-fragment=\"1\"><\/video><figcaption>Dispositif policier gare du Midi et Saint-Josse.<\/figcaption><\/figure>\n<h3>Structuration g\u00e9ographique, sociale et raciale du dispositif de \u201cnasse\u201d<\/h3>\n<p>D\u2019apr\u00e8s les diff\u00e9rents t\u00e9moignages recoup\u00e9s, voici comment nous pouvons reconstituer le dispositif mis en place mercredi soir dans son d\u00e9ploiement policier.<\/p>\n<ul>\n<li>Premi\u00e8re phase : les policiers poursuivent les jeunes \u00e0 la hauteur de Stalingrad en les coursant (chasse \u00e0 courre et courses poursuites).<\/li>\n<\/ul>\n<ul>\n<li>Deuxi\u00e8me phase : une ligne de policiers repousse les Noirs et les Arabes et laisse plut\u00f4t les blancs passer depuis le boulevard Lemonnier jusqu&rsquo;\u00e0 la station Lemonnier (profilage racial, chasse raciale, ratissage et battue)<\/li>\n<\/ul>\n<ul>\n<li>Troisi\u00e8me phase : la nasse se referme aussi c\u00f4t\u00e9 Bara et tout le monde se fait arr\u00eater, le pi\u00e8ge se referme (chasse \u00e0 l&rsquo;homme, rafle et chasse aux pi\u00e8ges).<\/li>\n<\/ul>\n<p>Nous pouvons donc instruire une structuration particuli\u00e8re du dispositif policier de la nasse qui cible de fa\u00e7on particuli\u00e8re diff\u00e9rents groupes avec une forte dimension de profilage racial. Les violences racistes ayant eu lieu apr\u00e8s le match France\/Maroc (chasses islamophobes orchestr\u00e9es par l\u2019extr\u00eame-droite en France, chasses \u00e0 l\u2019homme, aux Noirs et aux Arabes par la police en Belgique) montrent qu\u2019il y a co-existence et co-extensivit\u00e9 des formes de pouvoir. On ne passe donc pas de fa\u00e7on lin\u00e9aire et progressive des chasses populaires aux juifs et aux \u00e9trangers, des lynchages et pogromes \u00e0 la x\u00e9nophobie d\u2019Etat mais ces diverses formes de violences raciales se nourrissent et s\u2019appellent les unes les autres.<\/p>\n<p>Plus le racisme d\u2019Etat s\u2019intensifie \u00e0 travers la guerre contre les migrants, les discours islamophobes, les politiques de discriminations et de poursuites racistes institutionnalis\u00e9es, plus les passages \u00e0 tabac, les ratonnades, les crimes racistes et les violences orchestr\u00e9es par l\u2019extr\u00eame-droite gagnent en puissance. Inversement ces m\u00eames violences populaires et extra-parlementaires exercent une pression continue sur les politiques gouvernementales de type lib\u00e9rale autoritaire et sont capitalis\u00e9es par l\u2019extr\u00eame droite dans sa strat\u00e9gie de conqu\u00eate du pouvoir.<\/p>\n<p>Il existe \u00e9galement des symbioses entre cette violence de type fasciste et les pratiques polici\u00e8res, comme le montre les groupes priv\u00e9s de policiers o\u00f9 abondent les messages racistes ainsi que les appels \u00e0 la haine, o\u00f9 les jeunes issus de l\u2019immigration post-coloniale sont qualifi\u00e9s d\u2019\u00ab ordures \u00bb, de \u00ab rats \u00bb ou de \u00ab vermines \u00bb et o\u00f9 se transmettent des techniques de lynchage, de noyade, de parechocage et de mise \u00e0 mort sous l\u2019usage policier de la force\u00a0<a href=\"https:\/\/www.brusselstimes.com\/129300\/belgian-police-officers-glorify-violence-in-closed-facebook-group\" target=\"_blank\" rel=\"noreferrer noopener\">(cf. groupe Facebook ferm\u00e9 destin\u00e9 aux officiers de police,\u00a0<em>\u00ab Thin Blue Line Begium \u00bb<\/em>).<\/a>\u00a0Il est \u00e9vident que lors des battues, des rafles, des chasses aux jeunes, aux Noirs et aux Arabes qui sont activ\u00e9es lors des nasses cette dimension est \u00e9galement \u00e0 l\u2019\u0153uvre.<\/p>\n<p><sup><sub>1<\/sub><\/sup>\u00a0<a href=\"https:\/\/www.rtbf.be\/article\/mondial-2022-une-centaine-d-arrestations-administratives-a-bruxelles-apres-la-defaite-du-maroc-11123392\" target=\"_blank\" rel=\"noreferrer noopener\">Demi-finale France-Maroc : quel dispositif de s\u00e9curit\u00e9 pendant et apr\u00e8s le match \u00e0 Bruxelles ?<\/a><br \/>\n<sup><sub>2<\/sub><\/sup>\u00a0<a href=\"https:\/\/www.rtbf.be\/article\/mondial-2022-une-centaine-d-arrestations-administratives-a-bruxelles-apres-la-defaite-du-maroc-11123392\" target=\"_blank\" rel=\"noreferrer noopener\">Coupe du monde 2022 : 213 d&rsquo;arrestations administratives \u00e0 Bruxelles apr\u00e8s la d\u00e9faite du Maroc<\/a><\/p>\n<p>Campagne Stop R\u00e9pression<br \/>\nJOC Bruxelles<br \/>\nNouvelle Voie Anti-coloniale<br \/>\nLibrairie-\u00e9ditions M\u00e9t\u00e9ores<br \/>\nEditions du Souffle<br \/>\nBruxelles Panth\u00e8res<br \/>\nPr\u00e9sences Noires<br \/>\nChange asbl<br \/>\nAnas Amara<br \/>\nRachida El Baghdadi<br \/>\nNordine Sa\u00efdi<br \/>\nHosni Zahri<br \/>\nMouhad Reghif<br \/>\nV\u00e9ronique Clette-Gakuba<br \/>\nFay\u00e7al Cheffou<br \/>\nFa\u00efza Hirach<br \/>\nMartin Vander Elst<br \/>\nGeorgine Dibua Athapol<br \/>\nElsa Roland<br \/>\nMarianne Van Leeuw Koplewicz<br \/>\nDavid Jamar<br \/>\nSelim Bielk<br \/>\nFran\u00e7ois Makanga<br \/>\nJ\u00e9r\u00f4me Tellier<br \/>\nMax Boelk<br \/>\nAna\u2013Maria Voicu<\/p>\n<p><a href=\"https:\/\/cite24.com\/violences-policieres-a-bruxelles-a-lissue-du-match-france-maroc-carte-blanche\/?fbclid=IwAR3oM2YK0-G1rNw1bj_JeUB7g8glaVZNOlmyNNN4WrJSCk_mpuUoamirZ04\">SOURCE<\/a><\/p>\n","protected":false},"excerpt":{"rendered":"<p>Beaucoup de footballeurs issus de la diaspora marocaine choisissent d\u2019\u00e9voluer sous les couleurs de l\u2019\u00e9quipe nationale du Maroc. Si certains sont mus dans cette d\u00e9marche par la fiert\u00e9 ou par un sentiment de m\u00e9connaissance, d\u2019autres esp\u00e8rent surtout b\u00e9n\u00e9ficier de davantage de temps de jeu.<\/p>\n","protected":false},"author":1,"featured_media":5412,"comment_status":"open","ping_status":"open","sticky":false,"template":"","format":"standard","meta":{"footnotes":""},"categories":[24,36,28],"tags":[31,23],"class_list":["post-5411","post","type-post","status-publish","format-standard","has-post-thumbnail","hentry","category-belgique-maroc","category-europe","category-racismes","tag-belgique","tag-discrimination"],"_links":{"self":[{"href":"https:\/\/bruxelles-pantheres.be\/index.php?rest_route=\/wp\/v2\/posts\/5411","targetHints":{"allow":["GET"]}}],"collection":[{"href":"https:\/\/bruxelles-pantheres.be\/index.php?rest_route=\/wp\/v2\/posts"}],"about":[{"href":"https:\/\/bruxelles-pantheres.be\/index.php?rest_route=\/wp\/v2\/types\/post"}],"author":[{"embeddable":true,"href":"https:\/\/bruxelles-pantheres.be\/index.php?rest_route=\/wp\/v2\/users\/1"}],"replies":[{"embeddable":true,"href":"https:\/\/bruxelles-pantheres.be\/index.php?rest_route=%2Fwp%2Fv2%2Fcomments&post=5411"}],"version-history":[{"count":1,"href":"https:\/\/bruxelles-pantheres.be\/index.php?rest_route=\/wp\/v2\/posts\/5411\/revisions"}],"predecessor-version":[{"id":5415,"href":"https:\/\/bruxelles-pantheres.be\/index.php?rest_route=\/wp\/v2\/posts\/5411\/revisions\/5415"}],"wp:featuredmedia":[{"embeddable":true,"href":"https:\/\/bruxelles-pantheres.be\/index.php?rest_route=\/wp\/v2\/media\/5412"}],"wp:attachment":[{"href":"https:\/\/bruxelles-pantheres.be\/index.php?rest_route=%2Fwp%2Fv2%2Fmedia&parent=5411"}],"wp:term":[{"taxonomy":"category","embeddable":true,"href":"https:\/\/bruxelles-pantheres.be\/index.php?rest_route=%2Fwp%2Fv2%2Fcategories&post=5411"},{"taxonomy":"post_tag","embeddable":true,"href":"https:\/\/bruxelles-pantheres.be\/index.php?rest_route=%2Fwp%2Fv2%2Ftags&post=5411"}],"curies":[{"name":"wp","href":"https:\/\/api.w.org\/{rel}","templated":true}]}}