{"id":544,"date":"2013-02-28T16:37:38","date_gmt":"2013-02-28T15:37:38","guid":{"rendered":"https:\/\/bruxelles-pantheres.be\/?p=544"},"modified":"2013-11-10T16:41:59","modified_gmt":"2013-11-10T15:41:59","slug":"pour-le-recteur-viviers-chichah-est-infrequentable-peres-non","status":"publish","type":"post","link":"https:\/\/bruxelles-pantheres.be\/?p=544","title":{"rendered":"\u00ab Pour le recteur Viviers, Chichah est infr\u00e9quentable, Peres non\u2026 \u00bb"},"content":{"rendered":"<header><img decoding=\"async\" alt=\"878051-1079876\" src=\"http:\/\/www.egalite.be\/wp-content\/uploads\/2013\/02\/878051-1079876.jpg\" width=\"500\" height=\"290\" \/><!--more--><\/header>\n<p><img decoding=\"async\" class=\"alignright\" alt=\"http:\/\/4.bp.blogspot.com\/-uX6MTgEcgmI\/UKuRk7BOAAI\/AAAAAAAAAAk\/d7ul3nUtwvQ\/s1600\/3.jpg\" src=\"https:\/\/lh3.ggpht.com\/-uX6MTgEcgmI\/UKuRk7BOAAI\/AAAAAAAAAAk\/d7ul3nUtwvQ\/s1600\/3.jpg\" \/><\/p>\n<blockquote><p>\u00ab\u00a0Pour le recteur Viviers, Chichah est infr\u00e9quentable, Peres non\u2026\u00a0\u00bb<\/p>\n<p align=\"center\"><em>Irene Kaufer<\/em><strong><br \/>\n<\/strong><\/p>\n<\/blockquote>\n<p>Le 5 mars 2013, le Pr\u00e9sident d\u2019Isra\u00ebl Shimon Peres sera re\u00e7u au Palais des acad\u00e9mies de Bruxelles pour une \u00ab\u00a0S\u00e9ance-Acad\u00e9mique\u00a0\u00bb suivi d\u2019un \u00ab\u00a0walking dinner\u00a0\u00bb au prix de 100 euro.<\/p>\n<p>La soir\u00e9e est organis\u00e9e par le Comit\u00e9 de coordination des organisations juives de Belgique et Forum der Joodse Organisaties,\u00a0 \u00ab\u00a0sous le haut patronage de l\u2019Ambassade d\u2019Isra\u00ebl\u00a0\u00bb.<\/p>\n<p>Didier Viviers Recteur de l\u2019ULB, Herv\u00e9 Hasquin <em>Secr\u00e9taire<\/em> perp\u00e9tuel de l\u2019Acad\u00e9mie royale de Belgique \u00a0et le Ministre de la D\u00e9fense \u00a0Pieter De Crem, participeront \u00e0 cette \u00ab\u00a0S\u00e9ance-Acad\u00e9mique\u00a0\u00bb en pr\u00e9sence de Shimon Peres.<\/p>\n<blockquote><p>Didier Viviers Recteur de l\u2019ULB<\/p><\/blockquote>\n<h3>Alors qu\u2019il vient tout r\u00e9cemment de censurer la tenue du d\u00e9bat \u00ab\u00a0De quoi la burqa pride est-elle le nom\u00a0?\u00a0\u00bb qui \u00e9tait pr\u00e9vu le 28 f\u00e9vrier \u00e0 l\u2019initiative du collectif antiracismes Quart d\u2019X et de plusieurs cercles estudiantins, alors que le cercle \u00ab\u00a0BDS-ULB\u00a0\u00bb n\u2019est toujours pas reconnu comme tout les autres cercle et qu\u2019il \u00a0existe aujourd\u2019hui, au sein de son conseil d\u2019administration, une \u00ab\u00a0volont\u00e9 de changement des crit\u00e8res de reconnaissance des cercles\u00a0\u00bb, Monsieur Viviers, Recteur de l\u2019ULB, va avoir le mardi 5 mars, \u00e0 Bruxelles, un interview-dialogue avec Shimon Peres, reniant son plaidoyer permanent pour une\u00a0 posture de neutralit\u00e9 face \u00e0 ce qui est une trag\u00e9die quotidienne pour le peuple Palestinien.<\/h3>\n<h3>\nImposant, \u00e0 souhait et \u00e0 discr\u00e9tion, la censure dans l\u2019universit\u00e9 dont il est le recteur, Monsieur Viviers va donc dialoguer avec un individu qui est \u00e0 la t\u00eate d\u2019un \u00e9tat criminel, colonisateur, un \u00e9tat qui emprisonne des gens sans jugement ou les ex\u00e9cute sans sommation, un \u00e9tat-voyou au regard du droit international, bafouant toutes les r\u00e9solutions des Nations-Unies prises \u00e0 son encontre, un \u00e9tat dans lequel des \u00ab\u00a0d\u00e9mocrates\u00a0\u00bb n\u2019h\u00e9sitent pas \u00e0 lancer une campagne militaire en vue de gagner des \u00e9lections, un \u00e9tat qui soumet une partie des \u00eatres humains dont il a la responsabilit\u00e9 \u00e0 un v\u00e9ritable r\u00e9gime d\u2019apartheid, l\u2019\u00e9tat d\u2019Isra\u00ebl.<\/h3>\n<h3>Sur son blog<a title=\"\" href=\"http:\/\/www.egalite.be\/?paged=22#_edn1\">[i]<\/a>, le rectum de l\u2019U(l)B tente de justifier sa pr\u00e9sence a ce \u00ab\u00a0diner diabolique\u00a0\u00bb allant jusqu\u2019\u00e0\u00a0 pr\u00e9ciser que \u00ab\u00a0que l\u2019ULB n\u2019est en aucune mani\u00e8re associ\u00e9e \u00e0 l\u2019organisation de cette manifestation.\u00a0\u00bb et qu\u2019il n\u2019\u00a0 a \u00ab\u00a0re\u00e7u aucun mandat pour \u00e9mettre quelque message que ce soit de notre Universit\u00e9\u00a0\u00bb mais alors a quelle titre Monsieur le rectum se rend t il a ce diner\u00a0?<br \/>\nSi ce n\u2019est au titre de recteur de l\u2019ULB, va-t-il faire corriger l\u2019invitation\u00a0?<\/h3>\n<blockquote>\n<h3>Pieter De Crem \u00ab\u00a0ministre de la guerre\u00a0\u00bb<\/h3>\n<\/blockquote>\n<h3>Quel est le mandat re\u00e7u par le Ministre f\u00e9d\u00e9ral Pieter De Crem pour aller participer a ce \u00ab\u00a0walking dinner\u00a0\u00bb\u00a0?<\/h3>\n<blockquote>\n<h3>Herv\u00e9 Hasquin <em>Secr\u00e9taire<\/em> perp\u00e9tuel de l\u2019Acad\u00e9mie royale de Belgique<\/h3>\n<\/blockquote>\n<h2>Ancien ministre belge (MR ) recteur honoraire de l\u2019universit\u00e9 et <em>Secr\u00e9taire<\/em> perp\u00e9tuel de l\u2019Acad\u00e9mie royale de Belgique et grand amis d\u2019Isra\u00ebl se fera un plaisir de donner le mot d\u2019accueil a ces invit\u00e9s \u00ab\u00a0coupable de crimes de guerre\u00a0\u00bb.<\/h2>\n<blockquote><p>Shimon Peres \u00a0\u00a0\u00a0\u00a0\u00a0\u00a0\u00a0\u00a0<strong>\u00a0\u00a0 <\/strong><\/p><\/blockquote>\n<p><strong>Cet individu, Monsieur Peres, p\u00e8re de la bombe atomique (ill\u00e9gale) isra\u00e9lienne, prix Nobel de la Paix (1994 pour l\u2019arnaque d\u2019Oslo) et Docteur Honoris Causa de l\u2019ULB (qui est donc \u00ab\u00a0neutre\u00a0\u00bb depuis 1987) a commis durant sa longue carri\u00e8re un certain nombre de crimes de guerre et de crimes contre l\u2019humanit\u00e9. En 1996, redevenu premier ministre pour la troisi\u00e8me fois, il d\u00e9marre\u00a0 sa campagne \u00e9lectorale pour les \u00e9lections anticip\u00e9es en ordonnant le lancement de l\u2019op\u00e9ration \u00ab\u00a0Raisins de la col\u00e8re\u00a0\u00bb. Cette op\u00e9ration provoqua son lot de destructions et de morts, trop souvent vus au Liban, et poussa 400.000 personnes \u00e0 fuir leur foyer. Parmi ces r\u00e9fugi\u00e9s, nombreux sont les civils qui p\u00e9rirent ou furent gravement bless\u00e9s suite aux bombardements d\u00e9lib\u00e9r\u00e9s, par l\u2019arm\u00e9e de \u00ab\u00a0d\u00e9fense\u00a0\u00bb sioniste, <del cite=\"mailto:Nathalie\" datetime=\"2013-02-25T23:03\">\u00a0<\/del>du refuge de l\u2019ONU qui les avait accueillis, Shimon Peres tint les mots suivants \u00e0 la suite de cette attaque contre une base de l\u2019ONU, perp\u00e9tr\u00e9e sous ses ordres\u00a0: \u00ab\u00a0Mon opinion est que tout a \u00e9t\u00e9 fait de mani\u00e8re responsable et suivant une logique claire. Je suis en paix.\u00a0\u00bb<\/strong><\/p>\n<p><strong>Parce que l\u2019ULB est une institution qui, malgr\u00e9 toutes ses \u00ab\u00a0spin-offs\u00a0\u00bb, re\u00e7oit encore beaucoup d\u2019argent du contribuable, une institution dont le sommet se d\u00e9clare neutre quand il s\u2019agit de d\u00e9fendre les droits du peuple Palestinien, une institution qui est cens\u00e9e former notre jeunesse, une institution qui pr\u00e9tend participer positivement de l\u2019image de notre ville et de notre pays, Egalit\u00e9 souhaite, comme nombres d\u2019\u00e9tudiants ulbistes, que le recteur Viviers n\u2019associe pas le nom de l\u2019universit\u00e9 \u00e0 un criminel de guerre, et refuse ainsi de jouer les affid\u00e9s locaux lui donnant caution de ses crimes.<\/strong><\/p>\n<p><strong><br \/>\n\u200e<em>\u00a0\u00bb Si tu es neutre en situation d\u2019injustice, tu as choisi le parti de l\u2019oppresseur.\u00a0\u00bb \u2013 Desmond Tutu<\/em><\/strong><\/p>\n<p><strong>Nous ne pouvons accepter la venue en Belgique d\u2019un \u00a0criminel de guerre qui continue la colonisation en Cisjordanie et \u00e0 J\u00e9rusalem Est, l\u2019architecte de la \u00ab\u00a0bombe\u00a0\u00bb qui maintient incarc\u00e9r\u00e9s plus de 4500 prisonniers politiques et qui m\u00e8ne une politique raciste envers les palestiniens et m\u00eame envers une partie de ses propres concitoyens.<\/strong><\/p>\n<p><strong>Nous acceptons encore moins qu\u2019un ministre f\u00e9d\u00e9ral en fonction, Pieter De Crem, s\u2019y rende. Ce serait un signe d\u2019encouragement, voire de reconnaissance, de la politique du pire\u00a0: celle du droit international foul\u00e9 librement.<\/strong><\/p>\n<p><strong>L\u2019image flatteuse d\u2019un pays o\u00f9 la cr\u00e9ativit\u00e9 s\u2019\u00e9panouit librement, qu\u2019Isra\u00ebl s\u2019efforce d\u2019entretenir, contraste avec la r\u00e9alit\u00e9 que doit endurer le peuple palestinien\u00a0: les r\u00e9fugi\u00e9s sont toujours interdits de droit au retour, ceux qui vivent en Isra\u00ebl subissent des s\u00e9gr\u00e9gations l\u00e9gales et culturelles\u00a0; la bande de Gaza est toujours sous blocus, les Territoires palestiniens de Cisjordanie et de J\u00e9rusalem Est sont toujours sous occupation militaire. Au m\u00e9pris du droit et des protestations, Isra\u00ebl poursuit la colonisation et la construction du Mur de s\u00e9paration en Cisjordanie et \u00e0 J\u00e9rusalem. Nous reconnaissons dans ces politiques les traits d\u2019un r\u00e9gime d\u2019Apartheid, tel qu\u2019il est d\u00e9fini dans le droit international.<\/strong><\/p>\n<p><strong>Pour faire face \u00e0 cette situation d\u2019oppression, et pour lutter contre l\u2019impunit\u00e9 dont b\u00e9n\u00e9ficie l\u2019\u00c9tat d\u2019Isra\u00ebl aupr\u00e8s des grandes puissances, la soci\u00e9t\u00e9 civile palestinienne a lanc\u00e9 un appel \u00e0 la solidarit\u00e9 par le moyen du boycott, des d\u00e9sinvestissements et des sanctions contre l\u2019\u00c9tat isra\u00e9lien (BDS). Nous observons que le boycott pacifique, quand il est suivi par de nombreuses personnes, constitue un moyen de pression efficace. Le BDS est m\u00eame relay\u00e9 par des citoyens isra\u00e9liens r\u00e9unis dans le groupe Boycott from Within<a title=\"\" href=\"http:\/\/www.egalite.be\/?paged=22#_edn2\">[ii]<\/a>, qui poursuivent leur action en d\u00e9pit de la loi anti-boycott vot\u00e9e r\u00e9cemment par le parlement isra\u00e9lien et aussi de nombreux militants et d\u2019organisations de Juifs actifs dans BDS<a title=\"\" href=\"http:\/\/www.egalite.be\/?paged=22#_edn3\">[iii]<\/a>.<\/strong><\/p>\n<p><strong>Le parti \u00c9GALIT\u00c9 <em>soutient activement<\/em> la Mobilisation et invite ses membres et sympathisant-e-s \u00e0 y <em>participer<\/em>.<\/strong><\/p>\n<p><strong>Le parti \u00c9GALIT\u00c9 souhaite l\u2019arrestation et le jugement pour crime de guerre de Shimon Peres.<br \/>\n<\/strong><\/p>\n<p><strong>Le parti \u00c9GALIT\u00c9 se demande, qui mettra ses forces de l\u2019ordre au service de ce criminel de guerre qui m\u00e9rite plut\u00f4t d\u2019\u00eatre arr\u00eat\u00e9 et de passer devant la justice\u00a0et qui paiera l\u2019addition pour cette protection\u00a0?<\/strong><\/p>\n<p><strong>Nous vous appelons donc \u00e0 ne pas accepter d\u2019\u00eatre complices du vol des terres palestiniennes, des violations des droits humains et du droit international.<\/strong><\/p>\n<p><strong>2 rendez-vous sont d\u00e9j\u00e0 pr\u00e9vus :<br \/>\n&#8211; Le 4 mars \u00e0 12h30 sur l\u2019avenue Heger \u00e0 la hauteur du foyer, rassemblement pour aller ensemble au rectorat exiger que le recteur annule sa participation.<br \/>\n&#8211; Le 5 mars pr\u00e8s du palais des acad\u00e9mies ou se d\u00e9roulera la soir\u00e9e avec Shimon P\u00e9res.<\/strong><\/p>\n<p><strong><a href=\"https:\/\/www.facebook.com\/events\/495650047159545\/\">Rassemblement autoris\u00e9 contre la venue de Shimon Perez !<\/a> <\/strong><\/p>\n<p><strong>A 17h30 Place du Tr\u00f4ne, pr\u00e8s de la statue L\u00e9opold.<br \/>\nTous les cercles et associations qui veulent se joindre \u00e0 cet \u00e9v\u00e8nement sont les bienvenus.<\/strong><\/p>\n<p><strong>\u00a0<strong>Nordine Sa\u00efdi<br \/>\nPorte parole d\u2019 \u00c9GALIT\u00c9<br \/>\n<a href=\"http:\/\/www.egalite.be\" target=\"_blank\">www.egalite.be<\/a><\/strong><\/strong><\/p>\n<div><strong><\/strong><\/p>\n<hr align=\"left\" size=\"1\" width=\"33%\" \/>\n<div>\n<p><strong><a title=\"\" href=\"http:\/\/www.egalite.be\/?paged=22#_ednref1\">[i]<\/a> <a href=\"http:\/\/blog-recteur.ulb.ac.be\/\">http:\/\/blog-recteur.ulb.ac.be\/<\/a> <\/strong><\/p>\n<\/div>\n<div>\n<p><strong><a title=\"\" href=\"http:\/\/www.egalite.be\/?paged=22#_ednref2\">[ii]<\/a> <a href=\"http:\/\/boycottisrael.info\/\" target=\"_blank\">http:\/\/boycottisrael.info\/<\/a> <\/strong><\/p>\n<\/div>\n<div>\n<p><strong><a title=\"\" href=\"http:\/\/www.egalite.be\/?paged=22#_ednref3\">[iii]<\/a> <em>Une r\u00e9ponse juive \u00e0 la D\u00e9claration de F\u00e9vrier 2011 des Organisations Juives Sionistes concernant les campagnes Boycott, D\u00e9sinvestissement et Sanctions (BDS) contre Isra\u00ebl. <\/em><em><br \/>\n<\/em><\/strong><br \/>\nParce que le boycott acad\u00e9mique, culturel et commercial, les d\u00e9sinvestissements et les sanctions d\u2019Isra\u00ebl:<\/p>\n<ul>\n<li>ont \u00e9t\u00e9 appel\u00e9s par la soci\u00e9t\u00e9 civile palestinienne en r\u00e9ponse \u00e0 l\u2019occupation et \u00e0 la colonisation de leurs terres,<\/li>\n<li>sont une voie morale pour r\u00e9pondre de fa\u00e7on non-violente et pacifique \u00e0 plus de soixante ans de colonialisme isra\u00e9lien et,<\/li>\n<li>placent justement la responsabilit\u00e9 au sein des institutions isra\u00e9liennes (et de leurs alli\u00e9s et partenaires) qui utilisent des liens commerciaux, culturels, universitaires pour blanchir la responsabilit\u00e9 d\u2019Isra\u00ebl dans la continuation de ses crimes contre l\u2019humanit\u00e9,<\/li>\n<\/ul>\n<p>Les organisations et individus soussign\u00e9s demeurent fermes dans leur appui \u00e0 la campagne Boycott, D\u00e9sinvestissement et Sanctions (BDS) contre Isra\u00ebl\u00a0 jusqu\u2019\u00e0 ce qu\u2019il reconnaisse les droits inali\u00e9nables des Palestiniens \u00e0 l\u2019autod\u00e9termination et respecte enti\u00e8rement les pr\u00e9ceptes du droit international.<\/p>\n<p>BDS n\u2019est pas antis\u00e9mite. Nous rejetons l\u2019id\u00e9e selon laquelle l\u2019appel BDS 2005 de la Palestine, et les campagnes BDS dans le monde entier qu\u2019il a inspir\u00e9es, sont enracin\u00e9s dans un sentiment anti-juif. Au contraire, BDS est un mouvement antiraciste contre l\u2019occupation quotidienne et brutale de la Palestine et contre la menace militaire que l\u2019Etat d\u2019Isra\u00ebl fait peser sur la r\u00e9gion. Les all\u00e9gations d\u2019antis\u00e9mitisme falsifient la vrai nature de la lutte palestinienne et sont un affront \u00e0, et une trahison de la longue histoire de la survie juive et de la r\u00e9sistance \u00e0 la pers\u00e9cution.<\/p>\n<p>BDS n\u2019est pas anti-d\u00e9mocratique. Nous rejetons \u00e9galement l\u2019affirmation selon laquelle le boycott culturel et acad\u00e9mique d\u2019Isra\u00ebl d\u00e9fie le principe d\u00e9mocratique de la libert\u00e9 d\u2019expression. La recherche-d\u00e9veloppement dans les institutions universitaires joue un r\u00f4le central dans la conception et la d\u00e9fense militaire d\u2019Isra\u00ebl et dans l\u2019organisation des services secrets. Les institutions culturelles perp\u00e9tuent la tromperie sur la d\u00e9mocratie isra\u00e9lienne. D\u00e9fendre la libert\u00e9 d\u2019expression pour ceux qui ne respectent pas la justice tout en diabolisant ceux qui luttent pour la justice est un mauvais service rendu \u00e0 une d\u00e9mocratie v\u00e9ritable.<\/p>\n<p>Par le boycott, le d\u00e9sinvestissement et les sanctions, la soci\u00e9t\u00e9 civile affirme notre engagement \u00e0 ne pas contribuer financi\u00e8rement \u00e0 l\u2019Etat isra\u00e9lien qui est responsable d\u2019actes atroces de m\u00e9pris pour la vie humaine et le bien-\u00eatre. Les attaques contre les campagnes BDS ne nous emp\u00eacheront pas de prendre cette position contre l\u2019impunit\u00e9 d\u2019Isra\u00ebl. Pour les organisations juives signataires de cette lettre, l\u2019auto-d\u00e9termination pour les Juifs comprend le droit de participer au mouvement pour la justice en Palestine et \u00e0 vivre ensemble dans le monde avec nos concitoyens dans la paix, la libert\u00e9 et l\u2019\u00e9galit\u00e9. Il n\u2019inclut pas la domination et la colonisation d\u2019autres personnes ni le fait de vivre s\u00e9par\u00e9ment des autres \u00eatres humains dans un \u00e9tat qui privil\u00e9gie les Juifs.<\/p>\n<p>BDS, par une pression internationale, a \u00e9t\u00e9 une strat\u00e9gie cl\u00e9 pour mettre fin au syst\u00e8me sud africain blanc d\u2019apartheid. Dans la recherche de la justice, de la paix et de la libert\u00e9 pour tous, nous nous exprimons en tant de Juifs qui s\u2019engagent pour BDS et pour la lib\u00e9ration de la Palestine. Nous appelons organisations et individus \u00e0 se joindre \u00e0 nous pour condamner les fausses accusations d\u2019antis\u00e9mitisme qui tentent de discr\u00e9diter notre militantisme antiraciste collectif contre l\u2019apartheid isra\u00e9lien.<\/p>\n<p>* Women in Black (Austria)<br \/>\n* Union Juive Fran\u00e7aise pour la Paix (UJFP)<br \/>\n* Bay Area Women in Black (USA)<br \/>\n* St. Louis Women in Black (USA)<br \/>\n* Philadelphia Jews for a Just Peace (USA)<br \/>\n* American Jews for a Just Peace (USA)<br \/>\n* Jews for Boycotting Israeli Goods (UK)<br \/>\n* JUNTS, Asociaci\u00f3 catalana de Jueus i Palestins (Asociaci\u00f3n Catalana de Judios y Palestinas, Spain)<br \/>\n* Ronnie Kasrils, former South African government minister, writer, founder Not In My Name, South Africa<br \/>\n* Antony Loewenstein, Independent Australian Jewish Voices<br \/>\n* Peter Slezak, Independent Australian Jewish Voices<br \/>\n* Mosh\u00e9 Machover, Professor (emeritus) (UK), founder Matzpen<br \/>\n* Felicia Langer, Israeli lawyer, author, Right Livelihood Award 2006 (Alternative Nobel\u00a0\u00a0\u00a0\u00a0 Prize)1990, Bruno Kreisky Prize 1991<br \/>\n* Mieciu Langer, Nazi Holocaust survivor<br \/>\n* Hedy Epstein, Nazi Holocaust survivor<br \/>\n* Hajo G. Meyer PhD, Nazi Holocaust survivor<br \/>\n* Kamal Chenoy, IJAN India &amp; The All India Peace and Solidarity Organization<br \/>\n* Paola Canarutto &amp; Giorgio Forti, Rete ECO, Italy<br \/>\n* Liliane Cordova Kaczerginski, IJAN France<br \/>\n* Sonia Fayman, IJAN France &amp; UJFP<br \/>\n* Ernesto Rosenberg, GRAMARPAL (Grupo de Amistad Argentina-Palestina, Neuqu\u00e9n, Argentina)<br \/>\n* Mark Elf, blogger, Jews sans Frontieres<\/p>\n<p>Signer la lettre sur le site d\u2019IJAN, r\u00e9seau international des juifs anti-sionistes : <a href=\"http:\/\/www.ijsn.net\/657\/\" target=\"_blank\">http:\/\/www.ijsn.net\/657\/<\/a><br \/>\n\u2013<\/p>\n<\/div>\n<\/div>\n<h2><a> <img decoding=\"async\" class=\"alignright\" alt=\"https:\/\/fbcdn-sphotos-d-a.akamaihd.net\/hphotos-ak-prn1\/421871_10200759863100035_1275384528_n.jpg\" src=\"https:\/\/fbcdn-sphotos-d-a.akamaihd.net\/hphotos-ak-prn1\/421871_10200759863100035_1275384528_n.jpg\" width=\"596\" height=\"876\" \/><\/a><\/h2>\n<p><strong><br \/>\n<\/strong><\/p>\n","protected":false},"excerpt":{"rendered":"","protected":false},"author":1,"featured_media":545,"comment_status":"open","ping_status":"open","sticky":false,"template":"","format":"standard","meta":{"footnotes":""},"categories":[6,18,28],"tags":[31,13],"class_list":["post-544","post","type-post","status-publish","format-standard","has-post-thumbnail","hentry","category-palestine-moyen-orient","category-resistance-bruxelles","category-racismes","tag-belgique","tag-nordine-saidi"],"_links":{"self":[{"href":"https:\/\/bruxelles-pantheres.be\/index.php?rest_route=\/wp\/v2\/posts\/544","targetHints":{"allow":["GET"]}}],"collection":[{"href":"https:\/\/bruxelles-pantheres.be\/index.php?rest_route=\/wp\/v2\/posts"}],"about":[{"href":"https:\/\/bruxelles-pantheres.be\/index.php?rest_route=\/wp\/v2\/types\/post"}],"author":[{"embeddable":true,"href":"https:\/\/bruxelles-pantheres.be\/index.php?rest_route=\/wp\/v2\/users\/1"}],"replies":[{"embeddable":true,"href":"https:\/\/bruxelles-pantheres.be\/index.php?rest_route=%2Fwp%2Fv2%2Fcomments&post=544"}],"version-history":[{"count":1,"href":"https:\/\/bruxelles-pantheres.be\/index.php?rest_route=\/wp\/v2\/posts\/544\/revisions"}],"predecessor-version":[{"id":546,"href":"https:\/\/bruxelles-pantheres.be\/index.php?rest_route=\/wp\/v2\/posts\/544\/revisions\/546"}],"wp:featuredmedia":[{"embeddable":true,"href":"https:\/\/bruxelles-pantheres.be\/index.php?rest_route=\/wp\/v2\/media\/545"}],"wp:attachment":[{"href":"https:\/\/bruxelles-pantheres.be\/index.php?rest_route=%2Fwp%2Fv2%2Fmedia&parent=544"}],"wp:term":[{"taxonomy":"category","embeddable":true,"href":"https:\/\/bruxelles-pantheres.be\/index.php?rest_route=%2Fwp%2Fv2%2Fcategories&post=544"},{"taxonomy":"post_tag","embeddable":true,"href":"https:\/\/bruxelles-pantheres.be\/index.php?rest_route=%2Fwp%2Fv2%2Ftags&post=544"}],"curies":[{"name":"wp","href":"https:\/\/api.w.org\/{rel}","templated":true}]}}