{"id":5446,"date":"2023-01-15T15:16:09","date_gmt":"2023-01-15T14:16:09","guid":{"rendered":"https:\/\/bruxelles-pantheres.be\/?p=5446"},"modified":"2023-01-15T15:21:54","modified_gmt":"2023-01-15T14:21:54","slug":"5446","status":"publish","type":"post","link":"https:\/\/bruxelles-pantheres.be\/?p=5446","title":{"rendered":"Rassemblement en m\u00e9moire de Sourour"},"content":{"rendered":"<div dir=\"auto\">Sourour Abouda a perdu la vie dans la nuit du 11 au 12 janvier dernier, dans les locaux de la police (Rue Royale 202A &#8211; 1000 Bruxelles) alors qu&rsquo;elle avait \u00e9t\u00e9 intercept\u00e9e plus t\u00f4t dans la nuit sur la voie publique. Les circonstances de son d\u00e9c\u00e8s sont floues et interpellantes : que s\u2019est-il pass\u00e9 entre sa mise en cellule et le lendemain matin, o\u00f9 son corps sans vie a \u00e9t\u00e9 retrouv\u00e9 ? Des raisons officielles sont \u00e9voqu\u00e9es par les autorit\u00e9s, mais balay\u00e9es d\u2019un revers de la main par l\u2019avocate de la famille de Sourour.<\/div>\n<div dir=\"auto\"><\/div>\n<div dir=\"auto\">\n<div class=\"x11i5rnm xat24cr x1mh8g0r x1vvkbs xtlvy1s x126k92a\">\n<div dir=\"auto\">Nous sommes au plus pr\u00e8s de ses proches dans la recherche n\u00e9cessaire et l\u00e9gitime d&rsquo;informations claires sur les circonstances de son d\u00e9c\u00e8s. La lumi\u00e8re devra \u00eatre faite sur les \u00e9v\u00e8nements qui ont pr\u00e9c\u00e9d\u00e9 le drame et sur le degr\u00e9 de responsabilit\u00e9 des autorit\u00e9s de police. D&rsquo;autant que dans un pass\u00e9 r\u00e9cent, deux jeunes hommes ont \u00e9galement perdu la vie dans ce m\u00eame commissariat et que des enqu\u00eates sont en cours.<\/div>\n<\/div>\n<div class=\"x11i5rnm xat24cr x1mh8g0r x1vvkbs xtlvy1s x126k92a\">\n<div dir=\"auto\">Afin de comm\u00e9morer sa m\u00e9moire, sa joie de vivre et son profond attachement aux relations humaines positives, constructives et motiv\u00e9es par de meilleurs lendemains, nous vous proposons de lui rendre femmage. Un rassemblement de deuil et de recueillement est organis\u00e9 ce dimanche 15 janvier, \u00e0 18h, devant le commissariat o\u00f9 Sourour est d\u00e9c\u00e9d\u00e9e (Rue Royale 202A &#8211; 1000 Bruxelles). Toutes les associations qui souhaiteraient collaborer dans cette action sont invit\u00e9es \u00e0 nous contacter, afin que nous puissions les ajouter en tant que co-organisatrices<\/div>\n<\/div>\n<div class=\"x11i5rnm xat24cr x1mh8g0r x1vvkbs xtlvy1s x126k92a\">\n<div dir=\"auto\">Nous invitons tous ceux et celles qui l&rsquo;appr\u00e9ciaient et qui ont crois\u00e9 sa route lumineuse \u00e0 nous rejoindre avec des fleurs et des bougies.<\/div>\n<div dir=\"auto\" style=\"text-align: center;\"><a href=\"https:\/\/www.facebook.com\/events\/569382618427340\">https:\/\/www.facebook.com\/events\/569382618427340<\/a><\/div>\n<\/div>\n<\/div>\n<p><!--more--><\/p>\n<div dir=\"auto\" style=\"text-align: center;\"><\/div>\n<div dir=\"auto\"><a href=\"https:\/\/bruxelles-pantheres.be\/wp-content\/uploads\/2023\/01\/c0a5a65e55124eae3388586316a25f57-1673705929.jpg\"><img decoding=\"async\" class=\"wp-image-5452 size-full aligncenter\" src=\"https:\/\/bruxelles-pantheres.be\/wp-content\/uploads\/2023\/01\/c0a5a65e55124eae3388586316a25f57-1673705929.jpg\" alt=\"\" width=\"770\" height=\"432\" srcset=\"https:\/\/bruxelles-pantheres.be\/wp-content\/uploads\/2023\/01\/c0a5a65e55124eae3388586316a25f57-1673705929.jpg 770w, https:\/\/bruxelles-pantheres.be\/wp-content\/uploads\/2023\/01\/c0a5a65e55124eae3388586316a25f57-1673705929-300x168.jpg 300w, https:\/\/bruxelles-pantheres.be\/wp-content\/uploads\/2023\/01\/c0a5a65e55124eae3388586316a25f57-1673705929-768x431.jpg 768w\" sizes=\"(max-width: 770px) 100vw, 770px\" \/><\/a><a href=\"https:\/\/bruxelles-pantheres.be\/wp-content\/uploads\/2023\/01\/322735918_1678587135877989_3493414036475132277_n.jpg\"><img decoding=\"async\" class=\"wp-image-5447  alignleft\" src=\"https:\/\/bruxelles-pantheres.be\/wp-content\/uploads\/2023\/01\/322735918_1678587135877989_3493414036475132277_n.jpg\" alt=\"\" width=\"391\" height=\"303\" srcset=\"https:\/\/bruxelles-pantheres.be\/wp-content\/uploads\/2023\/01\/322735918_1678587135877989_3493414036475132277_n.jpg 600w, https:\/\/bruxelles-pantheres.be\/wp-content\/uploads\/2023\/01\/322735918_1678587135877989_3493414036475132277_n-300x233.jpg 300w\" sizes=\"(max-width: 391px) 100vw, 391px\" \/><\/a><\/div>\n<div dir=\"auto\">Nous pr\u00e9sentons toutes nos condol\u00e9ances au fils et \u00e0 la famille de la victime, Sourour Abouda. Allah y rehma.<\/div>\n<div dir=\"auto\">Nous exprimons toute notre solidarit\u00e9 avec son fils, sa famille, ses proches et ses coll\u00e8gues du PAC dans ce moment douloureux et face \u00e0 l\u2019immense peine qu\u2019ils doivent ressentir devant cette mort injustifiable.<\/div>\n<div dir=\"auto\">Nous esp\u00e9rons qu\u2019ils parviendront \u00e0 obtenir v\u00e9rit\u00e9 et justice \u00e0 le suite de ce drame aussi inutile qu\u2019\u00e9vitable. Nous sommes pr\u00eats \u00e0 leur apporter tout le soutien dont nous sommes capables.<\/div>\n<div dir=\"auto\">Comme d\u2019autres avant nous depuis des d\u00e9cennies, nous ne cessons de le r\u00e9p\u00e9ter : si vous \u00eates identifi\u00e9.e comme Arabe et que pour une raison ou une autre vous vous retrouvez entre les mains de la police belge, gardienne de l\u2019ordre raciale en vigueur dans ce pays, il y a une forte probabilit\u00e9 que vous finissiez au cimeti\u00e8re.<\/div>\n<div dir=\"auto\">Jeune, adulte, homme, femme, avec ou sans papiers, avec ou sans nationalit\u00e9 belge, la police belge ne fait aucune discrimination quand il s\u2019agit de tuer ou de laisser mourir un ou une Arabe dans un commissariat ou sur la voie publique. Attaque de chien, \u00e9touffement, coups de poings, coup de pare-chocs, jet sur une voie ferr\u00e9e, la police belge ne s\u2019interdit aucune m\u00e9thode pour torturer et trop souvent tuer des Arabes qui ont le malheur de croiser son chemin.<\/div>\n<div dir=\"auto\">Nous exigeons des autorit\u00e9s politiques qu\u2019elles prennent les d\u00e9cisions et mesures n\u00e9cessaires pour mettre un terme \u00e0 cette tradition que sont les violences polici\u00e8res envers des gens qui sont identifi\u00e9s comme Arabes. Violences qui sont la manifestation la plus visible et la plus fr\u00e9quente du racisme d\u2019\u00c9tat qui s\u00e9vit dans ce pays.<\/div>\n<div dir=\"auto\">Des r\u00e9actions et actions fortes de la part du monde m\u00e9diatique, des autorit\u00e9s acad\u00e9miques, des institutions et organisations de l\u2019antiracisme professionnel, de l\u2019antiracisme d\u2019\u00e9tat (pour lequel la victime travaillait) sont aussi absolument indispensables si nous voulons esp\u00e9rer voir disparaitre ces fl\u00e9aux.<\/div>\n<div dir=\"auto\">Concr\u00e8tement, nous demandons \u00e0 <a class=\"x1i10hfl xjbqb8w x6umtig x1b1mbwd xaqea5y xav7gou x9f619 x1ypdohk xt0psk2 xe8uvvx xdj266r x11i5rnm xat24cr x1mh8g0r xexx8yu x4uap5 x18d9i69 xkhd6sd x16tdsg8 x1hl2dhg xggy1nq x1a2a7pz xt0b8zv x1qq9wsj xo1l8bm\" tabindex=\"0\" role=\"link\" href=\"https:\/\/www.facebook.com\/unia?__cft__[0]=AZVh118NRiIN2PM28_NPU1GEtdoBWo4i4uuKpqK6pvGzLVDGaKIHXvhbwAGoMpUCxrEn4MeHn-tE-P5AUo9aGTXDHUq_O78dKSDk6ArVS1umT0CPqot_jMVnXKHFPQ5XTI2rQV9uKwxfKfVRrUxIa8wci_j6daIndkGa3c3K8PYD7Q-VH4W0UG2ZR-4t894zBKk&amp;__tn__=-]K-R\"><span class=\"xt0psk2\">Unia<\/span><\/a>, \u00e0 la <a class=\"x1i10hfl xjbqb8w x6umtig x1b1mbwd xaqea5y xav7gou x9f619 x1ypdohk xt0psk2 xe8uvvx xdj266r x11i5rnm xat24cr x1mh8g0r xexx8yu x4uap5 x18d9i69 xkhd6sd x16tdsg8 x1hl2dhg xggy1nq x1a2a7pz xt0b8zv x1qq9wsj xo1l8bm\" tabindex=\"0\" role=\"link\" href=\"https:\/\/www.facebook.com\/liguedhbe?__cft__[0]=AZVh118NRiIN2PM28_NPU1GEtdoBWo4i4uuKpqK6pvGzLVDGaKIHXvhbwAGoMpUCxrEn4MeHn-tE-P5AUo9aGTXDHUq_O78dKSDk6ArVS1umT0CPqot_jMVnXKHFPQ5XTI2rQV9uKwxfKfVRrUxIa8wci_j6daIndkGa3c3K8PYD7Q-VH4W0UG2ZR-4t894zBKk&amp;__tn__=-]K-R\"><span class=\"xt0psk2\">Ligue des droits humains<\/span><\/a>, au <a class=\"x1i10hfl xjbqb8w x6umtig x1b1mbwd xaqea5y xav7gou x9f619 x1ypdohk xt0psk2 xe8uvvx xdj266r x11i5rnm xat24cr x1mh8g0r xexx8yu x4uap5 x18d9i69 xkhd6sd x16tdsg8 x1hl2dhg xggy1nq x1a2a7pz xt0b8zv x1qq9wsj xo1l8bm\" tabindex=\"0\" role=\"link\" href=\"https:\/\/www.facebook.com\/mouvement.pac?__cft__[0]=AZVh118NRiIN2PM28_NPU1GEtdoBWo4i4uuKpqK6pvGzLVDGaKIHXvhbwAGoMpUCxrEn4MeHn-tE-P5AUo9aGTXDHUq_O78dKSDk6ArVS1umT0CPqot_jMVnXKHFPQ5XTI2rQV9uKwxfKfVRrUxIa8wci_j6daIndkGa3c3K8PYD7Q-VH4W0UG2ZR-4t894zBKk&amp;__tn__=-]K-R\"><span class=\"xt0psk2\">Mouvement Pr\u00e9sence et Action Culturelles<\/span><\/a>, au <a class=\"x1i10hfl xjbqb8w x6umtig x1b1mbwd xaqea5y xav7gou x9f619 x1ypdohk xt0psk2 xe8uvvx xdj266r x11i5rnm xat24cr x1mh8g0r xexx8yu x4uap5 x18d9i69 xkhd6sd x16tdsg8 x1hl2dhg xggy1nq x1a2a7pz xt0b8zv x1qq9wsj xo1l8bm\" tabindex=\"0\" role=\"link\" href=\"https:\/\/www.facebook.com\/mrax.mrax\/?__cft__[0]=AZVh118NRiIN2PM28_NPU1GEtdoBWo4i4uuKpqK6pvGzLVDGaKIHXvhbwAGoMpUCxrEn4MeHn-tE-P5AUo9aGTXDHUq_O78dKSDk6ArVS1umT0CPqot_jMVnXKHFPQ5XTI2rQV9uKwxfKfVRrUxIa8wci_j6daIndkGa3c3K8PYD7Q-VH4W0UG2ZR-4t894zBKk&amp;__tn__=kK-R\"><span class=\"xt0psk2\">MRAX asbl<\/span><\/a> et plus globalement \u00e0 toutes les organisations qui le peuvent, de se porter partie civile au c\u00f4t\u00e9 de la famille pour obtenir v\u00e9rit\u00e9 et justice suite \u00e0 la mort de Sourour Abouda.<\/div>\n","protected":false},"excerpt":{"rendered":"<p>Sourour Abouda a perdu la vie dans la nuit du 11 au 12 janvier dernier, dans les locaux de la police (Rue Royale 202A &#8211; 1000 Bruxelles) alors qu&rsquo;elle avait \u00e9t\u00e9 intercept\u00e9e plus t\u00f4t dans la nuit sur la voie publique. Les circonstances de son d\u00e9c\u00e8s sont floues et interpellantes : que s\u2019est-il pass\u00e9 entre &#8230; <a title=\"Rassemblement en m\u00e9moire de Sourour\" class=\"read-more\" href=\"https:\/\/bruxelles-pantheres.be\/?p=5446\" aria-label=\"En savoir plus sur Rassemblement en m\u00e9moire de Sourour\">Lire la suite<\/a><\/p>\n","protected":false},"author":1,"featured_media":5448,"comment_status":"open","ping_status":"open","sticky":false,"template":"","format":"standard","meta":{"footnotes":""},"categories":[4,8,18,28,5],"tags":[524],"class_list":["post-5446","post","type-post","status-publish","format-standard","has-post-thumbnail","hentry","category-islamophobie","category-prisons","category-resistance-bruxelles","category-racismes","category-violence-policiere","tag-sourour"],"_links":{"self":[{"href":"https:\/\/bruxelles-pantheres.be\/index.php?rest_route=\/wp\/v2\/posts\/5446","targetHints":{"allow":["GET"]}}],"collection":[{"href":"https:\/\/bruxelles-pantheres.be\/index.php?rest_route=\/wp\/v2\/posts"}],"about":[{"href":"https:\/\/bruxelles-pantheres.be\/index.php?rest_route=\/wp\/v2\/types\/post"}],"author":[{"embeddable":true,"href":"https:\/\/bruxelles-pantheres.be\/index.php?rest_route=\/wp\/v2\/users\/1"}],"replies":[{"embeddable":true,"href":"https:\/\/bruxelles-pantheres.be\/index.php?rest_route=%2Fwp%2Fv2%2Fcomments&post=5446"}],"version-history":[{"count":4,"href":"https:\/\/bruxelles-pantheres.be\/index.php?rest_route=\/wp\/v2\/posts\/5446\/revisions"}],"predecessor-version":[{"id":5453,"href":"https:\/\/bruxelles-pantheres.be\/index.php?rest_route=\/wp\/v2\/posts\/5446\/revisions\/5453"}],"wp:featuredmedia":[{"embeddable":true,"href":"https:\/\/bruxelles-pantheres.be\/index.php?rest_route=\/wp\/v2\/media\/5448"}],"wp:attachment":[{"href":"https:\/\/bruxelles-pantheres.be\/index.php?rest_route=%2Fwp%2Fv2%2Fmedia&parent=5446"}],"wp:term":[{"taxonomy":"category","embeddable":true,"href":"https:\/\/bruxelles-pantheres.be\/index.php?rest_route=%2Fwp%2Fv2%2Fcategories&post=5446"},{"taxonomy":"post_tag","embeddable":true,"href":"https:\/\/bruxelles-pantheres.be\/index.php?rest_route=%2Fwp%2Fv2%2Ftags&post=5446"}],"curies":[{"name":"wp","href":"https:\/\/api.w.org\/{rel}","templated":true}]}}