{"id":5468,"date":"2023-02-03T23:10:29","date_gmt":"2023-02-03T22:10:29","guid":{"rendered":"https:\/\/bruxelles-pantheres.be\/?p=5468"},"modified":"2023-02-03T23:05:52","modified_gmt":"2023-02-03T22:05:52","slug":"de-la-profondeur-de-lislamophobie-detat-en-belgique","status":"publish","type":"post","link":"https:\/\/bruxelles-pantheres.be\/?p=5468","title":{"rendered":"De la profondeur de l\u2019islamophobie d\u2019\u00c9tat en Belgique."},"content":{"rendered":"<blockquote><p><strong>Sourour<\/strong><\/p><\/blockquote>\n<p>Vous imaginez qu\u2019on interdise \u00e0 une famille chr\u00e9tienne, surtout si elle est blanche, de choisir l\u2019\u00e9glise dans laquelle elle souhaite que se d\u00e9roulent les fun\u00e9railles d\u2019une fille, d\u2019une m\u00e8re, d\u2019une s\u0153ur ?<\/p>\n<p>Vous imaginez qu\u2019on interdise \u00e0 une famille juive de choisir la synagogue dans laquelle elle souhaite que se d\u00e9roulent les fun\u00e9railles d\u2019une fille, d\u2019une m\u00e8re, d\u2019une s\u0153ur ?<\/p>\n<p>Vous imaginez qu\u2019on oblige une famille dont le d\u00e9funt souhaitait \u00eatre incin\u00e9r\u00e9 \u00e0 le faire enterrer ?<\/p>\n<p>Vous imaginez qu\u2019on oblige une famille dont le d\u00e9funt souhaitait \u00eatre enterr\u00e9 \u00e0 le faire incin\u00e9rer ?<\/p>\n<p>La r\u00e9ponse \u00e0 toutes ses questions est, sans doute, \u00ab non \u00bb.<!--more--><\/p>\n<figure id=\"attachment_3201\" aria-describedby=\"caption-attachment-3201\" style=\"width: 668px\" class=\"wp-caption aligncenter\"><a href=\"https:\/\/bruxelles-pantheres.be\/wp-content\/uploads\/2017\/03\/16649376_1189303187831722_832618022421858463_n.jpg\"><img decoding=\"async\" class=\"wp-image-3201 size-full\" src=\"https:\/\/bruxelles-pantheres.be\/wp-content\/uploads\/2017\/03\/16649376_1189303187831722_832618022421858463_n.jpg\" alt=\"\" width=\"678\" height=\"960\" srcset=\"https:\/\/bruxelles-pantheres.be\/wp-content\/uploads\/2017\/03\/16649376_1189303187831722_832618022421858463_n.jpg 678w, https:\/\/bruxelles-pantheres.be\/wp-content\/uploads\/2017\/03\/16649376_1189303187831722_832618022421858463_n-212x300.jpg 212w\" sizes=\"(max-width: 678px) 100vw, 678px\" \/><\/a><figcaption id=\"caption-attachment-3201\" class=\"wp-caption-text\">Contribution de Manu Scordia pour Bruxelles Panth\u00e8res<br \/>http:\/\/manu-scordia.blogspot.com\/<\/figcaption><\/figure>\n<p>Dans le contexte d\u2019islamophobie d\u2019\u00c9tat aigu\u00eb qui s\u00e9vit en Belgique, des interdictions et des injonctions de cet ordre peuvent se produire, et se produisent, d\u00e8s lors qu\u2019il s\u2019agit de Musulmans.<\/p>\n<p>Il semble que les autorit\u00e9s r\u00e9pressives et judiciaires bruxelloises ont d\u00e9cid\u00e9 d\u2019interdire la contre-autopsie du corps de Sourour demand\u00e9e par la famille.<\/p>\n<p>Ces m\u00eames autorit\u00e9s refusent \u00e9galement de remettre le corps \u00e0 la famille pour qu\u2019elle puisse lui offrir les soins rituels conformes au culte islamique avant d\u2019\u00eatre mis en bi\u00e8re et exp\u00e9di\u00e9 vers sa destination finale, en Tunisie.<\/p>\n<p>C\u2019est une intensification suppl\u00e9mentaire des discriminations, des violences et des d\u00e9nis de droit que subissent les Musulmans dans ce pays. Un traitement invraisemblable d\u2019inhumanit\u00e9 qui ne provoque quasiment aucune r\u00e9action. Ni dans le champ politico-m\u00e9diatique dans son ensemble, ni dans la population en g\u00e9n\u00e9ral. Comme \u00e0 chaque fois qu\u2019il s\u2019agit de d\u00e9fendre des opprim\u00e9s, les Justes se font rares. Ceux-l\u00e0, s\u2019il y en a, seront peut-\u00eatre honor\u00e9s dans 70 ou 80 ans par la pose d\u2019une petite plaque m\u00e9tallique devant la maison dans laquelle ils ont v\u00e9cu.<\/p>\n<p>La s\u00e9questration, ou \u00e0 tout le moins l\u2019appropriation du corps d\u00e9funt de Sourour par les autorit\u00e9s belges n\u2019est pas une premi\u00e8re dans l\u2019histoire r\u00e9cente des musulmans morts alors qu\u2019ils \u00e9taient en d\u00e9tention et sous la responsabilit\u00e9 de la police.<\/p>\n<blockquote><p><strong>Lamine<\/strong><\/p><\/blockquote>\n<p><a href=\"https:\/\/bruxelles-pantheres.be\/wp-content\/uploads\/2023\/02\/763.jpg\"><img decoding=\"async\" class=\"wp-image-5469 size-full aligncenter\" src=\"https:\/\/bruxelles-pantheres.be\/wp-content\/uploads\/2023\/02\/763.jpg\" alt=\"\" width=\"763\" height=\"536\" srcset=\"https:\/\/bruxelles-pantheres.be\/wp-content\/uploads\/2023\/02\/763.jpg 763w, https:\/\/bruxelles-pantheres.be\/wp-content\/uploads\/2023\/02\/763-300x211.jpg 300w\" sizes=\"(max-width: 763px) 100vw, 763px\" \/><\/a><\/p>\n<p>Mo\u00efse Lamine Bangoura est mort devant une cam\u00e9ra en 2018 \u00e0 Roulers sous le poids de plusieurs policiers. Ce meurtre n\u00e9grophobe restera impuni. Malgr\u00e9 l\u2019existence de la vid\u00e9o montrant l\u2019agonie et la mise \u00e0 mort de Lamine, aucun des policiers ne subira de proc\u00e8s et la famille sera m\u00eame condamn\u00e9e \u00e0 leur payer des indemnit\u00e9s pour avoir os\u00e9 tenter de demander \u00e0 la justice d\u2019enqu\u00eater sur la mort de leur fils ou fr\u00e8re. Malgr\u00e9 les nombreuses interpellations faites \u00e0 des d\u00e9put\u00e9s, des ministres, les sollicitations souvent sans r\u00e9ponse de la presse, les rassemblements, le corps de Mo\u00efse Lamine Bangoura n\u2019a \u00e9t\u00e9 rendu \u00e0 sa famille que plus de trois ans et demi plus tard gr\u00e2ce \u00e0 l\u2019intervention d\u2019associations communautaires. La famille n\u2019a pas pu le faire inhumer en Guin\u00e9e-Conakry. Lamine a \u00e9t\u00e9 tu\u00e9 comme Noir. Son corps a \u00e9t\u00e9 trait\u00e9 comme Noir et Musulman.<\/p>\n<p>Nous ne connaissons qu&rsquo;un seul autre exemple de \u00ab\u00a0justice\u00a0\u00bb qui garde le contr\u00f4le sur des corps de personnes d\u00e9c\u00e9d\u00e9es sans devoir s\u2019en justifier aupr\u00e8s de qui que ce soit\u00a0 et sans en subir la moindre cons\u00e9quence. C&rsquo;est la \u00ab\u00a0justice\u00a0\u00bb coloniale sioniste \u00e0 l\u2019\u0153uvre en Palestine occup\u00e9e.<\/p>\n<blockquote><p><strong>Sabrina et Ouasim &#8211; Mehdi Bouda &#8211; Adil- Mohamed Amine Berkane &#8211; Ilyes Abbedou &#8211; Ibrahima Barrie<\/strong><\/p><\/blockquote>\n<p style=\"text-align: center;\"><a href=\"https:\/\/bruxelles-pantheres.be\/wp-content\/uploads\/2023\/02\/139208695_10224037162661239_5907799925765849683_n.jpg\"><img decoding=\"async\" class=\"alignnone wp-image-5470 size-full\" src=\"https:\/\/bruxelles-pantheres.be\/wp-content\/uploads\/2023\/02\/139208695_10224037162661239_5907799925765849683_n.jpg\" alt=\"\" width=\"991\" height=\"778\" srcset=\"https:\/\/bruxelles-pantheres.be\/wp-content\/uploads\/2023\/02\/139208695_10224037162661239_5907799925765849683_n.jpg 991w, https:\/\/bruxelles-pantheres.be\/wp-content\/uploads\/2023\/02\/139208695_10224037162661239_5907799925765849683_n-300x236.jpg 300w, https:\/\/bruxelles-pantheres.be\/wp-content\/uploads\/2023\/02\/139208695_10224037162661239_5907799925765849683_n-768x603.jpg 768w\" sizes=\"(max-width: 991px) 100vw, 991px\" \/><\/a><\/p>\n<p>En Belgique les corps musulmans peuvent aussi \u00eatre, de mani\u00e8re r\u00e9currente et sans aucune autre raison que celle d\u2019\u00eatre identifi\u00e9s comme musulmans, arr\u00eat\u00e9s, oblig\u00e9s de s\u2019identifier, palp\u00e9s, insult\u00e9s, humili\u00e9s, d\u00e9shumanis\u00e9s, rabaiss\u00e9s au statut de nuisance sociale, voire soci\u00e9tale.<\/p>\n<p>En Belgique, les corps musulmans, \u00e0 pied ou en deux-roues, peuvent \u00eatre tu\u00e9s \u00e0 coups de pare-chocs de v\u00e9hicules de police, comme c\u2019est arriv\u00e9 \u00e0 Mehdi Bouda en 2019 et \u00e0 Adil en 2020. Un v\u00e9hicule de police peut aussi sciemment couper la route \u00e0 une moto sortant d\u2019un tunnel et mettre un terme \u00e0 la vie du pilote et aussi de sa passag\u00e8re, comme c\u2019est arriv\u00e9 en 2017 \u00e0 Sabrina et Ouasim.<\/p>\n<p>En Belgique, un corps musulman, comme un coca qu\u2019on met au cong\u00e9lateur pour rapidement le refroidir, peut \u00eatre compl\u00e8tement oubli\u00e9 dans un cachot par des policiers qui l\u2019y ont incarc\u00e9r\u00e9, jusqu\u2019\u00e0 ce que sa vie s\u2019arr\u00eate, comme c\u2019est arriv\u00e9, \u00e0 trois reprises en 2021, \u00e0 Mohamed Amine Berkane et Ilyes Abbedou dans le m\u00eame b\u00e2timent des forces de r\u00e9pression que celui o\u00f9 Sourour Abouda est d\u00e9c\u00e9d\u00e9e et \u00e0 Ibrahima Barrie dans un autre mortif\u00e8re commissariat bruxellois.<\/p>\n<p>Ces violences polici\u00e8res, ces violences d\u2019\u00c9tat, qui ne sont ni des accidents ni des bavures et qui sont bel et bien structurelles, n\u2019entra\u00eenent quasiment jamais de poursuites contre les acteurs impliqu\u00e9s. Ce ph\u00e9nom\u00e8ne porte un nom : impunit\u00e9. Une partie parfaitement identifi\u00e9e de la population subit ce ph\u00e9nom\u00e8ne : les Arabes, les Noirs, les Rroms.<\/p>\n<p>La presque totalit\u00e9 de la population consid\u00e9r\u00e9e comme l\u00e9gitime en Belgique est partag\u00e9e entre deux postures. D\u2019un c\u00f4t\u00e9, chez les plus r\u00e9actionnaires et chez les plus fachos, nous observons un soutien inconditionnel aux forces de r\u00e9pression, m\u00eame si celles-ci ont potentiellement enfreint la loi et bafou\u00e9 les droits humains les plus \u00e9l\u00e9mentaires soi-disant accord\u00e9s \u00e0 tout \u00eatre humain. De l\u2019autre, chez les moins r\u00e9actionnaires et les moins fachos, nous observons une r\u00e9action qui n\u2019est pas pire mais est n\u00e9anmoins tout aussi r\u00e9pugnante que la premi\u00e8re : l\u2019indiff\u00e9rence.<\/p>\n<p>Nous allons maintenant illustrer cette indiff\u00e9rence face aux traitements d\u00e9shumanisants et parfois mortels que subissent les Musulmans dans ce pays, de la part de ce pays.<\/p>\n<p style=\"text-align: center;\"><a href=\"https:\/\/bruxelles-pantheres.be\/wp-content\/uploads\/2020\/12\/118861823_3359039130817103_5627628379690342713_n.jpg\"><img decoding=\"async\" class=\"alignnone wp-image-4637 size-full\" src=\"https:\/\/bruxelles-pantheres.be\/wp-content\/uploads\/2020\/12\/118861823_3359039130817103_5627628379690342713_n.jpg\" alt=\"\" width=\"486\" height=\"642\" srcset=\"https:\/\/bruxelles-pantheres.be\/wp-content\/uploads\/2020\/12\/118861823_3359039130817103_5627628379690342713_n.jpg 486w, https:\/\/bruxelles-pantheres.be\/wp-content\/uploads\/2020\/12\/118861823_3359039130817103_5627628379690342713_n-227x300.jpg 227w\" sizes=\"(max-width: 486px) 100vw, 486px\" \/><\/a><\/p>\n<p>Pour ce faire, nous aborderons le sujet de la d\u00e9tention d\u2019Olivier Vandecasteele en Iran. Nous sommes inform\u00e9s \u00e0 profusion sur le sort qu\u2019est en train de vivre ce Belge dans ce pays. Il a \u00e9t\u00e9 arr\u00eat\u00e9 sans v\u00e9ritable raison, ses droits n\u2019ont pas \u00e9t\u00e9 respect\u00e9s, il n\u2019a pas \u00e9t\u00e9 convenablement d\u00e9fendu, il est maltrait\u00e9, il est en mauvaise sant\u00e9, il n\u2019a droit \u00e0 aucun contact avec sa famille. Que provoquent tous ces faits inacceptables dans la population belge une fois qu\u2019elle en a pris connaissance ? Cela provoque chez elle une mobilisation massive pour exiger la fin des mauvais traitements, le respect des droits et la lib\u00e9ration imm\u00e9diate d\u2019Olivier Vandecasteele. Nous soutenons bien entendu cette mobilisation et ces exigences.<\/p>\n<p>La population n\u2019est pas la seule \u00e0 se mobiliser pour que ces exigences soient rencontr\u00e9es. Les partis politiques, toutes les assembl\u00e9es et gouvernements que compte ce pays, tous ses ministres, tous ses d\u00e9put\u00e9s, toutes ses universit\u00e9s, tous ses m\u00e9dias, tout le monde culturel, bref, tout le monde se mobilise et s\u2019insurge pour qu\u2019il soit mis fin au traitement inhumain et \u00e0 la d\u00e9tention d\u2019Olivier Vandecasteele.<\/p>\n<p>Si nous soutenons, comme nous l\u2019avons dit, cette mobilisation et ces exigences, nous sommes par ailleurs,\u00a0 une fois de plus, abasourdis, choqu\u00e9s, humili\u00e9s et ne pouvons que ressentir la d\u00e9shumanisation que nous infligent l\u2019islamophobie, la n\u00e9grophobie et la Rromophobie d\u2019\u00c9tat quand nous comparons cette mobilisation avec (l\u2019absence de) celle qui a exist\u00e9 dans d\u2019autres cas. Des cas qui concernent des Belges. Mais pas des Belges comme Olivier Vandecasteele.<\/p>\n<blockquote><p><strong>Nous allons en \u00e9voquer deux. Nizar Trabelsi et Ali Aarrass.<\/strong><\/p>\n<p><strong>Nizar Trabelsi<\/strong><\/p><\/blockquote>\n<figure id=\"attachment_5471\" aria-describedby=\"caption-attachment-5471\" style=\"width: 230px\" class=\"wp-caption alignleft\"><a href=\"https:\/\/bruxelles-pantheres.be\/wp-content\/uploads\/2023\/02\/Inmate-Photos-4.jpg\"><img decoding=\"async\" class=\"wp-image-5471 size-full\" src=\"https:\/\/bruxelles-pantheres.be\/wp-content\/uploads\/2023\/02\/Inmate-Photos-4.jpg\" alt=\"\" width=\"240\" height=\"320\" srcset=\"https:\/\/bruxelles-pantheres.be\/wp-content\/uploads\/2023\/02\/Inmate-Photos-4.jpg 240w, https:\/\/bruxelles-pantheres.be\/wp-content\/uploads\/2023\/02\/Inmate-Photos-4-225x300.jpg 225w\" sizes=\"(max-width: 240px) 100vw, 240px\" \/><\/a><figcaption id=\"caption-attachment-5471\" class=\"wp-caption-text\">https:\/\/lukvervaet.blogspot.com\/2021\/09\/exclusif-photos-de-nizar-trabelsi.html?spref=tw<\/figcaption><\/figure>\n<p>Nizar Trabelsi a \u00e9t\u00e9 condamn\u00e9 en Belgique en 2004 \u00e0 10 ans de prison pour avoir planifi\u00e9 une attaque terroriste contre la base militaire belge de Kleine-Brogel, base militaire o\u00f9 sont, ill\u00e9galement, entrepos\u00e9es des ogives nucl\u00e9aires am\u00e9ricaines. Il a \u00e9t\u00e9 condamn\u00e9 \u00e0 la peine maximale pr\u00e9vue pour son crime. Il a fait \u00ab fond de peine \u00bb, c\u2019est-\u00e0-dire qu\u2019il n\u2019a b\u00e9n\u00e9fici\u00e9 d\u2019aucune des remises de peine ou possibilit\u00e9s de lib\u00e9ration conditionnelle auxquelles il avait l\u00e9galement droit \u00e9tant donn\u00e9 son statut de \u00ab primaire \u00bb, c\u2019est-\u00e0-dire de non-r\u00e9cidiviste. En novembre 2008, le gouvernement am\u00e9ricain demande son extradition. En 2013, les proc\u00e9dures d&rsquo;appels belges \u00e9tant \u00e9puis\u00e9es, son avocat d\u00e9pose un recours devant la Cour europ\u00e9enne des droits de l&rsquo;homme. Celle-ci ordonne la suspension de l\u2019extradition. \u00c0 quelques semaines de la fin de sa condamnation en Belgique, il est finalement d\u00e9port\u00e9 le 2 octobre 2013 dans un cadre extra-judiciaire et confidentiel, sur d\u00e9cision de la ministre belge de l&rsquo;Int\u00e9rieur, l\u2019humaniste Jo\u00eblle Milquet, vers les \u00c9tats-Unis d\u2019Obama, celui qui avait promis en 2008 qu\u2019il fermerait Guant\u00e1namo, o\u00f9 il encourt la perp\u00e9tuit\u00e9. Son avocat, mis au courant apr\u00e8s que la d\u00e9portation fut rendue effective, saisira \u00ab symboliquement \u00bb, en r\u00e9f\u00e9r\u00e9, le tribunal de premi\u00e8re instance de Bruxelles qui prononcera le 3 octobre une interdiction d&rsquo;extradition tout aussi symbolique. En septembre 2014, la Cour europ\u00e9enne des droits de l&rsquo;homme condamne la Belgique, pour violation de l&rsquo;article de la Convention europ\u00e9enne des droits de l&rsquo;homme qui interdit \u00ab les traitements inhumains \u00bb, au versement de 60 000 euros pour dommage moral et 30 000 euros pour frais et d\u00e9pens \u00e0 Nizar Trabelsi. Le 12 septembre 2022, il y a moins de 5 mois, la Cour d\u2019appel de Bruxelles condamne \u00e0 nouveau l\u2019\u00c9tat belge, ordonne une indemnisation et enjoint \u00e0 la Belgique de demander le retour du Tunisien en Belgique.<\/p>\n<p>Comme vous l\u2019imaginez, de la m\u00eame mani\u00e8re que l\u2019\u00c9tat belge l\u2019a fait des milliers de fois rien qu\u2019en 2022 concernant les condamnations qu\u2019il a subies pour son non-respect total des droits des demandeurs d\u2019asile, dont beaucoup sont musulmans, le gouvernement belge s\u2019est assis sur toutes les d\u00e9cisions judiciaires concernant la d\u00e9portation ill\u00e9gale de Nizar Trabelsi vers les \u00c9tats-Unis. Il y est depuis bient\u00f4t 10 ans. Sans avoir eu droit \u00e0 aucun proc\u00e8s depuis qu\u2019il est chez l\u2019oncle Sam. Il a simplement disparu, enferm\u00e9 quelque part dans un isolement total, depuis presque 10 ans. En plus de sa disparition physique, il est quasi totalement absent, comme effac\u00e9, des multitudes de luttes men\u00e9es en Belgique contre des injustices de toutes sortes. Aucun parlementaire, ni de droite ni de gauche, ne parle de lui. Encore moins de ministres bien s\u00fbr. Aucun recteur et aucune rectrice d\u2019universit\u00e9 non plus. Les journaux font une d\u00e9p\u00eache \u00e0 la suite imm\u00e9diate des condamnations judiciaires inflig\u00e9es \u00e0 l\u2019\u00c9tat belge mais ne font aucun suivi s\u00e9rieux et de long-terme, n\u2019incitent et n\u2019encouragent aucune campagne de soutien pour exiger de l\u2019\u00c9tat qu\u2019il mette tout en \u0153uvre pour obtenir sa lib\u00e9ration des ge\u00f4les n\u00e9grophobes \u00e9tasuniennes. La soci\u00e9t\u00e9 civile \u00e9tatique et les professionnels et carri\u00e9ristes des droits humains ne font rien de s\u00e9rieux non plus pour exiger sa lib\u00e9ration. Seule une poign\u00e9e d\u2019activistes, pour la plupart d\u2019extr\u00eame-gauche et d\u00e9coloniaux, dont nous sommes, des romantiques qui d\u00e9fendent b\u00e9n\u00e9volement et \u00e0 leur risque et p\u00e9ril la dignit\u00e9 de tous les \u00eatres humains, demandent encore Justice pour Nizar Trabelsi.<\/p>\n<p><strong>Ali Aarrass<\/strong><\/p>\n<p><a href=\"https:\/\/bruxelles-pantheres.be\/wp-content\/uploads\/2023\/02\/20210505_122954.jpg\"><img decoding=\"async\" class=\"alignleft wp-image-5472 size-full\" src=\"https:\/\/bruxelles-pantheres.be\/wp-content\/uploads\/2023\/02\/20210505_122954.jpg\" alt=\"\" width=\"128\" height=\"128\" \/><\/a>Ali est n\u00e9 marocain en territoire colonial espagnol, \u00e0 Melilla. Il est arriv\u00e9 un peu plus tard en Belgique. Il y a accompli son service militaire et est devenu belge. Ou plut\u00f4t belgo-marocain, \u00e7a a toute son importance et fait toute la diff\u00e9rence dans le sort, funeste, qu\u2019il subira.<\/p>\n<p>En 2008, Ali est arr\u00eat\u00e9 par la police espagnole qui le soup\u00e7onne d\u2019activit\u00e9 terroriste. Il est transf\u00e9r\u00e9 de Melilla \u00e0 Madrid. La Belgique, malgr\u00e9 les demandes de la famille d\u2019Ali, n\u2019intervient absolument pas aupr\u00e8s des autorit\u00e9s espagnoles pour ne fut-ce que s\u2019enqu\u00e9rir du sort de son ressortissant. En effet, pour l\u2019\u00c9tat belge, l\u2019Espagne \u00e9tant membre de l\u2019UE, celle-ci ne peut \u00e9videmment que respecter les principes de droit \u00e0 une d\u00e9fense effective et \u00e0 un proc\u00e8s \u00e9quitable pour quiconque passe entre ses mains. La Belgique s\u2019exon\u00e8re de la question en affichant une confiance aveugle dans l\u2019appareil judiciaire espagnol. De proc\u00e8s en Espagne il n\u2019y aura finalement point. Au terme de l\u2019enqu\u00eate qui est men\u00e9e par \u00ab L&rsquo;Audience nationale \u00bb espagnole, son pr\u00e9sident de l\u2019\u00e9poque, le fameux juge anti-ETA Baltasar Garz\u00f3n, qui d\u00e9fend aujourd\u2019hui Julian Assange, \u00e9tablit qu\u2019aucune charge ne peut \u00eatre retenue contre Ali.<\/p>\n<p>Son malheur ne s\u2019arr\u00eate malheureusement pas l\u00e0. Il ne fait alors m\u00eame que commencer. Au lieu de le lib\u00e9rer au terme de l\u2019enqu\u00eate qui l\u2019a lav\u00e9 de tout soup\u00e7on, la justice espagnole r\u00e9pond soudainement positivement \u00e0 une demande d\u2019extradition du corps musulman d\u2019Ali \u00e9mise par le Maroc. Le gouvernement espagnol d\u00e9porte Ali au Maroc. Et ce de mani\u00e8re apparemment totalement incompr\u00e9hensible, malgr\u00e9 l\u2019interdiction express\u00e9ment \u00e9dict\u00e9e par le Conseil des droits de l\u2019homme de l\u2019ONU bas\u00e9 \u00e0 Gen\u00e8ve d\u2019extrader Ali au Maroc, pays qui, dit le Conseil, n\u2019offre pas les garanties n\u00e9cessaires \u00e0 une d\u00e9fense effective, \u00e0 un proc\u00e8s \u00e9quitable et n\u2019offre pas non plus de garantie d\u2019absence de traitements inhumains. La Belgique n\u2019intervient encore une fois d\u2019aucune mani\u00e8re. Et le corps musulman d\u2019Ali se retrouve dans les mains de l\u2019appareil r\u00e9pressif du Makhzen marocain.<\/p>\n<p>Apr\u00e8s des jours et des nuits \u00e0 subir des tortures de toutes les sortes imaginables, Ali finit par signer de soi-disant aveux, \u00e9crits par ses tortionnaires en arabe. Une langue qu\u2019il ne conna\u00eet pas et qu\u2019il est bien entendu incapable de lire. Pour faire cesser les tortures, au moins temporairement. Ali est finalement condamn\u00e9 \u00e0 12 ans de prison en appel. Il les passera dans un total isolement et en \u00e9tant en permanence soumis \u00e0 des tortures physiques et psychologiques dans des lieux de d\u00e9tention qui feraient passer la prison de Forest pour un 5 \u00e9toiles.<\/p>\n<p>Comme pour Nizar Trabelsi, le cas d\u2019Ali ne provoque que tr\u00e8s peu d\u2019\u00e9moi et de r\u00e9action en Belgique, pays dont Ali est pourtant ressortissant. Ressortissant ? Comme Olivier Vandecasteele ? Malheureusement pour Ali, la r\u00e9ponse \u00e0 cette question est, concr\u00e8tement, n\u00e9gative.<\/p>\n<p>Comme pour Nizar Trabelsi, seule une poign\u00e9e d\u2019activistes, pour la plupart d\u2019extr\u00eame-gauche et d\u00e9coloniaux, dont nous sommes, aux c\u00f4t\u00e9s de sa famille et singuli\u00e8rement de sa s\u0153ur Farida Aarrass, ont tent\u00e9 pendant 12 ans de \u00ab faire bouger \u00bb les choses dans un sens qui respecte la citoyennet\u00e9 belge d\u2019Ali et surtout son droit \u00e0 \u00eatre trait\u00e9 dignement en tant qu\u2019\u00eatre humain.<\/p>\n<p>La famille a entam\u00e9 de nombreuses proc\u00e9dures judiciaires contre l\u2019\u00c9tat belge. Comme souvent, ce dernier a fini par perdre. Du moins devant les tribunaux. En pratique, le gouvernement et son ministre des affaires \u00e9trang\u00e8res, Didier Reynders, ne se sont , dans le cas d\u2019Ali, pas content\u00e9s de s&rsquo;asseoir une fois de plus sur des d\u00e9cisions judiciaires les condamnant. Malgr\u00e9 l\u2019interdiction de d\u00e9portation pr\u00e9alable \u00e9dict\u00e9e par le Conseil des droits de l\u2019homme de l\u2019ONU \u00e0 l\u2019\u00e9gard de l\u2019Espagne en 2008, malgr\u00e9 la publication d\u2019un rapport \u00e9crit par un m\u00e9decin expert en diagnostics de torture d\u00e9p\u00each\u00e9 par l\u2019ONU sur le lieu de d\u00e9tention d\u2019Ali au Maroc qui \u00e9tablit de mani\u00e8re d\u00e9finitive qu\u2019Ali a bien subi des tortures nombreuses et vari\u00e9es durant toute sa d\u00e9tention, malgr\u00e9 les condamnations judiciaires assorties d\u2019astreintes (jamais pay\u00e9es), Didier Reynders a refus\u00e9 jusqu\u2019au bout d\u2019autoriser que la moindre aide ou assistance soit apport\u00e9e \u00e0 Ali Aarrass, un citoyen belge condamn\u00e9 injustement et enferm\u00e9 dans l\u2019isolement et les tortures au Maroc. Ali n\u2019a m\u00eame jamais eu droit \u00e0 la moindre visite du consulat belge dans son lieu de d\u00e9tention et de torture. L\u2019absence de visite consulaire n\u2019\u00e9tait pas due \u00e0 un refus des autorit\u00e9s marocaines. Celles-ci ne peuvent pas refuser une autorisation qui n\u2019a jamais \u00e9t\u00e9 demand\u00e9e. L\u2019\u00c9tat belge, par l\u2019interm\u00e9diaire de Didier Reynders, s\u2019est tout simplement lui-m\u00eame interdit l\u2019usage de son droit \u00e0 faire visiter par son consul dans un pays \u00e9tranger un ressortissant belge qui y est emprisonn\u00e9. Didier Reynders a fait appel de toutes les d\u00e9cisions le condamnant \u00e0 apporter assistance \u00e0 Ali Aarrass. Il a refus\u00e9 de payer les astreintes auxquelles l\u2019\u00c9tat a \u00e9t\u00e9 plusieurs fois condamn\u00e9 et que les appels ne suspendent pas. Il est all\u00e9 jusqu\u2019au bout, jusqu\u2019en cassation, pour ne pas apporter \u00e0 Ali l\u2019assistance qui lui est due en tant que Belge.<\/p>\n<p>Didier Reynders est aujourd\u2019hui, croyez-le ou pas, Commissaire europ\u00e9en \u00e0 \u2026.. la Justice et au respect de l\u2019\u00c9tat de droit. Il donne des le\u00e7ons \u00e0 la Hongrie, \u00e0 la Pologne et bien s\u00fbr \u00e0 l\u2019Iran. L\u2019UE, c\u2019est le niveau d\u2019\u00e9lite du sens de l\u2019humour. Encore une fois tout ceci peut para\u00eetre absolument incompr\u00e9hensible. Nous pensons que \u00e7a ne l\u2019est pas. Nous y reviendrons.<\/p>\n<p>Aucun des successeurs de Didier Reynders, parti \u00e0 l\u2019Europe, n\u2019a daign\u00e9 changer de position et offrir \u00e0 Ali Aarrass l\u2019assistance minimale \u00e0 laquelle il avait droit. La continuit\u00e9 de sa politique \u00e9trang\u00e8re, comme la permanence et la p\u00e9rennit\u00e9 du racisme d\u2019\u00c9tat, sont sacro-saintes pour la Belgique. La Belgique est all\u00e9e encore un peu plus loin sous le gouvernement suivant. A cause du cas d\u2019Ali Aarrass, le parlement a vot\u00e9 une loi modifiant la loi sur l\u2019assistance consulaire que le pays s\u2019engage \u00e0 apporter \u00e0 ses ressortissants quand ils sont \u00e0 l\u2019\u00e9tranger. La loi a \u00e9t\u00e9 modifi\u00e9e pour arriver au r\u00e9sultat suivant : graver dans le marbre que \u00ab les Belges binationaux n\u2019ont droit \u00e0 aucune assistance consulaire belge quand ils en ont besoin dans le pays de leur autre nationalit\u00e9 \u00bb. Une loi \u00e0 caract\u00e8re s\u00e9gr\u00e9gationniste de plus dans l\u2019arsenal juridique belge. Aucune r\u00e9action notable de la soci\u00e9t\u00e9 civile d&rsquo;\u00c9tat, ni des antiracistes et des droit-de-l\u2019hommistes professionnels du Royaume. Ni des universit\u00e9s, ni des m\u00e9dias, etc. Apr\u00e8s tout, on a une loi de 1981 qu\u2019on peut balancer \u00e0 la face du monde et de quiconque se plaint des racismes end\u00e9miques dans le pays, en particulier dans ses institutions.<\/p>\n<p>Ali a lui purg\u00e9 l\u2019int\u00e9gralit\u00e9 de ses douze ann\u00e9es d\u2019enfermement et de tortures. Presque sans contacts humains autres que ceux avec ses bourreaux. Tr\u00e8s peu de visites autoris\u00e9es pour sa famille et pour ses avocats. On ne compte pas les fois o\u00f9 la famille a pay\u00e9 billets d\u2019avion pour Rabat, chambres d\u2019h\u00f4tel et frais d\u2019avocats pour se retrouver devant une porte close en arrivant \u00e0 la prison pour voir Ali. Sans presque jamais lui remettre son courrier et toujours en le lisant d\u2019abord. En le punissant parfois pour le contenu de certains de ces courriers. Sans qu\u2019aucune assistance du seul \u00e9tat dont il a \u00e9t\u00e9 \u00ab sous les drapeaux \u00bb ne lui soit accord\u00e9e. Ali est sorti de prison en avril 2020. Cruaut\u00e9 suppl\u00e9mentaire de l\u2019histoire, c\u2019\u00e9tait en plein confinement coronavirus. Confinement de la population mais aussi, au Maroc fermeture quasi herm\u00e9tique des fronti\u00e8res. Les marchandises et les capitaux ont bien s\u00fbr pu continuer \u00e0 circuler pendant cette p\u00e9riode. L\u2019activit\u00e9 du port de Tanger-Med, par exemple, a augment\u00e9 de 20% pendant la pand\u00e9mie. Des milliers de Belges, de Marocains r\u00e9sidant en Belgique et de Belgo-Marocains sont rest\u00e9s coinc\u00e9s au Maroc pendant des mois. La Belgique a d\u2019abord commenc\u00e9 par ne rapatrier que des Belgo-belges. Quand \u00e7a s\u2019est vu, Goffin a cess\u00e9 de les rapatrier aussi. La discrimination \u00e9tait trop flagrante pour continuer. Et plut\u00f4t laisser de \u00ab vrais \u00bb Belges dans la mouise que de laisser un instant croire aux binationaux et aux Marocains r\u00e9sidents en Belgique qu\u2019ils peuvent esp\u00e9rer la moindre aide du gouvernement belge en cas de crise ou de catastrophe, qu\u2019elle soit individuelle ou collective. Il ne pouvait tout simplement pas se permettre de cr\u00e9er une \u00ab jurisprudence \u00bb, un cas d\u2019\u00e9cole qui irait exactement dans le sens contraire \u00e0 celui souhait\u00e9 et mis en place par la nouvelle version de la loi sur l\u2019assistance consulaire aux binationaux.<\/p>\n<p>Ali a finalement pu quitter le Maroc le 18 juillet 2020 pour retrouver sa famille, sa femme, sa fille, apr\u00e8s douze ann\u00e9es d\u2019insoutenables et d\u2019injustifiable s\u00e9paration. Il fournit des efforts admirables pour recouvrer ses forces physiques et mentales. Et il y arrive visiblement brillamment. Il est un mod\u00e8le de courage et de r\u00e9sistance face aux injustices et au plus d\u00e9shumanisant des traitements qu\u2019un \u00eatre humain puisse subir.<\/p>\n<p>Parmi les invisibles parce qu\u2019ils sont invisibilis\u00e9s, Ali Aarrass, militant par la force des choses, est aujourd\u2019hui l\u2019une des voix les plus fortes et les plus constantes pour r\u00e9clamer la lib\u00e9ration imm\u00e9diate d\u2019Olivier Vandecasteele. Ali sait mieux que n\u2019importe qui ce qu\u2019Olivier est en train de subir. Nulle haine n\u2019habite son c\u0153ur. Le calvaire qu\u2019il a subi le pousse \u00e0 se battre de toutes ses forces pour que plus personne n\u2019ait \u00e0 faire face \u00e0 de tels traitements. Il est \u00e9galement aussi actif qu\u2019il le peut dans la faible campagne belge de soutien \u00e0 Julian Assange. Vous vous souvenez ? Le client de Baltazar Garz\u00f3n.<\/p>\n<p><strong>Explications<\/strong><\/p>\n<p><strong>Supr\u00e9matie blanche et islamophobie plan\u00e9taire.<\/strong><\/p>\n<p>Venons-en maintenant aux explications sur la diff\u00e9rence de r\u00e9actions et de traitement de la part de la Belgique, de son \u00c9tat, de sa soci\u00e9t\u00e9 civile et de son peuple en g\u00e9n\u00e9ral, quand il s\u2019agit du cas d\u2019Olivier Vandecasteele, prisonnier en Iran et otage \u00e0 lib\u00e9rer \u00e0 tout prix le plus rapidement possible d\u2019un c\u00f4t\u00e9 et quand il s\u2019agit de corps musulmans, noirs ou rroms de l\u2019autre.<\/p>\n<p><a href=\"https:\/\/bruxelles-pantheres.be\/wp-content\/uploads\/2018\/10\/colonialafrica.jpg\"><img decoding=\"async\" class=\"aligncenter wp-image-3929 size-full\" src=\"https:\/\/bruxelles-pantheres.be\/wp-content\/uploads\/2018\/10\/colonialafrica.jpg\" alt=\"\" width=\"900\" height=\"900\" srcset=\"https:\/\/bruxelles-pantheres.be\/wp-content\/uploads\/2018\/10\/colonialafrica.jpg 900w, https:\/\/bruxelles-pantheres.be\/wp-content\/uploads\/2018\/10\/colonialafrica-300x300.jpg 300w, https:\/\/bruxelles-pantheres.be\/wp-content\/uploads\/2018\/10\/colonialafrica-150x150.jpg 150w, https:\/\/bruxelles-pantheres.be\/wp-content\/uploads\/2018\/10\/colonialafrica-768x768.jpg 768w, https:\/\/bruxelles-pantheres.be\/wp-content\/uploads\/2018\/10\/colonialafrica-600x600.jpg 600w\" sizes=\"(max-width: 900px) 100vw, 900px\" \/><\/a><\/p>\n<p>Le pouvoir ex\u00e9cutif belge travaille d\u2019abord et avant tout dans l\u2019int\u00e9r\u00eat des Bourgeois, des possesseurs de capital. Cet objectif est l\u2019horizon prioritaire de l&rsquo;\u00c9tat Belgique depuis sa fondation en 1830. Quand on sait \u00e7a, on ne s\u2019\u00e9tonne plus d\u2019apprendre que le roi g\u00e9nocidaire, L\u00e9opold II, quand il a \u00ab re\u00e7u \u00bb le Congo en 1885, en a fait une compagnie commerciale priv\u00e9e. 2,4 millions de km2, des millions d\u2019\u00eatres humains et toutes les richesses du sol et du sous-sol sont transform\u00e9es en un titre de propri\u00e9t\u00e9 individuelle. L\u00e9opold II \u00e9tait sans doute le plus grand propri\u00e9taire individuel d\u2019esclaves de l\u2019histoire de l\u2019humanit\u00e9. Tout en pr\u00e9tendant, comme le raconte encore le roman national belge, \u00eatre venu lib\u00e9rer les Congolais de l\u2019esclavagisme arabo-musulman.<\/p>\n<p>Pour continuer \u00e0 gaver ses bourgeois et ses capitalistes, l\u2019ex\u00e9cutif belge (comme le fran\u00e7ais, l\u2019anglais, l\u2019allemand, l&rsquo;\u00e9tats-unien, etc.) doit participer au pillage constant des richesses du reste du monde. Hier comme colonialiste, aujourd\u2019hui comme imp\u00e9rialiste.<\/p>\n<p>L\u2019outil principal d\u2019imposition de cette domination du monde par les europ\u00e9ens et leurs excroissances coloniales historiques porte un nom : la SUPR\u00c9MATIE BLANCHE. Ils d\u00e9testent et rabaissent toute l&rsquo;humanit\u00e9 non blanche depuis des si\u00e8cles, en en faisant varier les motifs circonstanciels : \u00e0 la couleur s\u2019attachent la religion, mais aussi la culture ou les m\u0153urs, le sexe, mais aussi le culinaire, etc. Il y a une chose dont ils sont certains et qu\u2019ils veulent que le reste du monde n\u2019oublie jamais. Ils sont le mod\u00e8le. Ils sont sup\u00e9rieurs dans tous les aspects de la vie \u00e0 tous les autres peuples du monde. S\u2019ils perdent peu \u00e0 peu leur position, ils continuent \u00e0 la d\u00e9fendre par tous les moyens n\u00e9cessaires. Hier par la colonisation et ses g\u00e9nocides. Aujourd\u2019hui par un imp\u00e9rialisme guerrier meurtrier qui d\u00e9truit des nations dont ils ont \u00e0 l\u2019\u00e9poque coloniale dessin\u00e9 la plupart des fronti\u00e8res.<\/p>\n<p>Si les Juifs sont pass\u00e9s du statut de d\u00e9icides \u00e0 celui de sous-race \u00e0 exterminer \u00e0 celui de cofondateurs de la civilisation occidentale (je serais eux je me m\u00e9fierais), si le Congo est sans doute la principale source de richesses et la principale victime (des millions de morts ces trente derni\u00e8res ann\u00e9es) du colonialisme belge et puis de l\u2019imp\u00e9rialisme occidental (dont la Belgique est partie prenante), et de mani\u00e8re g\u00e9n\u00e9rale, l\u2019Afrique subsaharienne, enjeu d\u2019extraction mondiale g\u00e9n\u00e9ralis\u00e9e et disput\u00e9e comme \u00ab objet \u00bb disponible, si l\u2019URSS hier et la Russie aujourd\u2019hui sont parfois le grand m\u00e9chant loup, c\u2019est contre l\u2019Islam et les Musulmans, en tant que menaces civilisationnelles, surtout dans le monde arabo-persique, que l\u2019Occident m\u00e8ne une guerre ouverte et r\u00e9currente depuis pr\u00e8s de mille ans et de mani\u00e8re permanente depuis les ann\u00e9es 1980.<\/p>\n<p>Nous n\u2019allons pas ici \u00e9num\u00e9rer toutes les guerres des 40 derni\u00e8res ann\u00e9es. Guerres qui ont provoqu\u00e9 des dizaines de millions de morts. Et qui continuent \u00e0 en provoquer, tous les jours. Il suffit de regarder, par exemple, vers la Palestine, le Y\u00e9men ou la Syrie pour le voir. \u00c7a se passe sous notre nez.<\/p>\n<p>Ce niveau, global, d\u2019observation et d\u2019analyse de la place de la Belgique dans le concert des nations nous donne une premi\u00e8re explication sur la livraison de Nizar Trabelsi aux \u00c9tats-Unis et l\u2019abandon d\u2019Ali Aarrass dans les mains du Makhzen marocain : supr\u00e9matie blanche et islamophobie mill\u00e9naire.<\/p>\n<blockquote><p>Leurs deux corps musulmans sont moins que quantit\u00e9 n\u00e9gligeable aux yeux de l\u2019\u00c9tat. Et leur sort l\u2019indiff\u00e8re totalement.<\/p><\/blockquote>\n<p>La r\u00e9action de l\u2019\u00c9tat \u00e0 la d\u00e9tention d\u2019Olivier Vandecasteele en Iran est aussi charnellement li\u00e9e \u00e0 ces deux facteurs : supr\u00e9matie blanche et islamophobie mill\u00e9naire. S\u2019il \u00e9tait en prison en Isra\u00ebl, colonie supr\u00e9maciste europ\u00e9enne antis\u00e9mite et islamophobe en Palestine, pour avoir \u00ab fait de l\u2019humanitaire \u00bb en faveur du peuple palestinien, Olivier n\u2019aurait certainement aujourd\u2019hui que ses yeux pour pleurer.<\/p>\n<p>On peut ici se demander pourquoi la Belgique n\u2019a pas r\u00e9agi de la m\u00eame mani\u00e8re avec Ali qui lui aussi pourtant \u00e9tait d\u00e9tenu et tortur\u00e9 dans un pays musulman. La premi\u00e8re r\u00e9ponse nous l\u2019avons donn\u00e9e. Ali n\u2019est pas Olivier. Ali est musulman. Pr\u00e9sum\u00e9 mena\u00e7ant. Ali n\u2019est pas consid\u00e9r\u00e9 comme un Belge l\u00e9gitime et \u00e0 part enti\u00e8re.<\/p>\n<p>La seconde r\u00e9ponse peut \u00eatre trouv\u00e9e en observant la position du Maroc dans le concert des nations. Le Makhzen marocain est un fid\u00e8le et loyal alli\u00e9 et serviteur des imp\u00e9rialistes. Le Maroc collabore avec l\u2019Occident dans la \u00ab guerre contre la terreur \u00bb, entreprise occidentale islamophobe de destruction du monde arabo-musulman. Centre de torture pour la CIA inclus. Le Maroc est aussi un collaborateur z\u00e9l\u00e9 de la liberticide et meurtri\u00e8re chasse aux \u00ab migrants \u00bb men\u00e9e par l\u2019UE et ses \u00e9tats membres \u00e0 travers l\u2019agence de crimes de masse qu\u2019on appelle FRONTEX. L\u2019agence avec le plus gros budget de l\u2019UE : 700 millions \u20ac par an pour emp\u00eacher, par tous les moyens n\u00e9cessaires, l\u2019entr\u00e9e de corps non-blancs et\/ou musulmans sur le sol europ\u00e9en. Le Maroc participe objectivement au maintien de la supr\u00e9matie blanche et \u00e0 l\u2019islamophobie subie par les Musulmans \u00e0 travers le monde, y compris par ses \u00ab citoyens \u00bb qui sont dans les pays du Nord. Le Maroc est un ami, on peut lui livrer Ali, qui lui, musulman, ne vaut rien face \u00e0 la raison d&rsquo;\u00c9tat.<\/p>\n<p>Pour Nizar Trabelsi, c\u2019est encore plus simple. C\u2019est un Noir, arabe et musulman non consid\u00e9r\u00e9 comme belge l\u00e9gitime, qui est livr\u00e9 au fr\u00e8re, au guide supr\u00eame de la supr\u00e9matie blanche et de son imp\u00e9rialisme, les \u00c9tats-Unis d\u2019Am\u00e9rique. Le pays avec le syst\u00e8me r\u00e9pressif, judiciaire et carc\u00e9ral le plus n\u00e9grophobe du monde. Mais Nizar ne vaut rien face \u00e0 la raison d&rsquo;\u00c9tat.<\/p>\n<blockquote><p>L\u2019Iran n\u2019est ni les \u00c9tats-Unis, ni le Maroc. Olivier n\u2019est ni Nizar, ni Ali.<\/p><\/blockquote>\n<p>Nous en resterons l\u00e0 pour l\u2019explication sur les diff\u00e9rentes r\u00e9actions ou non r\u00e9actions, les diff\u00e9rentes actions ou non actions de la Belgique selon la qualit\u00e9 de belge l\u00e9gitime ou pas reconnue \u00e0 un d\u00e9tenu, et selon le lieu de sa d\u00e9tention. Abandon actif pour Ali, livraison pour Nizar, branle-bas de combat pour Olivier.<\/p>\n<blockquote><p><strong>Pacte racial \u2013 Racisme d\u2019\u00c9tat et violences polici\u00e8res.<\/strong><\/p><\/blockquote>\n<p>Dans cette partie nous allons revenir au niveau national, en Belgique, et donner nos explications sur les diff\u00e9rences de r\u00e9actions de la population belge \u00ab en g\u00e9n\u00e9ral \u00bb selon qu\u2019il s\u2019agit d\u2019Olivier d\u00e9tenu en Iran, d\u2019Ali tortur\u00e9 au Maroc ou de Sourour et Ibrahima, et les autres, tu\u00e9s \u00e0 Bruxelles.<\/p>\n<p>Nous l\u2019avons expliqu\u00e9, l\u2019\u00c9tat belge a l\u2019obligation d\u2019\u00eatre partie prenante de la supr\u00e9matie blanche et de l\u2019imp\u00e9rialisme occidental pour \u00eatre en mesure de remplir sa mission d\u2019enrichissement infini des bourgeois et possesseurs du capital, belges et occidentaux.<\/p>\n<p>S\u2019il a un deal avec ses bourgeois et ses \u00e9lites, l\u2019\u00c9tat belge a aussi deal avec le reste de sa population. Pr\u00e9f\u00e9rant l\u2019acheter pour pas trop cher plut\u00f4t que de la ma\u00eetriser par la violence, la Belgique partage avec les Belges, l\u00e9gitimes, une partie des fruits issus de sa participation \u00e0 la vampirisation du monde.<\/p>\n<p>C\u2019est la partie sociale du deal. Il y a une seconde partie. La partie raciale.<\/p>\n<p><a href=\"https:\/\/bruxelles-pantheres.be\/wp-content\/uploads\/2017\/04\/Gendzier_Fanon_Grove85.jpg\"><img decoding=\"async\" class=\"alignleft wp-image-3249 size-full\" src=\"https:\/\/bruxelles-pantheres.be\/wp-content\/uploads\/2017\/04\/Gendzier_Fanon_Grove85.jpg\" alt=\"\" width=\"300\" height=\"481\" srcset=\"https:\/\/bruxelles-pantheres.be\/wp-content\/uploads\/2017\/04\/Gendzier_Fanon_Grove85.jpg 300w, https:\/\/bruxelles-pantheres.be\/wp-content\/uploads\/2017\/04\/Gendzier_Fanon_Grove85-187x300.jpg 187w\" sizes=\"(max-width: 300px) 100vw, 300px\" \/><\/a><\/p>\n<p>Maintenant, Fanon. La partie raciale du deal entre l\u2019\u00c9tat belge et la partie de sa population consid\u00e9r\u00e9e comme l\u00e9gitime consiste \u00e0 garantir \u00e0 cette derni\u00e8re, en plus des avantages\u00a0 \u00absocio-\u00e9conomiques\u00bb, un statut d\u2019\u00eatre humain \u00e0 part enti\u00e8re. Concr\u00e8tement cela signifie que les conflits qui apparaissent entre l\u2019 l\u2019\u00c9tat belge et cette cat\u00e9gorie de la population se r\u00e9solvent quasiment toujours par des n\u00e9gociations qui aboutissent tr\u00e8s souvent \u00e0 l\u2019attribution de nouveaux droits ou \u00e0 des progr\u00e8s sur des droits d\u00e9j\u00e0 existants (droit des travailleurs, droits des femmes, droits des enfants, droits des homosexuels, etc.).<\/p>\n<p>Fanon, encore. Ce statut d\u2019\u00eatre humain \u00e0 part enti\u00e8re n\u2019est pas attribu\u00e9 \u00e0 tous. Pour cr\u00e9er la cat\u00e9gorie des \u00ab humains \u00bb, la supr\u00e9matie blanche et le racisme d&rsquo;\u00c9tat ont besoin d\u2019une cat\u00e9gorie de \u00ab sous-humains \u00bb ou \u00ab non humains \u00bb. En Belgique, les Congolais ont fait office de non humains par excellence puis de presqu\u2019humains (les \u00e9volu\u00e9s). De mani\u00e8re g\u00e9n\u00e9rale, cette distance \u00e0 l\u2019humanit\u00e9 concerne tous les non-blancs, les Musulmans, les Rroms. Concr\u00e8tement, cela signifie que les conflits qui apparaissent entre l&rsquo;\u00c9tat belge et cette cat\u00e9gorie de la population se r\u00e9solvent quasiment toujours par la menace et par la violence. Violence qui aboutit trop souvent \u00e0 des morts. Comme celle de Sourour. Ce ne serait jamais arriv\u00e9 \u00e0 Bernadette ou \u00e0 Viviane.<\/p>\n<p>L\u2019absence ou le manque de solidarit\u00e9 de la \u00ab population g\u00e9n\u00e9rale \u00bb avec Sourour, Ali ou Lamine ne s\u2019explique pas, ou pas toujours en tout cas, par le racisme et l\u2019islamophobie. Elle s\u2019explique surtout par le perception rendue inn\u00e9e qu\u2019a cette population l\u00e9gitime des avantages mat\u00e9riels et vitaux qu\u2019elle retire au quotidien de cette diff\u00e9rence de traitement par l\u2019\u00c9tat belge de ses diff\u00e9rentes cat\u00e9gories de populations : position socio-\u00e9conomique globale plus favorable et absence de menaces et de violences physiques et de mise \u00e0 mort. Vu comme \u00e7a, on comprend que le deal soit difficile \u00e0 casser.<\/p>\n<p>Nous n\u2019avons pas invent\u00e9 ce concept de contrat \u00ab social\/racial \u00bb entre les \u00c9tats-Nations occidentaux imp\u00e9rialistes et la partie consid\u00e9r\u00e9e comme l\u00e9gitime de leurs populations. Vous en trouverez un d\u00e9veloppement plus cisel\u00e9 et pour tout dire brillamment \u00e9labor\u00e9 dans le r\u00e9cent livre d\u2019Houria Bouteldja, \u00ab Beaufs et barbares \u2013 Le pari du nous \u00bb (La Fabrique, Paris, 2023).<\/p>\n<p>Nous faisons n\u00f4tre ce concept car il offre un cadre qui propose des r\u00e9ponses rationnelles et solides, sinon irr\u00e9futables, aux questions que nous nous posons ici.<\/p>\n<p>Pour que cela change, pour que nous revenions tous \u00e0 un statut d\u2019\u00eatre humain \u00ab g\u00e9n\u00e9rique \u00bb, des sacrifices doivent \u00eatre faits. Les \u00ab non humains \u00bb ont fait et continueront \u00e0 faire leur part. Les \u00ab humains \u00bb &#8211; blancs &#8211; sont-ils pr\u00eats \u00e0 en faire autant ? Sont-ils en r\u00e9alit\u00e9 pr\u00eats \u00e0 en faire plus puisque ce n\u2019est qu\u2019en faisant le sacrifice de leurs privil\u00e8ges qu\u2019ils nous permettront de tous nous rejoindre dans une existence pacifique et solidaire, d\u2019abord au niveau belge et puis au niveau mondial ?<\/p>\n<p>C\u2019est l\u00e0 une v\u00e9ritable utopie. Chiche ?<\/p>\n<p><strong>Conclusion \u2013 violences polici\u00e8res.<\/strong><\/p>\n<p><a href=\"https:\/\/bruxelles-pantheres.be\/wp-content\/uploads\/2017\/03\/995164-rassemblement-contre-les-violences-policieres-et-pour-reclamer-justice-pour-theo-place-de-la-republi.jpg\"><img decoding=\"async\" class=\"aligncenter wp-image-3181 size-full\" src=\"https:\/\/bruxelles-pantheres.be\/wp-content\/uploads\/2017\/03\/995164-rassemblement-contre-les-violences-policieres-et-pour-reclamer-justice-pour-theo-place-de-la-republi.jpg\" alt=\"\" width=\"960\" height=\"768\" srcset=\"https:\/\/bruxelles-pantheres.be\/wp-content\/uploads\/2017\/03\/995164-rassemblement-contre-les-violences-policieres-et-pour-reclamer-justice-pour-theo-place-de-la-republi.jpg 960w, https:\/\/bruxelles-pantheres.be\/wp-content\/uploads\/2017\/03\/995164-rassemblement-contre-les-violences-policieres-et-pour-reclamer-justice-pour-theo-place-de-la-republi-300x240.jpg 300w, https:\/\/bruxelles-pantheres.be\/wp-content\/uploads\/2017\/03\/995164-rassemblement-contre-les-violences-policieres-et-pour-reclamer-justice-pour-theo-place-de-la-republi-768x614.jpg 768w\" sizes=\"(max-width: 960px) 100vw, 960px\" \/><\/a><\/p>\n<p>Tout ceci \u00e9tant dit, nous conclurons en partageant notre liste non exhaustive de souhaits, recommandations, exigences, etc. (\u00e7a marche bien pour Zelenski, on ne sait jamais). Nous d\u00e9butons par les enjeux de vie les plus urgents.<\/p>\n<p>D\u00e8s qu\u2019une personne meurt alors qu\u2019elle \u00e9tait sous la garde de la police et que la police est donc totalement responsable de son bien-\u00eatre et de sa s\u00e9curit\u00e9 les actes suivants devraient \u00eatre accomplis :<\/p>\n<ul>\n<li>Ouverture imm\u00e9diate d\u2019une enqu\u00eate judiciaire.<\/li>\n<li>Nomination imm\u00e9diate d\u2019un juge d\u2019instruction.<\/li>\n<li>Test toxicologique et audition imm\u00e9diate des policiers impliqu\u00e9s.<\/li>\n<li>Suspensions des policiers avec interdiction judiciaire de communiquer entre eux.<\/li>\n<li>Saisi et visionnage des images de cam\u00e9ras de surveillance du lieu d\u2019incarc\u00e9ration avec la famille de la victime et ses avocats.<\/li>\n<\/ul>\n<p>En amont, tous les policiers et tous les v\u00e9hicules de police devraient \u00eatre \u00e9quip\u00e9s de mat\u00e9riel audio-vid\u00e9o non manipulable par les policiers.<\/p>\n<p>Les trajets des v\u00e9hicules de police devraient aussi pouvoir \u00eatre enregistr\u00e9s pour que l\u2019enqu\u00eate puisse d\u00e9terminer les d\u00e9tails de l\u2019arrestation, le trajet accompli, les \u00e9ventuels arr\u00eats, etc. Nous imaginons que les v\u00e9hicules de police sont d\u2019ores et d\u00e9j\u00e0 \u00e9quip\u00e9s de puce GPS. Nous n\u2019imaginons pas qu\u2019\u00e9tant donn\u00e9es les technologies disponibles aujourd\u2019hui la police prenne le risque, aussi infime soit-il, de perdre un de ses v\u00e9hicules dans la nature.<\/p>\n<p>Nous demandons aussi qu\u2019une proc\u00e9dure de comparution imm\u00e9diate devant le tribunal correctionnel soit rendue possible par la loi dans les cas de crimes policiers. La loi pr\u00e9voit d\u00e9j\u00e0 des cas de comparution imm\u00e9diate. Des cas qui impliquent rarement la mort d\u2019un \u00eatre humain. Nous pensons donc que quand c\u2019est de cela qu\u2019il s\u2019agit, de la mort d\u2019un \u00eatre humain dans ce qui devrait \u00eatre un endroit parfaitement s\u00e9curis\u00e9, la possibilit\u00e9 d\u2019une comparution imm\u00e9diate des accus\u00e9s est justifi\u00e9e et souhaitable.<\/p>\n<p>En attendant, que faire pour aider et soutenir les familles ?<\/p>\n<figure id=\"attachment_3002\" aria-describedby=\"caption-attachment-3002\" style=\"width: 671px\" class=\"wp-caption aligncenter\"><a href=\"https:\/\/bruxelles-pantheres.be\/wp-content\/uploads\/2016\/11\/12167727_967950159929599_832843243_n.jpg\"><img decoding=\"async\" class=\"wp-image-3002 size-full\" src=\"https:\/\/bruxelles-pantheres.be\/wp-content\/uploads\/2016\/11\/12167727_967950159929599_832843243_n.jpg\" alt=\"\" width=\"681\" height=\"960\" srcset=\"https:\/\/bruxelles-pantheres.be\/wp-content\/uploads\/2016\/11\/12167727_967950159929599_832843243_n.jpg 681w, https:\/\/bruxelles-pantheres.be\/wp-content\/uploads\/2016\/11\/12167727_967950159929599_832843243_n-213x300.jpg 213w\" sizes=\"(max-width: 681px) 100vw, 681px\" \/><\/a><figcaption id=\"caption-attachment-3002\" class=\"wp-caption-text\">Contribution de Manu Scordia pour Bruxelles Panth\u00e8res<br \/>http:\/\/manu-scordia.blogspot.com\/<\/figcaption><\/figure>\n<p>On peut suivre les pages de soutien sur les r\u00e9seaux sociaux et partager les publications de ces pages. C\u2019est bien mais bien s\u00fbr insuffisant. On doit aussi aider financi\u00e8rement les familles, si on le peut. On doit \u00eatre pr\u00e9sents aux rassemblements organis\u00e9s par les familles. C\u2019est d\u00e9j\u00e0 l\u00e0 un acte politique. Le nombre envoie un message clair au pouvoir et \u00e0 la Justice. Plus nous sommes nombreux, plus le pouvoir est pouss\u00e9 \u00e0 nous \u00e9couter. C\u2019est basique.<\/p>\n<p>Autre acte politique tr\u00e8s simple : \u00e9crire aux autorit\u00e9s concern\u00e9es. Rien n\u2019interdit d\u2019envoyer un courrier ou un email. Pour Sourour, \u00e9crire aux deux bourgmestres concern\u00e9s, \u00e9crire au parquet, \u00e9crire au comit\u00e9 P, \u00e9crire aux d\u00e9put\u00e9s que nous avons \u00e9lus, \u00e9crire \u00e0 nos sources d\u2019informations.<\/p>\n<p>Inutile d\u2019\u00e9crire de grands discours politiques ou juridiques. L\u2019objectif est simplement d\u2019acter notre volont\u00e9 de conna\u00eetre la v\u00e9rit\u00e9 et que justice soit rendue. Pour Sourour, et pour les autres. Pour qu\u2019ils et elles ne meurent pas une deuxi\u00e8me fois, dans l\u2019indiff\u00e9rence et l\u2019oubli, dans la n\u00e9gation de leur dignit\u00e9 d\u2019\u00eatres humains.<\/p>\n<p>Mouhad Reghif et Nordine Sa\u00efdi pour Bruxelles Panth\u00e8res<\/p>\n<p>&nbsp;<\/p>\n","protected":false},"excerpt":{"rendered":"<p>Sourour Vous imaginez qu\u2019on interdise \u00e0 une famille chr\u00e9tienne, surtout si elle est blanche, de choisir l\u2019\u00e9glise dans laquelle elle souhaite que se d\u00e9roulent les fun\u00e9railles d\u2019une fille, d\u2019une m\u00e8re, d\u2019une s\u0153ur ? Vous imaginez qu\u2019on interdise \u00e0 une famille juive de choisir la synagogue dans laquelle elle souhaite que se d\u00e9roulent les fun\u00e9railles d\u2019une &#8230; <a title=\"De la profondeur de l\u2019islamophobie d\u2019\u00c9tat en Belgique.\" class=\"read-more\" href=\"https:\/\/bruxelles-pantheres.be\/?p=5468\" aria-label=\"En savoir plus sur De la profondeur de l\u2019islamophobie d\u2019\u00c9tat en Belgique.\">Lire la suite<\/a><\/p>\n","protected":false},"author":1,"featured_media":4123,"comment_status":"open","ping_status":"open","sticky":false,"template":"","format":"standard","meta":{"footnotes":""},"categories":[21,24,22,25,36,4,7,8,18,28,39,5],"tags":[375,13],"class_list":["post-5468","post","type-post","status-publish","format-standard","has-post-thumbnail","hentry","category-anti-imperialisme","category-belgique-maroc","category-emploi","category-enseignement","category-europe","category-islamophobie","category-negrophobie","category-prisons","category-resistance-bruxelles","category-racismes","category-sans-papier","category-violence-policiere","tag-mouhad-reghif","tag-nordine-saidi"],"_links":{"self":[{"href":"https:\/\/bruxelles-pantheres.be\/index.php?rest_route=\/wp\/v2\/posts\/5468","targetHints":{"allow":["GET"]}}],"collection":[{"href":"https:\/\/bruxelles-pantheres.be\/index.php?rest_route=\/wp\/v2\/posts"}],"about":[{"href":"https:\/\/bruxelles-pantheres.be\/index.php?rest_route=\/wp\/v2\/types\/post"}],"author":[{"embeddable":true,"href":"https:\/\/bruxelles-pantheres.be\/index.php?rest_route=\/wp\/v2\/users\/1"}],"replies":[{"embeddable":true,"href":"https:\/\/bruxelles-pantheres.be\/index.php?rest_route=%2Fwp%2Fv2%2Fcomments&post=5468"}],"version-history":[{"count":8,"href":"https:\/\/bruxelles-pantheres.be\/index.php?rest_route=\/wp\/v2\/posts\/5468\/revisions"}],"predecessor-version":[{"id":5482,"href":"https:\/\/bruxelles-pantheres.be\/index.php?rest_route=\/wp\/v2\/posts\/5468\/revisions\/5482"}],"wp:featuredmedia":[{"embeddable":true,"href":"https:\/\/bruxelles-pantheres.be\/index.php?rest_route=\/wp\/v2\/media\/4123"}],"wp:attachment":[{"href":"https:\/\/bruxelles-pantheres.be\/index.php?rest_route=%2Fwp%2Fv2%2Fmedia&parent=5468"}],"wp:term":[{"taxonomy":"category","embeddable":true,"href":"https:\/\/bruxelles-pantheres.be\/index.php?rest_route=%2Fwp%2Fv2%2Fcategories&post=5468"},{"taxonomy":"post_tag","embeddable":true,"href":"https:\/\/bruxelles-pantheres.be\/index.php?rest_route=%2Fwp%2Fv2%2Ftags&post=5468"}],"curies":[{"name":"wp","href":"https:\/\/api.w.org\/{rel}","templated":true}]}}