{"id":547,"date":"2013-02-25T16:42:56","date_gmt":"2013-02-25T15:42:56","guid":{"rendered":"https:\/\/bruxelles-pantheres.be\/?p=547"},"modified":"2013-11-10T16:47:03","modified_gmt":"2013-11-10T15:47:03","slug":"commemoration-du-deuxieme-anniversaire-du-mouvement-du-20-fevrier-au-maroc","status":"publish","type":"post","link":"https:\/\/bruxelles-pantheres.be\/?p=547","title":{"rendered":"Comm\u00e9moration Du Deuxi\u00e8me Anniversaire Du Mouvement Du 20 F\u00e9vrier Au Maroc"},"content":{"rendered":"<div>\n<div dir=\"ltr\">\n<p><img decoding=\"async\" class=\"aligncenter\" alt=\"https:\/\/mail-attachment.googleusercontent.com\/attachment\/?ui=2&amp;ik=908e7d29dd&amp;view=att&amp;th=13d0cb1048abedeb&amp;attid=0.6&amp;disp=inline&amp;realattid=f_hdk3m4p55&amp;safe=1&amp;zw&amp;saduie=AG9B_P_6uleh5aWlGeAIkk4k_OEU&amp;sadet=1361824085864&amp;sads=8TLnPlFZFi1dMwJhfKImzE07sEg\" src=\"https:\/\/mail-attachment.googleusercontent.com\/attachment\/?ui=2&amp;ik=908e7d29dd&amp;view=att&amp;th=13d0cb1048abedeb&amp;attid=0.6&amp;disp=inline&amp;realattid=f_hdk3m4p55&amp;safe=1&amp;zw&amp;saduie=AG9B_P_6uleh5aWlGeAIkk4k_OEU&amp;sadet=1361824085864&amp;sads=8TLnPlFZFi1dMwJhfKImzE07sEg\" \/><br \/>\nMesdames, Messieurs et chers ami(e)s,<!--more--><\/p>\n<p>Nous vous remercions toutes et tous\u00a0 d\u2019\u00eatre pr\u00e9sent(e)s aujourd\u2019hui avec nous pour c\u00e9l\u00e9brer ensemble ce deuxi\u00e8me anniversaire du Mouvement du 20 F\u00e9vrier, et montrer notre d\u00e9termination \u00e0 soutenir et \u00e0 appuyer la lutte pour un v\u00e9ritable \u00e9tat de droit et de d\u00e9mocratie au Maroc.<\/p>\n<p>Par des revendications pr\u00e9cises et claires, ce mouvement populaire, sans pr\u00e9c\u00e9dent dans l\u2019histoire du\u00a0 pays a contribu\u00e9 \u00e0 une importante \u00e9volution de la conscience politique des marocains, et a mis en lumi\u00e8re les incoh\u00e9rences d\u2019une classe politique discr\u00e9dit\u00e9e, qui\u00a0 n\u2019h\u00e9site pas \u00e0 se r\u00e9fugier derri\u00e8re l\u2019imposture et la manipulation pour faire accepter aux marocains l\u2019inacceptable, et dont le r\u00f4le n\u2019est qu\u2019un d\u00e9cor ou\u00a0 vitrine \u00ab d\u00e9mocratique \u00bb pour redorer le blason d\u2019un \u00e9tat d\u00e9liquescent.<\/p>\n<p>L\u2019\u00e8re des peuples, qui font l\u2019Histoire, est en marche pour ouvrir la voie \u00e0 la naissance d\u2019une soci\u00e9t\u00e9 juste, \u00e9galitaire, moderne et prosp\u00e8re.<\/p>\n<p>Ce dynamisme nous enseigne des le\u00e7ons politiques et pratiques, et on peut en citer\u00a0 deux \u00e0 titre d\u2019exemple :<\/p>\n<p>1-l\u2019effondrement de la th\u00e9orie\u00a0 selon laquelle\u00a0 \u00ab seul les \u00e9lites\u00a0 peuvent guider et imposer un changement dans la soci\u00e9t\u00e9\u00bb. Ces \u00e9lites ont contribu\u00e9 \u00e0 l\u2019imposition\u00a0 d\u2019institutions non repr\u00e9sentatives et\u00a0 corrompus, cr\u00e9es pour servir les int\u00e9r\u00eats d\u2019une minorit\u00e9 de privil\u00e9gi\u00e9s au d\u00e9pens de l\u2019aspiration des peuples \u00e0 la justice sociale et \u00e0 la libert\u00e9.<\/p>\n<p>2-L\u2019effondrement d\u2019une autre th\u00e9orie \u00ab du Guide Supr\u00eame capable d\u2019anticiper l\u2019\u00e9volution historique et de mener par sa seule personne la marche vers le progr\u00e8s\u00bb. C\u2019est une conception qui ne peut plus pr\u00e9tendre \u00e9craser les peuples sous la dictature et le despotisme.<\/p>\n<p>Malgr\u00e9 la r\u00e9pression qui s\u2019abat sur le mouvement (par les assassinats,\u00a0 les arrestations arbitraires et l\u2019emprisonnement qui touchent des dizaines de ses militants \u00e0 travers tout le pays), et nonobstant les attaques qui visent \u00e0 le discr\u00e9diter, et \u00e0 cr\u00e9er la division entre ses composantes pour mieux l\u2019an\u00e9antir, le M20F continue toujours \u00e0 lever le drapeau de la contestation au Maroc.<\/p>\n<p>Deux ann\u00e9es apr\u00e8s le lancement de cette contestation populaire, l\u2019\u00e9tat marocain se trouve en face de revendications qu\u2019il se refuse \u00e0 exaucer. Il reste cantonn\u00e9 dans l\u2019impasse \u00e0 travers des caract\u00e9ristiques contest\u00e9es et contestables :<\/p>\n<p>-Adoption d\u2019une Constitution octroy\u00e9e et boycott\u00e9e par une large majorit\u00e9 de marocains.<\/p>\n<p>-Organisation d\u2019\u00e9lections l\u00e9gislatives rejet\u00e9es par la majorit\u00e9 de citoyens<\/p>\n<p>-Domination totale de l\u2019institution monarchique sur l\u2019\u00e9chiquier politique et \u00e9conomique du pays.<\/p>\n<p>-Persistance de pratiques moyen\u00e2geuses et d\u00e9gradantes \u00e0 travers des protocoles makhzeniens qui sacralisent le pouvoir et humilient les citoyens.<\/p>\n<p>-Aggravation de la situation \u00e9conomique et sociale avec des taux de ch\u00f4mage record, notamment parmi les jeunes et les dipl\u00f4m\u00e9s, sans oublier les masses populaires sans emploi et sans aucune couverture sociale.<\/p>\n<p>Le gouvernement islamiste de Benkirane est un leurre, d\u00e9sign\u00e9 pour g\u00e9rer les affaires courantes\u00a0 du Makhzen.<\/p>\n<p>Certes le M20F affronte des difficult\u00e9s pour diverses raisons, et notamment <b>:<\/b><\/p>\n<p>-La volont\u00e9 de certaines parties \u00e0 imposer le slogan de \u00ab la monarchie parlementaire \u00bb, aux revendications de M20F, ce qui a cr\u00e9\u00e9 des dissensions au sein du mouvement et des\u00a0 pol\u00e9miques st\u00e9rile ,et qui a amen\u00e9 dans certains cas (comme en Belgique) \u00e0 la cr\u00e9ation de deux plates-formes pour le soutien du mouvement du 20 f\u00e9vrier au Maroc <b>!<\/b><\/p>\n<p>&#8211; La d\u00e9mission inattendue d\u2019une composante importante du M20F, en annon\u00e7ant son retrait pour des raisons non convaincantes.<\/p>\n<p>&#8211; L\u2019opportunisme de certains\u00a0 partis politiques ob\u00e9issants et serviles, notamment une\u00a0 \u00ab ex-opposition islamiste \u00bb, aujourd\u2019hui aux affaires, qui a tout fait pour en tirer profit et gagner la b\u00e9n\u00e9diction du Makhzen, et qui accepte d\u2019\u00eatre une \u00ab fa\u00e7ade de d\u00e9mocratie \u00bb et cacher ainsi les v\u00e9ritables d\u00e9tenteurs du pouvoir au Maroc, \u00e0 savoir le monarque et ses conseillers.<\/p>\n<p>&#8211; Le faible soutien et encadrement politique des jeunes dans le\u00a0 mouvement.<\/p>\n<p>&#8211; L\u2019Offensive r\u00e9pressive g\u00e9n\u00e9ralis\u00e9e\u00a0 qui se manifeste par des interventions sauvages contre les manifestations pacifiques, les intimidations, les arrestations arbitraires, les assassinats, l\u2019incarc\u00e9ration et les poursuites judiciaires contre les militants actifs et la fabrication de proc\u00e8s iniques\u00a0 pour criminaliser les r\u00e9sistances.<\/p>\n<p>Chers ami(e)s<\/p>\n<p>En c\u00e9l\u00e9brant le deuxi\u00e8me anniversaire du MVT du 20 f\u00e9vrier, nous\u00a0 tenons \u00e0 r\u00e9affirmer (au nom de la coordination) notre soutien inconditionnel\u00a0 et notre solidarit\u00e9 avec les victimes de la r\u00e9pression, tout en\u00a0 exprimant notre souhait de voir na\u00eetre une large unit\u00e9 de toutes les forces vives et d\u00e9mocratiques marocaines, condition \u00e0 la fois indispensable et essentielle ,pour vaincre le despotisme et\u00a0 imposer des changements r\u00e9els dans notre pays.<\/p>\n<\/div>\n<\/div>\n","protected":false},"excerpt":{"rendered":"<p>Mesdames, Messieurs et chers ami(e)s,<\/p>\n","protected":false},"author":1,"featured_media":548,"comment_status":"open","ping_status":"open","sticky":false,"template":"","format":"standard","meta":{"footnotes":""},"categories":[24,18],"tags":[31,14,26,13,15],"class_list":["post-547","post","type-post","status-publish","format-standard","has-post-thumbnail","hentry","category-belgique-maroc","category-resistance-bruxelles","tag-belgique","tag-bruxelles","tag-extradition","tag-nordine-saidi","tag-resistance"],"_links":{"self":[{"href":"https:\/\/bruxelles-pantheres.be\/index.php?rest_route=\/wp\/v2\/posts\/547","targetHints":{"allow":["GET"]}}],"collection":[{"href":"https:\/\/bruxelles-pantheres.be\/index.php?rest_route=\/wp\/v2\/posts"}],"about":[{"href":"https:\/\/bruxelles-pantheres.be\/index.php?rest_route=\/wp\/v2\/types\/post"}],"author":[{"embeddable":true,"href":"https:\/\/bruxelles-pantheres.be\/index.php?rest_route=\/wp\/v2\/users\/1"}],"replies":[{"embeddable":true,"href":"https:\/\/bruxelles-pantheres.be\/index.php?rest_route=%2Fwp%2Fv2%2Fcomments&post=547"}],"version-history":[{"count":4,"href":"https:\/\/bruxelles-pantheres.be\/index.php?rest_route=\/wp\/v2\/posts\/547\/revisions"}],"predecessor-version":[{"id":552,"href":"https:\/\/bruxelles-pantheres.be\/index.php?rest_route=\/wp\/v2\/posts\/547\/revisions\/552"}],"wp:featuredmedia":[{"embeddable":true,"href":"https:\/\/bruxelles-pantheres.be\/index.php?rest_route=\/wp\/v2\/media\/548"}],"wp:attachment":[{"href":"https:\/\/bruxelles-pantheres.be\/index.php?rest_route=%2Fwp%2Fv2%2Fmedia&parent=547"}],"wp:term":[{"taxonomy":"category","embeddable":true,"href":"https:\/\/bruxelles-pantheres.be\/index.php?rest_route=%2Fwp%2Fv2%2Fcategories&post=547"},{"taxonomy":"post_tag","embeddable":true,"href":"https:\/\/bruxelles-pantheres.be\/index.php?rest_route=%2Fwp%2Fv2%2Ftags&post=547"}],"curies":[{"name":"wp","href":"https:\/\/api.w.org\/{rel}","templated":true}]}}