{"id":5492,"date":"2023-02-24T20:54:59","date_gmt":"2023-02-24T19:54:59","guid":{"rendered":"https:\/\/bruxelles-pantheres.be\/?p=5492"},"modified":"2023-02-24T20:54:59","modified_gmt":"2023-02-24T19:54:59","slug":"pour-la-regularisation-des-personnes-sans-papiers","status":"publish","type":"post","link":"https:\/\/bruxelles-pantheres.be\/?p=5492","title":{"rendered":"POUR LA R\u00c9GULARISATION DES PERSONNES SANS-PAPIERS"},"content":{"rendered":"<header class=\"col-md-12\">\n<h2 style=\"text-align: center;\">MANIFESTATION NATIONALE<\/h2>\n<h2 style=\"text-align: center;\"><span class=\"event_info_text\">5 mars &#8211; 14h00 &#8211; D\u00e9part Gare du Nord<\/span><\/h2>\n<h4 class=\"crayon article-titre-1327 article-titre\" style=\"text-align: center;\"><span class=\"caps\">COMMUNIQUE<\/span>\u00a0<span class=\"caps\">DE<\/span>\u00a0<span class=\"caps\">PRESSE<\/span>\u00a0<span class=\"caps\">DE<\/span>\u00a0<span class=\"caps\">LA<\/span>\u00a0<span class=\"caps\">COORDINATION<\/span>\u00a0<span class=\"caps\">DES<\/span>\u00a0<span class=\"caps\">SANS<\/span>&#8211;<span class=\"caps\">PAPIERS<\/span>\u00a0<span class=\"caps\">DE<\/span>\u00a0<span class=\"caps\">BELGIQUE<\/span><\/h4>\n<div class=\"padding-text-article padding-tag-article\">\n<div class=\"crayon article-descriptif-1327 chapo descriptif-article link-article\">\n<p>La politique d\u2019asile et migration belge\u00a0: rien que du laisser mourir<\/p>\n<\/div>\n<p><span class=\"tag-lieu\"><i class=\"padding-icone-lieu tag-lieu-article\">\u00a0<\/i>Bruxelles\u00a0<\/span><span class=\"separation-tag\">|<\/span>\u00a0<span class=\"time-article\"><time class=\"date_articles\" datetime=\"2023-01-17T09:34:51Z\">Publi\u00e9 le\u00a017\/01\/2023<\/time><\/span><\/div>\n<\/header>\n<div class=\"col-md-12\">\n<div class=\"padding-text-article link-article\">\n<div class=\"crayon article-texte-1327 article-texte surlignable\">\n<p>Les personnes sans-papiers ont travers\u00e9 l\u2019ann\u00e9e 2022 avec une boule \u00e0 la gorge. Elles sont vraiment assomm\u00e9es, car depuis 2014, rien n\u2019a \u00e9t\u00e9 d\u00e9cid\u00e9 pour leur int\u00e9gration dans l\u2019Etat de droit belge. En effet, voil\u00e0 d\u00e9j\u00e0 une d\u00e9cennie qu\u2019elles continuent \u00e0 toujours \u00eatre la crise oubli\u00e9e en Belgique. M\u00eames les m\u00e9dias belges se refusent d\u2019\u00e9taler leurs r\u00e9alit\u00e9s de vie. Ils attendent toujours les actions de d\u00e9sespoir de ces personnes d\u00e9j\u00e0 tr\u00e8s vuln\u00e9rables pour essayer de parler d\u2019elles. Install\u00e9es de fa\u00e7on pr\u00e9m\u00e9dit\u00e9e dans un trou noir, dans l\u2019invisibilit\u00e9 totale, les personnes sans-papiers n\u2019ont b\u00e9n\u00e9fici\u00e9 d\u2019aucun regard bienveillant des diff\u00e9rents gouvernements qui se sont succ\u00e9d\u00e9s. Comme d\u2019accoutum\u00e9e, \u00e0 l\u2019aube de cette nouvelle ann\u00e9e, aucune entit\u00e9 d\u2019Etat ne leur a formul\u00e9 des v\u0153ux de bonheur. Les responsables politiques belges ignorent que \u00ab<small class=\"fine\">\u00a0<\/small>le bonheur est la seule chose qui se double si on le partage<small class=\"fine\">\u00a0<\/small>\u00bb.<\/p>\n<\/div>\n<\/div>\n<\/div>\n<p><!--more--><\/p>\n<div class=\"crayon article-texte-1327 article-texte surlignable\">\n<p>Bien qu\u2019il ait accord\u00e9 un accueil bienveillant aux r\u00e9fugi\u00e9s ukrainiens en 2022, le gouvernement d\u2019Alexander De Croo est en panne d\u2019inspiration et d\u2019initiative en mati\u00e8re d\u2019asile et migration. Son programme a \u00e9t\u00e9 de ne pas avoir de programme au sujet des personnes sans-papiers. De leur c\u00f4t\u00e9, la soci\u00e9t\u00e9 civile et les citoyens belges se sont souvent mobilis\u00e9s pour exhorter ce gouvernement \u00e0 mettre en place une politique d\u2019asile humaine et juste pour les personnes sans-papiers et \u00e0 agir face \u00e0 l\u2019urgence de la crise de l\u2019accueil. Le comble est de constater que celui-ci s\u2019inscrit toujours dans le d\u00e9ni de toutes ces mobilisations citoyennes. Il refuse la n\u00e9cessit\u00e9 de mener de profondes et minutieuses r\u00e9flexions, d\u2019ouvrir un dialogue concert\u00e9 entre les diff\u00e9rents acteurs de terrain, en vue de trouver des solutions durables et d\u00e9finitives \u00e0 la situation des personnes sans-papiers ou encore \u00e0 celle des demandeurs d\u2019asile. Le gouvernement a d\u00e9lib\u00e9r\u00e9ment fait le choix du laisser souffrir et du laisser mourir. Le constat est que, le refus des droits humains renforce l\u2019exclusion sociale, la perte de l\u2019identit\u00e9 sociale et individuelle, et la marginalisation de ces milliers de femmes, hommes et enfants qui ont choisi la Belgique comme pays d\u2019exil. De nos jours, le spectacle de l\u2019occupation de demandeurs d\u2019asile sise rue des Palais \u00e0 Schaerbeek, est ahurissant et \u00e0 en mourir. Voil\u00e0 l\u00e0, une poudri\u00e8re sanitaire qui montre que nous sommes en face d\u2019un gouvernement f\u00e9d\u00e9ral totalement d\u00e9faillant.<\/p>\n<p>Par ailleurs, la Coordination des sans-papiers ne comprend pas l\u2019ambivalence de certains partis dont les promesses ne se traduisent pas dans les faits. Au niveau local, ces partis se disent favorables \u00e0 l\u2019accueil des migrants, mais restent pourtant complices au niveau f\u00e9d\u00e9ral en cautionnant une politique d\u2019asile et migration qui n\u2019est que du laisser mourir. Actuellement, ces \u00e9lus du peuple se souhaitent les meilleurs v\u0153ux avec faste aux frais des contribuables. Sont-ils conscients de ce qui se passe sur le territoire<small class=\"fine\">\u00a0<\/small>? Arrivent-ils \u00e0 dormir sereinement<small class=\"fine\">\u00a0<\/small>? A quoi bon promettre la solidarit\u00e9 si on ne se donne pas les moyens de la concr\u00e9tiser<small class=\"fine\">\u00a0<\/small>? En quoi la construction des nouveaux centres ferm\u00e9s dans le royaume va-t-elle changer la vie des belges<small class=\"fine\">\u00a0<\/small>?<\/p>\n<p>La Belgique m\u00e9riterait mieux si le gouvernement abandonnait sa politique d\u2019asile et migration discriminatoire qui ouvre un boulevard b\u00e9ant au racisme, \u00e0 la x\u00e9nophobie et \u00e0 la mont\u00e9e de l\u2019extr\u00eame droite au nord du pays. Il doit en finir avec le d\u00e9dain des migrants en prenant des bonnes r\u00e9solutions pour la r\u00e9gularisation des personnes sans-papiers. Il ne lui coutera rien de mettre en place une politique d\u2019asile et migration digne, accessible, \u00e9quitable et non discriminatoire, fond\u00e9e sur la justice et la solidarit\u00e9. C\u2019est \u00e7a qu\u2019on appelle avoir du courage politique.<\/p>\n<p>En tout cas, face \u00e0 leur insensibilit\u00e9, notre col\u00e8re, c\u2019est tout ce qui nous reste de vivant. Nous restons implacables sur nos revendications\u00a0:<\/p>\n<ul>\n<li>La r\u00e9gularisation des personnes sans-papiers<\/li>\n<li>la fermeture des centres ferm\u00e9s<\/li>\n<li>l\u2019arr\u00eat des expulsions<\/li>\n<li>la libert\u00e9 de circulation pour tous<\/li>\n<li>l\u2019arr\u00eat de la criminalisation des sans-papiers &#8211; le respect des droits fondamentaux<\/li>\n<\/ul>\n<ul class=\"spip\">\n<li><strong>le respect et l\u2019application des droits des enfants.<\/strong><\/li>\n<\/ul>\n<p>Aussi donc, la Coordination des sans-papiers organisera une\u00a0<span class=\"caps\">MANIFESTATION<\/span>\u00a0<span class=\"caps\">NATIONALE<\/span>, pour exiger des bonnes r\u00e9solutions avec l\u2019adoption de la loi citoyenne \u00ab<small class=\"fine\">\u00a0<\/small>In my Name<small class=\"fine\">\u00a0<\/small>\u00bb pour la r\u00e9gularisation des personnes sans-papiers, le dimanche 26\u00a0f\u00e9vrier 2023 \u00e0 partir de 14h, de la gare du Nord \u00e0 la Place de l\u2019Albertine.<\/p>\n<p>La Coordination des sans-papiers de Belgique<\/p>\n<\/div>\n<p class=\"crayon article-hyperlien-1327 hyperlien\">Voir en ligne :\u00a0<a class=\"spip_out\" href=\"https:\/\/www.facebook.com\/CoordinationdesSansPapiersdeBelgique\/\"><span class=\"caps\">COORDINATION<\/span>\u00a0<span class=\"caps\">DES<\/span>\u00a0<span class=\"caps\">SANS<\/span>&#8211;<span class=\"caps\">PAPIERS<\/span>\u00a0<span class=\"caps\">DE<\/span>\u00a0<span class=\"caps\">BELGIQUE<\/span><\/a><\/p>\n<div class=\"encadre-agenda\">\n<div class=\"panel-article-agenda-final\">\n<div class=\"row\">\n<div class=\"col-xl-12 \">\n<div class=\"col-md-12\">\n<h3 class=\"article-apercu-page-article sous-titre-agenda-article\" style=\"text-align: center;\"><span class=\"caps\">MANIFESTATION<\/span>\u00a0<span class=\"caps\">NATIONALE<\/span>, POUR LA R\u00c9GULARISATION DES PERSONNES SANS-PAPIERS<\/h3>\n<\/div>\n<div class=\"col-md-12 d-none d-lg-block\"><i class=\"fas fa-calendar-alt  tag-agenda-article\"><\/i>\u00a0dimanche 5 mars 2023\u00a0<span class=\"ml-agenda-date-debut-small \">\u00a0<i class=\"fas fa-clock tag-agenda-article\"><\/i>14h00 &#8211; 17h00<\/span><\/div>\n<div class=\"col-md-12 left-agenda\"><i class=\"fas fa-map-marker-alt tag-agenda-article left-agenda\" aria-hidden=\"true\"><\/i><span class=\" left-agenda\">\u00a0D\u00e9part Gare du Nord,<\/span>Arriv\u00e9 \u00e0 la Place de l\u2019Albertine.<\/p>\n<p>&nbsp;<\/p>\n<\/div>\n<\/div>\n<\/div>\n<\/div>\n<\/div>\n","protected":false},"excerpt":{"rendered":"<p>MANIFESTATION NATIONALE 5 mars &#8211; 14h00 &#8211; D\u00e9part Gare du Nord COMMUNIQUE\u00a0DE\u00a0PRESSE\u00a0DE\u00a0LA\u00a0COORDINATION\u00a0DES\u00a0SANS&#8211;PAPIERS\u00a0DE\u00a0BELGIQUE La politique d\u2019asile et migration belge\u00a0: rien que du laisser mourir \u00a0Bruxelles\u00a0|\u00a0Publi\u00e9 le\u00a017\/01\/2023 Les personnes sans-papiers ont travers\u00e9 l\u2019ann\u00e9e 2022 avec une boule \u00e0 la gorge. Elles sont vraiment assomm\u00e9es, car depuis 2014, rien n\u2019a \u00e9t\u00e9 d\u00e9cid\u00e9 pour leur int\u00e9gration dans l\u2019Etat de &#8230; <a title=\"POUR LA R\u00c9GULARISATION DES PERSONNES SANS-PAPIERS\" class=\"read-more\" href=\"https:\/\/bruxelles-pantheres.be\/?p=5492\" aria-label=\"En savoir plus sur POUR LA R\u00c9GULARISATION DES PERSONNES SANS-PAPIERS\">Lire la suite<\/a><\/p>\n","protected":false},"author":1,"featured_media":4440,"comment_status":"open","ping_status":"open","sticky":false,"template":"","format":"standard","meta":{"footnotes":""},"categories":[36,18,28,39],"tags":[366],"class_list":["post-5492","post","type-post","status-publish","format-standard","has-post-thumbnail","hentry","category-europe","category-resistance-bruxelles","category-racismes","category-sans-papier","tag-coordination-des-sans-papiers-de-belgique"],"_links":{"self":[{"href":"https:\/\/bruxelles-pantheres.be\/index.php?rest_route=\/wp\/v2\/posts\/5492","targetHints":{"allow":["GET"]}}],"collection":[{"href":"https:\/\/bruxelles-pantheres.be\/index.php?rest_route=\/wp\/v2\/posts"}],"about":[{"href":"https:\/\/bruxelles-pantheres.be\/index.php?rest_route=\/wp\/v2\/types\/post"}],"author":[{"embeddable":true,"href":"https:\/\/bruxelles-pantheres.be\/index.php?rest_route=\/wp\/v2\/users\/1"}],"replies":[{"embeddable":true,"href":"https:\/\/bruxelles-pantheres.be\/index.php?rest_route=%2Fwp%2Fv2%2Fcomments&post=5492"}],"version-history":[{"count":1,"href":"https:\/\/bruxelles-pantheres.be\/index.php?rest_route=\/wp\/v2\/posts\/5492\/revisions"}],"predecessor-version":[{"id":5493,"href":"https:\/\/bruxelles-pantheres.be\/index.php?rest_route=\/wp\/v2\/posts\/5492\/revisions\/5493"}],"wp:featuredmedia":[{"embeddable":true,"href":"https:\/\/bruxelles-pantheres.be\/index.php?rest_route=\/wp\/v2\/media\/4440"}],"wp:attachment":[{"href":"https:\/\/bruxelles-pantheres.be\/index.php?rest_route=%2Fwp%2Fv2%2Fmedia&parent=5492"}],"wp:term":[{"taxonomy":"category","embeddable":true,"href":"https:\/\/bruxelles-pantheres.be\/index.php?rest_route=%2Fwp%2Fv2%2Fcategories&post=5492"},{"taxonomy":"post_tag","embeddable":true,"href":"https:\/\/bruxelles-pantheres.be\/index.php?rest_route=%2Fwp%2Fv2%2Ftags&post=5492"}],"curies":[{"name":"wp","href":"https:\/\/api.w.org\/{rel}","templated":true}]}}