{"id":5495,"date":"2012-09-28T08:32:43","date_gmt":"2012-09-28T07:32:43","guid":{"rendered":"https:\/\/bruxelles-pantheres.be\/?p=5495"},"modified":"2023-02-28T08:35:02","modified_gmt":"2023-02-28T07:35:02","slug":"un-entretien-avec-james-baldwin","status":"publish","type":"post","link":"https:\/\/bruxelles-pantheres.be\/?p=5495","title":{"rendered":"UN ENTRETIEN AVEC JAMES BALDWIN"},"content":{"rendered":"<p>La France terre d\u2019asile ! Pendant la derni\u00e8re campagne \u00e9lectorale, la droite inqui\u00e8te n\u2019a pas h\u00e9sit\u00e9 \u00e0 \u00ab l\u00e2cher les chiens \u00bb. L\u2019intol\u00e9rance, l\u2019\u00e9crivain noir am\u00e9ricain James Baldwin, qui a pass\u00e9 son enfance \u00e0 Harlem et vit aujourd\u2019hui dans le Sud de la France, en a fait le th\u00e8me obs\u00e9dant de ses livres : de \u00ab Native Son \u00bb \u00e0 \u00ab Si Beale Street pouvait parler \u00bb, qui ressort chez Stock. Il a r\u00e9pondu aux questions d\u2019Herv\u00e9 Prudon.<!--more--><\/p>\n<p><img decoding=\"async\" class=\"attachment-single-post-thumbnail size-single-post-thumbnail wp-post-image aligncenter\" src=\"https:\/\/indigenes-republique.fr\/wp-content\/uploads\/spip\/arton1717-400x400.jpg\" sizes=\"(max-width: 400px) 100vw, 400px\" srcset=\"https:\/\/indigenes-republique.fr\/wp-content\/uploads\/spip\/arton1717-400x400.jpg 400w, https:\/\/indigenes-republique.fr\/wp-content\/uploads\/spip\/arton1717-100x100.jpg 100w, https:\/\/indigenes-republique.fr\/wp-content\/uploads\/spip\/arton1717-300x300.jpg 300w, https:\/\/indigenes-republique.fr\/wp-content\/uploads\/spip\/arton1717-50x50.jpg 50w, https:\/\/indigenes-republique.fr\/wp-content\/uploads\/spip\/arton1717.jpg 402w\" alt=\"\" width=\"400\" height=\"400\" \/><\/p>\n<p>James Baldwin : Quand on parle de racisme \u00e0 ce moment pr\u00e9cis de l\u2019histoire de l\u2019humanit\u00e9, on parle surtout du rapport \u00e9tabli entre ce qu\u2019on appelle un Blanc et ce qu\u2019on appelle un Noir. On ne pense pas, en effet, entre le rapport entre le Basque et l\u2019Espagnol, le Berb\u00e8re et Kurde ou le Corse et le Fran\u00e7ais. Je n\u2019\u00e9tais pas un Noir jusqu\u2019\u00e0 ce que l\u2019Europe vienne me chercher dans mon village. J\u2019avais la seule civilisation qu\u2019un \u00eatre humain puisse avoir : celle de son village<\/p>\n<p>La violence de ma rencontre avec l\u2019Europe a fait de moi un Noir : c\u2019est ce que l\u2019Europe a dit. Mais la violence de cette rencontre a aussi fait de l\u2019Europ\u00e9en un Blanc. C\u2019est tr\u00e8s dur d\u2019\u00eatre un Blanc ! C\u2019est en fait impossible sans ce t\u00e9moin absolument indispensable : cette cr\u00e9ature contrainte \u00e0 \u00eatre un Noir selon les crit\u00e8res du Blanc.<\/p>\n<p>Je parle en Noir am\u00e9ricain, je parle donc comme quelqu\u2019un qui a rencontr\u00e9 les h\u00e9ritiers de l\u2019Europe en Am\u00e9rique bien avant de conna\u00eetre l\u2019Europe. La diff\u00e9rence entre le racisme qui s\u00e9vit en France (Europe) et le racisme aux Etats-Unis, c\u2019est qu\u2019en Europe \u2013 et pour la premi\u00e8re fois \u2013 l\u2019esclave, si longtemps invisible dans les colonies, vit \u00e0 pr\u00e9sent (\u00e0 cause de n\u00e9cessit\u00e9s \u00e9conomiques en Europe) sur le continent et montre qu\u2019il est un \u00eatre humain. Les gens se d\u00e9racinent, p\u00e9rissent, ou s\u2019enracinent ailleurs : c\u2019est ce qui est arriv\u00e9 aux Noirs am\u00e9ricains et c\u2019est ce qui arrive, aujourd\u2019hui, en France.<\/p>\n<p>Le Nouvel Observateur : On parle beaucoup aujourd\u2019hui de racisme et d\u2019ins\u00e9curit\u00e9\u2026<br \/>\nJames Baldwin : En filigrane, dans le mot \u00ab racisme \u00bb il y a \u00e9crit le mot panique. C\u2019est la panique qui vous prend quand vous r\u00e9alisez que vous \u00eates nu. Les gens que vous avez si bien d\u00e9crits, si bien d\u00e9finis vous ont aussi observ\u00e9 et vous connaissent beaucoup mieux que vous les connaissez. Et ils ne vous diront jamais ce qu\u2019ils savent : ils en sont incapables, tant que l\u2019un pense \u00eatre un Blanc et l\u2019autre un Noir. Il est impossible de dire quoi que ce soit \u00e0 un Blanc. Il est \u00e9galement impossible de dire quoi que ce soit \u00e0 un Noir. Les \u00eatres humains ne parlent qu\u2019\u00e0 d\u2019autres \u00eatres humains.<\/p>\n<p>En France, je suis un Noir am\u00e9ricain qui ne constitue pas un danger \u00e0 l\u2019identit\u00e9 fran\u00e7aise : en effet, je n\u2019existe pas en France. Ce serait une autre histoire si je venais du S\u00e9n\u00e9gal, et une chanson plus douloureuse si je venais d\u2019Alg\u00e9rie. En tant qu\u2019h\u00f4te de la France, ce pays que j\u2019aime et qui \u2013 principalement en me fichant la paix \u2013 a \u00e9t\u00e9 tr\u00e8s bon avec moi, et je vous en prie ne faites pas ce que mes compatriotes ont fait : cr\u00e9er un Ku Klux Klan incontr\u00f4lable et donner d\u2019un massacre une image romantique (comme \u00ab Autant en emporte le vent \u00bb), justifiant ainsi les ghettos.<\/p>\n<p>N.O. : Le racisme est aussi une arme politique.<\/p>\n<p>J.B. : Le racisme est toujours une arme politique, \u00e0 la base, probablement la plus puissante de toutes, amplifiant et justifiant les \u00e9ternels conflits territoriaux. Les colonies ne r\u00e9digent pas une demande pour devenir des colonies, et aucune demande inverse ne les a jamais lib\u00e9r\u00e9es.<\/p>\n<p>N.O. : et les Fran\u00e7ais ? Sont-ils racistes ou x\u00e9nophobes ?<\/p>\n<p>J.B. : Ils sont les deux. Par l\u00e0, h\u00e9las, ils ne se distinguent pas des autres peuples. Ce qui, pour moi, caract\u00e9rise les Fran\u00e7ais, c\u2019est leur curieuse aptitude \u00e0 en douter, et \u00e0 agir comme si de rien n\u2019\u00e9tait.<\/p>\n<p>N.O. : Quel est le r\u00f4le de la culture dans le racisme ?<\/p>\n<p>J.B. : Le racisme est certainement une affaire de culture, mais d\u00e9battre de cette question prendrait un certain temps. Le racisme est la r\u00e9sultante d\u2019une culture impos\u00e9e \u00e0 une autre. Ce qui revient \u00e0 dire que le racisme est une affaire de pouvoir.<\/p>\n<p>N.O. : Que diriez-vous \u00e0 un jeune Noir, ou \u00e0 un jeune Arabe, vivant dans un ghetto de Paris ou de Marseille ?<\/p>\n<p>J.B. : Je lui dirais : ne panique pas maintenant. Aucun royaume, aucun syst\u00e8me n\u2019est \u00e9ternel et l\u2019avenir t\u2019appartient.<\/p>\n<p>N.O. : Que diriez-vous au Fran\u00e7ais raciste qui a peur ?<\/p>\n<p>J.B. : Je lui dirais bonjour.<\/p>\n<p>Propos recueillis par Herv\u00e9 Prudon<br \/>\nVendredi 29 avril 1983<\/p>\n","protected":false},"excerpt":{"rendered":"<p>La France terre d\u2019asile ! Pendant la derni\u00e8re campagne \u00e9lectorale, la droite inqui\u00e8te n\u2019a pas h\u00e9sit\u00e9 \u00e0 \u00ab l\u00e2cher les chiens \u00bb. L\u2019intol\u00e9rance, l\u2019\u00e9crivain noir am\u00e9ricain James Baldwin, qui a pass\u00e9 son enfance \u00e0 Harlem et vit aujourd\u2019hui dans le Sud de la France, en a fait le th\u00e8me obs\u00e9dant de ses livres : de &#8230; <a title=\"UN ENTRETIEN AVEC JAMES BALDWIN\" class=\"read-more\" href=\"https:\/\/bruxelles-pantheres.be\/?p=5495\" aria-label=\"En savoir plus sur UN ENTRETIEN AVEC JAMES BALDWIN\">Lire la suite<\/a><\/p>\n","protected":false},"author":1,"featured_media":3616,"comment_status":"open","ping_status":"open","sticky":false,"template":"","format":"standard","meta":{"footnotes":""},"categories":[21,36,7,28],"tags":[120],"class_list":["post-5495","post","type-post","status-publish","format-standard","has-post-thumbnail","hentry","category-anti-imperialisme","category-europe","category-negrophobie","category-racismes","tag-james-baldwin"],"_links":{"self":[{"href":"https:\/\/bruxelles-pantheres.be\/index.php?rest_route=\/wp\/v2\/posts\/5495","targetHints":{"allow":["GET"]}}],"collection":[{"href":"https:\/\/bruxelles-pantheres.be\/index.php?rest_route=\/wp\/v2\/posts"}],"about":[{"href":"https:\/\/bruxelles-pantheres.be\/index.php?rest_route=\/wp\/v2\/types\/post"}],"author":[{"embeddable":true,"href":"https:\/\/bruxelles-pantheres.be\/index.php?rest_route=\/wp\/v2\/users\/1"}],"replies":[{"embeddable":true,"href":"https:\/\/bruxelles-pantheres.be\/index.php?rest_route=%2Fwp%2Fv2%2Fcomments&post=5495"}],"version-history":[{"count":1,"href":"https:\/\/bruxelles-pantheres.be\/index.php?rest_route=\/wp\/v2\/posts\/5495\/revisions"}],"predecessor-version":[{"id":5496,"href":"https:\/\/bruxelles-pantheres.be\/index.php?rest_route=\/wp\/v2\/posts\/5495\/revisions\/5496"}],"wp:featuredmedia":[{"embeddable":true,"href":"https:\/\/bruxelles-pantheres.be\/index.php?rest_route=\/wp\/v2\/media\/3616"}],"wp:attachment":[{"href":"https:\/\/bruxelles-pantheres.be\/index.php?rest_route=%2Fwp%2Fv2%2Fmedia&parent=5495"}],"wp:term":[{"taxonomy":"category","embeddable":true,"href":"https:\/\/bruxelles-pantheres.be\/index.php?rest_route=%2Fwp%2Fv2%2Fcategories&post=5495"},{"taxonomy":"post_tag","embeddable":true,"href":"https:\/\/bruxelles-pantheres.be\/index.php?rest_route=%2Fwp%2Fv2%2Ftags&post=5495"}],"curies":[{"name":"wp","href":"https:\/\/api.w.org\/{rel}","templated":true}]}}