{"id":5503,"date":"2023-03-19T16:32:39","date_gmt":"2023-03-19T15:32:39","guid":{"rendered":"https:\/\/bruxelles-pantheres.be\/?p=5503"},"modified":"2023-03-19T16:32:39","modified_gmt":"2023-03-19T15:32:39","slug":"mumia-abu-jamal-en-direct-de-la-prison-sci-mahanoy","status":"publish","type":"post","link":"https:\/\/bruxelles-pantheres.be\/?p=5503","title":{"rendered":"MUMIA ABU-JAMAL En direct de la prison SCI Mahanoy"},"content":{"rendered":"<p>Le centre de d\u00e9tention se situe \u00e0 trois heures de route de New-York, dans une zone foresti\u00e8re inhospitali\u00e8re de cette partie de l\u2019Etat de Pennsylvanie (nord), o\u00f9 est incarc\u00e9r\u00e9 le journaliste afro-am\u00e9ricain Mumia Abu Jamal. Accus\u00e9 et condamn\u00e9 pour le meurtre d\u2019un policier blanc &#8211; ce qu\u2019il a depuis toujours farouchement ni\u00e9 &#8211; il purge une peine \u00e0 perp\u00e9tuit\u00e9.<\/p>\n<p>En avril prochain, Mumia aura 69 ans. Il va entamer sa 42\u00e8me ann\u00e9e de d\u00e9tention. Apr\u00e8s trois d\u00e9cennies pass\u00e9es dans le couloir de la mort, il \u00e9chappera \u00e0 deux ordonnances d\u2019ex\u00e9cution gr\u00e2ce \u00e0 la mobilisation internationale et sa peine sera commu\u00e9e en prison \u00e0 vie mais sans possibilit\u00e9 de lib\u00e9ration conditionnelle.<\/p>\n<p><strong>Pour saisir l\u2019horreur de sa situation d\u2019enfermement, il est imp\u00e9ratif de revenir \u00e0 l\u2019ann\u00e9e 2022.<\/strong><!--more--><\/p>\n<p>L\u2019an dernier, lors de la pand\u00e9mie mondiale, Mumia, n\u00e9 Wesley Cook, a \u00e9t\u00e9 infect\u00e9 par le Covid. Pour lui, l\u2019administration p\u00e9nitentiaire est responsable de la propagation de la maladie parmi les prisonniers, la majorit\u00e9 des gardiens ayant refus\u00e9 la vaccination pour coller aux th\u00e8ses complotistes du pr\u00e9sident am\u00e9ricain Donald Trump.<\/p>\n<p>De plus, celui que ses confr\u00e8res de Philadelphie ont surnomm\u00e9 \u00ab\u00a0la voix des sans voix\u00a0\u00bb\u00a0a \u00e9t\u00e9 victime de graves complications cardiaques n\u00e9cessitant une op\u00e9ration \u00e0 c\u0153ur ouvert. Le sort s\u2019acharnant, il apprendra quelques jours avant la fin de l\u2019ann\u00e9e le d\u00e9c\u00e8s de son \u00e9pouse Wadiya, l\u2019amour de sa vie. Il ne sera pas autoris\u00e9 \u00e0 se rendre aux obs\u00e8ques mais seulement \u00e0 lui dire un dernier au revoir par t\u00e9l\u00e9phone.<\/p>\n<p><strong>Le 9 mars, une d\u00e9l\u00e9gation du Collectif fran\u00e7ais \u00ab\u00a0Lib\u00e9rons Mumia\u00a0\u00bb avec Jacky Hortaut, co-animateur de ce collectif et Patrick Kamenka repr\u00e9sentant du syndicat national des journalistes CGT lui a rendu visite au centre p\u00e9nitentiaire SCI Mahanoy (Pennsylvanie). Larry Goldbetter, pr\u00e9sident du syndicat am\u00e9ricain NWU (National Writers Union) et membre de la direction de la F\u00e9d\u00e9ration internationale des journalistes (FIJ) participait \u00e0 cette d\u00e9l\u00e9gation.<\/strong><\/p>\n<p><a href=\"https:\/\/bruxelles-pantheres.be\/wp-content\/uploads\/2023\/03\/Photo-portrait-MUMIA-mars-2023.jpg\"><img decoding=\"async\" class=\"size-medium wp-image-5504 alignleft\" src=\"https:\/\/bruxelles-pantheres.be\/wp-content\/uploads\/2023\/03\/Photo-portrait-MUMIA-mars-2023-225x300.jpg\" alt=\"\" width=\"225\" height=\"300\" srcset=\"https:\/\/bruxelles-pantheres.be\/wp-content\/uploads\/2023\/03\/Photo-portrait-MUMIA-mars-2023-225x300.jpg 225w, https:\/\/bruxelles-pantheres.be\/wp-content\/uploads\/2023\/03\/Photo-portrait-MUMIA-mars-2023-768x1024.jpg 768w, https:\/\/bruxelles-pantheres.be\/wp-content\/uploads\/2023\/03\/Photo-portrait-MUMIA-mars-2023-1152x1536.jpg 1152w, https:\/\/bruxelles-pantheres.be\/wp-content\/uploads\/2023\/03\/Photo-portrait-MUMIA-mars-2023.jpg 1224w\" sizes=\"(max-width: 225px) 100vw, 225px\" \/><\/a>Une fois franchi les contr\u00f4les s\u00e9v\u00e8res de l\u2019administration p\u00e9nitentiaire, au bout d\u2019un long couloir, s\u2019ouvre la porte de la salle des visites o\u00f9 Mumia nous attend debout, rev\u00eatu de sa combinaison orange de d\u00e9tenu, coiff\u00e9 de ses \u00e9ternelles dreadlocks.<\/p>\n<p>&nbsp;<\/p>\n<p>Sa haute stature impressionne, tout comme l\u2019acuit\u00e9 de son regard qui illumine son visage agr\u00e9ment\u00e9 d\u2019une barbe grisonnante, sourire aux l\u00e8vres, riant m\u00eame malgr\u00e9 les 41 ann\u00e9es de d\u00e9tention. Ses graves probl\u00e8mes de sant\u00e9 de l\u2019an dernier semblent derri\u00e8re lui\u00a0: d\u00e9sormais il s\u2019astreint r\u00e9guli\u00e8rement \u00e0 pratiquer des exercices physiques de fa\u00e7on intense r\u00e9ussissant \u00e0 perdre du poids et \u00e0 reconstituer du muscle.<\/p>\n<p>Larry Goldbetter a ouvert les \u00e9changes en lui transmettant un message de solidarit\u00e9 de la pr\u00e9sidente de la FIJ qui rassemble 600.000 adh\u00e9rents dans 150 pays. Mumia sera d\u00e9sormais titulaire d\u2019une carte syndicale de presse internationale. En juin dernier au congr\u00e8s mondial d\u2019Oman de cette m\u00eame F\u00e9d\u00e9ration, 150 journalistes syndicalistes avaient d\u00e9j\u00e0 sign\u00e9 une lettre ouverte \u00e0 l\u2019attention du gouverneur de Pennsylvanie pour exiger la r\u00e9vision de son proc\u00e8s et sa lib\u00e9ration imm\u00e9diate pour raison de sant\u00e9.<\/p>\n<p><strong>Durant cette visite qui a dur\u00e9 trois heures, Mumia a fait \u00e9tat de la d\u00e9gradation de ses conditions de d\u00e9tention depuis la p\u00e9riode pand\u00e9mique du Covid.<\/strong> Les visites sont r\u00e9duites \u00e0 la portion congrue car d\u00e9sormais les inscriptions se font uniquement par internet et sont pr\u00e9texte \u00e0 des refus sans la moindre explication privant ainsi les familles de leur droit. Par ailleurs son r\u00e9gime alimentaire est totalement inadapt\u00e9 \u00e0 son fragile \u00e9tat de sant\u00e9. Malgr\u00e9 cette situation, Mumia poursuit une intense activit\u00e9 intellectuelle en pr\u00e9parant un nouveau livre (th\u00e8se de doctorat) sur la politique de d\u00e9shumanisation qui conduit \u00e0 la r\u00e9cidive de nombreux d\u00e9tenus dans un syst\u00e8me d&rsquo;incarc\u00e9ration de masse (2,3 millions de prisonniers aux USA). Comme \u00e0 son habitude, Mumia a nourri la discussion sur les questions concernant l\u2019\u00e9tat du monde\u00a0: les guerres et la souffrance des peuples, la mis\u00e8re \u00e9conomique et sociale, les bouleversements climatiques, autant de cons\u00e9quences de son point de vue du syst\u00e8me capitaliste en crise profonde, la pand\u00e9mie ayant \u00e9t\u00e9 le r\u00e9v\u00e9lateur de ce qui appelle \u00ab\u00a0l\u2019empire en \u00e9tat de d\u00e9composition\u00a0\u00bb.<\/p>\n<p>Toujours aussi attentif aux combats politiques et sociaux, Mumia a tenu \u00e0 saluer les manifestations contre la r\u00e9forme des retraites en France et l\u2019unit\u00e9 des syndicats.<\/p>\n<p>Il a remerci\u00e9 tous ceux, tr\u00e8s nombreux en France, qui le soutiennent en interpellant sans rel\u00e2che les autorit\u00e9s am\u00e9ricaines \u00e0 l\u2019exemple r\u00e9cent de la ville de Paris dont Mumia est Citoyen d\u2019Honneur. Il a enfin t\u00e9moign\u00e9 avoir \u00e9t\u00e9 tr\u00e8s touch\u00e9 par les messages de solidarit\u00e9 et de compassion qu\u2019il a re\u00e7us tr\u00e8s r\u00e9cemment \u00e0 l\u2019occasion du d\u00e9c\u00e8s de son \u00e9pouse.<\/p>\n<p><strong>En ce d\u00e9but 2023, Mumia est confront\u00e9 \u00e0 un moment cl\u00e9 de sa bataille judiciaire qu\u2019il m\u00e8ne inlassablement depuis quatre d\u00e9cennies avec son \u00e9quipe de d\u00e9fense pour prouver son innocence.<\/strong> Rappelons que son proc\u00e8s exp\u00e9ditif en 1982 qui le condamnera \u00e0 la peine capitale, sera marqu\u00e9 par l\u2019emploi de m\u00e9thodes racistes des magistrats qui n\u2019h\u00e9siteront pas \u00e0 fouler au pied la constitution des Etats-Unis afin de \u00ab\u00a0faire griller le n\u00e8gre\u00a0\u00bb. Ces entraves au droit fondamental seront d\u00e9nonc\u00e9es par la Commission des droits de l\u2019Homme de l\u2019ONU, l\u2019Union europ\u00e9enne et Amnesty International USA. Aujourd\u2019hui, il s\u2019agit pour Mumia d\u2019obtenir, apr\u00e8s 41 ann\u00e9es de combat contre l\u2019injustice et de mobilisation internationale la r\u00e9vision de son proc\u00e8s afin qu\u2019il soit innocent\u00e9 et lib\u00e9r\u00e9. Ses avocats ont en effet r\u00e9cemment eu acc\u00e8s \u00e0 des \u00e9l\u00e9ments de preuves cach\u00e9es, contenus dans des dizaines de documents d\u2019archives dans le bureau du procureur de Philadelphie prouvant les multiples atteintes au droit de l\u2019accus\u00e9.<\/p>\n<p><strong>La juge Lucrecia Clemons en charge du proc\u00e8s d\u2019appel (en cours) obtenu apr\u00e8s des ann\u00e9es de lutte judiciaire doit d\u00e9cider prochainement de la suite \u00e0 donner \u00e0 la demande de r\u00e9vision du proc\u00e8s d\u2019origine, laquelle pourrait ouvrir la voie \u00e0 sa lib\u00e9ration.<\/strong><\/p>\n<p>Dans ce contexte, la mont\u00e9e de la solidarit\u00e9 aux Etats-Unis comme dans le monde reste essentielle pour sortir Mumia de l\u2019enfer carc\u00e9ral. A cet effet, les organisations am\u00e9ricaines de soutien \u00e0 Mumia Abu-Jamal ont organis\u00e9 samedi 11 mars un grand meeting \u00e0 Philadelphie rassemblant de nombreuses personnalit\u00e9s pour d\u00e9noncer l\u2019acharnement judiciaire dont cet homme est la victime. Cette conf\u00e9rence a \u00e9t\u00e9 diffus\u00e9e en direct sur toute la plan\u00e8te.<\/p>\n<p style=\"text-align: center;\">\u00a0<iframe title=\"YouTube video player\" src=\"https:\/\/www.youtube.com\/embed\/v7YA1WMGbmA\" width=\"560\" height=\"315\" frameborder=\"0\" allowfullscreen=\"allowfullscreen\"><\/iframe><\/p>\n<p>Un encouragement \u00e0 poursuivre et \u00e0 intensifier la mobilisation internationale pour sa lib\u00e9ration. Le m\u00eame jour, une importante manifestation syndicale de soutien a eu lieu en Afrique du Sud et des initiatives diverses ont \u00e9t\u00e9 organis\u00e9es sur tous les continents.<\/p>\n<p>Patrick KAMENKA &amp; Jacky HORTAUT<\/p>\n<p>Pour en savoir plus sur le combat de Mumia et de ses soutiens\u00a0en France\u00a0: <em>www.mumiabujamal.com<\/em><\/p>\n","protected":false},"excerpt":{"rendered":"<p>Le centre de d\u00e9tention se situe \u00e0 trois heures de route de New-York, dans une zone foresti\u00e8re inhospitali\u00e8re de cette partie de l\u2019Etat de Pennsylvanie (nord), o\u00f9 est incarc\u00e9r\u00e9 le journaliste afro-am\u00e9ricain Mumia Abu Jamal. Accus\u00e9 et condamn\u00e9 pour le meurtre d\u2019un policier blanc &#8211; ce qu\u2019il a depuis toujours farouchement ni\u00e9 &#8211; il purge &#8230; <a title=\"MUMIA ABU-JAMAL En direct de la prison SCI Mahanoy\" class=\"read-more\" href=\"https:\/\/bruxelles-pantheres.be\/?p=5503\" aria-label=\"En savoir plus sur MUMIA ABU-JAMAL En direct de la prison SCI Mahanoy\">Lire la suite<\/a><\/p>\n","protected":false},"author":1,"featured_media":5297,"comment_status":"open","ping_status":"open","sticky":false,"template":"","format":"standard","meta":{"footnotes":""},"categories":[21,7,8,28],"tags":[103],"class_list":["post-5503","post","type-post","status-publish","format-standard","has-post-thumbnail","hentry","category-anti-imperialisme","category-negrophobie","category-prisons","category-racismes","tag-mumia-abu-jamal"],"_links":{"self":[{"href":"https:\/\/bruxelles-pantheres.be\/index.php?rest_route=\/wp\/v2\/posts\/5503","targetHints":{"allow":["GET"]}}],"collection":[{"href":"https:\/\/bruxelles-pantheres.be\/index.php?rest_route=\/wp\/v2\/posts"}],"about":[{"href":"https:\/\/bruxelles-pantheres.be\/index.php?rest_route=\/wp\/v2\/types\/post"}],"author":[{"embeddable":true,"href":"https:\/\/bruxelles-pantheres.be\/index.php?rest_route=\/wp\/v2\/users\/1"}],"replies":[{"embeddable":true,"href":"https:\/\/bruxelles-pantheres.be\/index.php?rest_route=%2Fwp%2Fv2%2Fcomments&post=5503"}],"version-history":[{"count":1,"href":"https:\/\/bruxelles-pantheres.be\/index.php?rest_route=\/wp\/v2\/posts\/5503\/revisions"}],"predecessor-version":[{"id":5505,"href":"https:\/\/bruxelles-pantheres.be\/index.php?rest_route=\/wp\/v2\/posts\/5503\/revisions\/5505"}],"wp:featuredmedia":[{"embeddable":true,"href":"https:\/\/bruxelles-pantheres.be\/index.php?rest_route=\/wp\/v2\/media\/5297"}],"wp:attachment":[{"href":"https:\/\/bruxelles-pantheres.be\/index.php?rest_route=%2Fwp%2Fv2%2Fmedia&parent=5503"}],"wp:term":[{"taxonomy":"category","embeddable":true,"href":"https:\/\/bruxelles-pantheres.be\/index.php?rest_route=%2Fwp%2Fv2%2Fcategories&post=5503"},{"taxonomy":"post_tag","embeddable":true,"href":"https:\/\/bruxelles-pantheres.be\/index.php?rest_route=%2Fwp%2Fv2%2Ftags&post=5503"}],"curies":[{"name":"wp","href":"https:\/\/api.w.org\/{rel}","templated":true}]}}