{"id":5514,"date":"2023-03-11T19:47:55","date_gmt":"2023-03-11T18:47:55","guid":{"rendered":"https:\/\/bruxelles-pantheres.be\/?p=5514"},"modified":"2023-03-19T20:02:10","modified_gmt":"2023-03-19T19:02:10","slug":"en-tunisie-une-reprise-en-main-du-pouvoir-securitaire","status":"publish","type":"post","link":"https:\/\/bruxelles-pantheres.be\/?p=5514","title":{"rendered":"En Tunisie, une reprise en main du pouvoir s\u00e9curitaire ?"},"content":{"rendered":"<p><em>Depuis le d\u00e9but du mois de f\u00e9vrier 2023, en Tunisie, plusieurs vagues d\u2019arrestations ont frapp\u00e9 des figures de l\u2019opposition et des militants\u00a0<a href=\"https:\/\/www.hrw.org\/fr\/news\/2023\/02\/24\/tunisie-une-vague-darrestations-cible-des-detracteurs-et-des-figures-de-lopposition\">accus\u00e9s<\/a>\u00a0par le pr\u00e9sident Ka\u00efs Sa\u00efed de \u00ab\u00a0tra\u00eetrise\u00a0\u00bb et de \u00ab\u00a0complot\u00a0\u00bb, indiquant une accentuation du tournant autoritaire du pouvoir. Aussi, le pr\u00e9sident tunisien a prononc\u00e9 un discours notablement raciste le 21 f\u00e9vrier dernier qui a particuli\u00e8rement choqu\u00e9 en ce qu\u2019il reprend pleinement la th\u00e9matique du \u00ab\u00a0grand-remplacement\u00a0\u00bb des courants<a href=\"https:\/\/www.contretemps.eu\/fascisme-fascisation-antifascisme\/\">\u00a0n\u00e9ofascistes<\/a>\u00a0europ\u00e9ens<\/em>.<\/p>\n<p><em>Dans cet article, la sociologue H\u00e9la Yousfi analyse les m\u00e9canismes \u00e0 l\u2019oeuvre derri\u00e8re cette dynamique n\u00e9olib\u00e9rale et autoritaire, depuis le soul\u00e8vement du 17 d\u00e9cembre 2010 \u00e0 nos tristes jours.<\/em><\/p>\n<p class=\"has-text-align-center\">***<!--more--><\/p>\n<p><img decoding=\"async\" class=\"attachment-medium-large size-medium-large wp-post-image\" src=\"https:\/\/www.contretemps.eu\/wp-content\/uploads\/Capture-decran-2023-03-08-a-18.57.36.png\" sizes=\"(max-width: 1912px) 100vw, 1912px\" srcset=\"https:\/\/www.contretemps.eu\/wp-content\/uploads\/Capture-decran-2023-03-08-a-18.57.36.png 1912w, https:\/\/www.contretemps.eu\/wp-content\/uploads\/Capture-decran-2023-03-08-a-18.57.36-512x321.png 512w, https:\/\/www.contretemps.eu\/wp-content\/uploads\/Capture-decran-2023-03-08-a-18.57.36-1024x643.png 1024w, https:\/\/www.contretemps.eu\/wp-content\/uploads\/Capture-decran-2023-03-08-a-18.57.36-256x161.png 256w, https:\/\/www.contretemps.eu\/wp-content\/uploads\/Capture-decran-2023-03-08-a-18.57.36-1536x964.png 1536w\" alt=\"\" width=\"1912\" height=\"1200\" \/><\/p>\n<article id=\"post-36691\" class=\"post-single post-36691 post type-post status-publish format-standard has-post-thumbnail hentry category-conjoncture tag-autoritarisme tag-kais-saied tag-monde-arabe tag-neoliberalisme tag-racisme tag-tunisie tag-union_europeenne has_thumb\">\n<div class=\"post-top\">\n<h4 class=\"post-title entry-title\" style=\"text-align: center;\">En Tunisie, une\u00a0reprise en main du pouvoir s\u00e9curitaire ?<\/h4>\n<p>Hela Yousfi<\/p>\n<p>La derni\u00e8re vague d\u2019arrestations en Tunisie ciblant plusieurs personnalit\u00e9s, des politiques comme des hommes d\u2019affaires accus\u00e9es de complot contre la suret\u00e9 de l\u2019\u00c9tat, laisse penser que la Tunisie vit un moment d\u00e9cisif de son histoire, dans lequel le projet d\u2019une alternative politique et \u00e9conomique viable r\u00eav\u00e9e par les Tunisiens, lors du soul\u00e8vement du 17 d\u00e9cembre 2010 est s\u00e9rieusement mis en p\u00e9ril<a href=\"applewebdata:\/\/1729C81A-667D-4BB0-9DE4-731B0E03C936#_ftn1\"><sup>[1]<\/sup><\/a>.\u00a0Cette campagne d\u2019une ampleur sans pr\u00e9c\u00e9dent depuis le d\u00e9part de Ben Ali relance les inqui\u00e9tudes de l\u2019av\u00e8nement d\u2019un nouveau r\u00e9gime autoritaire dans un contexte social et \u00e9conomique de plus en plus tendu. S\u2019ajoute \u00e0 cela le communiqu\u00e9 de la Pr\u00e9sidence du 23 f\u00e9vrier 2023, issu d\u2019une r\u00e9union avec le conseil national de s\u00e9curit\u00e9, qui pr\u00f4ne des \u00ab\u00a0<em>mesures urgentes<\/em>\u00a0\u00bb contre l\u2019immigration clandestine de ressortissants de pays d\u2019Afrique subsaharienne,\u00a0<a href=\"https:\/\/www.20minutes.fr\/monde\/4024964-20230222-tunisie-ong-pointent-discours-raciste-haineux-president-saied-contre-migrants\">affirmant<\/a>\u00a0que leur pr\u00e9sence en Tunisie est source de \u00ab\u00a0<em>violence, de crimes et d\u2019actes inacceptables<\/em>\u00a0\u00bb, consacrant ainsi un virage raciste aux d\u00e9rives autoritaires.<\/p>\n<p>Ces derniers \u00e9v\u00e8nements pris ensemble confirment un constat\u00a0: la tentative du pouvoir s\u00e9curitaire compos\u00e9 du syst\u00e8me judiciaire, de la police et de l\u2019arm\u00e9e de se r\u00e9organiser avec le leadership de Ka\u00efs Sa\u00efed. L\u2019\u00c9tat et la soci\u00e9t\u00e9 se trouvent face \u00e0 un risque sans pr\u00e9c\u00e9dent.\u00a0Douze ans apr\u00e8s le d\u00e9part de Ben Ali, le verdict est sans appel\u00a0: les Tunisiens se trouvent avec un \u00c9tat en d\u00e9liquescence, maintenu tant bien que mal par un pouvoir s\u00e9curitaire auquel ne reste que la r\u00e9pression comme ultime moyen de subsister. Et ce qui frappe face \u00e0 ce p\u00e9ril, c\u2019est l\u2019incapacit\u00e9 des diff\u00e9rents dirigeants politiques qui se sont succ\u00e9d\u00e9s au sommet du pouvoir depuis le 14 janvier 2011 \u00e0 \u00e9valuer l\u2019impact des d\u00e9cisions prises. Des d\u00e9cisions qui ont \u00e9t\u00e9 souvent \u00e0 courte vue et aveugles \u00e0 la r\u00e9alit\u00e9 v\u00e9cue par le peuple tunisien. La mani\u00e8re dont la souverainet\u00e9 de la Tunisie a \u00e9t\u00e9 abandonn\u00e9e \u00e0 la voracit\u00e9 des bailleurs de fonds, humili\u00e9e et pi\u00e9tin\u00e9e, est accablante. Est-il encore possible d\u2019en sortir ?<\/p>\n<p>\u00c0 cette question, la r\u00e9ponse peut \u00eatre positive, mais \u00e0 condition que la classe politique dans son ensemble, au pouvoir et dans le camp de l\u2019opposition, d\u00e9cide de sortir de l\u2019\u00e9tat de servilit\u00e9 et de d\u00e9litement dans lequel elle s\u2019est mise. Dans cette qu\u00eate, une re-contextualisation des r\u00e9cents \u00e9v\u00e9nements dans l\u2019histoire de la derni\u00e8re d\u00e9cennie s\u2019impose.<\/p>\n<div class=\"wp-block-spacer\" aria-hidden=\"true\"><\/div>\n<h2><strong>Un d\u00e9litement de l\u2019\u00c9tat acc\u00e9l\u00e9r\u00e9 par la crise \u00e9conomique et sociale<\/strong><\/h2>\n<p>Le soul\u00e8vement tunisien du 17 d\u00e9cembre 2010 issu des r\u00e9gions marginalis\u00e9es de la Tunisie a \u00e9t\u00e9 initialement port\u00e9 par les ch\u00f4meurs qui scandaient \u00ab\u00a0le peuple veut la chute du r\u00e9gime\u00a0\u00bb et \u00ab\u00a0Travail, libert\u00e9, souverainet\u00e9 nationale\u00a0\u00bb. Il a r\u00e9v\u00e9l\u00e9 au grand jour les dysfonctionnements structurels de l\u2019\u00e9conomie tunisienne, \u00e0 savoir une polarisation sur des secteurs \u00e9conomiques \u00e0 faible valeur ajout\u00e9e, des taux de ch\u00f4mage tr\u00e8s \u00e9lev\u00e9s, une gestion renti\u00e8re des ressources naturelles et une corruption \u00e0 grande \u00e9chelle organis\u00e9e et conduite par les familles au pouvoir. Or, la Tunisie de l\u2019apr\u00e8s 14 janvier 2011, date de d\u00e9part de Ben Ali, a vu l\u2019\u00e9mergence\u00a0de deux ph\u00e9nom\u00e8nes qui ont largement pr\u00e9cipit\u00e9 le d\u00e9litement des institutions de l\u2019\u00c9tat. Dans un premier temps,\u00a0les enjeux politiques se sont cristallis\u00e9s autour de la construction institutionnelle cens\u00e9e garantir la stabilisation politique et la transition vers un r\u00e9gime d\u00e9mocratique.\u00a0Toute autre consid\u00e9ration \u00e9conomique ou sociale fut consid\u00e9r\u00e9e comme p\u00e9riph\u00e9rique, et donc n\u00e9gligeable, par rapport \u00e0 ce qu\u2019on appelle commun\u00e9ment les \u00ab vrais enjeux \u00bb de d\u00e9mocratisation. Ainsi, la comp\u00e9tition acharn\u00e9e pour s\u2019accaparer le pouvoir entre, d\u2019une part, les anciennes \u00e9lites politiques et \u00e9conomiques et, de l\u2019autre, les nouvelles \u00e9lites, notamment le Parti islamiste Ennahdha, issues des urnes a fragilis\u00e9 l\u2019ensemble des institutions \u00e9tatiques.<\/p>\n<p>\u00c0 cela s\u2019ajoute l\u2019offensive des bailleurs de\u00a0fonds qui, apr\u00e8s avoir pr\u00e9sent\u00e9 leur mea-culpa juste apr\u00e8s la r\u00e9volution en avouant leurs erreurs de diagnostic, se sont vite empress\u00e9s de renouer avec les m\u00eames recettes n\u00e9olib\u00e9rales largement responsables de l\u2019accentuation de la crise \u00e9conomique et sociale<a href=\"applewebdata:\/\/1729C81A-667D-4BB0-9DE4-731B0E03C936#_ftn2\"><sup>[2]<\/sup><\/a>. La convergence entre les logiques n\u00e9olib\u00e9rales et l\u2019exercice client\u00e9liste du pouvoir a acc\u00e9l\u00e9r\u00e9 la dislocation de l\u2019\u00c9tat et la fragilisation de la soci\u00e9t\u00e9. Les diff\u00e9rentes crises r\u00e9gionales et les tentatives d\u2019ing\u00e9rence ext\u00e9rieurs n\u2019ont pas \u00e9t\u00e9 de nature \u00e0 arranger le chaos institutionnel en cours. \u00c0 ces maux structurels, s\u2019ajoutent des \u00e9l\u00e9ments conjoncturels comme la crise pand\u00e9mique et la guerre en Ukraine qui ont enfonc\u00e9 la Tunisie encore plus dans l\u2019impasse.<\/p>\n<div class=\"wp-block-spacer\" aria-hidden=\"true\"><\/div>\n<h2><strong>De l\u2019impossible r\u00e9forme de l\u2019appareil s\u00e9curitaire<\/strong><\/h2>\n<p>Ce chaos institutionnel n\u2019est pas sans r\u00e9percussions sur le pouvoir s\u00e9curitaire en Tunisie. Rappelons que la sp\u00e9cificit\u00e9 du pouvoir s\u00e9curitaire en Tunisie pendant le r\u00e9gime Ben Ali est qu\u2019il a toujours \u00e9t\u00e9 d\u00e9tourn\u00e9 au profit du pouvoir politique. C\u2019est pourquoi la question de la transformation de l\u2019appareil s\u00e9curitaire et notamment du minist\u00e8re de l\u2019Int\u00e9rieur, premier instrument de contr\u00f4le social et de r\u00e9pression, s\u2019est imm\u00e9diatement pos\u00e9e dans l\u2019agenda politique apr\u00e8s la fuite de Ben Ali.\u00a0Malgr\u00e9 certaines d\u00e9cisions,comme la suppression de la police politique et de la Direction de la s\u00fbret\u00e9 de l\u2019\u00c9tat ou encore l\u2019\u00e9mergence de nouveaux acteurs comme les syndicats, force est de constater que les effets de ces changements sont tr\u00e8s limit\u00e9s. L\u00e0 encore, la comp\u00e9tition politique a pouss\u00e9 les acteurs politiques \u00e0 promouvoir leur agenda politique \u00e0 travers la nomination de leurs fid\u00e8les ou la construction d\u2019alliance au sein de l\u2019institution polici\u00e8re<a href=\"applewebdata:\/\/1729C81A-667D-4BB0-9DE4-731B0E03C936#_ftn3\"><sup>[3]<\/sup><\/a>.<\/p>\n<p>Ainsi, l\u2019influence grandissante des syndicats des policiers conjugu\u00e9e au d\u00e9veloppement du client\u00e9lisme, au manque de volont\u00e9 politique et \u00e0 la faiblesse des moyens financiers a bloqu\u00e9 la mise en place d\u2019une v\u00e9ritable politique publique de s\u00e9curit\u00e9 respectueuse de la dignit\u00e9 des citoyens et garante de l\u2019int\u00e9r\u00eat public. Dans cette nouvelle organisation du pouvoir s\u00e9curitaire sans leadership stable et identifi\u00e9 comme \u00e0 l\u2019\u00e9poque de Ben Ali, il n\u2019est pas surprenant de voir que la r\u00e9pression syst\u00e9matique de tous les mouvements sociaux demeure la seule constante dans le fonctionnement du pouvoir s\u00e9curitaire sous les diff\u00e9rents gouvernements qui se sont succ\u00e9d\u00e9s depuis le 14 janvier 2011.<\/p>\n<div class=\"wp-block-spacer\" aria-hidden=\"true\"><\/div>\n<h2><strong>Un pouvoir s\u00e9curitaire garant de la souverainet\u00e9 tunisienne ou gardien servile des fronti\u00e8res europ\u00e9ennes\u00a0de la mort ?<\/strong><\/h2>\n<p>C\u2019est dans ce contexte de d\u00e9litement de l\u2019\u00c9tat, de fragilisation du pouvoir s\u00e9curitaire et d\u2019aggravation de la crise \u00e9conomique et politique\u00a0que Ka\u00efs Sa\u00efed a mis fin le 25 juillet 2021 au r\u00e9gime parlementaire<a href=\"applewebdata:\/\/1729C81A-667D-4BB0-9DE4-731B0E03C936#_ftn4\"><sup>[4]<\/sup><\/a>. S\u2019il a incarn\u00e9 un espoir pour le mouvement extra-parlementaire qui l\u2019a \u00e9lu, il peine toujours \u00e0 apporter des solutions pour soulager les maux du peuple tunisien. Sans parti politique et sans pouvoir \u00e9conomique pour le soutenir, ses seuls interlocuteurs sont les acteurs du pouvoir s\u00e9curitaire et notamment le minist\u00e8re de l\u2019Int\u00e9rieur.\u00a0C\u2019est sous ce prisme qu\u2019il faut examiner les derniers \u00e9v\u00e8nements.<\/p>\n<p>Tout d\u2019abord, si les arrestations r\u00e9v\u00e8lent une volont\u00e9 de reprise en main du pouvoir s\u00e9curitaire en Tunisie, elles montrent \u00e9galement l\u2019incapacit\u00e9 du gouvernement de Ka\u00efs Sa\u00efed \u00e0 r\u00e9pondre \u00e0 la crise \u00e9conomique et sociale. Deuxi\u00e8mement, le discours souverainiste de Ka\u00efs Sa\u00efed r\u00e9siste mal \u00e0 la servilit\u00e9 dont son gouvernement fait preuve \u00e0 l\u2019\u00e9gard des Europ\u00e9ens. En empruntant la rh\u00e9torique du \u00ab\u00a0grand remplacement\u00a0\u00bb, th\u00e8me cher \u00e0 l\u2019extr\u00eame droite, Ka\u00efs Sa\u00efed consacre le statut de la Tunisie comme un sous-traitant de la politique s\u00e9curitaire de l\u2019Union Europ\u00e9enne, moyennant quelques compensations financi\u00e8res. La souverainet\u00e9 qu\u2019il affiche, \u00e0 l\u2019instar de ses pr\u00e9d\u00e9cesseurs, se mesure tragiquement \u00e0 sa capacit\u00e9 \u00e0 r\u00e9primer ses opposants et \u00e0 assurer une \u00e9troite surveillance des fronti\u00e8res europ\u00e9ennes qui scelle la communaut\u00e9 de destin des Tunisiens et des Subsahariens face \u00e0 la mort. Encore une posture aveugle \u00e0 la r\u00e9alit\u00e9 de l\u2019\u00c9tat et \u00e0 la vuln\u00e9rabilit\u00e9 de la soci\u00e9t\u00e9 tunisienne qui laisse le champ libre \u00e0 la r\u00e9surgence des formes les plus sid\u00e9rantes de violence sociale et politique. Et le monstre s\u00e9curitaire renait de ses cendres dans un \u00c9tat disloqu\u00e9 et d\u00e9muni pour frapper encore plus et toujours plus fort.<\/p>\n<p class=\"has-text-align-center\">*<\/p>\n<p>Le tableau est sombre. La Tunisie passe d\u2019une prison \u00e0 ciel ouvert \u00e0 un enfer aux fronti\u00e8res ferm\u00e9es dont le seul objectif est de garantir la renouvellement du pacte n\u00e9ocolonial entre les \u00e9lites locales et les \u00e9lites occidentales. Le contrat est clair et inchang\u00e9 depuis Ben Ali\u00a0: la Tunisie comme toute l\u2019Afrique doivent rester pour l\u2019Europe un r\u00e9servoir de main d\u2019\u0153uvre et de ressources naturelles pas cher, un march\u00e9 de libre circulation pour les marchandises aux fronti\u00e8res les plus infranchissables possibles pour les \u00eatres humains. Ka\u00efs Sai\u00ebd partira comme Ben Ali est parti. Mais que faire pour affronter ce r\u00e9gime \u00e9conomique et politique mortif\u00e8re dont la capacit\u00e9 de r\u00e9silience ne cesse de nous surprendre\u00a0?\u00a0La r\u00e9ponse n\u2019est pas ais\u00e9e. T\u00e2chons donc de m\u00e9diter sur les erreurs du pass\u00e9.<\/p>\n<p class=\"has-text-align-center\">*<\/p>\n<p><strong>Illustration : \u00ab\u00a0Al-Mawt\u00a0\u00bb (La Mort), Hamed Abdalla, 1975. Avec l\u2019aimable autorisation de Samir Abdalla.<\/strong><\/p>\n<div class=\"wp-block-spacer\" aria-hidden=\"true\"><\/div>\n<h2>Notes<\/h2>\n<p><sup><a href=\"applewebdata:\/\/1729C81A-667D-4BB0-9DE4-731B0E03C936#_ftnref1\">[1]<\/a><\/sup>\u00a0Voir :\u00a0https:\/\/www.lemonde.fr\/afrique\/article\/2023\/02\/14\/en-tunisie-le-tournant-repressif-du-regime-de-kais-saied-alarme-l-onu_6161802_3212.html<\/p>\n<p><a href=\"applewebdata:\/\/1729C81A-667D-4BB0-9DE4-731B0E03C936#_ftnref2\"><sup>[2]<\/sup><\/a>\u00a0Voir :\u00a0https:\/\/www.banquemondiale.org\/fr\/country\/tunisia\/publication\/unfinished-revolution<\/p>\n<p><a href=\"applewebdata:\/\/1729C81A-667D-4BB0-9DE4-731B0E03C936#_ftnref3\"><sup>[3]<\/sup><\/a>\u00a0Voir :\u00a0https:\/\/www.lemonde.fr\/afrique\/article\/2015\/07\/23\/en-tunisie-les-failles-de-la-securite-relevent-d-un-dysfonctionnement-structurel-de-la-police_4695763_3212.html<\/p>\n<p><a href=\"applewebdata:\/\/1729C81A-667D-4BB0-9DE4-731B0E03C936#_ftnref4\"><sup>[4]<\/sup><\/a>\u00a0Voir :\u00a0https:\/\/theconversation.com\/la-tunisie-aux-frontieres-de-la-legitimite-democratique-167304<\/p>\n<p><a href=\"https:\/\/www.contretemps.eu\/tunisie-pouvoir-securitaire-racisme-kais-saied\/?fbclid=IwAR3TEG1CO7-rHrOADdVOsCy3ul75S_mVweIfQfeAbKTqfPnwCM92-daloS8\">SOURCE\u00a0<\/a><\/p>\n<\/div>\n<\/article>\n","protected":false},"excerpt":{"rendered":"<p>Depuis le d\u00e9but du mois de f\u00e9vrier 2023, en Tunisie, plusieurs vagues d\u2019arrestations ont frapp\u00e9 des figures de l\u2019opposition et des militants\u00a0accus\u00e9s\u00a0par le pr\u00e9sident Ka\u00efs Sa\u00efed de \u00ab\u00a0tra\u00eetrise\u00a0\u00bb et de \u00ab\u00a0complot\u00a0\u00bb, indiquant une accentuation du tournant autoritaire du pouvoir. Aussi, le pr\u00e9sident tunisien a prononc\u00e9 un discours notablement raciste le 21 f\u00e9vrier dernier qui a &#8230; <a title=\"En Tunisie, une reprise en main du pouvoir s\u00e9curitaire ?\" class=\"read-more\" href=\"https:\/\/bruxelles-pantheres.be\/?p=5514\" aria-label=\"En savoir plus sur En Tunisie, une reprise en main du pouvoir s\u00e9curitaire ?\">Lire la suite<\/a><\/p>\n","protected":false},"author":1,"featured_media":5522,"comment_status":"open","ping_status":"open","sticky":false,"template":"","format":"standard","meta":{"footnotes":""},"categories":[1],"tags":[293,78],"class_list":["post-5514","post","type-post","status-publish","format-standard","has-post-thumbnail","hentry","category-non-classe","tag-antiracisme","tag-tunisie"],"_links":{"self":[{"href":"https:\/\/bruxelles-pantheres.be\/index.php?rest_route=\/wp\/v2\/posts\/5514","targetHints":{"allow":["GET"]}}],"collection":[{"href":"https:\/\/bruxelles-pantheres.be\/index.php?rest_route=\/wp\/v2\/posts"}],"about":[{"href":"https:\/\/bruxelles-pantheres.be\/index.php?rest_route=\/wp\/v2\/types\/post"}],"author":[{"embeddable":true,"href":"https:\/\/bruxelles-pantheres.be\/index.php?rest_route=\/wp\/v2\/users\/1"}],"replies":[{"embeddable":true,"href":"https:\/\/bruxelles-pantheres.be\/index.php?rest_route=%2Fwp%2Fv2%2Fcomments&post=5514"}],"version-history":[{"count":1,"href":"https:\/\/bruxelles-pantheres.be\/index.php?rest_route=\/wp\/v2\/posts\/5514\/revisions"}],"predecessor-version":[{"id":5516,"href":"https:\/\/bruxelles-pantheres.be\/index.php?rest_route=\/wp\/v2\/posts\/5514\/revisions\/5516"}],"wp:featuredmedia":[{"embeddable":true,"href":"https:\/\/bruxelles-pantheres.be\/index.php?rest_route=\/wp\/v2\/media\/5522"}],"wp:attachment":[{"href":"https:\/\/bruxelles-pantheres.be\/index.php?rest_route=%2Fwp%2Fv2%2Fmedia&parent=5514"}],"wp:term":[{"taxonomy":"category","embeddable":true,"href":"https:\/\/bruxelles-pantheres.be\/index.php?rest_route=%2Fwp%2Fv2%2Fcategories&post=5514"},{"taxonomy":"post_tag","embeddable":true,"href":"https:\/\/bruxelles-pantheres.be\/index.php?rest_route=%2Fwp%2Fv2%2Ftags&post=5514"}],"curies":[{"name":"wp","href":"https:\/\/api.w.org\/{rel}","templated":true}]}}