{"id":5520,"date":"2023-01-28T19:57:53","date_gmt":"2023-01-28T18:57:53","guid":{"rendered":"https:\/\/bruxelles-pantheres.be\/?p=5520"},"modified":"2023-03-19T19:59:11","modified_gmt":"2023-03-19T18:59:11","slug":"declaration-du-reseau-mondial-de-sante-mentale-palestine-27-janvier-2023","status":"publish","type":"post","link":"https:\/\/bruxelles-pantheres.be\/?p=5520","title":{"rendered":"D\u00c9CLARATION DU R\u00c9SEAU MONDIAL DE SANT\u00c9 MENTALE PALESTINE 27 JANVIER 2023"},"content":{"rendered":"<p>Le Palestine-Global Mental Health Network soutient le Dr Lara Sheehi alors qu\u2019elle fait face \u00e0 de fausses accusations d\u2019antis\u00e9mitisme \u00e0 l\u2019Universit\u00e9 George Washington en raison de ses opinions politiques sur le sionisme.<!--more--><\/p>\n<div class=\"wp-block-image\">\n<figure class=\"aligncenter size-large is-resized\"><img decoding=\"async\" class=\"wp-image-44154 aligncenter\" src=\"https:\/\/agencemediapalestine.fr\/wp-content\/uploads\/2023\/02\/lara-sheehi-feature-1024x678.jpg\" sizes=\"(max-width: 679px) 100vw, 679px\" srcset=\"https:\/\/agencemediapalestine.fr\/wp-content\/uploads\/2023\/02\/lara-sheehi-feature-1024x678.jpg 1024w, https:\/\/agencemediapalestine.fr\/wp-content\/uploads\/2023\/02\/lara-sheehi-feature-300x199.jpg 300w, https:\/\/agencemediapalestine.fr\/wp-content\/uploads\/2023\/02\/lara-sheehi-feature-768x509.jpg 768w, https:\/\/agencemediapalestine.fr\/wp-content\/uploads\/2023\/02\/lara-sheehi-feature.jpg 1200w\" alt=\"\" width=\"679\" height=\"449\" \/><figcaption>Docteur Lara Sheehi<\/figcaption><\/figure>\n<\/div>\n<p>&nbsp;<\/p>\n<p>Note de l\u2019\u00e9diteur : La d\u00e9claration suivante a \u00e9t\u00e9 publi\u00e9e en soutien au Dr Lara Sheehi le 27 janvier 2023 par le Palestine-Global Mental Health Network et ses r\u00e9seaux s\u0153urs dans les USA, le Royaume Uni, l\u2019Irlande et France.\u00a0 Mondoweiss publie occasionnellement des communiqu\u00e9s de presse et des d\u00e9clarations d\u2019organisations dans le but d\u2019attirer l\u2019attention sur des probl\u00e8mes m\u00e9connus.<\/p>\n<p><strong>D\u00e9claration en d\u00e9fense du Dr Lara Sheehi \u00e0 la George Washington University<\/strong><\/p>\n<p>27 janvier 2023<\/p>\n<p>Le Palestine-Global Mental Health Network est rejoint par des r\u00e9seaux de solidarit\u00e9 internationale pour la sant\u00e9 mentale des \u00c9tats-Unis, du Royaume-Uni, de l\u2019Irlande et de la France pour d\u00e9fendre notre coll\u00e8gue, la psychologue Dr Lara Sheehi, qui fait actuellement face \u00e0 une temp\u00eate de critiques pour ses opinions politiques. Dr Sheehi est membre de longue date du Conseil consultatif du USA-Palestine Mental Health Network et co-auteur (avec l\u2019historien Stephen Sheehi) du r\u00e9cent volume tr\u00e8s appr\u00e9ci\u00e9,\u00a0Psychoanalysis under Occupation\u00a0: Practicing Resistance in Palestine\u00a0(Routledge, 2022 ).<\/p>\n<p>Dr Sheehi s\u2019est trouv\u00e9e la cible de ces attaques \u00e0 l\u2019automne 2022 pour des d\u00e9clarations faites \u00e0 l\u2019Universit\u00e9 George Washington (GWU) \u00e0 Washington, D.C. aux USA alors que, dans son r\u00f4le de professeure adjointe de psychologie clinique au sein d\u2019un cursus de professionnalisation pour des futurs psychologues, elle s\u2019adressait \u00e0 des doctorants dans un cours sur la \u00ab\u00a0diversit\u00e9\u00a0\u00bb.\u00a0 Le sujet en discussion cette fois-ci \u00e9tait l\u2019\u00e9tat d\u2019Isra\u00ebl. Les \u00e9tudiants se seraient plaints, semble-t-il, du pr\u00e9tendu \u00ab\u00a0antis\u00e9mitisme\u00a0\u00bb du Dr Sheehi.\u00a0 Se d\u00e9ferla alors un tsunami d\u2019accusations et de contre-accusations de la part de l\u2019organisation politique pro-isra\u00e9lienne autoproclam\u00e9e Stand With Us, l\u2019administration GWU, le minist\u00e8re f\u00e9d\u00e9ral de l\u2019\u00c9ducation des \u00c9tats-Unis et un grand nombre de m\u00e9dias d\u2019information. Le Dr Sheehi avait en outre invit\u00e9 la sp\u00e9cialiste socio-juridique palestinienne, le Dr Nadera Shalhoub-Kevorkian, \u00e0 donner une conf\u00e9rence, et le Dr Kevorkian \u2013 membre du Comit\u00e9 directeur du Palestine-Global Mental Health Network \u2013 a \u00e9galement \u00e9t\u00e9 attaqu\u00e9 pour \u00ab antis\u00e9mitisme \u00bb pr\u00e9sum\u00e9.<\/p>\n<p>Les R\u00e9seaux protestent vigoureusement contre ces all\u00e9gations contre les Drs. Sheehi et Kevorkian, des all\u00e9gations qui tournent autour de l\u2019\u00e9quation sp\u00e9cieuse de \u00abl\u2019antis\u00e9mitisme\u00bb avec toute opposition aux politiques et pratiques de l\u2019\u00e9tat d\u2019Isra\u00ebl. Les R\u00e9seaux s\u2019opposent \u00e0 toutes les formes d\u2019antis\u00e9mitisme comme d\u2019ailleurs \u00e0 toute forme de discrimination fond\u00e9e sur la religion, la race, l\u2019ethnicit\u00e9, la nation, les croyances ou le genre. Les R\u00e9seaux reconnaissent que le peuple juif a souffert historiquement de la discrimination, de la haine et de la violence, une pers\u00e9cution qui a atteint son sommet catastrophique avec l\u2019Holocauste europ\u00e9en du XXe si\u00e8cle. En m\u00eame temps, nous observons que l\u2019\u00e9tat d\u2019Isra\u00ebl, conform\u00e9ment \u00e0 son agenda politique sioniste, a longtemps viol\u00e9 les droits du peuple palestinien, lui infligeant un syst\u00e8me d\u2019apartheid qui peut \u00eatre qualifi\u00e9 de terreur d\u2019\u00c9tat. De toute \u00e9vidence, de nombreux juifs dans le monde \u2013 y compris des isra\u00e9liens juifs bien connus \u2013 et de nombreuses organisations juives sont vigoureusement oppos\u00e9s au sionisme pour ces m\u00eames raisons.<\/p>\n<p>Nous consid\u00e9rons l\u2019assimilation des opinions antisionistes \u00e0 \u00abl\u2019antis\u00e9mitisme\u00bb \u2013 tel que d\u00e9fini, par exemple, par la International Holocaust Remembrance Alliance (IHRA) \u2013 comme une manipulation politique lanc\u00e9e par Isra\u00ebl et ses partisans pour faire taire les critiques et calomnier celles et ceux qui osent critiquer Isra\u00ebl . Pour aggraver le tout, l\u2019amalgame r\u00e9alis\u00e9 d\u00e9lib\u00e9r\u00e9ment entre l\u2019antis\u00e9mitisme et toute critique de l\u2019\u00e9tat d\u2019Isra\u00ebl fait que le peuple juif partout dans le monde est tenu injustement responsable des violations des droits de l\u2019homme perp\u00e9tr\u00e9es par l\u2019\u00e9tat d\u2019Isra\u00ebl et contribue donc \u00e0 la mont\u00e9e de l\u2019antis\u00e9mitisme. La d\u00e9claration de l\u2019IHRA attise, en effet, la m\u00e9fiance \u00e0 l\u2019\u00e9gard du peuple juif en impliquant qu\u2019il est auto-centr\u00e9 et se fiche du bien commun \u2013 le c\u0153ur des tropes antis\u00e9mites.<\/p>\n<p>Les R\u00e9seaux tiennent ainsi l\u2019\u00e9tat d\u2019Isra\u00ebl coupable d\u2019avoir exploit\u00e9 les crimes d\u2019antis\u00e9mitisme pour justifier le nettoyage ethnique de la patrie et des terres palestiniennes. Nous sommes contre l\u2019antis\u00e9mitisme \u2014 et nous d\u00e9fendons les droits humains des palestiniens.<\/p>\n<p>A l\u2019heure o\u00f9 nous \u00e9crivons, le soutien au Dr Sheehi s\u2019accro\u00eet. Le\u00a0Comit\u00e9 anti-discrimination arabo-am\u00e9ricain\u00a0a accept\u00e9 de repr\u00e9senter le Dr Sheehi dans l\u2019enqu\u00eate ouverte au GWU sur les all\u00e9gations port\u00e9es contre elle. Un soutien suppl\u00e9mentaire est apport\u00e9 par de nombreuses lettres et des d\u00e9clarations publiques officielles, y compris une d\u00e9claration du\u00a0Conseil d\u2019administration de la Division 39\u00a0de l\u2019American Psychological Association et une lettre ouverte sign\u00e9e par un grand nombre de\u00a0juifs cliniciens en sant\u00e9 mentale. Les \u00e9tudiants et les anciens \u00e9l\u00e8ves de GWU ont fait circuler une p\u00e9tition d\u00e9montrant un large soutien au Dr Sheehi au sein de sa propre institution.<\/p>\n<p>Mais il faut reconna\u00eetre que, malheureusement, le cas du Dr Sheehi est loin d\u2019\u00eatre exceptionnel\u00a0; nombreux autres ont vu leurs critiques d\u2019Isra\u00ebl faire l\u2019objet d\u2019attaques personnelles et professionnelles \u2013 souvent, comme ici, orchestr\u00e9es par des campagnes m\u00e9diatiques men\u00e9es par des organisations politiques ouvertement pro-sionistes. Les universitaires, les professionnels et les personnes de tous horizons sont vis\u00e9es par une v\u00e9ritable machine \u00e0 r\u00e9duire au silence, une machine qui s\u2019acharne \u00e0 oblit\u00e9rer la libert\u00e9 d\u2019expression dans la vie universitaire et toute discussion ouverte sur l\u2019\u00e9tat d\u2019Isra\u00ebl dans les cercles professionnels, les lieux de travail, les \u00e9coles et nos communaut\u00e9s. Des efforts renouvel\u00e9s pour identifier et d\u00e9masquer ce b\u00e2illonnement sont indispensables, et une solidarit\u00e9 de principe entre nous, notre seule d\u00e9fense, doit \u00eatre renforc\u00e9.<\/p>\n<p>Publi\u00e9 par : Palestine-Global Mental Health Network, USA-Palestine Mental Health Network, UK-Palestine Mental Health Network, Ireland-Palestine Mental Health Network, France-Palestine Mental Health Network<\/p>\n<p>Note: Dr Sheehi s\u2019est exprim\u00e9e longuement dans un article pour Counterpunch qui peut \u00eatre lu ici:\u00a0\u00a0<a href=\"https:\/\/www.counterpunch.org\/2023\/02\/03\/on-targeting-an-arab-woman\/\">https:\/\/www.counterpunch.org\/2023\/02\/03\/on-targeting-an-arab-woman\/<\/a><\/p>\n<p><em>Traduction BM pour Agence Media Palestine<\/em><\/p>\n<p>Source :\u00a0<em><a href=\"https:\/\/mondoweiss.net\/2023\/01\/global-mental-health-networks-speak-out-in-support-of-dr-lara-sheehi\/\" target=\"_blank\" rel=\"noreferrer noopener\">Mondoweiss<\/a><\/em><\/p>\n","protected":false},"excerpt":{"rendered":"<p>Le Palestine-Global Mental Health Network soutient le Dr Lara Sheehi alors qu\u2019elle fait face \u00e0 de fausses accusations d\u2019antis\u00e9mitisme \u00e0 l\u2019Universit\u00e9 George Washington en raison de ses opinions politiques sur le sionisme.<\/p>\n","protected":false},"author":1,"featured_media":5384,"comment_status":"open","ping_status":"open","sticky":false,"template":"","format":"standard","meta":{"footnotes":""},"categories":[6],"tags":[186],"class_list":["post-5520","post","type-post","status-publish","format-standard","has-post-thumbnail","hentry","category-palestine-moyen-orient","tag-palestine"],"_links":{"self":[{"href":"https:\/\/bruxelles-pantheres.be\/index.php?rest_route=\/wp\/v2\/posts\/5520","targetHints":{"allow":["GET"]}}],"collection":[{"href":"https:\/\/bruxelles-pantheres.be\/index.php?rest_route=\/wp\/v2\/posts"}],"about":[{"href":"https:\/\/bruxelles-pantheres.be\/index.php?rest_route=\/wp\/v2\/types\/post"}],"author":[{"embeddable":true,"href":"https:\/\/bruxelles-pantheres.be\/index.php?rest_route=\/wp\/v2\/users\/1"}],"replies":[{"embeddable":true,"href":"https:\/\/bruxelles-pantheres.be\/index.php?rest_route=%2Fwp%2Fv2%2Fcomments&post=5520"}],"version-history":[{"count":1,"href":"https:\/\/bruxelles-pantheres.be\/index.php?rest_route=\/wp\/v2\/posts\/5520\/revisions"}],"predecessor-version":[{"id":5521,"href":"https:\/\/bruxelles-pantheres.be\/index.php?rest_route=\/wp\/v2\/posts\/5520\/revisions\/5521"}],"wp:featuredmedia":[{"embeddable":true,"href":"https:\/\/bruxelles-pantheres.be\/index.php?rest_route=\/wp\/v2\/media\/5384"}],"wp:attachment":[{"href":"https:\/\/bruxelles-pantheres.be\/index.php?rest_route=%2Fwp%2Fv2%2Fmedia&parent=5520"}],"wp:term":[{"taxonomy":"category","embeddable":true,"href":"https:\/\/bruxelles-pantheres.be\/index.php?rest_route=%2Fwp%2Fv2%2Fcategories&post=5520"},{"taxonomy":"post_tag","embeddable":true,"href":"https:\/\/bruxelles-pantheres.be\/index.php?rest_route=%2Fwp%2Fv2%2Ftags&post=5520"}],"curies":[{"name":"wp","href":"https:\/\/api.w.org\/{rel}","templated":true}]}}