{"id":5530,"date":"2023-04-23T13:08:26","date_gmt":"2023-04-23T12:08:26","guid":{"rendered":"https:\/\/bruxelles-pantheres.be\/?p=5530"},"modified":"2023-04-23T13:08:26","modified_gmt":"2023-04-23T12:08:26","slug":"il-faut-sauver-le-greviste-de-la-faim-khader-adnan-en-danger-de-mort-imminente","status":"publish","type":"post","link":"https:\/\/bruxelles-pantheres.be\/?p=5530","title":{"rendered":"Il faut sauver le gr\u00e9viste de la faim Khader Adnan, en danger de mort imminente !"},"content":{"rendered":"<header class=\"entry-header clearfix\">\n<h4 class=\"entry-title\" style=\"text-align: center;\">Il faut sauver le gr\u00e9viste de la faim Khader Adnan, en danger de mort imminente !<\/h4>\n<p>Adnan est un r\u00e9volutionnaire infatiguable qui lutte depuis longtemps contre l\u2019occupation. Il a \u00e9t\u00e9\u00a0arr\u00eat\u00e9 12 fois\u00a0et a pass\u00e9 un total d\u2019environ 8 ans dans les prisons de l\u2019occupant.<\/p>\n<p>Le Club des prisonniers palestiniens a annonc\u00e9 aujourd\u2019hui que le prisonnier en gr\u00e8ve Sheikh Khader Adnan avait atteint un stade tr\u00e8s critique de sa\u00a0gr\u00e8ve de la faim, qui dure maintenant depuis 71 jours, et qu\u2019il risquait le martyre \u00e0 tout moment.<\/p>\n<p>Pour sa part, l\u2019Association des prisonniers de Wa\u2019ed a affirm\u00e9 que la maladie du cheikh Adnan et son \u00e9ventuel martyre constitueraient un crime de la part du r\u00e9gime sioniste et a mis en garde contre les r\u00e9percussions de cette situation.<\/p>\n<p>\u00ab La n\u00e9gation par l\u2019occupation des droits humains fondamentaux [d\u2019Adnan] et la limitation de l\u2019attention des m\u00e9dias sont dangereusement pr\u00e9occupantes \u00e0 la lumi\u00e8re de la d\u00e9t\u00e9rioration de son \u00e9tat de sant\u00e9 \u00bb, a d\u00e9clar\u00e9 l\u2019association.<\/p>\n<\/header>\n<p><!--more--><\/p>\n<div class=\"entry-content clearfix\">\n<figure class=\"entry-thumbnail\">\n<div class=\"et_post_meta_wrapper\">\n<h4 class=\"entry-title\">L\u2019\u00e9pouse de Khader Adnan appelle \u00e0 se mobiliser pour sauver la vie du prisonnier palestinien en gr\u00e8ve de la faim depuis 75 jours<\/h4>\n<p class=\"post-meta\">\n<\/div>\n<div class=\"entry-content\">\n<p><strong>Randa Musa, l\u2019\u00e9pouse de Khader Adnan (prisonnier palestinien qui en est \u00e0 son 75e jour de gr\u00e8ve de la faim), a appel\u00e9 les peuples du monde \u00e0 se mobiliser. Jeudi 20 avril, le tribunal militaire de l\u2019occupation isra\u00e9lienne a une nouvelle fois report\u00e9 l\u2019audience sur sa lib\u00e9ration, ordonnant un nouveau rapport sur son \u00e9tat de sant\u00e9. Entre-temps, il a \u00e9t\u00e9 transf\u00e9r\u00e9 dans un h\u00f4pital dont l\u2019emplacement est inconnu, selon sa famille. Sa femme et leurs neuf enfants ont organis\u00e9 un rassemblement sur la place Manara \u00e0 Ramallah, appelant tout le monde \u00e0 se joindre \u00e0 eux pour d\u00e9fendre la libert\u00e9 de Khader. Adnan a d\u00e9j\u00e0 obtenu sa lib\u00e9ration \u00e0 quatre reprises gr\u00e2ce \u00e0 des gr\u00e8ves de la faim. Nous nous associons \u00e0 son appel et demandons instamment \u00e0 tous de participer \u00e0 la demande de sa lib\u00e9ration !<\/strong><\/p>\n<p>&nbsp;<\/p>\n<p><em>Mon mari, Khader Adnan Musa, est un prisonnier palestinien qui a entam\u00e9 une gr\u00e8ve de la faim dans les prisons isra\u00e9liennes depuis le 5 f\u00e9vrier 2023, pour protester contre son arrestation arbitraire. \u00c2g\u00e9 de 45 ans, il est p\u00e8re de neuf enfants, dont le plus jeune a un an et demi et le plus \u00e2g\u00e9 14 ans. C\u2019est un gr\u00e9viste de la faim de longue date qui a gagn\u00e9 sa libert\u00e9 \u00e0 plusieurs reprises gr\u00e2ce \u00e0 de longues confrontations publiques avec les forces d\u2019occupation.<\/em><\/p>\n<p><em>Lundi 17 avril, le tribunal militaire de l\u2019occupation isra\u00e9lienne (Salem) a report\u00e9 la demande de lib\u00e9ration sous caution de Khader en raison de son \u00e9tat de sant\u00e9 critique apr\u00e8s 72 jours de gr\u00e8ve de la faim. Le tribunal a retard\u00e9 sa r\u00e9ponse jusqu\u2019\u00e0 aujourd\u2019hui (20 avril), puis l\u2019audience a \u00e9t\u00e9 de nouveau report\u00e9e au 23 avril, malgr\u00e9 la situation dangereuse dans laquelle il se trouve. \u00c0 cette date, Khader Adnan, s\u2019il est vivant, en sera \u00e0 son 78\u00e8me jour de gr\u00e8ve de la faim. Au cours de l\u2019audience, le minist\u00e8re public a menac\u00e9 de mettre en place une alimentation forc\u00e9e contre la volont\u00e9 de Khader.<\/em><\/p>\n<p><em>Originaire d\u2019Arraba pr\u00e8s de J\u00e9nine, il est actuellement d\u00e9tenu dans un h\u00f4pital\/prison inconnu. Jusqu\u2019\u00e0 hier, le 18 avril, il \u00e9tait d\u00e9tenu au centre de d\u00e9tention de Ramleh, o\u00f9 il a refus\u00e9 tout examen m\u00e9dical ou suppl\u00e9ment malgr\u00e9 la d\u00e9t\u00e9rioration continue de son \u00e9tat de sant\u00e9. Il souffre de douleurs dans tout le corps, a une vision floue, tousse du sang, vomit de la bile, a des vertiges constants, s\u2019\u00e9vanouit par intermittence, a une peau jaun\u00e2tre et un rythme cardiaque rapide. Bien que les m\u00e9decins pr\u00e9viennent que Khader pourrait subir une attaque soudaine ou perdre la vie, les services p\u00e9nitentiaires isra\u00e9liens ont refus\u00e9 de le transf\u00e9rer dans un h\u00f4pital public pendant 74 jours. Dans la soir\u00e9e du mercredi 18 avril, j\u2019ai \u00e9t\u00e9 inform\u00e9 qu\u2019il avait \u00e9t\u00e9 transf\u00e9r\u00e9 dans un lieu non divulgu\u00e9. Nous avons contact\u00e9 Physicians for Human Rights, mais ils n\u2019ont pas \u00e9t\u00e9 en mesure de le localiser.<\/em><\/p>\n<p><em>Mon message aux peuples libres du monde et aux Nations unies est d\u2019agir et de faire pression sur l\u2019occupation pour l\u2019obliger \u00e0 respecter les droits de l\u2019homme, \u00e0 mettre fin au traitement inhumain des d\u00e9tenus palestiniens, \u00e0 nous aider, mes enfants et moi, \u00e0 rendre visite \u00e0 Khader, \u00e0 sauver la vie de mon mari et de leur p\u00e8re de la mort lente qu\u2019il subit, et \u00e0 le lib\u00e9rer avant qu\u2019il ne soit trop tard.<\/em><\/p>\n<p><em>Je remercie tous ceux qui ont soutenu mon mari depuis le d\u00e9but de sa gr\u00e8ve de la faim. Cependant, je ne pardonnerai pas \u00e0 ceux qui auraient pu faire quelque chose pour lever cette injustice \u00e0 l\u2019\u00e9gard de mon mari, mais qui ne l\u2019ont pas fait. Mon mari, Khader Adnan, repr\u00e9sente le message d\u2019une nation et m\u00e8ne cette lutte au nom de son peuple. Il n\u2019aime ni la faim ni la mort, mais il refuse une vie d\u2019humiliation et se bat pour la libert\u00e9 et la dignit\u00e9.<\/em><\/p>\n<p><em>Randa Musa<\/em><\/p>\n<p>&nbsp;<\/p>\n<p><strong>Le r\u00e9seau de solidarit\u00e9 avec les prisonniers palestiniens\u00a0<em>Samidoun<\/em>\u00a0souligne qu\u2019il est urgent de mener une action internationale, de d\u00e9ployer des efforts m\u00e9diatiques, d\u2019organiser des manifestations populaires et de se mobiliser pour sauver la vie de Khader Adnan et gagner sa libert\u00e9, ainsi que celle de ses compagnons prisonniers politiques. Il r\u00e9siste avec tout ce qui est \u00e0 sa disposition derri\u00e8re les barreaux, mettant son corps et sa vie en jeu pour la libert\u00e9. L\u2019occupation sioniste et son administration p\u00e9nitentiaire sont enti\u00e8rement responsables de sa situation actuelle et de toute nouvelle d\u00e9t\u00e9rioration ou menace pour sa vie et sa sant\u00e9. Nous notons que les gouvernements am\u00e9ricain, europ\u00e9en, britannique, canadien et autres qui continuent \u00e0 fournir un soutien militaire, \u00e9conomique et diplomatique au r\u00e9gime d\u2019occupation isra\u00e9lien sont complices des crimes en cours contre le peuple palestinien, les prisonniers palestiniens et Khader Adnan en particulier.<\/strong><\/p>\n<p><a href=\"https:\/\/palestinevaincra.com\/site\/wp-content\/uploads\/2023\/04\/AFFICHE-KHADER-ADNAN-fr.png\"><img decoding=\"async\" class=\"aligncenter size-full wp-image-17615\" src=\"https:\/\/palestinevaincra.com\/site\/wp-content\/uploads\/2023\/04\/AFFICHE-KHADER-ADNAN-fr.png\" alt=\"\" width=\"3508\" height=\"4961\" \/><\/a><\/p>\n<p>Source :\u00a0<a href=\"https:\/\/samidoun.net\/2023\/04\/khader-adnan-near-death-in-israeli-detention-urgent-call-from-randa-musa-khader-adnans-wife\/\">Samidoun<\/a><\/p>\n<\/div>\n<p><figure style=\"width: 668px\" class=\"wp-caption aligncenter\"><img decoding=\"async\" title=\"Photo : via al-Qods Network\" src=\"https:\/\/www.chroniquepalestine.com\/wp-content\/uploads\/2023\/04\/00-17-678x455.jpg\" alt=\"\" width=\"678\" height=\"455\" \/><figcaption class=\"wp-caption-text\">Photo : via al-Qods Network<\/figcaption><\/figure><figcaption class=\"wp-caption-text\"><\/figcaption><\/figure>\n<p><strong>Par\u00a0<a title=\"Afficher tous les articles pour Randa Mousa\" href=\"https:\/\/www.chroniquepalestine.com\/writers\/randa-mousa\">Randa Mousa<\/a>,\u00a0<a title=\"Afficher tous les articles pour Al-Quds News Network\" href=\"https:\/\/www.chroniquepalestine.com\/writers\/al-quds-news-network\">Al-Quds News Network<\/a><\/strong><\/p>\n<p><em>Mon mari, Khader Adnan Mousa, est un prisonnier palestinien qui fait une gr\u00e8ve de la faim dans les prisons isra\u00e9liennes depuis le 5 f\u00e9vrier 2023, en refus de son arrestation arbitraire.<\/em><\/p>\n<p>Khader (45 ans), p\u00e8re de neuf enfants, dont le plus jeune a un an et demi et le plus \u00e2g\u00e9 14 ans, est un gr\u00e9viste de la faim de longue date qui a gagn\u00e9 sa libert\u00e9 \u00e0 de multiples reprises gr\u00e2ce \u00e0 de longues confrontations publiques avec les forces d\u2019occupation.<\/p>\n<p>Lundi 17 avril, le tribunal militaire d\u2019occupation isra\u00e9lien (Salem) a report\u00e9 la demande de lib\u00e9ration sous caution de Khader en raison de son \u00e9tat de sant\u00e9 critique apr\u00e8s 72 jours de gr\u00e8ve de la faim. Le tribunal a retard\u00e9 sa r\u00e9ponse jusqu\u2019\u00e0 aujourd\u2019hui (20 avril), puis l\u2019audience a de nouveau \u00e9t\u00e9 report\u00e9e au 23 avril, malgr\u00e9 la situation dangereuse dans laquelle il se trouve.<\/p>\n<p>D\u2019ici l\u00e0, Khader Adnan, s\u2019il est vivant, aura atteint le 78e jour de sa gr\u00e8ve de la faim.<\/p>\n<p>Au cours de l\u2019audience, le minist\u00e8re public a menac\u00e9 de mettre en \u0153uvre le\u00a0<a href=\"https:\/\/www.chroniquepalestine.com\/israel-gavage-grevistes-de-faim-legal\/\">gavage<\/a>\u00a0forc\u00e9 contre la volont\u00e9 de Khader. Khader Adnan, d\u2019Arraba, J\u00e9nine, est actuellement d\u00e9tenu dans un h\u00f4pital\/prison inconnu. Jusqu\u2019au 18 avril, il \u00e9tait d\u00e9tenu au centre de d\u00e9tention de Ramleh, o\u00f9 il refusait tout examen m\u00e9dical par l\u2019occupant ou suppl\u00e9ment malgr\u00e9 une d\u00e9t\u00e9rioration continue de son \u00e9tat de sant\u00e9.<\/p>\n<p>&nbsp;<\/p>\n<p><center><iframe title=\"Khader Adnan en gr\u00e8ve de la faim pour la Palestine (2015 - eng, fr, ar, esp sous-titres)\" src=\"https:\/\/www.youtube.com\/embed\/ELfujnzCjOs\" width=\"700\" height=\"377\" frameborder=\"0\" allowfullscreen=\"allowfullscreen\" data-mce-fragment=\"1\"><\/iframe><br \/>\n<em>Extrait du documentaire \u00ab\u00a0<a href=\"https:\/\/derrierelesfrontslefilm.fr\/\">Derri\u00e8re les fronts<\/a>\u00a0\u00bb de\u00a0<a href=\"https:\/\/www.chroniquepalestine.com\/une-interview-alexandra-dols-realisatrice-du-film-derriere-les-fronts\/\">Alexandra Dols<\/a>\u00a0\u2013 2016<\/em><\/center>&nbsp;<\/p>\n<p>Il \u00e9prouve des douleurs dans tout son corps, une vision floue, une toux de sang, des vomissements de bile, des \u00e9tourdissements constants, des \u00e9vanouissements intermittents, une peau jaun\u00e2tre et un rythme cardiaque rapide.<\/p>\n<p>Bien que les m\u00e9decins pr\u00e9viennent que Khader pourrait subir un accident vasculaire c\u00e9r\u00e9bral soudain ou perdre la vie, les services p\u00e9nitentiaires isra\u00e9liens (IPS) ont refus\u00e9 de le transf\u00e9rer dans un h\u00f4pital civil pendant 74 jours. Dans la soir\u00e9e du mercredi 18 avril, j\u2019ai \u00e9t\u00e9 inform\u00e9 qu\u2019il est transf\u00e9r\u00e9 dans un lieu tenu secret. Nous avons contact\u00e9 Physicians for Human Rights, mais ils n\u2019ont pas \u00e9t\u00e9 en mesure de le localiser.<\/p>\n<p>Mon message aux peuples libres du monde et aux Nations Unies est d\u2019agir et de faire pression sur l\u2019occupation pour l\u2019obliger \u00e0 respecter les droits de l\u2019homme, \u00e0 mettre fin au traitement inhumain des d\u00e9tenus palestiniens, \u00e0 nous aider, mes enfants et moi, \u00e0 rendre visite \u00e0 Khader, \u00e0 sauver la vie de mon mari et de leur p\u00e8re de la mort lente qu\u2019il traverse et de le lib\u00e9rer avant qu\u2019il ne soit trop tard.<\/p>\n<p>Je remercie tous ceux qui ont soutenu mon mari depuis le premier moment de sa gr\u00e8ve de la faim. Mon mari, Khader Adnan, repr\u00e9sente le message d\u2019une nation et m\u00e8ne cette lutte au nom de son peuple. Il n\u2019aime ni la faim ni la mort mais refuse une vie d\u2019humiliation et se bat pour la libert\u00e9 et la dignit\u00e9.<\/p>\n<p><em>Randa Mousa<\/em>\u00a0\u2013 Num\u00e9ro de t\u00e9l\u00e9phone portable : +9720599661699<\/p>\n<p><em>20 avril 2023 \u2013\u00a0<a href=\"https:\/\/europalestine.com\/2023\/04\/20\/il-faut-sauver-khader-adnan-lettre-de-son-epouse-a-son-75eme-jour-de-greve-de-la-faim-video\/\">Via Europalestine<\/a><\/em><\/p>\n<h3>Depuis 74 jours cons\u00e9cutifs, Khader Adnan est en gr\u00e8ve de la faim illimit\u00e9e dans les prisons isra\u00e9liennes<\/h3>\n<p><em>Palestine occup\u00e9e (QNN) \u2013 Le prisonnier palestinien et militant bien connu Cheikh Khader Adnan a entam\u00e9 une gr\u00e8ve de la faim illimit\u00e9e pour le 74e jour cons\u00e9cutif, afin de protester contre sa d\u00e9tention sans inculpation ni jugement dans les prisons de l\u2019occupation isra\u00e9lienne.<\/em><\/p>\n<p>La Palestinian Priosner\u2019s Society (PPS) a d\u00e9clar\u00e9 que le membre principal du groupe du Jihad islamique palestinien, Khader Adnan, a entam\u00e9 une gr\u00e8ve de la faim illimit\u00e9e depuis 74 jours cons\u00e9cutifs.<\/p>\n<p>La PPS note qu\u2019Adnan souffre de sympt\u00f4mes de sant\u00e9 tr\u00e8s graves, notamment de vomissements fr\u00e9quents de sang, d\u2019une faiblesse et d\u2019une \u00e9maciation s\u00e9v\u00e8res, de pertes de conscience fr\u00e9quentes, de difficult\u00e9s \u00e0 parler, \u00e0 se d\u00e9placer et \u00e0 dormir, de difficult\u00e9s \u00e0 se concentrer et de douleurs intenses dans tout le corps.<\/p>\n<p>R\u00e9cemment, il a m\u00eame eu beaucoup de mal \u00e0 boire de l\u2019eau.<\/p>\n<p>Andan a r\u00e9cemment \u00e9t\u00e9 transf\u00e9r\u00e9 \u00e0 la clinique de la prison de Ramla en raison de son \u00e9tat critique.<\/p>\n<p><iframe title=\"\u201cIsrael&quot; arrests liberated prisoner Khader Adnan again\" src=\"https:\/\/www.youtube.com\/embed\/flKHhL0fGmE\" width=\"700\" height=\"280\" frameborder=\"0\" allowfullscreen=\"allowfullscreen\" data-mce-fragment=\"1\"><\/iframe><\/p>\n<p>\u00ab Mon mari est mourant et l\u2019administration p\u00e9nitentiaire isra\u00e9lienne refuse de le transf\u00e9rer dans un h\u00f4pital civil \u00bb, a d\u00e9clar\u00e9 l\u2019\u00e9pouse d\u2019Adnan lors d\u2019une conf\u00e9rence de presse \u00e0 Ramallah mercredi. \u00ab Au contraire, elle le maintient dans la prison de Ramla, qui ne dispose pas des installations sanitaires minimales. Nous avons demand\u00e9 plus d\u2019une fois qu\u2019il soit transf\u00e9r\u00e9 dans un h\u00f4pital, mais notre demande est toujours rejet\u00e9e. \u00bb<\/p>\n<p>Adnan, ancien prisonnier palestinien, a \u00e9t\u00e9 arr\u00eat\u00e9 par les forces isra\u00e9liennes lors d\u2019un raid militaire le 5 f\u00e9vrier au domicile de sa famille dans le village d\u2019Arraba, au sud-ouest de J\u00e9nine.<\/p>\n<p>Il a entam\u00e9 une gr\u00e8ve de la faim d\u00e8s le premier moment de son arrestation pour protester contre sa d\u00e9tention par Isra\u00ebl.<\/p>\n<p>Adnan a \u00e9t\u00e9 emprisonn\u00e9 au moins 11 fois depuis 2004 et a \u00e9t\u00e9 le porte-parole des prisonniers palestiniens dans les prisons isra\u00e9liennes. Il a \u00e9t\u00e9 lib\u00e9r\u00e9 d\u2019une prison isra\u00e9lienne pour la derni\u00e8re fois en 2021, apr\u00e8s 25 jours de d\u00e9tention.<\/p>\n<p>Adnan, consid\u00e9r\u00e9 par de nombreux Palestiniens comme un symbole de la r\u00e9sistance, a entam\u00e9\u00a0<a href=\"http:\/\/www.info-palestine.eu\/spip.php?article15394\">quatre gr\u00e8ves<\/a>\u00a0de la faim pendant sa d\u00e9tention, dont une qui a dur\u00e9 67 jours.<\/p>\n<p>Le jour de son arrestation, les forces isra\u00e9liennes ont d\u00e9clar\u00e9 que sept Palestiniens avaient \u00e9t\u00e9 arr\u00eat\u00e9s, mais elles n\u2019ont pas cit\u00e9 le nom d\u2019Adnan et n\u2019ont pas pr\u00e9cis\u00e9 les charges retenues contre eux.<\/p>\n<p>Adnan a entam\u00e9 sa premi\u00e8re gr\u00e8ve de la faim, qui a dur\u00e9 25 jours, en 2004 pour protester contre sa\u00a0<a href=\"https:\/\/www.chroniquepalestine.com\/tag\/detention-administrative\">d\u00e9tention administrative<\/a>, une pratique controvers\u00e9e qui permet \u00e0 l\u2019occupant isra\u00e9lien de d\u00e9tenir des Palestiniens sans inculpation pendant des p\u00e9riodes de six mois. Ces p\u00e9riodes de d\u00e9tention peuvent \u00eatre renouvel\u00e9es ind\u00e9finiment et les d\u00e9tenus palestiniens peuvent passer des ann\u00e9es en prison sans \u00eatre inculp\u00e9s.<\/p>\n<p>La gr\u00e8ve de la faim de 67 jours d\u2019Adnan en\u00a0<a href=\"http:\/\/www.info-palestine.eu\/spip.php?article11810\">2012<\/a>\u00a0a incit\u00e9 une vague de prisonniers palestiniens plac\u00e9s en d\u00e9tention administrative \u00e0 le rejoindre.<\/p>\n<p>Mohammed Adnan, le fr\u00e8re d\u2019Adnan, a d\u00e9clar\u00e9 lors de la conf\u00e9rence de presse qu\u2019un avocat de l\u2019association\u00a0<a href=\"https:\/\/www.addameer.org\/\">Addameer Prisoner Support and Human Rights Association<\/a>\u00a0avait rendu visite \u00e0 Adnan \u00e0 la clinique de la prison de Ramla mardi. L\u2019avocat a inform\u00e9 la famille de son \u00e9tat de sant\u00e9.<\/p>\n<p>\u00ab Outre des \u00e9vanouissements fr\u00e9quents, mon fr\u00e8re souffre de troubles de l\u2019audition et de la vision, d\u2019une forte pression dans la poitrine, de spasmes dans tout le corps et de vomissements de mati\u00e8res jaunes \u00bb, a d\u00e9clar\u00e9 Mohammed Adnan.<\/p>\n<p>Il y a environ une semaine, Adnan s\u2019est \u00e9vanoui, est tomb\u00e9 au sol et s\u2019est cogn\u00e9 la t\u00eate et le bas de l\u2019\u00e9paule. Il est rest\u00e9 allong\u00e9 sur le sol pendant un long moment sans l\u2019aide d\u2019aucun gardien, malgr\u00e9 la pr\u00e9sence de cam\u00e9ras de surveillance dans sa cellule, a expliqu\u00e9 l\u2019avocat \u00e0 la famille.<\/p>\n<p>\u00ab C\u2019est pourquoi nous demandons qu\u2019il soit transf\u00e9r\u00e9 dans un h\u00f4pital civil. De plus, les ge\u00f4liers le d\u00e9rangent d\u00e9lib\u00e9r\u00e9ment et le privent de sommeil en envahissant sa cellule toutes les demi-heures et en y laissant la lumi\u00e8re allum\u00e9e \u00bb, a d\u00e9clar\u00e9 Mohammed Adnan.<\/p>\n<p>\u00ab Isra\u00ebl a jusqu\u2019\u00e0 pr\u00e9sent refus\u00e9 que sa femme, ses neuf enfants et moi-m\u00eame lui rendions visite, sous pr\u00e9texte d\u2019une interdiction pour des raisons de s\u00e9curit\u00e9. \u00bb<\/p>\n<p>Adnan est consid\u00e9r\u00e9 comme l\u2019un des principaux dirigeants du\u00a0<a href=\"https:\/\/www.chroniquepalestine.com\/tag\/jihad-islamique\">Jihad islamique<\/a>\u00a0en Cisjordanie occup\u00e9e. Il poss\u00e8de une boulangerie dans sa ville natale et a neuf enfants. Il soutient activement les prisonniers palestiniens et participe r\u00e9guli\u00e8rement \u00e0 des \u00e9v\u00e9nements organis\u00e9s en leur faveur.<\/p>\n<p>Son \u00e9pouse a lanc\u00e9 un appel \u00e0 diverses organisations de d\u00e9fense des droits de l\u2019homme, notamment internationales, pour qu\u2019elles attirent l\u2019attention sur son cas et fassent pression sur l\u2019occupant isra\u00e9lien pour qu\u2019il le lib\u00e8re \u00ab avant qu\u2019il ne soit trop tard \u00bb.<\/p>\n<p>Qaddoura Fares, responsable du Club des prisonniers palestiniens, a d\u00e9clar\u00e9 qu\u2019 \u00ab Isra\u00ebl \u00bb ignorait d\u00e9lib\u00e9r\u00e9ment les demandes de lib\u00e9ration d\u2019Adnan afin de prolonger sa gr\u00e8ve de la faim, dans l\u2019espoir que cela ait un effet dissuasif sur d\u2019autres prisonniers palestiniens.<\/p>\n<header class=\"page-header\">\n<h3>Auteur :\u00a0<a title=\"Afficher tous les articles pour Al-Quds News Network\" href=\"https:\/\/www.chroniquepalestine.com\/writers\/al-quds-news-network\">Al-Quds News Network<\/a><\/h3>\n<div class=\"entry-content\"><img decoding=\"async\" class=\"alignleft size-full wp-image-24490\" src=\"https:\/\/www.chroniquepalestine.com\/wp-content\/uploads\/2021\/09\/06-1.jpg\" alt=\"\" width=\"300\" height=\"133\" \/>*\u00a0<strong>Quds News Network<\/strong>\u00a0est une initiative de jeunes cr\u00e9\u00e9e en plein printemps arabe pour fournir des informations via les m\u00e9dias sociaux \u00e0 ceux qui s&rsquo;int\u00e9ressent \u00e0 la cause palestinienne.<br \/>\nIl s&rsquo;agit de l&rsquo;une des principales agences de presse dans les territoires palestiniens. Son site web est bloqu\u00e9 par l&rsquo;Autorit\u00e9 palestinienne.<br \/>\nLes comptes\u00a0<a href=\"https:\/\/fr-fr.facebook.com\/QudsNen\/\">Facebook<\/a>,\u00a0<a href=\"https:\/\/twitter.com\/qudsn_en\">Twitter<\/a>\u00a0et\u00a0<a href=\"https:\/\/www.instagram.com\/qudsnen\">Instagram<\/a>.<\/div>\n<\/header>\n<p><em>19 avril 2023 \u2013\u00a0<a href=\"https:\/\/qudsnen.co\/for-74-consecutive-days-khader-adnan-on-open-ended-hunger-strike-in-israeli-prisons\/\">Al-Qods News Network<\/a>\u00a0\u2013 Traduction :\u00a0<a href=\"https:\/\/www.chroniquepalestine.com\/il-faut-sauver-le-greviste-de-la-faim-khader-adnan-en-danger-de-mort-imminente\">Chronique de Palestine<\/a><\/em><\/p>\n<figure class=\"entry-thumbnail\"><img decoding=\"async\" class=\"aligncenter\" title=\"Photo : via al-Mayadeen\" src=\"https:\/\/www.chroniquepalestine.com\/wp-content\/uploads\/2023\/04\/00-13-678x455.jpg\" alt=\"\" \/><figcaption class=\"wp-caption-text\">Avril 2023 &#8211; Portrait de Khader Adnan, lors d&rsquo;un rassemblement de soutien \u00e0 son action de gr\u00e8ve de la faim &#8211; Photo : via al-Mayadeen<\/figcaption><\/figure>\n<p><em>Adnan est un r\u00e9volutionnaire infatiguable qui lutte depuis longtemps contre l\u2019occupation. Il a \u00e9t\u00e9\u00a0<a href=\"http:\/\/www.info-palestine.eu\/spip.php?article11810\">arr\u00eat\u00e9 12 fois<\/a>\u00a0et a pass\u00e9 un total d\u2019environ 8 ans dans les prisons de l\u2019occupant.<\/em><\/p>\n<p>Le Club des prisonniers palestiniens a annonc\u00e9 aujourd\u2019hui que le prisonnier en gr\u00e8ve Sheikh Khader Adnan avait atteint un stade tr\u00e8s critique de sa\u00a0<a href=\"https:\/\/www.chroniquepalestine.com\/en-greve-de-la-faim-depuis-plus-de-50-jours-khader-adnan-envoie-un-message-a-gaza\/\">gr\u00e8ve de la faim<\/a>, qui dure maintenant depuis 71 jours, et qu\u2019il risquait le martyre \u00e0 tout moment.<\/p>\n<p>Pour sa part, l\u2019Association des prisonniers de Wa\u2019ed a affirm\u00e9 que la maladie du cheikh Adnan et son \u00e9ventuel martyre constitueraient un crime de la part du r\u00e9gime sioniste et a mis en garde contre les r\u00e9percussions de cette situation.<\/p>\n<p>\u00ab La n\u00e9gation par l\u2019occupation des droits humains fondamentaux [d\u2019Adnan] et la limitation de l\u2019attention des m\u00e9dias sont dangereusement pr\u00e9occupantes \u00e0 la lumi\u00e8re de la d\u00e9t\u00e9rioration de son \u00e9tat de sant\u00e9 \u00bb, a d\u00e9clar\u00e9 l\u2019association.<\/p>\n<p><iframe title=\"\u201cIsrael&quot; arrests liberated prisoner Khader Adnan again\" src=\"https:\/\/www.youtube.com\/embed\/flKHhL0fGmE\" width=\"700\" height=\"280\" frameborder=\"0\" allowfullscreen=\"allowfullscreen\" data-mce-fragment=\"1\"><\/iframe><\/p>\n<p>L\u2019association a \u00e9galement appel\u00e9 au soutien et \u00e0 la solidarit\u00e9 avec Adnan pour d\u00e9noncer l\u2019arbitraire et la malveillance de sa d\u00e9tention par l\u2019occupation.<\/p>\n<p>Les forces de l\u2019occupation isra\u00e9lienne ont arr\u00eat\u00e9 Sheikh Adnan le 5 f\u00e9vrier, apr\u00e8s avoir fait une descente \u00e0 son domicile dans la ville d\u2019Arraba, au sud de J\u00e9nine.<\/p>\n<p>Au d\u00e9but du mois d\u2019avril, le tribunal d\u2019occupation isra\u00e9lien a report\u00e9 le proc\u00e8s d\u2019Adnan au 29 mai.<\/p>\n<p>Adnan est un\u00a0<a href=\"http:\/\/www.info-palestine.eu\/spip.php?article11824\">r\u00e9volutionnaire infatiguable<\/a>\u00a0qui lutte depuis longtemps contre l\u2019occupation en tant que dirigeant du Jihad islamique palestinien. Il a \u00e9t\u00e9 arr\u00eat\u00e9 12 fois et a pass\u00e9 un total d\u2019environ 8 ans dans les prisons de l\u2019occupation, la plupart du temps en d\u00e9tention administrative.<\/p>\n<p>Au cours de ces ann\u00e9es, il a fait\u00a0<a href=\"http:\/\/www.info-palestine.eu\/spip.php?article15423\">cinq gr\u00e8ves<\/a> de la faim.<\/p>\n<p>Adnan est \u00e9galement titulaire d\u2019une licence en math\u00e9matiques \u00e9conomiques, mari et p\u00e8re de neuf enfants, dont le plus jeune a un an et demi.<\/p>\n<p>Il a \u00e9t\u00e9 signal\u00e9 jeudi dernier que son \u00e9tat de sant\u00e9 s\u2019\u00e9tait\u00a0<a href=\"https:\/\/www.chroniquepalestine.com\/forte-deterioration-etat-sante-greviste-de-la-faim-khader-adnan\/\">soudainement d\u00e9t\u00e9rior\u00e9<\/a>\u00a0en raison de la poursuite de sa gr\u00e8ve de la faim pour protester contre sa d\u00e9tention arbitraire.<\/p>\n<p>En f\u00e9vrier, le Comit\u00e9 supr\u00eame d\u2019urgence pour les prisonniers a annonc\u00e9 une d\u00e9sob\u00e9issance civile \u00e0 partir de la prison de Nafha, et a d\u00e9clar\u00e9 que l\u2019action s\u2019\u00e9tendrait au reste des prisons.<\/p>\n<p>D\u00e9but f\u00e9vrier, les prisonniers palestiniens ont envoy\u00e9 un message depuis les prisons de l\u2019occupation isra\u00e9lienne, demandant \u00e0 leur peuple de se pr\u00e9parer \u00e0 mener une bataille majeure contre l\u2019oppression du ministre isra\u00e9lien de la police, M. Ben-Gvir.<\/p>\n<p>Dans leur message, les prisonniers soulignent qu\u2019ils sont pr\u00eats \u00e0 faire face \u00e0 toutes les \u00e9ventualit\u00e9s et appellent les Palestiniens \u00e0 manifester dans diff\u00e9rentes r\u00e9gions du territoire occup\u00e9.<\/p>\n<header class=\"page-header\">\n<h3>Auteur :\u00a0<a title=\"Afficher tous les articles pour Al-Mayadeen\" href=\"https:\/\/www.chroniquepalestine.com\/writers\/al-mayadeen\">Al-Mayadeen<\/a><\/h3>\n<div class=\"entry-content\">\n<p><img decoding=\"async\" class=\"alignleft size-full wp-image-25679\" src=\"https:\/\/www.chroniquepalestine.com\/wp-content\/uploads\/2021\/12\/05.jpg\" alt=\"\" width=\"200\" height=\"134\" \/>*\u00a0<strong>Al-Mayadeen<\/strong>\u00a0Media Network, une cha\u00eene arabe ind\u00e9pendante d&rsquo;information par satellite, a \u00e9t\u00e9 lanc\u00e9e le 11 juin 2012, et est bas\u00e9e dans la capitale libanaise, Beyrouth.<br \/>\nElle est aujourd&rsquo;hui la premi\u00e8re cha\u00eene d&rsquo;information dans plus d&rsquo;un pays arabe en raison de son professionnalisme et de son engagement, ce qui en a fait un espace public de rencontre et d&rsquo;interaction sociale.<br \/>\nLa cha\u00eene Al-Mayadeen a pour slogan \u00ab\u00a0la r\u00e9alit\u00e9 telle qu&rsquo;elle est\u00a0\u00bb, et est engag\u00e9e \u00e0 transmettre des faits et des opinions dans un monde en crise. Son compte\u00a0<a href=\"https:\/\/www.facebook.com\/almayadeenenglish\">Twitter<\/a>.<\/p>\n<\/div>\n<\/header>\n<p><em>16 avril 2023 \u2013\u00a0<a href=\"https:\/\/english.almayadeen.net\/news\/politics\/hunger-striking-palestinian-prisoner-khader-adnan-at-risk-of\">Al-Mayadeen<\/a>\u00a0\u2013 Traduction :\u00a0<a href=\"https:\/\/www.chroniquepalestine.com\/e-greviste-de-la-faim-khader-adnan-est-en-danger-de-mort\">Chronique de Palestine<\/a><\/em><\/p>\n<p>&nbsp;<\/p>\n<div id=\"article-ligne-haut\">\n<div id=\"article-coll-gauche\">\n<h3 style=\"text-align: center;\" align=\"left\"><strong>Khader Adnan\u00a0: le Bobby Sands de Cisjordanie<\/strong><\/h3>\n<p>lundi 20 f\u00e9vrier 2012 &#8211; 07h:27<\/p>\n<p class=\"article-stitre\">Donald Macintyre<\/p>\n<\/div>\n<\/div>\n<div id=\"article-ligne-mediane\">\n<p>Ce n\u2019est qu\u2019apr\u00e8s avoir parl\u00e9 avec lucidit\u00e9 et animation pendant une heure de la gr\u00e8ve de la faim, depuis 61 jours, de son \u00e9poux que les yeux de Randa Jihad Adnan, visibles par l\u2019ouverture de son niqab, se sont remplis de larmes. Jusque-l\u00e0, s\u2019exprimant parfaitement, cette femme de 31 ans, dipl\u00f4m\u00e9e en droit de la sharia de l\u2019universit\u00e9 Al Najar de Naplouse, enceinte et maman de deux petites filles \u00e2g\u00e9es de quatre ans et un an et demi, a d\u00e9crit avec une aisance d\u00e9concertante les deux mois qui ont suivi l\u2019arrestation de son \u00e9poux, Khader Adnan, le 17 d\u00e9cembre.<\/p>\n<p>Il a \u00e9t\u00e9 enlev\u00e9 \u00e0 3 h 30 ce matin-l\u00e0 par une vingtaine de soldats et membres de la s\u00e9curit\u00e9 d\u2019Isra\u00ebl qui avaient encercl\u00e9 le domicile familial, dans un village de Cisjordanie, au sud de J\u00e9nine, et il est aujourd\u2019hui d\u00e9tenu dans l\u2019h\u00f4pital isra\u00e9lien de Rebecca Ziv \u00e0 Safed. Mercredi, elle a \u00e9t\u00e9 autoris\u00e9e \u00e0 le visiter, avec leurs enfants et son beau-p\u00e8re.<\/p>\n<p>Ils l\u2019ont trouv\u00e9 affaibli et extr\u00eamement amaigri, la barbe \u00e9bouriff\u00e9e et les ongles longs. Il \u00e9tait menott\u00e9 des deux jambes et d\u2019un bras \u00e0 son lit, et \u00e9tait reli\u00e9 \u00e0 un moniteur de fr\u00e9quence cardiaque. Bien que d\u2019esprit alerte, il ne parlait qu\u2019avec difficult\u00e9s. \u00ab\u00a0<i>J\u2019ai \u00e9t\u00e9 choqu\u00e9e<\/i>\u00a0\u00bb a-t-elle dit hier. \u00ab\u00a0<i>Je n\u2019ai pas pu parler pendant trois minutes, et c\u2019\u00e9tait pareil pour mes filles<\/i>\u00a0\u00bb.<\/p>\n<p>Mme\u00a0Adnan est convaincue que les autorit\u00e9s isra\u00e9liennes ont autoris\u00e9 sa visite simplement parce qu\u2019elles voulaient que la famille fasse pression sur le mari pour qu\u2019il mette fin \u00e0 sa gr\u00e8ve de la faim. Cette gr\u00e8ve, il l\u2019a commenc\u00e9e le 18 d\u00e9cembre en protestation de son arrestation, de son traitement et de l\u2019ordonnance de d\u00e9tention qui a suivi \u00e0 son encontre.<\/p>\n<p>\u00ab\u00a0<i>Mon beau-p\u00e8re lui a dit\u00a0:\u00a0\u00bb<\/i>Nous voulons que tu restes vivant. Tu ne peux pas vaincre cet \u00c9tat \u00e0 toi tout seul<i>\u00ab\u00a0. Il lui a dit vouloir qu\u2019il arr\u00eate sa gr\u00e8ve. Moi je lui ai dit que je souhaitais qu\u2019il boive une tasse de lait. Mais lui a r\u00e9pondu\u00a0: \u00ab\u00a0<\/i>Je ne m\u2019attendais pas \u00e0 cela de vous. Je sais que vous \u00eates avec moi tout le temps. S\u2019il vous pla\u00eet, arr\u00eatez.\u00a0\u00bb Mme\u00a0Adnan a dit hier\u00a0: \u00ab\u00a0<i>Je connais mon \u00e9poux. Il ne changera pas d\u2019id\u00e9e. Je m\u2019attends \u00e0 ce qu\u2019il meure.<\/i>\u00a0\u00bb<\/p>\n<p>La veille de la visite, une d\u00e9l\u00e9gation de la Croix-Rouge est venue chez elle pour l\u2019avertir que le c\u00a0?ur de son \u00e9poux pouvait l\u00e2cher \u00ab\u00a0<i>\u00e0 tout instant<\/i>\u00a0\u00bb. Ils lui ont dit qu\u2019il souffrait d\u2019atrophie musculaire, ce qui affectait son c\u00a0?ur et son estomac, que son pouls \u00e9tait faible, et que sa vie \u00e9tait d\u00e9sormais en extr\u00eame danger.<\/p>\n<p>L\u2019organisation M\u00e9decins pour les droits de l\u2019homme a produit un rapport m\u00e9dical cette semaine \u00e0 l\u2019appui d\u2019un dossier devant la Cour supr\u00eame pour le faire lib\u00e9rer. Dans ce rapport, le groupe affirme que m\u00eame si Mr\u00a0Adnan avait accept\u00e9 des injections de liquides et de sels min\u00e9raux, augment\u00e9s de glucoses et de vitamines, il avait refus\u00e9 de mettre fin \u00e0 sa gr\u00e8ve de la faim et qu\u2019il \u00e9tait \u00ab\u00a0<i>en danger de mort imm\u00e9diat<\/i>\u00a0\u00bb. Le rapport ajoute qu\u2019un je\u00fbne \u00ab\u00a0<i>qui d\u00e9passe les 70 jours ne permettait pas la survie<\/i>\u00a0\u00bb.<\/p>\n<p>&nbsp;<\/p>\n<p>Le dossier devant la Cour supr\u00eame, qui n\u2019a fix\u00e9 aucune date d\u2019audience, est l\u2019ultime chance pour lui sauver la vie, Mr\u00a0Adnan ayant d\u00e9clar\u00e9 qu\u2019il n\u2019arr\u00eaterait son je\u00fbne que lorsqu\u2019il serait dispens\u00e9 de ses quatre mois de d\u00e9tention administrative. Une cour d\u2019appel militaire a d\u00e9cid\u00e9 cette semaine qu\u2019il devait rester en d\u00e9tention jusqu\u2019au mois de mai.<\/p>\n<p>Mr\u00a0Adnan, 33 ans, dipl\u00f4m\u00e9 en math\u00e9matique et g\u00e9rant<br class=\"autobr\" \/>d\u2019une boulangerie pr\u00e8s de Qabatya, a longtemps \u00e9t\u00e9 actif en politique. Il a \u00e9t\u00e9 accus\u00e9 d\u2019\u00eatre le porte-parole du Jihad islamique, l\u2019une des factions palestiniennes les plus militantes. Et il a \u00e9t\u00e9 arr\u00eat\u00e9 \u00e0 plusieurs reprises par Isra\u00ebl, et une fois au moins, par l\u2019Autorit\u00e9 palestinienne, alors qu\u2019il menait une manifestation d\u2019\u00e9tudiants en 1999 \u00e0 l\u2019universit\u00e9 de Bir Zeit contre la venue du Premier ministre fran\u00e7ais, Lionel Jospin.<\/p>\n<p>Mais sa famille insiste sur le fait qu\u2019il n\u2019a jamais \u00e9t\u00e9 impliqu\u00e9 dans la violence\u00a0; jamais il n\u2019a \u00e9t\u00e9 inculp\u00e9 pour cela. D\u2019ailleurs, dans le cas pr\u00e9sent, il n\u2019est m\u00eame accus\u00e9 d\u2019aucun crime. Sa gr\u00e8ve de la faim attire une attention grandissante sur la pratique des d\u00e9tentions administratives, par lesquelles les Palestiniens peuvent \u00eatre gard\u00e9s en d\u00e9tention, sans jugement, et sur la base de dossiers des services secrets non communiqu\u00e9s au d\u00e9fendeur et \u00e0 ses avocats.<\/p>\n<p>Avec des groupes internationaux comme Human Rights Watch exigeant sa lib\u00e9ration, et des manifestations quasi quotidiennes qui le soutiennent devant le tribunal militaire d\u2019Ofer pr\u00e8s de Ramallah, son cas a vite pris certaines des r\u00e9sonances politiques de Bobby Sands, le plus c\u00e9l\u00e8bre des dix prisonniers de l\u2019IRA morts apr\u00e8s une gr\u00e8ve de la faim dans une prison d\u2019Irlande du Nord, au d\u00e9but des ann\u00e9es quatre-vingt. Sands, d\u00e9put\u00e9 \u00e9lu, est d\u00e9c\u00e9d\u00e9 apr\u00e8s 66 jours sans nourriture.<\/p>\n<p>Avec sa plus grande fille, Maali, devant une affiche de son \u00e9poux qui proclame, \u00ab\u00a0<i>Je rejette la d\u00e9tention administrative et je continuerai la gr\u00e8ve de la faim jusqu\u2019\u00e0 ce que je sois lib\u00e9r\u00e9<\/i>\u00a0\u00bb, Mme\u00a0Adnan le dit d\u00e9termin\u00e9 \u00e0 poursuivre son je\u00fbne. Sa d\u00e9termination s\u2019est renforc\u00e9e, dit-elle, non seulement \u00e0 cause de son arrestation sommaire et ses circonstances (il a \u00e9t\u00e9 enlev\u00e9 dans les toilettes) mais aussi de son traitement durant son interrogatoire. Elle affirme que son \u00e9poux a \u00e9t\u00e9 maintenu pendant des p\u00e9riodes de sept heures &#8211; entrecoup\u00e9es d\u2019une pause d\u2019une heure &#8211; sur une petite chaise avec les mains attach\u00e9es derri\u00e8re le dos ce qui lui causait une g\u00eane intense, et que des touffes de barbe lui avaient \u00e9t\u00e9 arrach\u00e9es par ceux qui l\u2019interrogeaient.<\/p>\n<p>Elle dit aussi qu\u2019il a \u00e9t\u00e9 soumis \u00e0 des pressions psychologiques, que ses avocats lui ont dit \u00e0 elle qu\u2019il avait protest\u00e9 lors de l\u2019une de ses comparutions devant le tribunal militaire. \u00ab\u00a0<i>Ils lui ont tenu de mauvais propos \u00e0 mon sujet. Ils disaient, \u00ab\u00a0<\/i>Votre femme n\u2019est pas pure<i>\u00ab\u00a0. Ils lui disaient, \u00ab\u00a0<\/i>Maintenant que vous avez \u00e9t\u00e9 arr\u00eat\u00e9, elle est libre de faire n\u2019importe quoi<i>\u00ab\u00a0<\/i>\u00a0\u00bb. Elle affirme qu\u2019il lui a dit qu\u2019au tribunal militaire, l\u2019un des interrogateurs avait reconnu devant lui par la suite, \u00ab\u00a0<i>Nous savons que vous aimez votre femme et qu\u2019elle vous aime. C\u2019est pour cela que nous avons dit ces choses contre elle<\/i>\u00a0\u00bb.<\/p>\n<p>Mme\u00a0Adnan, qui dit que son \u00e9poux a d\u00e9clar\u00e9 \u00e0 plusieurs reprises, \u00ab\u00a0<i>Mon honneur est plus pr\u00e9cieux que la nourriture<\/i>\u00a0\u00bb, a ajout\u00e9 que son seul espoir maintenant \u00e9tait qu\u2019Isra\u00ebl d\u00e9cide de \u00ab\u00a0<i>redorer son image dans le monde en le lib\u00e9rant<\/i>\u00a0\u00bb. Elle dit que c\u2019est \u00e0 lui, Khader, de prendre la d\u00e9cision ultime, et que quand elle l\u2019exhorte \u00e0 boire du lait, elle lui transmet surtout \u00ab\u00a0<i>\u00a0un message de sa m\u00e8re<\/i>.\u00a0\u00bb<\/p>\n<p>La soeur d\u2019Adnan, qui s\u2019appelle aussi Maali, a timidement reconnu que, peut-\u00eatre, son fr\u00e8re pourrait encore \u00eatre persuad\u00e9 qu\u2019il avait fait assez pour transmettre au monde son message de protestation contre l\u2019usage de la d\u00e9tention administrative, sans jugement ni inculpation. Mais, en disant que Mr Adnan est un p\u00e8re mod\u00e8le qui \u00ab <i>aime la vie<\/i>\u00a0\u00bb, elle ajoute, \u00ab\u00a0<i>Je ne suis pas certaine qu\u2019il veuille juste d\u00e9livrer un message. Il veut aussi en finir avec la d\u00e9tention administrative. Nous avons tellement foi en Allah pour qu\u2019il le sorte de cette situation. Nous croyons que Dieu ne l\u2019abandonnera pas<\/i>\u00a0\u00bb.<\/p>\n<p>Randa Adnan a rappel\u00e9 que son \u00e9poux a d\u00e9clar\u00e9 \u00e0 l\u2019un de ses avocats\u00a0: \u00ab\u00a0<i>je ne veux aller ni au n\u00e9ant ni \u00e0 la mort. Mais je suis un homme qui d\u00e9fend sa libert\u00e9. Si je meurs, ce sera mon destin<\/i>\u00a0\u00bb.<\/p>\n<p>*\u00a0<strong>Donald Macintyre<\/strong>\u00a0est correspondant \u00e0 J\u00e9rusalem pour\u00a0<i>The Independent<\/i>\u00a0depuis 2004, dont il est le r\u00e9dacteur en chef pour la rubrique politique, ainsi que pour\u00a0<i>The Independent<\/i>\u00a0du dimanche. Il a \u00e9crit pour le\u00a0<i>Daily Express<\/i>, le\u00a0<i>Sunday Times<\/i>, le\u00a0<i>Times<\/i>\u00a0et le\u00a0<i>Sunday Telegraph<\/i>.<\/p>\n<\/div>\n<div id=\"article-ps\">\n<p>\u00a0<a class=\"spip_out\" href=\"http:\/\/www.independent.co.uk\/news\/world\/middle-east\/khader-adnan-the-west-banks-bobby-sands-6988943.html\" rel=\"external\">The Independent<\/a>\u00a0&#8211; traduction\u00a0:\u00a0<a class=\"spip_out\" href=\"http:\/\/www.info-palestine.eu\/spip.php?article11817\">Info-Palestine.net<\/a>\/JPP<\/p>\n<\/div>\n<\/div>\n","protected":false},"excerpt":{"rendered":"<p>Il faut sauver le gr\u00e9viste de la faim Khader Adnan, en danger de mort imminente ! Adnan est un r\u00e9volutionnaire infatiguable qui lutte depuis longtemps contre l\u2019occupation. Il a \u00e9t\u00e9\u00a0arr\u00eat\u00e9 12 fois\u00a0et a pass\u00e9 un total d\u2019environ 8 ans dans les prisons de l\u2019occupant. Le Club des prisonniers palestiniens a annonc\u00e9 aujourd\u2019hui que le prisonnier &#8230; <a title=\"Il faut sauver le gr\u00e9viste de la faim Khader Adnan, en danger de mort imminente !\" class=\"read-more\" href=\"https:\/\/bruxelles-pantheres.be\/?p=5530\" aria-label=\"En savoir plus sur Il faut sauver le gr\u00e9viste de la faim Khader Adnan, en danger de mort imminente !\">Lire la suite<\/a><\/p>\n","protected":false},"author":1,"featured_media":5531,"comment_status":"open","ping_status":"open","sticky":false,"template":"","format":"standard","meta":{"footnotes":""},"categories":[21,6,8,18],"tags":[511,527],"class_list":["post-5530","post","type-post","status-publish","format-standard","has-post-thumbnail","hentry","category-anti-imperialisme","category-palestine-moyen-orient","category-prisons","category-resistance-bruxelles","tag-djihad-islamique-palestinien","tag-khader-adnan"],"_links":{"self":[{"href":"https:\/\/bruxelles-pantheres.be\/index.php?rest_route=\/wp\/v2\/posts\/5530","targetHints":{"allow":["GET"]}}],"collection":[{"href":"https:\/\/bruxelles-pantheres.be\/index.php?rest_route=\/wp\/v2\/posts"}],"about":[{"href":"https:\/\/bruxelles-pantheres.be\/index.php?rest_route=\/wp\/v2\/types\/post"}],"author":[{"embeddable":true,"href":"https:\/\/bruxelles-pantheres.be\/index.php?rest_route=\/wp\/v2\/users\/1"}],"replies":[{"embeddable":true,"href":"https:\/\/bruxelles-pantheres.be\/index.php?rest_route=%2Fwp%2Fv2%2Fcomments&post=5530"}],"version-history":[{"count":1,"href":"https:\/\/bruxelles-pantheres.be\/index.php?rest_route=\/wp\/v2\/posts\/5530\/revisions"}],"predecessor-version":[{"id":5532,"href":"https:\/\/bruxelles-pantheres.be\/index.php?rest_route=\/wp\/v2\/posts\/5530\/revisions\/5532"}],"wp:featuredmedia":[{"embeddable":true,"href":"https:\/\/bruxelles-pantheres.be\/index.php?rest_route=\/wp\/v2\/media\/5531"}],"wp:attachment":[{"href":"https:\/\/bruxelles-pantheres.be\/index.php?rest_route=%2Fwp%2Fv2%2Fmedia&parent=5530"}],"wp:term":[{"taxonomy":"category","embeddable":true,"href":"https:\/\/bruxelles-pantheres.be\/index.php?rest_route=%2Fwp%2Fv2%2Fcategories&post=5530"},{"taxonomy":"post_tag","embeddable":true,"href":"https:\/\/bruxelles-pantheres.be\/index.php?rest_route=%2Fwp%2Fv2%2Ftags&post=5530"}],"curies":[{"name":"wp","href":"https:\/\/api.w.org\/{rel}","templated":true}]}}