{"id":5538,"date":"2023-04-09T06:22:31","date_gmt":"2023-04-09T05:22:31","guid":{"rendered":"https:\/\/bruxelles-pantheres.be\/?p=5538"},"modified":"2023-04-23T13:29:04","modified_gmt":"2023-04-23T12:29:04","slug":"ma-famille-a-survecu-au-massacre-de-deir-yassine-75-ans-plus-tard-nous-exigeons-toujours-la-justice","status":"publish","type":"post","link":"https:\/\/bruxelles-pantheres.be\/?p=5538","title":{"rendered":"Ma famille a surv\u00e9cu au massacre de Deir Yassine. 75 ans plus tard, nous exigeons toujours la justice"},"content":{"rendered":"<header class=\"cartouche\">\n<div class=\"publication\">\u00a0<span class=\"aurdip-cartouche\">Dina Elmuti pour\u00a0<a href=\"https:\/\/mondoweiss.net\/2023\/04\/my-family-survived-the-deir-yassin-massacre-75-years-later-we-still-demand-justice\/\" target=\"_blank\" rel=\"noopener\">Mondoweiss<\/a><\/span>\u00a0\u00a0<span class=\"sep\">|<\/span>\u00a0<span class=\"vcard author\">Traduction J.Ch. pour l\u2019AURDIP<\/span>\u00a0<span class=\"sep\">|<\/span><\/div>\n<\/header>\n<div class=\"main\">\n<div class=\"chapo\">\n<p>Ce jour l\u00e0 il y a 75 ans, ma grand-m\u00e8re et sa famille ont surv\u00e9cu au Massacre de Deir Yassine en 1948. J\u2019ai h\u00e9rit\u00e9 des souvenirs de ma famille, des cicatrices qui les accompagnent et du devoir de ne jamais oublier.<\/p>\n<\/div>\n<\/div>\n<p><!--more--><\/p>\n<div class=\"main\">\n<div class=\"texte\">\n<div class=\"no-adapt-img article-image-centree\">\n<figure id=\"attachment_5539\" aria-describedby=\"caption-attachment-5539\" style=\"width: 630px\" class=\"wp-caption aligncenter\"><a href=\"https:\/\/bruxelles-pantheres.be\/wp-content\/uploads\/2023\/04\/arton5087.jpg\"><img decoding=\"async\" class=\"wp-image-5539 size-full\" src=\"https:\/\/bruxelles-pantheres.be\/wp-content\/uploads\/2023\/04\/arton5087.jpg\" alt=\"\" width=\"640\" height=\"360\" srcset=\"https:\/\/bruxelles-pantheres.be\/wp-content\/uploads\/2023\/04\/arton5087.jpg 640w, https:\/\/bruxelles-pantheres.be\/wp-content\/uploads\/2023\/04\/arton5087-300x169.jpg 300w\" sizes=\"(max-width: 640px) 100vw, 640px\" \/><\/a><figcaption id=\"caption-attachment-5539\" class=\"wp-caption-text\">\u00a0Photo\u00a0: Coupure de presse de l\u2019en-t\u00eate d\u2019un journal local de 1948, peu apr\u00e8s le massacre, et pr\u00e9sentant certains des orphelins du massacre de Deir Yassine. La photo de feue la grand-m\u00e8re de l\u2019auteure, Fatima Asad, se trouve au milieu de la rang\u00e9e du haut. (Avec l\u2019aimable autorisation de Dina Elmuti)<\/figcaption><\/figure>\n<\/div>\n<p>Les maisons de pierre en terrasses se tiennent en apparence intactes derri\u00e8re les grilles ferm\u00e9es de l\u2019enceinte de l\u2019h\u00f4pital psychiatrique Kfar Shaul. Pratiquement suspendu dans le temps et inaccessible au public, c\u2019est une m\u00e9taphore appropri\u00e9e pour\u00a0<a class=\"spip_out\" href=\"https:\/\/www.haaretz.com\/israel-news\/2021-10-18\/ty-article-magazine\/.highlight\/war-crimes-and-unpleasantness-israels-censorship-list\/0000017f-f757-d460-afff-ff779b600000\" target=\"_blank\" rel=\"external noopener\">l\u2019occultation persistante des atrocit\u00e9s<\/a>\u00a0qui y furent commises.<\/p>\n<p>Soixante quinze ans plus t\u00f4t aujourd\u2019hui, le 9 avril, le tranquille village de tailleurs de pierres de Deir Yassine est devenu le site du massacre qui continue de se r\u00e9percuter avec une effroyable port\u00e9e pour le peuple palestinien.<\/p>\n<p>Lors de ma premi\u00e8re visite \u00e0 Deir Yassine en 1998 \u2013 pour le 50\u00e8me anniversaire du massacre \u2013 j\u2019ai descendu ses sentiers pav\u00e9s de moellons et admir\u00e9 les cactus \u00e9pineux en fleurs qui menaient \u00e0 la maison familiale de ma grand-m\u00e8re. Ses paroles r\u00e9sonnent encore dans ma t\u00eate, chaque syllabe frappant mon esprit comme les couteaux qui ont r\u00e9pandu le sang des villageois.<\/p>\n<p>\u00ab\u00a0N\u2019oublie jamais ce qui s\u2019est pass\u00e9 ici. Inscris le dans la pierre. Grave le dans ton c\u0153ur \u00e0 jamais\u00a0\u00bb, m\u2019avait elle implor\u00e9, tapotant des doigts sur sa poitrine.<\/p>\n<p>Pour de nombreux survivants de la Nakba, les moindres d\u00e9tails des atrocit\u00e9s dont ils ont \u00e9t\u00e9 t\u00e9moins restent pr\u00e9sents dans leur m\u00e9moire comme si cela s\u2019\u00e9tait pass\u00e9 la veille. Ma grand-m\u00e8re se souvenait de la puanteur des cadavres ensanglant\u00e9s et le macabre spectacle du corps de son grand-p\u00e8re contorsionn\u00e9, cribl\u00e9 de balles sur le perron de leur maison.<\/p>\n<p>Le traumatisme que nos a\u00een\u00e9s ont endur\u00e9 pendant la Nakba habite dans nos \u00eatres et fait maintenant partie de nous. Des g\u00e9n\u00e9rations plus tard, il traverse nos corps et nous laisse une blessure \u00e0 l\u2019\u00e2me. La\u00a0<a class=\"spip_out\" href=\"https:\/\/kops.uni-konstanz.de\/entities\/publication\/7e766046-6c0c-45a3-a8f1-2714f15b8216\" target=\"_blank\" rel=\"external noopener\">transmission interg\u00e9n\u00e9rationnelle du traumatisme<\/a>\u00a0chez les petits enfants des survivants de la Nakba est une histoire sans paroles.<\/p>\n<p>Aucuns mots de quelque langage humain que ce soit ne pourra jamais enti\u00e8rement d\u00e9crire les atrocit\u00e9s commises \u00e0 Deir Yassine, ni d\u2019aucun des massacres successifs isra\u00e9liens. C\u2019est un tourment unique qui se r\u00e9pand s\u00e9v\u00e8rement dans nos veines, un cauchemar \u00e9veill\u00e9 qui si\u00e8ge sur nos poitrines, qui nous serre la gorge et ouvre nos bouches \u00e0 des cris silencieux.<\/p>\n<p>Quand ma grand-m\u00e8re est morte, j\u2019ai ressenti un immense chagrin \u00e0 la perte de ma premi\u00e8re narratrice. Conserver en vie les r\u00e9cits de la Nakba est devenu un urgent devoir apr\u00e8s la mort des derniers survivants et avant que le d\u00e9tail des horreurs ne s\u2019efface de la m\u00e9moire collective.<\/p>\n<p>Ma premi\u00e8re visite \u00e0 Deir Yassine m\u2019a amen\u00e9 \u00e0 explorer la m\u00e9moire historique autour de la Nakba et \u00e0 mettre en \u00e9vidence toute ma vie de travailleur social sp\u00e9cialis\u00e9 dans les traumatismes et de raconteur d\u2019histoires.<\/p>\n<p><strong>Des cibles \u00e0 \u00e9liminer<\/strong><\/p>\n<p>Le matin du 9 avril 1948, le village de Deir Yassine a ressenti le souffle de la mort. Au milieu de l\u2019apr\u00e8s-midi, les rues \u00e9taient un abattoir sanglant et le cimeti\u00e8re d\u2019horreurs indicibles. Les forces sionistes frappaient, poignardaient, alignaient et ex\u00e9cutaient les villageois \u2013 comme un peloton d\u2019ex\u00e9cution. Leur violence et leur rage allaient au-del\u00e0 de l\u2019ex\u00e9cution des villageois captifs. Les villageois survivants, comme mon grand oncle Daoud, qui avait 17 ans \u00e0 l\u2019\u00e9poque du massacre, ont\u00a0<a class=\"spip_out\" href=\"https:\/\/www.jstor.org\/stable\/24450239\" target=\"_blank\" rel=\"external noopener\">affirm\u00e9<\/a>\u00a0que les forces sionistes ont terroris\u00e9, vol\u00e9, viol\u00e9, brutalis\u00e9 et dynamit\u00e9 les villageois \u00e0 coups de grenades. Elles ont\u00a0<a class=\"spip_out\" href=\"https:\/\/onlinelibrary.wiley.com\/doi\/abs\/10.1111\/j.1949-3606.1994.tb01027.x\" target=\"_blank\" rel=\"external noopener\">\u00e9cras\u00e9, ouvert \u00e0 la ba\u00efonnette et \u00e9visc\u00e9r\u00e9<\/a>\u00a0le ventre des femmes enceintes encore en vie, et mutil\u00e9 et d\u00e9capit\u00e9 des enfants devant leurs parents.<\/p>\n<p>Tout le monde, des enfants \u00e0 na\u00eetre et des nourrissons aux personnes \u00e2g\u00e9es,\u00a0<a class=\"spip_out\" href=\"https:\/\/www.amazon.com\/Palestine-Rising-survived-Yasin-Massacre\/dp\/1453570330\" target=\"_blank\" rel=\"external noopener\">\u00e9tait une cible \u00e0 \u00e9liminer<\/a>.<\/p>\n<p>Presque les deux tiers des personnes massacr\u00e9es \u00e9taient des enfants, des femmes et des homme \u00e2g\u00e9s de plus de 60 ans. Ces brutes sionistes ont tir\u00e9 plusieurs cadavres jusqu\u2019\u00e0 la carri\u00e8re de pierres du village o\u00f9 ils les ont enterr\u00e9s et br\u00fbl\u00e9s. Insensibles \u00e0 ces barbaries, ils ont mang\u00e9 avec app\u00e9tit \u00e0 c\u00f4t\u00e9 des cadavres carbonis\u00e9s.<\/p>\n<p>Le bilan des morts du massacre se situe entre 110 et 140 villageois, m\u00eame si les dirigeants de l\u2019Irgoun ont exag\u00e9r\u00e9 le bilan \u00e0 254 pour accro\u00eetre la terreur et d\u00e9clencher l\u2019expulsion massive des Palestiniens des villes et villages voisins.<\/p>\n<p>Aujourd\u2019hui, Deir Yassine sert d\u2019ADN de notre Nakba actuelle, demeurant un embl\u00e8me obs\u00e9dant de l\u2019effacement et de la d\u00e9possession syst\u00e9matiques et du d\u00e9placement forc\u00e9 continus des Palestiniens. Depuis lors, le n\u00e9gationnisme et les mythes propag\u00e9s au c\u0153ur de l\u2019id\u00e9ologie sioniste ont permis la violence cautionn\u00e9e par l\u2019\u00c9tat commise contre les Palestiniens.<\/p>\n<p><strong>Incapacit\u00e9 \u00e0 oublier<\/strong><\/p>\n<p>La destruction d\u00e9lib\u00e9r\u00e9e de la m\u00e9moire est intrins\u00e8que au processus g\u00e9nocidaire, mais il est impossible d\u2019oublier l\u2019inoubliable. Ou quelque chose qui n\u2019a jamais pris fin. La Nakba n\u2019a pas commenc\u00e9 ni pris fin en 1948. Elle demeure une catastrophe continue, traumatisme sur traumatisme aggrav\u00e9.<\/p>\n<p>Lorsqu\u2019il s\u2019agit d\u2019oublier de telles catastrophes, on touche \u00e0 l\u2019immoralit\u00e9, la cruaut\u00e9, ou la r\u00e9probation. Nier la souffrance des victimes, c\u2019est nier les faits, l\u2019histoire, la m\u00e9moire elle-m\u00eame. Pour quiconque au monde, cette r\u00e9ponse approcherait l\u2019incompr\u00e9hensible et l\u2019impensable.<\/p>\n<p>Pour quiconque\u00a0<i>except\u00e9<\/i>\u00a0le peuple palestinien.<\/p>\n<p>Oublier, ou plut\u00f4t nier, que des massacres aient jamais eu lieu a \u00e9t\u00e9 la r\u00e9ponse coupablement commune dans le discours autour de la Nakba. Les r\u00e9f\u00e9rences aux souvenirs des survivants rencontrent souvent la m\u00e9fiance et le d\u00e9ni, et leurs t\u00e9moignages sont entach\u00e9s de litiges et de controverses. Ces t\u00e9moignages continuent cependant d\u2019entraver un discours de cruaut\u00e9 voil\u00e9e, permettant de lutter durablement contre l\u2019imposition du silence et de l\u2019oubli.<\/p>\n<p>Les souvenirs qui menacent et \u00e9branlent l\u2019int\u00e9grit\u00e9 d\u2019un \u00c9tat sont difficiles \u00e0 r\u00e9concilier avec sa trajectoire et son image actuelles, et c\u2019est pourquoi les Sionistes continuent de diffamer et tout traiter d\u2019antis\u00e9mite. Les sionistes se pr\u00e9sentent comme les victimes, revendiquant leurs souffrances et la menace existentielle contre eux avec des actions d\u00e9lib\u00e9r\u00e9es de manipulation et de distorsion volontaire de la m\u00e9moire, r\u00e9duisant ainsi leur propre responsabilit\u00e9.<\/p>\n<p>C\u2019est une d\u00e9fense psychique ou une pathologie psychologique. L\u2019h\u00f4pital psychiatrique \u00e9tendu sur tout le sang et les os des maisons familiales de Deir Yassine symbolise en lui-m\u00eame le pass\u00e9 inconscient et refoul\u00e9 de d\u00e9ni par une nation. Une nation n\u00e9e sur les cendres du peuple palestinien.<\/p>\n<p><strong>Un devoir de m\u00e9moire<\/strong><\/p>\n<p>Le feu a \u00e9t\u00e9 \u00e9teint \u00e0 Deir Yassine il y a 75 ans, laissant dans son sillage une impression de carbonisation, dont aucune quantit\u00e9 de nettoyage ou de d\u00e9ni ne pourra jamais \u00e9liminer les taches. L\u2019ampleur de l\u2019importance des agressions syst\u00e9matiques commises par les sionistes demeure largement non reconnue et les g\u00e9n\u00e9rations d\u2019architectes qui ont planifi\u00e9 la Nakba et de bouchers qui l\u2019ont men\u00e9e \u00e0 bien continuent d\u2019aller sur leurs tombes\u00a0<a class=\"spip_out\" href=\"https:\/\/www.haaretz.com\/israel-news\/2021-10-19\/ty-article\/.highlight\/commander-of-deadly-1948-operation-at-deir-yassin-dies-at-94\/0000017f-e98c-d639-af7f-e9dfee000000\" target=\"_blank\" rel=\"external noopener\">sans repentir<\/a>.<\/p>\n<p>Mais le peuple palestinien n\u2019attend pas d\u00e9sesp\u00e9r\u00e9ment un semblant de reconnaissance ou de faux remords. Nos souvenirs, nos r\u00e9cits et nos vies existent. Ils ont\u00a0<i>toujours<\/i>\u00a0exist\u00e9. La responsabilit\u00e9 de prot\u00e9ger et de pr\u00e9server nos souvenirs et notre r\u00e9cit collectif, face \u00e0 toute tentative pour les effacer, restera \u00e0 notre charge.<\/p>\n<p>Nous continuerons \u00e0 fracasser la fa\u00e7ade des distorsions d\u00e9lib\u00e9r\u00e9es et \u00e0 troubler le silence arrogant qui entoure la Nakba. Nous continuerons de r\u00e9sister, de raconter et d\u2019emp\u00eacher sa m\u00e9moire de se calcifier dans l\u2019effacement et l\u2019oubli.<\/p>\n<p>Comme les cactus cribl\u00e9s de balles qui portent les cicatrices de Deir Yassine \u2013 fleurissant apr\u00e8s le carnage et la destruction \u2013 nous resterons une \u00e9pine dans le flanc de l\u2019occupation. Nous continuerons \u00e0 nommer les victimes et \u00e0 raconter l\u2019histoire de ceux qui se battent avec d\u00e9termination pour leur vie et leur dignit\u00e9, transformant le traumatisme en d\u00e9termination.<\/p>\n<p>Nous avons h\u00e9rit\u00e9 du devoir de ne jamais oublier ce qui est arriv\u00e9, de l\u2019inscrire \u00e0 jamais dans notre m\u00e9moire.<\/p>\n<\/div>\n<\/div>\n<footer>\n<div class=\"ps\">\n<p><strong>Dina Elmuti<\/strong>\u00a0est une travailleuse sociale et clinicienne des traumatismes, avec une formation dans le traumatisme d\u00e9veloppemental, l\u2019adversit\u00e9 de la petite enfance, et le traumatisme g\u00e9n\u00e9rationnel. Elle a travaill\u00e9 avec des ONG s\u2019occupant des enfants en Palestine et des communaut\u00e9s de r\u00e9fugi\u00e9s et d\u2019immigrants \u00e0 Chicago.<\/p>\n<section class=\"blogs__heading-wrapper\">\n<div class=\"container\">\n<div class=\"blogs__heading grid padding-block:600\" data-content-heading=\"\">\n<div class=\"blogs__heading__center\">\n<h1 id=\"page-title\" class=\"heading-product:900 margin-top:400 color:text-product\" style=\"text-align: center;\">Le massacre de Deir Yassine vu par les Isra\u00e9liens<\/h1>\n<p class=\"subheading-product:01 color:text-product margin-top:600  \">Dimanche 9 avril dernier, la Palestine comm\u00e9morait le massacre du village palestinien de Deir Yassine, perp\u00e9tr\u00e9 par des groupuscules sionistes le 9 avril 1948. J&rsquo;ai eu envie de savoir comment ce pan tragique de l&rsquo;histoire \u00e9tait connu et per\u00e7u c\u00f4t\u00e9 isra\u00e9lien.<\/p>\n<\/div>\n<\/div>\n<\/div>\n<\/section>\n<section class=\"blogs__body-wrapper\">\n<div class=\"container\">\n<div class=\"blogs__body grid\">\n<div class=\"blogs__body__left\">\n<div class=\"blogs__body__left__sticky-wrapper\" data-content-body-left-sticky=\"\">\n<div class=\"hidden@until-lg hidden@print\">\n<div class=\"bio\">\n<div class=\"bio__body\">\n<div class=\"avatar\"><\/div>\n<div class=\"bio__body__name\">\n<p class=\"heading-product:100 color:text-product\"><a href=\"https:\/\/blogs.mediapart.fr\/ray-elsa\">Ray Elsa<\/a><\/p>\n<\/div>\n<div class=\"bio__body__description ui-body-product:100 color:text-product\">Journaliste de formation, auteure en herbe<\/div>\n<\/div>\n<\/div>\n<\/div>\n<\/div>\n<\/div>\n<div class=\"blogs__body__center splitter _vertical\">\n<div class=\"splitter__first\">\n<div class=\"blogs__body__center__article blogs__rich-text-content color:text-default content-body-news:02 margin-top:600\">\n<p><b>Dimanche 9 avril dernier, la Palestine comm\u00e9morait le massacre du village palestinien de Deir Yassine<\/b>, perp\u00e9tr\u00e9 par des groupuscules sionistes le 9 avril 1948 causant la mort d&rsquo;une centaine de personnes (le chiffre exact a son importance, nous y reviendront). Quatre mois plus tard, l&rsquo;Etat d&rsquo;Isra\u00ebl \u00e9tait cr\u00e9\u00e9. Et 69 ans plus tard, la souffrance est encore vive.<\/p>\n<figure class=\"media--image format-50-pcent _align:center orientation-portrait\" data-js=\"zoom\">\n<div class=\"media--image--wrapper\" data-opener-label=\"Agrandir l\u2019image\" data-closer-label=\"Fermer\"><img decoding=\"async\" class=\"aligncenter\" src=\"https:\/\/static.mediapart.fr\/etmagine\/article_google_discover\/files\/2017\/04\/18\/deir-yassin-illustration.jpg\" alt=\"Illustration 1\" width=\"500\" height=\"708\" data-original=\"https:\/\/static.mediapart.fr\/etmagine\/article_zoomed\/files\/2017\/04\/18\/deir-yassin-illustration.jpg\" \/><\/div>\n<div data-opener-label=\"Agrandir l\u2019image\" data-closer-label=\"Fermer\"><\/div>\n<div class=\"media--image--wrapper\" data-opener-label=\"Agrandir l\u2019image\" data-closer-label=\"Fermer\">Dimanche 9 avril donc, j&rsquo;ai eu envie d&rsquo;\u00e9crire sur Deir Yassine, mais sous un angle diff\u00e9rent. Je me suis demand\u00e9e: Que pensent les isra\u00e9liens de ce massacre? En ont-ils connaissance? Le reconnaissent-ils comme tel? Si oui, remettent-ils alors en question la fa\u00e7on dont \u00ab\u00a0leur\u00a0\u00bb Etat s&rsquo;est cr\u00e9\u00e9?<\/div>\n<\/figure>\n<p>Si ces questions me sont spontan\u00e9ment venues, c&rsquo;est parce que j&rsquo;ai appris au cours de mes voyages et de mes rencontres que la propagande sioniste en Isra\u00ebl \u00e9tait extr\u00eamement puissante et qu&rsquo;elle lavait le cerveau des Isra\u00e9liens d\u00e8s le plus jeune \u00e2ge, les confortant dans l&rsquo;id\u00e9e qu&rsquo;ils \u00e9taient l\u00e9gitimes sur une terre l\u00e9gitime, et que les Palestiniens (les \u00ab\u00a0arabes\u00a0\u00bb dans la rh\u00e9torique sioniste) \u00e9taient des ind\u00e9sirables dont il fallait au mieux s&rsquo;accommoder, au pire se d\u00e9barrasser.\u00a0\u00a0<a href=\"https:\/\/blogs.mediapart.fr\/ray-elsa\/blog\/301216\/israel-et-sionisme-lumiere-sur-une-ideologie-et-sa-propagande\">Mon entretien avec la professeure isra\u00e9lienne Nurit Peled-Elhanan<\/a>\u00a0m&rsquo;avait particuli\u00e8rement \u00e9clair\u00e9e sur ce sujet.<\/p>\n<p><b>Bien \u00e9videmment, il n&rsquo;est pas question en Isra\u00ebl de parler de \u00ab\u00a0Nakba\u00a0\u00bb<\/b>\u00a0(\u00ab\u00a0la catastrophe\u00a0\u00bb en arabe, expression qui renvoie \u00e0 l&rsquo;exil forc\u00e9 de pr\u00e8s d&rsquo;un million de Palestiniens en 1948) et encore moins de reconna\u00eetre que l&rsquo;Etat d&rsquo;Isra\u00ebl s&rsquo;est cr\u00e9\u00e9 suite \u00e0 une invasion en bonne et due forme, et non \u00e0 une \u00ab\u00a0guerre\u00a0\u00bb. Ainsi donc, il me semblait int\u00e9ressant de savoir comment les Isra\u00e9liens percevaient le massacre de Deir Yassine, et m\u00eame s&rsquo;ils en avaient connaissance tout court. Pour cela, j&rsquo;ai d\u00e9cid\u00e9 d&rsquo;aller chercher d&rsquo;information directement \u00e0 la source, et d&rsquo;interroger LA personne qui pourrait me r\u00e9pondre au mieux sur cette question.<\/p>\n<p>Eitan Bronstein \u00e9tait tout d\u00e9sign\u00e9. Co-directeur et Co-fondateur du laboratoire de recherches\u00a0<a href=\"http:\/\/www.de-colonizer.org\/\">De-Colonizer<\/a>, le moins que l&rsquo;on puisse dire c&rsquo;est qu&rsquo;Eitan Bronstein navigue \u00e0 contre-courant de la soci\u00e9t\u00e9 dans laquelle il \u00e9volue depuis son enfance. Consid\u00e9r\u00e9 comme un tra\u00eetre en Isra\u00ebl, son travail et ses positions politiques font grincer bien des dents. N\u00e9anmoins, son statut d&rsquo;homme isra\u00e9lien lui permet de mener \u00e0 bien son travail et de le diffuser bon an mal an en Isra\u00ebl et \u00e0 l&rsquo;\u00e9tranger.<\/p>\n<p>Sur\u00a0<a href=\"https:\/\/www.facebook.com\/decolonizer\/\">la page Facebook de De-Colonizer<\/a>, on peut lire ceci: \u00ab\u00a0De-Colonizer tire son nom du blog \u00e9ponyme d&rsquo;Eitan Bronstein Aparicio, fondateur de l&rsquo;ONG Zochrot (&#8230;). Ce blog d\u00e9crivait les chemins qu&rsquo;il a lui m\u00eame emprunt\u00e9s afin de d\u00e9coloniser son identit\u00e9 d&rsquo;Isra\u00e9lien. De-Colonizer a \u00e9t\u00e9 \u00e9tabli en Janvier 2015 avec El\u00e9onore Merza, anthropologue du politique et sp\u00e9cialiste de la soci\u00e9t\u00e9 isra\u00e9lienne contemporaine\u00a0\u00bb.<\/p>\n<p>L&rsquo;ONG\u00a0<a href=\"http:\/\/zochrot.org\/\">Zochrot<\/a>\u00a0avait (et a toujours) pour objectif ambitieux de sensibiliser la soci\u00e9t\u00e9 isra\u00e9lienne \u00e0 la Nakba afin de d\u00e9construire l&rsquo;id\u00e9ologie sioniste colonialiste sur laquelle elle se fonde.\u00a0<b>Dans la m\u00eame veine, le laboratoire de recherches De-Colonizer a pour objectif de cr\u00e9er des outils et des connaissances nouvelles \u00e0 disposition du grand nombre pour d\u00e9battre et d\u00e9construire<\/b>, en dressant \u00ab\u00a0la perspective d&rsquo;un futur d\u00e9passant le r\u00e9gime colonialiste et raciste dans lequel nous vivons actuellement au profit d&rsquo;un nouvel espace commun dans lequel touTEs seraient \u00e9gaLES\/aux. Nous pensons que la tension et les cycles de violences dans lesquels nous vivons aujourd&rsquo;hui prennent leur source, en 1948, dans ce qu&rsquo;on appelle la Nakba (ce terme arabe qui signifie \u00ab\u00a0catastrophe\u00a0\u00bb ou \u00ab\u00a0cataclysme\u00a0\u00bb d\u00e9signe l&rsquo;expulsion de 750 000 PalestinienNEs et la destruction de la tr\u00e8s grande majorit\u00e9 de la vie palestinienne) et que nous consid\u00e9rons comme le r\u00e9sultat in\u00e9vitable des efforts men\u00e9s afin de cr\u00e9er un \u00c9tat Juif au Proche-Orient.\u00a0\u00bb<\/p>\n<p>Le laboratoire De-Colonizer a notamment produit des cartes absolument remarquables sur les localit\u00e9s palestiniennes, juives et syriennes d\u00e9truites depuis le d\u00e9but du sionisme et jusqu&rsquo;en 2016. Elles sont consultables\u00a0<a href=\"http:\/\/www.de-colonizer.org\/carte-en-francais\">ici<\/a>.<\/p>\n<p>J&rsquo;ai donc d\u00e9cid\u00e9 de contacter Eitan Bronstein afin de lui poser des questions sur le massacre de Deir Yassine. Je partais du principe que celui-ci, \u00e0 l&rsquo;instar de la Nakba, n&rsquo;\u00e9tait pas reconnu par Isra\u00ebl. Eitan m&rsquo;a compl\u00e8tement d\u00e9tromp\u00e9e et m&rsquo;a apport\u00e9 des \u00e9l\u00e9ments tr\u00e8s int\u00e9ressants.<\/p>\n<p><b>Voici la restranscription de notre \u00e9change:<\/b><\/p>\n<p>\u00ab\u00a0Le massacre de Deir Yassine est-il reconnu en Isra\u00ebl?<\/p>\n<p>&#8211; Oui tout \u00e0 fait! En fait, il faut revenir en 1948 pour comprendre. Imm\u00e9diatement apr\u00e8s le massacre, Ben Gourion l&rsquo;a officiellement reconnu et s&rsquo;est m\u00eame excus\u00e9 aupr\u00e8s du roi Abdellah de Jordanie. Mais c&rsquo;\u00e9tait facile pour lui de le faire! Car il s&rsquo;est positionn\u00e9 en d\u00e9clarant que le massacre avait \u00e9t\u00e9 perp\u00e9tr\u00e9 non pas par les forces arm\u00e9es sionistes, mais par des groupuscules extr\u00e9mistes qui avaient quitt\u00e9 les rangs des forces sionistes officielles, et qui \u00e9taient hors contr\u00f4le.<\/p>\n<p>&#8211; Donc il s&rsquo;est d\u00e9douan\u00e9 en quelque sorte?<\/p>\n<p>&#8211; Oui exactement. D&rsquo;une part, il a port\u00e9 la responsabilit\u00e9 du massacre sur les groupuscules \u00ab\u00a0rebelles\u00a0\u00bb alors qu&rsquo;en r\u00e9alit\u00e9, sans l&rsquo;assistance des forces sionistes, ils n&rsquo;auraient jamais pu prendre le village de Deir Yassine qui r\u00e9sistait avec force. D&rsquo;autre part, \u00e9norm\u00e9ment d&rsquo;autres massacres ont \u00e9t\u00e9 commis par l&rsquo;arm\u00e9e sioniste mais n&rsquo;ont jamais \u00e9t\u00e9 reconnus. Et enfin, ses excuses lui ont fourni un narratif confortable pour assoir le sionisme.<\/p>\n<p>&#8211; Quel est-il ce narratif?<\/p>\n<p>&#8211; Le narratif sioniste consiste \u00e0 dire que tout cela faisait partie de ce qu&rsquo;ils appellent \u00ab\u00a0la guerre d&rsquo;ind\u00e9pendance\u00a0\u00bb et que les \u00e9ventuels massacres perp\u00e9tr\u00e9s \u00e9taient du fait des groupuscules rebelles. D&rsquo;ailleurs, Deir Yassine est consid\u00e9r\u00e9 comme une exception. Il y a une croyance extr\u00eamement forte qui est qu&rsquo;en 1948, les forces sionistes ne tuaient pas d&rsquo;innocents, ils ne tuaient que pour les \u00ab\u00a0bonnes\u00a0\u00bb raisons, c&rsquo;est \u00e0 dire dans le cadre d&rsquo;une \u00ab\u00a0guerre\u00a0\u00bb.<\/p>\n<p>(<i>Ce narratif se retrouve tr\u00e8s largement aujourd&rsquo;hui dans l&rsquo;id\u00e9e que Tsahal serait \u00ab\u00a0l&rsquo;arm\u00e9e la plus morale du monde\u00a0\u00bb. Ceci est mon ajout personnel<\/i>)<\/p>\n<p>&#8211; Et dans la soci\u00e9t\u00e9 isra\u00e9lienne, qu&rsquo;en est-il?<\/p>\n<p>&#8211; Deir Yassine fait partie du narratif isra\u00e9lien, on l&rsquo;apprend m\u00eame \u00e0 l&rsquo;\u00e9cole, encore aujourd&rsquo;hui il me semble. Il y a eu des atrocit\u00e9s commises contre les palestiniens, \u00e7a fait partie du narratif, mais c&rsquo;est pr\u00e9sent\u00e9 encore une fois comme \u00e9tant la r\u00e9sultante d&rsquo;une guerre, d&rsquo;une bataille et non de massacres. Deir Yassine faisant office d\u00a0\u00bbexception\u00a0\u00bb dont la faute reviendrait \u00e0 des groupuscules rebelles. D&rsquo;ailleurs, les pouvoirs publics isra\u00e9liens ne comm\u00e9morent pas le massacre, refusent la mise en place d&rsquo;un monument au souvenir. Ils veulent surtout que ce soit effac\u00e9 de l&rsquo;espace public, n\u00e9glig\u00e9 dans les esprits. Une des premi\u00e8res activit\u00e9s que nous avions mise en place dans le cadre de \u00ab\u00a0Zochrot\u00a0\u00bb c&rsquo;\u00e9tait justement la comm\u00e9moration du massacre de Deir Yassine. Mais \u00e7a n&rsquo;a jamais \u00e9t\u00e9 soutenu par l&rsquo;Etat.<\/p>\n<p>&#8211; Est-ce que le fait d&rsquo;apprendre l&rsquo;existence du massacre de Deir Yassine permet aux isra\u00e9liens de remettre en question la fa\u00e7on dont s&rsquo;est cr\u00e9\u00e9 l&rsquo;Etat d&rsquo;Isra\u00ebl?<\/p>\n<p>&#8211; Non, pas du tout! Il n&rsquo;y a aucune remise en question \u00e0 ce niveau-l\u00e0.\u00a0\u00bb<\/p>\n<p>Il ajoute:<\/p>\n<p>&#8211; J&rsquo;aimerais aussi partager une information tr\u00e8s int\u00e9ressante sur Deir Yassine, et sur le nombre de victimes. Ce nombre a \u00e9t\u00e9 exag\u00e9r\u00e9 des deux c\u00f4t\u00e9s!<\/p>\n<p>&#8211; Ah oui? Comment cela?<\/p>\n<p>&#8211; D&rsquo;apr\u00e8s les recherches, il y aurait eu \u00e0 peu pr\u00e8s 110 victimes. Mais juste apr\u00e8s le massacre, les Palestiniens ont annonc\u00e9 250 victimes. Ils ont d\u00e9lib\u00e9remment exag\u00e9r\u00e9 le chiffre dans une tentative d\u00e9sesp\u00e9r\u00e9e de pousser les nations Arabes \u00e0 r\u00e9agir et \u00e0 venir \u00e0 leur secours. Les sionistes de leur c\u00f4t\u00e9, ont \u00e9galement largement diffus\u00e9 ce chiffre exag\u00e9r\u00e9, mais dans un tout autre but: faire fuir les Palestiniens! Leur faire peur, afin qu&rsquo;ils fuient leurs terres. Malheureusement, cette strat\u00e9gie cynique a tr\u00e8s bien fonctionn\u00e9. Beaucoup de Palestiniens ont fui apr\u00e8s Deir Yassine, j&rsquo;ai m\u00eame rencontr\u00e9 des palestiniens qui m&rsquo;ont dit qu&rsquo;ils avaient fui \u00e0 cause de Deir Yassine alors qu&rsquo;ils habitaient loin de la zone concern\u00e9e. Deir Yassine est un \u00e9pisode si traumatisant dans la m\u00e9moire collective palestinienne qu&rsquo;encore aujourd&rsquo;hui \u00e9norm\u00e9ment de familles s&rsquo;en rappellent comme \u00e9tant la cause premi\u00e8re de leur fuite. Les massacres de mani\u00e8re g\u00e9n\u00e9rale sont vraiment la cause principale de leurs exils et d\u00e9placements. Ils pensaient tous revenir apr\u00e8s quelques jours&#8230; Ils attendent toujours.\u00a0\u00bb<\/p>\n<p>Ce fut vraiment un \u00e9change tr\u00e8s int\u00e9ressant avec Eitan Bronstein, que je remercie et que je salue pour la qualit\u00e9 de son travail. Ce qui s&rsquo;est pass\u00e9 en 1948 a des cons\u00e9quences et des r\u00e9percussions directes sur l&rsquo;actualit\u00e9 d&rsquo;aujourd&rsquo;hui en Palestine, d&rsquo;o\u00f9 l&rsquo;importance de r\u00e9habiliter cette m\u00e9moire, et de d\u00e9construire les mythes et les propagandes.<\/p>\n<figure class=\"media--image format-50-pcent _align:center orientation-portrait\">\n<div class=\"media--image--wrapper\"><img decoding=\"async\" src=\"https:\/\/static.mediapart.fr\/etmagine\/article_thumbnail\/files\/2017\/04\/18\/deir-yassin-victimes.jpg\" sizes=\"screen and (min-width: 1300px) 684px, screen and (min-width: 1024px) 50vw, screen and (min-width: 768px) 70vw, 100vw\" srcset=\"https:\/\/static.mediapart.fr\/etmagine\/article_thumbnail\/files\/2017\/04\/18\/deir-yassin-victimes.jpg 684w, https:\/\/static.mediapart.fr\/etmagine\/article_google_discover\/files\/2017\/04\/18\/deir-yassin-victimes.jpg 1200w\" alt=\"Illustration 2\" width=\"380\" height=\"380\" data-original=\"https:\/\/static.mediapart.fr\/etmagine\/article_zoomed\/files\/2017\/04\/18\/deir-yassin-victimes.jpg\" \/><\/div><figcaption class=\"legend\">Visuel reprenant le nombre de victimes avanc\u00e9 par les Palestiniens et utilis\u00e9 par les sionistes pour r\u00e9pandre la peur.<\/figcaption><\/figure>\n<\/div>\n<\/div>\n<\/div>\n<\/div>\n<\/div>\n<\/section>\n<\/div>\n<\/footer>\n","protected":false},"excerpt":{"rendered":"<p>\u00a0Dina Elmuti pour\u00a0Mondoweiss\u00a0\u00a0|\u00a0Traduction J.Ch. pour l\u2019AURDIP\u00a0| Ce jour l\u00e0 il y a 75 ans, ma grand-m\u00e8re et sa famille ont surv\u00e9cu au Massacre de Deir Yassine en 1948. J\u2019ai h\u00e9rit\u00e9 des souvenirs de ma famille, des cicatrices qui les accompagnent et du devoir de ne jamais oublier.<\/p>\n","protected":false},"author":1,"featured_media":5540,"comment_status":"open","ping_status":"open","sticky":false,"template":"","format":"standard","meta":{"footnotes":""},"categories":[6,28],"tags":[528],"class_list":["post-5538","post","type-post","status-publish","format-standard","has-post-thumbnail","hentry","category-palestine-moyen-orient","category-racismes","tag-deir-yassine"],"_links":{"self":[{"href":"https:\/\/bruxelles-pantheres.be\/index.php?rest_route=\/wp\/v2\/posts\/5538","targetHints":{"allow":["GET"]}}],"collection":[{"href":"https:\/\/bruxelles-pantheres.be\/index.php?rest_route=\/wp\/v2\/posts"}],"about":[{"href":"https:\/\/bruxelles-pantheres.be\/index.php?rest_route=\/wp\/v2\/types\/post"}],"author":[{"embeddable":true,"href":"https:\/\/bruxelles-pantheres.be\/index.php?rest_route=\/wp\/v2\/users\/1"}],"replies":[{"embeddable":true,"href":"https:\/\/bruxelles-pantheres.be\/index.php?rest_route=%2Fwp%2Fv2%2Fcomments&post=5538"}],"version-history":[{"count":1,"href":"https:\/\/bruxelles-pantheres.be\/index.php?rest_route=\/wp\/v2\/posts\/5538\/revisions"}],"predecessor-version":[{"id":5541,"href":"https:\/\/bruxelles-pantheres.be\/index.php?rest_route=\/wp\/v2\/posts\/5538\/revisions\/5541"}],"wp:featuredmedia":[{"embeddable":true,"href":"https:\/\/bruxelles-pantheres.be\/index.php?rest_route=\/wp\/v2\/media\/5540"}],"wp:attachment":[{"href":"https:\/\/bruxelles-pantheres.be\/index.php?rest_route=%2Fwp%2Fv2%2Fmedia&parent=5538"}],"wp:term":[{"taxonomy":"category","embeddable":true,"href":"https:\/\/bruxelles-pantheres.be\/index.php?rest_route=%2Fwp%2Fv2%2Fcategories&post=5538"},{"taxonomy":"post_tag","embeddable":true,"href":"https:\/\/bruxelles-pantheres.be\/index.php?rest_route=%2Fwp%2Fv2%2Ftags&post=5538"}],"curies":[{"name":"wp","href":"https:\/\/api.w.org\/{rel}","templated":true}]}}