{"id":5544,"date":"2023-05-02T06:31:21","date_gmt":"2023-05-02T05:31:21","guid":{"rendered":"https:\/\/bruxelles-pantheres.be\/?p=5544"},"modified":"2023-04-23T19:41:41","modified_gmt":"2023-04-23T18:41:41","slug":"louisa-yousfi-aux-soulevements-de-la-terre-mon-mot-cest-islam","status":"publish","type":"post","link":"https:\/\/bruxelles-pantheres.be\/?p=5544","title":{"rendered":"Louisa Yousfi aux Soul\u00e8vements de la Terre : \u00ab mon mot c\u2019est \u2018Islam&rsquo; \u00bb"},"content":{"rendered":"<p>De notre point de vue, qui est celui de militants antiracistes et d\u00e9coloniaux, ce que nous inspire spontan\u00e9ment le mot dissolution c\u2019est celui d\u2019islam. Nous pensons, dans ce contexte de grande r\u00e9pression du mouvement social, qu\u2019islam c\u2019est le mot manquant, celui qui permettrait de reconstituer le puzzle que nous avons sous les yeux. Car c\u2019est sur l\u2019islam et plus exactement sur les musulmanes et les musulmans que l\u2019\u00c9tat r\u00e9pressif a fait ses dents.<!--more--><\/p>\n<p><img decoding=\"async\" class=\"aligncenter\" src=\"https:\/\/qgdecolonial.fr\/wp-content\/uploads\/2023\/04\/louisa-2-1000x482.png\" alt=\"Louisa Yousfi aux Soul\u00e8vements de la Terre : \u00ab\u00a0mon mot c\u2019est \u2018Islam'\u00a0\u00bb\" \/><\/p>\n<p class=\"selectionShareable\">Au nom de la lutte contre l\u2019islamisme et la radicalisation islamiste, au nom de la s\u00fbret\u00e9 de l\u2019\u00c9tat et de l\u2019int\u00e9r\u00eat sup\u00e9rieur de la Nation, l\u2019\u00c9tat fran\u00e7ais a construit pas \u00e0 pas tout un dispositif administratif, judiciaire, policier mais aussi id\u00e9ologique qui a install\u00e9 et l\u00e9gitim\u00e9 l\u2019autoritarisme de l\u2019\u00c9tat : nous disons que la loi contre le s\u00e9paratisme, promulgu\u00e9e le 24 ao\u00fbt 2021, a institutionnalis\u00e9 l\u2019islamophobie comme syst\u00e8me de gouvernance.<\/p>\n<p class=\"selectionShareable\">Depuis, il est d\u00e9sormais possible de dissoudre n\u2019importe quelle association musulmane jug\u00e9e suspecte, de fermer des mosqu\u00e9es sur la base de rien, d\u2019expulser des imams insoumis au minist\u00e8re de l\u2019int\u00e9rieur, de mener des perquisitions dans des milliers de foyers musulmans, de ficher S et d\u2019assigner \u00e0 r\u00e9sidence des musulmans pour des raisons purement id\u00e9ologiques et politiques.<\/p>\n<p class=\"selectionShareable\">Fin 2022, l\u2019\u00c9tat s\u2019est ainsi vant\u00e9 d\u2019avoir men\u00e9 depuis 2018 pas moins de 26 614 op\u00e9rations de contr\u00f4le, 836 fermetures d\u2019\u00e9tablissements, d\u2019avoir soutir\u00e9 55,9 millions d\u2019euros redress\u00e9s ou recouvr\u00e9s, et d\u2019avoir comptabilis\u00e9 plus de 551 signalements.<\/p>\n<p class=\"selectionShareable\">Nous avons \u00e9galement en m\u00e9moire la dissolution en 2021, injustifi\u00e9e et injustifiable du CCIF, le collectif contre l\u2019islamophobie en France qui constituait l\u2019une des plus importantes organisations autonomes de d\u00e9fense des droits fondamentaux musulmans dans un contexte d\u2019islamophobie g\u00e9n\u00e9ralis\u00e9e, de suspicions, de contr\u00f4le et d\u2019intimidation des musulmans.<\/p>\n<p class=\"selectionShareable\">Nous pourrions \u00e9galement parler de la dissolution de l\u2019association Baraka City, association humanitaire musulmane en 2020 et l\u2019association Nawa des \u00e9ditions Nawa dissoute la m\u00eame ann\u00e9e en Conseil des ministres.<\/p>\n<p class=\"selectionShareable\">C\u2019est cette institutionnalisation de l\u2019autoritarisme islamophobe, depuis l\u2019instauration de la loi 2004 sur les signes religieux \u00e0 l\u2019\u00e9cole jusqu\u2019\u00e0 nos jours, qui s\u2019est exerc\u00e9 avec la complicit\u00e9 active ou passive de la grande majorit\u00e9 de l\u2019\u00e9chiquier politique de ce pays, la gauche et l\u2019extr\u00eame-gauche comprise, dans l\u2019indiff\u00e9rence presque totale, et qui s\u2019abat d\u00e9sormais sur les mouvements de contestation sociale.<\/p>\n<p class=\"selectionShareable\">Le rappel de cette g\u00e9n\u00e9alogie de la violence d\u2019\u00c9tat n\u2019a pas pour objectif de jouer ici les redresseurs de torts. Il s\u2019agit plut\u00f4t d\u2019appeler \u00e0 un travail critique de fond vis-\u00e0-vis d\u2019un dispositif argumentatif progressiste, taill\u00e9 par et pour les int\u00e9r\u00eats de l\u2019\u00c9tat, dont l\u2019un des axes strat\u00e9giques est pr\u00e9cis\u00e9ment d\u2019organiser la division entre les luttes sociales et les luttes de l\u2019immigration et des quartiers.<\/p>\n<p class=\"selectionShareable\">Ce que cela signifie c\u2019est qu\u2019il faut donc en finir avec le pacte \u00e9tatique racial,<\/p>\n<p class=\"selectionShareable\">en finir avec cette arnaque de lutte contre la radicalisation,<\/p>\n<p class=\"selectionShareable\">c\u2019est-\u00e0-dire prendre le chemin inverse du Parti communiste qui vient \u00e0 son dernier congr\u00e8s de rejeter une fois encore le terme \u00ab\u00a0islamophobie\u00a0\u00bb sous pr\u00e9texte que ce dernier \u00ab\u00a0ouvrirait des probl\u00e8mes\u00a0\u00bb alors qu\u2019il est le mot choisi par les luttes antiracistes pour d\u00e9signer la mutation contemporaine du racisme anti-arabes.<\/p>\n<p class=\"selectionShareable\">Cad encore ne plus trembler devant l\u2019\u00e9pouvantail dit \u00ab\u00a0indig\u00e9niste\u00a0\u00bb agit\u00e9 par toutes les instances de l\u2019\u00c9tat, non pas pour divertir des v\u00e9ritables enjeux comme il est ainsi courant de relativiser la question raciale, mais pour combattre ce que l\u2019\u00c9tat a effectivement identifier comme une menace, non pas pour la soci\u00e9t\u00e9, mais pour l\u2019ordre r\u00e9pressif dont il est le garant. Je parle ici du mouvement d\u00e9colonial.<\/p>\n<p class=\"selectionShareable\">Il n\u2019est jamais trop tard. De nouvelles lois racistes sont d\u00e9j\u00e0 en pr\u00e9paration comme la loi sur l\u2019immigration \u00e0 laquelle il conviendra de s\u2019opposer en bloc, non par charit\u00e9 envers les musulmans mais par lucidit\u00e9 politique : aucune r\u00e9volution ne se fera sans le concours des musulmans et des habitants des quartiers qui forment, rappelons-le, pour la majeure partie le bas du panier du prol\u00e9tariat fran\u00e7ais.<\/p>\n<p class=\"selectionShareable\">\n<p class=\"selectionShareable\">Louisa Yousfi, membre du QG d\u00e9colonial<\/p>\n<p><img decoding=\"async\" src=\"http:\/\/qgdecolonial.fr\/wp-content\/uploads\/2021\/01\/LOGO-QG-300x60.jpg\" alt=\"QG Decolonial\" \/><\/p>\n","protected":false},"excerpt":{"rendered":"<p>De notre point de vue, qui est celui de militants antiracistes et d\u00e9coloniaux, ce que nous inspire spontan\u00e9ment le mot dissolution c\u2019est celui d\u2019islam. Nous pensons, dans ce contexte de grande r\u00e9pression du mouvement social, qu\u2019islam c\u2019est le mot manquant, celui qui permettrait de reconstituer le puzzle que nous avons sous les yeux. Car c\u2019est &#8230; <a title=\"Louisa Yousfi aux Soul\u00e8vements de la Terre : \u00ab mon mot c\u2019est \u2018Islam&rsquo; \u00bb\" class=\"read-more\" href=\"https:\/\/bruxelles-pantheres.be\/?p=5544\" aria-label=\"En savoir plus sur Louisa Yousfi aux Soul\u00e8vements de la Terre : \u00ab mon mot c\u2019est \u2018Islam&rsquo; \u00bb\">Lire la suite<\/a><\/p>\n","protected":false},"author":1,"featured_media":5135,"comment_status":"open","ping_status":"open","sticky":false,"template":"","format":"standard","meta":{"footnotes":""},"categories":[21,36,4,28],"tags":[340],"class_list":["post-5544","post","type-post","status-publish","format-standard","has-post-thumbnail","hentry","category-anti-imperialisme","category-europe","category-islamophobie","category-racismes","tag-louisa-yousfi"],"_links":{"self":[{"href":"https:\/\/bruxelles-pantheres.be\/index.php?rest_route=\/wp\/v2\/posts\/5544","targetHints":{"allow":["GET"]}}],"collection":[{"href":"https:\/\/bruxelles-pantheres.be\/index.php?rest_route=\/wp\/v2\/posts"}],"about":[{"href":"https:\/\/bruxelles-pantheres.be\/index.php?rest_route=\/wp\/v2\/types\/post"}],"author":[{"embeddable":true,"href":"https:\/\/bruxelles-pantheres.be\/index.php?rest_route=\/wp\/v2\/users\/1"}],"replies":[{"embeddable":true,"href":"https:\/\/bruxelles-pantheres.be\/index.php?rest_route=%2Fwp%2Fv2%2Fcomments&post=5544"}],"version-history":[{"count":1,"href":"https:\/\/bruxelles-pantheres.be\/index.php?rest_route=\/wp\/v2\/posts\/5544\/revisions"}],"predecessor-version":[{"id":5545,"href":"https:\/\/bruxelles-pantheres.be\/index.php?rest_route=\/wp\/v2\/posts\/5544\/revisions\/5545"}],"wp:featuredmedia":[{"embeddable":true,"href":"https:\/\/bruxelles-pantheres.be\/index.php?rest_route=\/wp\/v2\/media\/5135"}],"wp:attachment":[{"href":"https:\/\/bruxelles-pantheres.be\/index.php?rest_route=%2Fwp%2Fv2%2Fmedia&parent=5544"}],"wp:term":[{"taxonomy":"category","embeddable":true,"href":"https:\/\/bruxelles-pantheres.be\/index.php?rest_route=%2Fwp%2Fv2%2Fcategories&post=5544"},{"taxonomy":"post_tag","embeddable":true,"href":"https:\/\/bruxelles-pantheres.be\/index.php?rest_route=%2Fwp%2Fv2%2Ftags&post=5544"}],"curies":[{"name":"wp","href":"https:\/\/api.w.org\/{rel}","templated":true}]}}