{"id":5546,"date":"2023-05-01T01:34:40","date_gmt":"2023-05-01T00:34:40","guid":{"rendered":"https:\/\/bruxelles-pantheres.be\/?p=5546"},"modified":"2023-05-12T15:59:36","modified_gmt":"2023-05-12T14:59:36","slug":"appel-contre-lapartheid-lance-par-des-syndicats-palestiniens","status":"publish","type":"post","link":"https:\/\/bruxelles-pantheres.be\/?p=5546","title":{"rendered":"Appel contre l\u2019apartheid lanc\u00e9 par des syndicats\u00a0palestiniens"},"content":{"rendered":"<header class=\"entry-header\">\n<p align=\"JUSTIFY\">Palestine occup\u00e9e, 10 avril 2023\u00a0\u2013\u00a0Le mouvement syndical mondial, qui a jou\u00e9 un r\u00f4le cl\u00e9 et a \u00e9t\u00e9 une grande source d\u2019inspiration dans son engagement en faveur des droits des travailleurs et des droits de la personne en g\u00e9n\u00e9ral, a fait preuve d\u2019une solidarit\u00e9 de principe avec les opprim\u00e9s du monde entier, en adoptant des sanctions concr\u00e8tes et novatrices contre les r\u00e9gimes oppressifs, sous l\u2019\u00e9gide des travailleurs.<\/p>\n<p align=\"JUSTIFY\">La destruction syst\u00e9matique de l\u2019\u00e9conomie palestinienne par Isra\u00ebl, les lois discriminatoires et racistes et les restrictions \u00e0 la libert\u00e9 de circulation et d\u2019association ont un impact significatif sur les droits et les conditions de travail des travailleurs palestiniens.<\/p>\n<p align=\"JUSTIFY\">Inspir\u00e9e par la solidarit\u00e9 massive des travailleurs avec la lutte qui a mis fin \u00e0 l\u2019apartheid en Afrique du Sud et avec la lutte palestinienne en cours pour la libert\u00e9, la justice et l\u2019\u00e9galit\u00e9, et<\/p>\n<\/header>\n<p><!--more--><\/p>\n<div class=\"entry-content\">\n<p align=\"JUSTIFY\"><img decoding=\"async\" class=\" wp-image-70200 aligncenter\" src=\"https:\/\/entreleslignesentrelesmots.files.wordpress.com\/2023\/04\/be502eeac486d82f29b9_1170x530_0_0_1_1.png\" sizes=\"(max-width: 709px) 85vw, (max-width: 909px) 67vw, (max-width: 984px) 61vw, (max-width: 1362px) 45vw, 600px\" srcset=\"https:\/\/entreleslignesentrelesmots.files.wordpress.com\/2023\/04\/be502eeac486d82f29b9_1170x530_0_0_1_1.png?w=605&amp;h=340 605w, https:\/\/entreleslignesentrelesmots.files.wordpress.com\/2023\/04\/be502eeac486d82f29b9_1170x530_0_0_1_1.png?w=150&amp;h=84 150w, https:\/\/entreleslignesentrelesmots.files.wordpress.com\/2023\/04\/be502eeac486d82f29b9_1170x530_0_0_1_1.png?w=300&amp;h=169 300w, https:\/\/entreleslignesentrelesmots.files.wordpress.com\/2023\/04\/be502eeac486d82f29b9_1170x530_0_0_1_1.png?w=768&amp;h=432 768w, https:\/\/entreleslignesentrelesmots.files.wordpress.com\/2023\/04\/be502eeac486d82f29b9_1170x530_0_0_1_1.png 943w\" alt=\"be502eeac486d82f29b9_1170x530_0_0_1_1\" width=\"605\" height=\"340\" data-attachment-id=\"70200\" data-permalink=\"https:\/\/entreleslignesentrelesmots.wordpress.com\/2023\/04\/21\/appel-contre-lapartheid-lance-par-des-syndicats-palestiniens\/be502eeac486d82f29b9_1170x530_0_0_1_1\/\" data-orig-file=\"https:\/\/entreleslignesentrelesmots.files.wordpress.com\/2023\/04\/be502eeac486d82f29b9_1170x530_0_0_1_1.png\" data-orig-size=\"943,530\" data-comments-opened=\"1\" data-image-meta=\"{&quot;aperture&quot;:&quot;0&quot;,&quot;credit&quot;:&quot;&quot;,&quot;camera&quot;:&quot;&quot;,&quot;caption&quot;:&quot;&quot;,&quot;created_timestamp&quot;:&quot;0&quot;,&quot;copyright&quot;:&quot;&quot;,&quot;focal_length&quot;:&quot;0&quot;,&quot;iso&quot;:&quot;0&quot;,&quot;shutter_speed&quot;:&quot;0&quot;,&quot;title&quot;:&quot;&quot;,&quot;orientation&quot;:&quot;0&quot;}\" data-image-title=\"be502eeac486d82f29b9_1170x530_0_0_1_1\" data-image-description=\"\" data-image-caption=\"\" data-medium-file=\"https:\/\/entreleslignesentrelesmots.files.wordpress.com\/2023\/04\/be502eeac486d82f29b9_1170x530_0_0_1_1.png?w=300\" data-large-file=\"https:\/\/entreleslignesentrelesmots.files.wordpress.com\/2023\/04\/be502eeac486d82f29b9_1170x530_0_0_1_1.png?w=840\" \/><\/p>\n<p align=\"JUSTIFY\">Sur la base du consensus existant entre les principales organisations\u00a0palestiniennes,\u00a0isra\u00e9liennes\u00a0et\u00a0internationales\u00a0de d\u00e9fense des droits de la personne, ainsi que des experts des Nations Unies, qu\u2019Isra\u00ebl commet le crime contre l\u2019humanit\u00e9 qu\u2019est l\u2019apartheid,<\/p>\n<p align=\"JUSTIFY\">Nous, organisations syndicales et syndicats professionnels palestiniens soussign\u00e9s,\u00a0demandons instamment \u00e0 tous les syndicats, f\u00e9d\u00e9rations syndicales et syndicats professionnels du monde entier de contribuer au\u00a0mouvement anti-apartheid\u00a0initi\u00e9 par les Palestiniens en prenant des mesures significatives pour soutenir les droits des travailleurs palestiniens et du peuple palestinien dans son ensemble \u00e0 faire cesser le syst\u00e8me d\u2019occupation, de colonisation et d\u2019apartheid, y compris en\u00a0:<\/p>\n<ul>\n<li>\n<p align=\"JUSTIFY\">Excluant des march\u00e9s publics les entreprises et les banques isra\u00e9liennes et internationales qui sont complices de l\u2019apartheid et de l\u2019occupation militaire par Isra\u00ebl, y compris des colonies ill\u00e9gales\u00a0;<\/p>\n<\/li>\n<li>\n<p align=\"JUSTIFY\">D\u00e9sinvestissant des fonds de pension des obligations de l\u2019\u00c9tat d\u2019Isra\u00ebl (#BreakTheBonds) et de toutes les entreprises et banques isra\u00e9liennes et internationales qui sont complices de l\u2019occupation et de l\u2019apartheid isra\u00e9liens\u00a0;<\/p>\n<\/li>\n<li>\n<p align=\"JUSTIFY\">Mobilisant les travailleurs portuaires et leurs syndicats pour qu\u2019ils s\u2019abstiennent de charger\/d\u00e9charger les navires isra\u00e9liens, comme cela a \u00e9t\u00e9 fait \u00e0 Oakland, en Californie, et ailleurs, en s\u2019inspirant des mesures h\u00e9ro\u00efques prises par les travailleurs portuaires du monde entier pour suspendre le commerce maritime avec l\u2019Afrique du Sud sous le r\u00e9gime de l\u2019apartheid ;<\/p>\n<\/li>\n<li>\n<p align=\"JUSTIFY\">Faisant pression sur les conseils municipaux pour qu\u2019ils mettent fin \u00e0 toute relation de complicit\u00e9 avec l\u2019apartheid isra\u00e9lien, notamment en excluant de leurs march\u00e9s publics toutes les entreprises impliqu\u00e9es dans de graves violations des droits de l\u2019homme dans le monde, y compris les colonies ill\u00e9gales et le syst\u00e8me d\u2019apartheid d\u2019Isra\u00ebl \u00e0 l\u2019encontre des Palestiniens\u00a0;<\/p>\n<\/li>\n<\/ul>\n<p align=\"JUSTIFY\">Et en faisant pression sur votre gouvernement\/parlement pour qu\u2019ils\u00a0:<\/p>\n<ol>\n<li>\n<p align=\"JUSTIFY\">Soutiennent les efforts des Nations unies pour enqu\u00eater sur l\u2019apartheid isra\u00e9lien et\u00a0reconstituer le Comit\u00e9 sp\u00e9cial des Nations unies contre l\u2019apartheid\u00a0et le Centre des Nations unies contre l\u2019apartheid\u00a0;<\/p>\n<\/li>\n<li>\n<p align=\"JUSTIFY\">Enqu\u00eatent et poursuivent les personnes et les entreprises responsables de crimes de guerre et de crimes contre l\u2019humanit\u00e9 dans le cadre du r\u00e9gime isra\u00e9lien d\u2019occupation ill\u00e9gale et d\u2019apartheid\u00a0;<\/p>\n<\/li>\n<li>\n<p align=\"JUSTIFY\">Interdisent le commerce des armes et la coop\u00e9ration militaro-s\u00e9curitaire avec Isra\u00ebl\u00a0;<\/p>\n<\/li>\n<li>\n<p align=\"JUSTIFY\">Suspendent les accords de libre-\u00e9change avec Isra\u00ebl\u00a0;<\/p>\n<\/li>\n<li>\n<p align=\"JUSTIFY\">Interdisent le commerce avec les colonies isra\u00e9liennes ill\u00e9gales et mettent fin aux activit\u00e9s des entreprises avec les colonies isra\u00e9liennes ill\u00e9gales.<\/p>\n<\/li>\n<\/ol>\n<p align=\"JUSTIFY\">Syndicats signataires :<br \/>\nUnion g\u00e9n\u00e9rale des travailleurs palestiniens (GUPW)<br \/>\nSyndicat palestinien des travailleurs des postes, des technologies de l\u2019information et des t\u00e9l\u00e9communications<br \/>\nF\u00e9d\u00e9ration g\u00e9n\u00e9rale palestinienne des syndicats \u00ab\u00a0PGFTU Jericho\u00a0\u00bb<br \/>\nF\u00e9d\u00e9ration g\u00e9n\u00e9rale palestinienne des syndicats \u00ab\u00a0PGFTU Gaza\u00a0\u00bb<br \/>\nF\u00e9d\u00e9ration des syndicats ind\u00e9pendants<br \/>\nSyndicat g\u00e9n\u00e9ral des enseignants palestiniens (GUPT)<br \/>\nLa nouvelle f\u00e9d\u00e9ration syndicale palestinienne<br \/>\nUnion des agriculteurs palestiniens<br \/>\nUnion g\u00e9n\u00e9rale des paysans palestiniens<br \/>\nUnion des coop\u00e9ratives agricoles<br \/>\nAssociation des ing\u00e9nieurs palestiniens<br \/>\nAssociation du barreau palestinien<br \/>\nSyndicat des ing\u00e9nieurs agricoles palestiniens<br \/>\nSyndicat des v\u00e9t\u00e9rinaires palestiniens<br \/>\nAssociation dentaire palestinienne<br \/>\nAssociation m\u00e9dicale palestinienne<\/p>\n<p align=\"JUSTIFY\">Noms en anglais des syndicats signataires\u00a0:<br \/>\nGeneral Union of Palestinian Workers (GUPW)<br \/>\nPalestinian Union of Postal, IT &amp; Telecommunications Workers<br \/>\nPalestinian General Federation of Trade Unions \u201cPGFTU Jericho\u201d<br \/>\nPalestinian General Federation of Trade Unions \u201cPGFTU Gaza\u201d<br \/>\nFederation of Independent Trade Unions<br \/>\nGeneral Union of Palestinian Teachers (GUPT)<br \/>\nThe Palestinian New Federation of Trade Unions<br \/>\nUnion of Palestinian Farmers<br \/>\nGeneral Union of Palestinian Peasants<br \/>\nAgricultural Cooperatives Union<br \/>\nPalestinian Engineers Association<br \/>\nPalestinian Bar Association<br \/>\nPalestinian Agriculture Engineers Syndicate<br \/>\nPalestinian Veterinarians Syndicate<br \/>\nPalestinian Dental Association<br \/>\nPalestinian Medical Association<\/p>\n<p style=\"text-align: justify;\"><a href=\"https:\/\/laboursolidarity.org\/fr\/n\/2636\/appel-contre-l039apartheid-lance-par-des-syndicats-palestiniens\"><u>SOURCE<\/u><\/a><\/p>\n<\/div>\n<section class=\"elementor-section elementor-top-section elementor-element elementor-element-52689169 elementor-section-height-min-height elementor-section-boxed elementor-section-height-default elementor-section-items-middle\" data-id=\"52689169\" data-element_type=\"section\" data-settings=\"{&quot;background_background&quot;:&quot;classic&quot;}\">\n<div class=\"elementor-container elementor-column-gap-default\">\n<div class=\"elementor-column elementor-col-100 elementor-top-column elementor-element elementor-element-742b69d1\" data-id=\"742b69d1\" data-element_type=\"column\">\n<div class=\"elementor-widget-wrap elementor-element-populated\">\n<div class=\"elementor-element elementor-element-1c4e14a0 elementor-widget elementor-widget-theme-post-title elementor-page-title elementor-widget-heading\" data-id=\"1c4e14a0\" data-element_type=\"widget\" data-widget_type=\"theme-post-title.default\">\n<div class=\"elementor-widget-container\">\n<h1 class=\"elementor-heading-title elementor-size-default\" style=\"text-align: center;\">Photo-reportage : La violence coloniale pass\u00e9e sous silence en Palestine<\/h1>\n<\/div>\n<\/div>\n<\/div>\n<\/div>\n<\/div>\n<\/section>\n<section class=\"elementor-section elementor-top-section elementor-element elementor-element-561a7e47 elementor-section-boxed elementor-section-height-default elementor-section-height-default\" data-id=\"561a7e47\" data-element_type=\"section\">\n<div class=\"elementor-container elementor-column-gap-default\">\n<div class=\"elementor-column elementor-col-66 elementor-top-column elementor-element elementor-element-49c230e9\" data-id=\"49c230e9\" data-element_type=\"column\" data-settings=\"{&quot;background_background&quot;:&quot;classic&quot;}\">\n<div class=\"elementor-widget-wrap elementor-element-populated\">\n<div class=\"elementor-element elementor-element-109856e2 elementor-widget elementor-widget-theme-post-content\" data-id=\"109856e2\" data-element_type=\"widget\" data-widget_type=\"theme-post-content.default\">\n<div class=\"elementor-widget-container\">\n<p>Par Ahmad Al-Bazz, le 1<sup>er<\/sup>\u00a0mai 2023<\/p>\n<p><em>Les r\u00e9f\u00e9rences aux \u00ab\u00a0cycles de violence\u00a0\u00bb dominent le traitement m\u00e9diatique de la Palestine, mais cela ne tient pas compte de la violence de la r\u00e9alit\u00e9 quotidienne des Palestiniens vivant sous le colonialisme isra\u00e9lien.<\/em><\/p>\n<p>&nbsp;<\/p>\n<div class=\"wp-block-image\">\n<figure class=\"aligncenter size-large\"><img decoding=\"async\" class=\"wp-image-45462\" src=\"https:\/\/agencemediapalestine.fr\/wp-content\/uploads\/2023\/05\/n0-1024x683.jpg\" sizes=\"(max-width: 1024px) 100vw, 1024px\" srcset=\"https:\/\/agencemediapalestine.fr\/wp-content\/uploads\/2023\/05\/n0-1024x683.jpg 1024w, https:\/\/agencemediapalestine.fr\/wp-content\/uploads\/2023\/05\/n0-300x200.jpg 300w, https:\/\/agencemediapalestine.fr\/wp-content\/uploads\/2023\/05\/n0-768x512.jpg 768w, https:\/\/agencemediapalestine.fr\/wp-content\/uploads\/2023\/05\/n0.jpg 1536w\" alt=\"\" width=\"1024\" height=\"683\" \/><figcaption><sub>Des agriculteurs palestiniens font la queue devant une porte militaire isra\u00e9lienne dans le village de Hablah, en Cisjordanie, pour acc\u00e9der \u00e0 leurs terres agricoles situ\u00e9es derri\u00e8re le mur colonial isra\u00e9lien, en mars 2023. (Photo : Ahmad Al-Bazz, Activestills)<\/sub><\/figcaption><\/figure>\n<\/div>\n<p>Depuis au moins le d\u00e9but de l\u2019ann\u00e9e 2023, la couverture m\u00e9diatique de la Palestine-Isra\u00ebl est domin\u00e9e par des \u00ab\u00a0cycles de violence\u00a0\u00bb sanglants. Mais cette approche ne tient pas compte de la r\u00e9alit\u00e9 quotidienne de la population palestinienne vivant sous le joug du colonialisme isra\u00e9lien. Cette forme de violence, que les Palestiniens endurent quotidiennement, ne fait presque jamais la une des journaux internationaux.<\/p>\n<p>Par une rare matin\u00e9e calme du mois de mars, je me suis rendu dans la r\u00e9gion de Qalqilya, en Cisjordanie, pour documenter un petit aspect de cette violence. Je voulais montrer comment les Palestiniens commencent leur journ\u00e9e et se rendent \u00e0 leur ferme et \u00e0 leur lieu de travail en dehors du bantoustan de Qalqilya. Cela implique de passer par les points de contr\u00f4le isra\u00e9liens si l\u2019on a la chance d\u2019obtenir le permis de circulation militaire exig\u00e9 par les autorit\u00e9s d\u2019occupation.<\/p>\n<p>&nbsp;<\/p>\n<div class=\"wp-block-image\">\n<figure class=\"aligncenter size-large\"><img decoding=\"async\" class=\"wp-image-45463\" src=\"https:\/\/agencemediapalestine.fr\/wp-content\/uploads\/2023\/05\/n1-1024x683.jpg\" sizes=\"(max-width: 1024px) 100vw, 1024px\" srcset=\"https:\/\/agencemediapalestine.fr\/wp-content\/uploads\/2023\/05\/n1-1024x683.jpg 1024w, https:\/\/agencemediapalestine.fr\/wp-content\/uploads\/2023\/05\/n1-300x200.jpg 300w, https:\/\/agencemediapalestine.fr\/wp-content\/uploads\/2023\/05\/n1-768x512.jpg 768w, https:\/\/agencemediapalestine.fr\/wp-content\/uploads\/2023\/05\/n1.jpg 1536w\" alt=\"\" width=\"1024\" height=\"683\" \/><figcaption><sub>Des milliers de travailleurs palestiniens traversent le poste de contr\u00f4le isra\u00e9lien d\u2019Eyal \u00e0 Qalqilya, en Cisjordanie, pour se rendre quotidiennement sur leur lieu de travail dans les colonies isra\u00e9liennes et les villes palestiniennes situ\u00e9es derri\u00e8re le mur colonial isra\u00e9lien, en mars 2023. (Photo : Ahmad Al-Bazz, Activestills)<\/sub><\/figcaption><\/figure>\n<\/div>\n<p>&nbsp;<\/p>\n<div class=\"wp-block-image\">\n<figure class=\"aligncenter size-large\"><img decoding=\"async\" class=\"wp-image-45464\" src=\"https:\/\/agencemediapalestine.fr\/wp-content\/uploads\/2023\/05\/N2-1024x683.jpg\" sizes=\"(max-width: 1024px) 100vw, 1024px\" srcset=\"https:\/\/agencemediapalestine.fr\/wp-content\/uploads\/2023\/05\/N2-1024x683.jpg 1024w, https:\/\/agencemediapalestine.fr\/wp-content\/uploads\/2023\/05\/N2-300x200.jpg 300w, https:\/\/agencemediapalestine.fr\/wp-content\/uploads\/2023\/05\/N2-768x512.jpg 768w, https:\/\/agencemediapalestine.fr\/wp-content\/uploads\/2023\/05\/N2.jpg 1536w\" alt=\"\" width=\"1024\" height=\"683\" \/><figcaption><sub>Des milliers de travailleurs palestiniens traversent le poste de contr\u00f4le isra\u00e9lien d\u2019Eyal \u00e0 Qalqilya, en Cisjordanie, pour se rendre quotidiennement sur leur lieu de travail dans les colonies isra\u00e9liennes et les villes palestiniennes situ\u00e9es derri\u00e8re le mur colonial isra\u00e9lien, en mars 2023. (Photo : Ahmad Al-Bazz, Activestills)<\/sub><\/figcaption><\/figure>\n<\/div>\n<p>&nbsp;<\/p>\n<div class=\"wp-block-image\">\n<figure class=\"aligncenter size-large\"><img decoding=\"async\" class=\"wp-image-45465\" src=\"https:\/\/agencemediapalestine.fr\/wp-content\/uploads\/2023\/05\/N3-1024x683.jpg\" sizes=\"(max-width: 1024px) 100vw, 1024px\" srcset=\"https:\/\/agencemediapalestine.fr\/wp-content\/uploads\/2023\/05\/N3-1024x683.jpg 1024w, https:\/\/agencemediapalestine.fr\/wp-content\/uploads\/2023\/05\/N3-300x200.jpg 300w, https:\/\/agencemediapalestine.fr\/wp-content\/uploads\/2023\/05\/N3-768x512.jpg 768w, https:\/\/agencemediapalestine.fr\/wp-content\/uploads\/2023\/05\/N3.jpg 1536w\" alt=\"\" width=\"1024\" height=\"683\" \/><figcaption><sub>Des milliers de travailleurs palestiniens franchissent le poste de contr\u00f4le isra\u00e9lien d\u2019Eyal \u00e0 Qalqilya, en Cisjordanie, pour se rendre quotidiennement sur leur lieu de travail dans les colonies isra\u00e9liennes et les villes palestiniennes situ\u00e9es derri\u00e8re le mur colonial isra\u00e9lien, en mars 2023. (Photo : Ahmad Al-Bazz, Activestills)<\/sub><\/figcaption><\/figure>\n<\/div>\n<p>&nbsp;<\/p>\n<div class=\"wp-block-image\">\n<figure class=\"aligncenter size-large\"><img decoding=\"async\" class=\"wp-image-45466\" src=\"https:\/\/agencemediapalestine.fr\/wp-content\/uploads\/2023\/05\/N4-1024x683.jpg\" sizes=\"(max-width: 1024px) 100vw, 1024px\" srcset=\"https:\/\/agencemediapalestine.fr\/wp-content\/uploads\/2023\/05\/N4-1024x683.jpg 1024w, https:\/\/agencemediapalestine.fr\/wp-content\/uploads\/2023\/05\/N4-300x200.jpg 300w, https:\/\/agencemediapalestine.fr\/wp-content\/uploads\/2023\/05\/N4-768x512.jpg 768w, https:\/\/agencemediapalestine.fr\/wp-content\/uploads\/2023\/05\/N4.jpg 1536w\" alt=\"\" width=\"1024\" height=\"683\" \/><figcaption><sub>Des milliers de travailleurs palestiniens franchissent le poste de contr\u00f4le isra\u00e9lien d\u2019Eyal \u00e0 Qalqilya, en Cisjordanie, pour se rendre quotidiennement sur leur lieu de travail dans les colonies isra\u00e9liennes et les villes palestiniennes situ\u00e9es derri\u00e8re le mur colonial isra\u00e9lien, en mars 2023. (Photo : Ahmad Al-Bazz, Activestills)<\/sub><\/figcaption><\/figure>\n<\/div>\n<p>Ces 11 photographies prises \u00e0 la porte de Hablah, pr\u00e8s de Qalqilya, et au poste de contr\u00f4le d\u2019Eyal, \u00e0 Qalqilya, sont des endroits o\u00f9 les Palestiniens se rendent chaque matin dans leurs fermes et sur leurs lieux de travail, en d\u00e9pit de l\u2019instabilit\u00e9 de la situation.<\/p>\n<p>&nbsp;<\/p>\n<div class=\"wp-block-image\">\n<figure class=\"aligncenter size-large\"><img decoding=\"async\" class=\"wp-image-45467\" src=\"https:\/\/agencemediapalestine.fr\/wp-content\/uploads\/2023\/05\/N5-1024x683.jpg\" sizes=\"(max-width: 1024px) 100vw, 1024px\" srcset=\"https:\/\/agencemediapalestine.fr\/wp-content\/uploads\/2023\/05\/N5-1024x683.jpg 1024w, https:\/\/agencemediapalestine.fr\/wp-content\/uploads\/2023\/05\/N5-300x200.jpg 300w, https:\/\/agencemediapalestine.fr\/wp-content\/uploads\/2023\/05\/N5-768x512.jpg 768w, https:\/\/agencemediapalestine.fr\/wp-content\/uploads\/2023\/05\/N5.jpg 1536w\" alt=\"\" width=\"1024\" height=\"683\" \/><figcaption><sub>Des milliers de travailleurs palestiniens traversent le poste de contr\u00f4le isra\u00e9lien d\u2019Eyal \u00e0 Qalqilya, en Cisjordanie, pour se rendre quotidiennement sur leur lieu de travail dans les colonies isra\u00e9liennes et les villes palestiniennes situ\u00e9es derri\u00e8re le mur colonial isra\u00e9lien, en mars 2023. (Photo : Ahmad Al-Bazz, Activestills)<\/sub><\/figcaption><\/figure>\n<\/div>\n<p>&nbsp;<\/p>\n<div class=\"wp-block-image\">\n<figure class=\"aligncenter size-large\"><img decoding=\"async\" class=\"wp-image-45468\" src=\"https:\/\/agencemediapalestine.fr\/wp-content\/uploads\/2023\/05\/N6-1024x683.jpg\" sizes=\"(max-width: 1024px) 100vw, 1024px\" srcset=\"https:\/\/agencemediapalestine.fr\/wp-content\/uploads\/2023\/05\/N6-1024x683.jpg 1024w, https:\/\/agencemediapalestine.fr\/wp-content\/uploads\/2023\/05\/N6-300x200.jpg 300w, https:\/\/agencemediapalestine.fr\/wp-content\/uploads\/2023\/05\/N6-768x512.jpg 768w, https:\/\/agencemediapalestine.fr\/wp-content\/uploads\/2023\/05\/N6.jpg 1536w\" alt=\"\" width=\"1024\" height=\"683\" \/><figcaption><sub>Des milliers de travailleurs palestiniens franchissent le poste de contr\u00f4le isra\u00e9lien d\u2019Eyal \u00e0 Qalqilya, en Cisjordanie, pour se rendre quotidiennement sur leur lieu de travail dans les colonies isra\u00e9liennes et les villes palestiniennes situ\u00e9es derri\u00e8re le mur colonial isra\u00e9lien, en mars 2023. (Photo : Ahmad Al-Bazz, Activestills)<\/sub><\/figcaption><\/figure>\n<\/div>\n<p>&nbsp;<\/p>\n<p>Ces sc\u00e8nes refl\u00e8tent la politique coloniale isra\u00e9lienne de contr\u00f4le et d\u2019exclusion et se d\u00e9roulent en dehors de la \u00ab\u00a0violence\u00a0\u00bb rapport\u00e9e par les m\u00e9dias. La violence d\u00e9crite sur ces photos ne cesserait pas m\u00eame si l\u2019actuelle \u00ab\u00a0escalade\u00a0\u00bb isra\u00e9lienne en Cisjordanie devait s\u2019arr\u00eater.<\/p>\n<p>&nbsp;<\/p>\n<div class=\"wp-block-image\">\n<figure class=\"aligncenter size-large is-resized\"><img decoding=\"async\" class=\"wp-image-45469\" src=\"https:\/\/agencemediapalestine.fr\/wp-content\/uploads\/2023\/05\/N7-1024x683.jpg\" sizes=\"(max-width: 962px) 100vw, 962px\" srcset=\"https:\/\/agencemediapalestine.fr\/wp-content\/uploads\/2023\/05\/N7-1024x683.jpg 1024w, https:\/\/agencemediapalestine.fr\/wp-content\/uploads\/2023\/05\/N7-300x200.jpg 300w, https:\/\/agencemediapalestine.fr\/wp-content\/uploads\/2023\/05\/N7-768x512.jpg 768w, https:\/\/agencemediapalestine.fr\/wp-content\/uploads\/2023\/05\/N7.jpg 1536w\" alt=\"\" width=\"962\" height=\"641\" \/><figcaption><sub>Des agriculteurs palestiniens font la queue devant une barri\u00e8re militaire isra\u00e9lienne dans le village de Hablah, en Cisjordanie, pour acc\u00e9der \u00e0 leurs terres agricoles situ\u00e9es derri\u00e8re le mur colonial isra\u00e9lien, en mars 2023. (Photo : Ahmad Al-Bazz, Activestills)<\/sub><\/figcaption><\/figure>\n<\/div>\n<p>&nbsp;<\/p>\n<div class=\"wp-block-image\">\n<figure class=\"aligncenter size-large\"><img decoding=\"async\" class=\"wp-image-45470\" src=\"https:\/\/agencemediapalestine.fr\/wp-content\/uploads\/2023\/05\/N8-1024x683.jpg\" sizes=\"(max-width: 1024px) 100vw, 1024px\" srcset=\"https:\/\/agencemediapalestine.fr\/wp-content\/uploads\/2023\/05\/N8-1024x683.jpg 1024w, https:\/\/agencemediapalestine.fr\/wp-content\/uploads\/2023\/05\/N8-300x200.jpg 300w, https:\/\/agencemediapalestine.fr\/wp-content\/uploads\/2023\/05\/N8-768x512.jpg 768w, https:\/\/agencemediapalestine.fr\/wp-content\/uploads\/2023\/05\/N8.jpg 1536w\" alt=\"\" width=\"1024\" height=\"683\" \/><figcaption><sub>Des agriculteurs palestiniens font la queue devant une barri\u00e8re militaire isra\u00e9lienne dans le village de Hablah, en Cisjordanie, pour acc\u00e9der \u00e0 leurs terres agricoles situ\u00e9es derri\u00e8re le mur colonial isra\u00e9lien, en mars 2023. (Photo : Ahmad Al-Bazz, Activestills)<\/sub><\/figcaption><\/figure>\n<\/div>\n<p>&nbsp;<\/p>\n<div class=\"wp-block-image\">\n<figure class=\"aligncenter size-large\"><img decoding=\"async\" class=\"wp-image-45471\" src=\"https:\/\/agencemediapalestine.fr\/wp-content\/uploads\/2023\/05\/N9-1024x683.jpg\" sizes=\"(max-width: 1024px) 100vw, 1024px\" srcset=\"https:\/\/agencemediapalestine.fr\/wp-content\/uploads\/2023\/05\/N9-1024x683.jpg 1024w, https:\/\/agencemediapalestine.fr\/wp-content\/uploads\/2023\/05\/N9-300x200.jpg 300w, https:\/\/agencemediapalestine.fr\/wp-content\/uploads\/2023\/05\/N9-768x512.jpg 768w, https:\/\/agencemediapalestine.fr\/wp-content\/uploads\/2023\/05\/N9.jpg 1536w\" alt=\"\" width=\"1024\" height=\"683\" \/><figcaption><sub>Des agriculteurs palestiniens font la queue devant une barri\u00e8re militaire isra\u00e9lienne dans le village de Hablah, en Cisjordanie, pour acc\u00e9der \u00e0 leurs terres agricoles situ\u00e9es derri\u00e8re le mur colonial isra\u00e9lien, en mars 2023. (Photo : Ahmad Al-Bazz, Activestills)<\/sub><\/figcaption><\/figure>\n<\/div>\n<p>&nbsp;<\/p>\n<div class=\"wp-block-image\">\n<figure class=\"aligncenter size-large\"><img decoding=\"async\" class=\"wp-image-45472\" src=\"https:\/\/agencemediapalestine.fr\/wp-content\/uploads\/2023\/05\/N10-1024x683.jpg\" sizes=\"(max-width: 1024px) 100vw, 1024px\" srcset=\"https:\/\/agencemediapalestine.fr\/wp-content\/uploads\/2023\/05\/N10-1024x683.jpg 1024w, https:\/\/agencemediapalestine.fr\/wp-content\/uploads\/2023\/05\/N10-300x200.jpg 300w, https:\/\/agencemediapalestine.fr\/wp-content\/uploads\/2023\/05\/N10-768x512.jpg 768w, https:\/\/agencemediapalestine.fr\/wp-content\/uploads\/2023\/05\/N10.jpg 1536w\" alt=\"\" width=\"1024\" height=\"683\" \/><figcaption><sub>Des agriculteurs palestiniens font la queue devant une barri\u00e8re militaire isra\u00e9lienne dans le village de Hablah, en Cisjordanie, pour acc\u00e9der \u00e0 leurs terres agricoles situ\u00e9es derri\u00e8re le mur colonial isra\u00e9lien, en mars 2023. (Photo : Ahmad Al-Bazz, Activestills)<\/sub><\/figcaption><\/figure>\n<\/div>\n<p>&nbsp;<\/p>\n<p><strong>Ahmad Al-Bazz<\/strong>\u00a0est un journaliste ind\u00e9pendant bas\u00e9 en Palestine et un r\u00e9alisateur de documentaires qui se concentre sur les affaires isra\u00e9lo-palestiniennes.<\/p>\n<p><strong>Source\u00a0:\u00a0<\/strong><a href=\"https:\/\/mondoweiss.net\/2023\/05\/photo-essay-the-colonial-violence-goes-unreported-in-palestine\/\">Mondoweiss<\/a><\/p>\n<p><strong>Traduction\u00a0:<\/strong>\u00a0AGP pour l\u2019Agence M\u00e9dia Palestine<\/p>\n<\/div>\n<\/div>\n<\/div>\n<\/div>\n<\/div>\n<\/section>\n","protected":false},"excerpt":{"rendered":"<p>Palestine occup\u00e9e, 10 avril 2023\u00a0\u2013\u00a0Le mouvement syndical mondial, qui a jou\u00e9 un r\u00f4le cl\u00e9 et a \u00e9t\u00e9 une grande source d\u2019inspiration dans son engagement en faveur des droits des travailleurs et des droits de la personne en g\u00e9n\u00e9ral, a fait preuve d\u2019une solidarit\u00e9 de principe avec les opprim\u00e9s du monde entier, en adoptant des sanctions &#8230; <a title=\"Appel contre l\u2019apartheid lanc\u00e9 par des syndicats\u00a0palestiniens\" class=\"read-more\" href=\"https:\/\/bruxelles-pantheres.be\/?p=5546\" aria-label=\"En savoir plus sur Appel contre l\u2019apartheid lanc\u00e9 par des syndicats\u00a0palestiniens\">Lire la suite<\/a><\/p>\n","protected":false},"author":1,"featured_media":5549,"comment_status":"open","ping_status":"open","sticky":false,"template":"","format":"standard","meta":{"footnotes":""},"categories":[21,36,6,18],"tags":[186,172],"class_list":["post-5546","post","type-post","status-publish","format-standard","has-post-thumbnail","hentry","category-anti-imperialisme","category-europe","category-palestine-moyen-orient","category-resistance-bruxelles","tag-palestine","tag-syndicalisme"],"_links":{"self":[{"href":"https:\/\/bruxelles-pantheres.be\/index.php?rest_route=\/wp\/v2\/posts\/5546","targetHints":{"allow":["GET"]}}],"collection":[{"href":"https:\/\/bruxelles-pantheres.be\/index.php?rest_route=\/wp\/v2\/posts"}],"about":[{"href":"https:\/\/bruxelles-pantheres.be\/index.php?rest_route=\/wp\/v2\/types\/post"}],"author":[{"embeddable":true,"href":"https:\/\/bruxelles-pantheres.be\/index.php?rest_route=\/wp\/v2\/users\/1"}],"replies":[{"embeddable":true,"href":"https:\/\/bruxelles-pantheres.be\/index.php?rest_route=%2Fwp%2Fv2%2Fcomments&post=5546"}],"version-history":[{"count":4,"href":"https:\/\/bruxelles-pantheres.be\/index.php?rest_route=\/wp\/v2\/posts\/5546\/revisions"}],"predecessor-version":[{"id":5564,"href":"https:\/\/bruxelles-pantheres.be\/index.php?rest_route=\/wp\/v2\/posts\/5546\/revisions\/5564"}],"wp:featuredmedia":[{"embeddable":true,"href":"https:\/\/bruxelles-pantheres.be\/index.php?rest_route=\/wp\/v2\/media\/5549"}],"wp:attachment":[{"href":"https:\/\/bruxelles-pantheres.be\/index.php?rest_route=%2Fwp%2Fv2%2Fmedia&parent=5546"}],"wp:term":[{"taxonomy":"category","embeddable":true,"href":"https:\/\/bruxelles-pantheres.be\/index.php?rest_route=%2Fwp%2Fv2%2Fcategories&post=5546"},{"taxonomy":"post_tag","embeddable":true,"href":"https:\/\/bruxelles-pantheres.be\/index.php?rest_route=%2Fwp%2Fv2%2Ftags&post=5546"}],"curies":[{"name":"wp","href":"https:\/\/api.w.org\/{rel}","templated":true}]}}