{"id":5551,"date":"2023-04-18T19:44:34","date_gmt":"2023-04-18T18:44:34","guid":{"rendered":"https:\/\/bruxelles-pantheres.be\/?p=5551"},"modified":"2023-04-23T19:47:18","modified_gmt":"2023-04-23T18:47:18","slug":"bruxelles-un-rassemblement-combatif-pour-la-liberation-des-prisonniers-palestiniens","status":"publish","type":"post","link":"https:\/\/bruxelles-pantheres.be\/?p=5551","title":{"rendered":"Bruxelles\u00a0: Un rassemblement combatif pour la lib\u00e9ration des prisonniers palestiniens"},"content":{"rendered":"<div class=\"clear\">Plusieurs organisations avaient lanc\u00e9 un appel pour un rassemblement ce samedi \u00e0 Bruxelles, dans le cadre de la <strong>Journ\u00e9e internationale des Prisonniers palestiniens,<\/strong>\u00a0qui a lieu chaque ann\u00e9e le 17 avril.<\/div>\n<p><!--more--><\/p>\n<div class=\"entry themeform fittexted_for_entry\">\n<div class=\"entry-inner\">\n<div class=\"pf-content\">\n<div id=\"attachment_54687\" class=\"wp-caption alignnone\"><img decoding=\"async\" class=\"wp-image-54687 size-full\" src=\"https:\/\/charleroi-pourlapalestine.be\/wp-content\/uploads\/2023\/04\/15-avril-rass-prisonn-samidoun-avec-Marwan-B-e1681668025845.jpg\" sizes=\"(max-width: 849px) 100vw, 849px\" srcset=\"https:\/\/charleroi-pourlapalestine.be\/wp-content\/uploads\/2023\/04\/15-avril-rass-prisonn-samidoun-avec-Marwan-B-e1681668025845.jpg 849w, https:\/\/charleroi-pourlapalestine.be\/wp-content\/uploads\/2023\/04\/15-avril-rass-prisonn-samidoun-avec-Marwan-B-e1681668025845-300x200.jpg 300w, https:\/\/charleroi-pourlapalestine.be\/wp-content\/uploads\/2023\/04\/15-avril-rass-prisonn-samidoun-avec-Marwan-B-e1681668025845-768x512.jpg 768w\" alt=\"Rassemblement \u00e0 Bruxelles pour les prisonniers palestiniens\" width=\"849\" height=\"566\" aria-describedby=\"caption-attachment-54687\" \/><\/p>\n<p id=\"caption-attachment-54687\" class=\"wp-caption-text\">Photo : Samidoun Bruxelles<\/p>\n<\/div>\n<p><strong><br \/>\nSamidoun Bruxelles<\/strong>\u00a0<strong>avait mobilis\u00e9 pour l\u2019\u00e9v\u00e9nement et ceci a certainement tr\u00e8s largement contribu\u00e9 \u00e0 sa r\u00e9ussite : des centaines de personnes \u00e9taient pr\u00e9sentes, parmi lesquelles beaucoup de jeunes et beaucoup de femmes.<br \/>\n<\/strong><\/p>\n<p>Une nouvelle dynamique a \u00e9t\u00e9 cr\u00e9\u00e9e.\u00a0<strong><em>\u00ab\u00a0R\u00e9sistance, r\u00e9sistance\u00a0\u00bb<\/em>,<\/strong>\u00a0criaient de jeunes femmes.<strong>\u00a0<em>\u00ab\u00a0From the river to the sea, Palestine will be free\u00a0\u00bb<\/em>\u00a0<\/strong>scandaient les participants \u00e0 de nombreuses reprises. Ou encore\u00a0:\u00a0<em><strong>\u00ab\u00a0Palestine vaincra, lib\u00e9rez Georges Abdallah\u00a0<\/strong>\u00bb<\/em>. L\u2019appel \u00e0 la lib\u00e9ration de\u00a0<a href=\"https:\/\/charleroi-pourlapalestine.be\/index.php\/tag\/georges-abdallah\/\"><strong>Georges Abdallah<\/strong><\/a>\u00a0\u00e9tait d\u2019ailleurs largement repris sur les calicots et les fanions.<\/p>\n<p>Une douzaine de membres et sympathisants de notre Plate-forme s\u2019\u00e9taient rassembl\u00e9s autour de nos calicots, dont celui pour la lib\u00e9ration d\u2019<a href=\"https:\/\/charleroi-pourlapalestine.be\/index.php\/tag\/ahmad-saadat\/\"><strong>Ahmad Sa\u2019adat\u00a0<\/strong><\/a>\u00a0et pour la lib\u00e9ration de tous les prisonniers palestiniens. Plusieurs manifestants portaient les affiches pour la lib\u00e9ration de\u00a0<strong><a href=\"https:\/\/charleroi-pourlapalestine.be\/index.php\/tag\/walid-daqqa\/\">Walid Daqqah\u00a0<\/a><\/strong>et la lib\u00e9ration des femmes palestiniennes, que nous avions distribu\u00e9es.<\/p>\n<p><strong>Walid Daqqah<\/strong>\u00a0est l\u2019un des prisonniers palestiniens\u00a0<a href=\"https:\/\/charleroi-pourlapalestine.be\/index.php\/2023\/02\/13\/plus-de-30-ans-les-prisonniers-davant-oslo\/\">les plus anciens<\/a>, largement connu pour ses \u00e9crits et son travail culturel derri\u00e8re les barreaux. Il est actuellement d\u00e9tenu au centre m\u00e9dical de Barzilai, toujours en tant que prisonnier, apr\u00e8s des retards r\u00e9p\u00e9t\u00e9s dans le traitement de son cancer et d\u2019un accident vasculaire c\u00e9r\u00e9bral qui a entra\u00een\u00e9 une pneumonie.<\/p>\n<p>&nbsp;<\/p>\n<div id=\"attachment_54692\" class=\"wp-caption alignnone\"><img decoding=\"async\" class=\"wp-image-54692 size-full\" src=\"https:\/\/charleroi-pourlapalestine.be\/wp-content\/uploads\/2023\/04\/15-avril-Rass-pr-les-prisonn-Avec-Thomas-e1681669058266.jpg\" sizes=\"(max-width: 1225px) 100vw, 1225px\" srcset=\"https:\/\/charleroi-pourlapalestine.be\/wp-content\/uploads\/2023\/04\/15-avril-Rass-pr-les-prisonn-Avec-Thomas-e1681669058266.jpg 1225w, https:\/\/charleroi-pourlapalestine.be\/wp-content\/uploads\/2023\/04\/15-avril-Rass-pr-les-prisonn-Avec-Thomas-e1681669058266-300x146.jpg 300w, https:\/\/charleroi-pourlapalestine.be\/wp-content\/uploads\/2023\/04\/15-avril-Rass-pr-les-prisonn-Avec-Thomas-e1681669058266-1024x497.jpg 1024w, https:\/\/charleroi-pourlapalestine.be\/wp-content\/uploads\/2023\/04\/15-avril-Rass-pr-les-prisonn-Avec-Thomas-e1681669058266-768x373.jpg 768w\" alt=\"Rassemblement \u00e0 Bruxelles pour les prisonniers palestiniens. Photo : Nadine Rosa-Rosso\" width=\"1225\" height=\"595\" aria-describedby=\"caption-attachment-54692\" \/><\/p>\n<p id=\"caption-attachment-54692\" class=\"wp-caption-text\">Photo : Nadine Rosa-Rosso<\/p>\n<\/div>\n<p>&nbsp;<\/p>\n<div id=\"attachment_54684\" class=\"wp-caption alignnone\"><img decoding=\"async\" class=\"wp-image-54684 size-full\" src=\"https:\/\/charleroi-pourlapalestine.be\/wp-content\/uploads\/2023\/04\/15-avril-Rass-Samidoun-avec-M-Khatib-et-Nordine-S-e1681667600613.jpg\" sizes=\"(max-width: 849px) 100vw, 849px\" srcset=\"https:\/\/charleroi-pourlapalestine.be\/wp-content\/uploads\/2023\/04\/15-avril-Rass-Samidoun-avec-M-Khatib-et-Nordine-S-e1681667600613.jpg 849w, https:\/\/charleroi-pourlapalestine.be\/wp-content\/uploads\/2023\/04\/15-avril-Rass-Samidoun-avec-M-Khatib-et-Nordine-S-e1681667600613-300x200.jpg 300w, https:\/\/charleroi-pourlapalestine.be\/wp-content\/uploads\/2023\/04\/15-avril-Rass-Samidoun-avec-M-Khatib-et-Nordine-S-e1681667600613-768x512.jpg 768w\" alt=\"Rassemblement \u00e0 Bruxelles pour les prisonniers palestiniens. Photo : Samidoun Bruxelles\" width=\"849\" height=\"566\" aria-describedby=\"caption-attachment-54684\" \/><\/p>\n<p id=\"caption-attachment-54684\" class=\"wp-caption-text\">Photo : Samidoun Bruxelles<\/p>\n<\/div>\n<p>&nbsp;<\/p>\n<div id=\"attachment_54690\" class=\"wp-caption alignnone\"><img decoding=\"async\" class=\"wp-image-54690 size-full\" src=\"https:\/\/charleroi-pourlapalestine.be\/wp-content\/uploads\/2023\/04\/15-avril-Rass-pr-les-prisonn-Appel-belge-pour-GIA-e1681668674782.jpg\" sizes=\"(max-width: 848px) 100vw, 848px\" srcset=\"https:\/\/charleroi-pourlapalestine.be\/wp-content\/uploads\/2023\/04\/15-avril-Rass-pr-les-prisonn-Appel-belge-pour-GIA-e1681668674782.jpg 848w, https:\/\/charleroi-pourlapalestine.be\/wp-content\/uploads\/2023\/04\/15-avril-Rass-pr-les-prisonn-Appel-belge-pour-GIA-e1681668674782-300x300.jpg 300w, https:\/\/charleroi-pourlapalestine.be\/wp-content\/uploads\/2023\/04\/15-avril-Rass-pr-les-prisonn-Appel-belge-pour-GIA-e1681668674782-150x150.jpg 150w, https:\/\/charleroi-pourlapalestine.be\/wp-content\/uploads\/2023\/04\/15-avril-Rass-pr-les-prisonn-Appel-belge-pour-GIA-e1681668674782-768x768.jpg 768w, https:\/\/charleroi-pourlapalestine.be\/wp-content\/uploads\/2023\/04\/15-avril-Rass-pr-les-prisonn-Appel-belge-pour-GIA-e1681668674782-80x80.jpg 80w, https:\/\/charleroi-pourlapalestine.be\/wp-content\/uploads\/2023\/04\/15-avril-Rass-pr-les-prisonn-Appel-belge-pour-GIA-e1681668674782-320x320.jpg 320w\" alt=\"Rassemblement \u00e0 Bruxelles pour les prisonniers palestiniens. Photo : Charleroi pour la Palestinez\" width=\"848\" height=\"848\" aria-describedby=\"caption-attachment-54690\" \/><\/p>\n<p id=\"caption-attachment-54690\" class=\"wp-caption-text\">Photo : Charleroi pour la Palestine<\/p>\n<\/div>\n<p>&nbsp;<\/p>\n<div id=\"attachment_54673\" class=\"wp-caption aligncenter\"><img decoding=\"async\" class=\"wp-image-54673 size-full\" src=\"https:\/\/charleroi-pourlapalestine.be\/wp-content\/uploads\/2023\/04\/15-avril-Rass-pr-les-prisonn-Nos-drapeaux-GIA-BXL-Central-1-1-e1681665988950.jpg\" sizes=\"(max-width: 715px) 100vw, 715px\" srcset=\"https:\/\/charleroi-pourlapalestine.be\/wp-content\/uploads\/2023\/04\/15-avril-Rass-pr-les-prisonn-Nos-drapeaux-GIA-BXL-Central-1-1-e1681665988950.jpg 715w, https:\/\/charleroi-pourlapalestine.be\/wp-content\/uploads\/2023\/04\/15-avril-Rass-pr-les-prisonn-Nos-drapeaux-GIA-BXL-Central-1-1-e1681665988950-300x225.jpg 300w\" alt=\"Rassemblement \u00e0 Bruxelles pour les prisonniers palestiniens. Photo : Bruxelles Panth\u00e8res\" width=\"715\" height=\"536\" aria-describedby=\"caption-attachment-54673\" \/><\/p>\n<p id=\"caption-attachment-54673\" class=\"wp-caption-text\">Photo : Bruxelles Panth\u00e8res<\/p>\n<\/div>\n<p>&nbsp;<\/p>\n<div id=\"attachment_54702\" class=\"wp-caption aligncenter\"><img decoding=\"async\" class=\"wp-image-54702 size-full\" src=\"https:\/\/charleroi-pourlapalestine.be\/wp-content\/uploads\/2023\/04\/15-avril-Rassemblement-Walid-Daqqah-e1681716710274.jpg\" sizes=\"(max-width: 666px) 100vw, 666px\" srcset=\"https:\/\/charleroi-pourlapalestine.be\/wp-content\/uploads\/2023\/04\/15-avril-Rassemblement-Walid-Daqqah-e1681716710274.jpg 666w, https:\/\/charleroi-pourlapalestine.be\/wp-content\/uploads\/2023\/04\/15-avril-Rassemblement-Walid-Daqqah-e1681716710274-225x300.jpg 225w\" alt=\"\" width=\"666\" height=\"888\" aria-describedby=\"caption-attachment-54702\" \/><\/p>\n<p id=\"caption-attachment-54702\" class=\"wp-caption-text\"><strong>Cette photo a \u00e9t\u00e9 reprise sur la page FB, lanc\u00e9e par la famille de Walid Daqqah. Nos mobilisations sont un soutien imm\u00e9diat pour les familles des prisonniers.\u00a0<\/strong><\/p>\n<\/div>\n<p>Si vous avez un compte Instagram, visionnez ici des<strong>\u00a0reportages film\u00e9s<\/strong>\u00a0du rassemblement, qui t\u00e9moignent de la combattivit\u00e9 des pr\u00e9sents, en particulier des jeunes :<\/p>\n<p><a href=\"https:\/\/www.instagram.com\/p\/CrHLNONI1QF\/\" target=\"_blank\" rel=\"noopener\"><strong>https:\/\/www.instagram.com\/p\/CrHLNONI1QF\/<\/strong><\/a><\/p>\n<p><a href=\"https:\/\/www.instagram.com\/p\/CrEC7kLoTWV\/\" target=\"_blank\" rel=\"noopener\"><strong>https:\/\/www.instagram.com\/p\/CrEC7kLoTWV\/<\/strong><\/a><\/p>\n<p>*****<\/p>\n<p>Selon un article publi\u00e9 sur\u00a0<a href=\"https:\/\/english.almayadeen.net\/news\/politics\/about-5000-palestinian-prisoners-in-israeli-occupation-priso\" target=\"_blank\" rel=\"noopener\">Al-Mayadeen<\/a>\u00a0ce 17 avril :<\/p>\n<p>-Isra\u00ebl d\u00e9tient dans ses prisons pr\u00e8s de\u00a0<strong>4 900 Palestiniens<\/strong>, dont\u00a0<strong>31 femmes<\/strong>\u00a0ainsi que\u00a0<strong>160 enfants<\/strong>\u00a0palestiniens de moins de 18 ans.<br \/>\n\u2013<strong>Plus d\u2019un millier<\/strong>\u00a0de Palestiniens, dont deux femmes et six enfants, sont en d\u00e9tention administrative. (*)<\/p>\n<p><strong>\u2013<\/strong>Quelque\u00a0<strong>400 prisonniers<\/strong>\u00a0palestiniens ont pass\u00e9<strong>\u00a0plus de 20 ann\u00e9es cons\u00e9cutives<\/strong>\u00a0dans les ge\u00f4les de l\u2019occupation isra\u00e9lienne, alors que des douzaines d\u2019autres sont des prisonniers qui ont \u00e9t\u00e9 r\u00e9-arr\u00eat\u00e9s et dont les peines cumul\u00e9es d\u00e9passent 20 ans.<\/p>\n<p>\u2013<strong>554 prisonniers palestiniens<\/strong>\u00a0ont \u00e9t\u00e9 condamn\u00e9s \u00e0 la prison \u00e0 vie, et<strong>\u00a023 purgent des sentences \u00e0 long terme<\/strong>\u00a0et ont \u00e9t\u00e9 arr\u00eat\u00e9s par l\u2019occupation isra\u00e9lienne avant la signature des accords d\u2019Oslo, en 1993.<\/p>\n<p>-Depuis la Nakba (catastrophe), en 1948, on estime que l\u2019occupation isra\u00e9lienne a\u00a0<strong>arr\u00eat\u00e9 plus d\u2019un million de Palestiniens<\/strong>\u00a0et\u00a0<strong>des centaines de prisonniers palestiniens sont morts sous la torture et en raison de n\u00e9gligence m\u00e9dicale<\/strong>, dans les prisons de l\u2019occupation.<\/p>\n<p>-L\u2019administration carc\u00e9rale de l\u2019occupation isra\u00e9lienne soumet syst\u00e9matiquement les prisonniers palestiniens \u00e0 la\u00a0<strong>torture, au harc\u00e8lement et \u00e0 la r\u00e9pression<\/strong>. (**)<\/p>\n<p>*****<\/p>\n<p>(*) La d\u00e9tention administrative est une mesure arbitraire utilis\u00e9e par l\u2019occupation isra\u00e9lienne contre les Palestiniens et via laquelle les prisonniers sont d\u00e9tenus dans les prisons isra\u00e9liennes sans qu\u2019il y ait de charges contre eux. Leur d\u00e9tention peut \u00eatre renouvel\u00e9e ind\u00e9finiment par mesure de pr\u00e9caution.<br \/>\nG\u00e9n\u00e9ralement, dans la totalit\u00e9 des cas, il n\u2019y a pas de preuves permettant d\u2019incriminer les prisonniers, pas plus que leur cas n\u2019est soumis \u00e0 leurs avocats. Les arrestations sont approuv\u00e9es par des juges militaires qui re\u00e7oivent une ordonnance sign\u00e9e par un commandant de l\u2019occupation militaire en Cisjordanie occup\u00e9e et accompagn\u00e9e d\u2019\u00e9l\u00e9ments de renseignements secrets sur chaque prisonnier.<\/p>\n<p>(**) Dans une d\u00e9claration commune lors de la 52<sup>e<\/sup>\u00a0session du Conseil des droits de l\u2019homme des Nations unies, les organisations des droits humains Addameer et Al-Haq ont dit que la pratique de la torture et de traitements cruels par l\u2019occupation isra\u00e9lienne contre les prisonniers palestiniens faisait partie de son r\u00e9gime colonial de peuplement et d\u2019apartheid.<\/p>\n<p>*****<\/p>\n<p>Traduction des extraits de l\u2019article : Jean-Marie Fl\u00e9mal,<a href=\"https:\/\/charleroi-pourlapalestine.be\/\" target=\"_blank\" rel=\"noopener\">\u00a0Charleroi pour la Palestine<\/a><\/p>\n<\/div>\n<\/div>\n<\/div>\n","protected":false},"excerpt":{"rendered":"<p>Plusieurs organisations avaient lanc\u00e9 un appel pour un rassemblement ce samedi \u00e0 Bruxelles, dans le cadre de la Journ\u00e9e internationale des Prisonniers palestiniens,\u00a0qui a lieu chaque ann\u00e9e le 17 avril.<\/p>\n","protected":false},"author":1,"featured_media":5552,"comment_status":"open","ping_status":"open","sticky":false,"template":"","format":"standard","meta":{"footnotes":""},"categories":[6,18],"tags":[284,186],"class_list":["post-5551","post","type-post","status-publish","format-standard","has-post-thumbnail","hentry","category-palestine-moyen-orient","category-resistance-bruxelles","tag-bruxelles-pantheres","tag-palestine"],"_links":{"self":[{"href":"https:\/\/bruxelles-pantheres.be\/index.php?rest_route=\/wp\/v2\/posts\/5551","targetHints":{"allow":["GET"]}}],"collection":[{"href":"https:\/\/bruxelles-pantheres.be\/index.php?rest_route=\/wp\/v2\/posts"}],"about":[{"href":"https:\/\/bruxelles-pantheres.be\/index.php?rest_route=\/wp\/v2\/types\/post"}],"author":[{"embeddable":true,"href":"https:\/\/bruxelles-pantheres.be\/index.php?rest_route=\/wp\/v2\/users\/1"}],"replies":[{"embeddable":true,"href":"https:\/\/bruxelles-pantheres.be\/index.php?rest_route=%2Fwp%2Fv2%2Fcomments&post=5551"}],"version-history":[{"count":1,"href":"https:\/\/bruxelles-pantheres.be\/index.php?rest_route=\/wp\/v2\/posts\/5551\/revisions"}],"predecessor-version":[{"id":5553,"href":"https:\/\/bruxelles-pantheres.be\/index.php?rest_route=\/wp\/v2\/posts\/5551\/revisions\/5553"}],"wp:featuredmedia":[{"embeddable":true,"href":"https:\/\/bruxelles-pantheres.be\/index.php?rest_route=\/wp\/v2\/media\/5552"}],"wp:attachment":[{"href":"https:\/\/bruxelles-pantheres.be\/index.php?rest_route=%2Fwp%2Fv2%2Fmedia&parent=5551"}],"wp:term":[{"taxonomy":"category","embeddable":true,"href":"https:\/\/bruxelles-pantheres.be\/index.php?rest_route=%2Fwp%2Fv2%2Fcategories&post=5551"},{"taxonomy":"post_tag","embeddable":true,"href":"https:\/\/bruxelles-pantheres.be\/index.php?rest_route=%2Fwp%2Fv2%2Ftags&post=5551"}],"curies":[{"name":"wp","href":"https:\/\/api.w.org\/{rel}","templated":true}]}}