{"id":5561,"date":"2023-05-05T15:42:40","date_gmt":"2023-05-05T14:42:40","guid":{"rendered":"https:\/\/bruxelles-pantheres.be\/?p=5561"},"modified":"2023-05-12T16:26:16","modified_gmt":"2023-05-12T15:26:16","slug":"pourquoi-les-palestiniens-se-reconnaissent-ils-dans-khader-adnan","status":"publish","type":"post","link":"https:\/\/bruxelles-pantheres.be\/?p=5561","title":{"rendered":"Pourquoi les Palestiniens se reconnaissent-ils dans Khader Adnan ?"},"content":{"rendered":"<p><em>Ceux qui tentent de minimiser la col\u00e8re de l\u2019opinion publique \u00e0 la suite de la mort du gr\u00e9viste de la faim ne veulent pas parler du r\u00e9gime carc\u00e9ral violent contre lequel il luttait.<\/em><!--more--><\/p>\n<p>Par Amjad Iraqi, le 5 mai 2023<\/p>\n<div class=\"wp-block-image\">\n<figure class=\"aligncenter size-large\"><img decoding=\"async\" class=\"wp-image-45510 aligncenter\" src=\"https:\/\/agencemediapalestine.fr\/wp-content\/uploads\/2023\/05\/main_image41382_EK92ra7Xjl-1-1000x668-1.jpg\" sizes=\"(max-width: 1000px) 100vw, 1000px\" srcset=\"https:\/\/agencemediapalestine.fr\/wp-content\/uploads\/2023\/05\/main_image41382_EK92ra7Xjl-1-1000x668-1.jpg 1000w, https:\/\/agencemediapalestine.fr\/wp-content\/uploads\/2023\/05\/main_image41382_EK92ra7Xjl-1-1000x668-1-300x200.jpg 300w, https:\/\/agencemediapalestine.fr\/wp-content\/uploads\/2023\/05\/main_image41382_EK92ra7Xjl-1-1000x668-1-768x513.jpg 768w\" alt=\"\" width=\"1000\" height=\"668\" \/><figcaption><sub>Khader Adnan avec sa famille dans la ville d\u2019Arraba en Cisjordanie, le 12 ao\u00fbt 2015. (Oren Ziv\/Activestills.org)<\/sub><\/figcaption><\/figure>\n<\/div>\n<p>Dans une autre vie, Khader Adnan aurait pu \u00eatre un personnage discret. Musulman profond\u00e9ment religieux portant une longue barbe caract\u00e9ristique, Adnan tenait une boulangerie dans sa ville natale d\u2019Arraba, pr\u00e8s de J\u00e9nine, en Cisjordanie. Il \u00e9tait le p\u00e8re de neuf enfants qui l\u2019adoraient et le mari de Randa Adnan, qu\u2019il consid\u00e9rait comme le pilier de leur famille. Son affiliation au Jihad islamique, une faction ferme et militante, d\u00e9rangeait de nombreux Palestiniens, y compris d\u2019autres islamistes. Pourtant, m\u00eame ceux qui ne partageaient pas ses convictions savaient qu\u2019Adnan \u00e9tait un homme humble et attentif qui prenait soin de sa communaut\u00e9 et pratiquait sa politique par le biais de la solidarit\u00e9.<\/p>\n<p>Mais Adnan n\u2019aurait jamais pu vivre une vie ordinaire. Son \u00e9ducation dans le nord de la Cisjordanie a \u00e9t\u00e9 assombrie par un appareil militaire oppressif qui a \u00e9touff\u00e9 ses mouvements et op\u00e9r\u00e9 \u00e0 sa guise dans son pays d\u2019origine. En 1999, alors qu\u2019il \u00e9tait \u00e9tudiant militant \u00e0 l\u2019universit\u00e9 de Birzeit, il a \u00e9t\u00e9 incarc\u00e9r\u00e9 \u00e0 deux reprises par les deux autorit\u00e9s qui g\u00e9raient l\u2019occupation \u2013 d\u2019abord par l\u2019arm\u00e9e isra\u00e9lienne, puis par les forces de s\u00e9curit\u00e9 palestiniennes. Au cours des 24 ann\u00e9es qui ont suivi, Adnan a \u00e9t\u00e9 arr\u00eat\u00e9 \u00e0 de multiples reprises, g\u00e9n\u00e9ralement dans le cadre d\u2019une \u00ab\u00a0d\u00e9tention administrative\u00a0\u00bb isra\u00e9lienne, sans la moindre proc\u00e9dure r\u00e9guli\u00e8re. Il est devenu une ic\u00f4ne de la r\u00e9sistance tout en exasp\u00e9rant ses ge\u00f4liers isra\u00e9liens depuis ses cellules de prison et ses lits d\u2019h\u00f4pitaux.<\/p>\n<p>La mort d\u2019Adnan, survenue mardi \u00e0 l\u2019\u00e2ge de 45 ans, \u00e0 la suite d\u2019une gr\u00e8ve de la faim de 86 jours contre sa derni\u00e8re incarc\u00e9ration, a suscit\u00e9 des r\u00e9actions dans toute la soci\u00e9t\u00e9 palestinienne. Mais \u00e0 part les nombreux messages sur les r\u00e9seaux sociaux et plusieurs manifestations, il n\u2019y a eu jusqu\u2019\u00e0 pr\u00e9sent que peu d\u2019agitation dans les rues.<\/p>\n<p>Les raisons sont sombres et donnent \u00e0 r\u00e9fl\u00e9chir. La mort est devenue tellement omnipr\u00e9sente dans la r\u00e9alit\u00e9 palestinienne que beaucoup sont devenus insensibles \u00e0 la douleur collective constante. Le mouvement des prisonniers, bien que toujours important, a perdu beaucoup de son influence ces derni\u00e8res ann\u00e9es face \u00e0 un appareil s\u00e9curitaire de plus en plus intransigeant. Le corps politique palestinien est tellement fractur\u00e9 que peu de leaders ou d\u2019incidents sont actuellement capables de mobiliser les masses. Tout cela est le fruit d\u2019un r\u00e9gime isra\u00e9lien qui, par sa violence et son impunit\u00e9, a rendu les vies palestiniennes inutiles et a \u00e9cras\u00e9 toute vell\u00e9it\u00e9 de r\u00e9sistance palestinienne, m\u00eame celle d\u2019un boulanger affam\u00e9.<\/p>\n<p>Isra\u00ebl et ses partisans ont mis en avant l\u2019appartenance d\u2019Adnan au Djihad islamique et son soutien \u00e0 la lutte arm\u00e9e pour discr\u00e9diter la col\u00e8re de l\u2019opinion publique \u00e0 la suite de sa mort. Mais ils ne comprennent pas pourquoi tant de Palestiniens, m\u00eame ceux qui ne suivaient pas ses id\u00e9es, le r\u00e9v\u00e8rent comme un symbole national. Ils ne veulent pas parler de l\u2019\u00c9tat carc\u00e9ral qui peut enfermer n\u2019importe quel Palestinien sans proc\u00e8s, peu importe qui il est ou ce qu\u2019il a fait. Ils ne veulent pas parler des tribunaux militaires qui se targuent d\u2019un taux de condamnation de 99 % sur la base de \u00ab\u00a0preuves secr\u00e8tes\u00a0\u00bb et de motifs juridiques des plus m\u00e9diocres. Ils ne veulent pas parler des abus quotidiens des soldats et des colons isra\u00e9liens en Cisjordanie qui, apr\u00e8s cinq d\u00e9cennies, n\u2019ont aucune envie de partir.<\/p>\n<p>Chaque Palestinien ne conna\u00eet que trop bien ces exp\u00e9riences ; c\u2019est pourquoi, au-del\u00e0 des clivages sociaux, nous nous reconnaissons tous en Khader Adnan. Nous voyons la cruaut\u00e9 de nos oppresseurs, l\u2019indiff\u00e9rence de la communaut\u00e9 internationale et la fragilit\u00e9 de nos corps. Mais nous voyons aussi en lui notre pers\u00e9v\u00e9rance obstin\u00e9e, notre amour pour nos familles et notre aspiration \u00e0 la libert\u00e9.<\/p>\n<p>Adnan rejoint maintenant une longue lign\u00e9e de Palestiniens dont nous comm\u00e9morons la vie au mois de mai : de la journaliste Shireen Abu Akleh, abattue par des tireurs d\u2019\u00e9lite isra\u00e9liens l\u2019ann\u00e9e derni\u00e8re, aux centaines de milliers de personnes d\u00e9poss\u00e9d\u00e9es il y a 75 ans lors de la Nakba. Alors m\u00eame que nous nous rem\u00e9morons une nouvelle trag\u00e9die, les Palestiniens continuent de se battre pour cette autre vie \u2013 une vie lib\u00e9r\u00e9e du joug colonial, dans laquelle Shireen s\u2019exprimerait \u00e0 la t\u00e9l\u00e9vision et Khader fabriquerait notre pain quotidien, avec le sourire sur leurs visages.<\/p>\n<p>&nbsp;<\/p>\n<p><em><strong>Amjad Iraqi\u00a0<\/strong>est r\u00e9dacteur en chef du magazine +972. Il est \u00e9galement analyste politique au sein du groupe de r\u00e9flexion Al-Shabaka et \u00e9tait auparavant coordinateur des activit\u00e9s de plaidoyer au centre juridique Adalah. Outre le magazine +972, ses \u00e9crits ont \u00e9t\u00e9 publi\u00e9s dans la London Review of Books, The Nation, The Guardian et Le Monde Diplomatique, entre autres. Il est un citoyen palestinien d\u2019Isra\u00ebl, bas\u00e9 \u00e0 Ha\u00effa.<\/em><\/p>\n<p><strong>Source\u00a0:<\/strong>\u00a0<a href=\"https:\/\/www.972mag.com\/palestinians-khader-adnan\/\">972 Magazine<\/a><\/p>\n<p><strong>Traduction\u00a0:<\/strong>\u00a0AGP pour l\u2019Agence M\u00e9dia Palestine<\/p>\n<header class=\"entry-header clearfix\">\n<h4 class=\"entry-title\" style=\"text-align: center;\">Khader Adnan, un esprit et un corps en lutte assassin\u00e9 par le syst\u00e8me colonial<\/h4>\n<\/header>\n<div class=\"entry-content clearfix\">\n<figure class=\"entry-thumbnail\"><img decoding=\"async\" title=\"Photo : extraite de &quot;Derri\u00e8re les fronts&quot;\" src=\"https:\/\/www.chroniquepalestine.com\/wp-content\/uploads\/2023\/05\/00-4-678x455.jpg\" alt=\"\" \/><figcaption class=\"wp-caption-text\">Photo : extraite de \u00ab\u00a0Derri\u00e8re les fronts\u00a0\u00bb<\/figcaption><\/figure>\n<div class=\"mh-social-top\">\n<div class=\"mh-share-buttons clearfix\"><\/div>\n<\/div>\n<p><strong>Par\u00a0<a title=\"Afficher tous les articles pour Alexandra Dols\" href=\"https:\/\/www.chroniquepalestine.com\/writers\/alexandra-dols\">Alexandra Dols<\/a><\/strong><\/p>\n<p><em>Aujourd\u2019hui, la politique p\u00e9nitentiaire isra\u00e9lienne a conduit \u00e0 la mort Khader Adnan suite \u00e0 une gr\u00e8ve de plus de quatre-vingt jours.<\/em><\/p>\n<p>Rares sont les exemples de prisonniers politiques qui se sont battus avec autant de d\u00e9termination, d\u2019endurance, de foi, d\u2019amour h\u00e9ro\u00efque de la libert\u00e9 et de la dignit\u00e9.<\/p>\n<p>Initiant de nombreuses gr\u00e8ves de la faim parmi les Palestiniens d\u00e9tenus par Isra\u00ebl, il s\u2019opposait notamment aux mesures de \u00ab\u00a0d\u00e9tention administrative\u00a0\u00bb qui permettent \u00e0 l\u2019occupant de multiplier les arrestations arbitraires et de prolonger les p\u00e9riodes de d\u00e9tention, y compris en l\u2019absence de charges et de proc\u00e8s, de mani\u00e8re ind\u00e9finie.<\/p>\n<p>Comme souvent, la majorit\u00e9 des m\u00e9dias fran\u00e7ais s\u2019est content\u00e9e de relayer les mensonges isra\u00e9liens, affirmant que Khader Adnane aurait refus\u00e9 d\u2019\u00eatre soign\u00e9. Au contraire, peu avant son d\u00e9c\u00e8s, il avait lui-m\u00eame fait la demande d\u2019\u00eatre transf\u00e9r\u00e9 dans un h\u00f4pital civil. Celle-ci a \u00e9t\u00e9 rejet\u00e9e par l\u2019administration p\u00e9nitentiaire coloniale, qui l\u2019a \u00e9galement emp\u00each\u00e9 de revoir sa famille.<\/p>\n<p>A la douleur de la perte, s\u2019ajoute ainsi l\u2019outrage des mensonges diffus\u00e9s par l\u2019occupant et les m\u00e9dias complices.<\/p>\n<p>Khader Adnane \u00e9tait l\u2019une des personnes importantes qui interviennent dans le film documentaire \u00ab\u00a0<a href=\"http:\/\/derrierelesfrontslefilm.fr\/\">Derri\u00e8re les fronts\u00a0: r\u00e9sistance et r\u00e9silience en Palestine<\/a>\u00a0\u00bb. Nous l\u2019avons interview\u00e9 avec mon \u00e9quipe en Palestine en 2015 apr\u00e8s une autre longue gr\u00e8ve de la faim qui avait, cette fois-ci men\u00e9 \u00e0 sa lib\u00e9ration.<\/p>\n<p>Cet homme avait une vision.<\/p>\n<p>Un amour profond de la Palestine et de son peuple. Adoss\u00e9 \u00e0 une foi in\u00e9branlable pour la l\u00e9gitimit\u00e9 de leur combat.<\/p>\n<p>Une foi et une profonde spiritualit\u00e9 qui m\u2019ont beaucoup marqu\u00e9e malgr\u00e9 le temps relativement court que nous avons pass\u00e9 en sa compagnie.<\/p>\n<p>Malgr\u00e9 l\u2019isolement \u00e0 international qui frappe la r\u00e9sistance palestinienne, la lucidit\u00e9 et la r\u00e9flexivit\u00e9 de Khader Adnane quant \u00e0 la r\u00e9ception de son discours et de son image dans d\u2019autres pays \u00e9tait d\u2019une acuit\u00e9 per\u00e7ante.<\/p>\n<p>Extrait de l\u2019interview r\u00e9alis\u00e9e en 2015 \u00e0 Naplouse quelques jours apr\u00e8s sa lib\u00e9ration pour le documentaire Derri\u00e8re les fronts\u00a0:<\/p>\n<blockquote><p>\u00ab\u00a0Cet entretien se fait au d\u00e9triment de ma famille, de ma sant\u00e9, de mon temps. Mais cela fait partie de mon message.<br \/>\n(Regard cam\u00e9ra. Dans une adresse au public fran\u00e7ais)<br \/>\nN\u2019ayez pas peur de ma barbe. C\u2019est un exemple du Proph\u00e8te \u2015 que la paix soit sur lui. Ne faites aucun lien avec Daech ou autre, surtout en France.<br \/>\nMon peuple ne verra peut-\u00eatre pas ce film, moi non plus. Combien d\u2019Arabes et de musulmans le verront ? Mais je tente de faire sortir ma voix de Palestine, puisque je ne peux en sortir moi-m\u00eame.\u00a0\u00bb<\/p><\/blockquote>\n<p>Cette rencontre fait partie de celles qui m\u2019ont le plus marqu\u00e9e dans ma vie. Ce n\u2019est pas un hasard s\u2019il est devenu une figure aussi populaire. Il a transcend\u00e9 les appartenances aux diff\u00e9rents groupes et tendances politiques. Son combat \u00e9tait celui de la dignit\u00e9 d\u2019un peuple et de tous les prisonnier.es politiques.<\/p>\n<p><img decoding=\"async\" class=\"aligncenter size-full wp-image-31830\" src=\"https:\/\/www.chroniquepalestine.com\/wp-content\/uploads\/2023\/05\/00-3.jpg\" sizes=\"(max-width: 700px) 100vw, 700px\" srcset=\"https:\/\/www.chroniquepalestine.com\/wp-content\/uploads\/2023\/05\/00-3.jpg 700w, https:\/\/www.chroniquepalestine.com\/wp-content\/uploads\/2023\/05\/00-3-300x225.jpg 300w, https:\/\/www.chroniquepalestine.com\/wp-content\/uploads\/2023\/05\/00-3-678x509.jpg 678w, https:\/\/www.chroniquepalestine.com\/wp-content\/uploads\/2023\/05\/00-3-326x245.jpg 326w, https:\/\/www.chroniquepalestine.com\/wp-content\/uploads\/2023\/05\/00-3-80x60.jpg 80w\" alt=\"\" width=\"700\" height=\"524\" \/><\/p>\n<p>Il y a un aspect fort li\u00e9 \u00e0 la rencontre dans le processus de documentaire. J\u2019ai un lien particulier avec les personnes que je filme. Et ce n\u2019est pas que leur image m\u2019appartienne, mais dans un mouvement presque oppos\u00e9, ils font partie de moi, ils entrent en moi ; ce qu\u2019ils m\u2019ont confi\u00e9, leur parole devient une sorte de\u00a0<em>amana<\/em>\u00a0(un d\u00e9p\u00f4t, un legs en arabe) de quelque chose de pr\u00e9cieux dont je suis responsable.<\/p>\n<p>Il nous a accord\u00e9 des heures pr\u00e9cieuses de son temps parce qu\u2019il avait un message. \u00c0 nous de le faire r\u00e9sonner et d\u2019agir pour l\u2019incarner. Sinon son sacrifice aura \u00e9t\u00e9 vain.<\/p>\n<p><em>Allah y rahmou<\/em>, Paix \u00e0 son \u00e2me.<\/p>\n<p>Beaucoup d\u2019amour \u00e0 sa famille et au peuple palestinien en deuil et en lutte.<\/p>\n<p>Toute l\u2019\u00e9quipe du film Derri\u00e8re les fronts s\u2019associe \u00e0 la peine de la famille et \u00e0 la col\u00e8re du peuple palestinien. Entre autres\u00a0:\u00a0<a href=\"https:\/\/www.chroniquepalestine.com\/writers\/samah-jabr\">Samah Jabr<\/a>, Charlotte Floersheim, Ali, Delphine Piau, V\u00e9ronique Rosa, Mathias Comby, Sandrine Floch, Jean-Jacques Rue, Abderraouf Ouertani, Mariam Sallam, Skalpel, Karen Blum, Magali Marc.<\/p>\n<p>Les derniers mots, je les laisse \u00e0 sa femme Randa :<\/p>\n<blockquote><p>\u00ab\u00a0Ils ne briseront jamais notre r\u00e9solution et notre sumud, notre r\u00e9silience. Le Sheikh croit que l\u2019occupation peut \u00eatre vaincue et qu\u2019elle le sera effectivement, malgr\u00e9 le d\u00e9s\u00e9quilibre des forces. Ne permettez \u00e0 personne de vous dire autre chose ! \u00bb<\/p><\/blockquote>\n<p><em>Retrouvez ici l\u2019<a href=\"https:\/\/www.youtube.com\/watch?v=ELfujnzCjOs&amp;ab_channel=HybridPulse\">interview de Khader Adnane<\/a>\u00a0dans son int\u00e9gralit\u00e9.<\/em><\/p>\n<header class=\"page-header\">\n<h3>Auteur :\u00a0<a title=\"Afficher tous les articles pour Alexandra Dols\" href=\"https:\/\/www.chroniquepalestine.com\/writers\/alexandra-dols\">Alexandra Dols<\/a><\/h3>\n<div class=\"entry-content\">\n<p><img decoding=\"async\" class=\"alignleft size-full wp-image-31836\" src=\"https:\/\/www.chroniquepalestine.com\/wp-content\/uploads\/2023\/05\/00-5.jpg\" alt=\"\" width=\"140\" height=\"133\" \/>*\u00a0<strong>Alexandra Dols<\/strong>\u00a0est autrice, r\u00e9alisatrice et performeuse.<br \/>\nElle a r\u00e9alis\u00e9 des documentaires en France, en Alg\u00e9rie et en Palestine avec pour fil rouge la question de la lib\u00e9ration de soi et de la lib\u00e9ration collective.<br \/>\nSon\u00a0<a href=\"http:\/\/www.alexandradols.com\/\">site Web<\/a>.<\/p>\n<\/div>\n<\/header>\n<p><em>2 mai 2023 \u2013 Communiqu\u00e9 par l\u2019<a href=\"https:\/\/www.chroniquepalestine.com\/une-interview-alexandra-dols-realisatrice-du-film-derriere-les-fronts\/\">autrice<\/a><\/em><\/p>\n<p>&nbsp;<\/p>\n<\/div>\n<p><iframe title=\"YouTube video player\" src=\"https:\/\/www.youtube.com\/embed\/ELfujnzCjOs\" width=\"560\" height=\"315\" frameborder=\"0\" allowfullscreen=\"allowfullscreen\"><\/iframe><\/p>\n","protected":false},"excerpt":{"rendered":"<p>Ceux qui tentent de minimiser la col\u00e8re de l\u2019opinion publique \u00e0 la suite de la mort du gr\u00e9viste de la faim ne veulent pas parler du r\u00e9gime carc\u00e9ral violent contre lequel il luttait.<\/p>\n","protected":false},"author":1,"featured_media":5562,"comment_status":"open","ping_status":"open","sticky":false,"template":"","format":"standard","meta":{"footnotes":""},"categories":[6],"tags":[527],"class_list":["post-5561","post","type-post","status-publish","format-standard","has-post-thumbnail","hentry","category-palestine-moyen-orient","tag-khader-adnan"],"_links":{"self":[{"href":"https:\/\/bruxelles-pantheres.be\/index.php?rest_route=\/wp\/v2\/posts\/5561","targetHints":{"allow":["GET"]}}],"collection":[{"href":"https:\/\/bruxelles-pantheres.be\/index.php?rest_route=\/wp\/v2\/posts"}],"about":[{"href":"https:\/\/bruxelles-pantheres.be\/index.php?rest_route=\/wp\/v2\/types\/post"}],"author":[{"embeddable":true,"href":"https:\/\/bruxelles-pantheres.be\/index.php?rest_route=\/wp\/v2\/users\/1"}],"replies":[{"embeddable":true,"href":"https:\/\/bruxelles-pantheres.be\/index.php?rest_route=%2Fwp%2Fv2%2Fcomments&post=5561"}],"version-history":[{"count":3,"href":"https:\/\/bruxelles-pantheres.be\/index.php?rest_route=\/wp\/v2\/posts\/5561\/revisions"}],"predecessor-version":[{"id":5566,"href":"https:\/\/bruxelles-pantheres.be\/index.php?rest_route=\/wp\/v2\/posts\/5561\/revisions\/5566"}],"wp:featuredmedia":[{"embeddable":true,"href":"https:\/\/bruxelles-pantheres.be\/index.php?rest_route=\/wp\/v2\/media\/5562"}],"wp:attachment":[{"href":"https:\/\/bruxelles-pantheres.be\/index.php?rest_route=%2Fwp%2Fv2%2Fmedia&parent=5561"}],"wp:term":[{"taxonomy":"category","embeddable":true,"href":"https:\/\/bruxelles-pantheres.be\/index.php?rest_route=%2Fwp%2Fv2%2Fcategories&post=5561"},{"taxonomy":"post_tag","embeddable":true,"href":"https:\/\/bruxelles-pantheres.be\/index.php?rest_route=%2Fwp%2Fv2%2Ftags&post=5561"}],"curies":[{"name":"wp","href":"https:\/\/api.w.org\/{rel}","templated":true}]}}