{"id":557,"date":"2013-02-23T16:51:39","date_gmt":"2013-02-23T15:51:39","guid":{"rendered":"https:\/\/bruxelles-pantheres.be\/?p=557"},"modified":"2013-11-10T16:54:30","modified_gmt":"2013-11-10T15:54:30","slug":"onem-pas-lonem","status":"publish","type":"post","link":"https:\/\/bruxelles-pantheres.be\/?p=557","title":{"rendered":"Onem pas l\u2019Onem\u2026!"},"content":{"rendered":"<div>\n<header>\n<h1><img decoding=\"async\" alt=\"http:\/\/bxl.attac.be\/spip\/IMG\/jpg_dessin729_titom_ONEm_pas.jpg\" src=\"http:\/\/bxl.attac.be\/spip\/IMG\/jpg_dessin729_titom_ONEm_pas.jpg\" \/><\/h1>\n<\/header>\n<div id=\"globalContainer\">\n<div id=\"content\">\n<div>\n<div id=\"mainContainer\">\n<div id=\"contentCol\">\n<div id=\"contentArea\">\n<div>\n<div>\n<div>\n<div>\n<div>\n<div>\n<div>\n<div>\n<div>De Mathieu F.\u00a0\u00e0 Ministre\u00a0<a href=\"http:\/\/www.facebook.com\/pages\/Andr%C3%A9-Antoine\/16123379845?ref=stream\">Andr\u00e9 Antoine<\/a><\/div>\n<\/div>\n<p>Publi\u00e9 ce jeudi 14\/02\u00a0sur Facebook\u00b7<\/p>\n<\/div>\n<\/div>\n<\/div>\n<\/div>\n<\/div>\n<ul>\n<li id=\"stream_story_511fe616a27bd0f19741371\">\n<div>\n<div>\n<div>\n<h5>Monsieur le ministre,<\/h5>\n<p>J\u2019ai r\u00e9cemment perdu mon emploi.<\/p>\n<p>Oh! Rassurez-vous rien de dramatique en soi pour moi.<\/p>\n<p>J\u2019ai un bon dipl\u00f4me, un bon CV, je parle plusieurs langues et malgr\u00e9 un march\u00e9 de l\u2019emploi plut\u00f4t morose je suis encore approch\u00e9 par des recruteurs\u2026Je reste donc plut\u00f4t optimiste. C\u2019est juste une question de temps avant que je retrouve un bon travail.<!--more--><\/p>\n<p>Ca fait maintenant trois mois que je suis au ch\u00f4mage.<\/p>\n<p>Cette r\u00e9cente perte d\u2019emploi m\u2019a permis de vivre le fonctionnement de nos ch\u00e8res administrations qu\u2019elles soient r\u00e9gionales ou f\u00e9d\u00e9rales.<\/p>\n<p>L\u00e0-bas se situe peut \u00eatre le vrai drame. Je pense d\u2019ailleurs apr\u00e8s coup que le terme \u201cnon-fonctionnement\u201d serai nettement plus appropri\u00e9.<\/p>\n<p>Je vais donc vous raconter mes quelques mois en tant que chercheur d\u2019emploi et mes divers contacts avec l\u2019administration durant cette p\u00e9riode.<\/p>\n<p>Fraichement arriv\u00e9 sur le march\u00e9 du ch\u00f4mage, j\u2019ai tout d\u2019abord commenc\u00e9 par recevoir des courriers du FOREM. Rien d\u2019alarmant en soi:<\/p>\n<p>-Des offres de formation pour des comp\u00e9tences d\u00e9j\u00e0 acquises,<\/p>\n<p>-Des offres de formations en totale inad\u00e9quation avec mon profil professionnel<\/p>\n<p>-Des offres de formation \u00e0 des m\u00e9tiers aux d\u00e9bouch\u00e9s plus que incertains<\/p>\n<p>S\u00e9rieusement: Avez-vous d\u00e9j\u00e0 vu une offre d\u2019emploi telle que \u201cGrand groupe international cherche sculpteur sur pierre ASAP.Age et exp\u00e9rience sans importance. Nombreux avantages. Voiture, carte essence et burin de soci\u00e9t\u00e9\u201d<br \/>\n\u2026S\u00e9rieusement\u2026.<\/p>\n<p>Je m\u2019interroge toujours sur le bien fond\u00e9 de ces courriers.<\/p>\n<p>J\u2019ai ensuite commenc\u00e9 \u00e0 recevoir occasionnellement des annonces auxquelles il est obligatoire de r\u00e9pondre.<br \/>\nj\u2019ai du en recevoir 3.<br \/>\nL\u00e0 non plus, je n\u2019ai rien vu d\u2019alarmant si ce n\u2019est que le carton r\u00e9ponse mentionne que<br \/>\ndans le cas ou je ne postule pas dans les 20 jours le FOREM en informera l\u2019ONEM qui risquera de prendre des sanctions.<\/p>\n<p>A la lecture de ces annonces, je m\u2019interroge encore une fois:<\/p>\n<p>-Qui s\u00e9lectionne ces annonces?<\/p>\n<p>-Pourquoi me sont-elles envoy\u00e9es?<\/p>\n<p>-Pourquoi il y-a-t-il des annonces beaucoup plus en ad\u00e9quation avec mon profil,<br \/>\ndisponibles sur le site du FOREM qui ne me sont, elles, pas transmises\u2026?<\/p>\n<p>Ab\u00e9rration la plus totale, je suis oblig\u00e9 de poser ma candidature \u00e0 un poste pour lequel j\u2019ai d\u00e9j\u00e0 postul\u00e9 il y \u00e0 quelques ann\u00e9es et pour lequel mon dipl\u00f4me ne convient pas vraiment.<\/p>\n<p>J\u2019ai par apr\u00e8s \u00e9t\u00e9 convoqu\u00e9 au FOREM pour une s\u00e9ance d\u2019information.<\/p>\n<p>Il est vrai qu\u2019apr\u00e8s m\u2019avoir \u00e9crit pendant pr\u00e8s de trois mois le temps \u00e9tait enfin venu de m\u2019informer sur les missions et divers services du FOREM. J\u2019allais enfin savoir la v\u00e9rit\u00e9 pour laquelle j\u2019ai attendu toute ma vie!<\/p>\n<p>Nous devions \u00eatre une quarantaine de jeunes ch\u00f4meurs pr\u00e9sents dans la salle.<\/p>\n<p>Il nous a \u00e9t\u00e9 expliqu\u00e9 en d\u00e9tail les r\u00f4les du FOREM, l\u2019importance de donner suite aux convocations et annonces envoy\u00e9es par le FOREM, l\u2019importance de garder des traces de notre recherche d\u2019emploi au cas ou l\u2019ONEM demanderait un contr\u00f4le,\u2026Ce genre de choses.<\/p>\n<p>En substance je dirai qu\u2019on nous a plut\u00f4t donn\u00e9 les informations n\u00e9cessaires pour ne pas perdre notre droit aux allocations plut\u00f4t que des informations r\u00e9ellement exploitables dans le cadre d\u2019une recherche d\u2019emploi.<\/p>\n<p>Dans la foul\u00e9e un conseiller r\u00e9f\u00e9rent personnel m\u2019a \u00e9t\u00e9 attribu\u00e9.<\/p>\n<p>La toute grande classe quoi!<\/p>\n<p>Qui peut se targuer \u00e0 l\u2019heure actuelle d\u2019avoir un conseiller personnel? J\u2019\u00e9tais enfin devenu quelqu\u2019un.<\/p>\n<p>Pour ajouter une dose d\u2019impr\u00e9vu, les conseillers en question ne sont pas attribu\u00e9s en fonction de crit\u00e8res objectifs tels que le secteur d\u2019activit\u00e9, le dipl\u00f4me, la mobilit\u00e9\u2026Cette fa\u00e7on de proc\u00e9der serait beaucoup trop rationelle.<br \/>\nAu lieu de cela, le FOREM place les convocations du jour dans une sorte grand chapeau et effectue un tirage au sort.<\/p>\n<p>Une fois mon billet s\u00e9lectionn\u00e9 j\u2019ai enfin pu rencontrer le pr\u00e9cieux s\u00e9same en la personne de mon conseiller r\u00e9f\u00e9rent.<\/p>\n<p>Mon pr\u00e9cieux\u2026.Mon pr\u00e9\u00e9\u00e9\u00e9\u00e9cieux\u2026<\/p>\n<p>Nous avons pas mal discut\u00e9 et avons pass\u00e9 en revue un certain nombre de candidatures que j\u2019avais envoy\u00e9.<br \/>\nNous avons aussi pass\u00e9 en revue les fameuses annonces obligatoires du FOREM.<\/p>\n<p>D\u2019apr\u00e8s mon conseiller, il s\u2019av\u00e8re que je ne relance pas assez les candidatures pos\u00e9es, que je ne harc\u00e8le pas assez les agences d\u2019int\u00e9rim et que je base trop ma recherche sur les nouveaux m\u00e9dias (internet).<\/p>\n<p>-J\u2019ai eu beau lui expliquer que je travaillais dans les nouvelles technologies et qu\u2019il \u00e9tait normal d\u2019utiliser les nouvelles technologies pour y postuler,<\/p>\n<p>-J\u2019ai eu beau essayer de lui expliquer qu\u2019il ne servait \u00e0 rien d\u2019harceler quelqu\u2019un qui ne vous r\u00e9ponds pas. Ca me parait pourtant logique. J\u2019ai rarement entendu une directrice des ressources humaines demander si quelqu\u2019un avait \u00e9ventuellement pris par hasard \u00e0 la photocopieuse le CV du candidat id\u00e9al qu\u2019elle venait de recevoir par e-mail mais qu\u2019elle avait d\u00e9ja entre-temps effac\u00e9. \u00e7a c\u2019est le genre de choses qui arrive uniquement dans la s\u00e9rie le FOREM \u00e0 Miami.<\/p>\n<p>Par d\u00e9finition un employeur qui a un besoin pr\u00e9cis et recevant le CV ad\u00e9quat va y r\u00e9pondre.<\/p>\n<p>-J\u2019ai eu beau lui expliquer que je pourrai passer dire bonjour tous les matins aux agences d\u2019int\u00e9rim mais que si celles-ci n\u2019avaient pas de demande de leurs clients pour un profil dans ma branche, mes visites ne servaient \u00e0 rien d\u2019autre qu\u2019\u00e0 prendre des nouvelles des consultantes que je trouve au demeurant fort charmantes.<\/p>\n<p>J\u2019ai eu beau\u2026Mais malgr\u00e9 une carri\u00e8re de plus de dix ans, malgr\u00e9 de nombreux emplois d\u00e9croch\u00e9 de cette mani\u00e8re il semblerait que ma m\u00e9thode ne soit pas la bonne.<br \/>\nPeut-\u00eatre ne suis-je tout simplement plus dans le coup, peut-\u00eatre suis-je d\u00e9pass\u00e9\u2026.Peut \u00eatre ai-je simplement eu de la chance au cours de mes pr\u00e9c\u00e9dentes recherches\u2026Allez savoir\u2026<\/p>\n<p>Mon conseiller r\u00e9f\u00e9rent \u00e0 ensuite r\u00e9dig\u00e9 un contrat selon lequel je dois relancer certaines candidatures r\u00e9cemment envoy\u00e9es.<br \/>\nJe dois aussi faire les recherches n\u00e9cessaires \u00e0 la cr\u00e9ation d\u2019entreprise et prendre rendez-vous avec l\u2019ASBL job\u2019in susceptible de m\u2019aider dans mes d\u00e9marches.<br \/>\nSachant que je n\u2019ai toujours pas de business plan concret, je ne peux que sourire\u2026.Mais bon\u2026Je DOIS le faire, c\u2019est LA recette miracle. Il est vrai qu\u2019apr\u00e8s tout j\u2019ai \u00e9mis l\u2019id\u00e9e de me lancer comme ind\u00e9pendant.<\/p>\n<p>Au moment d\u2019imprimer le contrat mon conseiller a \u00e9t\u00e9 victime d\u2019un probl\u00e8me d\u2019imprimante. Oui c\u2019est le genre de choses qui arrive m\u00eame aux meilleurs agents du FOREM<br \/>\nNous avons d\u00e9cid\u00e9 que ce contrat serait envoy\u00e9 par la suite.<\/p>\n<p>Malgr\u00e9 divers \u00e9changes d\u2019e-mails et de courrier, malgr\u00e9 mes quelques rappels, je n\u2019ai \u00e0 ce jour toujours pas re\u00e7u ce fameux contrat qui va tant m\u2019aider \u00e0 retrouver un travail.<\/p>\n<p>Deux jours apr\u00e8s mon entretien du FOREM, j\u2019ai re\u00e7u une convocation de l\u2019ONEM.<br \/>\nJe n\u2019ai apparemment pas r\u00e9pondu \u00e0 l\u2019une des annonces que le FOREM m\u2019a envoy\u00e9.<br \/>\nL\u2019ONEM me convoque pour que je donne une explication \u00e0 ce sujet et pour contr\u00f4ller ma disponibilit\u00e9 sur le march\u00e9 de l\u2019emploi.<\/p>\n<p>A la lecture de cette lettre, je reste pantois:<\/p>\n<p>-Je ne sais pas d\u2019o\u00f9 sort cette annonce.<\/p>\n<p>-Pourquoi personne ne m\u2019a averti de cette situation lorsque j\u2019\u00e9tais dans les bureaux du FOREM deux jours plus t\u00f4t\u2026?<\/p>\n<p>-Pourquoi mon conseiller r\u00e9f\u00e9rent qui, passant les offres en revue, ne m\u2019en a-t-il pas touch\u00e9 un mot.<\/p>\n<p>Je suis inquiet, la lettre mentionne de possible sanctions. Renseignements pris, je risque une exclusion de 3 mois avec suspension de mes allocations. Pas mal pour quelqu\u2019un qui est actif depuis plus de dix ans.<\/p>\n<p>Je reprends donc contact avec mon conseiller r\u00e9f\u00e9rent. Enfin, j\u2019essaie car j\u2019ai beau l\u2019appeler sur sa ligne directe il ne r\u00e9ponds jamais. Je me procure donc son adresse e-mail via l\u2019ami du fr\u00eare d\u2019un copain.<\/p>\n<p>Malgr\u00e9 le fait que durant notre entretien il ait affirm\u00e9 le contraire, je peux le joindre par e-mail.<br \/>\nje suis assez \u00e9tonn\u00e9:<\/p>\n<p>Le FOREM n\u2019est pas sans savoir que j\u2019ai des revenus limit\u00e9s en ce moment. un e-mail est bien moins cher qu\u2019un coup de t\u00e9l\u00e9phone.<\/p>\n<p>Le FOREM qui me conseille de tenir \u00e0 jour un journal de bord, de conserver un maximum de traces pour les contr\u00f4les \u00e9ventuel pr\u00e9f\u00e8re utiliser un moyen de communication sans tracabilit\u00e9 aucune.<\/p>\n<p>Je formule donc un certain nombre de questions, lui demandant entre-autres:<\/p>\n<p>-De m\u2019envoyer l\u2019annonce en question.<\/p>\n<p>-S\u2019il y a d\u2019autres annonces qui auraient \u00e9t\u00e9 laiss\u00e9es sans r\u00e9ponse.<\/p>\n<p>-De plus amples informations concernant un possible plan d\u2019aide \u00e0 l\u2019emploi demand\u00e9 par un employeur potentiel avec qui je suis en contact.<\/p>\n<p>Pour seule r\u00e9ponse, j\u2019obtins une convocation pr\u00e8s de 3 semaines plus tard pour en discuter.<br \/>\nC\u2019est non seulement trop tard pour ma convocation \u00e0 l\u2019ONEM mais cela me laisse de plus dans l\u2019impossibilit\u00e9 de prendre des actions s\u2019il devait y avoir d\u2019autres offres rest\u00e9es sans r\u00e9ponse.<br \/>\nLe cas \u00e9ch\u00e9ant, je ne pourrai donc prendre aucune mesure dans le d\u00e9lai de 20 jours, imparti par le FOREM lui-m\u00eame. Logique quoi!<\/p>\n<p>Enfin concernant l\u2019employeur et son plan d\u2019aide, je ne vous laisse imaginer comment mes chances d\u2019obtenir le boulot viennent virtuellement, par ce simple d\u00e9lai, de passer \u00e0 0%.<br \/>\nVenant de quelqu\u2019un vous demandant d\u2019\u00eatre plus r\u00e9actif et de chasser la r\u00e9ponse c\u2019est assez loufoque mais comme dit l\u2019adage:\u201dFaites ce que je dis, pas ce que je fais\u2026\u201d<\/p>\n<p>Ce n\u2019est pas grave, je me pr\u00e9sente \u00e0 l\u2019entretien de l\u2019ONEM fort de mon dossier recherche emploi assez bien document\u00e9 car apr\u00e8s tout je n\u2019ai pas eu besoin du FOREM pour rechercher un travail.<\/p>\n<p>Je dois avouer que les nouvelles technologies pr\u00e9sentent tout de m\u00eame cet avantage: Il est facile de garder des traces de sa recherche d\u2019emploi. J\u2019aurai donc vite fait de leur prouver que je ne suis pas l\u2019horrible profiteur qu\u2019ils pensent que je suis\u2026<\/p>\n<p>L\u2019entretien commence. Je suis nerveux, mais j\u2019essaie d\u2019\u00eatre sympathique avec la fonctionnaire de l\u2019ONEM charg\u00e9e de prendre ma d\u00e9claration. Apr\u00e8s tout, ce n\u2019est pas de sa faute ce qui est en train de m\u2019arriver<\/p>\n<p>Elle me pose tout un tas de questions. Je r\u00e9ponds, je donne des explications. Je devine qu\u2019elle prends des notes sur une feuille de papier assise derri\u00e8re son \u00e9cran.<\/p>\n<p>Au bout de 20 minutes d\u2019entretien, elle commence \u00e0 me lire ce que je pense \u00eatre sa feuille de notes.<br \/>\nIl s\u2019agit en fait de ma d\u00e9claration sur l\u2019honneur \u00e9crite sur base des propos que j\u2019ai tenu.<br \/>\nLa fonctionnaire en a fait un r\u00e9sum\u00e9 en insistant plus sur certains points, en occultant d\u2019autres.<br \/>\nLes questions qu\u2019elles m\u2019a pos\u00e9 ne figurent pas sur le PV cr\u00e9ant de la sorte une version orient\u00e9e, voire m\u00eame tout \u00e0 fait subjective de ma d\u00e9claration.<\/p>\n<p>A titre d\u2019exemple, la conversation:<\/p>\n<p>&#8211; Avez vous quelque chose en vue pour le moment?<\/p>\n<p>&#8211; J\u2019ai eu un entretien hier, il s\u2019agit du premier entretien avec un recruteur que j\u2019ai contact\u00e9 pour 3 offres. Il a contact\u00e9 les employeurs et a par ailleurs adress\u00e9 mon CV en spontan\u00e9 \u00e0 certains clients cibl\u00e9s. L\u2019un d\u2019entre eux a manifest\u00e9 beaucoup d\u2019int\u00e9r\u00eat, nous avons d\u2019ores et d\u00e9j\u00e0 une entrevue fix\u00e9e la semaine prochaine.<\/p>\n<p>&#8211; Et vous \u00eates plut\u00f4t positif par rapport \u00e0 ca?<br \/>\n&#8211; Oui assez au vu de la r\u00e9activit\u00e9 de l\u2019employeur. Le recruteur est par ailleurs positif quand \u00e0 ma candidature.<\/p>\n<p>Devient:<\/p>\n<p>\u201cJe cherche du travail. J\u2019ai eu un entretien hier. Je dois avoir un 2e entretien prochainement, c\u2019est positif donc j\u2019esp\u00e8re avoir cet emploi.\u201d<\/p>\n<p>Mise hors contexte cette phrase laisse penser que je n\u2019ai eu qu\u2019un et un seul entretien juste avant ma convocation \u00e0 l\u2019ONEM.<\/p>\n<p>Je m\u2019oppose \u00e0 cette d\u00e9claration et demande \u00e0 ce qu\u2019elle soit compl\u00e8tement r\u00e9\u00e9crite.<br \/>\nLa fonctionnaire de l\u2019ONEM refuse, pr\u00e9textant qu\u2019il s\u2019agit de la proc\u00e9dure.<br \/>\nElle va jusqu\u2019\u00e0 me dire que si je ne suis pas content je n\u2019ai qu\u2019a partir sans la signer.<\/p>\n<p>Je parviens quand m\u00eame \u00e0 lui faire ajouter quelques points sur le PV car je r\u00e9alise l\u00e0 qu\u2019il s\u2019agit bien d\u2019un PV dont nous sommes en train de parler.<br \/>\nElle a entre-autres, apr\u00e8s de longues insistances, ajout\u00e9 un point dans lequel elle d\u00e9clare elle-m\u00eame qu\u2019il s\u2019agit d\u2019un r\u00e9sum\u00e9 et non de ma d\u00e9claration mot pour mot.<\/p>\n<p>Je lui signale ensuite que nous n\u2019avons pas pass\u00e9 en revue mon dossier recherche emploi.<\/p>\n<p>Je compte quand m\u00eame sur ce dernier pour prouver que, FOREM ou pas FOREM, mon but est de retrouver du travail.<br \/>\nElle me r\u00e9pond que ce n\u2019est pas n\u00e9cessaire, que l\u2019ONEM n\u2019en a pas besoin.<br \/>\nIl est \u00e9trange qu\u2019un organisme charg\u00e9 de contr\u00f4ler ma disponibilit\u00e9 sur le march\u00e9 de l\u2019emploi ne s\u2019int\u00e9resse pas \u00e0 ces pi\u00e8ces.<\/p>\n<p>Apr\u00e8s avoir insist\u00e9 \u00e0 plusieurs reprises, elle a finalement daign\u00e9 accepter mon dossier.<br \/>\nLes pi\u00e8ces n\u2019ont n\u00e9anmoins \u00e9t\u00e9 que partiellement inventori\u00e9es, le nombre de pages n\u2019a m\u00eame pas \u00e9t\u00e9 compt\u00e9,\u2026.C\u2019est vrai qu\u2019il y avait un gros paquet.<\/p>\n<p>Je me permets de vous rappeller, \u00e0 ce stade, que je suis l\u00e0 pour l\u2019unique raison de n\u2019avoir r\u00e9pondu \u00e0 un courrier dont personne ne peut ni ne veut m\u2019apporter la preuve qu\u2019il a \u00e9t\u00e9 r\u00e9ellement envoy\u00e9. Ce point n\u2019est d\u2019ailleurs pas repris dans ma d\u00e9claration malgr\u00e9 mon insistance.<\/p>\n<p>J\u2019apporte de plus la preuve (courriers de la poste \u00e0 l\u2019appui) que, \u00e0 la p\u00e9riode mentionn\u00e9e, j\u2019ai \u00e9t\u00e9 victime d\u2019un arrachage de boite aux lettres ce qui est probablement la cause au fait que je n\u2019aie donn\u00e9 suite \u00e0 ce courrier mais rien n\u2019y fait.<\/p>\n<p>Cette pi\u00e8ce n\u2019est m\u00eame pas inventori\u00e9e au PV.<\/p>\n<p>Je ne suis pas dupe. Je comprends fort bien que ma d\u00e9claration est compl\u00e8tement orient\u00e9e, que mon dossier recherche emploi ne sera pas analys\u00e9, que je vais plus que vraisemblablement \u00eatre suspendu sans raison. Je sens la col\u00e8re qui commence \u00e0 bouillonner en moi.<\/p>\n<p>L\u2019employ\u00e9e de l\u2019ONEM me remet ensuite le document pour signature.<\/p>\n<p>Je n\u2019ai pas le choix, c\u2019est elle qui a r\u00e9dig\u00e9 ma d\u00e9claration et elle ne m\u2019autorise pas \u00e0 y changer quoique ce soit.<\/p>\n<p>Et l\u00e0 surprise, je constate un en-t\u00eate reprennant le Code p\u00e9nal social Chapitre 1 Article 62 que je me permets de lister ci-dessous pour les n\u00e9ophytes comme moi.<\/p>\n<p>Lors de l\u2019audition de personnes, entendues en quelque qualit\u00e9 que ce soit, seront respect\u00e9es au moins les r\u00e8gles suivantes:<\/p>\n<p>1\u00ba au d\u00e9but de toute audition, il est communiqu\u00e9 \u00e0 la personne interrog\u00e9e:<br \/>\na) qu\u2019elle peut demander que toutes les questions qui lui sont pos\u00e9es et les r\u00e9ponses qu\u2019elle donne soient act\u00e9es dans les termes utilis\u00e9s;<br \/>\nb) qu\u2019elle peut demander qu\u2019il soit proc\u00e9d\u00e9 \u00e0 toute mesure relevant du pouvoir des inspecteurs sociaux en vertu du pr\u00e9sent Code;<br \/>\nc) que ses d\u00e9clarations peuvent \u00eatre utilis\u00e9es comme preuve en justice;<\/p>\n<p>2\u00ba toute personne interrog\u00e9e peut utiliser les documents en sa possession, sans que cela puisse entra\u00eener le report de l\u2019audition. Elle peut, lors de l\u2019interrogatoire ou ult\u00e9rieurement, exiger que ces documents soient joints au proc\u00e8s-verbal d\u2019audition;<\/p>\n<p>3\u00ba le proc\u00e8s-verbal mentionne avec pr\u00e9cision l\u2019heure \u00e0 laquelle l\u2019audition prend cours, est \u00e9ventuellement interrompue et reprise, et prend fin.<br \/>\nIl mentionne avec pr\u00e9cision l\u2019identit\u00e9 des personnes qui interviennent lors de l\u2019audition ou \u00e0 une partie de celle-ci ainsi que le moment de leur arriv\u00e9e et de leur d\u00e9part. Il mentionne \u00e9galement les circonstances particuli\u00e8res et tout ce qui peut \u00e9clairer d\u2019un jour particulier la d\u00e9claration ou les circonstances dans lesquelles elle a \u00e9t\u00e9 faite.<\/p>\n<p>\u00c0 la fin de l\u2019audition, le proc\u00e8s-verbal est donn\u00e9 en lecture \u00e0 la personne interrog\u00e9e, \u00e0 moins que celle-ci ne demande que lecture lui en soit faite.<br \/>\nIl lui est demand\u00e9 si ses d\u00e9clarations ne doivent pas \u00eatre corrig\u00e9es ou compl\u00e9t\u00e9es.<\/p>\n<p>Je constate au moins 4 infractions au code p\u00e9nal en question mais ce n\u2019est pour moi pas le plus grave.<\/p>\n<p>Admettons que l\u2019erreur soit humaine. Admettons m\u00eame qu\u2019un fonctionnaire puisse faire des erreurs. Je pense pourtant que mise face \u00e0 celles-ci, une personne de bonne foi corrige le tir.<\/p>\n<p>Dans le cas de l\u2019employ\u00e9e de l\u2019ONEM, je constate qu\u2019elle a persist\u00e9 allant m\u00eame jusqu\u2019\u00e0 invoquer des proc\u00e9dures farfelues. Nous sommes vraiment face \u00e0 un cas de mauvaise foi des plus flagrant.<\/p>\n<p>Je lui ai demand\u00e9 si elle se foutait vraiment de moi, je lui ai signal\u00e9 l\u2019article en question et je lui ai rappel\u00e9 qu\u2019elle ne m\u2019avait pas inform\u00e9 de mes droits en d\u00e9but d\u2019audition et pas plus qu\u2019elle ne les avait respect\u00e9s pendant l\u2019audition.<\/p>\n<p>J\u2019ai exig\u00e9 qu\u2019on me rende une nouvelle feuille vierge et ai exig\u00e9 de la remplir moi m\u00eame.<\/p>\n<p>Elle s\u2019est lev\u00e9e d\u2019un bond me disant que ca commencait \u00e0 bien faire et qu\u2019elle n\u2019avait pas que ca \u00e0 faire en reprenant le PV en main.<\/p>\n<p>Les bureaux \u00e9tant s\u00e9par\u00e9s les uns des autres par des cloisons \u00e0 mi-hauteur ceci a du \u00eatre per\u00e7u par le garde de s\u00e9curit\u00e9 pr\u00e9sent dans la pi\u00e8ce puisqu\u2019il s\u2019est empress\u00e9 de venir voir s\u2019il y avait un probl\u00e8me.<\/p>\n<p>je n\u2019ai pourtant pas \u00e9lev\u00e9 la voix pas plus que je ne me suis montr\u00e9 menacant.<\/p>\n<p>Je me demande donc quel est le but de la pr\u00e9sence de cet agent de gardiennage si ce n\u2019est une vague tentative de m\u2019impressionner afin de m\u2019emp\u00eacher de faire valoir mes droits.<\/p>\n<p>L\u2019employ\u00e9e est partie je ne sais trop ou, je pense qu\u2019elle allait voir son sup\u00e9rieur hi\u00e9rarchique.<\/p>\n<p>Elle n\u2019a pu emporter le PV de l\u2019audition avec elle car je l\u2019ai malencontreusement attrap\u00e9 lors de son passage lui mentionnant que ce document allait rester avec moi. Je veux bien \u00eatre gentil mais il y a des limites \u00e0 ne pas d\u00e9passer.<\/p>\n<p>Je me suis rassis, j\u2019ai inspir\u00e9 un grand coup et ferm\u00e9 les yeux.<\/p>\n<p>J\u2019ai vu un fort Chabrol\u2026J\u2019ai vu un forcen\u00e9 assis sur un cadavre d\u2019agent de s\u00e9curit\u00e9 retenant des employ\u00e9s de l\u2019ONEM en otage, balancant des rafales d\u2019AK47 sur les combis de la police en hurlant qu\u2019il voulait juste que l\u2019on respecte ses droits\u2026<\/p>\n<p>J\u2019ai rouvert les yeux, je me suis lev\u00e9 et je suis parti.<\/p>\n<p>Je n\u2019\u00e9tais pas d\u2019humeur pour un Fort Chabrol et de plus, je n\u2019ai m\u00eame pas d\u2019AK47.<\/p>\n<p>J\u2019enverrai mes dol\u00e9ances par courrier recommand\u00e9 et je suppose que le tribunal du travail finira par statuer sur mon sort.<\/p>\n<p>11 ans de carri\u00e8re, 6 postes diff\u00e9rents pour en arriver l\u00e0\u2026.<\/p>\n<p>Bref j\u2019ai \u00e9t\u00e9 confront\u00e9 \u00e0 l\u2019administration.<\/p>\n<\/div>\n<\/div>\n<\/div>\n<\/li>\n<\/ul>\n<\/div>\n<\/div>\n<\/div>\n<\/div>\n<\/div>\n<\/div>\n<\/div>\n<\/div>\n<\/div>\n","protected":false},"excerpt":{"rendered":"<p>De Mathieu F.\u00a0\u00e0 Ministre\u00a0Andr\u00e9 Antoine Publi\u00e9 ce jeudi 14\/02\u00a0sur Facebook\u00b7 Monsieur le ministre, J\u2019ai r\u00e9cemment perdu mon emploi. Oh! Rassurez-vous rien de dramatique en soi pour moi. J\u2019ai un bon dipl\u00f4me, un bon CV, je parle plusieurs langues et malgr\u00e9 un march\u00e9 de l\u2019emploi plut\u00f4t morose je suis encore approch\u00e9 par des recruteurs\u2026Je reste donc &#8230; <a title=\"Onem pas l\u2019Onem\u2026!\" class=\"read-more\" href=\"https:\/\/bruxelles-pantheres.be\/?p=557\" aria-label=\"En savoir plus sur Onem pas l\u2019Onem\u2026!\">Lire la suite<\/a><\/p>\n","protected":false},"author":1,"featured_media":558,"comment_status":"open","ping_status":"open","sticky":false,"template":"","format":"standard","meta":{"footnotes":""},"categories":[22,18],"tags":[],"class_list":["post-557","post","type-post","status-publish","format-standard","has-post-thumbnail","hentry","category-emploi","category-resistance-bruxelles"],"_links":{"self":[{"href":"https:\/\/bruxelles-pantheres.be\/index.php?rest_route=\/wp\/v2\/posts\/557","targetHints":{"allow":["GET"]}}],"collection":[{"href":"https:\/\/bruxelles-pantheres.be\/index.php?rest_route=\/wp\/v2\/posts"}],"about":[{"href":"https:\/\/bruxelles-pantheres.be\/index.php?rest_route=\/wp\/v2\/types\/post"}],"author":[{"embeddable":true,"href":"https:\/\/bruxelles-pantheres.be\/index.php?rest_route=\/wp\/v2\/users\/1"}],"replies":[{"embeddable":true,"href":"https:\/\/bruxelles-pantheres.be\/index.php?rest_route=%2Fwp%2Fv2%2Fcomments&post=557"}],"version-history":[{"count":1,"href":"https:\/\/bruxelles-pantheres.be\/index.php?rest_route=\/wp\/v2\/posts\/557\/revisions"}],"predecessor-version":[{"id":559,"href":"https:\/\/bruxelles-pantheres.be\/index.php?rest_route=\/wp\/v2\/posts\/557\/revisions\/559"}],"wp:featuredmedia":[{"embeddable":true,"href":"https:\/\/bruxelles-pantheres.be\/index.php?rest_route=\/wp\/v2\/media\/558"}],"wp:attachment":[{"href":"https:\/\/bruxelles-pantheres.be\/index.php?rest_route=%2Fwp%2Fv2%2Fmedia&parent=557"}],"wp:term":[{"taxonomy":"category","embeddable":true,"href":"https:\/\/bruxelles-pantheres.be\/index.php?rest_route=%2Fwp%2Fv2%2Fcategories&post=557"},{"taxonomy":"post_tag","embeddable":true,"href":"https:\/\/bruxelles-pantheres.be\/index.php?rest_route=%2Fwp%2Fv2%2Ftags&post=557"}],"curies":[{"name":"wp","href":"https:\/\/api.w.org\/{rel}","templated":true}]}}