{"id":5571,"date":"2023-05-21T16:45:41","date_gmt":"2023-05-21T15:45:41","guid":{"rendered":"https:\/\/bruxelles-pantheres.be\/?p=5571"},"modified":"2023-05-21T16:56:27","modified_gmt":"2023-05-21T15:56:27","slug":"5571","status":"publish","type":"post","link":"https:\/\/bruxelles-pantheres.be\/?p=5571","title":{"rendered":"Bruxelles, la police raciste tue"},"content":{"rendered":"<p>En avril dernier, la police a tamponn\u00e9 \u00e0 Paris trois gamins circulant en scooter sans casque. En Belgique, une affaire similaire avait provoqu\u00e9 en 2020 un tr\u00e8s vif \u00e9moi\u00a0: en plein confinement, au terme d\u2019une course-poursuite dans les rues de Bruxelles, un v\u00e9hicule de police avait percut\u00e9 Adil, 19 ans, mort sur le coup. Les nouveaux \u00e9l\u00e9ments r\u00e9v\u00e9l\u00e9s par Blast, Le Soir et la RTBF sonnent comme un coup de tonnerre. Avant-hier, mardi 12 mai, la chambre du conseil devait d\u00e9cider des suites \u00e0 donner \u00e0 l\u2019affaire, sur laquelle le parquet pr\u00e9f\u00e8re fermer les yeux. D\u00e9cision report\u00e9e. Il y a quelques jours, devant la juge d\u2019instruction, une coll\u00e8gue du policier au volant de la Corsa banalis\u00e9e qui a fait barrage au scooter s\u2019est \u00e9panch\u00e9e sur son racisme pathologique : \u00ab J\u2019en ai sorti un de la rue \u00bb, s\u2019est vant\u00e9 l\u2019inspecteur principal apr\u00e8s le choc fatal. Autre r\u00e9v\u00e9lation, un courrier dont la hi\u00e9rarchie a eu connaissance circulait en interne pour d\u00e9noncer les m\u00eames faits.<!--more--><\/p>\n<div class=\"flux mt-12\">\n<div>\n<p><img decoding=\"async\" class=\"aligncenter\" src=\"https:\/\/static.blast-info.fr\/stories\/2023\/story_hero_576w-info-blast-bruxelles-la-police-raciste-tue-0bttWEmQR4aLj6MzrdSl4Q.webp\" alt=\"INFO BLAST\u00a0: Bruxelles, la police raciste tue\" width=\"375\" height=\"210\" \/><\/p>\n<p>Anderlecht (Bruxelles), le vendredi 9 avril 2020. La Belgique se confine, la circulation des biens et des personnes est r\u00e9duite aux besoins essentiels. Le jeune Adil Charrot, 19 ans, se balade en scooter en compagnie d\u2019un ami. Toute sa famille habite pr\u00e8s du quai de l\u2019Industrie, au c\u0153ur d\u2019un quartier populaire d\u2019Anderlecht. Il y a un canal, et peu de passage vu le contexte. La Grand\u2019Place est \u00e0 deux kilom\u00e8tres et demi \u00e0 peine.<\/p>\n<\/div>\n<div>\n<p>L\u2019affaire Adil, c\u2019est un peu le George Floyd des Belges. \u00c0 l\u2019issue d\u2019une course-poursuite insens\u00e9e, le jeune Belge d\u2019origine marocaine se fracasse le cr\u00e2ne contre un v\u00e9hicule de police banalis\u00e9 dont les gyrophares sont \u00e9teints. Il est projet\u00e9 \u00e0 plusieurs m\u00e8tres.<\/p>\n<\/div>\n<figure class=\"py-4\">\n<div class=\"\">\n<figure style=\"width: 2516px\" class=\"wp-caption alignnone\"><img decoding=\"async\" src=\"https:\/\/static.blast-info.fr\/attachments\/stories\/2023\/0bttWEmQR4aLj6MzrdSl4Q\/attachment-AG1ojPj0SaCppac2TFRQQw.png\" alt=\"\" width=\"2526\" height=\"1406\" \/><figcaption class=\"wp-caption-text\">Le parcours emprunt\u00e9 le 9 avril 2020 par Adil et les policiers lanc\u00e9s \u00e0 ses trousses, sur plus de 2 kilom\u00e8tres dans les rues d\u2019Anderlecht, avant le choc mortel. Image Blast.<\/figcaption><\/figure>\n<\/div><figcaption class=\"text-center !text-sm\"><\/figcaption><\/figure>\n<div>\n<p>Les policiers ont pris les deux amis en chasse pour un simple \u00ab contr\u00f4le covid \u00bb. Adil a acc\u00e9l\u00e9r\u00e9. Par r\u00e9flexe ? Par peur ? Au moins trois \u00e9quipes de policiers sont directement impliqu\u00e9es dans la chasse au gamin. Elles aussi appuient sur le champignon. \u00c7a se resserre sur le quai de l\u2019Industrie, o\u00f9 Adil revient au bercail.<\/p>\n<p>Une voiture banalis\u00e9e de type Opel Corsa, pilot\u00e9e par l\u2019inspecteur de police principal T., dit avoir essay\u00e9 de faire un barrage. Adil Charrot ne peut \u00e9viter la collision. C\u2019est l\u2019embard\u00e9e fatale. Son ami, qui avait sem\u00e9 les policiers lanc\u00e9s \u00e0 leur poursuite, re\u00e7oit un message sur Snapchat : \u00ab Ils ont tu\u00e9 Adil. \u00bb Heure du d\u00e9c\u00e8s : 21h14, une dizaine de minutes apr\u00e8s le d\u00e9but de la course-poursuite. Une centaine de secondes apr\u00e8s l\u2019impact.<\/p>\n<\/div>\n<div>\n<h2>L\u2019omerta fracass\u00e9e<\/h2>\n<\/div>\n<div>\n<p>Les jours suivants, le c\u0153ur de Bruxelles bat la chamade. Il y a des \u00e9meutes, une arme \u00e0 feu est vol\u00e9e dans le fourgon d\u2019une \u00e9quipe d\u2019intervention. \u00c7a craint. Et comme souvent au royaume de Belgique, la justice se montre lente, tr\u00e8s lente. Pire : malgr\u00e9 les nombreuses zones d\u2019ombre du dossier \u2013 des changements de versions, des soup\u00e7ons de racisme, des images de vid\u00e9o-surveillance qui font d\u00e9faut dans les deux secondes pr\u00e9c\u00e9dant le choc \u2013, le parquet de Bruxelles demande un non-lieu pour les cow-boys de la zone de police Bruxelles-Midi. A ses yeux, il s\u2019agit d\u2019un simple accident de circulation. La faute \u00e0 pas de chance.<\/p>\n<\/div>\n<figure class=\"flux-editor-video-container\">\n<div class=\"aspect-video\"><iframe title=\"Peertube video player\" src=\"https:\/\/video.blast-info.fr\/videos\/embed\/wz8Vm7UjAK9gGBoQGXjxUo\" width=\"100%\" height=\"100%\" frameborder=\"0\" sandbox=\"allow-same-origin allow-scripts allow-popups\" allowfullscreen=\"allowfullscreen\" data-mce-fragment=\"1\"><\/iframe>Le 24 janvier 2021, environ 200 personnes manifestent dans le centre de Bruxelles contre \u00ab la justice de classe \u00bb. La manifestation se terminera par 150 arrestations et par de nombreuses violences polici\u00e8res au commissariat.<br \/>\nImages Blast \/ Thomas Haulotte.<\/div>\n<\/figure>\n<div>\n<p>Trois ans plus tard, l\u2019instruction est toujours en cours. En ce d\u00e9but du mois de mai 2023, les avocats de la famille d\u2019Adil &#8211; dont le vice-pr\u00e9sident de la F\u00e9d\u00e9ration internationale pour les droits humains, Alexis Deswaef &#8211; peaufinent leurs arguments, comme le t\u00e9nor du barreau Sven Mary, qui apr\u00e8s avoir assur\u00e9 un temps la d\u00e9fense de Salah Abdeslam dans le dossier des attentats de Bruxelles soigne d\u00e9sormais celle de l\u2019inspecteur T. et de ses coll\u00e8gues. Ce mardi 16 mai une \u00e9tape importante \u00e9tait programm\u00e9e. Les parties au dossier avaient rendez-vous avant-hier matin devant<b>\u00a0<\/b>la chambre du conseil. Dans la proc\u00e9dure judiciaire belge, c\u2019est elle qui d\u00e9cide si une affaire doit \u00eatre ou pas renvoy\u00e9e devant un tribunal.<\/p>\n<\/div>\n<div>\n<p>Au moment d\u2019arriver \u00e0 la r\u00e9union, chacun \u00e9tait bien d\u00e9cid\u00e9 \u00e0 camper sur ses positions. La surprise est d\u2019autant plus retentissante quand les avocats sont inform\u00e9s que de nouvelles pi\u00e8ces viennent d\u2019\u00eatre vers\u00e9es au dossier. Un coup de th\u00e9\u00e2tre comme il s\u2019en produit peu en mati\u00e8re de violences polici\u00e8res : le 5 mai, une polici\u00e8re de la zone Bruxelles-Midi, appelons-l\u00e0 Malika, balance l\u2019inspecteur T. sur proc\u00e8s-verbal.<\/p>\n<\/div>\n<div>\n<p>Dans son audition devant la juge d\u2019instruction en charge du dossier Adil, Malika t\u00e9moigne du racisme ambiant dans les commissariats du centre de Bruxelles, de la nonchalance de l\u2019\u00e9tat-major et de l\u2019attitude \u00ab particuli\u00e8re \u00bb de l\u2019inspecteur qui a stopp\u00e9 la route et la vie d\u2019Adil Charrot. La fonctionnaire n\u2019est pas venue les mains vides : dans son sac, elle a emmen\u00e9 un courrier explosif, qu\u2019elle remet \u00e0 la juge Aur\u00e9lie Dejaiffe. Il a \u00e9t\u00e9 r\u00e9dig\u00e9 par un groupe de policiers. Adress\u00e9e \u00e0 leur hi\u00e9rarchie, la lettre d\u00e9nonce l\u2019attitude et les propos inacceptables de l\u2019inspecteur T.. Elle pointe par ailleurs le fait que ses d\u00e9rives ont \u00e9t\u00e9 couvertes par un commissaire de la zone Midi. Accablant.<\/p>\n<\/div>\n<figure class=\"py-4\">\n<div class=\"\">\n<figure style=\"width: 2439px\" class=\"wp-caption alignnone\"><img decoding=\"async\" src=\"https:\/\/static.blast-info.fr\/attachments\/stories\/2023\/0bttWEmQR4aLj6MzrdSl4Q\/attachment-cdVgNUKuSNe81jOhkS4OMw.png\" alt=\"\" width=\"2449\" height=\"1403\" \/><figcaption class=\"wp-caption-text\">Interpellations \u00e0 Bruxelles, le 24 janvier 2021. Image Blast \/ Thomas Haulotte.<\/figcaption><\/figure>\n<\/div><figcaption class=\"text-center !text-sm\"><\/figcaption><\/figure>\n<div>\n<p>L\u2019omerta vient de se briser d\u2019un coup. Dans la foul\u00e9e, la juge Dejaiffe ajoute ces pi\u00e8ces br\u00fblantes au dossier. C\u2019est donc dans ces conditions, apr\u00e8s ce spectaculaire rebondissement, que la chambre du conseil du tribunal correctionnel de Bruxelles a d\u00e9cid\u00e9 hier de geler la proc\u00e9dure, pour un suppl\u00e9ment d\u2019information. Prochain rendez-vous, le 5 septembre. On vous le disait : en Belgique, tout est si lent quand la police d\u00e9voile sa face sombre\u2026<\/p>\n<\/div>\n<div>\n<h2>Racisme et sexisme<\/h2>\n<\/div>\n<div>\n<p>Que disent ces documents r\u00e9v\u00e9l\u00e9s en exclusivit\u00e9 par Blast, la t\u00e9l\u00e9vision publique RTBF et le quotidien belge Le Soir ? Que l\u2019inspecteur T., conducteur de la voiture qui a percut\u00e9 Adil, se serait vant\u00e9 devant ses coll\u00e8gues policiers \u00ab [d\u2019]en avoir sorti un de la rue \u00bb. La r\u00e9f\u00e9rence aux racines marocaines ou maghr\u00e9bines du jeune homme d\u00e9c\u00e9d\u00e9 est transparente.<\/p>\n<\/div>\n<figure class=\"py-4\">\n<div class=\"\"><img decoding=\"async\" class=\"\" src=\"https:\/\/static.blast-info.fr\/attachments\/stories\/2023\/0bttWEmQR4aLj6MzrdSl4Q\/attachment-5-H1dSApQgerKz2KIKD5pA.jpg\" \/><\/div><figcaption class=\"text-center !text-sm\">Extrait du proc\u00e8s-verbal d&rsquo;audition du 5 mai 2023 de la polici\u00e8re.<br \/>\nDocument Blast.<\/figcaption><\/figure>\n<div>\n<p>R\u00e9dig\u00e9e et envoy\u00e9e \u00e0 une date inconnue, la lettre du groupe d\u2019intervention de la zone Midi crie au racisme, au sexisme et pointe les mani\u00e8res autoritaires de leur coordinateur. Ce qu\u2019elle d\u00e9crit fait froid dans le dos : \u00ab L&rsquo;Inspecteur Principal de Police T. fait et a fait preuve \u00e0 plusieurs reprises de comportements x\u00e9nophobes, racistes et sexistes \u00e0 l&rsquo;encontre des membres du GIG 3. Plusieurs remarques ou insultes racistes ont \u00e9t\u00e9 prof\u00e9r\u00e9es \u00e0 l&rsquo;encontre d&rsquo;inspecteurs de police d&rsquo;origine \u00e9trang\u00e8re. Nous citons, et veuillez nous pardonner : \u00ab Bougnoule, Bouns, S5. Vous enculez des ch\u00e8vres dans vos pays d&rsquo;origine, je ne comprends pas que vous ne mangiez pas de porc \u00bb.<\/p>\n<\/div>\n<div>\n<h2><b>\u00ab Bougnoule, Bouns, S5. Vous enculez des ch\u00e8vres<\/b><\/h2>\n<\/div>\n<div>\n<p>\u00ab \u00c7a ne s\u2019arr\u00eate pas l\u00e0 \u00bb, pr\u00e9viennent les auteurs de l\u2019alerte. Et on reparle de l\u2019affaire Adil : \u00ab Plusieurs remarques d\u00e9plac\u00e9es et racistes, concernant l&rsquo;incident dans lequel l&rsquo;Inspecteur de Police Principal T. a \u00e9t\u00e9 impliqu\u00e9 (affaire du jeune Adil), ont \u00e9t\u00e9 faites sans aucune g\u00eane et de fa\u00e7on r\u00e9p\u00e9titive par l&rsquo;officier T. lui-m\u00eame. \u00bb\u00a0Pire, ces faits de racisme auraient \u00e9t\u00e9 couverts par le commissaire de police D : \u00ab Ce dernier \u00e9tait au courant de la situation et a cautionn\u00e9 le comportement de l&rsquo;inspecteur principal T. durant toute la dur\u00e9e de sa fonction au sein de notre GIG (pour Groupe d\u2019intervention\/Interventie Groep, ndlr) \u00bb.<\/p>\n<\/div>\n<figure class=\"py-4\">\n<div class=\"\"><img decoding=\"async\" class=\"\" src=\"https:\/\/static.blast-info.fr\/attachments\/stories\/2023\/0bttWEmQR4aLj6MzrdSl4Q\/attachment-SSRxfmBMSrinu07D7--ASg.jpg\" \/><\/div><figcaption class=\"text-center !text-sm\">Extraits de la lettre adress\u00e9e par les membres du GIG 3 au chef de corps de la zone de police Midi et au commissaire divisionnaire D.<br \/>\nDocument Blast.<\/figcaption><\/figure>\n<div>\n<p>Raciste, l&rsquo;inspecteur principal T. l\u2019est \u00e0 l\u2019\u00e9vidence en toute d\u00e9contraction, mais pas seulement. Il est \u00e9galement misogyne et sexiste. Il appr\u00e9cie peu de cohabiter avec des femmes et ne se g\u00eane pas pour l\u2019exprimer ouvertement \u00e0 celles de l\u2019unit\u00e9 : \u00ab Plusieurs coll\u00e8gues f\u00e9minines sont \u00e0 bout et ne supportent plus les remarques faites par l&rsquo;Inspecteur T. Ce dernier ne cesse de faire allusion \u00e0 leur physique et au fait que de par leur sexe, elles seraient plus faibles. \u00bb<\/p>\n<\/div>\n<div>\n<h2>La police belge, institution \u00e0 la d\u00e9rive<\/h2>\n<\/div>\n<div>\n<p>Cette lettre, qui sonne comme un appel \u00e0 l\u2019aide adress\u00e9 par une \u00e9quipe \u00ab \u00e0 bout de cette situation r\u00e9p\u00e9titive et infernale \u00bb, d\u00e9peint une institution et une hi\u00e9rarchie polici\u00e8res qui couvrent ses membres les plus racistes et les plus violents. Mardi midi \u00e0 Bruxelles, la famille et les proches d\u2019Adil ont tenu \u00e0 r\u00e9agir \u00e0 ce rebondissement survenu devant la chambre du conseil. Ils se disent \u00ab profond\u00e9ment choqu\u00e9s par ce qu\u2019ils ont lu. \u00bb<\/p>\n<p>Ses fr\u00e8res expliquent par ailleurs conna\u00eetre \u00ab plusieurs jeunes qui sont poursuivis suite aux \u00e9meutes \u00e0 Anderlecht, une semaine apr\u00e8s le d\u00e9c\u00e8s d\u2019Adil. Ces jeunes d\u00e9noncent le racisme de certains policiers, ce que cette nouvelle pi\u00e8ce vient confirmer \u00bb.<\/p>\n<\/div>\n<div>\n<h2><b>\u00ab D\u2019un commun accord<\/b><\/h2>\n<\/div>\n<div>\n<p>Interrog\u00e9 mardi soir par Blast sur ces \u00e9l\u00e9ments, le chef de corps de Bruxelles-Midi, Jurgen De Landsheer, assure n\u2019avoir jamais re\u00e7u directement la lettre d\u2019alerte de ses hommes, contrairement \u00e0 son directeur des op\u00e9rations comme l\u2019indique ce mercredi matin la RTBF. Jurgen De Landsheer affirme en revanche que l\u2019inspecteur de police principal T. a \u00e9t\u00e9 mut\u00e9 vers un autre service en f\u00e9vrier 2023, environ trois mois apr\u00e8s avoir fait l\u2019objet d\u2019un premier recadrage apr\u00e8s que des membres du GIG 3 lui aient confirm\u00e9 le caract\u00e8re probl\u00e9matique de son comportement. Une d\u00e9cision, Jurgen De Landsheer le pr\u00e9cise, qui ne rel\u00e8ve \u00ab pas d\u2019une sanction disciplinaire \u00bb mais \u00ab d\u2019un commun accord \u00bb.<\/p>\n<p>Le chef de corps, par ailleurs, refuse de qualifier de racistes les propos imput\u00e9s \u00e0 l\u2019INPP. \u00ab J\u2019ai demand\u00e9 \u00e0 son directeur qui est francophone. Pour lui ce sont des propos qui sont d\u00e9plac\u00e9s, beaufs, mais sans intention de racisme. \u00bb<\/p>\n<\/div>\n<figure class=\"py-4\">\n<div class=\"\">\n<figure style=\"width: 2425px\" class=\"wp-caption alignnone\"><img decoding=\"async\" src=\"https:\/\/static.blast-info.fr\/attachments\/stories\/2023\/0bttWEmQR4aLj6MzrdSl4Q\/attachment-e-f_1hLiS8qBvnFBwS7mcA.png\" alt=\"\" width=\"2435\" height=\"1387\" \/><figcaption class=\"wp-caption-text\">Dans les rues de Bruxelles, une course-poursuite. Image Blast \/ Thomas Haulotte.<\/figcaption><\/figure>\n<\/div><figcaption class=\"text-center !text-sm\"><\/figcaption><\/figure>\n<div>\n<p>Ces r\u00e9v\u00e9lations promettent de faire grand bruit. Elles constituent un \u00e9lectrochoc pour la Belgique. Alors que des policiers \u00e9puis\u00e9s demandent \u00e0 changer de service (pour fuir le harc\u00e8lement) et que d\u2019autres Adil meurent entre les mains de la police (<i>lire \u00e0 la suite, en encadr\u00e9<\/i>), l\u2019inspecteur T. semble donc libre d\u2019appliquer ailleurs ses m\u00e9thodes. La beaufitude et le racisme confondus ont de beaux jours en perspective dans les rangs de la police.<\/p>\n<p>En face, dans le m\u00eame temps, alors que trois ann\u00e9es se sont d\u00e9j\u00e0 \u00e9coul\u00e9es, toujours pas de proc\u00e8s public en vue pour le camp et la famille d\u2019Adil. Jusqu\u2019ici, le parquet de Bruxelles ne voulait pas m\u00eame en entendre parler.<\/p>\n<\/div>\n<figure class=\"py-4\">\n<div class=\"\">\n<figure style=\"width: 2354px\" class=\"wp-caption alignnone\"><img decoding=\"async\" src=\"https:\/\/static.blast-info.fr\/attachments\/stories\/2023\/0bttWEmQR4aLj6MzrdSl4Q\/attachment-e1uOOfv3SWKap0xAbtF2KA.png\" alt=\"\" width=\"2364\" height=\"1352\" \/><figcaption class=\"wp-caption-text\">Lors de la manifestation du 24 janvier 2021 \u00e0 Bruxelles. Image Blast \/ Thomas Haulotte.<\/figcaption><\/figure>\n<\/div><figcaption class=\"text-center !text-sm\"><\/figcaption><\/figure>\n<div>\n<p>&nbsp;<\/p>\n<p>Ces pi\u00e8ces explosives, dont nos trois m\u00e9dias r\u00e9v\u00e8lent conjointement l\u2019existence, peuvent-elles faire changer les choses ? R\u00e9ponse en septembre peut-\u00eatre \u2013 et probablement bien plus tard. Perdus dans les m\u00e9andres de la justice, les proches du jeune homme tentent tant bien que mal de faire face \u00e0 un deuil et une affaire douloureuses, tout en se battant pour faire jurisprudence.\u00ab C\u2019est notre devoir de ne pas rester silencieux \u00bb, disent-ils. Pour tous les jeunes des quartiers bruxellois, qui pensent \u00e0 raison \u00ab \u00e7a aurait pu \u00eatre moi \u00bb.<\/p>\n<\/div>\n<aside class=\"content-boxed\">\n<div class=\"content-boxed-body\">\n<div>\n<p><b>Refus d&rsquo;obtemp\u00e9rer<\/b><\/p>\n<\/div>\n<div>\n<p>Ces cinq derni\u00e8res ann\u00e9es, sur le territoire belge, au moins treize personnes (1) sont d\u00e9c\u00e9d\u00e9es alors qu\u2019elles se trouvaient entre les mains de la police ou \u00e0 la suite d\u2019une altercation avec ses services. Parmi celles-ci, Adil Charrot, Mehdi Bouda, Mawda Shamdin Ali, Ouassim Touni et Sabrina El Bakkali apr\u00e8s une course-poursuite.<\/p>\n<p>L\u2019histoire d&rsquo;Adil est embl\u00e9matique, jusqu\u2019\u00e0 la caricature : un jeune homme d\u2019origine maghr\u00e9bine en moto, c&rsquo;est forc\u00e9ment suspect aux yeux de la police. Il le sait, alors il acc\u00e9l\u00e8re. Et la police le prend en chasse, co\u00fbte que co\u00fbte. Mais pourquoi ? Ici, pour un banal contr\u00f4le Covid. Pour Sabrina et Ouassim, des chaussures non conformes. Ces jeunes avaient \u00e9t\u00e9 identifi\u00e9s, une simple convocation au commissariat aurait pu \u00eatre envoy\u00e9e \u00e0 leurs domiciles.<\/p>\n<\/div>\n<figure class=\"flux-editor-video-container\">\n<div class=\"aspect-video\"><iframe title=\"Peertube video player\" src=\"https:\/\/video.blast-info.fr\/videos\/embed\/5FCF92WJZ5H38gwQT9i32Y\" width=\"100%\" height=\"100%\" frameborder=\"0\" sandbox=\"allow-same-origin allow-scripts allow-popups\" allowfullscreen=\"allowfullscreen\" data-mce-fragment=\"1\"><\/iframe><\/div><figcaption class=\"text-center\">Une Bruxelloise t\u00e9moigne place de l\u2019Albertine le 24 janvier 2021, apr\u00e8s la mort dans un commissariat d\u2019Ibrahima Barrie et la demande de non-lieu pour les policiers qui ont percut\u00e9 Adil Charrot<br \/>\nImages Blast \/ Thomas Haulotte.<\/figcaption><\/figure>\n<div>\n<p>En r\u00e9alit\u00e9, dans ces affaires, c&rsquo;est le refus d&rsquo;obtemp\u00e9rer et de se soumettre \u00e0 l&rsquo;autorit\u00e9 du policier qui est en jeu. Un d\u00e9lit certainement mais qui reste l\u00e9ger et ne justifie pas l&rsquo;usage de la force. En France, pays d\u00e9sormais r\u00e9put\u00e9 \u00e0 l\u2019\u00e9tranger pour sa vision r\u00e9pressive du maintien de l&rsquo;ordre, la doctrine stipule que les conducteurs de motos ne peuvent \u00eatre pris en chasse pour un simple \u00ab refus d&rsquo;obtemp\u00e9rer \u00bb, mais seulement si des faits plus graves sont en cause, par exemple l&rsquo;\u00e9vasion d&rsquo;un individu arm\u00e9 voulant attenter \u00e0 la vie d&rsquo;un tiers.<\/p>\n<\/div>\n<figure class=\"flux-editor-video-container\">\n<div class=\"aspect-video\"><iframe title=\"Peertube video player\" src=\"https:\/\/video.blast-info.fr\/videos\/embed\/vsQaWqxUHtuKYMjT2qWMj3\" width=\"100%\" height=\"100%\" frameborder=\"0\" sandbox=\"allow-same-origin allow-scripts allow-popups\" allowfullscreen=\"allowfullscreen\" data-mce-fragment=\"1\"><\/iframe><\/div><figcaption class=\"text-center\">Sur la place de l\u2019Albertine, \u00e0 Bruxelles, une jeune femme prend la parole le 24 janvier 2021.<br \/>\nImages Blast \/ Thomas Haulotte.<\/figcaption><\/figure>\n<div>\n<p>La Cour europ\u00e9enne des droits de l&rsquo;homme consid\u00e8re de son c\u00f4t\u00e9 que le but l\u00e9gitime d&rsquo;une arrestation r\u00e9guli\u00e8re ne peut justifier la mise en danger d&rsquo;autrui qu&rsquo;en cas d&rsquo;absolue n\u00e9cessit\u00e9. Et en Belgique, le code de police restreint aussi l&rsquo;usage de la force. En th\u00e9orie, plusieurs conditions sont requises : l&rsquo;absolue n\u00e9cessit\u00e9, un objectif l\u00e9gitime et un usage proportionn\u00e9 et raisonnable. Sinon, la violence est ill\u00e9gale.<\/p>\n<p>Dans la pratique, c\u2019est une autre histoire (belge).<\/p>\n<\/div>\n<div>\n<p>(1) Ilyes Abbedou, Ibrahima Barrie, Mohamed Amine Berkane, Mounir, Adil Charrot, Abderrahman Kadri, Mehdi Bouda, Mo\u00efse Lamine Bangoura, Josef Chovanec, Mawda Shamdin Ali, Sabrina El Bakkali, Ouassim Toumi, Sourour Abouda.<\/p>\n<\/div>\n<\/div>\n<\/aside>\n<aside class=\"content-boxed\">\n<div class=\"content-boxed-body\">\n<div>\n<p><b>Dans le couloir \u00ab des punis \u00bb<\/b><\/p>\n<\/div>\n<div>\n<p>Un lanceur d\u2019alerte, au fait \u00e7a vit comment en Belgique ? Mal&#8230; surtout si on est policier ou polici\u00e8re. Exemple, avec le commissaire Stefaan Kissel, de la zone Nord de Bruxelles. Ces dix derni\u00e8res ann\u00e9es, ce fonctionnaire a v\u00e9cu la d\u00e9glingue de la police bruxelloise, mordu sur sa chique (comme on dit sur place) et a fini par expliquer \u00e0 ses sup\u00e9rieurs que \u00e7a n\u2019allait d\u00e9cid\u00e9ment pas &#8211; les gardes \u00e0 vue o\u00f9 on m\u00e9prise les d\u00e9tenus, les faits de racisme tol\u00e9r\u00e9s et cet harc\u00e8lement v\u00e9cu tristement par celles et ceux qui osent l\u2019ouvrir.<\/p>\n<p>\u00c0 Bruxelles-Nord, il y a un lieu pour cela, le couloir \u00ab des punis \u00bb ou des d\u00e9port\u00e9s. La r\u00e8gle est simple : tu d\u00e9ranges, on te range.<\/p>\n<\/div>\n<figure class=\"py-4\">\n<div class=\"\">\n<figure style=\"width: 1567px\" class=\"wp-caption alignnone\"><img decoding=\"async\" src=\"https:\/\/static.blast-info.fr\/attachments\/stories\/2023\/0bttWEmQR4aLj6MzrdSl4Q\/attachment-TbZWa4ObT1GZ-48RkKXRsw.png\" alt=\"\" width=\"1577\" height=\"1172\" \/><figcaption class=\"wp-caption-text\">Un panneau pos\u00e9 dans une aile du centre policier de Schaerbeek, dans la zone Nord de Bruxelles. Entre 2015 et 2020, plusieurs policiers dont les noms figuraient dans une plainte pour harc\u00e8lement y ont tu\u00e9 le temps, sans mission ni mat\u00e9riel. L\u2019humour (noir) belge reste toujours aussi corrosif\u2026 Image Blast.<\/figcaption><\/figure>\n<\/div><figcaption class=\"text-center !text-sm\"><\/figcaption><\/figure>\n<div>\n<p>Le commissaire Kissel a longtemps r\u00e9sist\u00e9 aux pressions et aux menaces. Il a alert\u00e9 le Comit\u00e9 P, la police des polices belge. Le 6 janvier 2020, il recourt \u00e0 la proc\u00e9dure de lanceur d\u2019alerte pr\u00e9vue pour les fonctionnaires de police et obtient assez vite le statut de protection. A croire qu\u2019il le m\u00e9rite. Il faut dire qu\u2019il apprend le m\u00e9tier aux jeunes recrues dans une \u00e9cole de la capitale, qu\u2019il est commissaire tout de m\u00eame, et qu\u2019il s\u2019est lui-m\u00eame form\u00e9 dans le moule voulu par son chef de corps David Yansenne, tragiquement mort en bateau \u00e0 l\u2019\u00e9t\u00e9 2013. Prononcez ce nom &#8211; David Yansenne &#8211; dans un poste de police bruxellois, aupr\u00e8s des journalistes sp\u00e9cialis\u00e9s ou dans le microcosme politique, et vous n\u2019entendrez qu\u2019\u00e9loges et respect, ce qui est rare dans ce m\u00e9tier.<\/p>\n<\/div>\n<div>\n<p>David Yansenne connaissait chaque membre de son personnel, descendait dans la rue pour calmer des hooligans ou des manifestants et il avait trouv\u00e9 la recette pour comprimer les faits de violence autour de la gare du Nord, terrain de jeu pr\u00e9f\u00e9r\u00e9 des dealers. Bref, c\u2019\u00e9tait un boss, un vrai. Et apr\u00e8s que 400 personnes lui aient rendu un dernier hommage, tout s\u2019est compliqu\u00e9 dans sa zone de police (Bruxelles en compte six) : dysfonctionnements \u00e0 la belge, absence de leadership, bavures.<\/p>\n<\/div>\n<div>\n<h2>Le messager \u00e9cart\u00e9<\/h2>\n<\/div>\n<div>\n<p>Stefaan Kissel a list\u00e9 des faits, des dates. C\u2019est dans cette zone qu\u2019Ibrahima Barrie, 23 ans, est mort le 9 janvier 2021, officiellement d\u2019une crise cardiaque. En r\u00e9alit\u00e9, les policiers qui l\u2019avaient coffr\u00e9 parce qu\u2019il filmait un contr\u00f4le covid l\u2019ont laiss\u00e9 menott\u00e9 quand il s\u2019est affaiss\u00e9, en raison d\u2019un malaise. C\u2019est l\u00e0 \u00e9galement qu\u2019il y a eu deux suicides, en quelques mois, au m\u00eame moment. C\u2019est l\u00e0 que le journaliste Fabrice G\u00e9rard de la RTBF a planqu\u00e9 sa cam\u00e9ra pour y capter de fameux indices d\u2019harc\u00e8lement sexuel et de corruption, il y a trois ans.<\/p>\n<p>Qu\u2019a fait la \u00ab police des polices \u00bb des avertissements lanc\u00e9s par Kissel, au nom de plusieurs coll\u00e8gues ? Rien. Et le Parlement f\u00e9d\u00e9ral, cens\u00e9 contr\u00f4ler l\u2019institution ? Pas mieux.<\/p>\n<p>Quant \u00e0 la direction de la zone et au Coll\u00e8ge de police (compos\u00e9 des maires locaux), ils ont d\u00e9chir\u00e9 le statut de lanceur d\u2019alerte.<\/p>\n<p>D&rsquo;abord mis au placard, le commissaire Kissel a \u00e9t\u00e9 licenci\u00e9. Il n&rsquo;a jamais \u00e9t\u00e9 entendu par le Comit\u00e9 P ni par la commission parlementaire charg\u00e9e de contr\u00f4ler cette police des polices.<\/p>\n<\/div>\n<\/div>\n<\/aside>\n<aside class=\"content-boxed\">\n<div class=\"content-boxed-body\">\n<div>\n<p><b>Sale flic<\/b><\/p>\n<\/div>\n<div>\n<p>Philippe Engels et Thomas Haulotte, les deux auteurs de l\u2019enqu\u00eate et des r\u00e9v\u00e9lations rendues publiques par Blast, viennent de sortir un livre-enqu\u00eate consacr\u00e9 aux violences polici\u00e8res et \u00e0 la fa\u00e7on dont elles sont enterr\u00e9es en Belgique. Une plong\u00e9e sans concession au c\u0153ur d\u2019une police belge \u00ab malade, violente, corrompue et inefficace \u00bb qui fait beaucoup de bruit de l\u2019autre c\u00f4t\u00e9 de la fronti\u00e8re.<\/p>\n<\/div>\n<figure class=\"py-4\">\n<div class=\"\">\n<figure style=\"width: 899px\" class=\"wp-caption alignnone\"><img decoding=\"async\" src=\"https:\/\/static.blast-info.fr\/attachments\/stories\/2023\/0bttWEmQR4aLj6MzrdSl4Q\/attachment-2Dci4h5BSQyooDh0PndAEQ.png\" alt=\"\" width=\"909\" height=\"1397\" \/><figcaption class=\"wp-caption-text\">La couverture d\u2019une enqu\u00eate dans les coulisses de la police belge. Image Kennes.<\/figcaption><\/figure>\n<\/div><figcaption class=\"text-center !text-sm\"><\/figcaption><\/figure>\n<div>\n<p>Dans Sale flic (\u00e9ditions Kennes), les deux journalistes livrent plusieurs scoops, notamment sur cette embl\u00e9matique affaire Adil, qui rebondit aujourd\u2019hui spectaculairement : \u00e9l\u00e9ments qui montrent que les policiers concern\u00e9s ont chang\u00e9 plusieurs fois de versions et qu\u2019ils ont menti sur plusieurs faits.<\/p>\n<p>\u00ab En Belgique, il y a une impunit\u00e9 de fait, constate le duo d\u2019enqu\u00eateurs au sujet de ces dossiers sur lesquels l\u2019omerta r\u00e8gne. C\u2019est vraiment rare que des proc\u00e8s se tiennent et que des condamnations soient prononc\u00e9es \u00bb.<\/p>\n<\/div>\n<div>\n<p>Petit floril\u00e8ge des r\u00e9v\u00e9lations de leur livre\u2026<\/p>\n<\/div>\n<div>\n<p><b>Les s\u00e9quelles psychologiques des forces antiterroristes<\/b><\/p>\n<p>17h40, le 17 janvier 2015, les forces sp\u00e9ciales d&rsquo;intervention interviennent dans un appartement du centre de Verviers. Ils d\u00e9jouent un attentat apr\u00e8s s&rsquo;\u00eatre expos\u00e9 aux tirs de deux djihadistes. 15h, le 15 mars 2016, les m\u00eames unit\u00e9s sp\u00e9ciales font face \u00e0 Mohamed Belkaid, un des organisateurs des attentats de Paris. Plusieurs sont bless\u00e9s dans l\u2019escalier d\u2019une maison \u00e0 Forest. Salah Abdeslam s\u2019\u00e9chappe. Sept ans apr\u00e8s les faits, le sentiment de frustration a enfl\u00e9 au sein de cette police sp\u00e9cialis\u00e9e o\u00f9 les s\u00e9quelles psychologiques sont fortement sous-\u00e9valu\u00e9es. Ces policiers ont \u00e9t\u00e9 fortement critiqu\u00e9s.<\/p>\n<\/div>\n<div>\n<p><b>Quand la police ne respecte pas l&rsquo;autorit\u00e9 du Bourgmestre<\/b><\/p>\n<p>Novembre 2020. Dans l&rsquo;affaire Adil, le parquet trace un r\u00e9quisitoire de non-lieu. Celui-ci sera vite traduit comme un \u00ab\u00a0non-lieu\u00a0\u00bb pur et simple par une partie de m\u00e9dias. Le bourgmestre socialiste d&rsquo;Anderlecht, Fabrice Cumps, panique \u00e0 l&rsquo;id\u00e9e que ses rues s&#8217;embrasent \u00e0 nouveau suite \u00e0 cette nouvelle. Il ordonne \u00e0 la police de rester calme et demande \u00e0 des acteurs de terrain d&rsquo;\u00eatre pr\u00e9sents lors d&rsquo;une manifestation en soutien \u00e0 Adil. Mais celle-ci commence \u00e0 peine que les grands moyens sont de sortie : policiers cagoul\u00e9s, genoux sur la nuque, flashball et auto-pompe. La majorit\u00e9 des manifestants, y compris les acteurs de terrain pr\u00e9sents sur place \u00e0 la demande du bourgmestre, seront violemment embarqu\u00e9es. Fabrice Cumps, penaud, dira le jour-m\u00eame : \u00ab Ce n&rsquo;est pas ce que j&rsquo;avais demand\u00e9 \u00bb.<\/p>\n<\/div>\n<div>\n<p><b>Sabrina et Ouasim, morts pour rien<\/b><\/p>\n<p>Un couple dans la vingtaine, en moto, se fait interpeller par la police. En cause : des chaussures non-adapt\u00e9es. Ils refusent de s&rsquo;y soumettre. De l\u00e0, commence une course-poursuite \u00e0 120 km\/h dans les tunnels de l&rsquo;Avenue Louise. Les auteurs reconstituent le dossier et la course-poursuite minute par minute jusqu&rsquo;\u00e0 la collision avec un fourgon, entra\u00eenant la mort du couple. Pourquoi cette course-poursuite ? Les victimes avaient \u00e9t\u00e9 identifi\u00e9es, une convocation au commissariat n&rsquo;aurait-elle pas pu suffire ? Six ans plus tard, les deux familles n&rsquo;ont toujours pas eu droit \u00e0 un proc\u00e8s.<\/p>\n<\/div>\n<\/div>\n<\/aside>\n<\/div>\n<p class=\"text-muted mt-4 py-4 border-t border-dark\">Cr\u00e9dits photo\/illustration en haut de page :<br \/>\nBlast, le souffle de l\u2019info<\/p>\n<p><a href=\"https:\/\/www.blast-info.fr\/articles\/2023\/info-blast-bruxelles-la-police-raciste-tue-0bttWEmQR4aLj6MzrdSl4Q\">SOURCE<\/a><\/p>\n<blockquote>\n<div dir=\"auto\" style=\"text-align: center;\"><strong>LUNDI 22 Mai \u00c0 18:30<\/strong><\/div>\n<div dir=\"auto\" style=\"text-align: center;\"><strong>Interpellation du conseil de police de la zone midi contre l&rsquo;impunit\u00e9<\/strong><\/div>\n<div dir=\"auto\" style=\"text-align: center;\"><strong>Maison Communale de Saint-Gilles<\/strong><\/div>\n<\/blockquote>\n<div dir=\"auto\"><\/div>\n<div dir=\"auto\">\n<div class=\"xdj266r x11i5rnm xat24cr x1mh8g0r x1vvkbs\">Les citoyens de Forest, de Saint-Gilles et de Anderlecht interpellent ce lundi 22 mai le conseil de la zone de police Midi sur la gestion des violences polici\u00e8res.<\/div>\n<div class=\"x11i5rnm xat24cr x1mh8g0r x1vvkbs xtlvy1s\"><\/div>\n<div class=\"x11i5rnm xat24cr x1mh8g0r x1vvkbs xtlvy1s\">Nous avons pris connaissance du rapport administratif relatif au dossier judiciaire li\u00e9 \u00e0 la mort de Adil publi\u00e9 ce lundi dans la presse (Le Soir et l\u00e0 RTBF). Ce rapport \u00e9difiant sign\u00e9 par 17 policiers rapporte qu\u2019un des policiers inculp\u00e9s dans la mort de Adil se serait vant\u00e9 \u00e0 de nombreuses reprises d\u2019avoir tu\u00e9 Adil. Le rapport fait \u00e9galement mention d\u2019autres faits de racisme, harc\u00e8lement et de discrimination. Le policier se serait \u00e9galement vant\u00e9 d\u2019avoir d\u00e9j\u00e0 tu\u00e9 auparavant. Ce t\u00e9moignage qui peut faire office d\u2019aveu est extr\u00eamement inqui\u00e9tant. Pourtant ces faits graves \u00e9taient connus du chef de la zone midi et n\u2019ont donn\u00e9 lieu \u00e0 aucune sanction. Pire, le policier a \u00e9t\u00e9 mut\u00e9 et promu. Cette culture interne de l\u2019impunit\u00e9 nous inqui\u00e8te au plus au point. Nous avons donc d\u00e9cid\u00e9 d\u2019interpeller directement le conseil de police ce lundi 22 mai. Nous donnons rendez-vous \u00e0 partir de 18h30 devant la maison communale de Saint-Gilles. Les bourgmestres de Anderlecht, Saint-Gilles et de Forest sont les chefs de la police et donc responsables des suites politiques de ce dossier. Nous demandons : 1) que le policier qui repr\u00e9sente une menace et un danger r\u00e9el soit \u00e9cart\u00e9 le temps de l\u2019instruction ; 2) que le chef de la zone s\u2019explique sur l\u2019absence d\u2019action entreprise ; 3) que des dispositions soient prises pour que les policiers coupables d\u2019actes et de propos racistes soient \u00e9cart\u00e9s de la fonction. En effet, la garde zonale o\u00f9 sont morts Sourour Abouda, Ilyes Abeddou, Mohamed Amine Berkane est truff\u00e9 de policiers racistes \u00e9cart\u00e9s pour des faits similaires ce qui aggrave les risques de mortalit\u00e9 dans cette zone.<\/div>\n<div class=\"x11i5rnm xat24cr x1mh8g0r x1vvkbs xtlvy1s\">Il est temps que le pouvoir politique envoie enfin un message clair. Des policiers ont pris le risque courageux d\u2019avertir en vain leur hi\u00e9rarchie, ils ont fini par avertir la justice. Il faut maintenant une r\u00e9ponse \u00e0 la hauteur des enjeux.<\/div>\n<div class=\"x11i5rnm xat24cr x1mh8g0r x1vvkbs xtlvy1s\">Comit\u00e9 Anderlechtois de lutte contre les violences polici\u00e8res<\/div>\n<div class=\"x11i5rnm xat24cr x1mh8g0r x1vvkbs xtlvy1s\">Collectif des madr\u00e9s<\/div>\n<div class=\"x11i5rnm xat24cr x1mh8g0r x1vvkbs xtlvy1s\">Campagne Stop r\u00e9pression<\/div>\n<div class=\"x11i5rnm xat24cr x1mh8g0r x1vvkbs xtlvy1s\">Appel ouvert \u00e0 signataires<\/div>\n<h3 style=\"text-align: center;\"><a href=\"https:\/\/www.facebook.com\/events\/792457439265515\/?ref=newsfeed\">https:\/\/www.facebook.com\/events\/792457439265515\/?ref=newsfeed<\/a><\/h3>\n<div class=\"box-border flex w-full max-w-row flex-wrap justify-center bg-background-light dark:bg-background-dark mx-6 sm:mx-8 md:mx-12\">\n<header class=\"w-full text-center\">\n<div class=\"box-border flex w-full max-w-row flex-wrap justify-center bg-background-light dark:bg-background-dark py-6 sm:py-8 md:py-12\">\n<div class=\"container box-border max-w-container max-w-[720px] py-10 px-6 sm:py-8 sm:px-8 md:py-12 md:px-12 gap-y-6 sm:gap-y-8 md:gap-y-12\">\n<h4 class=\"detail-h1 text-heading-900 dark:text-heading-100\" data-testid=\"title\">D\u00e9c\u00e8s d\u2019Adil \u00e0 Anderlecht : le policier qui a percut\u00e9 le jeune homme accus\u00e9 de racisme par plusieurs coll\u00e8gues<\/h4>\n<\/div>\n<\/div>\n<div class=\"box-border flex w-full max-w-row flex-wrap justify-center bg-background-light dark:bg-background-dark py-6 sm:py-8 md:py-12\">\n<div class=\"container box-border max-w-container max-w-[720px] gap-y-6 sm:gap-y-8 md:gap-y-12 border-b border-v2-blue-100 pb-12 dark:border-navy-blue-800\">\n<div class=\"flex flex-col items-center\">\n<div class=\"mb-4 flex items-center\"><span class=\"card-meta text-content-900 dark:text-content-400 \" aria-label=\"Publi\u00e9 le 17 mai 2023 \u00e0 06:03\">17 mai 2023 \u00e0 06:03\u00a0<\/span><\/div>\n<p><span class=\"mb-12 text-12 leading-normal text-blue-500 line-clamp-1 font-bold dark:text-white\">Par Fabrice G\u00e9rard pour la cellule Investigation avec Philippe Engels et Thomas Haulotte<\/span><\/p>\n<\/div>\n<\/div>\n<\/div>\n<\/header>\n<\/div>\n<div id=\"content\" class=\"flex w-full flex-col items-center\">\n<div class=\"box-border flex w-full max-w-row flex-wrap justify-center bg-background-light dark:bg-background-dark py-6 sm:py-8 md:py-12\">\n<div class=\"container box-border max-w-container max-w-[720px] py-10 px-6 sm:py-8 sm:px-8 md:py-12 md:px-12\">\n<div class=\"js-block-text max-w-none text-content-900 prose leading-loose font-normal prose-headings:font-bold prose-a:font-semibold prose-strong:font-bold prose-li:text-18 prose-li:leading-32 dark:text-content-100 dark:prose-headings:text-content-100 dark:prose-a:bg-navy-blue-700 dark:prose-a:text-navy-blue-100 dark:prose-a:visited:bg-navy-blue-700 dark:prose-a:visited:text-teal-200 dark:prose-a:hover:bg-navy-blue-500 dark:prose-a:hover:text-navy-blue-100 dark:prose-a:focus:outline-focus dark:prose-blockquote:text-sand-100 dark:prose-code:text-sand-100 dark:prose-pre:bg-[#1f2227] dark:prose-pre:text-[#639bee] dark:prose-li:before:text-primary dark:prose-thead:bg-purple-500 dark:prose-thead:text-primary dark:prose-tr:border-b-purple-500 dark:prose-hr:border-navy-blue-800 md:prose-md lg:prose-lg lg:prose-h1:text-36 lg:prose-h1:leading-[2.75rem] lg:prose-h2:text-28 lg:prose-h2:leading-[2.125rem] lg:prose-h3:text-24 lg:prose-h3:leading-[1.8125rem] lg:prose-p:text-16 lg:prose-p:leading-32 lg:prose-blockquote:py-60 lg:prose-blockquote:pr-[5rem] lg:prose-blockquote:pl-[6rem] lg:prose-li:text-16 lg:prose-li:leading-32 first-letter:float-left first-letter:mt-[.2rem] first-letter:mr-0 first-letter:mb-0 first-letter:ml-[-.125rem] first-letter:pr-[.625rem] first-letter:text-60 first-letter:not-italic first-letter:leading-none first-letter:font-bold\">\n<div>\n<p>C\u2019est un nouvel \u00e9l\u00e9ment dans le dossier de\u00a0<a href=\"https:\/\/www.rtbf.be\/article\/la-famille-d-adil-tue-a-anderlecht-demande-la-designation-d-un-juge-d-instruction-10481299\">la mort du jeune Adil<\/a> qui pourrait bien influencer le cours de la proc\u00e9dure judiciaire en cours. Il s\u2019agit d\u2019un t\u00e9moignage circonstanci\u00e9 d\u2019une fonctionnaire de police membre de la Zone de Police Midi. C\u2019est dans cette zone que travaillent les trois\u00a0policiers inculp\u00e9s d\u2019homicide involontaire survenu le 10\u00a0avril 2020 dans la commune bruxelloise d\u2019Anderlecht.<\/p>\n<p><a href=\"https:\/\/www.rtbf.be\/article\/on-l-a-eu-on-l-a-percute-la-police-serait-peut-etre-a-l-origine-de-la-mort-d-adil-a-anderlecht-10485209\">Ce jour-l\u00e0, Adil, 19 ans \u00e0 l\u2019\u00e9poque, tente de se soustraire \u00e0 un contr\u00f4le de police<\/a>. On est alors en plein confinement et le jeune homme prend la fuite en scooter lorsqu\u2019il entre en collision avec un v\u00e9hicule banalis\u00e9 de la police arriv\u00e9 en renfort.<\/p>\n<p>Trois\u00a0ans plus tard, le dossier est toujours \u00e0 l\u2019instruction et\u00a0<a href=\"https:\/\/www.rtbf.be\/article\/chambre-du-conseil-bruxelles-le-dossier-concernant-la-mort-du-jeune-adil-sera-plaide-le-16-mai-11159945\">devait \u00eatre plaid\u00e9 hier devant la chambre du consei<\/a>l. Mais une nouvelle pi\u00e8ce, vers\u00e9e au dossier le 4\u00a0mai dernier, et dont nous avons pu prendre connaissance en compagnie de nos coll\u00e8gues du Soir et des journalistes Philippe Engels et Thomas Haulotte, a provoqu\u00e9\u00a0<a href=\"https:\/\/www.rtbf.be\/article\/report-au-5-septembre-pour-l-examen-du-dossier-de-la-mort-d-adil-anderlechtois-de-19-ans-11198494\">un nouveau report fix\u00e9 au 5\u00a0septembre prochain<\/a>. Une pi\u00e8ce du dossier qui risque de provoquer un v\u00e9ritable tsunami au sein\u00a0de la Zone de Police\u00a0Midi et des membres du conseil de police.<\/p>\n<blockquote><p>L\u2019Inspecteur a tenu des propos racistes par rapport au jeune Adil. Il se serait \u00e9galement vant\u00e9 d\u2019avoir d\u00e9j\u00e0 tu\u00e9<\/p><\/blockquote>\n<p>C\u2019est donc le 4\u00a0mai dernier que l\u2019inspectrice de police est entendue par la juge d\u2019instruction en charge du dossier. La polici\u00e8re est entendue\u00a0dans le cadre d\u2019un autre dossier. Mais lors de\u00a0ses d\u00e9clarations, elle fait part \u00e0 la juge de propos entendus par rapport \u00e0 l\u2019affaire Adil Charrot et au policier qui a percut\u00e9 le jeune homme. Et elle explique\u00a0:\u00a0<em>\u00ab\u00a0Les trois quarts de ses hommes sont venus me trouver pour me dire que l\u2019int\u00e9ress\u00e9 tenait des propos pour le moins interpellant par rapport au d\u00e9c\u00e8s du jeune Adil. Je pr\u00e9cise que ce ne sont pas juste les hommes de son \u00e9quipe, mais une grande partie des policiers du commissariat qui font \u00e9tat de ces propos\u00a0\u00bb.<\/em><\/p>\n<p>Ces propos pr\u00e9sum\u00e9s, les voici\u00a0:\u00a0<em>\u00ab\u00a0L\u2019inspecteur principal a tenu des propos racistes par rapport au jeune Adil. Il m\u2019est \u00e9galement revenu de ses hommes que ce dernier se vantait d\u2019en avoir sorti un de la rue par rapport \u00e0 la mort du jeune Adil. Il se serait \u00e9galement vant\u00e9 d\u2019avoir d\u00e9j\u00e0 tu\u00e9\u00a0\u00bb.<\/em><\/p>\n<\/div>\n<\/div>\n<\/div>\n<\/div>\n<div class=\"box-border flex w-full max-w-row flex-wrap justify-center bg-background-light dark:bg-background-dark py-6 sm:py-8 md:py-12\">\n<div class=\"container box-border max-w-container max-w-[720px] py-10 px-6 sm:py-8 sm:px-8 md:py-12 md:px-12\">\n<div class=\"js-block-text max-w-none text-content-900 prose leading-loose font-normal prose-headings:font-bold prose-a:font-semibold prose-strong:font-bold prose-li:text-18 prose-li:leading-32 dark:text-content-100 dark:prose-headings:text-content-100 dark:prose-a:bg-navy-blue-700 dark:prose-a:text-navy-blue-100 dark:prose-a:visited:bg-navy-blue-700 dark:prose-a:visited:text-teal-200 dark:prose-a:hover:bg-navy-blue-500 dark:prose-a:hover:text-navy-blue-100 dark:prose-a:focus:outline-focus dark:prose-blockquote:text-sand-100 dark:prose-code:text-sand-100 dark:prose-pre:bg-[#1f2227] dark:prose-pre:text-[#639bee] dark:prose-li:before:text-primary dark:prose-thead:bg-purple-500 dark:prose-thead:text-primary dark:prose-tr:border-b-purple-500 dark:prose-hr:border-navy-blue-800 md:prose-md lg:prose-lg lg:prose-h1:text-36 lg:prose-h1:leading-[2.75rem] lg:prose-h2:text-28 lg:prose-h2:leading-[2.125rem] lg:prose-h3:text-24 lg:prose-h3:leading-[1.8125rem] lg:prose-p:text-16 lg:prose-p:leading-32 lg:prose-blockquote:py-60 lg:prose-blockquote:pr-[5rem] lg:prose-blockquote:pl-[6rem] lg:prose-li:text-16 lg:prose-li:leading-32\">\n<h2 class=\"text-purple-900 dark:text-white\">Un rapport administratif accablant et des accusations de racisme, de sexisme et de harc\u00e8lement<\/h2>\n<\/div>\n<\/div>\n<\/div>\n<div class=\"box-border flex w-full max-w-row flex-wrap justify-center bg-background-light dark:bg-background-dark py-6 sm:py-8 md:py-12\">\n<div class=\"container box-border max-w-container max-w-[720px] py-10 px-6 sm:py-8 sm:px-8 md:py-12 md:px-12\">\n<div class=\"js-block-text max-w-none text-content-900 prose leading-loose font-normal prose-headings:font-bold prose-a:font-semibold prose-strong:font-bold prose-li:text-18 prose-li:leading-32 dark:text-content-100 dark:prose-headings:text-content-100 dark:prose-a:bg-navy-blue-700 dark:prose-a:text-navy-blue-100 dark:prose-a:visited:bg-navy-blue-700 dark:prose-a:visited:text-teal-200 dark:prose-a:hover:bg-navy-blue-500 dark:prose-a:hover:text-navy-blue-100 dark:prose-a:focus:outline-focus dark:prose-blockquote:text-sand-100 dark:prose-code:text-sand-100 dark:prose-pre:bg-[#1f2227] dark:prose-pre:text-[#639bee] dark:prose-li:before:text-primary dark:prose-thead:bg-purple-500 dark:prose-thead:text-primary dark:prose-tr:border-b-purple-500 dark:prose-hr:border-navy-blue-800 md:prose-md lg:prose-lg lg:prose-h1:text-36 lg:prose-h1:leading-[2.75rem] lg:prose-h2:text-28 lg:prose-h2:leading-[2.125rem] lg:prose-h3:text-24 lg:prose-h3:leading-[1.8125rem] lg:prose-p:text-16 lg:prose-p:leading-32 lg:prose-blockquote:py-60 lg:prose-blockquote:pr-[5rem] lg:prose-blockquote:pl-[6rem] lg:prose-li:text-16 lg:prose-li:leading-32\">\n<div>\n<p>Mais ce n\u2019est pas tout. La polici\u00e8re a joint \u00e0 ses d\u00e9clarations un rapport administratif que plusieurs de ses coll\u00e8gues ont adress\u00e9 au directeur op\u00e9rationnel de la Zone Police Midi ainsi qu\u2019au chef de corps Jurgen De Landsheer. Un rapport dans lequel de graves accusations quant au comportement du policier qui a percut\u00e9 Adil sont d\u00e9nonc\u00e9es.<\/p>\n<p><em>\u00ab\u00a0Nous mettons en avant le fait que l\u2019inspecteur principal se montre d\u00e9gradant et d\u00e9motivant \u00e0 l\u2019encontre de nouveaux coll\u00e8gues d\u00e9butant leur carri\u00e8re au sein de notre zone de police. Ces derniers se sentent \u00e9cras\u00e9s, \u00e9vinc\u00e9s et sans aucune utilit\u00e9 depuis leur arriv\u00e9e au sein de notre \u00e9quipe, et ce, \u00e0 cause de la pression qu\u2019effectue le policier : menaces de note de fonctionnement non justifi\u00e9es, menace de d\u00e9placement dans une autre \u00e9quipe et\/ou service\u00a0\u00bb.<\/em><\/p>\n<\/div>\n<\/div>\n<\/div>\n<\/div>\n<div class=\"box-border flex w-full max-w-row flex-wrap justify-center bg-background-light dark:bg-background-dark py-6 sm:py-8 md:py-12\">\n<div class=\"container box-border max-w-container max-w-[720px] py-10 px-6 sm:py-8 sm:px-8 md:py-12 md:px-12\">\n<div class=\"js-block-text max-w-none text-content-900 prose leading-loose font-normal prose-headings:font-bold prose-a:font-semibold prose-strong:font-bold prose-li:text-18 prose-li:leading-32 dark:text-content-100 dark:prose-headings:text-content-100 dark:prose-a:bg-navy-blue-700 dark:prose-a:text-navy-blue-100 dark:prose-a:visited:bg-navy-blue-700 dark:prose-a:visited:text-teal-200 dark:prose-a:hover:bg-navy-blue-500 dark:prose-a:hover:text-navy-blue-100 dark:prose-a:focus:outline-focus dark:prose-blockquote:text-sand-100 dark:prose-code:text-sand-100 dark:prose-pre:bg-[#1f2227] dark:prose-pre:text-[#639bee] dark:prose-li:before:text-primary dark:prose-thead:bg-purple-500 dark:prose-thead:text-primary dark:prose-tr:border-b-purple-500 dark:prose-hr:border-navy-blue-800 md:prose-md lg:prose-lg lg:prose-h1:text-36 lg:prose-h1:leading-[2.75rem] lg:prose-h2:text-28 lg:prose-h2:leading-[2.125rem] lg:prose-h3:text-24 lg:prose-h3:leading-[1.8125rem] lg:prose-p:text-16 lg:prose-p:leading-32 lg:prose-blockquote:py-60 lg:prose-blockquote:pr-[5rem] lg:prose-blockquote:pl-[6rem] lg:prose-li:text-16 lg:prose-li:leading-32\">\n<h2 class=\"text-purple-900 dark:text-white\">Comportements racistes et x\u00e9nophobes<\/h2>\n<\/div>\n<\/div>\n<\/div>\n<div class=\"box-border flex w-full max-w-row flex-wrap justify-center bg-background-light dark:bg-background-dark py-6 sm:py-8 md:py-12\">\n<div class=\"container box-border max-w-container max-w-[720px] py-10 px-6 sm:py-8 sm:px-8 md:py-12 md:px-12\">\n<div class=\"js-block-text max-w-none text-content-900 prose leading-loose font-normal prose-headings:font-bold prose-a:font-semibold prose-strong:font-bold prose-li:text-18 prose-li:leading-32 dark:text-content-100 dark:prose-headings:text-content-100 dark:prose-a:bg-navy-blue-700 dark:prose-a:text-navy-blue-100 dark:prose-a:visited:bg-navy-blue-700 dark:prose-a:visited:text-teal-200 dark:prose-a:hover:bg-navy-blue-500 dark:prose-a:hover:text-navy-blue-100 dark:prose-a:focus:outline-focus dark:prose-blockquote:text-sand-100 dark:prose-code:text-sand-100 dark:prose-pre:bg-[#1f2227] dark:prose-pre:text-[#639bee] dark:prose-li:before:text-primary dark:prose-thead:bg-purple-500 dark:prose-thead:text-primary dark:prose-tr:border-b-purple-500 dark:prose-hr:border-navy-blue-800 md:prose-md lg:prose-lg lg:prose-h1:text-36 lg:prose-h1:leading-[2.75rem] lg:prose-h2:text-28 lg:prose-h2:leading-[2.125rem] lg:prose-h3:text-24 lg:prose-h3:leading-[1.8125rem] lg:prose-p:text-16 lg:prose-p:leading-32 lg:prose-blockquote:py-60 lg:prose-blockquote:pr-[5rem] lg:prose-blockquote:pl-[6rem] lg:prose-li:text-16 lg:prose-li:leading-32\">\n<div>\n<p>Et la liste des griefs ne s\u2019arr\u00eate pas l\u00e0. Les policiers qui ont saisi leur hi\u00e9rarchie indiquent qu\u2019il existe \u00ab\u00a0<em>des faits plus graves et pouvant faire l\u2019objet de poursuites judiciaires<\/em>\u00ab\u00a0.<\/p>\n<p>Morceaux choisis\u00a0:\u00a0<em>\u00ab\u00a0L\u2019inspecteur principal fait preuve et a fait preuve \u00e0 plusieurs reprises de comportements x\u00e9nophobes, racistes et sexistes \u00e0 l\u2019encontre des membres de son \u00e9quipe. Plusieurs remarques ou insultes racistes ont \u00e9t\u00e9 prof\u00e9r\u00e9es \u00e0 l\u2019encontre d\u2019inspecteurs de police d\u2019origine \u00e9trang\u00e8re. Nous citons, et veuillez nous en excuser, des termes comme bougnoul, bouns, vous enculez des ch\u00e8vres dans vos pays d\u2019origine, je ne comprends pas que vous ne mangiez pas de porc\u00a0\u00bb.<\/em><\/p>\n<p>Les auteurs insistent et expliquent que ces comportements et remarques\u00a0<em>\u00ab\u00a0ne se limitent pas aux membres du personnel et qu\u2019il en va de m\u00eame avec la population, et ce en pr\u00e9sence d\u2019inspecteurs de police\u00a0\u00bb.<\/em>\u00a0Clou de ce triste spectacle, \u00e0 en croire les d\u00e9clarations des policiers,\u00a0<em>\u00ab\u00a0plusieurs remarques d\u00e9plac\u00e9es et racistes concernant l\u2019incident de la mort du jeune Adil dans lequel l\u2019inspecteur principal a \u00e9t\u00e9 impliqu\u00e9 ont \u00e9t\u00e9 faites sans aucune g\u00eane et de fa\u00e7on r\u00e9p\u00e9titive par l\u2019int\u00e9ress\u00e9\u00a0\u00bb.<\/em><\/p>\n<\/div>\n<\/div>\n<\/div>\n<\/div>\n<div class=\"box-border flex w-full max-w-row flex-wrap justify-center bg-background-light dark:bg-background-dark py-6 sm:py-8 md:py-12\">\n<div class=\"container box-border max-w-container max-w-[720px] py-10 px-6 sm:py-8 sm:px-8 md:py-12 md:px-12\">\n<div class=\"js-block-text max-w-none text-content-900 prose leading-loose font-normal prose-headings:font-bold prose-a:font-semibold prose-strong:font-bold prose-li:text-18 prose-li:leading-32 dark:text-content-100 dark:prose-headings:text-content-100 dark:prose-a:bg-navy-blue-700 dark:prose-a:text-navy-blue-100 dark:prose-a:visited:bg-navy-blue-700 dark:prose-a:visited:text-teal-200 dark:prose-a:hover:bg-navy-blue-500 dark:prose-a:hover:text-navy-blue-100 dark:prose-a:focus:outline-focus dark:prose-blockquote:text-sand-100 dark:prose-code:text-sand-100 dark:prose-pre:bg-[#1f2227] dark:prose-pre:text-[#639bee] dark:prose-li:before:text-primary dark:prose-thead:bg-purple-500 dark:prose-thead:text-primary dark:prose-tr:border-b-purple-500 dark:prose-hr:border-navy-blue-800 md:prose-md lg:prose-lg lg:prose-h1:text-36 lg:prose-h1:leading-[2.75rem] lg:prose-h2:text-28 lg:prose-h2:leading-[2.125rem] lg:prose-h3:text-24 lg:prose-h3:leading-[1.8125rem] lg:prose-p:text-16 lg:prose-p:leading-32 lg:prose-blockquote:py-60 lg:prose-blockquote:pr-[5rem] lg:prose-blockquote:pl-[6rem] lg:prose-li:text-16 lg:prose-li:leading-32\">\n<h2 class=\"text-purple-900 dark:text-white\">Une hi\u00e9rarchie mise au courant mais qui ne r\u00e9agit pas<\/h2>\n<\/div>\n<\/div>\n<\/div>\n<div class=\"box-border flex w-full max-w-row flex-wrap justify-center bg-background-light dark:bg-background-dark py-6 sm:py-8 md:py-12\">\n<div class=\"container box-border max-w-container max-w-[720px] py-10 px-6 sm:py-8 sm:px-8 md:py-12 md:px-12\">\n<div class=\"js-block-text max-w-none text-content-900 prose leading-loose font-normal prose-headings:font-bold prose-a:font-semibold prose-strong:font-bold prose-li:text-18 prose-li:leading-32 dark:text-content-100 dark:prose-headings:text-content-100 dark:prose-a:bg-navy-blue-700 dark:prose-a:text-navy-blue-100 dark:prose-a:visited:bg-navy-blue-700 dark:prose-a:visited:text-teal-200 dark:prose-a:hover:bg-navy-blue-500 dark:prose-a:hover:text-navy-blue-100 dark:prose-a:focus:outline-focus dark:prose-blockquote:text-sand-100 dark:prose-code:text-sand-100 dark:prose-pre:bg-[#1f2227] dark:prose-pre:text-[#639bee] dark:prose-li:before:text-primary dark:prose-thead:bg-purple-500 dark:prose-thead:text-primary dark:prose-tr:border-b-purple-500 dark:prose-hr:border-navy-blue-800 md:prose-md lg:prose-lg lg:prose-h1:text-36 lg:prose-h1:leading-[2.75rem] lg:prose-h2:text-28 lg:prose-h2:leading-[2.125rem] lg:prose-h3:text-24 lg:prose-h3:leading-[1.8125rem] lg:prose-p:text-16 lg:prose-p:leading-32 lg:prose-blockquote:py-60 lg:prose-blockquote:pr-[5rem] lg:prose-blockquote:pl-[6rem] lg:prose-li:text-16 lg:prose-li:leading-32\">\n<div>\n<p>Dans leur expos\u00e9, les policiers insistent \u00e9galement sur l\u2019inertie de leur hi\u00e9rarchie, notamment celle d\u2019un commissaire de police qui chapeaute l\u2019ensemble des services d\u2019intervention de la Zone de Police Midi.\u00a0<em>\u00ab\u00a0Ce dernier \u00e9tait au courant de la situation et a cautionn\u00e9 le comportement de l\u2019inspecteur de police durant toute la dur\u00e9e de sa fonction au sein de notre unit\u00e9\u00a0\u00bb.<\/em>\u00a0Et les policiers de conclure\u00a0<em>\u00ab\u00a0que le contrat de confiance entre l\u2019inspecteur et les membres de son \u00e9quipe est totalement rompu. Nous sommes \u00e0 bout de cette situation r\u00e9p\u00e9titive et infernale pour bon nombre de nos coll\u00e8gues\u00a0\u00bb.<\/em><\/p>\n<p>Contact\u00e9 ce mardi 16\u00a0mai en fin de journ\u00e9e, Jurgen De Landsheer, le chef de zone a une autre version\u00a0: \u00ab\u00a0<em>D\u00e8s que nous avons \u00e9t\u00e9 avertis \u00e0 l\u2019automne\u00a02022, nous avons convoqu\u00e9\u00a0l\u2019int\u00e9ress\u00e9 pour le recadrer. Il a \u00e9t\u00e9 d\u00e9plac\u00e9 en f\u00e9vrier\u00a02023 dans un autre service et n\u2019a plus pos\u00e9 de probl\u00e8me depuis. Il n\u2019a jamais fait l\u2019objet d\u2019aucune poursuite pour fait de racisme ou pour harc\u00e8lement. Alors oui, c\u2019est quelqu\u2019un que l\u2019on peut qualifier de lourd, un beauf comme on dit dans le jargon, mais c\u2019est un excellent policier qui a m\u00eame \u00e9t\u00e9 r\u00e9cemment promu\u00a0\u00bb.\u00a0<\/em>Conscient du caract\u00e8re sensible de nos r\u00e9v\u00e9lations, le chef de zone a d\u00e9cid\u00e9 de saisir le comit\u00e9 P, l\u2019organe de contr\u00f4le des services de police.<\/p>\n<\/div>\n<\/div>\n<\/div>\n<\/div>\n<div class=\"box-border flex w-full max-w-row flex-wrap justify-center bg-background-light dark:bg-background-dark py-6 sm:py-8 md:py-12\">\n<div class=\"container box-border max-w-container max-w-[720px] py-10 px-6 sm:py-8 sm:px-8 md:py-12 md:px-12\">\n<div class=\"js-block-text max-w-none text-content-900 prose leading-loose font-normal prose-headings:font-bold prose-a:font-semibold prose-strong:font-bold prose-li:text-18 prose-li:leading-32 dark:text-content-100 dark:prose-headings:text-content-100 dark:prose-a:bg-navy-blue-700 dark:prose-a:text-navy-blue-100 dark:prose-a:visited:bg-navy-blue-700 dark:prose-a:visited:text-teal-200 dark:prose-a:hover:bg-navy-blue-500 dark:prose-a:hover:text-navy-blue-100 dark:prose-a:focus:outline-focus dark:prose-blockquote:text-sand-100 dark:prose-code:text-sand-100 dark:prose-pre:bg-[#1f2227] dark:prose-pre:text-[#639bee] dark:prose-li:before:text-primary dark:prose-thead:bg-purple-500 dark:prose-thead:text-primary dark:prose-tr:border-b-purple-500 dark:prose-hr:border-navy-blue-800 md:prose-md lg:prose-lg lg:prose-h1:text-36 lg:prose-h1:leading-[2.75rem] lg:prose-h2:text-28 lg:prose-h2:leading-[2.125rem] lg:prose-h3:text-24 lg:prose-h3:leading-[1.8125rem] lg:prose-p:text-16 lg:prose-p:leading-32 lg:prose-blockquote:py-60 lg:prose-blockquote:pr-[5rem] lg:prose-blockquote:pl-[6rem] lg:prose-li:text-16 lg:prose-li:leading-32\">\n<h2 class=\"text-purple-900 dark:text-white\">L\u2019avocat du policier d\u00e9nonce une violation du secret de l\u2019instruction<\/h2>\n<\/div>\n<\/div>\n<\/div>\n<div class=\"box-border flex w-full max-w-row flex-wrap justify-center bg-background-light dark:bg-background-dark py-6 sm:py-8 md:py-12\">\n<div class=\"container box-border max-w-container max-w-[720px] py-10 px-6 sm:py-8 sm:px-8 md:py-12 md:px-12\">\n<div class=\"js-block-text max-w-none text-content-900 prose leading-loose font-normal prose-headings:font-bold prose-a:font-semibold prose-strong:font-bold prose-li:text-18 prose-li:leading-32 dark:text-content-100 dark:prose-headings:text-content-100 dark:prose-a:bg-navy-blue-700 dark:prose-a:text-navy-blue-100 dark:prose-a:visited:bg-navy-blue-700 dark:prose-a:visited:text-teal-200 dark:prose-a:hover:bg-navy-blue-500 dark:prose-a:hover:text-navy-blue-100 dark:prose-a:focus:outline-focus dark:prose-blockquote:text-sand-100 dark:prose-code:text-sand-100 dark:prose-pre:bg-[#1f2227] dark:prose-pre:text-[#639bee] dark:prose-li:before:text-primary dark:prose-thead:bg-purple-500 dark:prose-thead:text-primary dark:prose-tr:border-b-purple-500 dark:prose-hr:border-navy-blue-800 md:prose-md lg:prose-lg lg:prose-h1:text-36 lg:prose-h1:leading-[2.75rem] lg:prose-h2:text-28 lg:prose-h2:leading-[2.125rem] lg:prose-h3:text-24 lg:prose-h3:leading-[1.8125rem] lg:prose-p:text-16 lg:prose-p:leading-32 lg:prose-blockquote:py-60 lg:prose-blockquote:pr-[5rem] lg:prose-blockquote:pl-[6rem] lg:prose-li:text-16 lg:prose-li:leading-32\">\n<div>\n<p>Du c\u00f4t\u00e9 de la d\u00e9fense du policier, l\u2019avocat Sven Mary d\u00e9nonce une violation du secret de l\u2019instruction.\u00a0<em>\u00ab\u00a0L\u2019affaire Adil remonte \u00e0 avril\u00a02020 et ce n\u2019est que trois ans\u00a0plus tard que cette nouvelle pi\u00e8ce appara\u00eet. Je m\u2019en \u00e9tonne et j\u2019ai donc sollicit\u00e9 des devoirs compl\u00e9mentaires aupr\u00e8s de la juge d\u2019instruction pour v\u00e9rifier la cr\u00e9dibilit\u00e9\u00a0de ces nouveaux \u00e9l\u00e9ments\u00a0\u00bb.<\/em><\/p>\n<p>Sollicit\u00e9 \u00e9galement, le parquet de Bruxelles ne fait aucun commentaire.\u00a0<em>\u00ab\u00a0L\u2019affaire n\u2019a pas encore \u00e9t\u00e9 plaid\u00e9e sur le fond et le d\u00e9bat aura lieu dans la salle d\u2019audience, pas par voie de presse\u00a0\u00bb.<\/em>\u00a0Rappelons que depuis novembre\u00a02020, le parquet demande un non-lieu pour les trois\u00a0policiers inculp\u00e9s ainsi que pour la zone de police \u00e9galement poursuivie. Les chefs d\u2019inculpation \u00e9tant, outre l\u2019homicide involontaire, la discrimination, la non-assistance \u00e0 personne en danger et la coalition de fonctionnaires.<\/p>\n<\/div>\n<\/div>\n<\/div>\n<\/div>\n<div class=\"box-border flex w-full max-w-row flex-wrap justify-center bg-background-light dark:bg-background-dark py-6 sm:py-8 md:py-12\">\n<div class=\"container box-border max-w-container max-w-[720px] py-10 px-6 sm:py-8 sm:px-8 md:py-12 md:px-12\">\n<div class=\"js-block-text max-w-none text-content-900 prose leading-loose font-normal prose-headings:font-bold prose-a:font-semibold prose-strong:font-bold prose-li:text-18 prose-li:leading-32 dark:text-content-100 dark:prose-headings:text-content-100 dark:prose-a:bg-navy-blue-700 dark:prose-a:text-navy-blue-100 dark:prose-a:visited:bg-navy-blue-700 dark:prose-a:visited:text-teal-200 dark:prose-a:hover:bg-navy-blue-500 dark:prose-a:hover:text-navy-blue-100 dark:prose-a:focus:outline-focus dark:prose-blockquote:text-sand-100 dark:prose-code:text-sand-100 dark:prose-pre:bg-[#1f2227] dark:prose-pre:text-[#639bee] dark:prose-li:before:text-primary dark:prose-thead:bg-purple-500 dark:prose-thead:text-primary dark:prose-tr:border-b-purple-500 dark:prose-hr:border-navy-blue-800 md:prose-md lg:prose-lg lg:prose-h1:text-36 lg:prose-h1:leading-[2.75rem] lg:prose-h2:text-28 lg:prose-h2:leading-[2.125rem] lg:prose-h3:text-24 lg:prose-h3:leading-[1.8125rem] lg:prose-p:text-16 lg:prose-p:leading-32 lg:prose-blockquote:py-60 lg:prose-blockquote:pr-[5rem] lg:prose-blockquote:pl-[6rem] lg:prose-li:text-16 lg:prose-li:leading-32\">\n<h2 class=\"text-purple-900 dark:text-white\">La famille d\u2019Adil sous le choc<\/h2>\n<\/div>\n<\/div>\n<\/div>\n<div class=\"box-border flex w-full max-w-row flex-wrap justify-center bg-background-light dark:bg-background-dark py-6 sm:py-8 md:py-12\">\n<div class=\"container box-border max-w-container max-w-[720px] py-10 px-6 sm:py-8 sm:px-8 md:py-12 md:px-12\">\n<div class=\"js-block-text max-w-none text-content-900 prose leading-loose font-normal prose-headings:font-bold prose-a:font-semibold prose-strong:font-bold prose-li:text-18 prose-li:leading-32 dark:text-content-100 dark:prose-headings:text-content-100 dark:prose-a:bg-navy-blue-700 dark:prose-a:text-navy-blue-100 dark:prose-a:visited:bg-navy-blue-700 dark:prose-a:visited:text-teal-200 dark:prose-a:hover:bg-navy-blue-500 dark:prose-a:hover:text-navy-blue-100 dark:prose-a:focus:outline-focus dark:prose-blockquote:text-sand-100 dark:prose-code:text-sand-100 dark:prose-pre:bg-[#1f2227] dark:prose-pre:text-[#639bee] dark:prose-li:before:text-primary dark:prose-thead:bg-purple-500 dark:prose-thead:text-primary dark:prose-tr:border-b-purple-500 dark:prose-hr:border-navy-blue-800 md:prose-md lg:prose-lg lg:prose-h1:text-36 lg:prose-h1:leading-[2.75rem] lg:prose-h2:text-28 lg:prose-h2:leading-[2.125rem] lg:prose-h3:text-24 lg:prose-h3:leading-[1.8125rem] lg:prose-p:text-16 lg:prose-p:leading-32 lg:prose-blockquote:py-60 lg:prose-blockquote:pr-[5rem] lg:prose-blockquote:pl-[6rem] lg:prose-li:text-16 lg:prose-li:leading-32\">\n<div>\n<p>Pr\u00e9sente hier lors de la chambre du conseil, la famille d\u2019Adil a \u00e9galement r\u00e9agi \u00e0 ces nouvelles\u00a0r\u00e9v\u00e9lations.<\/p>\n<p>Par la voix de leur avocat Alexis Deswaef, elle note\u00a0<em>\u00ab\u00a0que ces faits de racisme \u00e9taient visiblement connus et d\u00e9nonc\u00e9s en interne au sein de la zone de police et qu\u2019ils sont \u00e9galement vis\u00e9s dans le dossier de la mort d\u2019Adil\u00a0\u00bb.\u00a0<\/em>Et<strong>\u00a0<\/strong>qu\u2019il faudra que le commissaire en chef et la culture du silence trop souvent pr\u00e9sente \u00e0 la police fassent place \u00e0 des r\u00e9ponses et des \u00e9claircissements. Pour la famille d\u2019Adil et pour tous ceux qui sont d\u00e9c\u00e9d\u00e9s \u00e0 la suite d\u2019interventions de la police.<\/p>\n<\/div>\n<\/div>\n<\/div>\n<\/div>\n<\/div>\n<\/div>\n","protected":false},"excerpt":{"rendered":"<p>En avril dernier, la police a tamponn\u00e9 \u00e0 Paris trois gamins circulant en scooter sans casque. En Belgique, une affaire similaire avait provoqu\u00e9 en 2020 un tr\u00e8s vif \u00e9moi\u00a0: en plein confinement, au terme d\u2019une course-poursuite dans les rues de Bruxelles, un v\u00e9hicule de police avait percut\u00e9 Adil, 19 ans, mort sur le coup. Les &#8230; <a title=\"Bruxelles, la police raciste tue\" class=\"read-more\" href=\"https:\/\/bruxelles-pantheres.be\/?p=5571\" aria-label=\"En savoir plus sur Bruxelles, la police raciste tue\">Lire la suite<\/a><\/p>\n","protected":false},"author":1,"featured_media":5340,"comment_status":"open","ping_status":"open","sticky":false,"template":"","format":"standard","meta":{"footnotes":""},"categories":[4,7,8,18,28,37,39,17,5],"tags":[420,441,346,462,54],"class_list":["post-5571","post","type-post","status-publish","format-standard","has-post-thumbnail","hentry","category-islamophobie","category-negrophobie","category-prisons","category-resistance-bruxelles","category-racismes","category-romophobie","category-sans-papier","category-video","category-violence-policiere","tag-adil","tag-lamine-bangoura","tag-mawda","tag-mehdi","tag-police"],"_links":{"self":[{"href":"https:\/\/bruxelles-pantheres.be\/index.php?rest_route=\/wp\/v2\/posts\/5571","targetHints":{"allow":["GET"]}}],"collection":[{"href":"https:\/\/bruxelles-pantheres.be\/index.php?rest_route=\/wp\/v2\/posts"}],"about":[{"href":"https:\/\/bruxelles-pantheres.be\/index.php?rest_route=\/wp\/v2\/types\/post"}],"author":[{"embeddable":true,"href":"https:\/\/bruxelles-pantheres.be\/index.php?rest_route=\/wp\/v2\/users\/1"}],"replies":[{"embeddable":true,"href":"https:\/\/bruxelles-pantheres.be\/index.php?rest_route=%2Fwp%2Fv2%2Fcomments&post=5571"}],"version-history":[{"count":5,"href":"https:\/\/bruxelles-pantheres.be\/index.php?rest_route=\/wp\/v2\/posts\/5571\/revisions"}],"predecessor-version":[{"id":5576,"href":"https:\/\/bruxelles-pantheres.be\/index.php?rest_route=\/wp\/v2\/posts\/5571\/revisions\/5576"}],"wp:featuredmedia":[{"embeddable":true,"href":"https:\/\/bruxelles-pantheres.be\/index.php?rest_route=\/wp\/v2\/media\/5340"}],"wp:attachment":[{"href":"https:\/\/bruxelles-pantheres.be\/index.php?rest_route=%2Fwp%2Fv2%2Fmedia&parent=5571"}],"wp:term":[{"taxonomy":"category","embeddable":true,"href":"https:\/\/bruxelles-pantheres.be\/index.php?rest_route=%2Fwp%2Fv2%2Fcategories&post=5571"},{"taxonomy":"post_tag","embeddable":true,"href":"https:\/\/bruxelles-pantheres.be\/index.php?rest_route=%2Fwp%2Fv2%2Ftags&post=5571"}],"curies":[{"name":"wp","href":"https:\/\/api.w.org\/{rel}","templated":true}]}}