{"id":563,"date":"2013-02-23T16:57:54","date_gmt":"2013-02-23T15:57:54","guid":{"rendered":"https:\/\/bruxelles-pantheres.be\/?p=563"},"modified":"2013-11-10T17:01:11","modified_gmt":"2013-11-10T16:01:11","slug":"conference-de-presse-de-lamdh-section-bruxelles-le-16-fevrier-2013","status":"publish","type":"post","link":"https:\/\/bruxelles-pantheres.be\/?p=563","title":{"rendered":"Conf\u00e9rence de presse de l\u2019AMDH section Bruxelles le 16 f\u00e9vrier 2013."},"content":{"rendered":"<p>A.M.D.H 16F\u00e9v2013 Conf\u00e9rence de Presse<br \/>\nen int\u00e9gralit\u00e9 par sidimediavideo<!--more--><\/p>\n<p><iframe src=\"\/\/www.youtube.com\/embed\/h2zhX6HLe4s\" height=\"315\" width=\"560\" allowfullscreen=\"\" frameborder=\"0\"><\/iframe><\/p>\n<p><strong>Conf\u00e9rence de Presse AMDH Bruxelles<\/strong><br \/>\n<img decoding=\"async\" class=\"aligncenter\" alt=\"http:\/\/gal.ulyn.net\/401753_1.jpeg\" src=\"http:\/\/gal.ulyn.net\/401753_1.jpeg\" \/><\/p>\n","protected":false},"excerpt":{"rendered":"<p>A.M.D.H 16F\u00e9v2013 Conf\u00e9rence de Presse en int\u00e9gralit\u00e9 par sidimediavideo<\/p>\n","protected":false},"author":1,"featured_media":564,"comment_status":"open","ping_status":"open","sticky":false,"template":"","format":"standard","meta":{"footnotes":""},"categories":[24,8,18,17],"tags":[],"class_list":["post-563","post","type-post","status-publish","format-standard","has-post-thumbnail","hentry","category-belgique-maroc","category-prisons","category-resistance-bruxelles","category-video"],"_links":{"self":[{"href":"https:\/\/bruxelles-pantheres.be\/index.php?rest_route=\/wp\/v2\/posts\/563","targetHints":{"allow":["GET"]}}],"collection":[{"href":"https:\/\/bruxelles-pantheres.be\/index.php?rest_route=\/wp\/v2\/posts"}],"about":[{"href":"https:\/\/bruxelles-pantheres.be\/index.php?rest_route=\/wp\/v2\/types\/post"}],"author":[{"embeddable":true,"href":"https:\/\/bruxelles-pantheres.be\/index.php?rest_route=\/wp\/v2\/users\/1"}],"replies":[{"embeddable":true,"href":"https:\/\/bruxelles-pantheres.be\/index.php?rest_route=%2Fwp%2Fv2%2Fcomments&post=563"}],"version-history":[{"count":1,"href":"https:\/\/bruxelles-pantheres.be\/index.php?rest_route=\/wp\/v2\/posts\/563\/revisions"}],"predecessor-version":[{"id":565,"href":"https:\/\/bruxelles-pantheres.be\/index.php?rest_route=\/wp\/v2\/posts\/563\/revisions\/565"}],"wp:featuredmedia":[{"embeddable":true,"href":"https:\/\/bruxelles-pantheres.be\/index.php?rest_route=\/wp\/v2\/media\/564"}],"wp:attachment":[{"href":"https:\/\/bruxelles-pantheres.be\/index.php?rest_route=%2Fwp%2Fv2%2Fmedia&parent=563"}],"wp:term":[{"taxonomy":"category","embeddable":true,"href":"https:\/\/bruxelles-pantheres.be\/index.php?rest_route=%2Fwp%2Fv2%2Fcategories&post=563"},{"taxonomy":"post_tag","embeddable":true,"href":"https:\/\/bruxelles-pantheres.be\/index.php?rest_route=%2Fwp%2Fv2%2Ftags&post=563"}],"curies":[{"name":"wp","href":"https:\/\/api.w.org\/{rel}","templated":true}]}}