{"id":5630,"date":"2023-07-02T14:29:41","date_gmt":"2023-07-02T13:29:41","guid":{"rendered":"https:\/\/bruxelles-pantheres.be\/?p=5630"},"modified":"2023-07-02T14:29:41","modified_gmt":"2023-07-02T13:29:41","slug":"declaration-de-leonard-peltier-pour-la-24eme-commemoration-du-48eme-anniversaire-de-la-bataille-a-oglagla-en-1975","status":"publish","type":"post","link":"https:\/\/bruxelles-pantheres.be\/?p=5630","title":{"rendered":"D\u00e9claration de Leonard Peltier pour la 24\u00e8me comm\u00e9moration du 48\u00e8me anniversaire de la bataille \u00e0 Oglagla en 1975"},"content":{"rendered":"<div class=\"article-logo print-only\"><img decoding=\"async\" class=\"spip_logo spip_logo_left spip_logos alignleft\" title=\"D\u00e9claration de Leonard Peltier pour la 24\u00e8me comm\u00e9moration du 48\u00e8me anniversaire de la bataille \u00e0 Oglagla en 1975\" src=\"https:\/\/www.legrandsoir.info\/local\/cache-vignettes\/L350xH238\/arton38751-8b907.jpg?1688269509\" alt=\"\" width=\"350\" height=\"238\" \/><\/div>\n<div><\/div>\n<div><\/div>\n<div class=\"article-logo print-only\">Leonard Peltier est un militant am\u00e9rindien (Native American) anishinaabe\/lakota, n\u00e9 le 12 septembre 1944, incarc\u00e9r\u00e9 depuis 1976 et condamn\u00e9 \u00e0 deux peines \u00e0 perp\u00e9tuit\u00e9. Il est membre de l\u2019American Indian Movement.L\u2019organisation Amnesty International le consid\u00e8re comme un prisonnier politique, qui \u00ab\u00a0devrait \u00eatre lib\u00e9r\u00e9 imm\u00e9diatement et sans condition\u00a0\u00bb (Wikipedia).<\/div>\n<p><!--more--><\/p>\n<div id=\"font-variable\" class=\"article-texte print-only\">\n<p>Salutations, mes parents, amis, soutiens, ceux que j\u2019aime. Je veux que vous compreniez qu\u2019apr\u00e8s toutes ces ann\u00e9es en prison, je peux ne pas penser comme vous, je peux ne pas parler de la fa\u00e7on dont vous aimeriez que je parle, mais des temps comme \u00e7a p\u00e8sent.<\/p>\n<p>On vieillit. Les genoux font mal. Le dos fait mal. Tout fait mal.<\/p>\n<p>On arrive \u00e0 un point o\u00f9 on voit les choses comme elles sont r\u00e9ellement, au-del\u00e0 des doux mots qu\u2019utilisent les gens pour qu\u2019on se sente bien, \u00e0 propos de choses qui n\u2019ont rien \u00e0 voir.<\/p>\n<p>Parlant de mon affaire, quelques fois je pense que j\u2019en parle trop, quelques fois pas assez. En pensant \u00e0 la libert\u00e9 et la justice, c\u2019est tr\u00e8s difficile de ne pas y penser. Quand on est en prison, quand on est dans une boite, un grand cercueil, jour apr\u00e8s jour, ann\u00e9e apr\u00e8s ann\u00e9e, \u00e7a ne finit jamais. C\u2019est comme \u00eatre enterr\u00e9 vivant. \u00c0 ce point particulier de mon emprisonnement, non seulement moi, mais d\u2019autres prisonniers dans cette prison de s\u00e9curit\u00e9 maximum, sommes tout le temps plac\u00e9s en isolement injustifiable, au cours duquel nous sommes confin\u00e9s \u00e0 nos cellules jour apr\u00e8s jour.<\/p>\n<p>C\u2019est comme une prison dans la prison. Nous sommes confin\u00e9s dans un espace d\u20191,8 sur 3 m\u00e8tres, avec \u00e0 peine la place pour bouger et nous ne pouvons pas faire d\u2019exercice, prendre de douche, ou avoir une aide m\u00e9dicale. \u00c7a s\u2019est produit constamment, c\u2019est une forme de torture et tout \u00e0 fait ill\u00e9gal.<\/p>\n<p>Quelque part dans la Constitution, il y a une loi contre les punitions cruelles et inhabituelles. \u00c7a arrive si souvent que c\u2019est un enfer de cruaut\u00e9 et on en arrive \u00e0 ce que ne soit m\u00eame plus inhabituel.<\/p>\n<p>Il faut qu\u2019un changement se produise. Nous avons besoin que des gens prennent contact avec leurs Repr\u00e9sentants au Congr\u00e8s, leurs S\u00e9nateurs et le Pr\u00e9sident. Les Etats-Unis ne sont pas suppos\u00e9s \u00eatre ce qu\u2019ils sont en train de devenir.<\/p>\n<p>Ce qui m\u2019arrive, et \u00e0 ces autres prisonniers, pourrait vous arriver, \u00e0 vous et votre famille et aux membres de votre communaut\u00e9. Si nous ne pouvons pas arr\u00eater \u00e7a, \u00e7a va devenir normal et des gens mourront et se suicideront en prison. Ils perdront tout espoir d\u2019\u00eatre soulag\u00e9s de leur souffrance. Adressez-vous partout o\u00f9 vous pouvez pour faire la diff\u00e9rence, pour amener un changement. Je parle peut-\u00eatre trop de prison, mais je ne peux pas parler de justice dans ce monde, dans cette nation.<\/p>\n<p>Chaque preuve utilis\u00e9e pour me condamner a \u00e9t\u00e9 prouv\u00e9e fausse au tribunal. \u00c7a repose sur des mensonges. Ils ont viol\u00e9 toutes sortes de lois internationales pour m\u2019extrader du Canada. Ils n\u2019ont pas respect\u00e9 les accords qu\u2019ils avaient sign\u00e9 quand ils m\u2019ont extrad\u00e9. Ce sont des questions pour le dossier du tribunal\u00a0\u2013\u00a0pas juste pour que je le dise avec une opinion. Des informations continuent d\u2019apparaitre \u00e0 propos de la collusion de deux nations pour m\u2019enterrer.<\/p>\n<p>Ce jour de 1975, je r\u00e9sistais \u00e0 l\u2019extermination de notre peuple. Pr\u00e8s de cinq d\u00e9cennies plus tard, je r\u00e9siste toujours, je ne suis pas d\u00e9truit.<\/p>\n<p>Depuis pr\u00e8s de cinq d\u00e9cennies, ma vie a \u00e9t\u00e9 une s\u00e9rie de tortures. Au Canada, j\u2019\u00e9tais d\u00e9tenu dans le couloir de la mort, dans une cellule sans lumi\u00e8re, attendant d\u2019\u00eatre ex\u00e9cut\u00e9. \u00c0 Leavenworth, ils m\u2019ont d\u00e9tenu au trou pendant des semaines, sans le dire \u00e0 mes proches, alors qu\u2019il faisait plus de 50\u00b0. \u00c0 Marion j\u2019\u00e9tais d\u00e9tenu dans une privation sensorielle totale. \u00c0 Coleman 1, j\u2019ai \u00e9t\u00e9 enferm\u00e9 pendant deux ans dans un cercueil sale, sans soins m\u00e9dicaux, m\u00eame pas une douche, pendant des semaines d\u2019affil\u00e9.<\/p>\n<p>Cependant, je suis dans le vrai.<\/p>\n<p>J\u2019aurais pu quitter la prison sur un mensonge, mais mon sacrifice doit servir \u00e0 quelque chose, ou ma vie ne compterait pour rien.<\/p>\n<p>Au-del\u00e0 de \u00e7a, je veux rappeler \u00e0 tous la n\u00e9cessit\u00e9 d\u2019aider nos enfants \u00e0 d\u00e9velopper de fortes capacit\u00e9s d\u2019adaptation. Aidez-les \u00e0 avoir des activit\u00e9s de loisir saines. Nous devons trouver le moyen de combattre l\u2019utilisation rampante de m\u00e9thadone dont je me rends compte qu\u2019elle existe partout dans nos r\u00e9serves, et l\u2019alcoolisme, qui a toujours signifi\u00e9 notre effondrement. L\u2019alcool est une drogue. Les gens ordinaires ne pensent pas que c\u2019est une drogue, mais \u00e7a a caus\u00e9 un traumatisme g\u00e9n\u00e9rationnel qui persiste. Et des atteintes durables \u00e0 travers les g\u00e9n\u00e9rations \u00e0 l\u2019ADN de notre peuple et des enfants \u00e0 venir.<\/p>\n<p>\u00c0 part tout cela, nous devons d\u00e9velopper des capacit\u00e9s de survie afin que nos enfants sachent comment parler, se conduire, et \u00e0 quoi faire attention dans ce pays qui nous hait.<\/p>\n<p>Ils veulent ce que nous avons, et nous y faisons obstacle. Ils veulent les ressources qui restent dans nos r\u00e9serves. Ils veulent de l\u2019or. De l\u2019uranium. Maintenant, ils veulent tout ce qui sert \u00e0 faire des batteries et ils se tournent vers les r\u00e9serves, des terres qui n\u2019ont pas encore \u00e9t\u00e9 exploit\u00e9es.<\/p>\n<p>Nous n\u2019entendons pas dire qu\u2019ils creusent le champ d\u2019un agriculteur, o\u00f9 que ce soit, ou d\u00e9placent la maison d\u2019un riche, mais \u00e7a ne les g\u00eane pas de condamner une maison Indienne, ou une terre, et de les prendre.<\/p>\n<p>Nous devons nous pr\u00e9parer. Nous devons prendre la responsabilit\u00e9 de notre sant\u00e9 et de notre bien-\u00eatre. La nourriture que nous sommes forc\u00e9s de manger est, d\u2019une mani\u00e8re ou d\u2019une autre, contamin\u00e9e par des poisons. On nous donne la quantit\u00e9 de nourriture pour des ann\u00e9es, mais elle pourrira en une journ\u00e9e.<\/p>\n<p>Tout cela a contribu\u00e9 \u00e0 une mauvaise sant\u00e9. Maladies de c\u0153ur. Cancer.<\/p>\n<p>Ces choses, je suis forc\u00e9 d\u2019y penser, en prison. J\u2019aime notre peuple. Je soutien notre peuple. Sinon, je ne sais pas o\u00f9 je serais, mais probablement pas ici.<\/p>\n<p>Vous devez faire votre part. Vous devez r\u00e9sister. Vous devez parler. Vous devez, non seulement parler, mais faire des choses. Vous devez faire ce qui est n\u00e9cessaire pour arr\u00eater l\u2019exploitation et la destruction de notre peuple et notre terre. Le meilleur moyen de le faire est par l\u2019\u00e9ducation. Assurez-vous que nos enfants sachent comment satisfaire eux-m\u00eames leurs besoins, ceux des g\u00e9n\u00e9rations futures et de Notre M\u00e8re la Terre.<\/p>\n<p>Le syst\u00e8me d\u2019\u00e9ducation qui nous a men\u00e9s l\u00e0 o\u00f9 nous sommes maintenant est pr\u00e9judiciable \u00e0 la vie m\u00eame. La vie cherche la vie. La vie n\u2019est pas fond\u00e9e sur les produits chimiques et le p\u00e9trole. La vie est fond\u00e9e sur les choses naturelles que le Cr\u00e9ateur a faites pour nous. Nous sommes reli\u00e9s aux arbres. Les arbres nous donnent de l\u2019oxyg\u00e8ne. Ils nous donnent de l\u2019ombre. Ils nous donnent de la nourriture. Ils nous donnent des mat\u00e9riaux pour construire\u00a0\u2013\u00a0toutes ces choses.<\/p>\n<p>C\u2019est pourquoi j\u2019essaie de promouvoir un mouvement \u00ab\u00a0plantez un arbre\u00a0\u00bb partout dans le monde. Une for\u00eat de nourriture.<\/p>\n<p>Vous savez, je ne peux rien faire d\u2019ici. Je fais de mon mieux pour utiliser les contacts limit\u00e9s que j\u2019ai pour renforcer la vie pour des g\u00e9n\u00e9rations futures, les enfants de nos enfants, les enfants de toute la terre.<\/p>\n<p>C\u2019est une chose que nous devons tous faire.<\/p>\n<p>Tout en parlant, je veux me rappeler Joe Stuntz. Beaucoup de gens ont donn\u00e9 leurs vies pour le Mouvement. Joe Stuntz a donn\u00e9 sa vie ce jour-l\u00e0, le 26 juin. Un jeune homme s\u2019est dress\u00e9 comme un homme et dit \u00ab\u00a0Vous ne pouvez pas venir ici. Vous ne pouvez pas nous traiter comme cela.\u00a0\u00bb<\/p>\n<p>Ils ont tir\u00e9 et l\u2019ont tu\u00e9.<\/p>\n<p>Joe n\u2019est pas mort. Son esprit vit. L\u2019esprit de r\u00e9sistance. L\u2019esprit de r\u00e9sister pour ce qui est bien et essayer de corriger ce qui est mal.<\/p>\n<p><img decoding=\"async\" class=\"size-full wp-image-8093 aligncenter\" src=\"https:\/\/chrisp.lautre.net\/wpblog\/wp-content\/uploads\/2023\/07\/JoeStuntz.jpg\" sizes=\"(max-width: 600px) 100vw, 600px\" srcset=\"https:\/\/chrisp.lautre.net\/wpblog\/wp-content\/uploads\/2023\/07\/JoeStuntz.jpg 600w, https:\/\/chrisp.lautre.net\/wpblog\/wp-content\/uploads\/2023\/07\/JoeStuntz-300x193.jpg 300w\" alt=\"\" width=\"600\" height=\"386\" \/><\/p>\n<p>Ce jour du souvenir, c\u2019est un jour pour honorer les gens qui ont r\u00e9sist\u00e9 sur ces terres. Quand je dis \u00ab\u00a0ces terres\u00a0\u00bb, toutes les terres de la plan\u00e8te sont les n\u00f4tres. Nous sommes Autochtones de ce pays. Il y a d\u2019autres gens qui sont citoyens, mais ils ne sont pas Autochtones de ce pays. Ils peuvent \u00eatre d\u2019Europe, d\u2019Asie, ou n\u2019importe quel endroit sur terre, mais nous sommes Autochtones de ce pays.<\/p>\n<p>Partout o\u00f9 nous nous tenons. Partout o\u00f9 nous marchons, nous marchons parmi les cendres de notre peuple. Je veux que vous profitiez de ce jour, que vous profitiez de demain, mais faites ce que vous devez faire. Pour \u00eatre pr\u00eats, pour pr\u00e9parer vos enfants \u00e0 toutes ces choses qui nous tombent dessus, \u00e0 cause de cette soci\u00e9t\u00e9 qui croit toujours \u00eatre \u00e0 un achat du bonheur.<\/p>\n<p>Tout le monde et toutes les entreprises de cette soci\u00e9t\u00e9 vous apprennent \u00e0 vivre comme un drogu\u00e9 \u2013 n\u2019importe quoi pour un shoot.<\/p>\n<p>Nous devons vivre pour toutes les g\u00e9n\u00e9rations. Nous devons vivre pour notre peuple.<\/p>\n<p>Si mes mots et mes pens\u00e9es ont l\u2019air un peu \u00e9parpill\u00e9s, je n\u2019ai pas souvent l\u2019occasion de m\u2019exprimer. Il y a tant de choses que je veux dire. Peut-\u00eatre j\u2019en ai dit trop, ou pas assez.<\/p>\n<p>Je vous aime. Je me pr\u00e9occupe de vous. Je prie pour vous.<\/p>\n<p>Je cherche ma libert\u00e9. En cherchant ma libert\u00e9, j\u2019esp\u00e8re pouvoir d\u00e9faire les attitudes ill\u00e9gales qui m\u2019ont mis ici et font que beaucoup de gens de notre peuple surchargent les prisons.<\/p>\n<p>Dans le Dakota du Sud, je pense que 15% de la population de l\u2019\u00c9tat sont Autochtones, mais nous sommes 45% de la population des prisons.<\/p>\n<p>Ce n\u2019est pas bon. C\u2019est \u00e0 cause de la pauvret\u00e9, du manque d\u2019\u00e9ducation, des pensionnats qui ont fait tout leur possible pour nous d\u00e9truire.<\/p>\n<p>Tout cela \u00e9tant dit \u2013 je vous aime. Je me pr\u00e9occupe de vous. Je veux que vous soyez en s\u00e9curit\u00e9. Je veux que vous viviez en s\u00e9curit\u00e9, je veux que vous viviez en bonne sant\u00e9.<\/p>\n<p>Souvenez-vous de moi. Si vous pouvez, plantez un arbre.<\/p>\n<p>Pour le moment, votre parent, fr\u00e8re, ancien, Leonard Peltier.<\/p>\n<p>Mitakuye Oyasin, In the Spirit of Crazy Horse.<\/p>\n<p>Doksha.<\/p>\n<p>26 juin 2023<br class=\"autobr\" \/>Publi\u00e9 par Censored News<br class=\"autobr\" \/>Traduction Christine Prat, CSIA-Nitassinan<\/p>\n<p><a href=\"https:\/\/chrisp.lautre.net\/wpblog\/++cs_INTERRO++p=8091\">SOURCE<\/a><\/p>\n<p><img decoding=\"async\" src=\"https:\/\/chrisp.lautre.net\/wpblog\/wp-content\/uploads\/2021\/10\/LeonardAdresse288.jpg\" \/><img decoding=\"async\" src=\"https:\/\/chrisp.lautre.net\/wpblog\/wp-content\/uploads\/2022\/07\/AppelLeonardWidget.jpg\" \/><\/p>\n<\/div>\n","protected":false},"excerpt":{"rendered":"<p>Leonard Peltier est un militant am\u00e9rindien (Native American) anishinaabe\/lakota, n\u00e9 le 12 septembre 1944, incarc\u00e9r\u00e9 depuis 1976 et condamn\u00e9 \u00e0 deux peines \u00e0 perp\u00e9tuit\u00e9. Il est membre de l\u2019American Indian Movement.L\u2019organisation Amnesty International le consid\u00e8re comme un prisonnier politique, qui \u00ab\u00a0devrait \u00eatre lib\u00e9r\u00e9 imm\u00e9diatement et sans condition\u00a0\u00bb (Wikipedia).<\/p>\n","protected":false},"author":1,"featured_media":5631,"comment_status":"open","ping_status":"open","sticky":false,"template":"","format":"standard","meta":{"footnotes":""},"categories":[21,4,7,18,28],"tags":[360,533,337],"class_list":["post-5630","post","type-post","status-publish","format-standard","has-post-thumbnail","hentry","category-anti-imperialisme","category-islamophobie","category-negrophobie","category-resistance-bruxelles","category-racismes","tag-amerindiens","tag-american-indian-movement","tag-leonard-peltier"],"_links":{"self":[{"href":"https:\/\/bruxelles-pantheres.be\/index.php?rest_route=\/wp\/v2\/posts\/5630","targetHints":{"allow":["GET"]}}],"collection":[{"href":"https:\/\/bruxelles-pantheres.be\/index.php?rest_route=\/wp\/v2\/posts"}],"about":[{"href":"https:\/\/bruxelles-pantheres.be\/index.php?rest_route=\/wp\/v2\/types\/post"}],"author":[{"embeddable":true,"href":"https:\/\/bruxelles-pantheres.be\/index.php?rest_route=\/wp\/v2\/users\/1"}],"replies":[{"embeddable":true,"href":"https:\/\/bruxelles-pantheres.be\/index.php?rest_route=%2Fwp%2Fv2%2Fcomments&post=5630"}],"version-history":[{"count":1,"href":"https:\/\/bruxelles-pantheres.be\/index.php?rest_route=\/wp\/v2\/posts\/5630\/revisions"}],"predecessor-version":[{"id":5632,"href":"https:\/\/bruxelles-pantheres.be\/index.php?rest_route=\/wp\/v2\/posts\/5630\/revisions\/5632"}],"wp:featuredmedia":[{"embeddable":true,"href":"https:\/\/bruxelles-pantheres.be\/index.php?rest_route=\/wp\/v2\/media\/5631"}],"wp:attachment":[{"href":"https:\/\/bruxelles-pantheres.be\/index.php?rest_route=%2Fwp%2Fv2%2Fmedia&parent=5630"}],"wp:term":[{"taxonomy":"category","embeddable":true,"href":"https:\/\/bruxelles-pantheres.be\/index.php?rest_route=%2Fwp%2Fv2%2Fcategories&post=5630"},{"taxonomy":"post_tag","embeddable":true,"href":"https:\/\/bruxelles-pantheres.be\/index.php?rest_route=%2Fwp%2Fv2%2Ftags&post=5630"}],"curies":[{"name":"wp","href":"https:\/\/api.w.org\/{rel}","templated":true}]}}