{"id":5633,"date":"2023-07-07T10:28:12","date_gmt":"2023-07-07T09:28:12","guid":{"rendered":"https:\/\/bruxelles-pantheres.be\/?p=5633"},"modified":"2023-07-07T10:28:12","modified_gmt":"2023-07-07T09:28:12","slug":"francoise-verges-il-y-a-des-zones-a-defendre-dans-ces-quartiers-populaires","status":"publish","type":"post","link":"https:\/\/bruxelles-pantheres.be\/?p=5633","title":{"rendered":"Fran\u00e7oise Verg\u00e8s\u00a0: \u00ab\u00a0Il y a des zones \u00e0 d\u00e9fendre dans ces quartiers populaires\u00a0\u00bb"},"content":{"rendered":"<div>Pour la politologue Fran\u00e7oise Verg\u00e8s, la destruction \u00e9cologique et le meurtre de Nahel ont les m\u00eames racines, coloniales. Apr\u00e8s le reflux du mouvement social, elle affirme que ce sont ces jeunes qui tiennent d\u00e9sormais la lutte.<\/div>\n<div class=\"texte\">\n<p><i>Fran\u00e7oise Verges est politologue et militante f\u00e9ministe d\u00e9coloniale. Elle soutient officiellement les Soul\u00e8vements de la Terre et a \u00e9crit le chapitre\u00a0<\/i>\u00ab<small class=\"fine d-inline\">\u00a0<\/small>\u00c9tat toujours colonial<small class=\"fine d-inline\">\u00a0<\/small>\u00bb<i>\u00a0dans le livre\u00a0<\/i>On ne dissout pas un Soul\u00e8vement<i>\u00a0(Seuil, 2023).<\/i><\/p>\n<\/div>\n<p><!--more--><\/p>\n<p><img decoding=\"async\" class=\"image_logo voir_logo aligncenter\" style=\"box-sizing: border-box; -webkit-font-smoothing: antialiased; height: auto; vertical-align: middle; border: 0px; max-width: 100%; margin: 0px 0px 32px;\" src=\"https:\/\/reporterre.net\/local\/cache-vignettes\/L720xH480\/i76a4091-0d547.jpg?1688149939\" alt=\"Fran\u00e7oise Verg\u00e8s\u00a0: \u00ab&lt;small class=&quot;fine d-inline&quot;&gt;\u00a0&lt;\/small&gt;Il y a des zones \u00e0 d\u00e9fendre dans ces quartiers populaires&lt;small class=&quot;fine d-inline&quot;&gt;\u00a0&lt;\/small&gt;\u00bb\" width=\"720\" height=\"480\" \/><\/p>\n<p><strong>Reporterre \u2014 Comment r\u00e9agissez-vous \u00e0 la mort de Nahel, cet adolescent de 17\u00a0ans tu\u00e9 par la police mardi 28\u00a0juin\u202f<small class=\"fine d-inline\">\u00a0<\/small>?<\/strong><\/p>\n<p><strong>Fran\u00e7oise Verg\u00e8s \u2014<\/strong>\u00a0Le meurtre de Nahel s\u2019inscrit dans une s\u00e9rie de meurtres impunis orchestr\u00e9s depuis des ann\u00e9es par la police. On se souvient \u00e9videmment de Zyed et Bouna en 2005 mais il y en a eu tellement d\u2019autres. La politique de l\u2019\u00c9tat prive de leur adolescence de jeunes noirs et arabes, enfants et adolescents.<\/p>\n<p>Il y a quelque chose de profond\u00e9ment raciste dans l\u2019institution polici\u00e8re fran\u00e7aise. Une g\u00e9n\u00e9alogie\u00a0historique se voit, des milices arm\u00e9es des plantations \u00e0 la police coloniale, collaboratrice, fasciste, antis\u00e9mite. Elle a tortur\u00e9, tu\u00e9 et noy\u00e9 des Alg\u00e9riens, accueille des syndicats d\u2019extr\u00eame droite. Et sa formation est viriliste et militariste. Et pourtant, \u00e0 chaque crime, on entend les m\u00eames \u00e9l\u00e9ments de langage\u00a0:\u00a0<i>\u00ab<small class=\"fine d-inline\">\u00a0<\/small>Toute la police n\u2019est pas comme \u00e7a<small class=\"fine d-inline\">\u00a0<\/small>\u00bb<\/i>,\u00a0<i>\u00ab<small class=\"fine d-inline\">\u00a0<\/small>c\u2019est une d\u00e9rive individuelle<small class=\"fine d-inline\">\u00a0<\/small>\u00bb<\/i>, etc.<\/p>\n<blockquote class=\"spip\"><p>\u00ab<small class=\"fine d-inline\">\u00a0<\/small>C\u2019est tout un syst\u00e8me qu\u2019il s\u2019agit de remettre en cause<small class=\"fine d-inline\">\u00a0<\/small>\u00bb<\/p><\/blockquote>\n<p>L\u2019assassinat de Nahel intervient dans ce contexte. S\u2019il n\u2019y avait pas eu la vid\u00e9o de cette passante, on n\u2019aurait eu que la version polici\u00e8re avec ses mensonges. Cette police prot\u00e8ge les siens, ment, falsifie ses comptes rendus et jouit d\u2019une scandaleuse impunit\u00e9.<\/p>\n<p>C\u2019est tout un syst\u00e8me qu\u2019il s\u2019agit de remettre en cause et non quelques brebis galeuses. Si ce policier s\u2019est servi de son arme, c\u2019est gr\u00e2ce \u00e0 la loi de 2017, vot\u00e9e sous Hollande, qui \u00e9largit la possibilit\u00e9 d\u2019ouvrir le feu. La loi s\u00e9paratisme, qui criminalisait la communaut\u00e9 musulmane, a ajout\u00e9 \u00e0 leur sentiment d\u2019impunit\u00e9.<\/p>\n<p>Condamner lourdement le policier assassin certes donnera un sentiment de justice mais la structure restera, comme les lois qui encouragent \u00e0 faire usage des armes \u00e0 feu. Aux \u00c9tats-Unis, la condamnation du policier qui a tu\u00e9 George Floyd n\u2019a pas emp\u00each\u00e9 les violences polici\u00e8res de red\u00e9marrer ensuite.<\/p>\n<p><br class=\"autobr\" \/><strong>On assiste aujourd\u2019hui \u00e0 un soul\u00e8vement de la jeunesse dans les quartiers populaires, qu\u2019en pensez-vous<small class=\"fine d-inline\">\u00a0<\/small>?<\/strong><\/p>\n<p>C\u2019est une col\u00e8re tout \u00e0 fait l\u00e9gitime. Ce sont des quartiers o\u00f9 les services publics et les transports existent \u00e0 peine, o\u00f9 les gens sont \u00e9puis\u00e9s et entass\u00e9s dans des logements mal entretenus. Ils vivent une maltraitance syst\u00e9mique.<\/p>\n<p>On fait comprendre \u00e0 ces populations, de mani\u00e8re quotidienne, que leur vie ne compte pas. Pas seulement parce qu\u2019ils sont arr\u00eat\u00e9s par la police ou \u00e0 cause du contr\u00f4le au faci\u00e8s, mais aussi parce que leur quartier est abandonn\u00e9 et d\u00e9laiss\u00e9, qu\u2019il n\u2019y a pas d\u2019avenir. Et pourtant il y a de formidables organisations de solidarit\u00e9 dans ces quartiers, un fort sentiment d\u2019appartenance \u00e0 une communaut\u00e9 soud\u00e9e.<\/p>\n<div class=\"spip_document_71372 spip_document spip_documents spip_document_image spip_documents_center spip_document_center spip_document_avec_legende\" data-legende-len=\"153\" data-legende-lenx=\"xxx\">\n<figure class=\"spip_doc_inner\"><img decoding=\"async\" src=\"https:\/\/reporterre.net\/IMG\/jpg\/i76a6407_franc_oise_verge_s.jpg\" alt=\"\" width=\"1200\" height=\"800\" \/><figcaption class=\"spip_doc_legende\">\n<div class=\"spip_doc_titre\">Fran\u00e7oise Verg\u00e8s a pris la parole au rassemblement contre la dissolution des Soul\u00e8vements de la Terre, le 28\u00a0juin \u00e0 Paris.\u00a0<i>\u00a9 Mathieu G\u00e9non \/ Reporterre<\/i><\/div>\n<\/figcaption><\/figure>\n<\/div>\n<p>R\u00e9cemment, je discutais avec des femmes de ces quartiers qui me demandaient\u00a0:\u00a0<i>\u00ab<small class=\"fine d-inline\">\u00a0<\/small>Mais pourquoi notre ville n\u2019est pas propre<small class=\"fine d-inline\">\u00a0<\/small>?<small class=\"fine d-inline\">\u00a0<\/small>\u00bb<\/i><small class=\"fine d-inline\">\u00a0<\/small>;\u00a0<i>\u00ab<small class=\"fine d-inline\">\u00a0<\/small>Pourquoi il n\u2019y pas d\u2019arbres, de jardins, d\u2019endroits pour les enfants<small class=\"fine d-inline\">\u00a0<\/small>?<small class=\"fine d-inline\">\u00a0<\/small>\u00bb<\/i>\u00a0En creux, c\u2019est une image d\u2019elles-m\u00eames qu\u2019on leur renvoie\u00a0: vous n\u2019en \u00eates pas dignes. Vous \u00eates un surplus.<\/p>\n<p>C\u2019est tout \u00e0 fait normal que cela d\u00e9borde et explose. Nahel, c\u2019est n\u2019importe lequel d\u2019entre eux, c\u2019est leur fr\u00e8re, leur cousin, leur ami. Ils ont compris qu\u2019il y avait une menace de mort qui pesait sur eux.<\/p>\n<p><br class=\"autobr\" \/><strong>Cette r\u00e9volte est explosive avec de nombreux pillages et destructions, il y a une sorte de rage \u00e0 l\u2019\u00e9tat pur.<\/strong><\/p>\n<p>Oui, ces jeunes savent ce qu\u2019est l\u2019\u00c9tat. Ils le subissent dans leur chair. Ils ont compris que les autorit\u00e9s font semblant de discuter. Ils ne se laisseront donc pas amadouer par un grand d\u00e9bat, une \u00e9ni\u00e8me conf\u00e9rence ou un quelconque bavardage. Leur lucidit\u00e9 est pr\u00e9coce et d\u2019autant plus remarquable qu\u2019on assiste en parall\u00e8le \u00e0 une certaine pacification des autres forces du mouvement social, syndical et politique.<\/p>\n<p>\u00c0 l\u2019heure actuelle, et malgr\u00e9 les preuves accumul\u00e9es, certains croient encore que les ministres vont les \u00e9couter, alors que ce gouvernement, comme les pr\u00e9c\u00e9dents, n\u2019\u00e9coute pas. Il ne c\u00e8de que via le rapport de force et la pression. Le gouvernement a enterr\u00e9 les manifestations contre la r\u00e9forme des retraites, il va passer sa loi sur l\u2019immigration. Il y a quelque chose de terrible. Et aujourd\u2019hui, je le dis, franchement, ce sont ces jeunes qui tiennent la lutte, et non pas ceux qui cherchent encore \u00e0 parler gentiment.<\/p>\n<p><br class=\"autobr\" \/><strong>Pour vous, il y a quelque chose d\u2019insurrectionnel dans ces r\u00e9voltes<small class=\"fine d-inline\">\u00a0<\/small>?<\/strong><\/p>\n<p>Oui, clairement,\u00a0ce sont des insurrections d\u2019ordre politique. Avec un ferment r\u00e9volutionnaire. Il faut le comprendre, ce n\u2019est pas la r\u00e9volution comme dans les livres, mais un mouvement fort, profond, qui parle. On n\u2019entend sur les radios que les gens qui d\u00e9plorent les voitures br\u00fbl\u00e9es, mais jamais ces jeunes. Le pouvoir veut que leur r\u00e9volte reste mutique, qu\u2019il n\u2019y ait que l\u2019image d\u2019une violence sans mots qui reste.<\/p>\n<p>Leurs gestes sont autant de d\u00e9fis envoy\u00e9s au pouvoir. Ils attaquent les institutions qui sont pour eux des instruments de dominations \u2014\u00a0les commissariats, les \u00e9coles qui les dirigent vers des voies de garage, etc. Ils savent que ces institutions ne sont pas l\u00e0 pour qu\u2019ils aient une vie autonome mais pour les soumettre. Ils vivent ce m\u00e9pris au quotidien.<\/p>\n<blockquote class=\"spip\"><p>\u00ab<small class=\"fine d-inline\">\u00a0<\/small>Les cibles qu\u2019ils choisissent ne sont pas d\u00e9politis\u00e9es<small class=\"fine d-inline\">\u00a0<\/small>\u00bb<\/p><\/blockquote>\n<p>On les pr\u00e9sente comme des sauvages et des barbares mais les cibles qu\u2019ils choisissent ne sont pas d\u00e9politis\u00e9es. Ils aspirent \u00e0 l\u2019\u00e9mancipation et \u00e0 l\u2019\u00e9galit\u00e9, alors que leur horizon est barr\u00e9 et qu\u2019on leur refuse leur jeunesse.<\/p>\n<p>Imaginez, il y a des enfants qui ont droit \u00e0 l\u2019adolescence, qui sont g\u00e2t\u00e9s, qui ont des voyages, qui ont connu la mer, la montagne, qu\u2019on am\u00e8ne au mus\u00e9e, au zoo, et eux, qui n\u2019ont m\u00eame pas un terrain pour jouer dehors. On leur offre un monde o\u00f9 il n\u2019y a rien, simplement le centre commercial et le Kentucky Fried Chicken (<span class=\"caps\">KFC<\/span>).<\/p>\n<p>Les jeunes ont bien vu que tous ceux qui faisaient l\u2019effort de s\u2019int\u00e9grer finissaient par rencontrer des obstacles. Et qu\u2019est-ce que les gouvernements r\u00e9pondent \u00e0 ces r\u00e9voltes<small class=\"fine d-inline\">\u00a0<\/small>? Plus de policiers, discours de\u00a0<i>\u00ab<small class=\"fine d-inline\">\u00a0<\/small>fermet\u00e9<small class=\"fine d-inline\">\u00a0<\/small>\u00bb<\/i>, couvre-feu, arrestations massives, mise en examen, comparution imm\u00e9diate\u2026<\/p>\n<p><br class=\"autobr\" \/><strong>Vous avez aussi soutenu les Soul\u00e8vements de la Terre. Quel lien peut-on faire entre les Soul\u00e8vements de la Terre et ces soul\u00e8vements de la jeunesse<small class=\"fine d-inline\">\u00a0<\/small>?<\/strong><\/p>\n<p>Cela ne doit pas \u00eatre simplement une convergence. C\u2019est-\u00e0-dire la rencontre entre deux \u00e9l\u00e9ments s\u00e9par\u00e9s. Nous devons partir des demandes et des besoins des populations des quartiers populaires et voir comment ces aspirations rejoignent ce que les Soul\u00e8vements de la Terre d\u00e9fendent. Quand les femmes avec qui je parle me disent\u00a0:\u00a0<i>\u00ab<small class=\"fine d-inline\">\u00a0<\/small>Nous, ce que l\u2019on voudrait, ce sont des arbres, des jardins, de la propret\u00e9 et que cela soit plus paisible<small class=\"fine d-inline\">\u00a0<\/small>\u00bb<\/i>, je trouve que c\u2019est une base dans laquelle les Soul\u00e8vements de la Terre pourraient tout \u00e0 fait se reconna\u00eetre.<\/p>\n<p>On ne peut pas parler ni c\u00e9l\u00e9brer la nature avec des personnes \u00e0 qui on la refuse. On veut d\u00e9fendre les criquets, les grenouilles, le vivant, mais qu\u2019est-ce qu\u2019on dit aux gens qui n\u2019y ont pas acc\u00e8s<small class=\"fine d-inline\">\u00a0<\/small>? \u00c0 qui l\u2019on n\u2019offre que du b\u00e9ton<small class=\"fine d-inline\">\u00a0<\/small>?<\/p>\n<blockquote class=\"spip\"><p>\u00ab<small class=\"fine d-inline\">\u00a0<\/small>Il y a des zones \u00e0 d\u00e9fendre dans ces quartiers populaires<small class=\"fine d-inline\">\u00a0<\/small>\u00bb<\/p><\/blockquote>\n<p>Il y a des zones \u00e0 d\u00e9fendre dans ces quartiers populaires. Elles ne sont pas du m\u00eame ordre que celle install\u00e9e \u00e0 Notre-Dame-des-Landes, mais ici aussi,\u00a0<a href=\"https:\/\/reporterre.net\/A-Aubervilliers-les-ecolos-font-plier-les-JO\">il y a des jardins ouvriers menac\u00e9s<\/a>\u00a0et des arbres abattus. Il faut partir de l\u00e0, des besoins et du v\u00e9cu des classes racis\u00e9es et populaires.<\/p>\n<p>Eux aussi se demandent comment respirer alors que leur environnement est massivement pollu\u00e9. Eux aussi se demandent comment bien se nourrir alors qu\u2019ils subissent de plein fouet l\u2019agrobusiness et que la nourriture envoy\u00e9e dans les quartiers est le plus souvent du poison.<\/p>\n<p>Nous devons sortir d\u2019une approche morale et bourgeoise qui jugerait les comportements des classes populaires et comprendre comment leur aspiration peut se m\u00ealer \u00e0 des batailles plus g\u00e9n\u00e9rales d\u2019ordre \u00e9cologique.<\/p>\n<p><br class=\"autobr\" \/><strong>Comment<small class=\"fine d-inline\">\u00a0<\/small>?<\/strong><\/p>\n<p>De la m\u00eame mani\u00e8re que l\u2019on appelle \u00e0 d\u00e9sarmer les outils de l\u2019agrobusiness \u00e0 la campagne, les m\u00e9gabassines, etc., je pense qu\u2019il faudrait saboter ce qui d\u00e9truit l\u2019environnement dans ces quartiers populaires\u00a0: les outils de gentrification, les infrastructures qui b\u00e9tonnent, les constructions li\u00e9es aux\u00a0<span class=\"caps\">JO<\/span>\u00a0qui sont une catastrophe sociale et environnementale.<\/p>\n<div class=\"spip_document_71370 spip_document spip_documents spip_document_image spip_documents_center spip_document_center spip_document_avec_legende\" data-legende-len=\"201\" data-legende-lenx=\"xxx\">\n<figure class=\"spip_doc_inner\"><img decoding=\"async\" src=\"https:\/\/reporterre.net\/IMG\/jpg\/i76a7020-2.jpg\" alt=\"\" width=\"1200\" height=\"800\" \/><figcaption class=\"spip_doc_legende\">\n<div class=\"spip_doc_titre\">Pour Fran\u00e7oise Verg\u00e8s, les causes de la destruction du monde combattue par les Soul\u00e8vements de la Terre sont indissociables de celles qui ont conduit au meurtre de Nahel.\u00a0<i>\u00a9 Mathieu G\u00e9non \/ Reporterre<\/i><\/div>\n<\/figcaption><\/figure>\n<\/div>\n<p><strong>Dans le livre \u00ab<small class=\"fine d-inline\">\u00a0<\/small>On ne dissout pas un soul\u00e8vement<small class=\"fine d-inline\">\u00a0<\/small>\u00bb, vous \u00e9crivez qu\u2019\u00ab<small class=\"fine d-inline\">\u00a0<\/small>il n\u2019y a pas de soul\u00e8vement de la terre sans l\u2019inclusion des si\u00e8cles d\u2019esclavage et de colonialisme qui posent les fondations d\u2019un racisme environnemental<small class=\"fine d-inline\">\u00a0<\/small>\u00bb. Quel lien faites-vous entre l\u2019\u00c9tat colonial et la d\u00e9vastation du monde\u202f<small class=\"fine d-inline\">\u00a0<\/small>?<\/strong><\/p>\n<p>Des si\u00e8cles de capitalisme racial, d\u2019imp\u00e9rialisme et de colonialisme ont construit un monde inhabitable et irrespirable pour des millions de personnes racis\u00e9es. C\u2019est une \u00e9vidence qu\u2019il faudrait visibiliser et rendre v\u00e9ritablement scandaleuse.<\/p>\n<p>\u00c0 l\u2019origine de la destruction \u00e9cologique, il y a un syst\u00e8me colonial avec toutes ses violences et son administration de la mort. L\u2019agrobusiness que d\u00e9noncent aujourd\u2019hui les Soul\u00e8vements de la Terre en est l\u2019h\u00e9ritier. Son mod\u00e8le est une copie des plantations sucri\u00e8res, avec la promotion de la monoculture, l\u2019immensit\u00e9 des champs, le travail sous-pay\u00e9, l\u2019appauvrissement des sols. C\u2019est la m\u00eame chose.<\/p>\n<p><br class=\"autobr\" \/><strong>Comment voyez-vous la suite<small class=\"fine d-inline\">\u00a0<\/small>?<\/strong><\/p>\n<p>La r\u00e9pression qui s\u2019abat, la militarisation, l\u2019instauration de couvre-feu r\u00e9v\u00e8le la fuite en avant du gouvernement. Les autorit\u00e9s sont aux abois, elles ne s\u2019attaquent jamais aux racines des probl\u00e8mes, ni \u00e0 la s\u00e9cheresse ni au quotidien des quartiers populaires.\u00a0Elles pr\u00e9f\u00e8rent dissoudre les Soul\u00e8vements et d\u00e9l\u00e9guer \u00e0 la police la gestion de l\u2019ordre existant.\u00a0Il va falloir se battre.<\/p>\n<p>&nbsp;<\/p>\n<p><a href=\"https:\/\/reporterre.net\/Francoise-Verges-Il-y-a-des-zones-a-defendre-dans-ces-quartiers-populaires\">Source<\/a><\/p>\n","protected":false},"excerpt":{"rendered":"<p>Pour la politologue Fran\u00e7oise Verg\u00e8s, la destruction \u00e9cologique et le meurtre de Nahel ont les m\u00eames racines, coloniales. Apr\u00e8s le reflux du mouvement social, elle affirme que ce sont ces jeunes qui tiennent d\u00e9sormais la lutte. Fran\u00e7oise Verges est politologue et militante f\u00e9ministe d\u00e9coloniale. Elle soutient officiellement les Soul\u00e8vements de la Terre et a \u00e9crit &#8230; <a title=\"Fran\u00e7oise Verg\u00e8s\u00a0: \u00ab\u00a0Il y a des zones \u00e0 d\u00e9fendre dans ces quartiers populaires\u00a0\u00bb\" class=\"read-more\" href=\"https:\/\/bruxelles-pantheres.be\/?p=5633\" aria-label=\"En savoir plus sur Fran\u00e7oise Verg\u00e8s\u00a0: \u00ab\u00a0Il y a des zones \u00e0 d\u00e9fendre dans ces quartiers populaires\u00a0\u00bb\">Lire la suite<\/a><\/p>\n","protected":false},"author":1,"featured_media":4939,"comment_status":"open","ping_status":"open","sticky":false,"template":"","format":"standard","meta":{"footnotes":""},"categories":[36,18,28,5],"tags":[44,206],"class_list":["post-5633","post","type-post","status-publish","format-standard","has-post-thumbnail","hentry","category-europe","category-resistance-bruxelles","category-racismes","category-violence-policiere","tag-ecologie","tag-francoise-verges"],"_links":{"self":[{"href":"https:\/\/bruxelles-pantheres.be\/index.php?rest_route=\/wp\/v2\/posts\/5633","targetHints":{"allow":["GET"]}}],"collection":[{"href":"https:\/\/bruxelles-pantheres.be\/index.php?rest_route=\/wp\/v2\/posts"}],"about":[{"href":"https:\/\/bruxelles-pantheres.be\/index.php?rest_route=\/wp\/v2\/types\/post"}],"author":[{"embeddable":true,"href":"https:\/\/bruxelles-pantheres.be\/index.php?rest_route=\/wp\/v2\/users\/1"}],"replies":[{"embeddable":true,"href":"https:\/\/bruxelles-pantheres.be\/index.php?rest_route=%2Fwp%2Fv2%2Fcomments&post=5633"}],"version-history":[{"count":1,"href":"https:\/\/bruxelles-pantheres.be\/index.php?rest_route=\/wp\/v2\/posts\/5633\/revisions"}],"predecessor-version":[{"id":5634,"href":"https:\/\/bruxelles-pantheres.be\/index.php?rest_route=\/wp\/v2\/posts\/5633\/revisions\/5634"}],"wp:featuredmedia":[{"embeddable":true,"href":"https:\/\/bruxelles-pantheres.be\/index.php?rest_route=\/wp\/v2\/media\/4939"}],"wp:attachment":[{"href":"https:\/\/bruxelles-pantheres.be\/index.php?rest_route=%2Fwp%2Fv2%2Fmedia&parent=5633"}],"wp:term":[{"taxonomy":"category","embeddable":true,"href":"https:\/\/bruxelles-pantheres.be\/index.php?rest_route=%2Fwp%2Fv2%2Fcategories&post=5633"},{"taxonomy":"post_tag","embeddable":true,"href":"https:\/\/bruxelles-pantheres.be\/index.php?rest_route=%2Fwp%2Fv2%2Ftags&post=5633"}],"curies":[{"name":"wp","href":"https:\/\/api.w.org\/{rel}","templated":true}]}}