{"id":5635,"date":"2023-07-17T11:58:09","date_gmt":"2023-07-17T10:58:09","guid":{"rendered":"https:\/\/bruxelles-pantheres.be\/?p=5635"},"modified":"2023-07-09T12:03:13","modified_gmt":"2023-07-09T11:03:13","slug":"amal-bentounsi-ce-deni-francais-est-scandaleux","status":"publish","type":"post","link":"https:\/\/bruxelles-pantheres.be\/?p=5635","title":{"rendered":"Entretien avec Amal Bentounsi du collectif\u00a0Urgence notre police assassine."},"content":{"rendered":"<p align=\"JUSTIFY\">\u00ab\u00a0<em>L\u2019enfant qui n\u2019est pas embrass\u00e9 par le village, le br\u00fblera pour en sentir la chaleur\u00a0<\/em>\u00bb, dit un proverbe africain. Les jeunes noirs et arabes des quartiers de France sont-ils embrass\u00e9s voire aim\u00e9s ? La r\u00e9ponse semble n\u00e9gative dans les chef des Autorit\u00e9s comme dans une large partie de la population fran\u00e7aise. Une d\u00e9testation et un m\u00e9pris racistes croissant, annonciateur d\u2019autres crimes policiers et d\u2019autres r\u00e9voltes\u2026 Depuis onze ans, Amal Bentounsi n\u2019a cess\u00e9 d\u2019alerter sur la dangerosit\u00e9 des violences polici\u00e8res et d\u00e9nonc\u00e9, d\u00e8s 2017, le vote de la loi qui a \u00ab l\u00e9galis\u00e9 \u00bb l\u2019ex\u00e9cution de Nahel. Entretien avec la fondatrice et porte-parole du collectif\u00a0<em>Urgence notre police assassine<\/em><i>.<\/i><!--more-->07 Juil 2023 par <a class=\"author url fn\" style=\"font-size: 16px;\" title=\"Articles par Olivier Mukuna\" href=\"https:\/\/www.investigaction.net\/fr\/author\/olivier-mukuna\/\" rel=\"author\">OLIVIER MUKUNA<\/a><\/p>\n<div id=\"block-single-img\">\n<p><a class=\"fancybox postimg\" href=\"https:\/\/www.investigaction.net\/wp-content\/uploads\/2023\/07\/Amal-Bentounsi-sur-BFMTV.jpg\"><img decoding=\"async\" class=\"attachment-post-single size-post-single wp-post-image aligncenter\" src=\"https:\/\/www.investigaction.net\/wp-content\/uploads\/2023\/07\/Amal-Bentounsi-sur-BFMTV-640x401.jpg\" sizes=\"(max-width: 640px) 100vw, 640px\" srcset=\"https:\/\/www.investigaction.net\/wp-content\/uploads\/2023\/07\/Amal-Bentounsi-sur-BFMTV-640x401.jpg 640w, https:\/\/www.investigaction.net\/wp-content\/uploads\/2023\/07\/Amal-Bentounsi-sur-BFMTV-300x188.jpg 300w, https:\/\/www.investigaction.net\/wp-content\/uploads\/2023\/07\/Amal-Bentounsi-sur-BFMTV-800x502.jpg 800w, https:\/\/www.investigaction.net\/wp-content\/uploads\/2023\/07\/Amal-Bentounsi-sur-BFMTV-150x94.jpg 150w, https:\/\/www.investigaction.net\/wp-content\/uploads\/2023\/07\/Amal-Bentounsi-sur-BFMTV-768x482.jpg 768w, https:\/\/www.investigaction.net\/wp-content\/uploads\/2023\/07\/Amal-Bentounsi-sur-BFMTV.jpg 1041w\" alt=\"\" width=\"640\" height=\"401\" \/><\/a><\/p>\n<div class=\"bottom\"><\/div>\n<\/div>\n<p align=\"JUSTIFY\"><strong>Amal Bentounsi\u00a0<\/strong>: J\u2019en appelle, de tous mes v\u0153ux, \u00e0 ce que le gouvernement se penche enfin sur le retrait de cette loi. Le premiers des gestes politiques \u00e0 poser pour parvenir \u00e0 diminuer les tensions\u2026 Au lieu de \u00e7a, on est en train d\u2019assister \u00e0 une v\u00e9ritable mascarade sur tous les plateaux t\u00e9l\u00e9s des m\u00e9dias dominants. C\u2019est scandaleux d\u2019avoir encore une fois ce d\u00e9ni de l\u2019injustice ! La question qui pr\u00e9domine, c\u2019est de chercher \u00e0 savoir ce qui n\u2019a pas fonctionn\u00e9 depuis les r\u00e9voltes des banlieues de 2005 ? Or, la vraie question est celle-ci : qu\u2019est-ce qui n\u2019a pas fonctionn\u00e9 depuis plus de 40 ans ? A chaque fois qu\u2019unun homme tu\u00e9 des policiers et que cela provoque \u00e9meutes et r\u00e9voltes ?! Avant de parler des cons\u00e9quences, il faut en revenir aux causes ! Revenir \u00e0 l\u2019essentiel avant de parler de quoi que ce soit. La cause, c\u2019est l\u2019ex\u00e9cution de Nahel dans le cadre de cette loi du 28 f\u00e9vrier 2017. Qu\u2019il le veuille ou non, L\u2019\u00c9tat fran\u00e7ais porte une responsabilit\u00e9 dans l\u2019homicide policier de Nahel. Ce sont les l\u00e9gislateurs, le gouvernements, actuel et pr\u00e9c\u00e9dents, qui n\u2019ont pas pris en compte l\u2019extr\u00eame dangerosit\u00e9 \u00e0 donner cette d\u00e9cision de vie ou de mort \u00e0 des policiers. Il s\u2019agit d\u2019un v\u00e9ritable \u00ab permis de tuer \u00bb qui reste arbitraire, qui est \u00e0 la gueule du client, qui rel\u00e8ve du racisme. Il est insupportable, qu\u2019avec ce nouveau meurtre d\u2019un ado, tu\u00e9 devant le monde entier, nos dirigeants politiques s\u2019enfoncent encore dans leur d\u00e9ni ; persistent \u00e0 ne pas vouloir nommer le racisme au sein de la police !<\/p>\n<p>&nbsp;<\/p>\n<p align=\"JUSTIFY\"><strong>I\u2019A : En 2017, vous alertiez d\u00e9j\u00e0 sur la dangerosit\u00e9 de cette loi (lib\u00e9ralisant les conditions d\u2019utilisation de l\u2019arme d\u2019un policier en cas de \u00ab\u00a0<em>refus d\u2019obtemp\u00e9rer<\/em>\u00a0\u00bb). Comment expliquez-vous l\u2019immobilisme de tous les Ex\u00e9cutifs fran\u00e7ais face \u00e0 ce probl\u00e8me syst\u00e9mique des violences polici\u00e8res racistes ?<\/strong><\/p>\n<p>&nbsp;<\/p>\n<p align=\"JUSTIFY\"><strong>A.B<\/strong>\u00a0: Je ne me l\u2019explique pas et je ne suis pas dans leurs t\u00eates. Tant qu\u2019il y aura une impunit\u00e9 polici\u00e8re en cas d\u2019homicide ; tant que les policiers seront les garants d\u2019une ins\u00e9curit\u00e9 physique dans les banlieues\u2026Vous savez, le vase est plus que plein pour cette jeunesse. Elle subit les humiliations polici\u00e8res au quotidien, les palpations, les matraquages, les passages \u00e0 tabac et autres injustices. Alors, cette jeunesse, elle s\u2019est imm\u00e9diatement identifi\u00e9e \u00e0 Nahel. Comme chez vous, \u00e0 Bruxelles, o\u00f9 il y a aussi eu des \u00e9meutes [dans la nuit du 29 au 30 juin]\u2026 En France, dans le cadre de cette loi relative au refus d\u2019obtemp\u00e9rer, notre collectif a recens\u00e9 16 cas d\u2019homicides policiers perp\u00e9tr\u00e9s entre 2021 et 2023. Sur ces 16 cas, le profil est quasiment identique : ce sont largement des jeunes hommes noirs et arabes issus des quartiers populaires. Comme Nahel\u2026 Cette loi de 2017 a \u00e9t\u00e9 con\u00e7ue et fabriqu\u00e9e pour ex\u00e9cuter l\u00e9galement de jeunes hommes des quartiers populaires. Mais cette norme l\u00e9gale va s\u2019imposer \u00e0 tous\u2026 On l\u2019a bien vu avec l\u2019usage du LBD (\u00ab\u00a0<i>Lanceur de Balles de D\u00e9fense<\/i>\u00a0\u00bb). Cette nouvelle arme sophistiqu\u00e9e a d\u2019abord \u00e9t\u00e9 exp\u00e9riment\u00e9 par les policiers dans les banlieues. Elle a ensuite \u00e9t\u00e9 utilis\u00e9e dans les manifs des gilets jaunes ou dans celles contre la r\u00e9forme des retraites. Et, \u00e0 nouveau, le week-end pass\u00e9, \u00e0 Marseille, un jeune homme [<strong>Mohamed B<\/strong>., 27 ans, mari\u00e9 et p\u00e8re d\u2019un enfant de deux ans] a perdu la vie apr\u00e8s avoir \u00e9t\u00e9 victime d\u2019un tir de LBD\u2026<\/p>\n<p>&nbsp;<\/p>\n<div id=\"attachment_136185\" class=\"wp-caption aligncenter\">\n<p><img decoding=\"async\" class=\"wp-image-136185\" src=\"https:\/\/www.investigaction.net\/wp-content\/uploads\/2023\/07\/Amal-et-Cantona-et-Brakni-2018.jpg\" sizes=\"(max-width: 650px) 100vw, 650px\" srcset=\"https:\/\/www.investigaction.net\/wp-content\/uploads\/2023\/07\/Amal-et-Cantona-et-Brakni-2018.jpg 722w, https:\/\/www.investigaction.net\/wp-content\/uploads\/2023\/07\/Amal-et-Cantona-et-Brakni-2018-300x234.jpg 300w, https:\/\/www.investigaction.net\/wp-content\/uploads\/2023\/07\/Amal-et-Cantona-et-Brakni-2018-150x117.jpg 150w, https:\/\/www.investigaction.net\/wp-content\/uploads\/2023\/07\/Amal-et-Cantona-et-Brakni-2018-640x499.jpg 640w\" alt=\"\" width=\"650\" height=\"507\" aria-describedby=\"caption-attachment-136185\" \/><\/p>\n<p id=\"caption-attachment-136185\" class=\"wp-caption-text\">En 2018, Amal Bentounsi (au centre) avec le couple de com\u00e9diens\u00a0<strong>Eric Cantona<\/strong>\u00a0et\u00a0<strong>Rachida Brakni<\/strong>, venus apporter leur soutien \u00e0 un \u00e9v\u00e8nement du collectif\u00a0<em>Urgence Notre Police Assassine<\/em>.<\/p>\n<\/div>\n<p><strong>I\u2019A : C\u2019est l\u2019assassinat de votre fr\u00e8re, Amine Bentounsi, qui vous a fait entrer dans l\u2019activisme. Apr\u00e8s onze ann\u00e9es de lutte contre les violences polici\u00e8res, percevez-vous des acquis positifs ou des \u00ab progr\u00e8s \u00bb dans ce terrible dossier ?<\/strong><\/p>\n<p align=\"JUSTIFY\"><strong>A.B\u00a0<\/strong>: Malgr\u00e9 que ce soit beaucoup trop lent, il y a certains progr\u00e8s. Aux policiers qui ont tu\u00e9 mon fr\u00e8re, j\u2019ai promis que\u00a0: \u00ab\u00a0<i>Je deviendrai un poison dans vos vies<\/i>\u00a0\u00bb. Depuis, avec notre Collectif, nous avons travaill\u00e9, jour et nuit, \u00e0 d\u00e9montrer que les violences polici\u00e8res ne sont ni un \u00e9piph\u00e9nom\u00e8ne ni un fait divers. Il s\u2019agissait pour nous de concentrer un maximum de cas. Ce que nous d\u00e9non\u00e7ons depuis 2012 et les lancements de nos pages sur les r\u00e9seaux sociaux ont renforc\u00e9 la perception de cette v\u00e9rit\u00e9. Les premi\u00e8res vid\u00e9os que nous avons relay\u00e9, notamment celle de Th\u00e9odore Luhaka (*), c\u2019\u00e9tait quelque chose de jamais vu en France \u00e0 l\u2019\u00e9poque. Notre travail a ensuite connu un certain succ\u00e8s sur les r\u00e9seaux sociaux, nous avons \u00e9t\u00e9 soutenus par certains artistes et tout cela s\u2019est impos\u00e9 aux m\u00e9dias. Aujourd\u2019hui, chacun.e a conscience que la captation d\u2019images est fondamentale pour d\u00e9faire les mensonges policiers a posteriori. M\u00eame si les t\u00e9moins prennent un risque en filmant un contr\u00f4le policier violent, beaucoup \u2013 et surtout les jeunes \u2013 d\u00e9gainent tout de suite leur t\u00e9l\u00e9phones\u00a0! Les policiers qui ont tu\u00e9 Nahel ont \u00e9t\u00e9 film\u00e9s par trois personnes sous trois angles diff\u00e9rents\u2026 M\u00eame si notre objectif principal est encore loin, on peut estimer qu\u2019il s\u2019agit l\u00e0 de certains acquis.<\/p>\n<p>&nbsp;<\/p>\n<div id=\"attachment_136170\" class=\"wp-caption aligncenter\">\n<p><img decoding=\"async\" class=\"wp-image-136170 size-full\" src=\"https:\/\/www.investigaction.net\/wp-content\/uploads\/2023\/07\/Amine-Bentounsi.jpg\" sizes=\"(max-width: 470px) 100vw, 470px\" srcset=\"https:\/\/www.investigaction.net\/wp-content\/uploads\/2023\/07\/Amine-Bentounsi.jpg 470w, https:\/\/www.investigaction.net\/wp-content\/uploads\/2023\/07\/Amine-Bentounsi-300x243.jpg 300w, https:\/\/www.investigaction.net\/wp-content\/uploads\/2023\/07\/Amine-Bentounsi-150x121.jpg 150w\" alt=\"\" width=\"470\" height=\"380\" aria-describedby=\"caption-attachment-136170\" \/><\/p>\n<p id=\"caption-attachment-136170\" class=\"wp-caption-text\"><strong>Amine Bentounsi<\/strong>, 29 ans, fr\u00e8re cadet d\u2019Amal, a \u00e9t\u00e9 tu\u00e9 d\u2019une balle dans le dos \u00e0 Noisy-le-Sec (Seine Saint-Denis), en 2012, par le policier\u00a0<strong>Damien Saboundjian<\/strong>. Acquitt\u00e9 en premi\u00e8re instance, celui-ci a \u00e9t\u00e9 condamn\u00e9 \u00e0 cinq ans de prison avec sursis par la Cour d\u2019assises de Paris pour \u00ab<em>violences volontaires ayant entra\u00een\u00e9 la mort sans intention de la donner<\/em>\u00bb (2017).<\/p>\n<\/div>\n<p align=\"JUSTIFY\"><strong>I\u2019A : A vos yeux de juriste, la France est-elle devenue est\u00a0 \u00ab\u00a0<em>un \u00c9tat policier<\/em>\u00a0\u00bb ?<\/strong><\/p>\n<p align=\"JUSTIFY\"><strong>A.B<\/strong>\u00a0: On est en plein dedans\u2026 C\u2019est d\u00e9j\u00e0 l\u2019\u00c9tat policier. La prochaine \u00e9tape, c\u2019est l\u2019arm\u00e9e qui va \u00eatre envoy\u00e9e dans nos quartiers. Depuis 40 ans, les diff\u00e9rents gouvernements qui se sont succ\u00e9d\u00e9 vont toujours plus loin dans le s\u00e9curitaire. C\u2019est quasi m\u00e9canique : ils prennent mesures s\u00e9curitaires apr\u00e8s mesures s\u00e9curitaires. Pour toujours mieux d\u00e9vier de l\u2019essentiel : le pourquoi, les causes. Oui, il existe une mis\u00e8re sociale et on manque de travailleurs sociaux dans nos quartiers, mais \u00e0 qui la faute ? C\u2019est encore la responsabilit\u00e9 de ce gouvernement qui ne cesse de donner toujours plus de moyens \u00e0 la police et toujours moins aux quartiers populaires. D\u2019ann\u00e9e en ann\u00e9e, chez nous, il n \u2018y a plus de services sociaux, plus d\u2019\u00e9ducateurs, plus de budgets. Ces derni\u00e8res ann\u00e9es, la police a b\u00e9n\u00e9fici\u00e9 de 225 millions d\u2019euros tandis que d\u2019autres services publics (la Sant\u00e9, l\u2019\u00c9ducation, le Social) ne per\u00e7oivent pas autant d\u2019argent. Voil\u00e0 : ces causes, la priorit\u00e9 au tout-s\u00e9curitaire, la mis\u00e8re sociale, tout cela est archi-connu et politiquement voulu ! Qu\u2019\u00e0 nouveau, on n\u2019en tienne pas compte, on persiste dans les m\u00eames erreurs, on rejoue les m\u00eames mascarades t\u00e9l\u00e9vis\u00e9es avec l\u2019injonction \u00e0 \u00ab\u00a0<em>s\u2019indigner<\/em>\u00a0\u00bb ou en appeler les parents des quartiers ou \u00e0 tenir leurs enfants : c\u2019est scandaleux ! Regardez notre ministre de la Justice [<strong>Eric Dupond-Moretti<\/strong>] qui a appel\u00e9 les magistrats \u00e0 faire preuve d\u2019une \u00ab\u00a0<i>grande s\u00e9v\u00e9rit\u00e9<\/i>\u00a0\u00bb envers ceux qui auraient commis des d\u00e9gradations, mais ce ministre n\u2019a pas eu un seul mot pour condamner avec la plus grande s\u00e9v\u00e9rit\u00e9 des policiers auteurs d\u2019homicide ! L\u2019indignation officielle est \u00e0 g\u00e9om\u00e9trie variable. Pour avoir commis des d\u00e9pr\u00e9dations, casser des vitrines et des commerces, des jeunes sans casier judiciaire sont directement condamn\u00e9s \u00e0 de la prison ferme et, dans le m\u00eame temps, des policiers qui commettent le crime le plus grave \u2013 \u00f4ter la vie d\u2019un \u00eatre humain \u2013 ne font pas un jour de prison\u2026 Comment peut-on admettre cette impunit\u00e9 et protection judiciaires pour des policiers ? Ce que le pouvoir actuel n\u2019a toujours pas compris, c\u2019est qu\u2019il doit explicitement condamner ces policiers. Car c\u2019est insupportable et \u00e7a ne peut plus durer. La col\u00e8re des jeunes est profonde ! Elle ne redescendra pas tant qu\u2019on ne se dirigera pas vers une v\u00e9ritable justice et une \u00e9galit\u00e9 de traitement\u2026<\/p>\n<p>&nbsp;<\/p>\n<p align=\"JUSTIFY\"><strong>I\u2019A : Certains vous r\u00e9torqueront que des policiers coupables d\u2019homicide ont \u00e9t\u00e9 condamn\u00e9s par la justice fran\u00e7aise. C\u2019est le cas de celui qui a assassin\u00e9 votre fr\u00e8re, condamn\u00e9 \u00e0 5 ans de prison avec sursis, ou des trois policiers qui ont mortellement \u00e9touff\u00e9 Adama Koum\u00e9 (2015), chacun condamn\u00e9 \u00e0 15 mois avec sursis\u2026<\/strong><\/p>\n<p><strong>A.B<\/strong>\u00a0: Oui, ces condamnations ont \u00e9t\u00e9 possibles gr\u00e2ce \u00e0 la jurisprudence\u00a0<strong>Malik Oussekine<\/strong>. Pour rappel, en 1986, un jeune homme, Malik Oussekine, qui n\u2019\u00e9tait pas issu d\u2019un quartier populaire, a \u00e9t\u00e9 tabass\u00e9 jusqu\u2019\u00e0 la mort par deux policiers sur la base d\u2019un\u2026 d\u00e9lit de faci\u00e8s. Ce jeune est mort parce qu\u2019il n\u2019\u00e9tait pas blanc et s\u2019appelait Malik ! Ensuite, comme d\u2019habitude, des syndicats de policiers et certains m\u00e9dias ont tent\u00e9 de le faire passer pour un \u00ab manifestant-casseur \u00bb ou un jeune repr\u00e9sentant une menace pour l\u2019ordre public. Ce qui \u00e9tait faux. Depuis, cette affaire de meurtre, d\u00e9monstrative de la violence raciste de la police, a fait jurisprudence lorsqu\u2019il n\u2019y a pas d\u2019autre issue, pour les magistrats, que de condamner des policiers auteurs d\u2019un homicide. \u2018<i>Cinq ans de prison avec sursis<\/i>\u2018, c\u2019est ce que donnent g\u00e9n\u00e9ralement les juges lorsque les preuves sont l\u00e0 et exigent une condamnation p\u00e9nale. Mais ils ne vont pas plus loin\u2026 Je ne suis pas la seule \u00e0 estimer que cette cl\u00e9mence judiciaire envers ces policiers criminels (qui ne feront pas un seul jour de prison) rel\u00e8ve de l\u2019impunit\u00e9 en lieu et place d\u2019une v\u00e9ritable justice.<\/p>\n<p>&nbsp;<\/p>\n<div id=\"attachment_136164\" class=\"wp-caption aligncenter\">\n<p><img decoding=\"async\" class=\"wp-image-136164\" src=\"https:\/\/www.investigaction.net\/wp-content\/uploads\/2023\/07\/Amal-Urgence-notre-police-Assassine-2.jpg\" sizes=\"(max-width: 450px) 100vw, 450px\" srcset=\"https:\/\/www.investigaction.net\/wp-content\/uploads\/2023\/07\/Amal-Urgence-notre-police-Assassine-2.jpg 357w, https:\/\/www.investigaction.net\/wp-content\/uploads\/2023\/07\/Amal-Urgence-notre-police-Assassine-2-300x286.jpg 300w, https:\/\/www.investigaction.net\/wp-content\/uploads\/2023\/07\/Amal-Urgence-notre-police-Assassine-2-150x143.jpg 150w\" alt=\"\" width=\"450\" height=\"429\" aria-describedby=\"caption-attachment-136164\" \/><\/p>\n<p id=\"caption-attachment-136164\" class=\"wp-caption-text\">Amal Bentounsi participant \u00e0 une manifestation \u00e0 Paris, le 15 mars 2021.<\/p>\n<\/div>\n<p align=\"JUSTIFY\"><strong><br \/>\nI\u2019A\u00a0: Que pensez-vous du diff\u00e9rentiel des \u00ab\u00a0<em>cagnottes<\/em>\u00a0\u00bb (*) : 1,6 millions d\u2019euros r\u00e9colt\u00e9s, en cinq jours, pour la famille de Florian M. qui a tu\u00e9 Nahel et, dans le m\u00eame temps, plus de 400.000 \u20ac (quatre fois moins) r\u00e9colt\u00e9s pour la m\u00e8re de Nahel ?<\/strong><\/p>\n<p align=\"JUSTIFY\"><strong>A.B\u00a0<\/strong>: Cela traduit plusieurs choses. D\u2019abord, l\u2019effet n\u00e9faste de cette m\u00e9diatisation \u00e0 outrance qui ne va que dans un seul sens. Celui o\u00f9 Nahel aurait carr\u00e9ment \u00ab\u00a0<em>m\u00e9rit\u00e9\u00a0<\/em>\u00bb\u00a0ou\u00a0 \u00ab\u00a0<em>cherch\u00e9\u00a0<\/em>\u00bb \u00a0ce qui lui est arriv\u00e9. C\u2019est le discours policier\u00a0: justifier la mort d\u2019un homme sous pr\u00e9texte que celui-ci aurait commis des infractions, des d\u00e9pr\u00e9dations ou les aurait menac\u00e9s. La majorit\u00e9 des m\u00e9dias donne largement la parole \u00e0 ces prises de positions s\u00e9curitaires \u2013 qui vont jusqu\u2019\u00e0 justifier l\u2019ex\u00e9cution d\u2019un mineur -, mais quasiment jamais aux personnes concern\u00e9es et qui ont des choses pertinentes \u00e0 dire. Ensuite, nous vivons dans une soci\u00e9t\u00e9 individualiste ou beaucoup de gens ne pensent qu\u2019\u00e0 leur propre situation, leur propre s\u00e9curit\u00e9, sans s\u2019interroger, un seul instant, sur le probl\u00e8me collectif\u00a0; sur ce que \u00e7a signifie d\u2019accepter daller toujours plus loin dans ces lois s\u00e9curitaires et cette r\u00e9pression polici\u00e8re mortif\u00e8res. Enfin, cette cagnotte en faveur du policier qui a tu\u00e9 Nahel est bien s\u00fbr ind\u00e9cente, orchestr\u00e9e par l\u2019extr\u00eame-droite puis complaisamment relay\u00e9e par les m\u00e9dias. Celui qui n\u2019a pas compris le message de cette cagnotte ne peut rien comprendre d\u2019autre. Car c\u2019est limpide\u00a0: celles et ceux qui ont vers\u00e9 de l\u2019argent pour ce policier ont envie que la police tue des noirs et des arabes. C\u2019est tr\u00e8s inqui\u00e9tant pour l\u2019avenir\u2026<\/p>\n<p align=\"JUSTIFY\"><img decoding=\"async\" class=\"wp-image-136217 size-full aligncenter\" src=\"https:\/\/www.investigaction.net\/wp-content\/uploads\/2023\/07\/Un-enfant-et-une-poubelle-2.jpg\" sizes=\"(max-width: 596px) 100vw, 596px\" srcset=\"https:\/\/www.investigaction.net\/wp-content\/uploads\/2023\/07\/Un-enfant-et-une-poubelle-2.jpg 596w, https:\/\/www.investigaction.net\/wp-content\/uploads\/2023\/07\/Un-enfant-et-une-poubelle-2-300x238.jpg 300w, https:\/\/www.investigaction.net\/wp-content\/uploads\/2023\/07\/Un-enfant-et-une-poubelle-2-150x119.jpg 150w\" alt=\"\" width=\"596\" height=\"472\" \/><\/p>\n<p>&nbsp;<\/p>\n<p align=\"JUSTIFY\"><strong><br \/>\nI\u2019A\u00a0: Dans l\u2019opposition, il y a un dirigeant politique qui appelle, comme vous, \u00e0 l\u2019abrogation de la loi de 2017 et ne tremble pas devant les syndicats policiers majoritaires [<em>Alliance<\/em>\u00a0et\u00a0<em>UNSA Police<\/em>] qu\u2019il qualifie de \u00ab\u00a0<em>factieux\u00a0<\/em>\u00bb : Jean-Luc M\u00e9lenchon (LFI). Que pensez-vous de ses d\u00e9clarations depuis l\u2019\u00e9clatement des r\u00e9voltes ?<\/strong><\/p>\n<p><strong>A.B<\/strong>\u00a0:\u00a0<strong>Jean-Luc M\u00e9lenchon<\/strong>, c\u2019est quelqu\u2019un que j\u2019ai rencontr\u00e9 en 2015, juste un peu avant la manif \u00ab\u00a0<em>La marche pour la dignit\u00e9<\/em>\u00a0\u00bb (**). J\u2019ai discut\u00e9 avec lui dans une brasserie. Lorsque je lui ai parl\u00e9 des violences polici\u00e8res, il m\u2019a r\u00e9pondu : \u00ab\u00a0<i>Ah bon\u00a0? Je pensais que \u00e7a n\u2019existait plus\u00a0<\/i>\u00bb \u2026 Cette anecdote compte du fait que, lorsqu\u00a0\u00bbon voit ses prises de positions actuelles et courageuses, on ne peut qu\u2019\u00eatre satisfaits du chemin parcouru chez ce dirigeant politique. Maintenant, il ne faut jamais oublier que la gauche \u2013 et particuli\u00e8rement le PS \u2013 nous a trahis. Si M\u00e9lenchon n\u2019est plus au PS, il est tout de m\u00eame le leader d\u2019un cartel de gauche dont fait partie le PS (NUPES). Je rappelle que la loi mortif\u00e8re de 2017 a \u00e9t\u00e9 principalement port\u00e9e par\u00a0<strong>Bernard Cazeneuve<\/strong>\u00a0(PS) et\u00a0<strong>Manuel Valls<\/strong>\u00a0(ex-PS depuis 2017). C\u2019est un \u00e9l\u00e9ment qu\u2019il ne faut jamais oublier\u00a0: les alli\u00e9s d\u2019aujourd\u2019hui peuvent devenir nos ennemis de demain\u2026 C\u2019est tr\u00e8s bien que Jean-Luc M\u00e9lenchon et LFI demandent l\u2019abrogation d\u2019une loi qui a favoris\u00e9 le meurtre policier de Nahel et celui de tant d\u2019autres jeunes\u00a0! Ce que je regrette, c\u2019est qu\u2019\u00e0 l\u2019\u00e9poque, en 2017, o\u00f9 j\u2019ai \u00e9t\u00e9 parmi les premiers a alerter sur la dangerosit\u00e9 de cette loi, il y avait tr\u00e8s peu de parlementaires pour me suivre. Aujourd\u2019hui, sur l\u2019urgence de l\u2019abroger, j\u2019aimerais donc \u00eatre entendue par les politiciens clairvoyants, et notamment ceux de LFI. Vous savez, au cours de ce mois de juillet, il y aura des tables rondes d\u2019expert.e.s sur le sujet, organis\u00e9es par plusieurs parlementaires\u00a0: je n\u2019y ai pas \u00e9t\u00e9 convi\u00e9e. J\u2019ai bien re\u00e7u un message d\u2019<strong>Eric Coquerel<\/strong>\u00a0(d\u00e9put\u00e9 LFI) mais toujours aucune invitation officielle. C\u2019est regrettable\u2026<\/p>\n<p>&nbsp;<\/p>\n<div id=\"attachment_136176\" class=\"wp-caption aligncenter\">\n<p><img decoding=\"async\" class=\"wp-image-136176\" src=\"https:\/\/www.investigaction.net\/wp-content\/uploads\/2023\/07\/Affiche-prez-JLM-2022-225x300.jpg\" sizes=\"(max-width: 275px) 100vw, 275px\" srcset=\"https:\/\/www.investigaction.net\/wp-content\/uploads\/2023\/07\/Affiche-prez-JLM-2022-225x300.jpg 225w, https:\/\/www.investigaction.net\/wp-content\/uploads\/2023\/07\/Affiche-prez-JLM-2022-601x800.jpg 601w, https:\/\/www.investigaction.net\/wp-content\/uploads\/2023\/07\/Affiche-prez-JLM-2022-113x150.jpg 113w, https:\/\/www.investigaction.net\/wp-content\/uploads\/2023\/07\/Affiche-prez-JLM-2022-768x1022.jpg 768w, https:\/\/www.investigaction.net\/wp-content\/uploads\/2023\/07\/Affiche-prez-JLM-2022-1154x1536.jpg 1154w, https:\/\/www.investigaction.net\/wp-content\/uploads\/2023\/07\/Affiche-prez-JLM-2022-1539x2048.jpg 1539w, https:\/\/www.investigaction.net\/wp-content\/uploads\/2023\/07\/Affiche-prez-JLM-2022-640x852.jpg 640w, https:\/\/www.investigaction.net\/wp-content\/uploads\/2023\/07\/Affiche-prez-JLM-2022-scaled.jpg 1924w\" alt=\"\" width=\"275\" height=\"366\" aria-describedby=\"caption-attachment-136176\" \/><\/p>\n<p id=\"caption-attachment-136176\" class=\"wp-caption-text\">Affiche \u00e9lectorale pour les Pr\u00e9sidentielles 2022 au terme desquelles Jean-Luc M\u00e9lenchon est arriv\u00e9 troisi\u00e8me (21,95 %) derri\u00e8re\u00a0<strong>Marine Le Pen<\/strong>\u00a0(23,15%).<\/p>\n<\/div>\n<p align=\"JUSTIFY\"><strong><br \/>\nI\u2019A : Vous et votre collectif faites aussi l\u2019objet d\u2019une r\u00e9pression discr\u00e8te des Autorit\u00e9s fran\u00e7aises depuis la cr\u00e9ation, en 2020, de votre application UVP [Urgences Violences Polici\u00e8res] (***)\u2026<\/strong><\/p>\n<p align=\"JUSTIFY\"><strong>A.B<\/strong>\u00a0: Oui, il y a une volont\u00e9 politique d\u2019\u00e9touffer la parole de celles et ceux qui s\u2019opposent \u00e0 leurs justifications inacceptables et qui proposent des outils concrets pour am\u00e9liorer les choses. Donc, entre autres, nous avons la CNIL [Commission Nationale de l\u2019Informatique et des Libert\u00e9s] sur le dos et notre compte\u00a0<i>Instagram<\/i>\u00a0a \u00e9t\u00e9 supprim\u00e9. Ils voudraient sans doute que nous soyons moins actifs et plus nuanc\u00e9s dans nos propos. Non, je suis et resterai radicale parce que c\u2019est la r\u00e9alit\u00e9, parce que nous l\u2019avons v\u00e9cu dans notre chair\u2026 Ce que nous exprimons et d\u00e9non\u00e7ons s\u2019appuie sur du factuel et pas sur des fantasmes. Nous sommes des lanceurs d\u2019alerte et de v\u00e9rit\u00e9s qui d\u00e9rangent. Bien s\u00fbr, il y a une prise de risque me concernant\u00a0; un risque qui plane contre mon int\u00e9grit\u00e9 physique. On ne sait jamais ce qui peut arriver et \u00e7a peut devenir dangereux.. Alors j\u2019en profite pour vous le dire au cas o\u00f9 il m\u2019arrivait\u00a0\u00ab\u00a0quelque chose\u00a0\u00bb : je ne suis pas suicidaire\u00a0; je ne prends pas de stup\u00e9fiants\u00a0; tout va bien\u00a0: j\u2019ai encore la t\u00eate sur les \u00e9paules\u2026<\/p>\n<div id=\"attachment_136167\" class=\"wp-caption aligncenter\">\n<p><img decoding=\"async\" class=\"wp-image-136167 size-full\" src=\"https:\/\/www.investigaction.net\/wp-content\/uploads\/2023\/07\/Urgence-Police-Assassine.jpg\" sizes=\"(max-width: 785px) 100vw, 785px\" srcset=\"https:\/\/www.investigaction.net\/wp-content\/uploads\/2023\/07\/Urgence-Police-Assassine.jpg 785w, https:\/\/www.investigaction.net\/wp-content\/uploads\/2023\/07\/Urgence-Police-Assassine-300x288.jpg 300w, https:\/\/www.investigaction.net\/wp-content\/uploads\/2023\/07\/Urgence-Police-Assassine-150x144.jpg 150w, https:\/\/www.investigaction.net\/wp-content\/uploads\/2023\/07\/Urgence-Police-Assassine-768x737.jpg 768w, https:\/\/www.investigaction.net\/wp-content\/uploads\/2023\/07\/Urgence-Police-Assassine-640x614.jpg 640w\" alt=\"\" width=\"785\" height=\"753\" aria-describedby=\"caption-attachment-136167\" \/><\/p>\n<p id=\"caption-attachment-136167\" class=\"wp-caption-text\">Except\u00e9 Th\u00e9o Luhaka (photo dans le coin sup\u00e9rieur gauche), voici une liste photographique (non exhaustive) de citoyens noirs, arabes et asiatiques morts entre les mains de la police fran\u00e7aise lors de ces deux derni\u00e8res d\u00e9cennies.<\/p>\n<\/div>\n<p align=\"JUSTIFY\"><strong>I\u2019A : Vu de l\u2019ext\u00e9rieur, depuis une semaine, on a le sentiment d\u2019assister \u00e0 un renforcement du racisme syst\u00e9mique de la soci\u00e9t\u00e9 fran\u00e7aise. C\u2019est aussi votre analyse ?<\/strong><b><\/b><\/p>\n<p>&nbsp;<\/p>\n<p align=\"JUSTIFY\"><strong>A.B\u00a0<\/strong>: L\u2019une des sp\u00e9cialit\u00e9s des \u00e9lites fran\u00e7aises, c\u2019est de pouvoir nommer, s\u2019indigner et critiquer le racisme syst\u00e9mique, notamment policier, aux \u00c9tats-Unis ou ailleurs dans le monde. Par contre, lorsqu\u2019il s\u2019agit de voir ce qui se passe exactement chez soi, c\u2019est beaucoup plus compliqu\u00e9\u2026 Je le redis : la mort de Nahel est due au fait qu\u2019il n\u2019avait pas la bonne couleur de peau. Pourquoi nous d\u00e9fendons cette affirmation ? Il suffit d\u2019observer les pr\u00e9c\u00e9dents, les profils de toutes les personnes tu\u00e9es par la police, et d\u2019articuler objectivement les donn\u00e9es \u00e0 disposition. Au bout du compte, le racisme est criant et, si on veut changer les choses, on ne peut plus le nier ! Ne pas reconna\u00eetre que la majorit\u00e9 des jeunes gens tu\u00e9s par la police fran\u00e7aise sont noirs et arabes, c\u2019est cautionner ces meurtres. Eh oui, h\u00e9las, ce d\u00e9ni existe encore trop largement dans notre soci\u00e9t\u00e9. Les adeptes du d\u00e9ni permanent nous qualifient de \u00ab\u00a0<em>barbares<\/em>\u00a0\u00bb ou de \u00ab\u00a0<em>nuisibles\u00a0<\/em>\u00bb, mais je crois qu\u2019\u00e0 travers l\u2019histoire de l\u2019Humanit\u00e9, c\u2019est l\u2019homme blanc qui a perp\u00e9tr\u00e9 les actes les plus barbares. De la colonisation aux g\u00e9nocides en passant par l\u2019esclavage : ce sont des hommes blancs qui ne se sont pas montr\u00e9s \u00e9conomes en actes de torture et de barbarie\u2026 Aujourd\u2019hui, derri\u00e8re le mot \u00ab d\u00e9mocratie \u00bb, il n\u2019y aurait plus de barbarie. Or, nous l\u2019avons vu toute cette semaine, la barbarie se refl\u00e8te d\u00e9j\u00e0 dans nombre de leurs propos m\u00e9diatis\u00e9s, dans ce montant astronomique qu\u2019a rapport\u00e9 cette cagnotte pour ce policier, dans cette fa\u00e7on violente de se montrer indiff\u00e9rents sinon satisfaits devant ce qu\u2019il y a de plus cruel : l\u2019ex\u00e9cution d\u2019un adolescent de 17 ans\u2026<\/p>\n<p>&nbsp;<\/p>\n<div id=\"attachment_136178\" class=\"wp-caption aligncenter\">\n<p><img decoding=\"async\" class=\"wp-image-136178 size-large\" src=\"https:\/\/www.investigaction.net\/wp-content\/uploads\/2023\/07\/Amal-Wissam-Samir-PDH-3-juillet-2023-800x425.jpg\" sizes=\"(max-width: 800px) 100vw, 800px\" srcset=\"https:\/\/www.investigaction.net\/wp-content\/uploads\/2023\/07\/Amal-Wissam-Samir-PDH-3-juillet-2023-800x425.jpg 800w, https:\/\/www.investigaction.net\/wp-content\/uploads\/2023\/07\/Amal-Wissam-Samir-PDH-3-juillet-2023-300x159.jpg 300w, https:\/\/www.investigaction.net\/wp-content\/uploads\/2023\/07\/Amal-Wissam-Samir-PDH-3-juillet-2023-150x80.jpg 150w, https:\/\/www.investigaction.net\/wp-content\/uploads\/2023\/07\/Amal-Wissam-Samir-PDH-3-juillet-2023-768x408.jpg 768w, https:\/\/www.investigaction.net\/wp-content\/uploads\/2023\/07\/Amal-Wissam-Samir-PDH-3-juillet-2023-640x340.jpg 640w, https:\/\/www.investigaction.net\/wp-content\/uploads\/2023\/07\/Amal-Wissam-Samir-PDH-3-juillet-2023.jpg 1146w\" alt=\"\" width=\"800\" height=\"425\" aria-describedby=\"caption-attachment-136178\" \/><\/p>\n<p id=\"caption-attachment-136178\" class=\"wp-caption-text\">Amal Bentounsi sur le plateau de\u00a0<em>Paroles d\u2019honneur<\/em>\u00a0(PDH), lors de l\u2019\u00e9mission intitul\u00e9e\u00a0\u00ab\u00a0<em>Les \u00e9meutes, c\u2019est politique!\u00bb<\/em>, pr\u00e9sent\u00e9e et anim\u00e9e par les excellents\u00a0<strong>Wissam Xelka<\/strong>\u00a0(au centre) et\u00a0<strong>Samir Bousnina<\/strong>\u00a0(\u00e0 l\u2019extr\u00eame-gauche).<\/p>\n<\/div>\n<p align=\"JUSTIFY\"><strong><br \/>\nI\u2019A\u00a0: Dans la web-\u00e9mission\u00a0<em>Paroles d\u2019Honneur\u00a0<\/em>du 3 juillet dernier, vous avez appel\u00e9 \u00e0 l\u2019unit\u00e9 militante et associative. L\u2019un des facteurs d\u2019explication du peu d\u2019avanc\u00e9es sur le probl\u00e8me des violences polici\u00e8res r\u00e9side aussi dans la division, quasi structurelle, des activistes fran\u00e7ais (chacun.e tirant de son c\u00f4t\u00e9, d\u00e9fendant \u00ab son \u00bb cas de violences polici\u00e8res, sa chapelle id\u00e9ologique, etc.) ?<\/strong><\/p>\n<p align=\"JUSTIFY\"><strong>A.B<\/strong>\u00a0: Oui ! J\u2019en ai fait le constat amer\u2026 C\u2019est vraiment probl\u00e9matique. D\u00e8s le d\u00e9part, d\u00e8s 2012, j\u2019ai toujours appel\u00e9 \u00e0 l\u2019unit\u00e9 associative et militante. J\u2019ai toujours essay\u00e9 de mettre mon ego et ma propre douleur de c\u00f4t\u00e9 pour la cause. C\u2019est la cause qui compte avant tout ! Si nous, les activistes, sommes capables de d\u00e9noncer chez les autres l\u2019expression raciste, les politiques et la l\u00e9gislation mortif\u00e8res, il faut aussi \u00eatre capable d\u2019auto-critique. Voir quand l\u2019ego, l\u2019opportunisme ou le carri\u00e9risme risquent de supplanter la cause. On doit comprendre qu\u2019on n\u2019est pas l\u00e0 uniquement pour nous. Moi, je m\u2019en tape d\u2019\u00eatre interview\u00e9e ou de passer \u00e0 la t\u00e9l\u00e9 ! Quand je le fais, c\u2019est pour la cause, pour exprimer des choses radicales qui sont absentes ou minimis\u00e9es. En ce moment, il y a beaucoup de gens qui vont sur les plateaux-t\u00e9l\u00e9s. Pour ma part, j\u2019en ai fait un : celui de\u00a0<em>BFMTV<\/em>\u00a0(28 juin). Parce que j\u2019estimais qu\u2019il \u00e9tait important de rappeler les choses. D\u2019autres m\u00e9dias audiovisuels m\u2019ont ensuite sollicit\u00e9e : j\u2019ai refus\u00e9. Parce que l\u2019objectif n\u2019est pas de se montrer, chercher \u00e0 accro\u00eetre sa notori\u00e9t\u00e9 ou tenter de se justifier vis-\u00e0-vis des injonctions et questions-diversions des journalistes et politiciens. Le vrai probl\u00e8me est clair : cela fait plus de 40 ans que des policiers tuent des arabes et des noirs, sans jamais \u00eatre inqui\u00e9t\u00e9s par la justice, et que tous les gouvernements les couvrent ! Point final. Tous les activistes, militants et associations doivent s\u2019unir pour tenter de contribuer \u00e0 r\u00e9soudre ce probl\u00e8me crucial et non prioriser syst\u00e9matiquement leur propre agenda.<\/p>\n<p>&nbsp;<\/p>\n<p align=\"JUSTIFY\"><strong><em>Propos recueillis par<\/em>\u00a0Olivier Mukuna<\/strong><\/p>\n<p>&nbsp;<\/p>\n<p align=\"JUSTIFY\">(*)<a href=\"https:\/\/www.rtl.be\/actu\/monde\/europe\/la-cagnotte-plus-d16-million-deuros-pour-le-policier-qui-tire-sur-nahel-est\/2023-07-05\/article\/566103\">https:\/\/www.rtl.be\/actu\/monde\/europe\/la-cagnotte-plus-d16-million-deuros-pour-le-policier-qui-tire-sur-nahel-est\/2023-07-05\/article\/566103\u00a0<\/a><br \/>\n(**)<a href=\"https:\/\/www.dailymotion.com\/video\/x3bxtuy\">https:\/\/www.dailymotion.com\/video\/x3bxtuy<\/a><br \/>\n(***)<a href=\"https:\/\/www.dhnet.be\/actu\/monde\/2020\/03\/10\/violences-policieres-une-application-pour-filmer-la-police-EGIM7V7HO5GENLTKZNFEQ4RCIM\/\">https:\/\/www.dhnet.be\/actu\/monde\/2020\/03\/10\/violences-policieres-une-application-pour-filmer-la-police-EGIM7V7HO5GENLTKZNFEQ4RCIM\/<\/a><\/p>\n<p align=\"JUSTIFY\"><a href=\"https:\/\/www.investigaction.net\/fr\/amal-bentounsi-ce-deni-francais-est-scandaleux\/?fbclid=IwAR0PmVc_mxQR2bAFm_7RDC7c1PyvqCeuBqDKZ7eI7fqjuxlBeSMnc8O-rzU\">SOURCE<\/a><\/p>\n","protected":false},"excerpt":{"rendered":"<p>\u00ab\u00a0L\u2019enfant qui n\u2019est pas embrass\u00e9 par le village, le br\u00fblera pour en sentir la chaleur\u00a0\u00bb, dit un proverbe africain. Les jeunes noirs et arabes des quartiers de France sont-ils embrass\u00e9s voire aim\u00e9s ? La r\u00e9ponse semble n\u00e9gative dans les chef des Autorit\u00e9s comme dans une large partie de la population fran\u00e7aise. Une d\u00e9testation et un &#8230; <a title=\"Entretien avec Amal Bentounsi du collectif\u00a0Urgence notre police assassine.\" class=\"read-more\" href=\"https:\/\/bruxelles-pantheres.be\/?p=5635\" aria-label=\"En savoir plus sur Entretien avec Amal Bentounsi du collectif\u00a0Urgence notre police assassine.\">Lire la suite<\/a><\/p>\n","protected":false},"author":1,"featured_media":5636,"comment_status":"open","ping_status":"open","sticky":false,"template":"","format":"standard","meta":{"footnotes":""},"categories":[36,4,7,8,18,28,5],"tags":[208,62,54],"class_list":["post-5635","post","type-post","status-publish","format-standard","has-post-thumbnail","hentry","category-europe","category-islamophobie","category-negrophobie","category-prisons","category-resistance-bruxelles","category-racismes","category-violence-policiere","tag-amal-bentounsi","tag-olivier-mukuna","tag-police"],"_links":{"self":[{"href":"https:\/\/bruxelles-pantheres.be\/index.php?rest_route=\/wp\/v2\/posts\/5635","targetHints":{"allow":["GET"]}}],"collection":[{"href":"https:\/\/bruxelles-pantheres.be\/index.php?rest_route=\/wp\/v2\/posts"}],"about":[{"href":"https:\/\/bruxelles-pantheres.be\/index.php?rest_route=\/wp\/v2\/types\/post"}],"author":[{"embeddable":true,"href":"https:\/\/bruxelles-pantheres.be\/index.php?rest_route=\/wp\/v2\/users\/1"}],"replies":[{"embeddable":true,"href":"https:\/\/bruxelles-pantheres.be\/index.php?rest_route=%2Fwp%2Fv2%2Fcomments&post=5635"}],"version-history":[{"count":2,"href":"https:\/\/bruxelles-pantheres.be\/index.php?rest_route=\/wp\/v2\/posts\/5635\/revisions"}],"predecessor-version":[{"id":5638,"href":"https:\/\/bruxelles-pantheres.be\/index.php?rest_route=\/wp\/v2\/posts\/5635\/revisions\/5638"}],"wp:featuredmedia":[{"embeddable":true,"href":"https:\/\/bruxelles-pantheres.be\/index.php?rest_route=\/wp\/v2\/media\/5636"}],"wp:attachment":[{"href":"https:\/\/bruxelles-pantheres.be\/index.php?rest_route=%2Fwp%2Fv2%2Fmedia&parent=5635"}],"wp:term":[{"taxonomy":"category","embeddable":true,"href":"https:\/\/bruxelles-pantheres.be\/index.php?rest_route=%2Fwp%2Fv2%2Fcategories&post=5635"},{"taxonomy":"post_tag","embeddable":true,"href":"https:\/\/bruxelles-pantheres.be\/index.php?rest_route=%2Fwp%2Fv2%2Ftags&post=5635"}],"curies":[{"name":"wp","href":"https:\/\/api.w.org\/{rel}","templated":true}]}}