{"id":5640,"date":"2023-07-14T10:25:54","date_gmt":"2023-07-14T09:25:54","guid":{"rendered":"https:\/\/bruxelles-pantheres.be\/?p=5640"},"modified":"2023-07-14T10:35:17","modified_gmt":"2023-07-14T09:35:17","slug":"la-criminalisation-de-la-solidarite-avec-la-palestine-gagne-du-terrain-en-europe","status":"publish","type":"post","link":"https:\/\/bruxelles-pantheres.be\/?p=5640","title":{"rendered":"La criminalisation de la solidarit\u00e9 avec la Palestine gagne du terrain en Europe"},"content":{"rendered":"<section id=\"chapo\" class=\"entry-summary chapeau chapeauunecol\">Le Parlement britannique vient d\u2019adopter le 3 juillet 2023 une loi qui sanctionne le boycott et cible au premier chef les opposants \u00e0 la politique d\u2019Isra\u00ebl. Et il n\u2019est pas le seul, car le ph\u00e9nom\u00e8ne a pris de l\u2019ampleur en Allemagne, au Royaume-Uni et en France : par divers biais, la solidarit\u00e9 active avec la cause palestinienne devient la cible de l\u00e9gislations r\u00e9pressives.<\/section>\n<nav id=\"breadcrumbs\">&gt;\u00a0<span class=\"auteur\">BAUDOUIN LOOS\u00a0<\/span><time class=\"published\" datetime=\"2023-07-13T13:02:11Z\">&gt; 11 JUILLET 2023<\/time><\/nav>\n<p><!--more--><\/p>\n<figure class=\"spip_documents logo_article spip_documents_center large spip_lien_ok\"><a class=\"mediabox photoshow\" href=\"https:\/\/orientxxi.info\/IMG\/logo\/boycott.jpg?1688994124\"><img decoding=\"async\" class=\"image_responsive avec_picturefill alignnone\" src=\"https:\/\/orientxxi.info\/local\/cache-responsive\/cache-360\/a410bb99836f2c582a14714b3ecc967c.jpg?1689048016\" alt=\"Paris, 22\u00a0mai 2021. Manifestation de solidarit\u00e9 avec la Palestine Geoffroy van der Hasselt\/AFP\" width=\"806\" height=\"452\" data-src=\"local\/cache-gd2\/b7\/935600b8115a017dd2387a7a01723d.jpg\" data-l=\"2500\" data-h=\"1406\" data-tailles=\"[\\&quot;360\\&quot;,\\&quot;580\\&quot;,\\&quot;800\\&quot;,\\&quot;1090\\&quot;]\" \/><\/a><\/figure>\n<div class=\"texte_article\">\n<p>Peut-on encore d\u00e9fendre la cause palestinienne en Europe par les temps qui courent<small class=\"fine d-inline\">\u00a0<\/small>? La question peut sembler incongrue \u00e0 l\u2019heure o\u00f9 en Isra\u00ebl gouverne une coalition\u00a0<a class=\"spip_in\" href=\"https:\/\/orientxxi.info\/magazine\/itamar-ben-gvir-l-ascension-d-un-fasciste-israelien-vers-le-pouvoir,6068\">domin\u00e9e par des figures extr\u00e9mistes fi\u00e8rement racistes<\/a>, embarrassant une partie d\u2019un pays qui aime se pr\u00e9senter comme \u00ab<small class=\"fine d-inline\">\u00a0<\/small>la seule d\u00e9mocratie au Proche-Orient<small class=\"fine d-inline\">\u00a0<\/small>\u00bb. Pourtant, une r\u00e9ponse de plus en plus n\u00e9gative s\u2019impose dans les trois pays les plus peupl\u00e9s d\u2019Europe occidentale\u00a0: l\u2019Allemagne, le Royaume-Uni et la France. Deux \u00e9l\u00e9ments, l\u2019usage du terme d\u2019apartheid et surtout la sympathie pour le mouvement\u00a0<a class=\"spip_in\" href=\"https:\/\/orientxxi.info\/magazine\/le-mouvement-bds-rebat-les-cartes-du-debat-israelo-palestinien,2730\">Boycott D\u00e9sinvestissement Sanctions (<span class=\"caps\">BDS<\/span>)<\/a>, galvanisent l\u2019ardeur des d\u00e9tracteurs de la cause palestinienne.<\/p>\n<p>Les m\u00eames partisans d\u2019Isra\u00ebl profitent, voire abusent de l\u2019adoption de plus en plus r\u00e9pandue en Europe de\u00a0<a class=\"spip_in\" href=\"https:\/\/orientxxi.info\/magazine\/comment-israel-manipule-la-lutte-contre-l-antisemitisme,2892\">la d\u00e9finition controvers\u00e9e de l\u2019antis\u00e9mitisme \u00e9labor\u00e9e par l\u2019Alliance internationale pour la m\u00e9moire de l\u2019Holocauste (<span class=\"caps\">IHRA<\/span>),<\/a>\u00a0qui m\u00e8ne au b\u00e2illonnement de la critique d\u2019Isra\u00ebl quels que fussent les crimes dont les repr\u00e9sentants de cet \u00c9tat seraient coupables.<\/p>\n<h2 class=\"spip\">L\u2019ALLEMAGNE T\u00c9TANIS\u00c9E PAR SON PASS\u00c9<\/h2>\n<p>C\u2019est un truisme\u00a0: l\u2019Allemagne charrie depuis la fin de la seconde guerre mondiale l\u2019immense poids de l\u2019extermination \u00e0 l\u2019\u00e9chelle industrielle du peuple juif. Elle a eu \u00e0 assumer des cons\u00e9quences pratiques \u2014 de 1945 \u00e0\u00a02018, le gouvernement allemand a vers\u00e9 environ 86,8\u00a0milliards de dollars (79\u00a0milliards d\u2019euros) en restitution et en compensation aux victimes et aux survivants du g\u00e9nocide des juifs \u2014 auxquelles elle a ajout\u00e9 des obligations morales, au b\u00e9n\u00e9fice surtout d\u2019Isra\u00ebl qui jouit de la part de l\u2019Allemagne d\u2019un soutien diplomatique sans faille.<\/p>\n<p>En Allemagne m\u00eame, on ne badine pas avec la solidarit\u00e9 envers Isra\u00ebl. Le 17\u00a0mai\u00a02019, les d\u00e9put\u00e9s\u00a0<a class=\"spip_in\" href=\"https:\/\/orientxxi.info\/magazine\/en-allemagne-la-lutte-contre-l-antisemitisme-tourne-a-la-chasse-aux-sorcieres,5823\">ont approuv\u00e9 une r\u00e9solution non contraignante<\/a>\u00a0d\u00e9non\u00e7ant le mouvement\u00a0<span class=\"caps\">BDS<\/span>, d\u00e9crivant ses m\u00e9thodes comme antis\u00e9mites et rappelant les appels au boycott des juifs de l\u2019\u00e9poque nazie. La r\u00e9solution \u00e9nonce que l\u2019Allemagne\u00a0<i>\u00ab<small class=\"fine d-inline\">\u00a0<\/small>s\u2019opposera fermement<small class=\"fine d-inline\">\u00a0<\/small>\u00bb<\/i>\u00a0aux efforts visant \u00e0 diffamer les juifs ou \u00e0 remettre en question\u00a0<i>\u00ab<small class=\"fine d-inline\">\u00a0<\/small>le droit \u00e0 l\u2019existence ou le droit \u00e0 l\u2019autod\u00e9fense de l\u2019\u00c9tat juif et d\u00e9mocratique d\u2019Isra\u00ebl<small class=\"fine d-inline\">\u00a0<\/small>\u00bb.<\/i>\u00a0Les trois principaux partis politiques, le Parti social-d\u00e9mocrate d\u2019Allemagne (<span class=\"caps\">SPD<\/span>), l\u2019Union chr\u00e9tienne-d\u00e9mocrate d\u2019Allemagne (<span class=\"caps\">CDU<\/span>) et les Verts ont adopt\u00e9 le texte<sup class=\"ref_note\"><a id=\"nh1\" class=\"spip_note\" title=\"Voir le documentaire Germany\u2019s Palestine Problem, de Jad Salfiti, Tne New\u00a0(...)\" href=\"https:\/\/orientxxi.info\/magazine\/la-criminalisation-de-la-solidarite-avec-la-palestine-gagne-du-terrain-en,6613#nb1\" rel=\"appendix\">1<\/a><\/sup>.<\/p>\n<p>Pour les partisans de la Palestine, le climat s\u2019est d\u00e9t\u00e9rior\u00e9 ces derniers temps. Hebh Jamal, une journaliste palestino-am\u00e9ricaine bas\u00e9e en Allemagne, le raconte sur le site 972mag.com\u00a0:<\/p>\n<blockquote class=\"spip\"><p>Au cours des derni\u00e8res ann\u00e9es, l\u2019espace pour la d\u00e9fense de la Palestine en Allemagne s\u2019est r\u00e9tr\u00e9ci. Les discours propalestiniens sont automatiquement qualifi\u00e9s d\u2019antis\u00e9mites et, apr\u00e8s l\u2019adoption de la r\u00e9solution anti-<span class=\"caps\">BDS<\/span>\u00a0au parlement allemand en\u00a02019, les institutions f\u00e9d\u00e9rales ont commenc\u00e9 \u00e0 d\u00e9clarer antis\u00e9mites toutes les actions qui soutiennent le mouvement de boycott. Cela a permis aux universit\u00e9s, aux gouvernements des \u00c9tats et aux institutions publiques de refuser aux Palestiniens le droit \u00e0 la libert\u00e9 d\u2019expression et de r\u00e9union.<\/p><\/blockquote>\n<p>D\u00e8s l\u2019adoption pourtant \u00ab<small class=\"fine d-inline\">\u00a0<\/small>non contraignante<small class=\"fine d-inline\">\u00a0<\/small>\u00bb de la loi d\u00e9signant\u00a0<span class=\"caps\">BDS<\/span>\u00a0comme antis\u00e9mite, le directeur du Mus\u00e9e juif de Berlin, Peter Sch\u00e4fer, chercheur en \u00e9tudes juives nomm\u00e9 en\u00a02014, annon\u00e7ait sa d\u00e9mission. Comme le d\u00e9crivait la journaliste isra\u00e9lienne alors bas\u00e9e \u00e0 Berlin Mairav Zonszein, il a pris cette d\u00e9cision\u00a0<i>\u00ab<small class=\"fine d-inline\">\u00a0<\/small>apr\u00e8s avoir subi de fortes pressions de la part des dirigeants de la communaut\u00e9 juive en Allemagne et du gouvernement isra\u00e9lien, qui ont accus\u00e9 le mus\u00e9e de s\u2019engager dans ce qu\u2019ils consid\u00e8rent comme des activit\u00e9s anti-isra\u00e9liennes et antijuives<small class=\"fine d-inline\">\u00a0<\/small>\u00bb.<\/i><\/p>\n<p>Son tort<small class=\"fine d-inline\">\u00a0<\/small>? Un tweet du mus\u00e9e, le 6\u00a0juin, approuvant un article du quotidien progressiste\u00a0<i>Die Tageszeitung<\/i>\u00a0qui faisait \u00e9tat d\u2019une lettre sign\u00e9e par 240\u00a0sp\u00e9cialistes juifs et isra\u00e9liens de l\u2019antis\u00e9mitisme et de l\u2019Holocauste, rejetant l\u2019id\u00e9e que le\u00a0<span class=\"caps\">BDS<\/span>\u00a0soit antis\u00e9mite. Dans une telle ambiance, on comprend mieux pourquoi si peu de militants, quelques centaines peut-\u00eatre, osent s\u2019aventurer dans l\u2019appui au boycott d\u2019Isra\u00ebl en Allemagne.<\/p>\n<p>Hebh Jamal cite \u00e9galement un \u00e9conomiste isra\u00e9lien vivant en Allemagne, Shir Hever, victime de cette censure\u00a0:<\/p>\n<blockquote class=\"spip\"><p>Je ne suis pas le premier, et je ne serai probablement pas le dernier, \u00e0 \u00eatre r\u00e9duit au silence par cette tactique. L\u2019Allemagne est g\u00e9n\u00e9ralement un pays d\u00e9mocratique, mais lorsqu\u2019il s\u2019agit d\u2019Isra\u00ebl et de la Palestine, cela devient de plus en plus flou.<\/p><\/blockquote>\n<p>Plusieurs conf\u00e9rences r\u00e9centes dans lesquelles des juifs non sionistes, parfois isra\u00e9liens, devaient s\u2019exprimer ont \u00e9t\u00e9 annul\u00e9es. En juillet\u00a02022, choqu\u00e9 par les accusations d\u2019antis\u00e9mitisme entendues apr\u00e8s une conf\u00e9rence \u00e0 laquelle il avait particip\u00e9 en Allemagne sur le d\u00e9tournement de la m\u00e9moire de l\u2019Holocauste, Avraham Burg, ex-pr\u00e9sident du parlement isra\u00e9lien et de l\u2019Organisation sioniste mondiale, \u00e9crivait une tribune publi\u00e9 par\u00a0<i>Haaretz\u00a0:<\/i><\/p>\n<blockquote class=\"spip\"><p>Comment en est-on arriv\u00e9 l\u00e0<small class=\"fine d-inline\">\u00a0<\/small>? Isra\u00ebl a fait de l\u2019antis\u00e9mitisme une arme diplomatique puissante. Son gouvernement conservateur a consid\u00e9rablement \u00e9largi le concept. Toute critique est antis\u00e9mite<small class=\"fine d-inline\">\u00a0<\/small>; tout opposant est un ennemi<small class=\"fine d-inline\">\u00a0<\/small>; tout ennemi est Hitler<small class=\"fine d-inline\">\u00a0<\/small>; chaque ann\u00e9e est\u00a01938.<\/p><\/blockquote>\n<p>Rien n\u2019indique en tout cas que l\u2019Allemagne se dirige vers un d\u00e9but d\u2019introspection dans ce qui s\u2019apparente \u00e0 un d\u00e9ni de libert\u00e9.<\/p>\n<p>Pas plus tard que le\u00a020\u00a0mai\u00a02023, le tribunal administratif sup\u00e9rieur de Berlin-Brandebourg a confirm\u00e9 l\u2019interdiction par la police d\u2019une manifestation organis\u00e9e \u00e0 Berlin pour comm\u00e9morer la Nakba palestinienne<sup class=\"ref_note\"><a id=\"nh2\" class=\"spip_note\" title=\"Hebh Jamal, \u00ab\u00a0Everyone should be alarmed\u2019\u00a0: Berlin police ban Palestinian demo\u00a0(...)\" href=\"https:\/\/orientxxi.info\/magazine\/la-criminalisation-de-la-solidarite-avec-la-palestine-gagne-du-terrain-en,6613#nb2\" rel=\"appendix\">2<\/a><\/sup>La police avait invoqu\u00e9 les risques que cet \u00e9v\u00e9nement pouvait conduire \u00e0\u00a0<i>\u00ab<small class=\"fine d-inline\">\u00a0<\/small>l\u2019incitation antis\u00e9mite de la population, \u00e0 la glorification de la violence, \u00e0 la transmission d\u2019une volont\u00e9 d\u2019utiliser la violence et donc \u00e0 l\u2019intimidation et \u00e0 la violence<small class=\"fine d-inline\">\u00a0<\/small>\u00bb.<\/i><\/p>\n<h2 class=\"spip\">QUAND LONDRES TEND \u00c0 IMITER BERLIN<\/h2>\n<p>Qui e\u00fbt imagin\u00e9 que la libert\u00e9 d\u2019expression \u2014 \u00e0 travers le droit de critiquer l\u2019\u00c9tat d\u2019Isra\u00ebl \u2014 serait un jour menac\u00e9e au Royaume-Uni<small class=\"fine d-inline\">\u00a0<\/small>? Cette perspective jusqu\u2019il y a peu fantaisiste s\u2019est concr\u00e9tis\u00e9e ce 3\u00a0juillet\u00a02023, et elle vise les organismes publics britanniques, comme les conseils municipaux ou les universit\u00e9s. Il s\u2019agit de l\u2019adoption d\u2019un projet de loi port\u00e9 par Michael Gove, secr\u00e9taire d\u2019\u00c9tat au sein du gouvernement conservateur dirig\u00e9 par Rishi Sunak.\u00a0<i>\u00ab<small class=\"fine d-inline\">\u00a0<\/small>Nous sommes fermement oppos\u00e9s aux boycotts locaux qui peuvent nuire \u00e0 l\u2019int\u00e9gration et \u00e0 la coh\u00e9sion des communaut\u00e9s, entraver les exportations et nuire \u00e0 notre s\u00e9curit\u00e9 \u00e9conomique<small class=\"fine d-inline\">\u00a0<\/small>\u00bb,<\/i>\u00a0expliquait-il en mai\u00a02023.<\/p>\n<p>Mais l\u2019objectif r\u00e9el figure bel et bien dans le texte puisqu\u2019Isra\u00ebl est mentionn\u00e9. Tout se passe comme si le soutien au\u00a0<span class=\"caps\">BDS<\/span>\u00a0\u00e9tait en progression au Royaume-Uni et que tout devait \u00eatre fait pour l\u2019endiguer\u2026 Pour Michael Gove,\u00a0<i>\u00ab<small class=\"fine d-inline\">\u00a0<\/small>la campagne\u00a0<span class=\"caps\">BDS<\/span>\u00a0n\u2019a qu\u2019un seul but\u00a0: attaquer et d\u00e9l\u00e9gitimer l\u2019\u00c9tat d\u2019Isra\u00ebl et l\u2019id\u00e9e qu\u2019il devrait y avoir un \u00c9tat juif<small class=\"fine d-inline\">\u00a0<\/small>\u00bb.<\/i><\/p>\n<p>Ce 3\u00a0juillet donc, la Chambre des Communes a approuv\u00e9 le projet de loi, mais sans enthousiasme\u00a0: sur les\u00a0650 d\u00e9put\u00e9s, 268\u00a0ont vot\u00e9 pour, 70\u00a0contre tandis que les travaillistes optaient pour l\u2019abstention (tout comme\u00a082 \u00e9lus de la majorit\u00e9 conservatrice). \u00c0 l\u2019approche du vote, les prises de position n\u2019avaient pas manqu\u00e9 ces derni\u00e8res semaines. Comme par exemple, la s\u00e9rie de tweets outr\u00e9s de l\u2019association Palestine Solidarity Campaign qui d\u00e9non\u00e7ait le 19\u00a0juin\u00a02023 le projet de loi et mettait en outre en exergue la mention en effet plus encore sid\u00e9rante des territoires occup\u00e9s dans cette loi anti-boycott\u00a0:<\/p>\n<blockquote class=\"spip\"><p>Le projet de loi anti-boycott d\u00e9signe m\u00eame nomm\u00e9ment les \u00ab<small class=\"fine d-inline\">\u00a0<\/small>territoires palestiniens occup\u00e9s<small class=\"fine d-inline\">\u00a0<\/small>\u00bb et les \u00ab<small class=\"fine d-inline\">\u00a0<\/small>Hauteurs du Golan occup\u00e9es<small class=\"fine d-inline\">\u00a0<\/small>\u00bb, aux c\u00f4t\u00e9s d\u2019Isra\u00ebl, comme des territoires que la loi prot\u00e8ge explicitement contre les boycotts du secteur public, sans aucune possibilit\u00e9 d\u2019exception actuelle ou future.<\/p><\/blockquote>\n<p>Plus de\u00a060 organisations de la soci\u00e9t\u00e9 civile, dont Greenpeace\u00a0<span class=\"caps\">UK<\/span>\u00a0et Liberty avaient sign\u00e9 une d\u00e9claration pour d\u00e9noncer le projet de loi.\u00a0<i>\u00ab<small class=\"fine d-inline\">\u00a0<\/small>Si elle est adopt\u00e9e, cette loi \u00e9touffera un large \u00e9ventail de campagnes portant sur le commerce des armes, la justice climatique, les droits humains, le droit international et la solidarit\u00e9 internationale avec les peuples opprim\u00e9s qui luttent pour la justice<small class=\"fine d-inline\">\u00a0<\/small>\u00bb,<\/i>\u00a0expliquait notamment le texte.<\/p>\n<p>Pour le journaliste et consultant James Brownsell qui a travaill\u00e9 nagu\u00e8re dans les territoires palestiniens occup\u00e9s, et qui s\u2019exprimait le\u00a025\u00a0mai sur le site middleeasteye.net,\u00a0<i>\u00ab<small class=\"fine d-inline\">\u00a0<\/small>le projet du gouvernement conservateur britannique d\u2019interdire aux conseils locaux et autres organismes publics de participer aux campagnes de boycott et de d\u00e9sinvestissement n\u2019est que sa derni\u00e8re attaque illib\u00e9rale contre les normes d\u00e9mocratiques<small class=\"fine d-inline\">\u00a0<\/small>\u00bb.<\/i><\/p>\n<p>Des organisations britanniques juives telles que Na\u2019amod et Diaspora Alliance, avaient \u00e9galement rejet\u00e9 le projet de loi\u00a0:\u00a0<i>\u00ab<small class=\"fine d-inline\">\u00a0<\/small>Un exemple clair d\u2019antis\u00e9mitisme instrumentalis\u00e9 pour promouvoir une politique anti-palestinienne et restreindre nos libert\u00e9s civiles<small class=\"fine d-inline\">\u00a0<\/small>\u00bb,<\/i>\u00a0a ainsi d\u00e9clar\u00e9 Emily Hilton, directrice de Diaspora Alliance au Royaume-Uni.<\/p>\n<p>Pourtant, malgr\u00e9 ces nombreux cris d\u2019alarme, la position du parti travailliste est longtemps rest\u00e9e floue m\u00eame si son chef, Keir Starmer, rejette le\u00a0<span class=\"caps\">BDS<\/span>. Les travaillistes sortent \u00e0 peine des cinq ann\u00e9es de pr\u00e9sidence assur\u00e9es par Jeremy Corbyn entre\u00a02015 et\u00a02020, qui leur a laiss\u00e9 un go\u00fbt tr\u00e8s amer en raison de graves accusations relatives \u00e0 la gestion de l\u2019antis\u00e9mitisme interne au parti jug\u00e9e calamiteuse par de nombreux procureurs autoproclam\u00e9s. Ces accusations avaient men\u00e9 le parti \u00e0\u00a0<a class=\"spip_in\" href=\"https:\/\/orientxxi.info\/lu-vu-entendu\/jeremy-corbyn-et-l-antisemitisme-decodons-les-decodeurs,5707\">suspendre Jeremy Corbyn de ses rangs<\/a>\u00a0&#8211; avant qu\u2019il soit partiellement r\u00e9int\u00e9gr\u00e9.<\/p>\n<p>D\u2019aucuns pensent \u2014 et c\u2019\u00e9tait l\u2019opinion des partisans de Corbyn \u2014 que le probl\u00e8me de l\u2019antis\u00e9mitisme dans le parti avait \u00e9t\u00e9 gonfl\u00e9 \u00e0 des fins politiques pour saboter la ligne de gauche radicale que le leader travailliste incarnait. L\u2019intellectuel d\u2019origine pakistanaise Tariq Ali avan\u00e7ait m\u00eame que\u00a0<i>\u00ab<small class=\"fine d-inline\">\u00a0<\/small>certains de l\u2019aile droite au sein des parlementaires du parti travailliste \u2014 70 \u00e0 80\u00a0\u00e9lus \u2014 pr\u00e9f\u00e9raient voir le parti perdre les \u00e9lections plut\u00f4t que de voir Corbyn les gagner<small class=\"fine d-inline\">\u00a0<\/small>\u00bb.<\/i><\/p>\n<h2 class=\"spip\">LA FRANCE, \u00ab<small class=\"fine d-inline\">\u00a0<\/small>PATRIE DES DROITS DE L\u2019HOMME<small class=\"fine d-inline\">\u00a0<\/small>\u00bb<small class=\"fine d-inline\">\u00a0<\/small>?<\/h2>\n<p>Que se passe-t-il en France<small class=\"fine d-inline\">\u00a0<\/small>? Pourquoi ce profond malaise \u00e0 propos de la Palestine<small class=\"fine d-inline\">\u00a0<\/small>? Pourquoi dans la soi-disant \u00ab<small class=\"fine d-inline\">\u00a0<\/small>patrie des droits de l\u2019homme<small class=\"fine d-inline\">\u00a0<\/small>\u00bb, ceux qui contestent la politique isra\u00e9lienne dans les territoires palestiniens occup\u00e9s se retrouvent-ils sur la sellette<small class=\"fine d-inline\">\u00a0<\/small>? Pourquoi la France officielle tend-elle \u00e0 faire sien l\u2019amalgame hautement contestable entre les notions d\u2019antis\u00e9mitisme et d\u2019antisionisme<small class=\"fine d-inline\">\u00a0<\/small>? Ces questions n\u2019ont pas de r\u00e9ponse claire et \u00e9vidente.<\/p>\n<p>Le constat est pourtant patent. Pour le situer, remontons \u00e0 la circulaire Alliot-Marie du\u00a012\u00a0f\u00e9vrier\u00a02010. Du nom de la garde des sceaux de l\u2019\u00e9poque, le texte demande aux parquets d\u2019engager des poursuites contre les personnes appelant ou participant \u00e0 des actions d\u2019appel au boycott \u00ab<small class=\"fine d-inline\">\u00a0<\/small>de produits isra\u00e9liens<small class=\"fine d-inline\">\u00a0<\/small>\u00bb et cela en vertu de la l\u00e9gislation p\u00e9nale concernant \u00ab<small class=\"fine d-inline\">\u00a0<\/small>l\u2019incitation \u00e0 la haine et la discrimination<small class=\"fine d-inline\">\u00a0<\/small>\u00bb. Plusieurs parquets s\u2019ex\u00e9cutent, avec des succ\u00e8s divers selon les tribunaux, et il faudra attendre le 11\u00a0juin\u00a02020 pour que la Cour europ\u00e9enne des droits de l\u2019homme (<span class=\"caps\">CEDH<\/span>) condamne la France dans une affaire qui concernait un militant du mouvement\u00a0<span class=\"caps\">BDS<\/span>\u00a0dont la condamnation par la Cour d\u2019appel de Colmar avait \u00e9t\u00e9 ent\u00e9rin\u00e9e en cassation.<\/p>\n<p>Comme un\u00a0<a class=\"spip_in\" href=\"https:\/\/orientxxi.info\/magazine\/boycott-d-israel-la-france-cherche-a-contourner-les-decisions-de-la-justice,4371\">article sign\u00e9 par le juriste Fran\u00e7ois Dubuisson<\/a>\u00a0sur\u00a0<i>Orient\u00a0<span class=\"caps\">XXI<\/span><\/i>\u00a0l\u2019expliquait \u00e0 l\u2019\u00e9poque, la Cour de Strasbourg a estim\u00e9 que les propos incrimin\u00e9s (l\u2019appel au boycott du militant condamn\u00e9 par la justice fran\u00e7aise) relevaient\u00a0<i>\u00ab<small class=\"fine d-inline\">\u00a0<\/small>de l\u2019expression politique et militante<small class=\"fine d-inline\">\u00a0<\/small>\u00bb,<\/i>\u00a0portant sur\u00a0<i>\u00ab<small class=\"fine d-inline\">\u00a0<\/small>un sujet d\u2019inte\u0301re\u0302t ge\u0301ne\u0301ral, celui du respect du droit international public par l\u2019E\u0301tat d\u2019Israe\u0308l et de la situation des droits de l\u2019homme dans les territoires palestiniens occupe\u0301s<small class=\"fine d-inline\">\u00a0<\/small>\u00bb.<\/i>\u00a0Cela impliquait\u00a0<i>\u00ab<small class=\"fine d-inline\">\u00a0<\/small>un niveau e\u0301leve\u0301 de protection du droit a\u0300 la liberte\u0301 d\u2019expression<small class=\"fine d-inline\">\u00a0<\/small>\u00bb.<\/i><\/p>\n<p>Mais le m\u00eame auteur relevait que d\u00e8s apr\u00e8s la condamnation de la\u00a0<span class=\"caps\">CEDH<\/span>, le gouvernement fran\u00e7ais contre-attaquait\u00a0:\u00a0<i>\u00ab<small class=\"fine d-inline\">\u00a0<\/small>le\u00a020\u00a0octobre\u00a02020, le ministre fran\u00e7ais de la justice \u00c9ric Dupond-Moretti a fait publier une nouvelle circulaire (une \u201cd\u00e9p\u00eache\u201d) \u201crelative \u00e0 la r\u00e9pression des appels discriminatoires au boycott des produits isra\u00e9liens\u201d<\/i>\u00a0par laquelle le fondement l\u00e9gal des poursuites est r\u00e9affirm\u00e9, simplement accompagn\u00e9 d\u2019une exigence plus stricte de \u00ab<small class=\"fine d-inline\">\u00a0<\/small>motivation des d\u00e9cisions de condamnation<small class=\"fine d-inline\">\u00a0<\/small>\u00bb.<\/p>\n<p>Verra-t-on \u00e0 nouveau le sujet aboutir en justice<small class=\"fine d-inline\">\u00a0<\/small>? La r\u00e9ponse reste peu claire. En attendant, sans l\u2019intervention de la\u00a0<span class=\"caps\">CEDH<\/span>, la justice fran\u00e7aise consid\u00e9rait le boycott des produits isra\u00e9liens comme un acte d\u00e9lictueux susceptible de mener ses auteurs en prison.<\/p>\n<p><a class=\"spip_in\" href=\"https:\/\/orientxxi.info\/dossiers-et-series\/israel-palestine-emmanuel-macron-en-marche-vers-jerusalem,5441\">L\u2019attitude du pr\u00e9sident de la R\u00e9publique<\/a>\u00a0n\u2019aide pas \u00e0 clarifier la donne en France. En mars\u00a02022 encore, Emmanuel Macron r\u00e9p\u00e9tait que\u00a0<i>\u00ab<small class=\"fine d-inline\">\u00a0<\/small>l\u2019antis\u00e9mitisme et l\u2019antisionisme sont les ennemis de notre R\u00e9publique<small class=\"fine d-inline\">\u00a0<\/small>\u00bb<\/i>\u00a0au grand dam d\u2019une partie des juifs fran\u00e7ais qui manifestent contre la politique coloniale d\u2019Isra\u00ebl.<\/p>\n<p>La France sous Macron, c\u2019est aussi\u00a0<a class=\"spip_in\" href=\"https:\/\/orientxxi.info\/magazine\/les-critiques-d-israel-etouffees-par-la-loi-du-silence,4411\">l\u2019adoption en 2019 d\u2019une d\u00e9finition de l\u2019antis\u00e9mitisme \u00e9manant de l\u2019<span class=\"caps\">IHRA<\/span>,<\/a>\u00a0d\u00e9j\u00e0 valid\u00e9e par le Parlement europ\u00e9en et 20\u00a0pays dont 16\u00a0de l\u2019<span class=\"caps\">UE<\/span>. Le probl\u00e8me de cette r\u00e9solution tient dans les exemples d\u2019antis\u00e9mitisme qu\u2019elle fournit et qui incluent la critique d\u2019Isra\u00ebl\u2026 La r\u00e9solution non contraignante a \u00e9t\u00e9 adopt\u00e9e par une Assembl\u00e9e nationale \u00e9trangement d\u00e9sert\u00e9e par la majorit\u00e9 de ses membres, avec seulement 154\u00a0voix pour (des d\u00e9put\u00e9s de La R\u00e9publique en marche et de Les R\u00e9publicains principalement), 72\u00a0contre (\u00e0 gauche), et 43\u00a0abstentions.<\/p>\n<p>Mais le z\u00e8le du pr\u00e9sident fran\u00e7ais le m\u00e8nera plus loin. M\u00eame si peu d\u2019observateurs l\u2019ont not\u00e9, il ira en effet jusqu\u2019\u00e0 pronncer cette phrase\u00a0:\u00a0<i>\u00ab<small class=\"fine d-inline\">\u00a0<\/small>J\u00e9rusalem est la capitale \u00e9ternelle du peuple juif, je n\u2019ai jamais cess\u00e9 de le dire<small class=\"fine d-inline\">\u00a0<\/small>\u00bb<\/i>\u00a0au d\u00eener annuel du Conseil repr\u00e9sentatif des institutions juives de France (<span class=\"caps\">CRIF<\/span>), le\u00a024\u00a0f\u00e9vrier\u00a02022. Il revint au premier ministre d\u2019alors, Jean Castex, de lire le discours d\u2019Emmanuel Macron retenu par les \u00e9v\u00e9nements en Ukraine.<\/p>\n<p>Au m\u00eame d\u00eener, il s\u2019en prend aux\u00a0<span class=\"caps\">ONG<\/span>\u00a0comme B\u2019Tselem, Amnesty International ou Human Rights Watch (<span class=\"caps\">HRW<\/span>) (sans les nommer)\u00a0<a class=\"spip_in\" href=\"https:\/\/orientxxi.info\/lu-vu-entendu\/b-tselem-un-apartheid-sur-tout-le-territoire-sous-l-autorite-de-l-etat-d-israel,4456\">coupables de d\u00e9noncer \u00ab<small class=\"fine d-inline\">\u00a0<\/small>l\u2019apartheid<small class=\"fine d-inline\">\u00a0<\/small>\u00bb<\/a>\u00a0au terme de longues \u00e9tudes sur le terrain\u00a0:\u00a0<i>\u00ab<small class=\"fine d-inline\">\u00a0<\/small>Il y a un abus de termes historiques charg\u00e9s de honte. Comment peut-on parler d\u2019apartheid<small class=\"fine d-inline\">\u00a0<\/small>? C\u2019est une contre-v\u00e9rit\u00e9<small class=\"fine d-inline\">\u00a0<\/small>\u00bb.<\/i>\u00a0L\u2019abondant argumentaire des\u00a0<span class=\"caps\">ONG<\/span>\u00a0concern\u00e9es ne m\u00e9rite-t-il pas plus qu\u2019un revers de la main sans autres d\u00e9veloppements<small class=\"fine d-inline\">\u00a0<\/small>?<\/p>\n<p>Ces derniers temps, enfin, on rel\u00e8vera qu\u2019en France, tenir des conf\u00e9rences sur certains sujets et avec certains invit\u00e9s peut mener \u00e0 des annulations ordonn\u00e9es sous divers pr\u00e9textes par des maires ou des pr\u00e9fets. L\u2019avocat franco-palestinien Salah Hammouri, expuls\u00e9 vers la France le 18\u00a0d\u00e9cembre\u00a02022 apr\u00e8s plusieurs s\u00e9jours en prison pour des faits qu\u2019il a toujours ni\u00e9s et en d\u00e9tention administrative sans proc\u00e8s, en sait quelque chose. Plusieurs des conf\u00e9rences auxquelles il devait participer depuis lors ont fait l\u2019objet de plaintes qui ont parfois abouti \u00e0 leur annulation, comme celle \u00e0 Lyon, en janvier\u00a02023, le maire Europe \u00c9cologie les Verts (<span class=\"caps\">EELV<\/span>) Gr\u00e9gory Doucet ayant c\u00e9d\u00e9 aux pressions.<\/p>\n<p>En mars 2023, c\u2019est au tour de la pr\u00e9fecture de Meurthe-et-Moselle d\u2019interdire une table ronde \u00e0 Nancy avec Salah Hammouri, redoutant des\u00a0<i>\u00ab<small class=\"fine d-inline\">\u00a0<\/small>troubles \u00e0 l\u2019ordre public<small class=\"fine d-inline\">\u00a0<\/small>\u00bb.<\/i>\u00a0Puis en mai, \u00e0 son tour, le pr\u00e9fet de l\u2019H\u00e9rault a interdit un rassemblement pr\u00e9vu le samedi\u00a027\u00a0mai de la Coalition Montpellier contre l\u2019Apartheid qui rassemble 20\u00a0organisations. Dans son communiqu\u00e9 le pr\u00e9fet\u00a0<i>\u00ab<small class=\"fine d-inline\">\u00a0<\/small>redoute la transposition \u00e0 Montpellier d\u2019un conflit international et la tenue de discours discriminants incitant \u00e0 la haine envers une population \u00e0 raison de son appartenance \u00e0 une nation, race ou religion d\u00e9termin\u00e9e<small class=\"fine d-inline\">\u00a0<\/small>\u00bb.<\/i><\/p>\n<p>Un autre \u00e9pisode de la saga s\u2019est mieux termin\u00e9 pour Salah Hammouri et ses partisans\u00a0: alors que le maire de Lyon Gr\u00e9gory Doucet avait encore interdit une conf\u00e9rence \u00ab<small class=\"fine d-inline\">\u00a0<\/small>Palestine-Isra\u00ebl\u00a0: colonisation &#8211; apartheid<small class=\"fine d-inline\">\u00a0<\/small>\u00bb devant se tenir le 22\u00a0juin avec Salah Hammouri, sa d\u00e9cision a \u00e9t\u00e9 invalid\u00e9e en derni\u00e8re minute par le tribunal administratif de Lyon qui a confirm\u00e9 la tenue de la conf\u00e9rence.<\/p>\n<p>Mais d\u00e8s le surlendemain, une nouvelle interdiction de conf\u00e9rence \u00e9tait d\u00e9cid\u00e9e, cette fois par le pr\u00e9fet de l\u2019H\u00e9rault, pour une conf\u00e9rence \u00ab<small class=\"fine d-inline\">\u00a0<\/small>contre l\u2019apartheid<small class=\"fine d-inline\">\u00a0<\/small>\u00bb \u00e0 Montpellier. Le haut fonctionnaire a fait valoir la possible pr\u00e9sence\u00a0<i>\u00ab<small class=\"fine d-inline\">\u00a0<\/small>d\u2019\u00e9l\u00e9ments radicaux<small class=\"fine d-inline\">\u00a0<\/small>\u00bb, \u00ab<small class=\"fine d-inline\">\u00a0<\/small>un contexte international particuli\u00e8rement sensible<small class=\"fine d-inline\">\u00a0<\/small>\u00bb<\/i>\u00a0et le moment dans la semaine choisi, un samedi,\u00a0<i>\u00ab<small class=\"fine d-inline\">\u00a0<\/small>jour de shabbat<small class=\"fine d-inline\">\u00a0<\/small>\u00bb.<\/i><\/p>\n<p>Alors, la question se pose\u00a0: pourquoi cet acharnement en France contre les partisans de la cause palestinienne<small class=\"fine d-inline\">\u00a0<\/small>? Un pr\u00e9sident, des ministres, des pr\u00e9fets, un certain nombre de juges, tous ligu\u00e9s contre ces derniers, cela fait beaucoup. Le d\u00e9put\u00e9 de La France insoumise (<span class=\"caps\">LFI<\/span>) \u00c9ric Coquerel, r\u00e9cemment cit\u00e9 par\u00a0<i>Mediapart<\/i>, propose une r\u00e9ponse globale \u00e0 cette interrogation\u00a0:<\/p>\n<blockquote class=\"spip\"><p>Nous assistons \u00e0 la victoire diff\u00e9r\u00e9e de cette id\u00e9e du \u00ab<small class=\"fine d-inline\">\u00a0<\/small>choc des civilisations<small class=\"fine d-inline\">\u00a0<\/small>\u00bb qui consiste, dans ce cas, \u00e0 assimiler la cause palestinienne au terrorisme islamiste. Alors que cette grille de lecture, qui rejoint les th\u00e8ses de N\u00e9tanyahou, n\u2019\u00e9tait pas celle de la France, elle a peu \u00e0 peu infus\u00e9 au sein du pouvoir.<\/p><\/blockquote>\n<p>Il y a s\u00fbrement de cela. Cette \u00ab<small class=\"fine d-inline\">\u00a0<\/small>infusion<small class=\"fine d-inline\">\u00a0<\/small>\u00bb a sans doute aussi \u00e9t\u00e9 efficacement aid\u00e9e par d\u2019aucuns, comme nous le dit\u00a0<a href=\"https:\/\/orientxxi.info\/fr\/auteur457.html\">l\u2019historien Thomas Vescovi<\/a>.<\/p>\n<blockquote class=\"spip\"><p>Il y a tout d\u2019abord un ensemble d\u2019organisations qui m\u00e8nent un travail intense pour r\u00e9primer le mouvement de solidarit\u00e9 avec la Palestine depuis que celui-ci s\u2019est empar\u00e9 de la notion d\u2019apartheid. Non pas que par le pass\u00e9 tout \u00e9tait serein, mais il n\u2019y avait pas autant d\u2019interdictions. Ce \u00ab<small class=\"fine d-inline\">\u00a0<\/small>travail intense<small class=\"fine d-inline\">\u00a0<\/small>\u00bb, c\u2019est Elnet, par exemple, qui am\u00e8ne r\u00e9guli\u00e8rement des parlementaires en Isra\u00ebl. L\u2019organisation compte parmi ses relais de nombreuses figures de la majorit\u00e9 macroniste, qui ont ardemment combattu\u00a0<a class=\"spip_in\" href=\"https:\/\/orientxxi.info\/magazine\/apartheid-israelien-les-bonnes-resolutions-d-une-partie-de-la-gauche-francaise,6421\">la r\u00e9solution apartheid,<\/a>\u00a0l\u2019accueil de Salah Hammouri et surtout d\u00e9fendu l\u2019assimilation de l\u2019antisionisme \u00e0 l\u2019antis\u00e9mitisme. Ce dernier point parait effectivement d\u00e9terminant. En poussant dans ce sens, ces politiques normalisent au sein des institutions l\u2019id\u00e9e que tout \u00e9v\u00e9nement de solidarit\u00e9 avec la Palestine devient suspect, car potentiellement antis\u00e9mite, et donc possiblement \u00e0 interdire.<\/p><\/blockquote>\n<p>C\u2019est bien le concept de libert\u00e9 d\u2019expression qui parait mis en cause en Europe, au nom, paradoxalement, de la d\u00e9fense d\u2019un \u00c9tat, Isra\u00ebl, qui bafoue le droit international et les droits humains avec un aplomb toujours plus stup\u00e9fiant. Certes, l\u2019antis\u00e9mitisme est une posture honteuse et heureusement partout ill\u00e9gale, mais lorsque des \u00c9tats l\u2019amalgament avec l\u2019antisionisme et toute critique d\u2019Isra\u00ebl, ils contribuent \u00e0 assurer l\u2019impunit\u00e9 d\u2019un \u00c9tat qui joue avec cynisme sur la m\u00e9moire d\u2019un g\u00e9nocide pour garantir son immunit\u00e9.<\/p>\n<\/div>\n<div class=\"cadre_auteur\">\n<div class=\"intitules\">\n<p><a href=\"https:\/\/orientxxi.info\/fr\/auteur916.html\"><strong>BAUDOUIN LOOS<\/strong><\/a><\/p>\n<div class=\"bio\">\n<p>Journaliste \u00e0 Bruxelles.<\/p>\n<p><a href=\"https:\/\/orientxxi.info\/magazine\/la-criminalisation-de-la-solidarite-avec-la-palestine-gagne-du-terrain-en,6613\">Source<\/a><\/p>\n<\/div>\n<\/div>\n<\/div>\n","protected":false},"excerpt":{"rendered":"<p>Le Parlement britannique vient d\u2019adopter le 3 juillet 2023 une loi qui sanctionne le boycott et cible au premier chef les opposants \u00e0 la politique d\u2019Isra\u00ebl. Et il n\u2019est pas le seul, car le ph\u00e9nom\u00e8ne a pris de l\u2019ampleur en Allemagne, au Royaume-Uni et en France : par divers biais, la solidarit\u00e9 active avec la &#8230; <a title=\"La criminalisation de la solidarit\u00e9 avec la Palestine gagne du terrain en Europe\" class=\"read-more\" href=\"https:\/\/bruxelles-pantheres.be\/?p=5640\" aria-label=\"En savoir plus sur La criminalisation de la solidarit\u00e9 avec la Palestine gagne du terrain en Europe\">Lire la suite<\/a><\/p>\n","protected":false},"author":1,"featured_media":5643,"comment_status":"open","ping_status":"open","sticky":false,"template":"","format":"standard","meta":{"footnotes":""},"categories":[21,6,18],"tags":[87,66,186,203],"class_list":["post-5640","post","type-post","status-publish","format-standard","has-post-thumbnail","hentry","category-anti-imperialisme","category-palestine-moyen-orient","category-resistance-bruxelles","tag-apartheid","tag-boycott","tag-palestine","tag-sionisme"],"_links":{"self":[{"href":"https:\/\/bruxelles-pantheres.be\/index.php?rest_route=\/wp\/v2\/posts\/5640","targetHints":{"allow":["GET"]}}],"collection":[{"href":"https:\/\/bruxelles-pantheres.be\/index.php?rest_route=\/wp\/v2\/posts"}],"about":[{"href":"https:\/\/bruxelles-pantheres.be\/index.php?rest_route=\/wp\/v2\/types\/post"}],"author":[{"embeddable":true,"href":"https:\/\/bruxelles-pantheres.be\/index.php?rest_route=\/wp\/v2\/users\/1"}],"replies":[{"embeddable":true,"href":"https:\/\/bruxelles-pantheres.be\/index.php?rest_route=%2Fwp%2Fv2%2Fcomments&post=5640"}],"version-history":[{"count":7,"href":"https:\/\/bruxelles-pantheres.be\/index.php?rest_route=\/wp\/v2\/posts\/5640\/revisions"}],"predecessor-version":[{"id":5648,"href":"https:\/\/bruxelles-pantheres.be\/index.php?rest_route=\/wp\/v2\/posts\/5640\/revisions\/5648"}],"wp:featuredmedia":[{"embeddable":true,"href":"https:\/\/bruxelles-pantheres.be\/index.php?rest_route=\/wp\/v2\/media\/5643"}],"wp:attachment":[{"href":"https:\/\/bruxelles-pantheres.be\/index.php?rest_route=%2Fwp%2Fv2%2Fmedia&parent=5640"}],"wp:term":[{"taxonomy":"category","embeddable":true,"href":"https:\/\/bruxelles-pantheres.be\/index.php?rest_route=%2Fwp%2Fv2%2Fcategories&post=5640"},{"taxonomy":"post_tag","embeddable":true,"href":"https:\/\/bruxelles-pantheres.be\/index.php?rest_route=%2Fwp%2Fv2%2Ftags&post=5640"}],"curies":[{"name":"wp","href":"https:\/\/api.w.org\/{rel}","templated":true}]}}