{"id":5649,"date":"2023-07-14T10:43:49","date_gmt":"2023-07-14T09:43:49","guid":{"rendered":"https:\/\/bruxelles-pantheres.be\/?p=5649"},"modified":"2023-07-14T10:44:58","modified_gmt":"2023-07-14T09:44:58","slug":"5649","status":"publish","type":"post","link":"https:\/\/bruxelles-pantheres.be\/?p=5649","title":{"rendered":"Ukraine, Palestine. Deux guerres, deux r\u00e9cits"},"content":{"rendered":"<header class=\"header_article\">\n<p class=\"entry-title\"><strong><span style=\"font-size: 16px;\">L\u2019arm\u00e9e isra\u00e9lienne a men\u00e9 pendant 48 heures \u00e0 J\u00e9nine son op\u00e9ration militaire la plus \u00e9tendue depuis la deuxi\u00e8me intifada, avec aviation et chars, jetant sur les routes plus de 3 000 Palestiniens. Pourtant, cette guerre ne suscite que peu de r\u00e9actions internationales, contrairement \u00e0 la mobilisation permanente en faveur des Ukrainiens. Ce double standard mine le discours sur l\u2019universalit\u00e9 du droit international.<\/span><\/strong><\/p>\n<\/header>\n<p><!--more--><\/p>\n<nav class=\"traductions\"><\/nav>\n<nav id=\"breadcrumbs\"><span class=\"auteur\"> S\u00c9BASTIEN FONTENELLE\u00a0<\/span><time class=\"published\" datetime=\"2023-07-13T13:02:11Z\">&gt; 6 JUILLET 2023<\/time><\/nav>\n<nav><\/nav>\n<nav><\/nav>\n<nav class=\"themes_article article\"><\/nav>\n<section id=\"texte\" class=\"colonnes_texte entry-content\">\n<div class=\"col_unique\">\n<figure class=\"spip_documents logo_article spip_documents_center large spip_lien_ok\"><picture class=\"conteneur_image_responsive_h\"><\/picture><figcaption class=\"spip_doc_intitules spip_doc_intitules_top\">\n<div class=\"spip_doc_titre\"><strong><img decoding=\"async\" class=\"\" src=\"https:\/\/orientxxi.info\/local\/cache-responsive\/cache-360\/0c5f6cc19984867cabae665c3b21d23c.jpg?1688548025\" width=\"973\" height=\"546\" \/><\/strong><\/div>\n<div class=\"spip_doc_titre\"><strong>Des habitants du camp de r\u00e9fugi\u00e9s de J\u00e9nine le 4\u00a0juillet 2023 s\u2019enfuient durant l\u2019op\u00e9ration militaire isra\u00e9lienne<\/strong><\/div>\n<div class=\"spip_doc_descriptif\">Jaafar Ashtiyeh\/<span class=\"caps\">AFP<\/span><\/div>\n<div><\/div>\n<\/figcaption><\/figure>\n<div class=\"texte_article\">\n<p>D\u2019apr\u00e8s le dernier comptage de l\u2019<span class=\"caps\">ONU<\/span>\u00a0dat\u00e9 du 5\u00a0juin\u00a02023, la guerre de Vladimir Poutine en Ukraine, pays de 44,9\u00a0millions d\u2019habitants a fait, depuis son d\u00e9clenchement le 24\u00a0f\u00e9vrier\u00a02022, 24\u00a0425\u00a0victimes civiles, principalement ukrainiennes\u00a0: 8\u00a0983\u00a0personnes ont \u00e9t\u00e9 tu\u00e9es, 15\u00a0442 ont \u00e9t\u00e9 bless\u00e9es. Il s\u2019agit d\u2019une guerre odieuse que rien n\u2019excuse, cela va sans dire, mais encore mieux en le disant. Et c\u2019est bien ainsi que la per\u00e7oivent la presse et les m\u00e9dias fran\u00e7ais et occidentaux, qui depuis plus d\u2019un an la retransmettent jour apr\u00e8s jour en direct, dans ses moindres d\u00e9veloppements.<\/p>\n<p>C\u2019est bien ainsi, \u00e9galement, que la pr\u00e9sente Emmanuel Macron, chef de l\u2019\u00c9tat fran\u00e7ais, qui ne reste jamais plus de quelques jours sans redire, par-del\u00e0 quelques tergiversations, son plein soutien \u00e0 l\u2019Ukraine, au diapason des autres leaders europ\u00e9ens et am\u00e9ricain. S\u2019il y a tout lieu de se f\u00e9liciter de cette sollicitude, on peut tout de m\u00eame regretter que d\u2019autres guerres, tout aussi odieuses, ne b\u00e9n\u00e9ficient pas de la m\u00eame attention constante et soutenue. Et qu\u2019une fois encore, l\u2019invocation du droit international soit \u00e0 g\u00e9om\u00e9trie variable.<\/p>\n<h2 class=\"spip\">QUI A LE DROIT DE R\u00c9SISTER<small class=\"fine d-inline\">\u00a0<\/small>?<\/h2>\n<p>C\u2019est le cas, notamment, de celle, interminable, que l\u2019arm\u00e9e isra\u00e9lienne m\u00e8ne depuis de longues ann\u00e9es contre les populations de la Cisjordanie et de la bande de Gaza, o\u00f9 vivent environ 5,2\u00a0millions d\u2019habitants dont le seul tort est, semble-t-il, d\u2019exister. La comparaison n\u2019a rien de saugrenu\u00a0: il existe, par-del\u00e0 leurs caract\u00e8res propres, des similitudes entre ces deux situations. Mais leur traitement est pour le moins tr\u00e8s diff\u00e9renci\u00e9.<\/p>\n<p>Ainsi, quand Vladimir Poutine instrumentalise de mani\u00e8re \u00e9hont\u00e9e le souvenir de la seconde guerre mondiale, durant laquelle les Sovi\u00e9tiques ont pay\u00e9 un immense tribut, pour justifier son invasion de l\u2019Ukraine en pr\u00e9textant qu\u2019elle aurait pour objectif de \u00ab<small class=\"fine d-inline\">\u00a0<\/small>d\u00e9nazifier<small class=\"fine d-inline\">\u00a0<\/small>\u00bb ce pays, cette manipulation scandaleuse soul\u00e8ve \u00e0 juste titre une r\u00e9probation g\u00e9n\u00e9rale. Mais lorsque le gouvernement isra\u00e9lien se livre \u00e0 des trucages similaires en soutenant que les protestataires qui se mobilisent contre la r\u00e9pression des Palestiniens sont des antis\u00e9mites nostalgiques de la Shoah, il trouve des complices comme Emmanuel Macron pour d\u00e9cr\u00e9ter qu\u2019en effet, l\u2019antisionisme \u2014 dont nul n\u2019ignore, par ailleurs, qu\u2019il peut parfois dissimuler de v\u00e9ritables haines racistes \u2014 serait, par d\u00e9finition, un antis\u00e9mitisme.<\/p>\n<p>Autre double standard\u00a0: nul ne songe \u00e0 nier que le pr\u00e9sident ukrainien, \u00e0 qui la France livre r\u00e9guli\u00e8rement des armes depuis le d\u00e9but de l\u2019agression russe, est\u00a0<a class=\"spip_in\" href=\"https:\/\/orientxxi.info\/magazine\/la-resistance-un-privilege-blanc,5422\">pleinement fond\u00e9 \u00e0 r\u00e9sister<\/a>\u00a0et \u00e0 exiger le retour aux fronti\u00e8res internationalement reconnues de son pays. Mais c\u2019est en vain que l\u2019<span class=\"caps\">ONU<\/span>\u00a0demande depuis 1967 la restitution des territoires palestiniens occup\u00e9s cette ann\u00e9e-l\u00e0 par l\u2019arm\u00e9e isra\u00e9lienne, et du plateau du Golan. Personne, au sein de la \u00ab<small class=\"fine d-inline\">\u00a0<\/small>communaut\u00e9 internationale<small class=\"fine d-inline\">\u00a0<\/small>\u00bb ne songe \u00e0 livrer des armes \u00e0 la r\u00e9sistance palestinienne, r\u00e9guli\u00e8rement d\u00e9nonc\u00e9e comme \u00ab<small class=\"fine d-inline\">\u00a0<\/small>terroriste<small class=\"fine d-inline\">\u00a0<\/small>\u00bb. Et on demande aux Palestiniens de faire des concessions, alors qu\u2019on salue l\u2019intransigeance du pouvoir ukrainien.<\/p>\n<p>Car d\u00e9cid\u00e9ment, les men\u00e9es coloniales et guerri\u00e8res \u00e0 bon droit jug\u00e9es intol\u00e9rable en Ukraine sont, tout au rebours, commun\u00e9ment et facilement admises lorsqu\u2019elles sont le fait du gouvernement isra\u00e9lien. Cela se voit aussi dans l\u2019attention port\u00e9e \u2014 ou pas \u2014\u00a0<a class=\"spip_in\" href=\"https:\/\/orientxxi.info\/magazine\/refugies-mieux-vaut-etre-ukrainien-qu-afghan,5577\">aux victimes de ces exactions<\/a>.<\/p>\n<h2 class=\"spip\">DES MORTS QUI NE COMPTENT PAS<\/h2>\n<p>Selon Kiev,\u00a0<i>\u00ab<small class=\"fine d-inline\">\u00a0<\/small>au moins 485\u00a0enfants ukrainiens<small class=\"fine d-inline\">\u00a0<\/small>\u00bb<\/i>\u00a0ont \u00e9t\u00e9 tu\u00e9s depuis le d\u00e9but de l\u2019invasion russe. Ce bilan effroyable soul\u00e8ve une indignation l\u00e9gitime, et les auteurs de ce massacre sont regard\u00e9s \u00e0 juste titre comme d\u2019infr\u00e9quentables bourreaux. Mais cette indignation est encore une fois \u00e0 g\u00e9om\u00e9trie tr\u00e8s variable. \u00c0 la toute fin de l\u2019ann\u00e9e\u00a02008, l\u2019op\u00e9ration \u00ab<small class=\"fine d-inline\">\u00a0<\/small>Plomb durci<small class=\"fine d-inline\">\u00a0<\/small>\u00bb contre la bande de Gaza durant laquelle l\u2019arm\u00e9e isra\u00e9lienne a commis selon l\u2019<span class=\"caps\">ONU<\/span>\u00a0des\u00a0<i>\u00ab<small class=\"fine d-inline\">\u00a0<\/small>actes assimilables \u00e0 des crimes de guerre et peut-\u00eatre, dans certaines circonstances, \u00e0 des crimes contre l\u2019humanit\u00e9<small class=\"fine d-inline\">\u00a0<\/small>\u00bb<\/i>\u00a0avait fait 1\u00a0315\u00a0morts palestiniens, dont 410\u00a0enfants.<\/p>\n<p>Cinq ans plus tard, \u00e0 l\u2019\u00e9t\u00e9\u00a02014,\u00a0<a class=\"spip_in\" href=\"https:\/\/orientxxi.info\/magazine\/gaza-annee-zero,0767\">une nouvelle attaque contre Gaza,<\/a>\u00a0l\u2019op\u00e9ration \u00ab<small class=\"fine d-inline\">\u00a0<\/small>Bordure protectrice<small class=\"fine d-inline\">\u00a0<\/small>\u00bb au cours de laquelle l\u2019arm\u00e9e isra\u00e9lienne a, selon Amnesty International\u00a0<i>\u00ab<small class=\"fine d-inline\">\u00a0<\/small>viol\u00e9 les lois de la guerre en menant une s\u00e9rie d\u2019attaques contre des habitations civiles, faisant preuve d\u2019une froide indiff\u00e9rence face au carnage qui en r\u00e9sultait<small class=\"fine d-inline\">\u00a0<\/small>\u00bb<\/i>\u00a0a tu\u00e9, d\u2019apr\u00e8s le d\u00e9compte effectu\u00e9 par l\u2019<span class=\"caps\">ONU<\/span>, 1\u00a0354\u00a0civils palestiniens, dont, de nouveau, plusieurs centaines d\u2019enfants.<\/p>\n<p>Pourtant, le gouvernement isra\u00e9lien n\u2019a pas \u00e9t\u00e9 mis au ban des nations. Aucune sanction n\u2019a \u00e9t\u00e9 adopt\u00e9e contre lui. Fort de l\u2019impunit\u00e9 qui lui est ainsi garantie, il continue \u00e0 tuer. Dans les territoires palestiniens occup\u00e9s, 230\u00a0personnes ont \u00e9t\u00e9 abattues par les \u00ab<small class=\"fine d-inline\">\u00a0<\/small>forces de d\u00e9fense<small class=\"fine d-inline\">\u00a0<\/small>\u00bb isra\u00e9liennes ou par des colons en 2022. Et dans les cinq premiers mois de l\u2019ann\u00e9e\u00a02023,\u00a0<i>\u00ab<small class=\"fine d-inline\">\u00a0<\/small>l\u2019arm\u00e9e isra\u00e9lienne a d\u00e9j\u00e0 \u00f4t\u00e9 la vie \u00e0 plus de 161\u00a0Palestiniens<small class=\"fine d-inline\">\u00a0<\/small>\u00bb,<\/i>\u00a0selon l\u2019agence M\u00e9dias Palestine. Le 19\u00a0juin\u00a02023, 6\u00a0Palestiniens, dont 5\u00a0civils parmi lesquels se trouvait un adolescent de 15\u00a0ans, ont encore \u00e9t\u00e9 tu\u00e9s dans un raid de l\u2019arm\u00e9e isra\u00e9lienne \u00e0 J\u00e9nine, en Cisjordanie.<\/p>\n<h2 class=\"spip\">BANALES P\u00c9RIP\u00c9TIES<\/h2>\n<p>Les m\u00e9dias fran\u00e7ais ont tr\u00e8s rapidement \u00e9vacu\u00e9 ce qu\u2019ils consid\u00e8rent donc comme une banale p\u00e9rip\u00e9tie<small class=\"fine d-inline\">\u00a0<\/small>; rien qui puisse les d\u00e9tourner des \u00ab<small class=\"fine d-inline\">\u00a0<\/small>directs<small class=\"fine d-inline\">\u00a0<\/small>\u00bb journaliers consacr\u00e9s jour apr\u00e8s jour \u00e0 la guerre de Poutine en Ukraine. Le 20\u00a0juin,\u00a0<i>Le Monde<\/i>\u00a0consacrait tout de m\u00eame un \u00e9difiant article \u00e0 cette information pass\u00e9e largement inaper\u00e7ue\u00a0:\u00a0<i>\u00ab<small class=\"fine d-inline\">\u00a0<\/small>Le gouvernement isra\u00e9lien fait un pas important vers une annexion de la Cisjordanie<small class=\"fine d-inline\">\u00a0<\/small>\u00bb<\/i><sup class=\"ref_note\"><a id=\"nh1\" class=\"spip_note\" title=\"Clothilde Mraffko, 20\u00a0juin 2023.\" href=\"https:\/\/orientxxi.info\/magazine\/ukraine-palestine-deux-guerres-deux-recits,6601#nb1\" rel=\"appendix\">1<\/a><\/sup>.<\/p>\n<p>Dans un moment o\u00f9 le monde occidental tout entier se pique de d\u00e9fendre \u00e0 Kiev les droits des peuples, une telle ambition aurait presque pu soulever un d\u00e9but d\u2019irritation. Mais les Palestiniens ont ce grand tort, d\u00e9cid\u00e9ment inexcusable, qu\u2019ils ne sont pas Europ\u00e9ens. Et cette agression annonc\u00e9e a imm\u00e9diatement \u00e9t\u00e9 recouverte du silence dans lequel se fomentent les pires consentements.<\/p>\n<\/div>\n<div class=\"cadre_auteur\">\n<div class=\"intitules\">\n<p><a href=\"https:\/\/orientxxi.info\/fr\/auteur645.html\"><strong>S\u00c9BASTIEN FONTENELLE<\/strong><\/a><\/p>\n<div class=\"bio\">\n<p>Journaliste.<\/p>\n<p><a href=\"https:\/\/orientxxi.info\/magazine\/ukraine-palestine-deux-guerres-deux-recits,6601\">SOURCE<\/a><\/p>\n<\/div>\n<\/div>\n<\/div>\n<\/div>\n<\/section>\n","protected":false},"excerpt":{"rendered":"<p>L\u2019arm\u00e9e isra\u00e9lienne a men\u00e9 pendant 48 heures \u00e0 J\u00e9nine son op\u00e9ration militaire la plus \u00e9tendue depuis la deuxi\u00e8me intifada, avec aviation et chars, jetant sur les routes plus de 3 000 Palestiniens. Pourtant, cette guerre ne suscite que peu de r\u00e9actions internationales, contrairement \u00e0 la mobilisation permanente en faveur des Ukrainiens. Ce double standard mine &#8230; <a title=\"Ukraine, Palestine. Deux guerres, deux r\u00e9cits\" class=\"read-more\" href=\"https:\/\/bruxelles-pantheres.be\/?p=5649\" aria-label=\"En savoir plus sur Ukraine, Palestine. Deux guerres, deux r\u00e9cits\">Lire la suite<\/a><\/p>\n","protected":false},"author":1,"featured_media":5650,"comment_status":"open","ping_status":"open","sticky":false,"template":"","format":"standard","meta":{"footnotes":""},"categories":[36,4,7,6,28],"tags":[186,496],"class_list":["post-5649","post","type-post","status-publish","format-standard","has-post-thumbnail","hentry","category-europe","category-islamophobie","category-negrophobie","category-palestine-moyen-orient","category-racismes","tag-palestine","tag-ukraine"],"_links":{"self":[{"href":"https:\/\/bruxelles-pantheres.be\/index.php?rest_route=\/wp\/v2\/posts\/5649","targetHints":{"allow":["GET"]}}],"collection":[{"href":"https:\/\/bruxelles-pantheres.be\/index.php?rest_route=\/wp\/v2\/posts"}],"about":[{"href":"https:\/\/bruxelles-pantheres.be\/index.php?rest_route=\/wp\/v2\/types\/post"}],"author":[{"embeddable":true,"href":"https:\/\/bruxelles-pantheres.be\/index.php?rest_route=\/wp\/v2\/users\/1"}],"replies":[{"embeddable":true,"href":"https:\/\/bruxelles-pantheres.be\/index.php?rest_route=%2Fwp%2Fv2%2Fcomments&post=5649"}],"version-history":[{"count":2,"href":"https:\/\/bruxelles-pantheres.be\/index.php?rest_route=\/wp\/v2\/posts\/5649\/revisions"}],"predecessor-version":[{"id":5652,"href":"https:\/\/bruxelles-pantheres.be\/index.php?rest_route=\/wp\/v2\/posts\/5649\/revisions\/5652"}],"wp:featuredmedia":[{"embeddable":true,"href":"https:\/\/bruxelles-pantheres.be\/index.php?rest_route=\/wp\/v2\/media\/5650"}],"wp:attachment":[{"href":"https:\/\/bruxelles-pantheres.be\/index.php?rest_route=%2Fwp%2Fv2%2Fmedia&parent=5649"}],"wp:term":[{"taxonomy":"category","embeddable":true,"href":"https:\/\/bruxelles-pantheres.be\/index.php?rest_route=%2Fwp%2Fv2%2Fcategories&post=5649"},{"taxonomy":"post_tag","embeddable":true,"href":"https:\/\/bruxelles-pantheres.be\/index.php?rest_route=%2Fwp%2Fv2%2Ftags&post=5649"}],"curies":[{"name":"wp","href":"https:\/\/api.w.org\/{rel}","templated":true}]}}