{"id":566,"date":"2013-02-19T17:05:31","date_gmt":"2013-02-19T16:05:31","guid":{"rendered":"https:\/\/bruxelles-pantheres.be\/?p=566"},"modified":"2013-11-10T17:05:48","modified_gmt":"2013-11-10T16:05:48","slug":"soutien-aux-11-de-wetteren","status":"publish","type":"post","link":"https:\/\/bruxelles-pantheres.be\/?p=566","title":{"rendered":"Soutien aux 11 de Wetteren."},"content":{"rendered":"<p>&nbsp;<\/p>\n<p><img decoding=\"async\" alt=\"http:\/\/sciencescitoyennes.org\/wp-content\/uploads\/2011\/06\/barbaravandyck_web_ukleuven.jpg\" src=\"http:\/\/sciencescitoyennes.org\/wp-content\/uploads\/2011\/06\/barbaravandyck_web_ukleuven.jpg\" \/><\/p>\n<p><i>Ci-dessous, un extrait du site <a href=\"http:\/\/fieldliberation.wordpress.com\/2013\/02\/12\/uitspraak-ggo-proces-strijd-voor-duurzame-landbouw-gecriminaliseerd\/\" target=\"_blank\" rel=\"external\">http:\/\/fieldliberation.wordpress.com<\/a>.<\/i><\/p>\n<h3>Jugement proc\u00e8s des OGM\u00a0:<br \/>\nla lutte pour l\u2019agriculture durable est criminalis\u00e9e<!--more--><\/h3>\n<p>Aujourd\u2019hui, la Cour de Termonde a condamn\u00e9 11 militants pour des pommes de terre non OGM comme association de malfaiteurs. Il s\u2019agit de la criminalisation de leur participation \u00e0 l\u2019action non violente et au d\u00e9bat du 29 mai 2011 qui visait \u00e0 promouvoir une agriculture durable.<\/p>\n<p>Ce proc\u00e8s constitue un pr\u00e9c\u00e9dent tr\u00e8s dangereux qui pourrait toucher toutes les formes d\u2019action sociale. La justice belge attaque frontalement la libert\u00e9 d\u2019expression. Une participante est par exemple punie de six mois de prison ferme parce qu\u2019elle a parl\u00e9 avec la presse.<\/p>\n<p>Apr\u00e8s l\u2019annonce de l\u2019accusation d\u2019association de malfaiteurs, un grand nombre de personnes issues des mouvements environnementaux et agricoles, des universitaires et des politiciens se sont d\u00e9clar\u00e9s <i>\u00ab\u00a0comparants volontaires\u00a0\u00bb<\/i> pour soutenir les 11. De nombreuses organisations ont exprim\u00e9 leur solidarit\u00e9, des syndicats aux organisations paysannes, Oxfam et Greenpeace. Le jugement d\u2019aujourd\u2019hui engendrera encore plus de solidarit\u00e9.<\/p>\n<p><i>\u00ab\u00a0C\u2019est absurde,<\/i> dit Tjerk Dalhuisen, un accus\u00e9 n\u00e9erlandais. <i>Si la justice pense que nous allons nous taire maintenant, elle se trompe. Nous luttons pour une agriculture durable, sans magouilles g\u00e9n\u00e9tiques et sans poison. Nous ne sommes pas des cobayes pour l\u2019industrie et continuerons \u00e0 faire entendre nos voix.\u00a0\u00bb<\/i><\/p>\n<p>Marie Smekens, une jeune paysanne et une des 11 d\u00e9clare\u00a0: <i>\u00ab\u00a0Les peines sont totalement disproportionn\u00e9es. Il est clair que ce proc\u00e8s a l\u2019intention de museler toute forme de contestation.\u00a0\u00bb<\/i><\/p>\n<p>Il va de soi que les accus\u00e9s s\u2019opposent \u00e0 ce jugement absurde\u00a0! Ils demandent un nouveau proc\u00e8s qui respecte les droits de d\u00e9fense.<\/p>\n<p>Le 15 janvier dernier, les accus\u00e9s et leurs avocats avaient quitt\u00e9 la salle pendant le proc\u00e8s, apr\u00e8s que le juge ait refus\u00e9 d\u2019\u00e9couter leurs t\u00e9moins et d\u2019examiner leurs preuves. Ces t\u00e9moignages \u00e9taient importants pour souligner la nature politique de cette action. Les comparants volontaires n\u2019ont pas \u00e9t\u00e9 inclus non plus par le tribunal dans le proc\u00e8s.<\/p>\n<p>L\u2019action du 29 mai \u00e0 Wetteren a \u00e9t\u00e9 men\u00e9e pour attirer l\u2019attention sur les probl\u00e8mes majeurs des OGM et les cons\u00e9quences de leur introduction dans l\u2019agriculture et la cha\u00eene alimentaire.<\/p>\n<h3>\u00ab\u00a0Le Grand \u00c9change de patates\u00a0\u00bb<\/h3>\n<p><strong>Contexte de l\u2019action<\/strong><\/p>\n<p>Les inculp\u00e9(e)s dans le proc\u00e8s des pommes de terre OGM ont particip\u00e9 \u00e0 une action de d\u00e9sob\u00e9issance civile afin de mettre en \u00e9vidence un ph\u00e9nom\u00e8ne de soci\u00e9t\u00e9.<\/p>\n<p>Le 29 mai 2011, environ 400 de militant(e)s ont remplac\u00e9 quelques pommes de terre g\u00e9n\u00e9tiquement modifi\u00e9es du champ d\u2019essai de Wetteren par des vari\u00e9t\u00e9s conventionnelles et biologiques reconnues pour leur r\u00e9sistance naturelle au Mildiou. Par cette action, ils veulent d\u00e9noncer la politique mise en place pour faire accepter les organismes g\u00e9n\u00e9tiquement modifi\u00e9s alors qu\u2019ils sont insuffisamment test\u00e9s tant au niveau sanitaire qu\u2019environnemental.<\/p>\n<p>Au travers de cette action, ils s\u2019opposent \u00e9galement \u00e0 la privatisation et \u00e0 la monopolisation progressive des vari\u00e9t\u00e9s v\u00e9g\u00e9tales, dues au brevetage, qui donnent le pouvoir \u00e0 quelques op\u00e9rateurs de s\u2019approprier le march\u00e9 des semences et de contr\u00f4ler la production alimentaire.<\/p>\n<p>Depuis des ann\u00e9es des citoyen(ne)s et organisations luttent pour l\u2019ouverture d\u2019un d\u00e9bat d\u00e9mocratique sur l\u2019introduction des cultures g\u00e9n\u00e9tiquement modifi\u00e9es. Des organisations environnementales et agricoles telles que les Amis de la Terre, Greenpeace ou Bioforum travaillent pour faciliter une agriculture plus juste et durable. Celles-ci soulignent que les OGM n\u2019en font pas partie. Elles se sont oppos\u00e9es \u00e0 l\u2019autorisation du champ de patates qu\u2019elles d\u00e9finissaient comme inutile et non d\u00e9sir\u00e9. En outre elles ont soulign\u00e9 les cons\u00e9quences environnementales n\u00e9gatives de cet essai.<\/p>\n<p>Trois experts du conseil de bios\u00e9curit\u00e9 ont donn\u00e9 un avis n\u00e9gatif pour cet essai. Ils ont insist\u00e9 sur le fait qu\u2019il y a des risques environnementaux li\u00e9s \u00e0 l\u2019essai en champ, que ce dossier ne comporte aucune valeur scientifique. En ao\u00fbt 2012, le tribunal de Gand a jug\u00e9 que l\u2019autorisation de l\u2019essai \u00e9tait ill\u00e9gale suite au manque de motivations de la part des ministres comp\u00e9tents pour n\u2019avoir pas tenu compte des oppositions publiques, ni des avis quoique minoritaires des experts du conseil de bios\u00e9curit\u00e9.<\/p>\n<p>L\u2019action a eu lieu apr\u00e8s qu\u2019aucune autre forme d\u2019expression d\u2019opinion n\u2019ai \u00e9t\u00e9 prise en compte et entendue. Les probl\u00e8mes structurels dans l\u2019agriculture et les cons\u00e9quences de l\u2019application des organismes g\u00e9n\u00e9tiquement modifi\u00e9s restent syst\u00e9matiquement sous-expos\u00e9s. Le d\u00e9bat public sur le fond de la question est esquiv\u00e9.<\/p>\n<p><strong>Le proc\u00e8s<\/strong><\/p>\n<p>Suite \u00e0 une citation directe du parquet et la pr\u00e9sentation du consortium en tant que partie civile, les instituts menant l\u2019essai ont donc choisi d\u2019amener le d\u00e9bat devant le tribunal.<\/p>\n<p>La d\u00e9fense du groupe de militants faisait appel \u00e0 des t\u00e9moins experts, des d\u00e9clarations vid\u00e9o de scientifiques et un vid\u00e9o-compte rendu de l\u2019action. Ces t\u00e9moignages sont n\u00e9cessaires afin de d\u00e9montrer que l\u2019action s\u2019inscrit dans le droit de libert\u00e9 d\u2019expression et qu\u2019elle \u00e9tait n\u00e9cessaire pour garantir le principe de pr\u00e9caution.<\/p>\n<p>En effet, les motivations de l\u2019action de Wetteren \u00e9taient la protection de l\u2019environnement, de la sant\u00e9 publique et de l\u2019agriculture paysanne.<\/p>\n<p>Sans option de discussion, les juges ont rejet\u00e9 les t\u00e9moins et les t\u00e9moignages vid\u00e9os qui \u00e9taient appel\u00e9s par les accus\u00e9(e)s afin non seulement d\u2019argumenter leur d\u00e9fense, mais de justifier le lien avec leurs pr\u00e9sences devant ce tribunal. Ces t\u00e9moignages visaient \u00e0 souligner le caract\u00e8re politique de l\u2019action. Ainsi, les juges ont viol\u00e9 le droit de d\u00e9fense des inculp\u00e9(e)s et la possibilit\u00e9 de contester l\u2019application des OGM dans l\u2019agriculture et l\u2019alimentation.<\/p>\n<p>Les juges ont \u00e9galement rejet\u00e9 la demande de plus de 90 comparant(e)s volontaires d\u2019\u00eatre jug\u00e9(e)s au m\u00eame titre que les inculp\u00e9(e)s. Les comparant(e)s volontaires expriment l\u2019avis de beaucoup qui n\u2019acceptent pas la criminalisation de l\u2019action politique pour qu\u2019une autre agriculture soit possible.<\/p>\n<p>Le message pour le monde politique, les m\u00e9dias, le monde acad\u00e9mique et les pouvoirs judiciaires est clair\u00a0:<\/p>\n<p>Nous, et beaucoup de gens avec nous, persisterons dans la lutte pour une agriculture juste, accessible \u00e0 tous, durable et sans OGM.\u00a0Et ce mouvement n\u2019est qu\u2019en train de s\u2019accro\u00eetre\u2026<\/p>\n<p><b>Pour toutes marques de solidarit\u00e9<\/b><\/p>\n<p><a href=\"https:\/\/nl-nl.facebook.com\/VlaanderenGgoVrij\" target=\"_blank\">https:\/\/nl-nl.facebook.com\/<wbr \/>VlaanderenGgoVrij<\/a><br \/>\n<iframe src=\"\/\/player.vimeo.com\/video\/55050052\" height=\"281\" width=\"500\" allowfullscreen=\"\"><\/iframe><\/p>\n<p><a href=\"http:\/\/vimeo.com\/55050052\">Soutien aux 11 de Wetteren.<\/a> from <a href=\"http:\/\/vimeo.com\/user9616926\">Michael Claerbout<\/a> on <a href=\"http:\/\/vimeo.com\">Vimeo<\/a>.<\/p>\n<p style=\"text-align: justify;\">[FRANCAIS]<\/p>\n<p style=\"text-align: justify;\"><strong>Soutien aux 11 de Wetteren. Faisons le proc\u00e8s des OGM, pas celui des lib\u00e9rateurs de champ.<br \/>\nVenez \u00e0 TERMONDE (BE), 15 janvier 2013, 8h<\/strong><\/p>\n<p style=\"text-align: justify;\">Le 29 mai 2011 des centaines d\u2019activistes ont d\u00e9contamin\u00e9 un champ d\u2019essai OGM \u00e0 Wetteren. Ils ont remplac\u00e9 des pommes de terre g\u00e9n\u00e9tiquement modifi\u00e9es par des vari\u00e9t\u00e9s biologiques, sans manipulation g\u00e9n\u00e9tique, d\u00e9licieuses et saines.<\/p>\n<p style=\"text-align: justify;\">Le \u00ab Grand Echange de patates \u00bb a eu lieu sans violence, et de fa\u00e7on publique. Le but de l\u2019action \u00e9tait de stimuler le d\u00e9bat sur le bon sens \/ non-sens de la pr\u00e9sence d\u2019 OGM dans nos champs et dans nos assiettes. Avec succ\u00e8s : le d\u00e9bat citoyen s\u2019est d\u00e9velopp\u00e9 entretemps dans les journaux, les forums internet, \u00e0 la radio et \u00e0 la TV. Les \u00e9coles et les universit\u00e9s y participent, mais \u00e9galement le monde politique, agronome et les ONG. L\u2019action de d\u00e9sob\u00e9issance civile a sensibilis\u00e9 les gens aux dangers des OGM, et le r\u00f4le de la recherche publique en cette mati\u00e8re. Les gens se rendent compte que le monde a besoin de solutions durables et \u00e9quitables face aux d\u00e9fis alimentaires de l\u2019avenir.<\/p>\n<p style=\"text-align: justify;\">La justice poursuit onze des militants pour \u00ab association de malfaiteurs \u00bb. Une demande d\u2019indemnisation de 200.000 euros a \u00e9t\u00e9 formul\u00e9e \u00e0 leur \u00e9gard. En effet : l\u2019Institut Flamand de Biotechnologie, l\u2019universit\u00e9 de Gand, l\u2019\u00e9cole sup\u00e9rieure de Gand et l\u2019ILVO ne r\u00e9clament pas seulement l\u2019indemnisation pour les co\u00fbts de six mois de protection par des soci\u00e9t\u00e9s priv\u00e9es, mais \u00e9galement les co\u00fbts de la manifestation pro-OGM, des contacts du secteur biotech avec la presse, et des dizaines d\u2019heures que des professeurs ont pass\u00e9es en faisant de la propagande OGM par email ou Facebook.<\/p>\n<p style=\"text-align: justify;\">Mener des campagnes pour une agriculture durable n\u2019est pas un crime et l\u2019acte d\u2019accusation d\u2019association de malfaiteurs est antid\u00e9mocratique. Plus de nonante personnes se sont port\u00e9es volontaires pour compara\u00eetre \u00e9galement en justice. Parmi les comparants se trouvent des paysans, des politiciens, des personnes du monde acad\u00e9mique, des repr\u00e9sentants de diverses associations, des activistes environnementaux, des citoyens concern\u00e9s, des faucheurs volontaires fran\u00e7ais,\u2026 . Leur geste est un signal fort qui montre que les onze accus\u00e9s font partie d\u2019un vaste mouvement social. Donnez-nous aussi votre soutien aux onze inculp\u00e9s!<\/p>\n<p style=\"text-align: justify;\">Venez au proc\u00e8s le 15 janvier 2013 (rassemblement 8h devant le palais de Justice \u00e0 Termonde, Justitieplein 1, nous y prendrons le petit-d\u00e9jeuner ensemble, echangerons des infos, pr\u00e9parons des frites bio, il y aura de la musique\u2026)!<\/p>\n<p style=\"text-align: justify;\">Vous pouvez aussi:<\/p>\n<p style=\"text-align: justify;\">&#8211; Proclamez votre commune \u00ab libre d\u2019OGM \u00bb, organisez une soir\u00e9e \u00e0 notre b\u00e9n\u00e9fice, ou un d\u00e9bat<br \/>\n&#8211; Enregistrez un message de soutien et l\u2019envoyer \u00e0 field.liberation@gmail.com<br \/>\n&#8211; Contribuez g\u00e9n\u00e9reusement au compte de soutien BE59 5230 8045 6626 au nom de Crop Resistance (Triodos BIC: TRIOBEBB)<br \/>\n&#8211; Achetez ou vendre de la bi\u00e8re de soutien aux Faucheurs. Vous pouvez l\u2019acheter \u00e0 Bruxelles, Liege, Namur, \u2026. Pour les contacts\/\/points de vente, voir <a href=\"http:\/\/fieldliberation.wordpress.com\/2012\/08\/25\/bier-de-maaieren-biere-la-faucheuse\/http:\/\/\">ici<\/a><\/p>\n<p style=\"text-align: justify;\">Info sur l\u2019action: fieldliberation.wordpress.com<br \/>\nContact: field.liberation@gmail.com<\/p>\n<p style=\"text-align: justify;\">PS <em>Le tribunal de Termonde (Jusitieplein 1 \u2013 Termonde) est facilement joignable par train<\/em><br \/>\n<em> depuis Bruxelles: 07h25 (voie 1)<\/em><br \/>\n<em> depuis Namur: 06h20 (voie 9)<\/em><br \/>\n<em> depuis Li\u00e8ge: 06h00 (voie 3)<\/em><\/p>\n<p style=\"text-align: justify;\">*<\/p>\n<p style=\"text-align: justify;\"><strong>Steun de 11 van Wetteren. Vervolg de ggo\u2019s, niet de veldbevrijders.<br \/>\nKom naar DENDERMONDE (BE), 15 januari 2013, 8 uur<\/strong><\/p>\n<p style=\"text-align: justify;\">Op 29 mei 2011 decontamineerden honderden activisten een ggo-proefveld te Wetteren. Ze ruilden de genetisch gemanipuleerde aardappelen voor biologische vari\u00ebteiten, gentech-vrij, lekker en gezond.<\/p>\n<p style=\"text-align: justify;\">De Grote Aardappelruil gebeurde geweldloos en publiek. De actie beoogde het debat over de zin en onzin van ggo\u2019s in onze akkers en op ons bord aan te zwengelen. Dat lukte. Burgers discussi\u00ebren volop overal in het land, in kranten, via internet, op radio en teevee. Scholen en universiteiten, maar ook de politieke, agrarische en ngo-wereld doen mee. De actie van burgerlijke ongehoorzaamheid maakte mensen bewust van de gevaren van ggo\u2019s en het belang en de rol van publiek onderzoek daarbij. \u00c9chte duurzame en rechtvaardige oplossingen zijn nodig voor de voedseluitdagingen van onze toekomst weten ze nu.<\/p>\n<p style=\"text-align: justify;\">Het Openbaar Ministerie vervolgt elf activisten voor bendevorming. Een schadeclaim tot 200.000 euro hangt boven hun hoofd. Want het Vlaams Instituut voor Biotechnologie, de UGent, de Hogeschool Gent en het Instituut voor Landbouw en Visserij Onderzoek dringen aan om hen niet alleen zes maanden priv\u00e9 bewaking van het aardappelveld te laten betalen, maar tegelijk de pro-ggo-betoging, de contacten van de biotech sector met de pers, en tientallen uren dat de professoren ggo-propaganda verspreidden via mail en Facebook.<\/p>\n<p style=\"text-align: justify;\">Actie voeren voor duurzame landbouw is geen criminele daad en de aanklacht van bendevorming is bijzonder ondemocratisch.<br \/>\nMeer dan negentig mensen willen dit kracht bijzetten en daarom vrijwillig verschijnen als medebeklaagden. Onder de meer dan vrijwillige verschijners bevinden zich boeren, politici, academici, vertegenwoordigers van het middenveld, milieu-activisten, bezorgde burgers en Franse veldbevrijders. Dit is een sterk signaal dat de elf beschuldigden deel uitmaken van een brede sociale beweging. Ook jij kan de beschuldigde veldbevrijders een hart onder de riem steken:<\/p>\n<p style=\"text-align: justify;\">Kom naar de procesdag op 15 januari 2013 (verzamelen om 8u aan het gerechtsgebouw te Dendermonde, Justitieplein 1. We zullen er samen ontbijten, info uitwisselen, biologische frieten bakken en zorgen voor een streepje muziek).<\/p>\n<p style=\"text-align: justify;\">Je kan ook:<br \/>\n&#8211; van je gemeente een \u201cggo-vrije\u201d gemeente maken, een benefietavond, of een debat organiseren<br \/>\n&#8211; een video-steunboodschap maken en opsturen naar field.liberation@gmail.com<br \/>\n&#8211; gul storten op steunrekening BE59 5230 8045 6626, op naam van Crop Resistance (Triodos BIC: TRIOBEBB)<br \/>\n&#8211; zoveel mogelijk steunbier (ver)kopen. Te koop op verschillende plaatsen in Gent, Antwerpen, Leuven, Luik en Brussel. Voor contactinformatie check <a title=\"Bier\" href=\"http:\/\/fieldliberation.wordpress.com\/2012\/08\/25\/bier-de-maaieren-biere-la-faucheuse\/\">hier<\/a><\/p>\n<p style=\"text-align: justify;\">Info over de actie: fieldliberation.wordpress.com<br \/>\nContact: field.liberation@gmail.com<\/p>\n<p style=\"text-align: justify;\">PS. <em>het gerechtshof van Dendermonde is makkelijk per trein te bereiken. 15 minuutjes te voet vanaf het station van Dendermonde <\/em><br \/>\n<em> Vanuit Gent Sint-Pieters: 07h25 (spoor 1)<\/em><br \/>\n<em> Vanuit Brussel-Centraal: 07h25 (spoor 1) <\/em><br \/>\n<em> Vanuit Antwerpen-Centraal: 06h47 (spoor 23)<\/em><\/p>\n<p style=\"text-align: justify;\">[ENGLISH]<\/p>\n<p style=\"text-align: justify;\"><strong>Support the Wetteren 11. Put GMOs on trial, not the field liberators.<br \/>\nCome to DENDERMONDE (BE), 15th of January 2013, 8 a.m.<\/strong><\/p>\n<p style=\"text-align: justify;\">On 29 May 2011, hundreds of activists decontaminated a GM potato field trial in Wetteren . They pulled up genetically modified potatoes and replaced them with organic varieties, which are naturally blight resistant, tasty and healthy.<\/p>\n<p style=\"text-align: justify;\">The \u2018Great Potato Swap\u2019 was public and nonviolent. The aim of the action was to stimulate debate about the pros and cons of genetically modified organisms (GMOs) in our fields and on our plates. It succeeded: the public debate took off in the papers, online, and on the radio and television. Schools and universities took part as did NGOs and the political and farming sectors. This act of civil disobedience made people aware of the dangers of GMO\u2019s and the role that public research plays in their development. We need to find real sustainable and fair solutions to respond to future food challenges.<\/p>\n<p style=\"text-align: justify;\">11 activists have been accused of belonging to a criminal gang, and risk being asked to pay \u20ac200,000 damages. Why so much? Because the Flemish Institute for biotechnology, University of Ghent, Ghent HogeSchool and the Institute for Agricultural and Fisheries Research wants them to pay not only for six months of private security for the site, but also for the pro GMO rally, the time the biotech industry spent dealing with the press, and the many hours that the lecturers spent spreading pro-GMO propaganda by e-mail and Facebook.<\/p>\n<p style=\"text-align: justify;\">Campaigning for a more sustainable agriculture is not a crime and this prosecution for criminal gang is undemocratic.<br \/>\nMore than ninety people have volunteered to join the accused in the docks to reinforce this message. Among them are farmers, politicians, academic scholars, civil society representatives, concerned citizens and French voluntary reapers. This is a strong message that the 11 accused belong to a broad social movement.<\/p>\n<p style=\"text-align: justify;\">Come and add your voice to the chorus of support, join us in Dendermonde on the day of the trial, have breakfast, exchange information, fry organic chips and enjoy some live music.<\/p>\n<p style=\"text-align: justify;\">We are meeting at 8am in front of the lawcourts, Justitieplein 1, Dendermonde.<\/p>\n<p style=\"text-align: justify;\">You can also:<\/p>\n<p style=\"text-align: justify;\">&#8211; Make your community GM free and organise a benefit evening, or a debate<br \/>\n&#8211; Record a video support message and send it to field.liberation@gmail.com<br \/>\n&#8211; Support us financially by making a donation by bank transfer to the account name : Crop Resistance (Triodos BIC: TRIOBEBB), number: BE59 5230 8045 6626<br \/>\n&#8211; Buy lots of our Faucheurs (crop pullers) beer from our depots in Brussels, Ghent, Leuven, Li\u00e8ge and Antwerp. For contact information look <a href=\"http:\/\/fieldliberation.wordpress.com\/2012\/08\/25\/bier-de-maaieren-biere-la-faucheuse\/\">here<\/a><\/p>\n<p style=\"text-align: justify;\">For information about the action go to: fieldliberation.wordpress.com<br \/>\nContact: field.liberation@gmail.com<\/p>\n<address><em>PS.The law court is easy to reach by train, just 15 min walking from Dendermonde station<\/em><\/address>\n<address><em>Coming from Ghent: 07:25 (track 1)<\/em><\/address>\n<address><em>Coming from Brussels: 07:25 (track 1)<\/em><\/address>\n<address><em>Coming from Antwerp: 06:47 (track 23)<\/em><\/address>\n<p style=\"text-align: justify;\">*<\/p>\n<p style=\"text-align: justify;\">**<\/p>\n<p style=\"text-align: justify;\"><a href=\"http:\/\/fieldliberation.files.wordpress.com\/2012\/04\/faucheusemaaierin2nonvectssbc.jpg\"><img decoding=\"async\" class=\"aligncenter\" alt=\"faucheusemaaierin2nonvectssbc\" src=\"http:\/\/fieldliberation.files.wordpress.com\/2012\/04\/faucheusemaaierin2nonvectssbc.jpg?w=300&amp;h=229\" width=\"300\" height=\"229\" \/><\/a><\/p>\n<h4 style=\"text-align: justify;\"><strong>Steunrekening \/\/ compte de solidarit\u00e9 \/\/ support account <\/strong><\/h4>\n<h4 style=\"text-align: justify;\"><strong>BE59 5230 8045 6626 <\/strong><\/h4>\n<h4 style=\"text-align: justify;\"><strong>op naam van \/\/au nom de\/\/ name\u00a0 <\/strong><\/h4>\n<h4 style=\"text-align: justify;\"><strong>Crop Resistance (Triodos BIC: TRIOBEBB)<\/strong><\/h4>\n<p style=\"text-align: justify;\"><em>Het gestorte geld zal in de eerste plaats gebruikt worden on de proceskosten en eventuele boetes van de beschuldigden te betalen. Verder kan het gebruikt worden voor de verdere strijd tegen het agroindustri\u00eble landbouwmodel en de uitbouw van agro-ecologische boerenlandbouw.<\/em><\/p>\n<p style=\"text-align: justify;\"><em>L\u2019argent d\u00e9pos\u00e9 sera utilis\u00e9 principalement pour payer les co\u00fbts et les amendes potentielles des inculp\u00e9s. Il peut \u00e9galement \u00eatre utilis\u00e9 pour la lutte contre le mod\u00e8le agro-industriel et\/ou le d\u00e9veloppement d\u2019initiatives destin\u00e9es \u00e0 promouvoir une agriculture paysanne agro-\u00e9cologique.<\/em><\/p>\n<p style=\"text-align: justify;\"><em>The money will be used to pay possible fines of the 11 prosecuted in the first place. It could also be used for the struggle against the agro-industrial business model and\/or the support of the development of agro-ecological initiatives<br \/>\n<\/em><br \/>\nContact: <a href=\"mailto:field.lberation@gmail.com\">field.lberation@gmail.com<\/a> \/\/ <a href=\"http:\/\/fieldliberation.wordpress.com\/\" rel=\"nofollow\">http:\/\/fieldliberation.wordpress.com\/<\/a><\/p>\n<p>=======================<\/p>\n","protected":false},"excerpt":{"rendered":"<p>&nbsp; Ci-dessous, un extrait du site http:\/\/fieldliberation.wordpress.com. Jugement proc\u00e8s des OGM\u00a0: la lutte pour l\u2019agriculture durable est criminalis\u00e9e<\/p>\n","protected":false},"author":1,"featured_media":567,"comment_status":"open","ping_status":"open","sticky":false,"template":"","format":"standard","meta":{"footnotes":""},"categories":[21,36,18,5],"tags":[44,43,15],"class_list":["post-566","post","type-post","status-publish","format-standard","has-post-thumbnail","hentry","category-anti-imperialisme","category-europe","category-resistance-bruxelles","category-violence-policiere","tag-ecologie","tag-nucleaire","tag-resistance"],"_links":{"self":[{"href":"https:\/\/bruxelles-pantheres.be\/index.php?rest_route=\/wp\/v2\/posts\/566","targetHints":{"allow":["GET"]}}],"collection":[{"href":"https:\/\/bruxelles-pantheres.be\/index.php?rest_route=\/wp\/v2\/posts"}],"about":[{"href":"https:\/\/bruxelles-pantheres.be\/index.php?rest_route=\/wp\/v2\/types\/post"}],"author":[{"embeddable":true,"href":"https:\/\/bruxelles-pantheres.be\/index.php?rest_route=\/wp\/v2\/users\/1"}],"replies":[{"embeddable":true,"href":"https:\/\/bruxelles-pantheres.be\/index.php?rest_route=%2Fwp%2Fv2%2Fcomments&post=566"}],"version-history":[{"count":1,"href":"https:\/\/bruxelles-pantheres.be\/index.php?rest_route=\/wp\/v2\/posts\/566\/revisions"}],"predecessor-version":[{"id":568,"href":"https:\/\/bruxelles-pantheres.be\/index.php?rest_route=\/wp\/v2\/posts\/566\/revisions\/568"}],"wp:featuredmedia":[{"embeddable":true,"href":"https:\/\/bruxelles-pantheres.be\/index.php?rest_route=\/wp\/v2\/media\/567"}],"wp:attachment":[{"href":"https:\/\/bruxelles-pantheres.be\/index.php?rest_route=%2Fwp%2Fv2%2Fmedia&parent=566"}],"wp:term":[{"taxonomy":"category","embeddable":true,"href":"https:\/\/bruxelles-pantheres.be\/index.php?rest_route=%2Fwp%2Fv2%2Fcategories&post=566"},{"taxonomy":"post_tag","embeddable":true,"href":"https:\/\/bruxelles-pantheres.be\/index.php?rest_route=%2Fwp%2Fv2%2Ftags&post=566"}],"curies":[{"name":"wp","href":"https:\/\/api.w.org\/{rel}","templated":true}]}}