{"id":5660,"date":"2023-07-29T11:48:52","date_gmt":"2023-07-29T10:48:52","guid":{"rendered":"https:\/\/bruxelles-pantheres.be\/?p=5660"},"modified":"2023-07-29T11:48:52","modified_gmt":"2023-07-29T10:48:52","slug":"je-me-suis-releve-dans-lorage-de-jonathan-nguyen","status":"publish","type":"post","link":"https:\/\/bruxelles-pantheres.be\/?p=5660","title":{"rendered":"Je me suis relev\u00e9 dans l&rsquo;orage de Jonathan Nguyen"},"content":{"rendered":"<p>\u201cJe me suis relev\u00e9 dans l\u2019orage\u201d est un po\u00e8me issu du t\u00e9moignage d\u2019un \u00e9tudiant congolais qui vivait en Ukraine lorsque la guerre a \u00e9clat\u00e9 (travail avec l&rsquo;organisation Change Asbl). Le po\u00e8me relate la discrimination dont il a fait preuve en Ukraine, et continue de faire preuve en Belgique. A l\u2019heure o\u00f9 l\u2019on voit une discrimination de traitement des r\u00e9fugi\u00e9s sur la base de l\u2019origine, ce texte a pour vocation d&rsquo;\u00eatre connu et diffus\u00e9.<\/p>\n<p>Jonathan Nguyen<\/p>\n<p><!--more--><iframe id=\"ausha-77j8\" style=\"border: none; width: 100%; height: 420px;\" src=\"https:\/\/player.ausha.co\/index.html?podcastId=oRPlYHLwZM0r&amp;playlist=true&amp;color=%2372238e&amp;v=3&amp;playerId=ausha-77j8\" name=\"Ausha Podcast Player\" height=\"420\" frameborder=\"0\"><\/iframe><script src=\"https:\/\/player.ausha.co\/ausha-player.js\"><\/script><\/p>\n<p><strong>Je me suis relev\u00e9 dans l\u2019orage<\/strong><\/p>\n<p>Matin glacial de f\u00e9vrier<br \/>\nSous les bombes m\u00e9t\u00e9orites<br \/>\nQui fendent le ciel embras\u00e9<br \/>\nMes oreilles assourdies cr\u00e9pitent<br \/>\nCourse folle au m\u00e9tro et \u00e0 la gare<br \/>\nTonnerre de trains surpeupl\u00e9s<br \/>\nLes femmes et les enfants d\u2019abord<br \/>\nMon monde et mon souffle coup\u00e9s<br \/>\nDe Kiev \u00e0 Lviv je vois le monde d\u00e9filer<br \/>\nLe soleil rouge poudroie des cendres<br \/>\nSur des villes presque exsangues<br \/>\nLes yeux se noient dans des larmes<br \/>\nScintillantes o\u00f9 s\u2019abreuve la nostalgie<br \/>\nJ\u2019attends sur le fil d\u2019une vie<br \/>\nDont le tissage est suspendu<br \/>\nJ\u2019attends pr\u00e9cipice au bout des doigts<br \/>\nJ\u2019ignore qui me tendra la main<br \/>\nPour sauver mes r\u00eaves en \u00e9clats<br \/>\nJ\u2019attends la fronti\u00e8re d\u2019un nouveau monde<br \/>\nL\u2019espoir d\u2019un salut, la fin des bombes<br \/>\nJ\u2019ai pay\u00e9 le prix fort pour finir arr\u00eat\u00e9<br \/>\nPour voir les autres s\u2019enfuir sans moi<br \/>\nMes entrailles se glacent<br \/>\nEn mon \u00e2me je sais pourquoi<br \/>\nMorsure de la neige au visage<br \/>\nMembres br\u00fbl\u00e9s par le froid<br \/>\nAutour de moi les cris les pleurs<br \/>\nFusils point\u00e9s sur mes flancs<br \/>\nJe ne vois que le souffle du n\u00e9ant<br \/>\nDe lointaines m\u00e9moires remontent<br \/>\nElles disent l\u2019exploitation des corps<br \/>\nElles disent la vie la mort en un instant<br \/>\nQuand on est noirs et qu\u2019ils sont blancs<br \/>\nMorsure de la neige au visage<br \/>\nMes anc\u00eatres \u00e0 l\u2019oreille<br \/>\nMe rappellent d\u2019o\u00f9 je viens<\/p>\n<p>2<\/p>\n<p>Congo, je ressens tes pulsations<br \/>\nJe revois tes couleurs \u00e9clatantes<br \/>\nBleu ciel de la paix<br \/>\nRouge du sang des martyrs<br \/>\nJaune de l\u2019or qui n\u2019a pas \u00e9t\u00e9 pill\u00e9<br \/>\nJe me souviens de ta canop\u00e9e tropicale<br \/>\nDe tes airs de rumba qui apaisent le silence<br \/>\nMon silence engourdi et monacal<br \/>\nUkraine, tu es celle que j\u2019ai choisie<br \/>\nCelle dont j\u2019ai appris la langue<br \/>\nCelle qui m\u2019a mordu au visage<br \/>\nJ\u2019ai tenu bon devant ta violence<br \/>\nJ\u2019ai lutt\u00e9 pour ne pas \u00eatre enr\u00f4l\u00e9<br \/>\nDans ce conflit qui n\u2019est pas le mien<br \/>\nDans cette histoire qui ne m\u2019appartient pas<br \/>\nJ\u2019ai aval\u00e9 ton m\u00e9pris<br \/>\nComme on avale des couleuvres<br \/>\nSans jamais baisser les yeux<br \/>\nJe me suis relev\u00e9 dans l\u2019orage<br \/>\nJ\u2019ai parcouru tes blancs rivages<br \/>\nJe te quitte le c\u0153ur lourd<br \/>\nMais tu te redresseras fi\u00e8rement<br \/>\nEt je reviendrai tambour battant<br \/>\nMe voici donc, Belgique<br \/>\nTerre murmur\u00e9e par mes a\u00efeux<br \/>\nDans mes songes fi\u00e9vreux<br \/>\nPourquoi me regardes-tu avec m\u00e9fiance<br \/>\nQuand tu accueilles les Ukrainiens<br \/>\nComme s\u2019ils \u00e9taient tes fr\u00e8res et s\u0153urs ?<br \/>\nAs-tu oubli\u00e9 que tu as pris nos mains<br \/>\nQue tu as r\u00e9colt\u00e9 jusqu\u2019\u00e0 nos larmes<br \/>\nM\u00eal\u00e9es aux sanglots des caoutchoucs ?<br \/>\nFace \u00e0 la m\u00e9moire bafou\u00e9e<br \/>\nJe ne peux taire ma col\u00e8re qui bout<br \/>\nCette col\u00e8re qui me tient debout<br \/>\nMoi qui me suis relev\u00e9 dans l\u2019orage<br \/>\nMoi le Prodige parti \u00e9tudier<br \/>\nMoi le R\u00e9fugi\u00e9 qui dort dans la rue<br \/>\nJe t\u2019appelle \u00e0 me donner tort<br \/>\nBelgique, je t\u2019appelle \u00e0 ouvrir tes bras<\/p>\n<p>3<\/p>\n<p>A montrer que ton c\u0153ur est grand<br \/>\nSi grand en fait que chaque \u00eatre<br \/>\nPeut sans crainte vibrer \u00e0 l\u2019unisson<br \/>\nToi qui \u00e9coutes ce po\u00e8me n\u2019oublie pas<br \/>\nLa guerre fait rage dehors<br \/>\nMais coule d\u2019abord en nous<br \/>\nComme un poison temp\u00eate<br \/>\nQue seule la lumi\u00e8re peut dissiper<br \/>\nJe me suis relev\u00e9 dans l\u2019orage<br \/>\nPh\u00e9nix qui rena\u00eet de ses cendres<br \/>\nFils du c\u0153ur de l\u2019Afrique<br \/>\nPorte-voix flamboyant<br \/>\nPour lever le voile sur l\u2019humanit\u00e9<\/p>\n<p>Jonathan Nguyen<\/p>\n","protected":false},"excerpt":{"rendered":"<p>\u201cJe me suis relev\u00e9 dans l\u2019orage\u201d est un po\u00e8me issu du t\u00e9moignage d\u2019un \u00e9tudiant congolais qui vivait en Ukraine lorsque la guerre a \u00e9clat\u00e9 (travail avec l&rsquo;organisation Change Asbl). Le po\u00e8me relate la discrimination dont il a fait preuve en Ukraine, et continue de faire preuve en Belgique. A l\u2019heure o\u00f9 l\u2019on voit une discrimination &#8230; <a title=\"Je me suis relev\u00e9 dans l&rsquo;orage de Jonathan Nguyen\" class=\"read-more\" href=\"https:\/\/bruxelles-pantheres.be\/?p=5660\" aria-label=\"En savoir plus sur Je me suis relev\u00e9 dans l&rsquo;orage de Jonathan Nguyen\">Lire la suite<\/a><\/p>\n","protected":false},"author":1,"featured_media":5661,"comment_status":"open","ping_status":"open","sticky":false,"template":"","format":"standard","meta":{"footnotes":""},"categories":[21,36,4,7,18,28,39],"tags":[80,535,496],"class_list":["post-5660","post","type-post","status-publish","format-standard","has-post-thumbnail","hentry","category-anti-imperialisme","category-europe","category-islamophobie","category-negrophobie","category-resistance-bruxelles","category-racismes","category-sans-papier","tag-congo","tag-jonathan-nguyen","tag-ukraine"],"_links":{"self":[{"href":"https:\/\/bruxelles-pantheres.be\/index.php?rest_route=\/wp\/v2\/posts\/5660","targetHints":{"allow":["GET"]}}],"collection":[{"href":"https:\/\/bruxelles-pantheres.be\/index.php?rest_route=\/wp\/v2\/posts"}],"about":[{"href":"https:\/\/bruxelles-pantheres.be\/index.php?rest_route=\/wp\/v2\/types\/post"}],"author":[{"embeddable":true,"href":"https:\/\/bruxelles-pantheres.be\/index.php?rest_route=\/wp\/v2\/users\/1"}],"replies":[{"embeddable":true,"href":"https:\/\/bruxelles-pantheres.be\/index.php?rest_route=%2Fwp%2Fv2%2Fcomments&post=5660"}],"version-history":[{"count":1,"href":"https:\/\/bruxelles-pantheres.be\/index.php?rest_route=\/wp\/v2\/posts\/5660\/revisions"}],"predecessor-version":[{"id":5662,"href":"https:\/\/bruxelles-pantheres.be\/index.php?rest_route=\/wp\/v2\/posts\/5660\/revisions\/5662"}],"wp:featuredmedia":[{"embeddable":true,"href":"https:\/\/bruxelles-pantheres.be\/index.php?rest_route=\/wp\/v2\/media\/5661"}],"wp:attachment":[{"href":"https:\/\/bruxelles-pantheres.be\/index.php?rest_route=%2Fwp%2Fv2%2Fmedia&parent=5660"}],"wp:term":[{"taxonomy":"category","embeddable":true,"href":"https:\/\/bruxelles-pantheres.be\/index.php?rest_route=%2Fwp%2Fv2%2Fcategories&post=5660"},{"taxonomy":"post_tag","embeddable":true,"href":"https:\/\/bruxelles-pantheres.be\/index.php?rest_route=%2Fwp%2Fv2%2Ftags&post=5660"}],"curies":[{"name":"wp","href":"https:\/\/api.w.org\/{rel}","templated":true}]}}