{"id":569,"date":"2013-02-17T17:06:17","date_gmt":"2013-02-17T16:06:17","guid":{"rendered":"https:\/\/bruxelles-pantheres.be\/?p=569"},"modified":"2013-11-10T17:09:53","modified_gmt":"2013-11-10T16:09:53","slug":"parce-que-le-15-mars-il-faut-que-lon-soit-nombreux-a-refuser-les-violences-policieres","status":"publish","type":"post","link":"https:\/\/bruxelles-pantheres.be\/?p=569","title":{"rendered":"Parce que le 15 mars il faut que l\u2019on soit nombreux \u00e0 refuser les violences polici\u00e8res"},"content":{"rendered":"<p><iframe src=\"\/\/www.youtube.com\/embed\/nr66CdMp4Wc\" height=\"315\" width=\"420\" allowfullscreen=\"\" frameborder=\"0\"><\/iframe><\/p>\n<p>Merci a <a href=\"https:\/\/www.facebook.com\/misterk.radiopanik?group_id=0\" data-hovercard=\"\/ajax\/hovercard\/user.php?id=100005101454385&amp;extragetparams=%7B%22group_id%22%3A0%7D\">Mister-k Radiopanik<\/a> pour l\u2019invitation.<!--more--><\/p>\n<p style=\"text-align: left;\"><a title=\"Permanent Link to STOP aux violences polici\u00e8res : 2ed. Manifestation contre les brutalit\u00e9s polici\u00e8res\" href=\"http:\/\/www.egalite.be\/?p=5446\" rel=\"bookmark\">STOP aux violences polici\u00e8res : 2ed. Manifestation contre les brutalit\u00e9s polici\u00e8res<\/a><\/p>\n<p><a id=\".reactRoot[72].[1][2][1]{comment160884000729954_423304}.0.[1].0.[1].0.[0].[0][2].0.[0]\" href=\"http:\/\/www.facebook.com\/events\/447049895344308\/\" target=\"_blank\">http:\/\/www.facebook.com\/events\/447049895344308\/<\/a><br \/>\n<iframe src=\"\/\/www.youtube.com\/embed\/znVoEbFz4j8\" height=\"315\" width=\"560\" allowfullscreen=\"\" frameborder=\"0\"><\/iframe><\/p>\n<h3>Lire aussi :<\/h3>\n<p><a title=\"Permanent Link to Plainte de Nordine Sa\u00efdi pour Violence polici\u00e8re raciste \u00e0 Anderlecht en aout 2009.\" href=\"http:\/\/www.egalite.be\/?p=5438\" rel=\"bookmark\"> Plainte de Nordine Sa\u00efdi pour Violence polici\u00e8re raciste \u00e0 Anderlecht en aout 2009.<\/a><\/p>\n<p>&nbsp;<\/p>\n<p><a title=\"Permanent Link to Lettre aux membres du Conseil de police d\u2019Anderlecht .\" href=\"http:\/\/www.egalite.be\/?p=3695\" rel=\"bookmark\">Lettre aux membres du Conseil de police d\u2019Anderlecht .<\/a><\/p>\n<p>&nbsp;<\/p>\n<p><a title=\"Permanent Link to Tol\u00e9rance z\u00e9ro : une stupidit\u00e9 hors de prix\" href=\"http:\/\/www.egalite.be\/?p=4252\" rel=\"bookmark\">Tol\u00e9rance z\u00e9ro : une stupidit\u00e9 hors de prix<\/a><\/p>\n<p>&nbsp;<\/p>\n<p><a title=\"Permanent Link to Concernant le concept de \u00abtol\u00e9rance z\u00e9ro\u00bb\" href=\"http:\/\/www.egalite.be\/?p=3688\" rel=\"bookmark\">Concernant le concept de \u00abtol\u00e9rance z\u00e9ro\u00bb<\/a> par <strong>Sa\u00efdi Nordine<\/strong><\/p>\n<p>&nbsp;<\/p>\n<p><a title=\"Permanent Link to La violence polici\u00e8re en Belgique\" href=\"http:\/\/www.egalite.be\/?p=3211\" rel=\"bookmark\">La violence polici\u00e8re en Belgique<\/a><\/p>\n","protected":false},"excerpt":{"rendered":"<p>Merci a Mister-k Radiopanik pour l\u2019invitation.<\/p>\n","protected":false},"author":1,"featured_media":352,"comment_status":"open","ping_status":"open","sticky":false,"template":"","format":"standard","meta":{"footnotes":""},"categories":[18,28,17,5],"tags":[31,14,13,15],"class_list":["post-569","post","type-post","status-publish","format-standard","has-post-thumbnail","hentry","category-resistance-bruxelles","category-racismes","category-video","category-violence-policiere","tag-belgique","tag-bruxelles","tag-nordine-saidi","tag-resistance"],"_links":{"self":[{"href":"https:\/\/bruxelles-pantheres.be\/index.php?rest_route=\/wp\/v2\/posts\/569","targetHints":{"allow":["GET"]}}],"collection":[{"href":"https:\/\/bruxelles-pantheres.be\/index.php?rest_route=\/wp\/v2\/posts"}],"about":[{"href":"https:\/\/bruxelles-pantheres.be\/index.php?rest_route=\/wp\/v2\/types\/post"}],"author":[{"embeddable":true,"href":"https:\/\/bruxelles-pantheres.be\/index.php?rest_route=\/wp\/v2\/users\/1"}],"replies":[{"embeddable":true,"href":"https:\/\/bruxelles-pantheres.be\/index.php?rest_route=%2Fwp%2Fv2%2Fcomments&post=569"}],"version-history":[{"count":2,"href":"https:\/\/bruxelles-pantheres.be\/index.php?rest_route=\/wp\/v2\/posts\/569\/revisions"}],"predecessor-version":[{"id":571,"href":"https:\/\/bruxelles-pantheres.be\/index.php?rest_route=\/wp\/v2\/posts\/569\/revisions\/571"}],"wp:featuredmedia":[{"embeddable":true,"href":"https:\/\/bruxelles-pantheres.be\/index.php?rest_route=\/wp\/v2\/media\/352"}],"wp:attachment":[{"href":"https:\/\/bruxelles-pantheres.be\/index.php?rest_route=%2Fwp%2Fv2%2Fmedia&parent=569"}],"wp:term":[{"taxonomy":"category","embeddable":true,"href":"https:\/\/bruxelles-pantheres.be\/index.php?rest_route=%2Fwp%2Fv2%2Fcategories&post=569"},{"taxonomy":"post_tag","embeddable":true,"href":"https:\/\/bruxelles-pantheres.be\/index.php?rest_route=%2Fwp%2Fv2%2Ftags&post=569"}],"curies":[{"name":"wp","href":"https:\/\/api.w.org\/{rel}","templated":true}]}}