{"id":5744,"date":"2023-09-17T11:31:45","date_gmt":"2023-09-17T10:31:45","guid":{"rendered":"https:\/\/bruxelles-pantheres.be\/?p=5744"},"modified":"2023-09-17T11:37:04","modified_gmt":"2023-09-17T10:37:04","slug":"un-enfant-noir-victime-de-brutalite-policiere-a-nalinnes","status":"publish","type":"post","link":"https:\/\/bruxelles-pantheres.be\/?p=5744","title":{"rendered":"Un Enfant Noir Victime de Brutalit\u00e9 Polici\u00e8re \u00e0 Nalinnes"},"content":{"rendered":"<div dir=\"auto\" style=\"text-align: center;\">Justice pour <a class=\"x1i10hfl xjbqb8w x6umtig x1b1mbwd xaqea5y xav7gou x9f619 x1ypdohk xt0psk2 xe8uvvx xdj266r x11i5rnm xat24cr x1mh8g0r xexx8yu x4uap5 x18d9i69 xkhd6sd x16tdsg8 x1hl2dhg xggy1nq x1a2a7pz xt0b8zv x1qq9wsj xo1l8bm\" tabindex=\"0\" role=\"link\" href=\"https:\/\/www.facebook.com\/hashtag\/mathis?__eep__=6&amp;__cft__[0]=AZUmfCxVMOYSjws83fHmH8Xoeg7K-KSC15j7qwck1wFyKPpTre-90DtMsHG2gm_Yo079_FcT_YNpmwzV3NfSjxUlyO8nTRajAPL06iYLvesW_l8Ms4FJzJDv3sxFGk6pqMJL46oACiXjOKLcCYjL2C6iavGXnbruJFf3HoZhy1SRFxO-CX0B8q23W0wZvQBsico&amp;__tn__=*NK-R\">#Mathis<\/a><\/div>\n<div dir=\"auto\" style=\"text-align: center;\">Un Enfant Noir Victime de Brutalit\u00e9 Polici\u00e8re \u00e0 Nalinnes<\/div>\n<div dir=\"auto\"><\/div>\n<div dir=\"auto\">Mathis, un jeune gar\u00e7on de 9 ans, a \u00e9t\u00e9 triplement (au moins) victime de graves actes de racisme n\u00e9grophobe durant la m\u00eame journ\u00e9e au sein de son \u00e9cole.<\/div>\n<div dir=\"auto\">Le point culminant de ce racisme anti-noir s\u2019est caract\u00e9ris\u00e9 par de la violence polici\u00e8re.<\/div>\n<div dir=\"auto\">A ces trois violences, s\u2019ajoute la violence du Parquet.<\/div>\n<div dir=\"auto\">Mathis a d\u2019abord \u00e9t\u00e9 insult\u00e9 de fa\u00e7on raciste \u00e0 plusieurs reprises par ses camarades de classe sans que cela ne semble \u00e9mouvoir le corps professoral.<\/div>\n<div dir=\"auto\">L\u2019institution couvre le racisme ordinaire, dans les classes, requalifi\u00e9 en simples \u00ab blagues \u00bb comme les autres, ou en comportements \u00ab turbulents \u00bb.<\/div>\n<div dir=\"auto\">Le corps noir est un corps dont, visiblement, l\u2019on peut se moquer.<\/div>\n<p><!--more--><\/p>\n<div dir=\"auto\">\n<div dir=\"auto\"><\/div>\n<blockquote class=\"tiktok-embed\" cite=\"https:\/\/www.tiktok.com\/@davidamorin57\/video\/7278229880201022725\" data-video-id=\"7278229880201022725\" data-embed-from=\"oembed\" style=\"max-width: 605px;min-width: 325px;\" >\n<section> <a target=\"_blank\" title=\"@davidamorin57\" href=\"https:\/\/www.tiktok.com\/@davidamorin57?refer=embed\">@davidamorin57<\/a> <\/p>\n<p> <a target=\"_blank\" title=\"\u266c son original - #ka\u00efzer.sozer\ud83d\udd95\" href=\"https:\/\/www.tiktok.com\/music\/son-original-7278229961094187782?refer=embed\">\u266c son original &#8211; #ka\u00efzer.sozer\ud83d\udd95<\/a> <\/section>\n<\/blockquote>\n<p> <script async src=\"https:\/\/www.tiktok.com\/embed.js\"><\/script><\/p>\n<blockquote>\n<div dir=\"auto\">Maman de Mathis :<\/div>\n<div dir=\"auto\">\u00a0\u00bb Mon fils, mon Dieu seigneur, mon enfant&#8230; le racisme ne finira jamais, \u00e0 cause de ta couleur de peau tu t&rsquo;es fait insult\u00e9 de sa-le noir, de chocolat noir coup\u00e9&#8230; si tu \u00e9tais blanc, jamais tu n&rsquo;aurais \u00e9t\u00e9 trait\u00e9 de la sorte, jamais. L\u00e0-haut, il y a un Dieu, je t&rsquo;aime tr\u00e8s tr\u00e8s fort, mon fils.\u00a0\u00bb<\/div>\n<\/blockquote>\n<div dir=\"auto\"><\/div>\n<\/div>\n<div dir=\"auto\">Mathis a r\u00e9agi pour s\u2019en d\u00e9fendre. Cette d\u00e9fense n\u2019a pas \u00e9t\u00e9 interpr\u00e9t\u00e9e comme telle par le corps enseignant. Ils ont plut\u00f4t \u00e9t\u00e9 enclin \u00e0 penser que Mathis pourrait devenir violent envers eux en raison de sa r\u00e9action \u00e0 ces insultes racistes. Se d\u00e9fendre fait de Mathis un \u00eatre potentiellement violent. Le corps noir qui ne se soumet pas devient ici \u00ab mena\u00e7ant \u00bb au-del\u00e0 de l\u2019ordinairement imaginable. D\u2019ailleurs, pourquoi s\u2019\u00e9nerve-t-il ? N\u2019est-il pas pris par des forces irrationnelles ? Ce n\u2019\u00e9tait tout de m\u00eame pas si grave, ces insultes et violences quotidiennes ?<\/div>\n<div dir=\"auto\">Nier la premi\u00e8re forme n\u00e9grogphobe participe au d\u00e9cha\u00eenement de la deuxi\u00e8me qui s\u2019applique sur le corps Noir.<\/div>\n<div dir=\"auto\">\n<div dir=\"auto\">\u00a0\u00bb L\u2019id\u00e9e qu\u2019un homme noir est si dangereux et mal\u00e9fique que m\u00eame couch\u00e9 par terre, les mains et les chevilles li\u00e9es, il pourrait repr\u00e9senter une menace vitale pour les agents de police form\u00e9s ne semble cr\u00e9dible qu\u2019aux procureurs belges.\u00a0\u00bb (1)<\/div>\n<div dir=\"auto\">\n<blockquote>\n<div dir=\"auto\">Maman de Mathis :<\/div>\n<div dir=\"auto\">\u00a0\u00bb Mon fils Mathis, 9 ans, plaqu\u00e9 au sol par un policier dans son \u00e9cole en Belgique parce qu&rsquo;il est noir.\u00a0\u00bb<\/div>\n<\/blockquote>\n<\/div>\n<div dir=\"auto\">Ensuite, la police pratique des actes pr\u00e9cis de plaquages, actes dangereux qui plus est envers un enfant de 9 ans. A aucun moment, troisi\u00e8me forme n\u00e9grophobe, la police ne cherche \u00e0 faire baisser la tension en situation. Elle applique et valide la \u00ab peur \u00bb des enseignants. Enfin, aucune poursuite judiciaire contre contre les policiers impliqu\u00e9s dans cet incident choquant survenu \u00e0 l&rsquo;\u00e9cole primaire d&rsquo;enseignement sp\u00e9cialis\u00e9 de Nalinnes.<\/div>\n<div dir=\"auto\">Le cas de cet enfant de 9 ans contraint d&rsquo;\u00eatre ma\u00eetris\u00e9 au sol par la police m\u00e9riterait plut\u00f4t une r\u00e9ponse ferme et une enqu\u00eate approfondie. Nous exprimons notre indignation et nous d\u00e9non\u00e7ons \u00e9galement la possibilit\u00e9 d&rsquo;insultes racistes ayant d\u00e9clench\u00e9 cet incident, qui doit \u00eatre pleinement examin\u00e9e.<\/div>\n<div dir=\"auto\">Il est inacceptable qu&rsquo;un enfant de si jeune \u00e2ge soit confront\u00e9 \u00e0 une telle violence, en particulier dans un environnement cens\u00e9 \u00eatre un lieu d&rsquo;apprentissage et de s\u00e9curit\u00e9. Les images choquantes de l&rsquo;incident, captur\u00e9es par la m\u00e8re du mineur, r\u00e9v\u00e8lent un abus de pouvoir \u00e9vident de la part de la direction et\/ou du corps professoral. Placer un enfant au sol de mani\u00e8re aussi brutale ne peut en aucun cas \u00eatre justifi\u00e9, encore moins au sein d&rsquo;une \u00e9cole.<\/div>\n<div dir=\"auto\">Le parquet de Charleroi a confirm\u00e9 l&rsquo;ouverture d&rsquo;un proc\u00e8s-verbal pour indiscipline contre l&rsquo;enfant, d\u00e9crivant son comportement comme \u00ab\u00a0probl\u00e9matique\u00a0\u00bb. La r\u00e9ponse appropri\u00e9e \u00e0 un comportement difficile ne devrait jamais \u00eatre la violence physique exerc\u00e9e par des adultes, encore moins par des forces de l&rsquo;ordre ou le personnel \u00e9ducatif. Mais s\u2019agissant d\u2019un corps noir, qui plus est dans l\u2019enseignement sp\u00e9cialis\u00e9, ceci devient \u00ab indiscipline \u00bb, \u00ab comportement probl\u00e9matique \u00bb, et renforcement du pouvoir racial de l\u2019\u00e9cole et de la police. Police et direction de l\u2019\u00e9cole sont, eux, \u00ab blanchis \u00bb et les droits de l\u2019enfant (s\u00e9curit\u00e9 et dignit\u00e9) disparaissent instantan\u00e9ment, s\u2019agissant de petites t\u00eates non blondes.<\/div>\n<div dir=\"auto\">Or, puisque des insultes racistes ont \u00e9t\u00e9 prof\u00e9r\u00e9es, cela n\u00e9cessiterait plut\u00f4t une enqu\u00eate approfondie et de sanctions appropri\u00e9es, car ceci met gravement en danger cette s\u00e9curit\u00e9 et dignit\u00e9 que l\u2019\u00e9cole doit pouvoir apporter. Comment en est-on arriv\u00e9 \u00e0 l\u2019encha\u00eenement de tels actes de violences envers Mathis ? Voil\u00e0 une question \u00e0 poser, politiquement et judiciairement.<\/div>\n<div dir=\"auto\">\n<blockquote>\n<div dir=\"auto\">Maman de Mathis :<\/div>\n<div dir=\"auto\">\u00a0\u00bb Mon fils a souffert hier comme George Floyd, juste parce qu&rsquo;il est noir, je p\u00e8se mes mots. C&rsquo;est un enfant de son \u00e9cole qui l&rsquo;a trait\u00e9 de sale noir, chocolat gratin\u00e9&#8230; la police l&rsquo;a plaqu\u00e9 au sol, il n&rsquo;a que 9 ans, mon Dieu.\u00a0\u00bb<\/div>\n<\/blockquote>\n<\/div>\n<div dir=\"auto\">En mati\u00e8re de violence n\u00e9grophobe, l\u2019on en passe toujours par cette suspicion historiquement construite, et le processus menant au danger r\u00e9el pour la personne s\u2019enclenche \u00e0 une vitesse imm\u00e9diate. Comme le dit V\u00e9ronique Clette-Gakuba, le racisme anti-noir est \u00ab \u00e9pidermique \u00bb et cet automatisme renvoie, ici, \u00e0 l\u2019histoire coloniale et ses ramifications pr\u00e9sentes. C\u2019est ce que nous disions \u00e0 propos du meurtre policier de Lamine Bangoura.<\/div>\n<div dir=\"auto\">\u00a0\u00bb On pr\u00e9f\u00e8re ignorer que dans le monde entier, l\u2019histoire du Congo belge symbolise le sommet de la f\u00e9rocit\u00e9 coloniale. La soif insatiable du profit, le d\u00e9cha\u00eenement des pulsions meurtri\u00e8res et sadiques \u00e9taient au c\u0153ur du r\u00e9gime g\u00e9nocidaire, mutilateur et tortionnaire de L\u00e9opold II. Nous sommes somm\u00e9s de croire que ces d\u00e9mons obsc\u00e8nes auraient disparu comme par enchantement \u00e0 la date de la c\u00e9l\u00e9bration de l\u2019ind\u00e9pendance congolaise. Des cas comme celui de M. Bangoura prouvent qu\u2019il n\u2019en est rien. La n\u00e9grophobie coloniale soutient toujours le narcissisme et l\u2019identit\u00e9 belges. \u00a0\u00bb ( 2)<\/div>\n<div dir=\"auto\">La police est intervenue, pensant que Mathis repr\u00e9sentait une menace s\u00e9rieuse. Lorsque la m\u00e8re de Mathis est arriv\u00e9e, elle a \u00e9t\u00e9 choqu\u00e9e de voir son fils maintenu au sol, ce qui lui a rappel\u00e9 des incidents similaires tels que celui de Lamine Bangoura et de George Floyd. Elle a film\u00e9 la sc\u00e8ne pour que d&rsquo;autres puissent comprendre ce qui se passait.<\/div>\n<div dir=\"auto\">\n<blockquote>\n<div dir=\"auto\">Maman de Mathis :<\/div>\n<div dir=\"auto\">\u00a0\u00bb Mon fils de 9 ans plaqu\u00e9 au sol par un policier dans son \u00e9cole en Belgique parce qu&rsquo;il est noir, quelle diff\u00e9rence avec George Floyd!!! Maman, j&rsquo;\u00e9touffais avant ton arriv\u00e9e, il s&rsquo;appuyait fort sur moi et je toussais m\u00eame, merci maman comme tu es vite arriv\u00e9e. Les mots de mon fils&#8230;\u00a0\u00bb<\/div>\n<\/blockquote>\n<\/div>\n<div dir=\"auto\">Cependant, comme nous l\u2019avons dit, au lieu de reconna\u00eetre le racisme auquel Mathis a \u00e9t\u00e9 confront\u00e9, il a \u00e9t\u00e9 accus\u00e9 de r\u00e9agir de mani\u00e8re excessive. La violence polici\u00e8re a alors \u00e9t\u00e9 minimis\u00e9e et justifi\u00e9e comme une intervention n\u00e9cessaire. Plut\u00f4t que de condamner l&rsquo;\u00e9tablissement scolaire pour les actes racistes de certains \u00e9l\u00e8ves et pour leur mauvaise gestion de la situation, la m\u00e8re de Mathis a \u00e9t\u00e9 bl\u00e2m\u00e9e pour sa pr\u00e9tendue mauvaise \u00e9ducation.<\/div>\n<div dir=\"auto\">Nous exhortons les autorit\u00e9s judiciaires et politique \u00e0 r\u00e9examiner cette affaire de mani\u00e8re transparente et impartiale, en garantissant que la justice soit rendue de mani\u00e8re \u00e9quitable. La protection des droits de chaque enfant, quelle que soit sa couleur de peau, est une responsabilit\u00e9 fondamentale de notre soci\u00e9t\u00e9. Nous demandons \u00e9galement une enqu\u00eate approfondie sur d&rsquo;\u00e9ventuelles insultes racistes, afin que la n\u00e9grophobie et d&rsquo;autres formes de racisme soient combattues de mani\u00e8re proactive.<\/div>\n<div dir=\"auto\">De plus, ce triste \u00e9v\u00e9nement nous rappelle la n\u00e9cessit\u00e9 de consid\u00e9rer la race comme un facteur central dans l&rsquo;orientation scolaire, en mettant en lumi\u00e8re les exp\u00e9riences sp\u00e9cifiques des \u00e9l\u00e8ves issus des minorit\u00e9s raciales. Inspir\u00e9e par la pens\u00e9e D\u00e9coloniale et la Critical Race Theory, Nordine Saidi a analys\u00e9 dans le cadre d&rsquo;un m\u00e9moire de recherche la question de l&rsquo;orientation des \u00e9l\u00e8ves issus des minorit\u00e9s raciales dans l&rsquo;enseignement sp\u00e9cialis\u00e9 \u00e0 Bruxelles. Cette \u00e9tude, bas\u00e9e sur des sources vari\u00e9es, des entretiens et une m\u00e9thodologie qualitative, cherche \u00e0 comprendre comment la question raciale impacte l&rsquo;exp\u00e9rience des \u00e9l\u00e8ves dans ce domaine.<\/div>\n<div dir=\"auto\">Les r\u00e9sultats de cette analyse mettent en \u00e9vidence que les \u00e9l\u00e8ves font face \u00e0 des situations marqu\u00e9es par des normes et des valeurs sp\u00e9cifiques, influen\u00e7ant leurs relations avec les professionnels de l&rsquo;\u00e9ducation. Les interactions entre \u00e9l\u00e8ves, enseignants et professionnels non Blancs r\u00e9v\u00e8lent des lignes de diff\u00e9renciation complexes, illustrant comment la question raciale traverse l&rsquo;ensemble du syst\u00e8me \u00e9ducatif.<\/div>\n<div dir=\"auto\">L\u2019enseignement sp\u00e9cialis\u00e9 n\u2019est pas seulement lieu de rel\u00e9gation raciale ; c\u2019est aussi souvent le lieu qui l\u2019effectue au quotidien en caract\u00e9risant sans cesse les corps qui s\u2019y trouvent comme perturb\u00e9s et perturbateurs, laissant au second plan les apprentissages, les r\u00e9orientations dans l\u2019enseignement classique, etc. Comme la maman de Mathis, les parents peuvent alors \u00eatre d\u2019abord suspect de \u00ab mauvaise \u00e9ducation \u00bb, de non volont\u00e9 d\u2019implication alors que tout, dans l\u2019\u00e9tablissement construit, envers eux, une m\u00e9fiance institutionnelle, et envers leurs enfants, une normalisation raciale des cat\u00e9gories dans lesquelles on les a mis. .<\/div>\n<div dir=\"auto\">Nous devons continuer \u00e0 remettre en question les normes \u00e9tablies et \u00e0 lutter contre toutes les formes de discrimination raciale, pour cr\u00e9er une soci\u00e9t\u00e9 plus \u00e9galitaire et inclusive pour tous, y compris nos enfants \u00e0 l&rsquo;\u00e9cole. La justice doit pr\u00e9valoir, et la protection des droits de l&rsquo;enfant ne peut jamais \u00eatre compromise.<\/div>\n<div dir=\"auto\">Il est temps de repenser fondamentalement notre approche de l&rsquo;\u00e9cole \/ \u00e9ducation, et ce, \u00e0 tous les niveaux de son fonctionnement, de la cours de r\u00e9cr\u00e9ation aux modalit\u00e9s d\u2019\u00e9valuation, alors que la question raciale y est centrale.<\/div>\n<div dir=\"auto\">\n<div dir=\"auto\">Soutien total \u00e0 Mathis et sa maman Rita Bayang<\/div>\n<div dir=\"auto\"><a class=\"x1i10hfl xjbqb8w x6umtig x1b1mbwd xaqea5y xav7gou x9f619 x1ypdohk xt0psk2 xe8uvvx xdj266r x11i5rnm xat24cr x1mh8g0r xexx8yu x4uap5 x18d9i69 xkhd6sd x16tdsg8 x1hl2dhg xggy1nq x1a2a7pz xt0b8zv x1qq9wsj xo1l8bm\" tabindex=\"0\" role=\"link\" href=\"https:\/\/www.facebook.com\/nordine.saidi.1?__cft__[0]=AZUmfCxVMOYSjws83fHmH8Xoeg7K-KSC15j7qwck1wFyKPpTre-90DtMsHG2gm_Yo079_FcT_YNpmwzV3NfSjxUlyO8nTRajAPL06iYLvesW_l8Ms4FJzJDv3sxFGk6pqMJL46oACiXjOKLcCYjL2C6iavGXnbruJFf3HoZhy1SRFxO-CX0B8q23W0wZvQBsico&amp;__tn__=-]K-R\"><span class=\"xt0psk2\">Nordine Saidi<\/span><\/a><\/div>\n<div dir=\"auto\"><\/div>\n<\/div>\n<div dir=\"auto\">(1)(2) : <a class=\"x1i10hfl xjbqb8w x6umtig x1b1mbwd xaqea5y xav7gou x9f619 x1ypdohk xt0psk2 xe8uvvx xdj266r x11i5rnm xat24cr x1mh8g0r xexx8yu x4uap5 x18d9i69 xkhd6sd x16tdsg8 x1hl2dhg xggy1nq x1a2a7pz xt0b8zv x1fey0fg\" tabindex=\"0\" role=\"link\" href=\"https:\/\/l.facebook.com\/l.php?u=https%3A%2F%2Fbruxelles-pantheres.be%2F%3Fp%3D4854%26fbclid%3DIwAR255n-k5vvJIWTj9pPvgOso0_Ca719E4_XN9k-CuHmAJS2eGop_j-lQtRc&amp;h=AT0FUG-LYxMneK95bESt1UrFtapATsXJ-xV6Uw9hxeq5MLuvbNOHiM-vgFipC3ytPkMOUXYXdAa_t-5AfTN6jKCdv-ol5cRweArDlnr17WtCC56hXKDfUC804WnpORcL9VKj&amp;__tn__=-UK-R&amp;c[0]=AT0-NNUMpwiVuh93SE0ugJW9_RJ07nYuy4XSYIrAyPM0QrkrqQ9gzllZHLglQ_JK05bdglp2_waPGPUf6L0aVD2O7NGVwV67ya105zxBwmPeA1We8SQJxXjtjHe9iZThPqSI6fGHdRCJ4scAPUic5JfVVY4S6wy7ngHh3XwG69EAgzD4X1txQrs7_qY-scDPq7SVNDK45Jk\" target=\"_blank\" rel=\"nofollow noopener noreferrer\">https:\/\/bruxelles-pantheres.be\/?p=4854<\/a><\/div>\n<div dir=\"auto\"><\/div>\n<\/div>\n<blockquote class=\"tiktok-embed\" cite=\"https:\/\/www.tiktok.com\/@yans_quoiqubeh\/video\/7278296811897638149\" data-video-id=\"7278296811897638149\" data-embed-from=\"oembed\" style=\"max-width: 605px;min-width: 325px;\" >\n<section> <a target=\"_blank\" title=\"@yans_quoiqubeh\" href=\"https:\/\/www.tiktok.com\/@yans_quoiqubeh?refer=embed\">@yans_quoiqubeh<\/a> <\/p>\n<p><a title=\"duo\" target=\"_blank\" href=\"https:\/\/www.tiktok.com\/tag\/duo?refer=embed\">#duo<\/a> avec @Brut. <a title=\"nalinnes\" target=\"_blank\" href=\"https:\/\/www.tiktok.com\/tag\/nalinnes?refer=embed\">#nalinnes<\/a> <a title=\"viral\" target=\"_blank\" href=\"https:\/\/www.tiktok.com\/tag\/viral?refer=embed\">#viral<\/a> <a title=\"explorepage\" target=\"_blank\" href=\"https:\/\/www.tiktok.com\/tag\/explorepage?refer=embed\">#explorepage<\/a> <a title=\"trending\" target=\"_blank\" href=\"https:\/\/www.tiktok.com\/tag\/trending?refer=embed\">#trending<\/a> <a title=\"explore\" target=\"_blank\" href=\"https:\/\/www.tiktok.com\/tag\/explore?refer=embed\">#explore<\/a> <a title=\"instagram\" target=\"_blank\" href=\"https:\/\/www.tiktok.com\/tag\/instagram?refer=embed\">#instagram<\/a> <a title=\"tiktok\" target=\"_blank\" href=\"https:\/\/www.tiktok.com\/tag\/tiktok?refer=embed\">#tiktok<\/a> <a title=\"love\" target=\"_blank\" href=\"https:\/\/www.tiktok.com\/tag\/love?refer=embed\">#love<\/a> <a title=\"like\" target=\"_blank\" href=\"https:\/\/www.tiktok.com\/tag\/like?refer=embed\">#like<\/a> <a title=\"follow\" target=\"_blank\" href=\"https:\/\/www.tiktok.com\/tag\/follow?refer=embed\">#follow<\/a> <a title=\"instagood\" target=\"_blank\" href=\"https:\/\/www.tiktok.com\/tag\/instagood?refer=embed\">#instagood<\/a> <a title=\"likeforlikes\" target=\"_blank\" href=\"https:\/\/www.tiktok.com\/tag\/likeforlikes?refer=embed\">#likeforlikes<\/a> <a title=\"memes\" target=\"_blank\" href=\"https:\/\/www.tiktok.com\/tag\/memes?refer=embed\">#memes<\/a> <a title=\"music\" target=\"_blank\" href=\"https:\/\/www.tiktok.com\/tag\/music?refer=embed\">#music<\/a> <a title=\"followforfollowback\" target=\"_blank\" href=\"https:\/\/www.tiktok.com\/tag\/followforfollowback?refer=embed\">#followforfollowback<\/a> <a title=\"viralvideos\" target=\"_blank\" href=\"https:\/\/www.tiktok.com\/tag\/viralvideos?refer=embed\">#viralvideos<\/a> <a title=\"fyp\" target=\"_blank\" href=\"https:\/\/www.tiktok.com\/tag\/fyp?refer=embed\">#fyp<\/a> <a title=\"lfl\" target=\"_blank\" href=\"https:\/\/www.tiktok.com\/tag\/lfl?refer=embed\">#lfl<\/a> <a title=\"photography\" target=\"_blank\" href=\"https:\/\/www.tiktok.com\/tag\/photography?refer=embed\">#photography<\/a> <a title=\"likes\" target=\"_blank\" href=\"https:\/\/www.tiktok.com\/tag\/likes?refer=embed\">#likes<\/a> <a title=\"viralpost\" target=\"_blank\" href=\"https:\/\/www.tiktok.com\/tag\/viralpost?refer=embed\">#viralpost<\/a> <a title=\"france\" target=\"_blank\" href=\"https:\/\/www.tiktok.com\/tag\/france?refer=embed\">#france<\/a> <a title=\"instadaily\" target=\"_blank\" href=\"https:\/\/www.tiktok.com\/tag\/instadaily?refer=embed\">#instadaily<\/a> <a title=\"model\" target=\"_blank\" href=\"https:\/\/www.tiktok.com\/tag\/model?refer=embed\">#model<\/a> <a title=\"cute\" target=\"_blank\" href=\"https:\/\/www.tiktok.com\/tag\/cute?refer=embed\">#cute<\/a> <a title=\"k\" target=\"_blank\" href=\"https:\/\/www.tiktok.com\/tag\/k?refer=embed\">#k<\/a> <a title=\"style\" target=\"_blank\" href=\"https:\/\/www.tiktok.com\/tag\/style?refer=embed\">#style<\/a> <a title=\"art\" target=\"_blank\" href=\"https:\/\/www.tiktok.com\/tag\/art?refer=embed\">#art<\/a> <a title=\"foryou\" target=\"_blank\" href=\"https:\/\/www.tiktok.com\/tag\/foryou?refer=embed\">#foryou<\/a> <a title=\"fashion\" target=\"_blank\" href=\"https:\/\/www.tiktok.com\/tag\/fashion?refer=embed\">#fashion<\/a> <\/p>\n<p> <a target=\"_blank\" title=\"\u266c son original - Brut.\" href=\"https:\/\/www.tiktok.com\/music\/son-original-7277614305175292704?refer=embed\">\u266c son original &#8211; Brut.<\/a> <\/section>\n<\/blockquote>\n<p> <script async src=\"https:\/\/www.tiktok.com\/embed.js\"><\/script><\/p>\n<p>&nbsp;<\/p>\n","protected":false},"excerpt":{"rendered":"<p>Justice pour #Mathis Un Enfant Noir Victime de Brutalit\u00e9 Polici\u00e8re \u00e0 Nalinnes Mathis, un jeune gar\u00e7on de 9 ans, a \u00e9t\u00e9 triplement (au moins) victime de graves actes de racisme n\u00e9grophobe durant la m\u00eame journ\u00e9e au sein de son \u00e9cole. Le point culminant de ce racisme anti-noir s\u2019est caract\u00e9ris\u00e9 par de la violence polici\u00e8re. A &#8230; <a title=\"Un Enfant Noir Victime de Brutalit\u00e9 Polici\u00e8re \u00e0 Nalinnes\" class=\"read-more\" href=\"https:\/\/bruxelles-pantheres.be\/?p=5744\" aria-label=\"En savoir plus sur Un Enfant Noir Victime de Brutalit\u00e9 Polici\u00e8re \u00e0 Nalinnes\">Lire la suite<\/a><\/p>\n","protected":false},"author":1,"featured_media":5747,"comment_status":"open","ping_status":"open","sticky":false,"template":"","format":"standard","meta":{"footnotes":""},"categories":[539,25,7,28,5],"tags":[540,13],"class_list":["post-5744","post","type-post","status-publish","format-standard","has-post-thumbnail","hentry","category-belgique","category-enseignement","category-negrophobie","category-racismes","category-violence-policiere","tag-mathis","tag-nordine-saidi"],"_links":{"self":[{"href":"https:\/\/bruxelles-pantheres.be\/index.php?rest_route=\/wp\/v2\/posts\/5744","targetHints":{"allow":["GET"]}}],"collection":[{"href":"https:\/\/bruxelles-pantheres.be\/index.php?rest_route=\/wp\/v2\/posts"}],"about":[{"href":"https:\/\/bruxelles-pantheres.be\/index.php?rest_route=\/wp\/v2\/types\/post"}],"author":[{"embeddable":true,"href":"https:\/\/bruxelles-pantheres.be\/index.php?rest_route=\/wp\/v2\/users\/1"}],"replies":[{"embeddable":true,"href":"https:\/\/bruxelles-pantheres.be\/index.php?rest_route=%2Fwp%2Fv2%2Fcomments&post=5744"}],"version-history":[{"count":3,"href":"https:\/\/bruxelles-pantheres.be\/index.php?rest_route=\/wp\/v2\/posts\/5744\/revisions"}],"predecessor-version":[{"id":5748,"href":"https:\/\/bruxelles-pantheres.be\/index.php?rest_route=\/wp\/v2\/posts\/5744\/revisions\/5748"}],"wp:featuredmedia":[{"embeddable":true,"href":"https:\/\/bruxelles-pantheres.be\/index.php?rest_route=\/wp\/v2\/media\/5747"}],"wp:attachment":[{"href":"https:\/\/bruxelles-pantheres.be\/index.php?rest_route=%2Fwp%2Fv2%2Fmedia&parent=5744"}],"wp:term":[{"taxonomy":"category","embeddable":true,"href":"https:\/\/bruxelles-pantheres.be\/index.php?rest_route=%2Fwp%2Fv2%2Fcategories&post=5744"},{"taxonomy":"post_tag","embeddable":true,"href":"https:\/\/bruxelles-pantheres.be\/index.php?rest_route=%2Fwp%2Fv2%2Ftags&post=5744"}],"curies":[{"name":"wp","href":"https:\/\/api.w.org\/{rel}","templated":true}]}}