{"id":5766,"date":"2023-10-21T12:02:23","date_gmt":"2023-10-21T11:02:23","guid":{"rendered":"https:\/\/bruxelles-pantheres.be\/?p=5766"},"modified":"2023-10-21T12:07:43","modified_gmt":"2023-10-21T11:07:43","slug":"ursula-von-der-leyen-la-patronne-de-lue-soutient-les-actions-genocidaires-disrael","status":"publish","type":"post","link":"https:\/\/bruxelles-pantheres.be\/?p=5766","title":{"rendered":"Ursula von der Leyen, la patronne de l\u2019UE soutient les actions g\u00e9nocidaires d\u2019Isra\u00ebl"},"content":{"rendered":"<p class=\"post-byline\"><time class=\"published\" datetime=\"2023-10-15T18:59:38+02:00\">15 OCTOBRE 2023<\/time><\/p>\n<div class=\"entry themeform fittexted_for_entry\">\n<div class=\"entry-inner\">\n<div class=\"pf-content\">\n<p>Ursula Von der Leyen \u2013 une ancienne ministre de la D\u00e9fense en Allemagne \u2013 soutient implicitement la d\u00e9shumanisation des habitants de Gaza.<\/p>\n<\/div>\n<\/div>\n<\/div>\n<p><!--more--><\/p>\n<div id=\"attachment_61163\" class=\"wp-caption alignnone\">\n<p><img decoding=\"async\" class=\"wp-image-61163 size-full\" src=\"https:\/\/charleroi-pourlapalestine.be\/wp-content\/uploads\/2023\/10\/Ursula-von-der-Leyen-au-centre-a-obtenu-un-briefing-de-larmee-israelienne-en-pleine-agression-contre-Gaza.jpg\" sizes=\"(max-width: 800px) 100vw, 800px\" srcset=\"https:\/\/charleroi-pourlapalestine.be\/wp-content\/uploads\/2023\/10\/Ursula-von-der-Leyen-au-centre-a-obtenu-un-briefing-de-larmee-israelienne-en-pleine-agression-contre-Gaza.jpg 800w, https:\/\/charleroi-pourlapalestine.be\/wp-content\/uploads\/2023\/10\/Ursula-von-der-Leyen-au-centre-a-obtenu-un-briefing-de-larmee-israelienne-en-pleine-agression-contre-Gaza-300x200.jpg 300w, https:\/\/charleroi-pourlapalestine.be\/wp-content\/uploads\/2023\/10\/Ursula-von-der-Leyen-au-centre-a-obtenu-un-briefing-de-larmee-israelienne-en-pleine-agression-contre-Gaza-768x513.jpg 768w\" alt=\"Ursula von der Leyen (au centre) a obtenu un briefing de l\u2019arm\u00e9e isra\u00e9lienne en pleine agression contre Gaza.\" width=\"800\" height=\"534\" aria-describedby=\"caption-attachment-61163\" \/><\/p>\n<p id=\"caption-attachment-61163\" class=\"wp-caption-text\"><strong>Ursula von der Leyen (au centre) a obtenu un briefing de l\u2019arm\u00e9e isra\u00e9lienne en pleine agression contre Gaza<\/strong>. (Photo : Ziv Koren \/ Polaris)<\/p>\n<\/div>\n<p><a href=\"https:\/\/charleroi-pourlapalestine.be\/index.php\/tag\/david-cronin\/\" target=\"_blank\" rel=\"noopener\"><strong>David Cronin<\/strong><\/a>, 14 octobre 2023<\/p>\n<p>Des d\u00e9cennies de duplicit\u00e9 viennent de s\u2019effacer.<\/p>\n<p>Longtemps, l\u2019Union europ\u00e9enne a tent\u00e9 de se donner pour un parangon d\u2019\u00e9quilibre. Aujourd\u2019hui, elle est incontestablement dans le camp d\u2019Isra\u00ebl \u2013 un \u00c9tat qui impose un g\u00e9nocide \u00e0 Gaza.<\/p>\n<p><strong>Ursula von der Leyen, la pr\u00e9sidente de la Commission europ\u00e9enne, est largement responsable de ce virage vers une plus grande clart\u00e9<\/strong>. Elle \u00e9tait en Isra\u00ebl ces quelques derniers jours, assurant les dirigeants du pays de son soutien total.<\/p>\n<div class=\"twitter-tweet twitter-tweet-rendered\"><iframe id=\"twitter-widget-0\" class=\"\" title=\"Twitter Tweet\" src=\"https:\/\/platform.twitter.com\/embed\/Tweet.html?creatorScreenName=LaCharleroi&amp;dnt=true&amp;embedId=twitter-widget-0&amp;features=eyJ0ZndfdGltZWxpbmVfbGlzdCI6eyJidWNrZXQiOltdLCJ2ZXJzaW9uIjpudWxsfSwidGZ3X2ZvbGxvd2VyX2NvdW50X3N1bnNldCI6eyJidWNrZXQiOnRydWUsInZlcnNpb24iOm51bGx9LCJ0ZndfdHdlZXRfZWRpdF9iYWNrZW5kIjp7ImJ1Y2tldCI6Im9uIiwidmVyc2lvbiI6bnVsbH0sInRmd19yZWZzcmNfc2Vzc2lvbiI6eyJidWNrZXQiOiJvbiIsInZlcnNpb24iOm51bGx9LCJ0ZndfZm9zbnJfc29mdF9pbnRlcnZlbnRpb25zX2VuYWJsZWQiOnsiYnVja2V0Ijoib24iLCJ2ZXJzaW9uIjpudWxsfSwidGZ3X21peGVkX21lZGlhXzE1ODk3Ijp7ImJ1Y2tldCI6InRyZWF0bWVudCIsInZlcnNpb24iOm51bGx9LCJ0ZndfZXhwZXJpbWVudHNfY29va2llX2V4cGlyYXRpb24iOnsiYnVja2V0IjoxMjA5NjAwLCJ2ZXJzaW9uIjpudWxsfSwidGZ3X3Nob3dfYmlyZHdhdGNoX3Bpdm90c19lbmFibGVkIjp7ImJ1Y2tldCI6Im9uIiwidmVyc2lvbiI6bnVsbH0sInRmd19kdXBsaWNhdGVfc2NyaWJlc190b19zZXR0aW5ncyI6eyJidWNrZXQiOiJvbiIsInZlcnNpb24iOm51bGx9LCJ0ZndfdXNlX3Byb2ZpbGVfaW1hZ2Vfc2hhcGVfZW5hYmxlZCI6eyJidWNrZXQiOiJvbiIsInZlcnNpb24iOm51bGx9LCJ0ZndfdmlkZW9faGxzX2R5bmFtaWNfbWFuaWZlc3RzXzE1MDgyIjp7ImJ1Y2tldCI6InRydWVfYml0cmF0ZSIsInZlcnNpb24iOm51bGx9LCJ0ZndfbGVnYWN5X3RpbWVsaW5lX3N1bnNldCI6eyJidWNrZXQiOnRydWUsInZlcnNpb24iOm51bGx9LCJ0ZndfdHdlZXRfZWRpdF9mcm9udGVuZCI6eyJidWNrZXQiOiJvbiIsInZlcnNpb24iOm51bGx9fQ%3D%3D&amp;frame=false&amp;hideCard=false&amp;hideThread=false&amp;id=1712851530057961862&amp;lang=fr&amp;origin=https%3A%2F%2Fcharleroi-pourlapalestine.be%2Findex.php%2F2023%2F10%2F15%2Fursula-von-der-leyen-la-patronne-de-lue-soutient-les-actions-genocidaires-disrael%2F&amp;sessionId=20d54ee618acf519255c4a1d91da5eaad1d72a45&amp;siteScreenName=LaCharleroi&amp;theme=light&amp;widgetsVersion=01917f4d1d4cb%3A1696883169554&amp;width=500px\" frameborder=\"0\" scrolling=\"no\" allowfullscreen=\"allowfullscreen\" data-tweet-id=\"1712851530057961862\" data-mce-fragment=\"1\"><\/iframe><\/div>\n<p>D\u2019autres repr\u00e9sentants de l\u2019UE ont tent\u00e9 de para\u00eetre un peu plus nuanc\u00e9s.<\/p>\n<p><strong>Josep Borrell<\/strong>, le chef de la politique \u00e9trang\u00e8re, a indiqu\u00e9 qu\u2019il \u00e9tait mal \u00e0 l\u2019aise avec la fa\u00e7on dont Isra\u00ebl avait ordonn\u00e9 aux gens du nord de Gaza de se d\u00e9placer vers le sud. \u00c9vacuer un million de civils\u00a0<em>\u00ab vers un territoire en \u00e9tat de si\u00e8ge est extr\u00eamement dangereux et virtuellement impossible \u00bb<\/em>, avait-il mis en garde.<\/p>\n<div class=\"twitter-tweet twitter-tweet-rendered\"><iframe id=\"twitter-widget-1\" class=\"\" title=\"Twitter Tweet\" src=\"https:\/\/platform.twitter.com\/embed\/Tweet.html?creatorScreenName=LaCharleroi&amp;dnt=true&amp;embedId=twitter-widget-1&amp;features=eyJ0ZndfdGltZWxpbmVfbGlzdCI6eyJidWNrZXQiOltdLCJ2ZXJzaW9uIjpudWxsfSwidGZ3X2ZvbGxvd2VyX2NvdW50X3N1bnNldCI6eyJidWNrZXQiOnRydWUsInZlcnNpb24iOm51bGx9LCJ0ZndfdHdlZXRfZWRpdF9iYWNrZW5kIjp7ImJ1Y2tldCI6Im9uIiwidmVyc2lvbiI6bnVsbH0sInRmd19yZWZzcmNfc2Vzc2lvbiI6eyJidWNrZXQiOiJvbiIsInZlcnNpb24iOm51bGx9LCJ0ZndfZm9zbnJfc29mdF9pbnRlcnZlbnRpb25zX2VuYWJsZWQiOnsiYnVja2V0Ijoib24iLCJ2ZXJzaW9uIjpudWxsfSwidGZ3X21peGVkX21lZGlhXzE1ODk3Ijp7ImJ1Y2tldCI6InRyZWF0bWVudCIsInZlcnNpb24iOm51bGx9LCJ0ZndfZXhwZXJpbWVudHNfY29va2llX2V4cGlyYXRpb24iOnsiYnVja2V0IjoxMjA5NjAwLCJ2ZXJzaW9uIjpudWxsfSwidGZ3X3Nob3dfYmlyZHdhdGNoX3Bpdm90c19lbmFibGVkIjp7ImJ1Y2tldCI6Im9uIiwidmVyc2lvbiI6bnVsbH0sInRmd19kdXBsaWNhdGVfc2NyaWJlc190b19zZXR0aW5ncyI6eyJidWNrZXQiOiJvbiIsInZlcnNpb24iOm51bGx9LCJ0ZndfdXNlX3Byb2ZpbGVfaW1hZ2Vfc2hhcGVfZW5hYmxlZCI6eyJidWNrZXQiOiJvbiIsInZlcnNpb24iOm51bGx9LCJ0ZndfdmlkZW9faGxzX2R5bmFtaWNfbWFuaWZlc3RzXzE1MDgyIjp7ImJ1Y2tldCI6InRydWVfYml0cmF0ZSIsInZlcnNpb24iOm51bGx9LCJ0ZndfbGVnYWN5X3RpbWVsaW5lX3N1bnNldCI6eyJidWNrZXQiOnRydWUsInZlcnNpb24iOm51bGx9LCJ0ZndfdHdlZXRfZWRpdF9mcm9udGVuZCI6eyJidWNrZXQiOiJvbiIsInZlcnNpb24iOm51bGx9fQ%3D%3D&amp;frame=false&amp;hideCard=false&amp;hideThread=false&amp;id=1713027964563062930&amp;lang=fr&amp;origin=https%3A%2F%2Fcharleroi-pourlapalestine.be%2Findex.php%2F2023%2F10%2F15%2Fursula-von-der-leyen-la-patronne-de-lue-soutient-les-actions-genocidaires-disrael%2F&amp;sessionId=20d54ee618acf519255c4a1d91da5eaad1d72a45&amp;siteScreenName=LaCharleroi&amp;theme=light&amp;widgetsVersion=01917f4d1d4cb%3A1696883169554&amp;width=500px\" frameborder=\"0\" scrolling=\"no\" allowfullscreen=\"allowfullscreen\" data-tweet-id=\"1713027964563062930\" data-mce-fragment=\"1\"><\/iframe><\/div>\n<p><strong>La mise en garde de Borrell ne signifiait strictement rien.<\/strong><\/p>\n<p>Il l\u2019a \u00e9mise \u00e0 la fin d\u2019une visite en Chine.<\/p>\n<p>Au moment o\u00f9 il proposait son point de vue, Ursula von der Leyen avait d\u00e9j\u00e0 promis son d\u00e9vouement \u00e0 Benjamin Netanyahou, le Premier ministre isra\u00e9lien. Elle le lui avait m\u00eame promis entre quatre yeux.<\/p>\n<p>La pr\u00e9sidente de la Commission europ\u00e9enne n\u2019a pas \u00e9t\u00e9 \u00e9lue par des \u00e9lecteurs ordinaires. Par cons\u00e9quent, von der Leyen n\u2019est titulaire d\u2019aucun mandat d\u00e9mocratique.<\/p>\n<p>Dans le labyrinthe des institutions de l\u2019UE, son mandat est tr\u00e8s, tr\u00e8s limit\u00e9, une fois qu\u2019il s\u2019agit des relations internationales.<\/p>\n<p>Non qu\u2019elle s\u2019en soucie. Et Isra\u00ebl ne s\u2019en soucie pas davantage.<\/p>\n<p>Il n\u2019y a gu\u00e8re de chance de voir Netanyahou contrari\u00e9 par la diff\u00e9rence de ton entre ce qu\u2019ont bien pu dire von der Leyen et Borrell.<\/p>\n<p>Pourquoi devrait-il l\u2019\u00eatre, si von der Leyen est venue le voir et lui a assur\u00e9 son soutien total aux men\u00e9es g\u00e9nocidaires d\u2019Isra\u00ebl ?<\/p>\n<h3 class=\"fittexted_for_content_h3\"><strong>Un langage nazi<\/strong><\/h3>\n<p><em>\u00ab L\u2019Europe est avec Isra\u00ebl \u00bb<\/em>, a d\u00e9clar\u00e9 von der Leyen \u00e0 Netanyahou.<\/p>\n<blockquote><p>\u00ab Et Isra\u00ebl a le droit de se d\u00e9fendre. En fait, il est de son devoir de d\u00e9fendre son peuple. \u00bb<\/p><\/blockquote>\n<p>Ses commentaires datent de vendredi.<\/p>\n<p>Elle les a adress\u00e9s directement au gouvernement isra\u00e9lien. Quelques jours plus t\u00f4t, le ministre de la D\u00e9fense de ce gouvernement avait dit qu\u2019il combattait\u00a0<em>\u00ab des b\u00eates humaines \u00bb<\/em>\u00a0\u00e0 Gaza.<\/p>\n<p>C\u2019est du langage nazi. Les nazis disaient des juifs qu\u2019ils \u00e9taient des<em>\u00a0\u00ab rats \u00bb.<\/em><\/p>\n<p>Ursula Von der Leyen \u2013 une ancienne ministre de la D\u00e9fense en Allemagne \u2013 soutient implicitement la d\u00e9shumanisation des habitants de Gaza.<\/p>\n<p>Cela ne lui pose aucun probl\u00e8me qu\u2019Isra\u00ebl fasse des emprunts au lexique des nazis.<\/p>\n<p>Elle-m\u00eame a dit de la coupure d\u2019\u00e9lectricit\u00e9 par la\u00a0<strong>Russie<\/strong>\u00a0en\u00a0<strong>Ukraine<\/strong>\u00a0qu\u2019il s\u2019agissait d\u2019un crime de guerre.<\/p>\n<div class=\"twitter-tweet twitter-tweet-rendered\"><iframe id=\"twitter-widget-2\" class=\"\" title=\"Twitter Tweet\" src=\"https:\/\/platform.twitter.com\/embed\/Tweet.html?creatorScreenName=LaCharleroi&amp;dnt=true&amp;embedId=twitter-widget-2&amp;features=eyJ0ZndfdGltZWxpbmVfbGlzdCI6eyJidWNrZXQiOltdLCJ2ZXJzaW9uIjpudWxsfSwidGZ3X2ZvbGxvd2VyX2NvdW50X3N1bnNldCI6eyJidWNrZXQiOnRydWUsInZlcnNpb24iOm51bGx9LCJ0ZndfdHdlZXRfZWRpdF9iYWNrZW5kIjp7ImJ1Y2tldCI6Im9uIiwidmVyc2lvbiI6bnVsbH0sInRmd19yZWZzcmNfc2Vzc2lvbiI6eyJidWNrZXQiOiJvbiIsInZlcnNpb24iOm51bGx9LCJ0ZndfZm9zbnJfc29mdF9pbnRlcnZlbnRpb25zX2VuYWJsZWQiOnsiYnVja2V0Ijoib24iLCJ2ZXJzaW9uIjpudWxsfSwidGZ3X21peGVkX21lZGlhXzE1ODk3Ijp7ImJ1Y2tldCI6InRyZWF0bWVudCIsInZlcnNpb24iOm51bGx9LCJ0ZndfZXhwZXJpbWVudHNfY29va2llX2V4cGlyYXRpb24iOnsiYnVja2V0IjoxMjA5NjAwLCJ2ZXJzaW9uIjpudWxsfSwidGZ3X3Nob3dfYmlyZHdhdGNoX3Bpdm90c19lbmFibGVkIjp7ImJ1Y2tldCI6Im9uIiwidmVyc2lvbiI6bnVsbH0sInRmd19kdXBsaWNhdGVfc2NyaWJlc190b19zZXR0aW5ncyI6eyJidWNrZXQiOiJvbiIsInZlcnNpb24iOm51bGx9LCJ0ZndfdXNlX3Byb2ZpbGVfaW1hZ2Vfc2hhcGVfZW5hYmxlZCI6eyJidWNrZXQiOiJvbiIsInZlcnNpb24iOm51bGx9LCJ0ZndfdmlkZW9faGxzX2R5bmFtaWNfbWFuaWZlc3RzXzE1MDgyIjp7ImJ1Y2tldCI6InRydWVfYml0cmF0ZSIsInZlcnNpb24iOm51bGx9LCJ0ZndfbGVnYWN5X3RpbWVsaW5lX3N1bnNldCI6eyJidWNrZXQiOnRydWUsInZlcnNpb24iOm51bGx9LCJ0ZndfdHdlZXRfZWRpdF9mcm9udGVuZCI6eyJidWNrZXQiOiJvbiIsInZlcnNpb24iOm51bGx9fQ%3D%3D&amp;frame=false&amp;hideCard=false&amp;hideThread=false&amp;id=1582630271287021570&amp;lang=fr&amp;origin=https%3A%2F%2Fcharleroi-pourlapalestine.be%2Findex.php%2F2023%2F10%2F15%2Fursula-von-der-leyen-la-patronne-de-lue-soutient-les-actions-genocidaires-disrael%2F&amp;sessionId=20d54ee618acf519255c4a1d91da5eaad1d72a45&amp;siteScreenName=LaCharleroi&amp;theme=light&amp;widgetsVersion=01917f4d1d4cb%3A1696883169554&amp;width=500px\" frameborder=\"0\" scrolling=\"no\" allowfullscreen=\"allowfullscreen\" data-tweet-id=\"1582630271287021570\" data-mce-fragment=\"1\"><\/iframe><\/div>\n<p><strong>Mais cela ne lui pose aucun probl\u00e8me qu\u2019Isra\u00ebl prive Gaza de nourriture, de carburant, d\u2019eau et d\u2019\u00e9nergie. Cela ne la d\u00e9range nullement que la famine soit utilis\u00e9e comme arme contre des civils.<\/strong><\/p>\n<p>Isra\u00ebl est une\u00a0<em>\u00ab d\u00e9mocratie \u00bb<\/em>, \u00e0 ses yeux.<\/p>\n<p>Si vous vous donnez pour une d\u00e9mocratie, Ursula von der Leyen vous laissera perp\u00e9trer \u00e0 l\u2019aise un g\u00e9nocide.<\/p>\n<h3 class=\"fittexted_for_content_h3\"><strong>Le devoir<\/strong><\/h3>\n<p>Quand von der Leyen parle de devoir, elle oublie les siens propres.<\/p>\n<p>Elle a un devoir envers les contribuables de l\u2019Europe.<\/p>\n<p>Isra\u00ebl a tr\u00e8s r\u00e9guli\u00e8rement d\u00e9truit les projets d\u2019aide financ\u00e9s par le contribuable europ\u00e9en. Une grande partie des infrastructures d\u00e9molies aujourd\u2019hui \u00e0 Gaza ont \u00e9t\u00e9 construites \u00e0 l\u2019aide de financements de l\u2019UE.<\/p>\n<p><strong>Pourtant, l\u2019UE n\u2019a jamais tenu Isra\u00ebl pour responsable de ces destructions.<\/strong><\/p>\n<p>L\u2019UE n\u2019agira pas de la sorte.<\/p>\n<p>L\u2019\u00e9lite europ\u00e9enne soutient Isra\u00ebl. Et ses destructions. Et ses actions g\u00e9nocidaires.<\/p>\n<p>L\u2019UE rassemble 27 gouvernements.<\/p>\n<p>Quelques-uns \u00e0 peine ont gentiment critiqu\u00e9 Isra\u00ebl.<\/p>\n<p>L\u2019Irlande, par exemple, dit qu\u2019elle \u00ab<em>\u00a0ne peut accepter le ch\u00e2timent collectif de toute une population<\/em>\u00a0\u00bb.<\/p>\n<p>Un article paru dans\u00a0<em>The Irish Times<\/em>\u00a0sugg\u00e8re qu\u2019il r\u00e8gne un certain malaise au sein des institutions europ\u00e9ennes, \u00e0 propos de von der Leyen et de son d\u00e9vouement total \u00e0 Isra\u00ebl.<\/p>\n<div class=\"twitter-tweet twitter-tweet-rendered\"><iframe id=\"twitter-widget-3\" class=\"\" title=\"Twitter Tweet\" src=\"https:\/\/platform.twitter.com\/embed\/Tweet.html?creatorScreenName=LaCharleroi&amp;dnt=true&amp;embedId=twitter-widget-3&amp;features=eyJ0ZndfdGltZWxpbmVfbGlzdCI6eyJidWNrZXQiOltdLCJ2ZXJzaW9uIjpudWxsfSwidGZ3X2ZvbGxvd2VyX2NvdW50X3N1bnNldCI6eyJidWNrZXQiOnRydWUsInZlcnNpb24iOm51bGx9LCJ0ZndfdHdlZXRfZWRpdF9iYWNrZW5kIjp7ImJ1Y2tldCI6Im9uIiwidmVyc2lvbiI6bnVsbH0sInRmd19yZWZzcmNfc2Vzc2lvbiI6eyJidWNrZXQiOiJvbiIsInZlcnNpb24iOm51bGx9LCJ0ZndfZm9zbnJfc29mdF9pbnRlcnZlbnRpb25zX2VuYWJsZWQiOnsiYnVja2V0Ijoib24iLCJ2ZXJzaW9uIjpudWxsfSwidGZ3X21peGVkX21lZGlhXzE1ODk3Ijp7ImJ1Y2tldCI6InRyZWF0bWVudCIsInZlcnNpb24iOm51bGx9LCJ0ZndfZXhwZXJpbWVudHNfY29va2llX2V4cGlyYXRpb24iOnsiYnVja2V0IjoxMjA5NjAwLCJ2ZXJzaW9uIjpudWxsfSwidGZ3X3Nob3dfYmlyZHdhdGNoX3Bpdm90c19lbmFibGVkIjp7ImJ1Y2tldCI6Im9uIiwidmVyc2lvbiI6bnVsbH0sInRmd19kdXBsaWNhdGVfc2NyaWJlc190b19zZXR0aW5ncyI6eyJidWNrZXQiOiJvbiIsInZlcnNpb24iOm51bGx9LCJ0ZndfdXNlX3Byb2ZpbGVfaW1hZ2Vfc2hhcGVfZW5hYmxlZCI6eyJidWNrZXQiOiJvbiIsInZlcnNpb24iOm51bGx9LCJ0ZndfdmlkZW9faGxzX2R5bmFtaWNfbWFuaWZlc3RzXzE1MDgyIjp7ImJ1Y2tldCI6InRydWVfYml0cmF0ZSIsInZlcnNpb24iOm51bGx9LCJ0ZndfbGVnYWN5X3RpbWVsaW5lX3N1bnNldCI6eyJidWNrZXQiOnRydWUsInZlcnNpb24iOm51bGx9LCJ0ZndfdHdlZXRfZWRpdF9mcm9udGVuZCI6eyJidWNrZXQiOiJvbiIsInZlcnNpb24iOm51bGx9fQ%3D%3D&amp;frame=false&amp;hideCard=false&amp;hideThread=false&amp;id=1713086353733247072&amp;lang=fr&amp;origin=https%3A%2F%2Fcharleroi-pourlapalestine.be%2Findex.php%2F2023%2F10%2F15%2Fursula-von-der-leyen-la-patronne-de-lue-soutient-les-actions-genocidaires-disrael%2F&amp;sessionId=20d54ee618acf519255c4a1d91da5eaad1d72a45&amp;siteScreenName=LaCharleroi&amp;theme=light&amp;widgetsVersion=01917f4d1d4cb%3A1696883169554&amp;width=500px\" frameborder=\"0\" scrolling=\"no\" allowfullscreen=\"allowfullscreen\" data-tweet-id=\"1713086353733247072\" data-mce-fragment=\"1\"><\/iframe><\/div>\n<p>N\u2019y aura-il pas la moindre r\u00e9percussion \u00e0 son \u00e9gard ? Probablement pas.<\/p>\n<p>Comme je l\u2019ai \u00e9crit pr\u00e9c\u00e9demment, les divisions au sein de l\u2019UE \u00e0 propos d\u2019Isra\u00ebl sont vraiment une question d\u2019optique. Tous les gouvernements et repr\u00e9sentants de l\u2019UE soutiennent Isra\u00ebl. Certains d\u2019entre eux pr\u00e9tendent aussi se faire du souci pour les Palestiniens.<\/p>\n<p>Mais von der Leyen, elle, ne s\u2019en fait aucun. Elle ne fait m\u00eame pas semblant.<\/p>\n<p>&nbsp;<\/p>\n<p>****<\/p>\n<p><strong><a href=\"https:\/\/charleroi-pourlapalestine.be\/index.php\/tag\/david-cronin\/\">David Cronin<\/a><a href=\"https:\/\/charleroi-pourlapalestine.be\/index.php\/tag\/david-cronin\/\"><img decoding=\"async\" class=\"alignright wp-image-20420 size-full\" src=\"https:\/\/charleroi-pourlapalestine.be\/wp-content\/uploads\/2020\/12\/david-cronin.jpg\" alt=\"\" width=\"112\" height=\"112\" \/><\/a><\/strong>\u00a0est l\u2019auteur de plusieurs ouvrages, dont\u00a0<a href=\"https:\/\/assolaguillotine.wordpress.com\/catalogue\/europe-israel-de-david-cronin\/\" target=\"_blank\" rel=\"noopener noreferrer\"><em><strong><span id=\"productTitle\" class=\"a-size-large\">Europe Isra\u00ebl : Une alliance contre-nature\u00a0<\/span><\/strong><\/em><\/a><span id=\"productTitle\" class=\"a-size-large\">(Ed. La Guillotine \u2013 2013) et\u00a0<\/span>\u00a0<strong><em>Europe\u2019s Alliance With Israel: Aiding the Occupation<\/em>\u00a0<\/strong>(Pluto Press, 2011 \u2013\u00a0<strong><em>L\u2019Alliance de l\u2019Europe avec Isra\u00ebl contribue \u00e0 l\u2019occupation<\/em>)<\/strong>. Il a particip\u00e9 \u00e0 la r\u00e9daction du rapport \u201c<strong><a href=\"http:\/\/powerbase.info\/images\/0\/06\/PII_IsraelLobbyEUreport2016_Cronin_Mursak_Miller.pdf\" target=\"_blank\" rel=\"noopener noreferrer\">The israeli lobby and the European Union<\/a><\/strong>\u201d.<br \/>\nSon dernier livre est :\u00a0<strong><span id=\"productTitle\" class=\"a-size-large\"><em>Balfour\u2019s Shadow: A Century of British Support for Zionism and Israel<\/em>\u00a0<\/span><\/strong><span id=\"productTitle\" class=\"a-size-large\">(Pluto Press \u2013 Londres 2017).<\/span><\/p>\n<p>*****<\/p>\n<p>Publi\u00e9 le 14 octobre sur 2023 sur\u00a0<a href=\"https:\/\/electronicintifada.net\/blogs\/david-cronin\/eu-boss-backs-israels-acts-genocide\" target=\"_blank\" rel=\"noopener\">The Electronic Intifada<\/a><br \/>\nTraduction : Jean-Marie Fl\u00e9mal,\u00a0<a href=\"https:\/\/charleroi-pourlapalestine.be\/\">Charleroi pour la Palestine<\/a><\/p>\n","protected":false},"excerpt":{"rendered":"<p>15 OCTOBRE 2023 Ursula Von der Leyen \u2013 une ancienne ministre de la D\u00e9fense en Allemagne \u2013 soutient implicitement la d\u00e9shumanisation des habitants de Gaza.<\/p>\n","protected":false},"author":1,"featured_media":5348,"comment_status":"open","ping_status":"open","sticky":false,"template":"","format":"standard","meta":{"footnotes":""},"categories":[21,539,36,6],"tags":[236,541],"class_list":["post-5766","post","type-post","status-publish","format-standard","has-post-thumbnail","hentry","category-anti-imperialisme","category-belgique","category-europe","category-palestine-moyen-orient","tag-david-cronin","tag-ursula-von-der-leyen"],"_links":{"self":[{"href":"https:\/\/bruxelles-pantheres.be\/index.php?rest_route=\/wp\/v2\/posts\/5766","targetHints":{"allow":["GET"]}}],"collection":[{"href":"https:\/\/bruxelles-pantheres.be\/index.php?rest_route=\/wp\/v2\/posts"}],"about":[{"href":"https:\/\/bruxelles-pantheres.be\/index.php?rest_route=\/wp\/v2\/types\/post"}],"author":[{"embeddable":true,"href":"https:\/\/bruxelles-pantheres.be\/index.php?rest_route=\/wp\/v2\/users\/1"}],"replies":[{"embeddable":true,"href":"https:\/\/bruxelles-pantheres.be\/index.php?rest_route=%2Fwp%2Fv2%2Fcomments&post=5766"}],"version-history":[{"count":2,"href":"https:\/\/bruxelles-pantheres.be\/index.php?rest_route=\/wp\/v2\/posts\/5766\/revisions"}],"predecessor-version":[{"id":5768,"href":"https:\/\/bruxelles-pantheres.be\/index.php?rest_route=\/wp\/v2\/posts\/5766\/revisions\/5768"}],"wp:featuredmedia":[{"embeddable":true,"href":"https:\/\/bruxelles-pantheres.be\/index.php?rest_route=\/wp\/v2\/media\/5348"}],"wp:attachment":[{"href":"https:\/\/bruxelles-pantheres.be\/index.php?rest_route=%2Fwp%2Fv2%2Fmedia&parent=5766"}],"wp:term":[{"taxonomy":"category","embeddable":true,"href":"https:\/\/bruxelles-pantheres.be\/index.php?rest_route=%2Fwp%2Fv2%2Fcategories&post=5766"},{"taxonomy":"post_tag","embeddable":true,"href":"https:\/\/bruxelles-pantheres.be\/index.php?rest_route=%2Fwp%2Fv2%2Ftags&post=5766"}],"curies":[{"name":"wp","href":"https:\/\/api.w.org\/{rel}","templated":true}]}}