{"id":5772,"date":"2023-10-23T20:49:27","date_gmt":"2023-10-23T19:49:27","guid":{"rendered":"https:\/\/bruxelles-pantheres.be\/?p=5772"},"modified":"2023-10-23T20:50:20","modified_gmt":"2023-10-23T19:50:20","slug":"le-hamas-une-organisation-terroriste-voici-ce-que-dit-le-droit","status":"publish","type":"post","link":"https:\/\/bruxelles-pantheres.be\/?p=5772","title":{"rendered":"Le Hamas une organisation terroriste ? Voici ce que dit le droit"},"content":{"rendered":"<header class=\"entry-header clearfix\">\n<div class=\"mh-meta entry-meta\"><span class=\"entry-meta-date updated\"><i class=\"fa fa-clock-o\"><\/i>20 octobre 2023<\/span>\u00a0<i class=\"fa fa-folder-open-o\"><\/i><\/div>\n<div>\n<p><strong>Par\u00a0Christophe Oberlin<\/strong><\/p>\n<p><em>Pour les historiens la Palestine existe depuis plus de 3000 ans, pour les juristes l\u2019Etat moderne de Palestine depuis un si\u00e8cle. Avec des fronti\u00e8res reconnues, un syst\u00e8me judiciaire propre, des passeports palestiniens, des timbres et une monnaie palestinienne. Un Etat de Palestine qui passait des accords internationaux avec les pays environnants, y compris la puissance mandataire le Royaume-Uni.<\/em><\/p>\n<\/div>\n<\/header>\n<p><!--more--><\/p>\n<div class=\"entry-content clearfix\">\n<figure class=\"entry-thumbnail\"><img decoding=\"async\" class=\"aligncenter\" title=\"Photo : via Hamas.ps\" src=\"https:\/\/www.chroniquepalestine.com\/wp-content\/uploads\/2021\/01\/02-2-678x455.jpg\" alt=\"\" \/><figcaption class=\"wp-caption-text\">\n<p style=\"text-align: center;\">Rassemblement du mouvement Hamas \u00e0 Gaza &#8211; Photo : via Hamas.ps<\/p>\n<\/figcaption><\/figure>\n<p>Alors, la guerre ne date pas du samedi 7 octobre 2023. La Palestine est en guerre depuis 1948. Et elle ressemble \u00e0 un volcan en activit\u00e9 qui gronde chaque jour de souffrance et de col\u00e8re. Avec parfois des explosions. L\u2019\u00e9ruption \u00e0 laquelle nous assistons aujourd\u2019hui est la plus puissante depuis 1948.<\/p>\n<p>Le peuple palestinien ne revendique rien\u00a0: il demande le r\u00e9tablissement de ses droits souverains sur sa terre. L\u2019\u00e9ruption actuelle est la cons\u00e9quence de cette violation initiale du droit. Pourtant, pour les gouvernements occidentaux, c\u2019est le peuple palestinien qui serait devenu le coupable. L\u2019action juridique, par le jeu des principes, permet de r\u00e9tablir la r\u00e9alit\u00e9.<\/p>\n<p>Il faut revenir \u00e0 l\u2019origine du conflit, \u00e0 1917, avec la volont\u00e9 occidentale de cr\u00e9er une implantation au Moyen Orient pour contr\u00f4ler les peuples arabes, en utilisant la politique sioniste. Isra\u00ebl est la puissance militaire occupante \u00e0 Gaza, malgr\u00e9 son retrait du territoire, car il s\u2019assure un contr\u00f4le total. Selon le droit coutumier, Isra\u00ebl doit la protection \u00e0 la population occup\u00e9e.<\/p>\n<p>Or, non seulement il ne la prot\u00e8ge pas, mais il l\u2019agresse par le blocus, les bombardements et maintenant le si\u00e8ge total depuis le 9 octobre 2023. Les d\u00e9cisions politiques isra\u00e9liennes pla\u00e7ant en d\u00e9tention les r\u00e9sistants palestiniens sont pr\u00e9sent\u00e9es comme des \u00ab\u00a0jugements\u00a0\u00bb, ce qui donne une apparence de r\u00e9gularit\u00e9.<\/p>\n<p>Or, il s\u2019agit de prisonniers de guerre, qu\u2019Isra\u00ebl n\u2019a pas le droit de juger, par application de la 3 \u00e8me convention de Gen\u00e8ve. M\u00eame sous l\u2019angle de la 4 \u00e8me convention, les \u00ab\u00a0jugements\u00a0\u00bb sont ill\u00e9gaux : proc\u00e8s tenus en dehors du territoire palestinien, proc\u00e9dure ne respectant pas le proc\u00e8s \u00e9quitable.<\/p>\n<p>Aussi, les palestiniens d\u00e9tenus sont des otages politiques d\u2019Isra\u00ebl. Il n\u2019y a donc pas \u00ab\u00a0les otages du Hamas\u00a0\u00bb d\u2019un c\u00f4t\u00e9 et les \u00ab\u00a0Palestiniens prisonniers d\u2019Isra\u00ebl \u00bb de l\u2019autre. Selon la Cour P\u00e9nale Internationale, seul tribunal international habilit\u00e9 \u00e0 traiter des crimes de guerre, la Palestine est un Etat.<\/p>\n<p>De fait l\u2019Etat de Palestine si\u00e8ge \u00e0 l\u2019assembl\u00e9e des Etats-parties de la CPI, \u00e0 \u00e9galit\u00e9 de droits et de devoirs avec les 122 autres Etats. Ainsi, les puissances occidentales qui nient la r\u00e9alit\u00e9 de l\u2019Etat de Palestine sont en contradiction avec eux-m\u00eames.<\/p>\n<p>Le Hamas a affirm\u00e9 son accord avec le droit international et sa volont\u00e9 de coop\u00e9rer avec la CPI. A l\u2019inverse, Isra\u00ebl refuse le droit international, et refuse toute coop\u00e9ration avec la CPI.<\/p>\n<p>C\u2019est le Hamas qui est en phase avec le droit, et Isra\u00ebl qui d\u00e9nie le droit. Les crimes actuellement commis sont la cons\u00e9quence de ce d\u00e9ni du droit.<\/p>\n<p>Le statut de la CPI d\u00e9finit une longue liste d\u2019infractions, et aucune ne fait r\u00e9f\u00e9rence au terrorisme, car ce mot a toujours \u00e9t\u00e9 utilis\u00e9 pour discr\u00e9diter les opposants politiques (De Gaulle, Mandela\u2026).<\/p>\n<p>Aussi, le Hamas, qui a reconnu la CPI et veut coop\u00e9rer, rejette cette accusation de \u00ab\u00a0terrorisme\u00a0\u00bb,\u00a0qui est un concept politique et m\u00e9diatique, mais pas juridique. Le Hamas n\u2019a d\u2019ailleurs jamais figur\u00e9 sur la liste des organisations terroristes de l\u2019ONU.<\/p>\n<p>Les faits commis par les attaquants palestiniens sur le territoire actuel d\u2019Isra\u00ebl seront jug\u00e9s par Isra\u00ebl et les puissances occidentales (proc\u00e9dure d\u00e9j\u00e0 ouverte en France). Isra\u00ebl n\u2019acceptera pas de confier ses affaires \u00e0 la CPI.<\/p>\n<p>La CPI est pourtant comp\u00e9tente du fait de la nationalit\u00e9 palestinienne des combattants, mais elle appliquera le principe de subsidiarit\u00e9\u00a0: elle n\u2019intervient qu\u2019en l\u2019absence de proc\u00e9dures conduites par les juges nationaux.<\/p>\n<p>Aussi, la ligne doit \u00eatre\u00a0:<\/p>\n<ul>\n<li>1) de contester les futurs jugements isra\u00e9liens, vu qu\u2019Isra\u00ebl refuse d\u2019appliquer le droit international,<\/li>\n<li>2) de demander une enqu\u00eate par la CPI, le droit national isra\u00e9lien ignorant le droit international. Le Hamas attend que la justice se prononce, mais dans une proc\u00e9dure \u00e9quitable et donc devant la CPI.<\/li>\n<\/ul>\n<p>Quand Isra\u00ebl engagera des proc\u00e9dures devant ses juridictions, il faudra demander au procureur de la CPI d\u2019ouvrir la m\u00eame enqu\u00eate, en d\u00e9montrant que les proc\u00e9dures isra\u00e9liennes sont des violations graves du droit humanitaire (Statut, Art. 8, 2, a, 6) et donc en portant plainte contre les juges isra\u00e9liens. Ce sera une mise en accusation de la justice isra\u00e9lienne.<\/p>\n<p>L\u2019hypoth\u00e8se d\u2019un proc\u00e8s contre les r\u00e9sistants devant la CPI est peu probable, sauf pour des aspects mineurs. En effet, Isra\u00ebl n\u2019acceptera jamais de s\u2019en remettre \u00e0 la CPI, ce qui l\u2019obligerait \u00e0 accepter l\u2019arr\u00eat de la CPI du 5 f\u00e9vrier 2021 qui a reconnu l\u2019Etat de Palestine.\u00a0Aussi, la r\u00e9sistance doit multiplier les r\u00e9f\u00e9rences \u00e0 la CPI\u2026 m\u00eame si celle-ci reste inactive.<\/p>\n<p>Devant la CPI, le cadre de la d\u00e9fense serait la l\u00e9gitime d\u00e9fense. Le statut pr\u00e9voit une version large avec l\u2019article 31 d, qui l\u00e9gitime la commission de crimes de guerre si c\u2019est le seul moyen d\u2019assurer la sauvegarde du peuple. Il y a donc une solide marge de man\u0153uvre.<\/p>\n<p>Isra\u00ebl ne veut pas se retirer des territoires palestiniens occup\u00e9s y compris J\u00e9rusalem, et sa solution est un Etat unique. Isra\u00ebl ne veut accepter l\u2019\u00e9galit\u00e9 des citoyens arabes, car c\u2019est la fin de l\u2019Etat juif, et la seule issue est alors l\u2019Etat d\u2019apartheid.<\/p>\n<p>Aussi, il faut envisager des plaintes contre les dirigeants europ\u00e9ens qui apportent leur assistance \u00e0 cette politique comme complicit\u00e9 du crime d\u2019apartheid international. Tous les Etats europ\u00e9ens ont d\u2019ailleurs ratifi\u00e9s le statut de la CPI.<\/p>\n<p>D\u00e8s que le moment sera propice, il faudra d\u00e9poser la plainte pour l\u2019annexion de J\u00e9rusalem, car vu l\u2019importance de l\u2019enjeu, la clart\u00e9 du droit applicable et des preuves, le procureur Karim Khan ne pourra pas rester sept ans (la fin de son mandat) sans rien faire.<\/p>\n<p>L\u2019enqu\u00eate sur les crimes en cours (bombardements indiscrimin\u00e9s, si\u00e8ge total, d\u00e9placements forc\u00e9s de population) rel\u00e8vent tous de la CPI, mais le procureur mettra probablement en avant la complexit\u00e9 de l\u2019affaire, la masse des faits, pour ne pas avancer.<\/p>\n<p>D\u2019o\u00f9 l\u2019int\u00e9r\u00eat essentiel de faire juger la plainte pour l\u2019annexion de J\u00e9rusalem. Il en va de la cr\u00e9dibilit\u00e9 de la cour, observ\u00e9e par le monde entier, et c\u2019est un hommage \u00e0 la r\u00e9sistance qui est mobilis\u00e9e sur la protection de J\u00e9rusalem.<\/p>\n<header class=\"page-header\">\n<h3>Auteur :\u00a0<a title=\"Afficher tous les articles pour Christophe Oberlin\" href=\"https:\/\/www.chroniquepalestine.com\/writers\/christophe-oberlin\">Christophe Oberlin<\/a><\/h3>\n<div class=\"entry-content\">\n<p><img decoding=\"async\" class=\"alignleft size-full wp-image-15419\" src=\"https:\/\/www.chroniquepalestine.com\/wp-content\/uploads\/2020\/01\/01-13.jpg\" alt=\"\" width=\"110\" height=\"97\" \/>*\u00a0<strong>Christophe Oberlin<\/strong>\u00a0est Professeur des universit\u00e9s et chirurgien sp\u00e9cialis\u00e9 dans la microchirurgie et la chirurgie de la main. Il dirige r\u00e9guli\u00e8rement des missions chirurgicales en Palestine et particuli\u00e8rement dans la bande de Gaza o\u00f9 il a effectu\u00e9 de tr\u00e8s nombreux s\u00e9jours.<br \/>\nIl a \u00e9crit plusieurs ouvrages dont \u00ab\u00a0<a href=\"http:\/\/www.chroniquepalestine.com\/chemin-de-cour-dirigeants-israeliens-devant-cour-penale-internationale\/\" target=\"_blank\" rel=\"noopener noreferrer\">Le chemin de la Cour \u2013 Les dirigeants isra\u00e9liens devant la Cour P\u00e9nale Internationale<\/a>\u00a0\u00bb et traduit de l&rsquo;anglais \u00ab\u00a0<a href=\"https:\/\/www.chroniquepalestine.com\/histoire-politique-etrangere-hamas-edition-francaise\/\">Histoire de la politique \u00e9trang\u00e8re du Hamas<\/a>\u00a0\u00bb.<\/p>\n<\/div>\n<\/header>\n<p><em>20 octobre 2023 \u2013 Transmis par l\u2019auteur<\/em><\/p>\n<p><a href=\"https:\/\/www.chroniquepalestine.com\/le-hamas-une-organisation-terroriste-voici-ce-que-dit-le-droit\/\">Source<\/a><\/p>\n<header class=\"entry-header clearfix\">\n<h4 class=\"entry-title\" style=\"text-align: center;\">La Charte du mouvement Hamas : version fran\u00e7aise<\/h4>\n<\/header>\n<div class=\"entry-content clearfix\">\n<figure class=\"entry-thumbnail\"><img decoding=\"async\" class=\"aligncenter\" title=\"\" src=\"https:\/\/www.chroniquepalestine.com\/wp-content\/uploads\/2017\/05\/a0-11.jpg\" alt=\"\" \/><\/figure>\n<div class=\"mh-social-top\">\n<div class=\"mh-share-buttons clearfix\"><\/div>\n<\/div>\n<p><strong>Par\u00a0<a title=\"Afficher tous les articles pour Hamas\" href=\"https:\/\/www.chroniquepalestine.com\/writers\/hamas\">Hamas<\/a><\/strong><\/p>\n<p><strong>R\u00e9sistance islamique<\/strong>\u00a0\u2013\u00a0<em>Un document sur les principes g\u00e9n\u00e9raux et les politiques du mouvement Hamas<\/em><\/p>\n<p>&nbsp;<\/p>\n<p>&nbsp;<\/p>\n<h3>Au nom d\u2019Allah, le Tr\u00e8s Cl\u00e9ment, le Tr\u00e8s Mis\u00e9ricordieux,<br \/>\nLe mouvement de r\u00e9sistance islamique \u00ab\u00a0Hamas\u00a0\u00bb<\/h3>\n<p>&nbsp;<\/p>\n<h4>Un document sur les principes essentiels et les politiques g\u00e9n\u00e9rales<\/h4>\n<p>Qu\u2019Allah, le Seigneur de tous les mondes, soit lou\u00e9\u00a0! Que la paix et les b\u00e9n\u00e9dictions d\u2019Allah soient sur Mouhammad, le Ma\u00eetre des Messagers et le Chef des Moujahidins, sur sa famille et tous ses compagnons\u00a0!<\/p>\n<p><strong>Pr\u00e9ambule<\/strong><\/p>\n<p>La Palestine est la terre du peuple palestinien arabe\u00a0; il en est originaire, il ne fait qu\u2019un avec elle, il lui appartient, et c\u2019est \u00e0 partir de cette appartenance qu\u2019il communique avec le reste du monde.<\/p>\n<p>La Palestine est une terre dont le statut a \u00e9t\u00e9 renforc\u00e9 par l\u2019Islam, une foi qui la tient en haute estime, qui lui insuffle son esprit et ses valeurs, et qui pose les bases d\u2019une doctrine qui a pour but de la d\u00e9fendre et de la prot\u00e9ger.<\/p>\n<p>La Palestine est la Cause d\u2019un peuple abandonn\u00e9 par une humanit\u00e9 qui ne respecte pas ses droits, un peuple qui veut qu\u2019on lui rende ce qu\u2019on lui a pris, qui veut voir ses droits garantis au lieu d\u2019\u00eatre viol\u00e9s, un peuple qui continue de subir sur sa terre l\u2019une des pires esp\u00e8ces d\u2019occupation du monde.<\/p>\n<p>La Palestine est une terre dont on s\u2019est empar\u00e9 par la force pour mettre en \u0153uvre un projet sioniste, raciste, inhumain et colonial fond\u00e9 sur une promesse mensong\u00e8re (la D\u00e9claration Balfour), sur la reconnaissance de l\u2019entit\u00e9 occupante, et sur le fait accompli.<\/p>\n<p>La Palestine symbolise la r\u00e9sistance qui se poursuivra jusqu\u2019\u00e0 la lib\u00e9ration compl\u00e8te, jusqu\u2019\u00e0 ce que tous les Palestiniens soient revenus y vivre et jusqu\u2019\u00e0 ce qu\u2019un \u00c9tat vraiment souverain soit \u00e9tabli avec J\u00e9rusalem comme capitale.<\/p>\n<p>La Palestine est ce qui fait des Palestiniens de toutes affiliations de v\u00e9ritables partenaires dans la poursuite du sublime objectif de la lib\u00e9ration.<\/p>\n<p>La Palestine est l\u2019esprit de la Oummah [la communaut\u00e9 des Croyants] et sa Cause centrale; c\u2019est l\u2019\u00e2me de l\u2019humanit\u00e9 et sa conscience vivante.<\/p>\n<p>Ce document est le fruit de d\u00e9lib\u00e9rations approfondies qui ont abouti \u00e0 un fort consensus. En tant que mouvement, nous approuvons la vision d\u00e9crite dans les pages qui suivent, la th\u00e9orie comme la pratique. C\u2019est une vision qui repose sur des bases solides et sur des principes bien \u00e9tablis. Ce document d\u00e9crit les objectifs, les \u00e9tapes et la mani\u00e8re dont l\u2019unit\u00e9 nationale peut se concr\u00e9tiser. Il pr\u00e9cise \u00e9galement notre compr\u00e9hension commune de la Cause palestinienne, les principes d\u2019action qui pr\u00e9sideront \u00e0 sa promotion, et le cadre de son interpr\u00e9tation.<\/p>\n<p><strong>Le mouvement<\/strong><\/p>\n<p><strong>1.<\/strong>\u00a0Le Mouvement de r\u00e9sistance islamique \u201cHamas\u201d est un mouvement islamisme palestinien de lib\u00e9ration nationale et de r\u00e9sistance. Son but est de lib\u00e9rer la Palestine et de s\u2019opposer au projet sioniste. Son cadre de r\u00e9f\u00e9rence est l\u2019Islam qui d\u00e9termine ses principes, ses objectifs et ses moyens.<\/p>\n<p><strong>La terre de Palestine<\/strong><\/p>\n<p><strong>2.<\/strong>\u00a0La Palestine, qui s\u2019\u00e9tend de la Jordanie, \u00e0 l\u2019est, jusqu\u2019\u00e0 la M\u00e9diterran\u00e9e, \u00e0 l\u2019ouest, et de Ras Al-Naqurah, au nord, jusqu\u2019\u00e0 Umm Al-Rashrash, au sud, est une unit\u00e9 territoriale indivisible. C\u2019est la terre et la patrie du peuple palestinien. L\u2019expulsion et le bannissement des Palestiniens de leur terre et l\u2019\u00e9tablissement de l\u2019entit\u00e9 sioniste \u00e0 leur place n\u2019an\u00e9antissent pas le droit du peuple palestinien \u00e0 sa terre toute enti\u00e8re et ne donnent aucun droit \u00e0 l\u2019usurpateur sioniste.<\/p>\n<p><strong>3.<\/strong>\u00a0La Palestine est une terre islamique arabe. C\u2019est une terre sacr\u00e9e et b\u00e9nie qui a une place sp\u00e9ciale dans le c\u0153ur de chaque Arabe et de chaque Musulman.<\/p>\n<p><strong>Le peuple palestinien<\/strong><\/p>\n<p><strong>4.<\/strong>\u00a0Les Palestiniens sont les Arabes qui vivaient en Palestine jusqu\u2019en 1947, ind\u00e9pendamment du fait qu\u2019ils en aient \u00e9t\u00e9 expuls\u00e9s ou qu\u2019ils y soient rest\u00e9s; et toute personne n\u00e9e d\u2019un p\u00e8re arabe palestinien apr\u00e8s cette date, que ce soit \u00e0 l\u2019int\u00e9rieur ou \u00e0 l\u2019ext\u00e9rieur de la Palestine, est un Palestinien.<\/p>\n<p><strong>5.<\/strong>\u00a0L\u2019identit\u00e9 palestinienne est authentique et \u00e9ternelle; elle se transmet de g\u00e9n\u00e9ration en g\u00e9n\u00e9ration. Les catastrophes qui ont frapp\u00e9 le peuple palestinien du fait de l\u2019occupation sioniste et de sa politique de d\u00e9placement de population, ne peuvent pas effacer l\u2019identit\u00e9 du peuple Palestinien, ni la lui d\u00e9nier. Un(e) Palestinien(e) ne perdra pas son identit\u00e9 ni ses droits nationaux en acqu\u00e9rant une deuxi\u00e8me nationalit\u00e9.<\/p>\n<p><strong>6.<\/strong>\u00a0Le peuple palestinien est un seul peuple. Il est compos\u00e9 de tous les Palestiniens, qu\u2019ils vivent en Palestine ou ailleurs, ind\u00e9pendamment de leur religion, leur culture ou leur affiliation politique.<\/p>\n<p><strong>L\u2019Islam et la Palestine<\/strong><\/p>\n<p><strong>7.<\/strong>\u00a0La Palestine est au c\u0153ur de la Oummah arabe et islamique et elle jouit d\u2019un statut sp\u00e9cial. En Palestine, se trouve J\u00e9rusalem qui est b\u00e9nie par Allah. La Palestine est la Terre Sainte, qu\u2019Allah a b\u00e9nie pour l\u2019humanit\u00e9. C\u2019est le premier Qiblah des musulmans et la destination du voyage de nuit du Proph\u00e8te Mouhammad, que la paix soit avec lui\u00a0! C\u2019est l\u00e0 qu\u2019il est mont\u00e9 au ciel. C\u2019est le lieu de naissance de J\u00e9sus-Christ, la paix soit avec lui\u00a0! Son sol contient les ossements de milliers de Proph\u00e8tes, de Compagnons et de Moujahidins. J\u00e9rusalem \u2013 et alentour \u2013 est un lieu o\u00f9 vivent et ont v\u00e9cu des personnes d\u00e9termin\u00e9es \u00e0 d\u00e9fendre la v\u00e9rit\u00e9, des personnes qui ne se laissent pas dissuader ou intimider par ceux qui s\u2019opposent \u00e0 eux ou qui les trahissent, des personnes qui poursuivront leur mission jusqu\u2019\u00e0 ce que la promesse d\u2019Allah soit accomplie.<\/p>\n<p><strong>8.<\/strong>\u00a0En vertu de sa voie \u00e9quilibr\u00e9e et mod\u00e9r\u00e9e du juste milieu, l\u2019Islam \u2013 pour le Hamas \u2013 offre un mode de vie complet et un ordre qui conviennent \u00e0 toutes les \u00e9poques et tous les lieux. L\u2019Islam est une religion de paix et de tol\u00e9rance. Il prot\u00e8ge les adeptes des autres croyances et religions qui peuvent pratiquer leur foi en toute s\u00e9curit\u00e9. Le Hamas croit \u00e9galement que la Palestine a toujours \u00e9t\u00e9 et sera toujours un mod\u00e8le de coexistence, de tol\u00e9rance et d\u2019innovation culturelle.<\/p>\n<p><strong>9.<\/strong>\u00a0Le Hamas croit que le message de l\u2019Islam pr\u00f4ne des valeurs de v\u00e9rit\u00e9, justice, libert\u00e9 et dignit\u00e9, interdit toutes les formes d\u2019injustice et criminalise les oppresseurs ind\u00e9pendamment de leur religion, race, sexe ou nationalit\u00e9. L\u2019islam est contre toute forme d\u2019extr\u00e9misme religieux, ethnique ou sectaire et de fanatisme. C\u2019est une religion qui pr\u00f4ne la r\u00e9sistance \u00e0 l\u2019agression et le soutien des opprim\u00e9s; elle les encourage \u00e0 la g\u00e9n\u00e9rosit\u00e9 et \u00e0 se sacrifier pour d\u00e9fendre leur dignit\u00e9, leur terre, leur peuple et leurs lieux saints.<\/p>\n<p><strong>J\u00e9rusalem<\/strong><\/p>\n<p><strong>10.<\/strong>\u00a0J\u00e9rusalem est la capitale de la Palestine. Son statut religieux, historique et culturel est fondamental pour les Arabes, les Musulmans et le monde entier. Ses lieux saints islamiques et chr\u00e9tiens appartiennent exclusivement au peuple palestinien et \u00e0 la Oummah arabe et islamique. Aucune pierre de J\u00e9rusalem ne peut \u00eatre c\u00e9d\u00e9e ou abandonn\u00e9e. Les mesures prises par les occupants de J\u00e9rusalem, comme la juda\u00efsation, la construction de colonies et les faits-accomplis, sont fondamentalement nulles et non avenues.<\/p>\n<p><strong>11.<\/strong>\u00a0La sainte mosqu\u00e9e Al-Aqsa appartient exclusivement \u00e0 notre peuple et \u00e0 notre Oummah, et l\u2019occupation n\u2019a aucun droit sur elle. Les projets, mesures et tentatives de l\u2019occupation pour juda\u00efser Al-Aqsa et la diviser sont nuls, non avenus et ill\u00e9gitimes.<\/p>\n<p><strong>Les r\u00e9fugi\u00e9s et le droit au retour<\/strong><\/p>\n<p><strong>12.<\/strong>\u00a0La Cause palestinienne dans son essence est la Cause d\u2019un pays occup\u00e9 et d\u2019un peuple chass\u00e9 de sa terre. Le droit des r\u00e9fugi\u00e9s palestiniens et des Palestiniens d\u00e9plac\u00e9s \u00e0 l\u2018int\u00e9rieur du pays de revenir dans les maisons dont ils ont \u00e9t\u00e9 chass\u00e9s \u2013 ou o\u00f9 on les emp\u00eache de revenir \u2013 dans les terres occup\u00e9es soit depuis 1948, soit depuis 1967 (c\u2019est-\u00e0-dire dans la Palestine toute enti\u00e8re), est un droit naturel \u00e0 la fois individuel et collectif. Ce droit est confirm\u00e9 par toutes les lois divines, ainsi que par les principes fondamentaux des droits de l\u2019homme et du droit international. C\u2019est un droit inali\u00e9nable dont personne ne peut faire fi, qu\u2019il soit palestinien, arabe ou international.<\/p>\n<p><strong>13.<\/strong>\u00a0Le Hamas rejette toutes les tentatives visant \u00e0 abolir les droits des r\u00e9fugi\u00e9s, y compris les tentatives de les installer en dehors de la Palestine \u00e0 travers les projets de patrie alternative. L\u2019indemnisation des r\u00e9fugi\u00e9s palestiniens pour le pr\u00e9judice qu\u2019ils ont subi du fait de leur bannissement et de l\u2019occupation de leur terre est un droit aussi absolu que leur droit au retour. Ils doivent recevoir une compensation lors de leur retour et cela n\u2019exclut, ni ne restreint, leur droit au retour.<\/p>\n<p><strong>Le projet sioniste<\/strong><\/p>\n<p><strong>14.<\/strong>\u00a0Le projet sioniste est un projet raciste, agressif, colonial et expansionniste bas\u00e9 sur l\u2019appropriation violente de ce qui appartient \u00e0 d\u2019autres; c\u2019est un projet hostile au peuple palestinien et \u00e0 son aspiration \u00e0 la libert\u00e9, \u00e0 l\u2019\u00e9mancipation; un projet hostile au retour des Palestiniens sur leur terre et \u00e0 leur autod\u00e9termination. L\u2019entit\u00e9 isra\u00e9lienne est le terrain d\u2019exp\u00e9rimentation du violent projet sioniste et sa base op\u00e9rationnelle.<\/p>\n<p><strong>15.<\/strong>\u00a0Le projet sioniste ne vise pas uniquement le peuple palestinien; c\u2019est l\u2019ennemi de la Oummah arabe et islamique dont il menace gravement la s\u00e9curit\u00e9 et les int\u00e9r\u00eats. Il est \u00e9galement hostile aux aspirations de la Oummah, \u00e0 son unit\u00e9, \u00e0 sa renaissance et \u00e0 sa lib\u00e9ration, et a \u00e9t\u00e9 la principale source de ses probl\u00e8mes. Le projet sioniste repr\u00e9sente \u00e9galement un grand danger pour la s\u00e9curit\u00e9 et la paix internationales et la stabilit\u00e9 de l\u2019humanit\u00e9 toute enti\u00e8re.<\/p>\n<p><strong>16.<\/strong>\u00a0Le Hamas affirme qu\u2019il s\u2019oppose au projet sioniste, et non pas aux Juifs en raison de leur religion. Le Hamas ne lutte pas contre les Juifs parce qu\u2019ils sont juifs, mais il m\u00e8ne la lutte contre les sionistes qui occupent la Palestine. En r\u00e9alit\u00e9, ce sont les sionistes qui assimilent constamment le juda\u00efsme et les Juifs \u00e0 leur projet colonial et \u00e0 leur entit\u00e9 ill\u00e9gale.<\/p>\n<p><strong>17.<\/strong>\u00a0Le Hamas rejette la pers\u00e9cution de tout \u00eatre humain ou mise en cause de ses droits nationaux, religieux ou communautaires. Le Hamas estime que le probl\u00e8me juif, l\u2019antis\u00e9mitisme et la pers\u00e9cution des Juifs sont des ph\u00e9nom\u00e8nes fondamentalement li\u00e9s \u00e0 l\u2019histoire europ\u00e9enne et non \u00e0 l\u2019histoire des Arabes et des Musulmans ou \u00e0 leur h\u00e9ritage. Le mouvement sioniste, qui a pu avec l\u2019aide des pouvoirs occidentaux occuper la Palestine, est la forme la plus dangereuse de l\u2019occupation colonialiste qui a d\u00e9j\u00e0 disparu du reste du monde et doit dispara\u00eetre de la Palestine.<\/p>\n<p><strong>La position par rapport \u00e0 l\u2019Occupation et les solutions politiques<\/strong><\/p>\n<p><strong>18.<\/strong>\u00a0Les \u00e9l\u00e9ments suivants sont consid\u00e9r\u00e9s comme nuls et non avenus : la D\u00e9claration de Balfour, le document du mandat britannique, la r\u00e9solution des Nations Unies sur la partition de la Palestine, et toutes les r\u00e9solutions et les mesures qui en d\u00e9coulent ou s\u2019y apparentent. La cr\u00e9ation d&rsquo;\u201dIsra\u00ebl\u201d est enti\u00e8rement ill\u00e9gale et contrevient aux droits inali\u00e9nables du peuple palestinien et va contre sa volont\u00e9 et la volont\u00e9 de la Oummah; elle viole \u00e9galement les Droits de l\u2019homme garantis par les conventions internationales, avec en premi\u00e8re place le droit \u00e0 l\u2019autod\u00e9termination.<\/p>\n<p><strong>19.<\/strong>\u00a0Il n\u2019y aura aucune reconnaissance d\u2019une l\u00e9gitimit\u00e9 de l\u2019entit\u00e9 sioniste. Quelle que soit l\u2019ampleur de l\u2019occupation de la terre de Palestine, sont ill\u00e9gitimes la construction de colonies, la juda\u00efsation ou la modification de ses caract\u00e9ristiques ou falsification des faits. Jamais les droits ne disparaissent.<\/p>\n<p><strong>20.\u00a0<\/strong>Le Hamas estime qu\u2019aucune partie de la terre de Palestine ne devra faire l\u2019objet de compromis ou de concessions, ind\u00e9pendamment des raisons, des circonstances et des pressions, et peu importe la dur\u00e9e de l\u2019occupation. Le Hamas rejette toute alternative \u00e0 la lib\u00e9ration compl\u00e8te et achev\u00e9e de la Palestine, du fleuve \u00e0 la mer. Cependant, sans revenir sur son rejet de l\u2019entit\u00e9 sioniste et sans renoncer \u00e0 aucun droit palestinien, le Hamas consid\u00e8re la cr\u00e9ation d\u2019un \u00c9tat palestinien enti\u00e8rement souverain et ind\u00e9pendant, avec J\u00e9rusalem comme capitale, selon les limites du 4 juin 1967, avec le retour des r\u00e9fugi\u00e9s et des d\u00e9plac\u00e9s vers les maisons d\u2019o\u00f9 ils ont \u00e9t\u00e9 expuls\u00e9s, comme une formule de consensus national.<\/p>\n<p><strong>21.<\/strong>\u00a0Le Hamas affirme que les Accords d\u2019Oslo et leurs additifs contreviennent au droit international en ce sens qu\u2019ils g\u00e9n\u00e8rent des engagements qui violent les droits inali\u00e9nables du peuple palestinien. Par cons\u00e9quent, le Mouvement rejette ces accords et tout ce qui en d\u00e9coule, avec parmi eux les obligations qui nuisent aux int\u00e9r\u00eats de notre peuple, en particulier la coordination s\u00e9curitaire (collaboration).<\/p>\n<p><strong>22.<\/strong>\u00a0Le Hamas rejette tous les accords, initiatives et projets de r\u00e8glement qui visent \u00e0 saper la cause palestinienne et les droits de notre peuple palestinien. \u00c0 cet \u00e9gard, toute position, initiative ou programme politique ne doit en aucun cas violer ces droits, y contrevenir ou les contredire.<\/p>\n<p><strong>23.<\/strong>\u00a0Le Hamas souligne que le viol des droits du peuple palestinien, le vol de ses terres et son bannissement de sa patrie ne peut pas \u00eatre appel\u00e9 paix. Les r\u00e8glements conclus sur cette base ne conduiront pas \u00e0 la paix. La r\u00e9sistance et le djihad pour la lib\u00e9ration de la Palestine resteront un droit l\u00e9gitime, un devoir et un honneur pour tous les fils et les filles de notre peuple et de notre Oummah.<\/p>\n<p><strong>R\u00e9sistance et Lib\u00e9ration<\/strong><\/p>\n<p><strong>24.\u00a0<\/strong>La lib\u00e9ration de la Palestine est le devoir du peuple palestinien en particulier et le devoir de la Oummah arabe et islamique en g\u00e9n\u00e9ral. C\u2019est aussi une obligation humanitaire telle que requise par les imp\u00e9ratifs de la v\u00e9rit\u00e9 et de la justice. Les agences travaillant pour la Palestine, qu\u2019elles soient nationales, arabes, islamiques ou humanitaires, se compl\u00e8tent et agissent en harmonie, et non pas en conflit les unes avec les autres.<\/p>\n<p><strong>25.\u00a0<\/strong>R\u00e9sister \u00e0 l\u2019occupation avec tous les moyens et m\u00e9thodes est un droit l\u00e9gitime garanti par les lois divines et par les normes et lois internationales. Au c\u0153ur de cela se trouve la r\u00e9sistance arm\u00e9e, qui est consid\u00e9r\u00e9e comme le<br \/>\nchoix strat\u00e9gique pour la protection des principes et des droits du peuple palestinien.<\/p>\n<p><strong>26.<\/strong>\u00a0Le Hamas rejette toute tentative de saper la r\u00e9sistance et ses armes. Il affirme \u00e9galement le droit de notre peuple de d\u00e9velopper les moyens et outils de r\u00e9sistance. G\u00e9rer la r\u00e9sistance, en termes d\u2019escalade ou d\u00e9sescalade, ou en termes de diversification des moyens et des m\u00e9thodes, fait partie int\u00e9grante du processus de gestion du conflit et ne devrait pas se faire au d\u00e9triment du principe de r\u00e9sistance.<\/p>\n<p><strong>Le syst\u00e8me politique palestinien<\/strong><\/p>\n<p><strong>27.\u00a0<\/strong>Un v\u00e9ritable \u00c9tat palestinien est un \u00c9tat qui a \u00e9t\u00e9 lib\u00e9r\u00e9. Il n\u2019y a pas d\u2019alternative \u00e0 un \u00c9tat palestinien totalement souverain sur l\u2019ensemble du territoire national et du sol palestinien, avec J\u00e9rusalem comme capitale.<\/p>\n<p><strong>28.\u00a0<\/strong>Le Hamas croit et adh\u00e8re \u00e0 la gestion de ses relations palestiniennes sur la base du pluralisme, de la d\u00e9mocratie, du partenariat national, de l\u2019acceptation de l\u2019autre et du dialogue. L\u2019objectif est de renforcer l\u2019unit\u00e9 des rangs et l\u2019action commune dans le but d\u2019atteindre les objectifs nationaux et de r\u00e9pondre aux aspirations du peuple palestinien.<\/p>\n<p><strong>29.\u00a0<\/strong>L\u2019OLP [Organisation de Lib\u00e9ration de la Palestine] est un cadre national pour le peuple palestinien \u00e0 l\u2019int\u00e9rieur et \u00e0 l\u2019ext\u00e9rieur de la Palestine. Elle devrait donc \u00eatre pr\u00e9serv\u00e9e, d\u00e9velopp\u00e9e et reconstruite sur des bases d\u00e9mocratiques afin d\u2019assurer la participation de toutes les composantes et forces du peuple palestinien, d\u2019une mani\u00e8re qui garantisse les droits des Palestiniens.<\/p>\n<p><strong>30.\u00a0<\/strong>Le Hamas souligne la n\u00e9cessit\u00e9 de construire des institutions nationales palestiniennes sur des principes d\u00e9mocratiques solides, avec tout d\u2019abord des \u00e9lections libres et \u00e9quitables. Une telle proc\u00e9dure devrait \u00eatre fond\u00e9e sur un<br \/>\npartenariat national et selon un programme et une strat\u00e9gie clairs qui respectent les droits, y compris le droit \u00e0 la r\u00e9sistance, et qui r\u00e9pondent aux aspirations du peuple palestinien.<\/p>\n<p><strong>31.\u00a0<\/strong>Le Hamas affirme que le r\u00f4le de l\u2019Autorit\u00e9 palestinienne devrait \u00eatre de servir le peuple palestinien et prot\u00e9ger sa s\u00e9curit\u00e9, ses droits et son projet national.<\/p>\n<p><strong>32.\u00a0<\/strong>Le Hamas souligne la n\u00e9cessit\u00e9 de maintenir l\u2019ind\u00e9pendance de la prise de d\u00e9cision nationale palestinienne. Les forces ext\u00e9rieures ne devraient pas \u00eatre autoris\u00e9es \u00e0 intervenir. Dans le m\u00eame temps, le Hamas affirme la responsabilit\u00e9 des Arabes et des Musulmans et leur devoir et r\u00f4le dans la lib\u00e9ration de la Palestine de l\u2019occupation sioniste.<\/p>\n<p><strong>33.\u00a0<\/strong>La soci\u00e9t\u00e9 palestinienne est enrichie par ses personnes \u00e9minentes, ses personnalit\u00e9s, ses dignitaires, ses institutions de la soci\u00e9t\u00e9 civile et ses jeunes, \u00e9tudiants, syndicalistes et groupes de femmes qui travaillent ensemble pour la r\u00e9alisation des droits nationaux et la construction sociale, poursuivent la r\u00e9sistance et la lutte pour la lib\u00e9ration.<\/p>\n<p><strong>34.\u00a0<\/strong>Le r\u00f4le des femmes palestiniennes est fondamental dans le processus de construction du pr\u00e9sent et du futur, tout comme il l\u2019a toujours \u00e9t\u00e9 dans le processus historique palestinien. C\u2019est un r\u00f4le central dans le projet de la r\u00e9sistance, de la lib\u00e9ration et de la construction du syst\u00e8me politique.<\/p>\n<p><strong>La Oummah arabe et islamique<\/strong><\/p>\n<p><strong>35.\u00a0<\/strong>Le Hamas croit que la question palestinienne est la cause centrale de la Oummah arabe et islamique.<\/p>\n<p><strong>36.\u00a0<\/strong>Le Hamas croit en l\u2019unit\u00e9 de la Oummah avec toute sa diversit\u00e9 et ses composantes, et est conscient de la n\u00e9cessit\u00e9 d\u2019\u00e9viter tout ce qui pourrait fragmenter la Oummah et saper son unit\u00e9.<\/p>\n<p><strong>37.\u00a0<\/strong>Le Hamas croit en la coop\u00e9ration avec tous les \u00c9tats qui soutiennent les droits du peuple palestinien. Il s\u2019oppose \u00e0 l\u2019intervention dans les affaires int\u00e9rieures de n\u2019importe quel pays. Il refuse \u00e9galement d\u2019\u00eatre attir\u00e9 dans des disputes et conflits qui existent entre diff\u00e9rents pays. Le Hamas adopte la politique de l\u2019ouverture aux diff\u00e9rents \u00c9tats du monde, en particulier les \u00c9tats arabes et islamiques. Il s\u2019efforce d\u2019\u00e9tablir des relations \u00e9quilibr\u00e9es sur la base d\u2019une combinaison d\u2019une part des exigences de la cause palestinienne et des int\u00e9r\u00eats des Palestiniens, et d\u2019autre part des int\u00e9r\u00eats de la Oummah, de sa renaissance et de sa s\u00e9curit\u00e9.<\/p>\n<p><strong>L\u2019aspect humanitaire et international<\/strong><\/p>\n<p><strong>38.\u00a0<\/strong>La question palestinienne est celle qui a des r\u00e9percussions humanitaires et dimensions internationales majeures. Soutenir et appuyer cette Cause est une n\u00e9cessit\u00e9 humanitaire et civilisationnelle et une question de v\u00e9rit\u00e9, justice et respect des valeurs humanitaires communes<\/p>\n<p><strong>39.\u00a0<\/strong>D\u2019un point de vue juridique et humanitaire, la lib\u00e9ration de la Palestine est une action l\u00e9gitime, c\u2019est un acte de l\u00e9gitime d\u00e9fense et l\u2019expression du droit naturel de tous les peuples \u00e0 l\u2019autod\u00e9termination.<\/p>\n<p><strong>40.\u00a0<\/strong>Dans ses relations avec les nations et les peuples du monde, le Hamas croit en les valeurs de la coop\u00e9ration, de la justice, de la libert\u00e9 et du respect de la volont\u00e9 des peuples.<\/p>\n<p><strong>41.\u00a0<\/strong>Le Hamas se f\u00e9licite des positions des \u00c9tats, des organisations et des institutions qui soutiennent les droits du peuple palestinien. Il salue les peuples libres du monde qui soutiennent la cause palestinienne. Dans le m\u00eame<br \/>\ntemps, il d\u00e9nonce le soutien accord\u00e9 par toute partie \u00e0 l\u2019entit\u00e9 sioniste ou les tentatives de couvrir ses crimes et agressions contre les Palestiniens, et il appelle \u00e0 la poursuite des criminels de guerre sionistes.<\/p>\n<p><strong>42.\u00a0<\/strong>Le Hamas rejette les tentatives d\u2019imposer une h\u00e9g\u00e9monie sur la Oummah arabe et islamique, tout comme il rejette les tentatives d\u2019imposer une h\u00e9g\u00e9monie sur le reste des nations et des peuples du monde. Le Hamas condamne \u00e9galement toute forme de colonialisme, d\u2019occupation, de discrimination, d\u2019oppression et d\u2019agression dans le monde.<\/p>\n<header class=\"page-header\">\n<h3>Auteur :\u00a0<a title=\"Afficher tous les articles pour Hamas\" href=\"https:\/\/www.chroniquepalestine.com\/writers\/hamas\">Hamas<\/a><\/h3>\n<div class=\"entry-content\">\n<p><img decoding=\"async\" class=\"alignleft size-full wp-image-25355\" src=\"https:\/\/www.chroniquepalestine.com\/wp-content\/uploads\/2021\/11\/99-5.jpg\" alt=\"\" width=\"140\" height=\"117\" \/>* Le mouvement\u00a0<strong>Hamas<\/strong>\u00a0(mouvement de la r\u00e9sistance islamique) est une organisation politique palestinienne issue historiquement de la mouvance de l&rsquo;islam politique (mouvement des Fr\u00e8res musulmans) et il est officiellement n\u00e9 en 1987 dans le contexte de la Premi\u00e8re Intifada palestinienne.<br \/>\nApr\u00e8s avoir remport\u00e9 (sous surveillance internationale) les \u00e9lections l\u00e9gislatives palestiniennes de 2006, ce mouvement s&rsquo;est retrouv\u00e9 confront\u00e9 \u00e0 une r\u00e9pression renouvel\u00e9e de la part de l&rsquo;occupant isra\u00e9lien comme de nombreux gouvernements \u00e9trangers, qui ont refus\u00e9 d&rsquo;avaliser le r\u00e9sultat des \u00e9lections.<br \/>\nA ce jour le Hamas administre la bande de Gaza, confront\u00e9e \u00e0 un blocus de pr\u00e8s de deux d\u00e9cennies, et il repr\u00e9sente le courant le plus important dans l\u2019opinion publique palestinienne.<br \/>\nSon\u00a0<a href=\"https:\/\/hamas.ps\/\">site Web<\/a>.<\/p>\n<\/div>\n<\/header>\n<p><em>Mai 2017 \u2013\u00a0<a href=\"http:\/\/hamas.ps\/ar\/uploads\/documents\/06c77206ce934064ab5a901fa8bfef44.pdf\" rel=\"noopener\">Hamas.ps<\/a>\u00a0\u2013 Traduction :\u00a0<a href=\"http:\/\/www.chroniquepalestine.com\/charte-mouvement-hamas-version-francaise\">Chronique de Palestine<\/a>\u00a0\u2013 Dominique Muselet &amp; Lotfallah<\/em><\/p>\n<header class=\"entry-header clearfix\">\n<h4 class=\"entry-title\" style=\"text-align: center;\">Histoire de la politique \u00e9trang\u00e8re du Hamas \u2013 \u00e9dition fran\u00e7aise<\/h4>\n<\/header>\n<div class=\"entry-content clearfix\">\n<figure class=\"entry-thumbnail\"><img decoding=\"async\" title=\"\" src=\"https:\/\/www.chroniquepalestine.com\/wp-content\/uploads\/2023\/06\/01-678x455.jpg\" alt=\"\" \/><\/figure>\n<div class=\"mh-social-top\">\n<div class=\"mh-share-buttons clearfix\"><\/div>\n<\/div>\n<p><strong>Par\u00a0<a title=\"Afficher tous les articles pour Christophe Oberlin\" href=\"https:\/\/www.chroniquepalestine.com\/writers\/christophe-oberlin\">Christophe Oberlin<\/a><\/strong><\/p>\n<p><em>Mouvement de lib\u00e9ration nationale cr\u00e9\u00e9 en 1987, puis transform\u00e9 en parti politique, vainqueur des \u00e9lections l\u00e9gislatives palestiniennes de 2006, le Hamas s\u2019impose aujourd\u2019hui comme l\u2019une des principales forces politiques palestiniennes.<\/em><\/p>\n<p>M\u00e9connu, critiqu\u00e9, caricatur\u00e9 \u00e0 l\u2019extr\u00eame dans les pays occidentaux, le mouvement a compris tr\u00e8s t\u00f4t que la reconnaissance de sa l\u00e9gitimit\u00e9 et de sa cr\u00e9dibilit\u00e9 passait par une acceptation de la part de la communaut\u00e9 internationale.<\/p>\n<p>Ce livre, le plus complet \u00e0 ce jour, \u00e9value les principes fondateurs du mouvement dans l\u2019\u00e9tablissement de ses relations internationales. Il d\u00e9crit son \u00e9volution, succ\u00e8s et \u00e9checs, ainsi que l\u2019impact global de sa politique ext\u00e9rieure sur le mouvement national palestinien. Un texte de r\u00e9f\u00e9rence pour les universitaires, responsables politiques, et aussi tout lecteur portant attention au peuple palestinien.<\/p>\n<blockquote><p>\u00ab Ce livre d\u00e9monte avec brio les repr\u00e9sentations biais\u00e9es du Hamas dans les pays occidentaux. Une lecture \u00e9clairante pour quiconque recherche une pr\u00e9sentation honn\u00eate de cet important mouvement palestinien. \u00bb\u00a0<a href=\"https:\/\/www.chroniquepalestine.com\/writers\/ilan-pappe\">Ilan Pappe<\/a>, College of Social Sciences &amp; International Studies, Universit\u00e9 d\u2019Exeter<\/p><\/blockquote>\n<h3>Pr\u00e9face<\/h3>\n<p>Pour beaucoup, le Hamas est un groupement palestinien politico- religieux class\u00e9 sur la liste des organisations terroristes. Ceux qui en savent davantage se souviennent confus\u00e9ment d\u2019\u00e9lections palestiniennes anciennes suivies d\u2019une sorte de coup d\u2019Etat divisant les \u00ab\u00a0territoires palestiniens\u00a0\u00bb\u00a0en deux\u00a0: la Cisjordanie dirig\u00e9e \u00ab\u00a0l\u00e9galement\u00a0\u00bb par l\u2019Autorit\u00e9 Palestinienne, et la Bande de Gaza \u00ab\u00a0dirig\u00e9e d\u2019une main de fer par le mouvement islamiste\u00a0\u00bb.<\/p>\n<p>&nbsp;<\/p>\n<p><center><iframe title=\"Histoire de la politique \u00e9trang\u00e8re du Hamas\" src=\"https:\/\/www.youtube.com\/embed\/wjonEna5-Ig\" width=\"700\" height=\"381\" frameborder=\"0\" allowfullscreen=\"allowfullscreen\" data-mce-fragment=\"1\"><\/iframe><\/center>&nbsp;<\/p>\n<p>Cette derni\u00e8re formule \u00e9tant m\u00eame retrouv\u00e9e dans certains travaux de recherche en Sciences Politiques.<\/p>\n<p>Peu savent que le Hamas, tout en d\u00e9veloppant une strat\u00e9gie de participation aux processus \u00e9lectoraux selon le m\u00eame sch\u00e9ma que celui des d\u00e9mocraties lib\u00e9rales occidentales, a cherch\u00e9 d\u00e8s sa cr\u00e9ation en 1987 et jusqu\u2019aujourd\u2019hui \u00e0 d\u00e9velopper un r\u00e9seau de relations internationales. Le livre de Daud Abdullah intitul\u00e9 \u00ab The Making of Hamas\u2019s foreign policy \u00bb [1] , riche de pr\u00e8s de 600 r\u00e9f\u00e9rences bibliographiques, et appuy\u00e9 sur une s\u00e9rie impressionnante de r\u00e9cits par les acteurs eux-m\u00eames du mouvement, d\u00e9montre la constance et la coh\u00e9rence de cette politique \u00e9trang\u00e8res.<\/p>\n<p>Point de \u00ab\u00a0tournant \u00e0 180\u00b0\u00a0\u00bb, mais une adaptation r\u00e9aliste aux \u00e9v\u00e9nements intercurrents. Comme l\u2019impact de l\u2019occupation du Kowe\u00eft par l\u2019Irak de Saddam Hussein alors que le Hamas \u2212 qui s\u2019en souvient \u2212 et \u00e0 l\u2019inverse d\u2019Arafat, condamna l\u2019invasion\u00a0; la d\u00e9portation \u00e0 Marj el Zohour au Liban qui, loin d\u2019\u00e9touffer le mouvement, lui permis d\u2019acc\u00e9der \u00e0 la notori\u00e9t\u00e9 internationale.<\/p>\n<p>Des r\u00e9cits s\u00e9par\u00e9s particuli\u00e8rement int\u00e9ressants sont consacr\u00e9s aux rapports du Hamas avec des pays comme la Chine, la Russie, l\u2019Afrique du Sud, l\u2019Inde ou le Br\u00e9sil. Des relations bas\u00e9es sur cinq principes\u00a0: ind\u00e9pendance, non ing\u00e9rance, consensus, \u00e9vitement des conflits, limitation de la r\u00e9sistance arm\u00e9e \u00e0 la Palestine du mandat britannique.<\/p>\n<p>Le livre de Daud Abdullah est certainement le plus solide des livres consacr\u00e9s \u00e0 la politique \u00e9trang\u00e8re du Hamas, en anglais comme en fran\u00e7ais. Mis \u00e0 part l\u2019ouvrage de Aude Signoles [2], concis et sans parti pris, mais d\u00e9j\u00e0 ancien, les autres livres ou articles longs publi\u00e9s en fran\u00e7ais restent marqu\u00e9s par l\u2019id\u00e9ologie. Des livres \u00e0 charge, utilisant un vocabulaire volontiers m\u00e9prisant \u00e0 l\u2019\u00e9gard d\u2019un mouvement qui repr\u00e9sente pourtant la moiti\u00e9 de l\u2019\u00e9lectorat palestinien. Un poids \u00e9lectoral qui inqui\u00e8te Isra\u00ebl et ses amis occidentaux.<\/p>\n<p>Il est regrettable que les publications fran\u00e7aises, sur lesquelles s\u2019appuient volontiers m\u00e9dias et d\u00e9cideurs politiques, restent marqu\u00e9es par certaines id\u00e9es pr\u00e9con\u00e7ues, et farouchement attach\u00e9es \u00e0 une vision restrictive et erron\u00e9e de la la\u00efcit\u00e9 \u00e0 la fran\u00e7aise.<\/p>\n<p>Daud Abdullah, par le s\u00e9rieux de ses r\u00e9f\u00e9rences et analyses, pr\u00e9sente ici le r\u00e9sultat d\u2019un remarquable travail de chercheur, tout en estimant son sujet. Il va jusqu\u2019\u00e0 comparer le pragmatisme britannique\u2026 \u00e0 celui du Hamas\u00a0!<\/p>\n<p>On aimerait que la classe politique en tire le\u00e7on et cesse de prendre pour cible les soci\u00e9t\u00e9s musulmanes, y compris dans notre pays.<\/p>\n<h4>Notes :<\/h4>\n<p>[1] Daud Abdullah (2020)\u00a0<a href=\"https:\/\/www.middleeastmonitor.com\/20210313-engaging-the-world-the-making-of-hamass-foreign-policy-by-daud-abdullah\/\">Engaging the world \u2013 The Making of Hamas\u2019s Foreign Policy<\/a>, Afro-Middle East Centre (AMEC) PO Box 411494, Craighall 2024, Johannesburg, South Africa, 246 p<br \/>\n[2]\u00a0<a href=\"https:\/\/www.decitre.fr\/livres\/le-hamas-au-pouvoir-9782745923561.html\">Le Hamas au pouvoir, et apr\u00e8s\u00a0?<\/a>\u00a0Aude Signoles , Milan Actu 2006, 112 p<\/p>\n<p><em><a href=\"https:\/\/www.chroniquepalestine.com\/histoire-politique-etrangere-hamas-edition-francaise\">Histoire de la politique \u00e9trang\u00e8re du Hamas<\/a><br \/>\nDaud Abdallah<br \/>\nTraduit et pr\u00e9fac\u00e9 par\u00a0<a href=\"https:\/\/www.chroniquepalestine.com\/writers\/christophe-oberlin\">Christophe Oberlin<\/a><br \/>\nEditeur:\u00a0<a href=\"http:\/\/www.erickbonnier-editions.com\/\">Erick Bonnier<\/a><br \/>\nEAN: 978 236 760 2813<br \/>\nPrix: 22 euros<\/em><\/p>\n<header class=\"page-header\">\n<h3>Auteur :\u00a0<a title=\"Afficher tous les articles pour Christophe Oberlin\" href=\"https:\/\/www.chroniquepalestine.com\/writers\/christophe-oberlin\">Christophe Oberlin<\/a><\/h3>\n<div class=\"entry-content\">\n<p><img decoding=\"async\" class=\"alignleft size-full wp-image-15419\" src=\"https:\/\/www.chroniquepalestine.com\/wp-content\/uploads\/2020\/01\/01-13.jpg\" alt=\"\" width=\"110\" height=\"97\" \/>*\u00a0<strong>Christophe Oberlin<\/strong>\u00a0est Professeur des universit\u00e9s et chirurgien sp\u00e9cialis\u00e9 dans la microchirurgie et la chirurgie de la main. Il dirige r\u00e9guli\u00e8rement des missions chirurgicales en Palestine et particuli\u00e8rement dans la bande de Gaza o\u00f9 il a effectu\u00e9 de tr\u00e8s nombreux s\u00e9jours.<br \/>\nIl a \u00e9crit plusieurs ouvrages dont \u00ab\u00a0<a href=\"http:\/\/www.chroniquepalestine.com\/chemin-de-cour-dirigeants-israeliens-devant-cour-penale-internationale\/\" target=\"_blank\" rel=\"noopener noreferrer\">Le chemin de la Cour \u2013 Les dirigeants isra\u00e9liens devant la Cour P\u00e9nale Internationale<\/a>\u00a0\u00bb et traduit de l&rsquo;anglais \u00ab\u00a0<a href=\"https:\/\/www.chroniquepalestine.com\/histoire-politique-etrangere-hamas-edition-francaise\/\">Histoire de la politique \u00e9trang\u00e8re du Hamas<\/a>\u00a0\u00bb.<\/p>\n<\/div>\n<\/header>\n<\/div>\n<\/div>\n<\/div>\n","protected":false},"excerpt":{"rendered":"<p>20 octobre 2023\u00a0 Par\u00a0Christophe Oberlin Pour les historiens la Palestine existe depuis plus de 3000 ans, pour les juristes l\u2019Etat moderne de Palestine depuis un si\u00e8cle. Avec des fronti\u00e8res reconnues, un syst\u00e8me judiciaire propre, des passeports palestiniens, des timbres et une monnaie palestinienne. Un Etat de Palestine qui passait des accords internationaux avec les pays &#8230; <a title=\"Le Hamas une organisation terroriste ? Voici ce que dit le droit\" class=\"read-more\" href=\"https:\/\/bruxelles-pantheres.be\/?p=5772\" aria-label=\"En savoir plus sur Le Hamas une organisation terroriste ? Voici ce que dit le droit\">Lire la suite<\/a><\/p>\n","protected":false},"author":1,"featured_media":5773,"comment_status":"open","ping_status":"open","sticky":false,"template":"","format":"standard","meta":{"footnotes":""},"categories":[21,4,6,18],"tags":[542,12,509,186,15],"class_list":["post-5772","post","type-post","status-publish","format-standard","has-post-thumbnail","hentry","category-anti-imperialisme","category-islamophobie","category-palestine-moyen-orient","category-resistance-bruxelles","tag-christophe-oberlin","tag-gaza","tag-hamas","tag-palestine","tag-resistance"],"_links":{"self":[{"href":"https:\/\/bruxelles-pantheres.be\/index.php?rest_route=\/wp\/v2\/posts\/5772","targetHints":{"allow":["GET"]}}],"collection":[{"href":"https:\/\/bruxelles-pantheres.be\/index.php?rest_route=\/wp\/v2\/posts"}],"about":[{"href":"https:\/\/bruxelles-pantheres.be\/index.php?rest_route=\/wp\/v2\/types\/post"}],"author":[{"embeddable":true,"href":"https:\/\/bruxelles-pantheres.be\/index.php?rest_route=\/wp\/v2\/users\/1"}],"replies":[{"embeddable":true,"href":"https:\/\/bruxelles-pantheres.be\/index.php?rest_route=%2Fwp%2Fv2%2Fcomments&post=5772"}],"version-history":[{"count":2,"href":"https:\/\/bruxelles-pantheres.be\/index.php?rest_route=\/wp\/v2\/posts\/5772\/revisions"}],"predecessor-version":[{"id":5775,"href":"https:\/\/bruxelles-pantheres.be\/index.php?rest_route=\/wp\/v2\/posts\/5772\/revisions\/5775"}],"wp:featuredmedia":[{"embeddable":true,"href":"https:\/\/bruxelles-pantheres.be\/index.php?rest_route=\/wp\/v2\/media\/5773"}],"wp:attachment":[{"href":"https:\/\/bruxelles-pantheres.be\/index.php?rest_route=%2Fwp%2Fv2%2Fmedia&parent=5772"}],"wp:term":[{"taxonomy":"category","embeddable":true,"href":"https:\/\/bruxelles-pantheres.be\/index.php?rest_route=%2Fwp%2Fv2%2Fcategories&post=5772"},{"taxonomy":"post_tag","embeddable":true,"href":"https:\/\/bruxelles-pantheres.be\/index.php?rest_route=%2Fwp%2Fv2%2Ftags&post=5772"}],"curies":[{"name":"wp","href":"https:\/\/api.w.org\/{rel}","templated":true}]}}