{"id":5776,"date":"2023-10-25T10:15:52","date_gmt":"2023-10-25T09:15:52","guid":{"rendered":"https:\/\/bruxelles-pantheres.be\/?p=5776"},"modified":"2023-10-25T11:08:56","modified_gmt":"2023-10-25T10:08:56","slug":"lettre-dabdelfattah-abusrour-du-camp-de-aida","status":"publish","type":"post","link":"https:\/\/bruxelles-pantheres.be\/?p=5776","title":{"rendered":"Lettre d\u2019Abdelfattah Abusrour, du camp de A\u00efda"},"content":{"rendered":"<header class=\"entry-header\">\n<div class=\"entry-meta clearfix\"><span class=\"byline\">\u00a0<\/span><span class=\"posted-on\"><time class=\"entry-date published\" datetime=\"2023-10-16T12:32:36+02:00\">16 octobre 2023<\/time><\/span><\/div>\n<div>\n<p>Chers amis,<br \/>\nJe tiens \u00e0 remercier tous ceux qui m\u2019ont contact\u00e9 par tous les moyens pour m\u2019assurer de leur solidarit\u00e9 et poser des questions sur nous, sur ma famille, ma communaut\u00e9 et mon peuple. Je suis infiniment reconnaissant envers ceux qui sont avec nous dans ces moments difficiles.<\/p>\n<p>Des journalistes des m\u00e9dias, des interviews t\u00e9l\u00e9vis\u00e9es viennent \u00e0 nous, nous pointent du doigt et posent cette question sans fin : condamnez-vous le terrorisme palestinien ? Condamnez-vous le Hamas ?<br \/>\nOccupons-nous donc de cela<\/p>\n<\/div>\n<\/header>\n<p><!--more--><\/p>\n<div class=\"entry-content\">\n<div class=\"post_image\"><img decoding=\"async\" class=\"alignright\" src=\"https:\/\/www.association-belgo-palestinienne.be\/wp-content\/uploads\/2023\/10\/lettre-1-326x235.jpeg\" alt=\"\" \/><\/div>\n<div class=\"post_content\">\n<p>Je me condamne moi-m\u00eame. Je condamne toute mon existence<br \/>\nJe condamne ma propre naissance dans un camp de r\u00e9fugi\u00e9s dans mon propre pays\u2026 Comment oserais-je \u00eatre un r\u00e9fugi\u00e9 qui vous accable de remettre en question votre humanit\u00e9 ?<br \/>\nJe condamne ma propre naissance parce que je suis Palestinien, alors que selon beaucoup la Palestine n\u2019existe pas<br \/>\nJe condamne mes parents, qui ont \u00e9t\u00e9 d\u00e9racin\u00e9s de leurs villages d\u00e9truits et m\u2019ont ramen\u00e9 \u00e0 la vie dans un camp de r\u00e9fugi\u00e9s<br \/>\nJe condamne ma propre vie, j\u2019ai grandi, j\u2019ai re\u00e7u une \u00e9ducation, j\u2019avais des espoirs et des r\u00eaves d\u2019\u00eatre un grand biologiste et chercheur qui sauvera des vies\u2026 \u00catre un peintre incroyable et un photographe merveilleux et un acteur fantastique et un \u00e9crivain talentueux qui inspirera le monde entier\u2026 Je ne suis pas vraiment devenu c\u00e9l\u00e8bre dans tout ce que j\u2019ai fait<br \/>\nJe me condamne moi-m\u00eame, pour avoir affirm\u00e9 et continu\u00e9 \u00e0 pr\u00e9tendre que je suis un \u00eatre humain, que je d\u00e9fends mon humanit\u00e9 et ma dignit\u00e9 et celles des autres\u2026 il semble que je ne sois qu\u2019un animal humain, ou m\u00eame moins\u2026 que je suis un extraterrestre qui s\u2019imagine qu\u2019il a sa place sur cette terre\u2026 Comment oserais-je m\u00eame penser que je suis un \u00eatre humain comme vous tous\u2026<\/p>\n<p>Je m\u2019accuse de croire que les droits de l\u2019homme et les valeurs nous incluent, nous les \u00e9trangers. Comment oserais-je penser que nous faisons partie de ces valeurs ?<\/p>\n<p>Je me condamne \u00e0 croire au droit international et aux r\u00e9solutions de l\u2019ONU et \u00e0 toutes ces d\u00e9clarations selon lesquelles : Les personnes sous occupation ont le droit l\u00e9gitime de r\u00e9sister par tous les moyens.<\/p>\n<p>Comment oserais-je consid\u00e9rer que nous sommes sous occupation, m\u00eame sous une entit\u00e9 ill\u00e9gale qui est pr\u00e9sent\u00e9e comme la seule d\u00e9mocratie du Moyen-Orient. Je te demande pardon<\/p>\n<p>Je m\u2019en veux de parler de cette occupation comme d\u2019une entit\u00e9. J\u2019ai lu que ce qui d\u00e9finit un \u00c9tat, c\u2019est d\u2019avoir : une Constitution, des fronti\u00e8res d\u00e9finies, et la nationalit\u00e9\u2026 Et puisque ce que vous appelez un \u00c9tat d\u2019ISRAEL. n\u2019a pas jusqu\u2019\u00e0 aujourd\u2019hui de constitution, de fronti\u00e8res d\u00e9finies, m\u00eame s\u2019ils ont vot\u00e9 la loi sur la nationalit\u00e9, que c\u2019est un pays r\u00e9serv\u00e9 aux Juifs\u2026 Mais apparemment, vous pouvez simplement vous revendiquer en tant qu\u2019\u00c9tat sans aucune de ces choses\u2026 Alors, s\u2019il vous pla\u00eet, pardonnez mon ignorance\u2026<br \/>\nQue puis-je dire\u2026 Je suis si ignorant<\/p>\n<p>Je croyais qu\u2019une victime de viol avait le droit de se d\u00e9fendre\u2026 mais il semble que je sois confus\u2026 Je ne comprenais pas qu\u2019il faille f\u00e9liciter le violeur et condamner la victime si elle ose r\u00e9sister\u2026 qu\u2019il\/elle devrait profiter du viol et en revendiquer davantage\u2026<\/p>\n<p>Je croyais qu\u2019il \u00e9tait naturel de se tenir aux c\u00f4t\u00e9s des opprim\u00e9s\u2026 Encore une fois, je suis plus confus parce que je ne devrais vraiment jamais m\u2019identifier \u00e0 d\u2019autres personnes opprim\u00e9es. Il n\u2019y a qu\u2019une seule entit\u00e9 opprim\u00e9e dans le monde et aucune autre.<br \/>\nJe devrais faire l\u2019\u00e9loge d\u2019Isra\u00ebl qui opprime les soi-disant Palestiniens\u2026 et leur apprendre qui ils sont et quelle est leur valeur aux yeux de la communaut\u00e9 internationale\u2026 Que leur vie vaut 0.<\/p>\n<p>Ainsi<br \/>\nMonde!<br \/>\nJe suis vraiment d\u00e9sol\u00e9<br \/>\nJe ne me suis pas rendu compte que j\u2019avais \u00e9t\u00e9 induit en erreur et mal inform\u00e9<br \/>\nDois-je m\u2019excuser ?<br \/>\nJe m\u2019excuse profond\u00e9ment<br \/>\nMonde!<br \/>\nJe m\u2019excuse aupr\u00e8s de vous tous<br \/>\nMes plus sinc\u00e8res excuses<br \/>\nMes parents m\u2019ont dit qu\u2019il fallait soutenir les opprim\u00e9s et emp\u00eacher les oppresseurs de continuer leur oppression<br \/>\nJe m\u2019excuse<br \/>\nOn m\u2019a dit que je devrais soutenir les m\u00e9chants Sud-Africains noirs contre le syst\u00e8me d\u2019apartheid blanc qui a \u00e9t\u00e9 con\u00e7u pour les humaniser<br \/>\nJe m\u2019excuse<br \/>\nOn m\u2019a dit de soutenir \u00e0 nouveau les indig\u00e8nes sauvages des Am\u00e9ricains, ces merveilleux cloneurs blancs qui sont venus les civiliser et les d\u00e9barrasser du fardeau de leurs terres et de leurs propri\u00e9t\u00e9s<br \/>\nOn m\u2019a dit de soutenir les aborig\u00e8nes attard\u00e9s d\u2019Australie par ces \u00e9tonnants colonisateurs britanniques blancs civilis\u00e9s qui sont venus les cultiver et leur donner une pause durable hors de l\u2019histoire<br \/>\nJe m\u2019excuse<br \/>\nOn m\u2019a dit de soutenir les terroristes vietnamiens contre les colonisateurs hautement civilis\u00e9s\u2026 Fran\u00e7ais ou Am\u00e9ricains qui savaient mieux exploiter les pays colonis\u00e9s et domestiquer leurs habitants<br \/>\nJe m\u2019excuse<br \/>\nOn m\u2019a dit de soutenir les Indiens en Inde, les Irlandais, les \u00c9cossais,<br \/>\nLes Sud-Am\u00e9ricains<br \/>\nLes Cubains<br \/>\nLes Espagnols et les Italiens contre les dictatures et les fascistes<br \/>\nLes Allemands et les Europ\u00e9ens contre les nazis<br \/>\nLes Arabes contre la colonisation britannique et fran\u00e7aise<br \/>\nLes Palestiniens contre l\u2019occupation britannique et sioniste<br \/>\nOn m\u2019a m\u00eame dit de soutenir les Ukrainiens contre les Russes\u2026<br \/>\nMes parents parlaient m\u00eame des pauvres Juifs mis\u00e9rables qui venaient en Palestine dans les ann\u00e9es 1900\u2026 et ils avaient piti\u00e9 d\u2019eux et les aidaient avec de la nourriture et d\u2019autres choses dans les premiers temps\u2026<\/p>\n<p>Je m\u2019excuse<br \/>\nOn m\u2019a dit de soutenir la r\u00e9sistance des opprim\u00e9s contre l\u2019oppresseur<br \/>\nJe ne connaissais pas le droit international et les droits de l\u2019homme<br \/>\nJe ne savais pas que tout cela \u00e9tait faux et que ce n\u2019\u00e9tait qu\u2019un mensonge qui convenait \u00e0 certains et pas \u00e0 d\u2019autres<\/p>\n<p>Donc<br \/>\nMonde<br \/>\nPermettez-moi de me condamner et de m\u2019excuser de plus en plus<\/p>\n<p>Je me condamne parce que je suis qui je suis<br \/>\nJe m\u2019excuse d\u2019\u00eatre Palestinien\u2026 Que je suis n\u00e9 dans un pays que mes parents appelaient la Palestine\u2026<br \/>\nJe m\u2019excuse d\u2019\u00eatre n\u00e9 dans un camp de r\u00e9fugi\u00e9s\u2026 dans mon propre pays et je ne pouvais pas oublier les villages de mes parents qui ont \u00e9t\u00e9 d\u00e9truits en octobre 1948<br \/>\nJe m\u2019excuse de ne pas avoir les cheveux blonds et les yeux bleus\u2026. M\u00eame si certains de mes cousins ont des yeux blonds et verts ou bleus<br \/>\nJe m\u2019excuse de m\u2019identifier toujours en tant que Palestinien malgr\u00e9 le fait qu\u2019on me refuse la plupart du temps cette nationalit\u00e9<br \/>\nJe m\u2019excuse d\u2019appeler toujours mon pays Palestine, m\u00eame s\u2019il a \u00e9t\u00e9 d\u00e9fragment\u00e9 en morceaux d\u00e9connect\u00e9s\u2026 et n\u2019arrive toujours pas \u00e0 oublier<br \/>\nJe m\u2019excuse de ne pas pouvoir oublier que je suis toujours r\u00e9fugi\u00e9 dans mon propre pays<br \/>\nQue je n\u2019ai pas jet\u00e9 cette vieille cl\u00e9 rouill\u00e9e pour la maison de mes parents dans leur village d\u00e9truit<br \/>\nJe condamne ma revendication obstin\u00e9e de mon droit de retourner dans les villages d\u00e9truits de mes parents<\/p>\n<p>Comment oserais-je faire \u00e7a ? Comment tous ces r\u00e9fugi\u00e9s palestiniens obstin\u00e9s osent-ils revendiquer ce droit au retour ? Nous sommes tellement aveugles que nous ne pouvons m\u00eame pas voir les faits sur le terrain, m\u00eame 75 ans apr\u00e8s la cr\u00e9ation de la seule d\u00e9mocratie du Moyen-Orient<\/p>\n<p>Je condamne mes parents qui m\u2019ont \u00e9lev\u00e9 en disant : \u00ab Si tu es consum\u00e9 par la haine, tu perds ton humanit\u00e9 ? Comment osent-ils ne pas m\u2019apprendre \u00e0 ha\u00efr ?<br \/>\nJe condamne tout acte de r\u00e9sistance contre l\u2019injustice, l\u2019oppression, l\u2019occupation ? Comment les opprim\u00e9s osent-ils d\u00e9fier l\u2019oppresseur ?<br \/>\nJe condamne toutes les victimes de viol \u00e0 r\u00e9sister au violeur. Ne pouvez-vous pas simplement ouvrir vos jambes et l\u2019accepter ? Comment osez-vous refuser les plaisirs du viol ?<br \/>\nJe condamne l\u2019assassinat de tous les syst\u00e8mes d\u2019\u00c9tat terroriste\u2026 Les oppresseurs devraient avoir carte blanche pour poursuivre leur oppression sans avoir \u00e0 rendre de comptes<\/p>\n<p>Je condamne ces Palestiniens et leurs partisans. Pourquoi ils ne peuvent tout simplement pas se taire et accepter que cette occupation ill\u00e9gale est la seule superpuissance de la r\u00e9gion et que c\u2019est un acte raciste de r\u00e9sister<br \/>\nJe m\u2019excuse vraiment pour vous tous de ne pas avoir pu coexister avec l\u2019oppression\u2026 et accepter que je jouisse de la torture, de l\u2019oppression et de l\u2019humiliation\u2026 Certaines personnes appr\u00e9cient cela\u2026 pourquoi ne le pourrais-je pas ?<br \/>\nJe m\u2019excuse de ne pas avoir accept\u00e9 l\u2019exil de mon fr\u00e8re, l\u2019emprisonnement de mes fr\u00e8res, cousins, neveux, voisins et tant d\u2019autres\u2026 Je ne savais pas que c\u2019\u00e9tait pour leur bien, et qu\u2019ils \u00e9taient mieux en prison ou en exil que d\u2019\u00eatre dehors sous le soleil\u2026<br \/>\nJe m\u2019excuse pour ma stupidit\u00e9 ? Je ne comprenais pas vos droits de l\u2019homme et le droit international. Je pensais que je faisais partie de toi et non un animal humain ? Je m\u2019excuse pour mon ignorance\u2026 Je ne comprends m\u00eame pas comment on peut \u00eatre un animal humain ? Je pensais qu\u2019il y avait des humains, et qu\u2019il y avait des animaux, m\u00eame si certains de ces animaux sont plus humains que les soi-disant humains ?<\/p>\n<p>Je m\u2019excuse, je suis vraiment confus\u2026.<\/p>\n<p>J\u2019ai vu comment vous soutenez ces r\u00e9sistances comme l\u2019Ukraine et encouragez ces combattants de la libert\u00e9\u2026 Et comme ces enfants qui ont \u00e9t\u00e9 entra\u00een\u00e9s \u00e0 r\u00e9sister aux Russes et qui pensaient que c\u2019\u00e9tait normal\u2026 Je suis vraiment stupide et je m\u2019excuse pour ma stupidit\u00e9\u2026 Je suppose que je devrais aussi condamner la r\u00e9sistance ukrainienne\u2026<br \/>\nJe vous le promets, je c\u00e9l\u00e9brerai l\u2019apartheid\u2026 Je c\u00e9l\u00e9brerai la violation des droits de l\u2019homme et des valeurs<br \/>\nJe ferai l\u2019\u00e9loge de tous les oppresseurs, de tous les occupants et de tous les dictateurs<br \/>\nJe devrais f\u00e9liciter tous les violeurs de continuer \u00e0 violer<br \/>\nJe devrais f\u00e9liciter tous les menteurs et manipulateurs pour leur distorsion des faits et de la v\u00e9rit\u00e9<\/p>\n<p>Je suis vraiment d\u00e9sol\u00e9 d\u2019avoir \u00e9chou\u00e9 tous ces \u00e9checs\u2026. Je suis vraiment d\u00e9sol\u00e9 de ne toujours pas comprendre comment coexister avec ces deux poids, deux mesures\u2026 Comment coexister avec l\u2019occupation, l\u2019oppression, la d\u00e9shumanisation et s\u2019en r\u00e9jouir ?<\/p>\n<p>Avez-vous une formation particuli\u00e8re ? Je suis heureux de me joindre \u00e0 nous\u2026. Ou peut-\u00eatre pouvez-vous vous joindre \u00e0 moi et porter ma peau et me montrer comment je peux \u00eatre le bon animal de compagnie que vous pouvez domestiquer ?<\/p>\n<p>Ou devrais-je simplement dire, non merci\u2026 Je passe<\/p>\n<p>Je ne pourrai jamais accepter vos dict\u00e9es et votre chantage<br \/>\nJe ne pourrai jamais, sauf que les opprim\u00e9s s\u2019habituent \u00e0 l\u2019oppression et coexistent avec les oppresseurs tant que l\u2019oppression continue<br \/>\nNous n\u2019oublierons pas\u2026 Nous nous souviendrons<br \/>\nNous n\u2019oublierons pas le silence, l\u2019hypocrisie, les dictats et le chantage<br \/>\nNous n\u2019oublierons pas ceux qui ont \u00e9lev\u00e9 la voix et d\u00e9fendu ce qui est juste et ce qui est juste<br \/>\nNous n\u2019oublierons rien<br \/>\nVous pouvez continuer \u00e0 pousser au d\u00e9sespoir et nous continuerons \u00e0 prosp\u00e9rer avec espoir<br \/>\nVous pouvez continuer \u00e0 promouvoir la mort\u2026 Nous continuerons \u00e0 promouvoir la vie<br \/>\nVous continuerez \u00e0 faire le pire\u2026 Nous continuerons \u00e0 faire de notre mieux<\/p>\n<p>Abdelfattah Abusrour,<br \/>\n14 octobre 2023<\/p>\n<p style=\"text-align: center;\"><b>Nombre de victimes palestiniennes et isra\u00e9liennes r\u00e9sultant de confrontations entre Palestiniens et Isra\u00e9liens <\/b><\/p>\n<p style=\"text-align: center;\"><strong>entre 2008 et 19 septembre 2023<\/strong><\/p>\n<p>&nbsp;<\/p>\n<\/div>\n<\/div>\n<p><img decoding=\"async\" class=\"aligncenter\" style=\"width: 100%; height: auto !important; max-width: 1000px; -ms-interpolation-mode: bicubic;\" src=\"https:\/\/fr.statista.com\/graphique\/1\/1328063\/nombre-victmes-palestiniens-israeliens-israel.jpg\" alt=\"Statistique: Nombre de victimes palestiniennes et isra\u00ebliennes r\u00e9sultant de confrontations entre Palestiniens et Isra\u00e9liens entre 2008 et 19 septembre 2023 | Statista\" \/><\/p>\n<header class=\"panel__header panel__header--statistic padding-bottom-0\">\n<div class=\"content__author margin-vertical-5 margin-bottom-s-10 content__author--mobile\"><span class=\"content__author--name\">Publi\u00e9 par\u00a0<a class=\"text-underline\" href=\"https:\/\/fr.statista.com\/a-propos\/notre-engagement-pour-la-recherche\">Statista Research Department<\/a>,\u00a0<\/span><span class=\"content__author--date\">19 oct. 2023<\/span><\/div>\n<\/header>\n<div class=\"statisticContent__text readingAid__wrapper\" data-readingaid-height=\"{&quot;mobile&quot;: 300, &quot;desktop&quot;: 150}\">\n<div id=\"readingAidText\" class=\"responsiveText responsiveText--underlinedLinks readingAid__text readingAid__text--expanded\" data-readingaid-text=\"\">\n<p>Ce graphique repr\u00e9sente le nombre de Palestiniens et d&rsquo;Isra\u00e9liens qui ont \u00e9t\u00e9 tu\u00e9s depuis 2008 dans le territoire palestinien occup\u00e9 (TPO) et en Isra\u00ebl dans le contexte de l&rsquo;occupation et du conflit. La violence avait atteint un niveau particuli\u00e8rement \u00e9lev\u00e9 en 2014 lorsqu&rsquo;Isra\u00ebl a men\u00e9 l&rsquo;<a href=\"https:\/\/fr.statista.com\/chart\/2463\/timeline-of-attacks-in-israel-and-gaza\/\" target=\"_blank\" rel=\"noopener\">op\u00e9ration \u00ab\u00a0Bordure protectrice\u00a0\u00bb \u00e0 Gaza<\/a>, en r\u00e9ponse \u00e0 l&rsquo;enl\u00e8vement et au meurtre de trois adolescents. L&rsquo;op\u00e9ration militaire avait dur\u00e9 sept semaines et fait plus de 2 300 morts, dont presqu&rsquo;une totalit\u00e9 de Gazaouis. Les chiffres s\u2019arr\u00eatant \u00e0 septembre 2023, il n\u2019est pas pris en compte dans ce graphique les victimes suites aux attentats du Hamas et aux attaques de l\u2019arm\u00e9e isra\u00e9lienne sur la bande de Gaza.<\/p>\n<h2>Retour sur les conflits entre l&rsquo;arm\u00e9e isra\u00e9lienne et le Hamas depuis 2008<\/h2>\n<p>Depuis 2007, date \u00e0 laquelle le Hamas, consid\u00e9r\u00e9 comme une organisation terroriste par l&rsquo;Union Europ\u00e9enne a pris le pouvoir de Gaza (territoire palestinien), les conflits se multiplient sur ce territoire entre le Hamas et l&rsquo;arm\u00e9e isra\u00eblienne. On comptait\u00a0<a href=\"https:\/\/stagingen.\/statistics\/313234\/number-of-killed-minors-and-womne-in-occupied-territories-on-the-gaza-strip\/\" target=\"_blank\" rel=\"noopener\">trois guerres en 2008-2009, 2012 et 2014<\/a>\u00a0jusqu\u2019aux \u00e9v\u00e9nements d\u2019octobre 2023. En 2021, le conflit reprend de son intensit\u00e9 : avec 350 morts c\u00f4t\u00e9 palestinien, le niveau de violence n&rsquo;avait jamais \u00e9t\u00e9 aussi \u00e9lev\u00e9 depuis 2014. Les tensions ont redoubl\u00e9 d&rsquo;intensit\u00e9 \u00e0 la suite de l&rsquo;ordre d&rsquo;expulsion des familles palestiniennes qui vivaient dans les quartiers de J\u00e9rusalem, lanc\u00e9 par Isra\u00ebl en mai 2021 alors qu&rsquo;elle avait annex\u00e9 cette partie du territoire. En juin 2021, un cessez-le-feu avait \u00e9tabli mais les conflits restent r\u00e9guliers depuis. Apr\u00e8s plusieurs ann\u00e9es, le conflit est remont\u00e9 fortement en intensit\u00e9 lors des attaques perp\u00e9tr\u00e9es aux abords de la bande de Gaza et fait craindre une guerre de grande ampleur dans la r\u00e9gion et de tr\u00e8s nombreuses victimes des deux c\u00f4t\u00e9s.<\/p>\n<h2>Pourquoi il y a t-il plus de morts c\u00f4t\u00e9 palestinien que c\u00f4t\u00e9 isra\u00e9lien depuis 2008 ?<\/h2>\n<p>Un des \u00e9l\u00e9ments de r\u00e9ponse repose sur le syst\u00e8me de\u00a0<a href=\"https:\/\/fr.statista.com\/chart\/17891\/rocket-and-military-attacks-in-israel-and-gaza\/\" target=\"_blank\" rel=\"noopener\">\u00ab\u00a0d\u00f4me de fer\u00a0\u00bb<\/a>\u00a0\u00e9labor\u00e9 par Isra\u00ebl afin d&rsquo;intercepter toutes les roquettes lanc\u00e9e par le Hamas depuis Gaza vers les territoires isra\u00e9liens, les emp\u00eachant ainsi d&rsquo;exploser au sol. Cependant, cette strat\u00e9gie a montr\u00e9 d\u2019importantes failles suites \u00e0 l\u2019incursion du Hamas le samedi 7 octobre 2023 o\u00f9 les forces arm\u00e9es du groupe terroriste a perp\u00e9tr\u00e9 plusieurs crimes contre l\u2019Humanit\u00e9 sur les populations des villes de Sd\u00e9rot et Ashkelon. Le dispositf du d\u00f4me de fer \u00e9tait pourtantannonc\u00e9 comme infaillible et \u00e9tait tr\u00e8s co\u00fbteux : pour chaque roquette intercept\u00e9e, Isra\u00ebl devait d\u00e9bourser 50 000 euros. Isra\u00ebl b\u00e9n\u00e9ficie de l&rsquo;<a href=\"https:\/\/fr.statista.com\/statistics\/209368\/proposed-us-military-aid-to-israel\/\" target=\"_blank\" rel=\"noopener\">aide financi\u00e8re des Etats-Unis<\/a>\u00a0pour financer et d\u00e9velopper son arm\u00e9e, lui conf\u00e9rant une tr\u00e8s nette avance militaire sur le Hamas. Gaza est \u00e9galement un territoire tr\u00e8s dens\u00e9ment peupl\u00e9 et fortement enclav\u00e9 par un blocus strict organis\u00e9 par Isra\u00ebl et l&rsquo;\u00c9gypte.<\/p>\n<\/div>\n<\/div>\n","protected":false},"excerpt":{"rendered":"<p>\u00a016 octobre 2023 Chers amis, Je tiens \u00e0 remercier tous ceux qui m\u2019ont contact\u00e9 par tous les moyens pour m\u2019assurer de leur solidarit\u00e9 et poser des questions sur nous, sur ma famille, ma communaut\u00e9 et mon peuple. Je suis infiniment reconnaissant envers ceux qui sont avec nous dans ces moments difficiles. Des journalistes des m\u00e9dias, &#8230; <a title=\"Lettre d\u2019Abdelfattah Abusrour, du camp de A\u00efda\" class=\"read-more\" href=\"https:\/\/bruxelles-pantheres.be\/?p=5776\" aria-label=\"En savoir plus sur Lettre d\u2019Abdelfattah Abusrour, du camp de A\u00efda\">Lire la suite<\/a><\/p>\n","protected":false},"author":1,"featured_media":5777,"comment_status":"open","ping_status":"open","sticky":false,"template":"","format":"standard","meta":{"footnotes":""},"categories":[6],"tags":[509],"class_list":["post-5776","post","type-post","status-publish","format-standard","has-post-thumbnail","hentry","category-palestine-moyen-orient","tag-hamas"],"_links":{"self":[{"href":"https:\/\/bruxelles-pantheres.be\/index.php?rest_route=\/wp\/v2\/posts\/5776","targetHints":{"allow":["GET"]}}],"collection":[{"href":"https:\/\/bruxelles-pantheres.be\/index.php?rest_route=\/wp\/v2\/posts"}],"about":[{"href":"https:\/\/bruxelles-pantheres.be\/index.php?rest_route=\/wp\/v2\/types\/post"}],"author":[{"embeddable":true,"href":"https:\/\/bruxelles-pantheres.be\/index.php?rest_route=\/wp\/v2\/users\/1"}],"replies":[{"embeddable":true,"href":"https:\/\/bruxelles-pantheres.be\/index.php?rest_route=%2Fwp%2Fv2%2Fcomments&post=5776"}],"version-history":[{"count":3,"href":"https:\/\/bruxelles-pantheres.be\/index.php?rest_route=\/wp\/v2\/posts\/5776\/revisions"}],"predecessor-version":[{"id":5780,"href":"https:\/\/bruxelles-pantheres.be\/index.php?rest_route=\/wp\/v2\/posts\/5776\/revisions\/5780"}],"wp:featuredmedia":[{"embeddable":true,"href":"https:\/\/bruxelles-pantheres.be\/index.php?rest_route=\/wp\/v2\/media\/5777"}],"wp:attachment":[{"href":"https:\/\/bruxelles-pantheres.be\/index.php?rest_route=%2Fwp%2Fv2%2Fmedia&parent=5776"}],"wp:term":[{"taxonomy":"category","embeddable":true,"href":"https:\/\/bruxelles-pantheres.be\/index.php?rest_route=%2Fwp%2Fv2%2Fcategories&post=5776"},{"taxonomy":"post_tag","embeddable":true,"href":"https:\/\/bruxelles-pantheres.be\/index.php?rest_route=%2Fwp%2Fv2%2Ftags&post=5776"}],"curies":[{"name":"wp","href":"https:\/\/api.w.org\/{rel}","templated":true}]}}