{"id":5796,"date":"2023-11-19T19:59:19","date_gmt":"2023-11-19T18:59:19","guid":{"rendered":"https:\/\/bruxelles-pantheres.be\/?p=5796"},"modified":"2023-11-19T19:59:19","modified_gmt":"2023-11-19T18:59:19","slug":"france-israel-palestine-au-nom-du-beau-defaire-les-cinq-noeuds","status":"publish","type":"post","link":"https:\/\/bruxelles-pantheres.be\/?p=5796","title":{"rendered":"France-Isra\u00ebl-Palestine : au nom du Beau, d\u00e9faire les cinq n\u0153uds"},"content":{"rendered":"<div>\n<p class=\"selectionShareable\"><strong>\u00ab\u00a0Soit on croit \u00e0 l\u2019innocence des humains, et j\u2019ai conscience que quand on grandit \u00e0\u00a0<\/strong><b>Gaza il est difficile de croire \u00e0 l\u2019innocence des humains, car croire \u00e0 l\u2019innocence c\u2019est d\u2019une certaine mani\u00e8re croire \u00e0 la beaut\u00e9. Et quand on est compl\u00e8tement priv\u00e9 de n\u2019importe quelle forme de beaut\u00e9, c\u2019est compliqu\u00e9 d\u2019y croire. C\u2019est comme croire \u00e0 un ph\u00e9nom\u00e8ne surnaturel. Si vous n\u2019avez jamais vu l\u2019arc en ciel, c\u2019est compliqu\u00e9 d\u2019y croire. Et le fait qu\u2019on ait priv\u00e9 les Gazaouis de n\u2019importe quelle forme de beaut\u00e9, dans le sens profond du mot, qui est le go\u00fbt de la vie, oui, \u00e7a nous rend absolument aussi responsable de ce qui s\u2019est pass\u00e9\u00a0\u00bb. Nadav Lapid, cin\u00e9aste isra\u00e9lien<\/b><a href=\"https:\/\/qgdecolonial.fr\/france-israel-palestine-au-nom-du-beau-defaire-les-cinq-noeuds\/?fbclid=IwAR1wiAvda8ZaIeih4EaLvSY7gkEt03WQrJnrhid0o_kjG5Vo59--0vYQKrM#_ftn1\" name=\"_ftnref1\">[1]<\/a><b>.<\/b><\/p>\n<p class=\"selectionShareable\"><strong>\u00ab\u00a0D\u00e9noncer et pointer du doigt la violence des opprim\u00e9\u00b7es et des colonis\u00e9\u00b7es n\u2019est pas seulement immoral, c\u2019est aussi raciste\u00a0\u00bb. Hamza Hamouchene<a href=\"https:\/\/qgdecolonial.fr\/france-israel-palestine-au-nom-du-beau-defaire-les-cinq-noeuds\/?fbclid=IwAR1wiAvda8ZaIeih4EaLvSY7gkEt03WQrJnrhid0o_kjG5Vo59--0vYQKrM#_ftn2\" name=\"_ftnref2\">[2]\u00a0<\/a><\/strong><\/p>\n<\/div>\n<p><!--more--><\/p>\n<div class=\"featured-image\"><img decoding=\"async\" class=\"attachment-pixelwars_theme_image_size_2 size-pixelwars_theme_image_size_2 wp-post-image aligncenter\" title=\"\" src=\"https:\/\/qgdecolonial.fr\/wp-content\/uploads\/2023\/11\/baignoire-1000x667.jpeg\" sizes=\"(max-width: 1000px) 100vw, 1000px\" srcset=\"https:\/\/qgdecolonial.fr\/wp-content\/uploads\/2023\/11\/baignoire-1000x667.jpeg 1000w, https:\/\/qgdecolonial.fr\/wp-content\/uploads\/2023\/11\/baignoire-300x200.jpeg 300w, https:\/\/qgdecolonial.fr\/wp-content\/uploads\/2023\/11\/baignoire-1024x683.jpeg 1024w, https:\/\/qgdecolonial.fr\/wp-content\/uploads\/2023\/11\/baignoire-768x512.jpeg 768w, https:\/\/qgdecolonial.fr\/wp-content\/uploads\/2023\/11\/baignoire-1536x1024.jpeg 1536w, https:\/\/qgdecolonial.fr\/wp-content\/uploads\/2023\/11\/baignoire-2048x1366.jpeg 2048w, https:\/\/qgdecolonial.fr\/wp-content\/uploads\/2023\/11\/baignoire-500x334.jpeg 500w, https:\/\/qgdecolonial.fr\/wp-content\/uploads\/2023\/11\/baignoire-1400x934.jpeg 1400w, https:\/\/qgdecolonial.fr\/wp-content\/uploads\/2023\/11\/baignoire-600x400.jpeg 600w\" alt=\"France-Isra\u00ebl-Palestine\u00a0: au nom du Beau, d\u00e9faire les cinq n\u0153uds\" width=\"1000\" height=\"667\" \/><\/div>\n<div>\n<p class=\"selectionShareable\">La s\u00e9quence qui s\u2019est ouverte le 7 octobre 2023, \u00e0 l\u2019initiative des forces combattantes d\u2019un peuple \u00e9cras\u00e9 et condamn\u00e9 \u00e0 la disparition, comme le furent les so called \u00ab Indiens d\u2019Am\u00e9riques \u00bb, Aborig\u00e8nes d\u2019Australie et autres Tasmaniens, est ce que Badiou appellerait un \u00ab \u00e9v\u00e9nement \u00bb. Jamais depuis le 11 septembre, la formule \u00ab il y a un avant et un apr\u00e8s \u00bb n\u2019a \u00e9t\u00e9 aussi dens\u00e9ment remplie. Le statut-quo confortable de l\u2019<em>avant<\/em>\u00a0\u2013 o\u00f9 les Palestiniens se mourraient \u00e0 petit feu \u00e0 l\u2019ombre de la normalisation n\u2019est plus \u2013 et l\u2019<em>apr\u00e8s<\/em>\u00a0\u2013 d\u2019un peuple qui se refuse \u00e0 subir le sort des peuples extermin\u00e9s et qui l\u2019exprime sous la seule forme que lui ont laiss\u00e9 ses bourreaux \u2013 est p\u00e9trifiant. Depuis, nous ne faisons que vivre de longs et tragiques moments de v\u00e9rit\u00e9.<\/p>\n<p class=\"selectionShareable\">Dans chacun de ces moments, il y a un n\u0153ud.<\/p>\n<p class=\"selectionShareable\">En Occident et en France d\u2019o\u00f9 je parle, s\u2019il faut encore et encore s\u2019accrocher \u00e0 l\u2019espoir face \u00e0 la d\u00e9ferlante brune qui finira bien par nous emporter si nous \u00e9chouons \u00e0 faire bloc, il faut commencer par d\u00e9faire les n\u0153uds et affronter la v\u00e9rit\u00e9 dans sa nudit\u00e9.<\/p>\n<p class=\"selectionShareable\">Des n\u0153uds, j\u2019en vois cinq. S\u2019il y en a plus, il faudra compl\u00e9ter.<\/p>\n<p class=\"selectionShareable\">\n<p class=\"selectionShareable\">1\/ Le n\u0153ud id\u00e9ologique ou n\u0153ud Salomon<\/p>\n<p class=\"selectionShareable\"><strong>Au lendemain des attaques du 7 octobre, des centaines, peut-\u00eatre des milliers d\u2019Isra\u00e9liens, se sont ru\u00e9s vers les a\u00e9roports de l\u2019Etat h\u00e9breu. Ils ont fui vers les Etats-Unis, l\u2019Angleterre, la France, l\u2019Allemagne, la Pologne, la Russie, le Maroc\u2026 Ils avaient tous un autre passeport. Celui de leur pays d\u2019origine. En une seule image, le mythe d\u2019un peuple sans terre s\u2019effondre. Pulv\u00e9ris\u00e9, le mensonge laisse place aux faits : les Gazaouis ne peuvent pas fuir. Ils n\u2019ont aucun passeport d\u2019aucun pays d\u2019origine. Ils vivent, survivent et meurent sur leur terre ancestrale dont ils ont refus\u00e9 le partage en 48. Moment de v\u00e9rit\u00e9.<\/strong><\/p>\n<p class=\"selectionShareable\">Dans la bible h\u00e9bra\u00efque, le Roi Salomon doit statuer avec sagesse sur un diff\u00e9rend entre deux femmes se disputant le m\u00eame b\u00e9b\u00e9. Pour les d\u00e9partager, Salomon demande une \u00e9p\u00e9e et ordonne de couper l\u2019enfant en deux. Chacune des deux femmes pourra repartir avec une partie du corps. L\u2019une des femmes accepte, l\u2019autre renonce plut\u00f4t que de voir mourir le nourrisson. Salomon reconna\u00eet alors en elle la v\u00e9ritable m\u00e8re. Celle qui refuse la mort de son petit. C\u2019est ainsi qu\u2019il sauve l\u2019enfant et que la v\u00e9rit\u00e9 \u00e9clate.<\/p>\n<p class=\"selectionShareable\">Lorsqu\u2019en 48, le partage de la Palestine est propos\u00e9, les sionistes acceptent, les Palestiniens refusent.\u00a0<strong>Moment de V\u00e9rit\u00e9.<\/strong><\/p>\n<p class=\"selectionShareable\">Cr\u00e9ation d\u2019un mythe, cr\u00e9ation d\u2019un n\u0153ud.<\/p>\n<p class=\"selectionShareable\">C\u2019est pourtant sur l\u2019effacement de cette v\u00e9rit\u00e9, le n\u0153ud, que prosp\u00e8re Isra\u00ebl \u2013 rappelons que les Palestiniens pouvaient \u00eatre tout \u00e0 la fois, juifs, musulmans ou chr\u00e9tiens et qu\u2019ils n\u2019\u00e9taient d\u00e9finis que par leurs attaches historiques et sociales \u00e0 la terre, \u00e0 mille lieues de tout nationalisme d\u2019Etat \u2013 et \u00e0 partir de ce n\u0153ud que s\u2019est form\u00e9e l\u2019identit\u00e9 nationale isra\u00e9lienne au d\u00e9triment des identit\u00e9s juives diasporiques et souvent internationalistes.<\/p>\n<p class=\"selectionShareable\">L\u2019Etat imp\u00e9rialiste fran\u00e7ais, et les forces politiques de gauche et de droite qui le prolongent depuis la boucherie de 45, est de ceux qui ont pouss\u00e9 \u00e0 d\u00e9couper l\u2019enfant. A ce titre, il est temps de faire un sort \u00e0 cette imposture qui consiste \u00e0 refuser d\u2019importer le conflit sur les bords de la Seine. Id\u00e9e d\u00e9responsabilisante et l\u00e2che s\u2019il en est : les Juifs et les Musulmans de France et du monde importeraient le conflit dans les pays o\u00f9 ils vivent. Turbulents, tribaux, ils viennent r\u00e9gler leurs comptes au beau milieu d\u2019une soci\u00e9t\u00e9 blanche innocente dont le train-train quotidien est perturb\u00e9 par les agissements intempestifs de deux minorit\u00e9s aux instincts primaires et archa\u00efques. C\u2019est faux. Le conflit est n\u00e9 des int\u00e9r\u00eats des puissances occidentales. Il leur appartient depuis le d\u00e9but. C\u2019est donc au partage de l\u2019enfant (et \u00e0 la perte des enfants en g\u00e9n\u00e9ral) qu\u2019il faut remonter et de l\u00e0 qu\u2019il faut en toute conscience d\u00e9faire le premier n\u0153ud.<\/p>\n<p class=\"selectionShareable\">\n<p class=\"selectionShareable\">2\/Le n\u0153ud \u00e9thique ou n\u0153ud Zidane<\/p>\n<p class=\"selectionShareable\"><strong>Le 4 septembre 1997, Smadar, 14 ans perd la vie dans un attentat kamikaze en Isra\u00ebl. Nurit Peled Elhanan, sa m\u00e8re, et fille d\u2019un ancien g\u00e9n\u00e9ral de l\u2019arm\u00e9e isra\u00e9lienne, \u00e9tait une amie d\u2019enfance de Benyamin Netanyahou. Lorsque celui-ci, d\u00e9j\u00e0 premier Ministre, l\u2019appelle pour lui pr\u00e9senter ses condol\u00e9ances, elle lui lance, \u00e9plor\u00e9e\u00a0: \u00ab\u00a0Qu\u2019as-tu fait, Bibi\u00a0? tu as tu\u00e9 ma fille\u00a0!\u00a0\u00bb.<\/strong><\/p>\n<p class=\"selectionShareable\"><strong>Nul ne colonise innocemment. Except\u00e9 les enfants. Or, des enfants n\u00e9s isra\u00e9liens sont morts apr\u00e8s les attaques du 7 octobre. Nul ne peut sortir indemne de ce fait, pas m\u00eame la plus l\u00e9gitime des r\u00e9sistances, ce qui est le cas de la r\u00e9sistance palestinienne. L\u2019oppression ensauvage. Comme elle a ensauvag\u00e9 \u00e0 Dresde, en Afrique du Sud, en Alg\u00e9rie, au Vietnam. Mais qui sont les v\u00e9ritables responsables\u00a0? Nurit Peled nous l\u2019a dit. C\u2019est Bibi. Les Gazaouis, par leur refus de \u00ab\u00a0d\u00e9noncer le\u00a0<em>Khkh<\/em>amas\u00a0\u00bb en d\u00e9pit du prix du sang et du nettoyage ethnique en cours, nous le disent aussi. C\u2019est Bibi. Moment de v\u00e9rit\u00e9.<\/strong><\/p>\n<p class=\"selectionShareable\">\n<p class=\"selectionShareable\"><em>Nul ne colonise innocemment<\/em>. Tout le monde connait la formule de C\u00e9saire. M\u00eame Edwy Plenel. Cela suppose que le colon s\u2019expose \u00e0 la r\u00e9sistance de celui qu\u2019il opprime. Cela suppose que sa vie est mise en jeu aussi longtemps que l\u2019oppression dure. Cela suppose qu\u2019il n\u2019est jamais en s\u00e9curit\u00e9 tant que dure l\u2019expansion coloniale. Cela suppose qu\u2019il est responsable de ses actes, soit la n\u00e9gation du droit \u00e0 l\u2019existence du colonis\u00e9, ce que ce dernier ne peut accepter et avec lui le droit international qui lui conc\u00e8de son droit \u00e0 la r\u00e9sistance \u00ab\u00a0par tous les moyens n\u00e9cessaires\u00a0\u00bb. Ainsi, s\u2019il est vrai que tous les enfants sont innocents sans exception, leurs parents sont responsables pour eux. C\u2019est ce qu\u2019a compris Nurit Peled et c\u2019est ce qui fait d\u2018elle une v\u00e9ritable militante non pas de la paix mais de la paix r\u00e9volutionnaire. Mais cette responsabilit\u00e9 n\u2019incombe pas aux seuls Isra\u00e9liens. Elle incombe aussi (surtout\u00a0?) aux Fran\u00e7ais, peuple qui fabrique inlassablement son innocence en enterrant ses n\u0153uds. Ces n\u0153uds sont fort nombreux parmi lesquels le n\u0153ud Zidane. Les Fran\u00e7ais aiment Zidane. Tellement qu\u2019ils l\u2019ont promus \u00ab\u00a0personnalit\u00e9 pr\u00e9f\u00e9r\u00e9e des Fran\u00e7ais\u00a0\u00bb, statut dont aucune autre c\u00e9l\u00e9brit\u00e9 n\u2019a pu le d\u00e9choir depuis 98. Or, Zidane est un fils d\u2019Alg\u00e9riens. Ses parents n\u00e9s indig\u00e8nes ont \u00e9t\u00e9 lib\u00e9r\u00e9s et ont recouvr\u00e9 leur dignit\u00e9 d\u2019humains gr\u00e2ce \u00e0 la lutte d\u2019ind\u00e9pendance. Celle-ci a pris diff\u00e9rentes formes, des plus pacifiques aux plus violentes, incluant la lutte arm\u00e9e et les attentats terroristes, celui du Milk Bar par exemple. \u00ab\u00a0La colonisation, disait Fanon, est la violence \u00e0 l\u2019\u00e9tat de nature et ne peut s\u2019incliner que devant une plus grande\u00a0violence \u00bb. Il en ressort que les Fran\u00e7ais aiment un homme, devenu homme, gr\u00e2ce ou \u00e0 cause de la lutte arm\u00e9e. Ceci est un n\u0153ud. Ce n\u2019est pas mon n\u0153ud, c\u2019est celui de ces Fran\u00e7ais qui refusent de reconna\u00eetre Dien Bien Phu comme leur victoire et qui esp\u00e8rent continuer \u00e0 aimer Zidane en toute impunit\u00e9 et en toute innocence, tel le personnage jou\u00e9 par Daniel Auteuil dans \u00ab\u00a0cach\u00e9\u00a0\u00bb d\u2019Haneke qui voit son pass\u00e9 resurgir et l\u2019assi\u00e9ger. Le n\u0153ud Zidane ne m\u2019appartient pas. Il appartient aux Fran\u00e7ais. Libres, au sens sartrien du terme, il leur appartient de le d\u00e9faire.<\/p>\n<p class=\"selectionShareable\">\n<p class=\"selectionShareable\">3\/ Le n\u0153ud du signifiant\u00a0<em>juif<\/em><\/p>\n<p class=\"selectionShareable\"><strong>De nombreux militants du sionisme m\u00e9diatique se sont \u00e9mus de l\u2019absence des \u00ab\u00a0goys\u00a0\u00bb aux rassemblements en faveur d\u2019Isra\u00ebl alors que l\u2019attaque meurtri\u00e8re du 7 octobre avait tu\u00e9 pr\u00e8s de 1400 isra\u00e9liens dont de nombreux enfants. Il n\u2019y avait que des dirigeants politiques de droite et une partie de la communaut\u00e9 juive acquise au sionisme. Lors de la manifestation \u00ab\u00a0contre l\u2019antis\u00e9mitisme\u00a0\u00bb du 12 novembre, la composition sociale \u00e9tait la m\u00eame \u00e0 un d\u00e9tail pr\u00e8s\u00a0: elle a \u00e9t\u00e9 rejointe par toute l\u2019extr\u00eame droite antis\u00e9mite. Les citoyens \u00ab\u00a0de souche\u00a0\u00bb, classes moyennes et inf\u00e9rieures,\u00a0\u00e9taient massivement absents.<\/strong>\u00a0<strong>Pourquoi\u00a0? Parce qu\u2019ils s\u2019en foutent. Moment de v\u00e9rit\u00e9.<\/strong><\/p>\n<p class=\"selectionShareable\">Ils sont depuis trop longtemps indiff\u00e9rents au sort du vaste monde, ins\u00e9r\u00e9s qu\u2019ils sont dans la logique de l\u2019Etat racial int\u00e9gral. Int\u00e9ress\u00e9s \u00e0 la domination imp\u00e9rialiste, la \u00ab disparition \u00bb des Autres les indiff\u00e8re au sens gramscien du mot. Le philos\u00e9mitisme qui caract\u00e9rise les classes sup\u00e9rieures et \u00e9clair\u00e9es de gauche et de droite (qui s\u2019en foutent aussi des Juifs par ailleurs), ne les atteint pas. La \u00ab disparition \u00bb des Juifs en tant que Juifs ou en tant qu\u2019Isra\u00e9liens ne les emp\u00eache ni de dormir ni d\u2019aller faire les soldes. Pas plus que le g\u00e9nocide rwandais ou la destruction de la Libye et de l\u2019Irak. C\u2019est dans cette cat\u00e9gorie qu\u2019on trouve une perm\u00e9abilit\u00e9 de plus en plus grande \u00e0 l\u2019id\u00e9e \u00ab qu\u2019il n\u2019y en a que pour les Juifs. \u00bb<\/p>\n<p class=\"selectionShareable\">Quant aux autres, ils se divisent en deux cat\u00e9gories\u00a0:<\/p>\n<p class=\"selectionShareable\">\u2013 ceux d\u2019une gauche (au sens tr\u00e8s large du terme) pas n\u00e9cessairement antisionistes mais plus ou moins anticolonialiste : pour la plupart, ils ne participent pas \u00e0 des mascarades qui cachent mal (ou pas du tout) leur parti pris pro-isra\u00e9lien (sauf Ruffin, Garrido, Corbi\u00e8re et Autain)<a href=\"https:\/\/qgdecolonial.fr\/france-israel-palestine-au-nom-du-beau-defaire-les-cinq-noeuds\/?fbclid=IwAR1wiAvda8ZaIeih4EaLvSY7gkEt03WQrJnrhid0o_kjG5Vo59--0vYQKrM#_ftn3\" name=\"_ftnref3\">[3]<\/a>\u00a0au moment o\u00f9 le leitmotiv d\u2019Isra\u00ebl comme \u00ab\u00a0seule d\u00e9mocratie du Moyen-Orient\u00a0\u00bb a fait long feu.<\/p>\n<p class=\"selectionShareable\">\u2013 Ceux qui forment la base de l\u2019extr\u00eame droite. Moins strat\u00e8ges que les cadres antis\u00e9mites (qui n\u2019ont aucun probl\u00e8me avec le sionisme et portent leur masque philos\u00e9mite dans un but de conqu\u00eate du pouvoir), ils ne font pas semblant. Ils \u00e9prouvent une forte d\u00e9testation des Juifs. Point. Notons qu\u2019il y a eu des d\u00e9gradations de tombes juives dans un cimeti\u00e8re militaire allemand de 14-18 dans l\u2019Oise apr\u00e8s la manifestation. Le coup de pied de l\u2019\u00e2ne de ceux qui protestent contre la normalisation philos\u00e9mite du RN ?<\/p>\n<p class=\"selectionShareable\">Le r\u00e9sultat est le suivant : les Juifs ont de moins en moins d\u2019amis alors que l\u2019antis\u00e9mitisme historique \u00e9tait en baisse dans l\u2019opinion g\u00e9n\u00e9rale. En partie \u00e0 cause de l\u2019assimilation abusive des Juifs au sionisme, en partie \u00e0 cause de l\u2019antis\u00e9mitisme\/philos\u00e9mitisme structurel des Etats-nation occidentaux.<\/p>\n<p class=\"selectionShareable\">A contrario, les Palestiniens ont beaucoup d\u2019amis.<\/p>\n<p class=\"selectionShareable\">Parall\u00e8lement \u00e0 l\u2019effritement de l\u2019image d\u2019Isra\u00ebl dans les consciences populaires, les manifestations pro-palestiniennes dans le monde ont fait carton plein que ce soit dans de nombreux pays du nord ou du sud global. Il y a ici une c\u00e9sure claire entre les affects des classes dirigeantes occidentales et arabes ET les affects populaires \u00e0 travers le monde. Les premiers soutiennent Isra\u00ebl d\u00e9positaire de leurs int\u00e9r\u00eats de grandes puissances ou de collabos, les autres soutiennent la Palestine qu\u2019ils reconnaissent comme une soci\u00e9t\u00e9 opprim\u00e9e quel que soit le niveau de collaboration desdites soci\u00e9t\u00e9s civiles avec leurs Etats respectifs. En d\u2019autres termes, le philos\u00e9mitisme que les appareils id\u00e9ologiques tentent d\u2019imposer \u00e0 la conscience des peuples fait chou blanc et provoque soit de l\u2019indiff\u00e9rence, soit de l\u2019hostilit\u00e9 envers les Juifs. Tandis que la lutte du peuple palestinien continue de nourrir le romantisme r\u00e9volutionnaire des peuples en lutte.<\/p>\n<p class=\"selectionShareable\">C\u2019est pr\u00e9cis\u00e9ment \u00e0 la jonction de ces deux id\u00e9es\u00a0:\u00a0<em>Isra\u00ebl isole les Juifs de l\u2019humanit\u00e9 g\u00e9n\u00e9rique<\/em>\u00a0versus\u00a0<em>la Palestine agr\u00e8ge les Palestiniens \u00e0 l\u2019humanit\u00e9 g\u00e9n\u00e9rique<\/em>\u00a0qu\u2019il faut s\u2019arr\u00eater et tirer les conclusions qui en d\u00e9coulent. Le sionisme s\u00e9pare, l\u2019antisionisme rassemble. Il suffit d\u2019ouvrir les yeux pour s\u2019en convaincre : depuis le 7 octobre, les m\u00e9dias chauff\u00e9s \u00e0 blanc attendent et esp\u00e8rent la provocation antis\u00e9mite. Malheureusement pour eux, on ne d\u00e9plore quasiment aucun incident dans les manifestations alors que les images de Gaza sont insoutenables et que le nombre de morts a d\u00e9pass\u00e9 les 10 000. Il ne s\u2019agit pas l\u00e0 d\u2019un exemple isol\u00e9. Le constat est international. Partout dans le monde, de Montr\u00e9al \u00e0 Rabat, de Paris \u00e0 Chicago, de Londres \u00e0 Istanbul, de Madrid \u00e0 Bruxelles, des millions de personnes ont scand\u00e9 leur soutien \u00e0 la Palestine sans jamais \u2013 ou rarement \u2013 c\u00e9der \u00e0 la haine anti-juive. La conclusion est limpide : plus l\u2019antisionisme progresse, plus la jud\u00e9ophobie diminue tant chez les \u00ab\u00a0beaufs\u00a0\u00bb que chez les \u00ab\u00a0barbares\u00a0\u00bb. Plus la politisation augmente, plus les tendances r\u00e9actionnaires s\u2019estompent. En d\u2019autres termes, plus l\u2019identification des Etats capitalistes comme producteurs de sionisme et d\u2019antis\u00e9mitisme est \u00e9tablie, plus les Juifs comme communaut\u00e9 de destin sont blanchis, voire m\u00eame innocent\u00e9s aux yeux de ceux qui succombent aux amalgames. Seule l\u2019\u00e9quation Juifs = sionistes ou Juifs = isra\u00e9liens est \u00e0 la fois antis\u00e9mite et dangereuse pour la communaut\u00e9 juive. Elle est antis\u00e9mite en soi car elle essentialise les choix politiques divers d\u2019une communaut\u00e9 mais elle est antis\u00e9mite par destination car elle d\u00e9signe les Juifs comme responsables des effets concrets du sionisme \u00e0 travers son incarnation : l\u2019Etat d\u2019Isra\u00ebl. Contre tout fantasme, le seul lieu o\u00f9 les Juifs sont r\u00e9ellement en s\u00e9curit\u00e9 ce sont les manifestations pro palestiniennes en cours dans le monde. La pens\u00e9e politique au fondement du soutien \u00e0 la lutte des Palestiniens est pr\u00e9cis\u00e9ment celle qui d\u00e9fait l\u2019amalgame. Le ciment unificateur \u00e9tant la justice et la v\u00e9rit\u00e9. De quoi il d\u00e9coule qu\u2019il faut d\u00e9faire ce n\u0153ud et lib\u00e9rer le signifiant \u00ab juif \u00bb des griffes des forces imp\u00e9rialistes et de leurs appareils. Mais cela ne suffit pas. Il faut faire un sort aux nouvelles formes du sionisme d\u2019extr\u00eame gauche type JJR ou RAAR (taill\u00e9 sur mesure pour la bonne conscience de M\u00e9diapart) et qui postule un antis\u00e9mitisme de gauche et d\u00e9colonial. Cette hypoth\u00e8se repose sur du vent. Qu\u2019on s\u2019entende bien : l\u2019antis\u00e9mitisme est structurel en France (tout comme les autres formes de racisme) et il est en augmentation. C\u2019est une r\u00e9alit\u00e9. MAIS, il y a un grand mais. Cet antis\u00e9mitisme a deux sources et se d\u00e9veloppe en dehors des espaces politis\u00e9s \u00e0 gauche ou du mouvement d\u00e9colonial :<\/p>\n<p class=\"selectionShareable\">\u2013 celle des non blancs non organis\u00e9s dans le mouvement pro-palestinien et influenc\u00e9s par le truisme mensonger\u00a0 : juif = sioniste que la casse syst\u00e9matique de la solidarit\u00e9 envers la Palestine nous emp\u00eache de d\u00e9faire de mani\u00e8re efficace. Celui-ci est capt\u00e9 par le pr\u00e9tendu \u00ab antisionisme \u00bb soralien d\u2019extr\u00eame droite qui r\u00e9apparait opportun\u00e9ment depuis le 7 octobre.<\/p>\n<p class=\"selectionShareable\">\u2013 Celle de l\u2019antis\u00e9mitisme d\u2019extr\u00eame droite et catholique qui conna\u00eet un \u00e9panouissement sans pr\u00e9c\u00e9dent si l\u2019on en croit la profusion de la litt\u00e9rature antis\u00e9mite qui a pignon sur rue<a href=\"https:\/\/qgdecolonial.fr\/france-israel-palestine-au-nom-du-beau-defaire-les-cinq-noeuds\/?fbclid=IwAR1wiAvda8ZaIeih4EaLvSY7gkEt03WQrJnrhid0o_kjG5Vo59--0vYQKrM#_ftn4\" name=\"_ftnref4\">[4]<\/a>.<\/p>\n<p class=\"selectionShareable\">Et c\u2019est l\u00e0 qu\u2019il faut d\u00e9voiler l\u2019imposture de ces sionistes de gauche : effectivement, s\u2019il y a un projet ouvertement antis\u00e9mite avec ses th\u00e9oriciens, ses auteurs, ses productions, ses m\u00e9dias, ses politiques \u00e0 l\u2019extr\u00eame droite de l\u2019\u00e9chiquier politique (plus de 100 ouvrages antis\u00e9mites publi\u00e9s en 2023 !), il n\u2019existe AUCUN projet antis\u00e9mite assum\u00e9 comme tel \u00e0 gauche ou dans le mouvement d\u00e9colonial. Ni production th\u00e9orique, ni programme. Ceux qui pr\u00e9tendent le contraire sont des escrocs qui font passer de possibles d\u00e9rives de langage, des maladresses, des sensations pour un projet antis\u00e9mite. Mais pire que cela, en s\u2019adonnant \u00e0 ce brouillage, ils effacent l\u2019opposition radicale qui structure les forces fascistes de celles qui les combattent. Ce n\u2019est pas seulement stupide. C\u2019est dangereux et irresponsable car il rend possible des recompositions \u00e0 droite, voire extr\u00eame droite qui la lave de son pass\u00e9 et l\u2019innocente de ses v\u00e9ritables desseins. L\u2019une de nos priorit\u00e9s est donc de combattre cet embrouillamini qui n\u2019est rien d\u2019autre qu\u2019une arme de la contre-r\u00e9volution \u00e0 qui l\u2019article mesquin de M\u00e9diapart, la veille de la marche raciste du 12 novembre \u00e0 Paris, vient pr\u00eater main forte<a href=\"https:\/\/qgdecolonial.fr\/france-israel-palestine-au-nom-du-beau-defaire-les-cinq-noeuds\/?fbclid=IwAR1wiAvda8ZaIeih4EaLvSY7gkEt03WQrJnrhid0o_kjG5Vo59--0vYQKrM#_ftn5\" name=\"_ftnref5\">[5]<\/a>.<\/p>\n<p class=\"selectionShareable\">Tout ceci ayant \u00e9t\u00e9 dit, il reste qu\u2019il ne faut pas m\u00e9priser le sentiment d\u2019ins\u00e9curit\u00e9 des Juifs, que celui-ci soit r\u00e9el ou exag\u00e9r\u00e9. Je me pose cependant une question : les Juifs antisionistes \u00e9prouvent-ils les m\u00eames angoisses que les Juifs sionistes ? En effet, les Juifs antisionistes qui fr\u00e9quentent le mouvement propalestinien et donc de nombreux Arabes et Musulmans ont surtout peur de l\u2019extr\u00eame droite et du pouvoir car ils partagent avec les d\u00e9coloniaux une d\u00e9finition structurelle du racisme. Ils ne se sentent pas menac\u00e9s par la masse des non blancs qui manifestent \u00e0 leurs c\u00f4t\u00e9s (bien qu\u2019ils redoutent comme nous les actes antis\u00e9mites av\u00e9r\u00e9s mais isol\u00e9s pour le moment), mais par les lieux institutionnels de production de l\u2019antis\u00e9mitisme. En revanche, il devient patent que les Juifs sionistes ont plus peur des Arabes que de l\u2019Etat et de l\u2019extr\u00eame droite sachant qu\u2019il n\u2019existe aucun espace structur\u00e9 indig\u00e8ne qui revendique la haine des Juifs. D\u2019o\u00f9 leur pr\u00e9sence massive \u00e0 la marche \u00ab contre l\u2019antis\u00e9mitisme \u00bb aux c\u00f4t\u00e9s de l\u2019extr\u00eame droite\u2026antis\u00e9mite. De quoi il ressort, que s\u2019ils sont parfaitement innocents en tant que Juifs ils ne peuvent pas pr\u00e9tendre l\u2019\u00eatre en tant que partisans, m\u00eame par confusionnisme politique, d\u2019une id\u00e9ologie coloniale . Le n\u0153ud.<\/p>\n<p class=\"selectionShareable\">\n<p class=\"selectionShareable\">4\/ Le n\u0153ud de l\u2019illusion unitaire des \u00ab\u00a0damn\u00e9s de la terre\u00a0\u00bb<\/p>\n<p class=\"selectionShareable\"><strong>O\u00f9 sont les Noirs, o\u00f9 sont les Africains ? En France, l\u2019\u00e9moi en faveur des Palestiniens est soit arabo-musulman, soit de gauche. Contrairement aux manifestations contre les violences polici\u00e8res, les Noirs (et la plupart des groupes raciaux) sont peu pr\u00e9sents. Leurs organisations sont carr\u00e9ment absentes mis \u00e0 part de rares exceptions, notamment aux Cara\u00efbes. En Afrique, except\u00e9 l\u2019Afrique du Sud et peut-\u00eatre le Nig\u00e9ria, le soutien peut exister \u00e7\u00e0 et l\u00e0 \u00e9manant de la soci\u00e9t\u00e9 civile mais il est minoritaire et plut\u00f4t en r\u00e9gression. La raison ? L\u2019absence de r\u00e9ciprocit\u00e9 dans la solidarit\u00e9 anticoloniale et la place des Noirs dans la hi\u00e9rarchie des dignit\u00e9s. Moment de v\u00e9rit\u00e9.<\/strong><\/p>\n<p class=\"selectionShareable\">J\u2019entends \u00e7\u00e0 et l\u00e0 des voix arabes ou musulmanes le d\u00e9plorer. Je n\u2019en suis pas car je ne veux c\u00e9der \u00e0 aucune forme de moralisme. Ce que je veux dire plus pr\u00e9cis\u00e9ment c\u2019est que je peux d\u00e9plorer abstraitement la r\u00e9gression du tiers-mondisme h\u00e9rit\u00e9 des luttes anticoloniales qui a incarn\u00e9 l\u2019\u00e2ge d\u2019or de la communion des damn\u00e9s de la terre mais je ne peux ignorer que la contre-r\u00e9volution coloniale a fait son \u0153uvre et qu\u2019elle a s\u00e9par\u00e9 les colonis\u00e9s quant elle ne les a pas oppos\u00e9s les uns aux autres dans la course \u00e0 l\u2019int\u00e9gration dans le mod\u00e8le capitaliste. Certes, il y a les leaders de certains Etats africains qui ont depuis longtemps normalis\u00e9 avec Isra\u00ebl et qui partage des int\u00e9r\u00eats avec lui (tout comme de nombreux chefs d\u2019Etats arabes). Mais les peuples ne b\u00e9n\u00e9ficient pas de ces arrangements. Aussi, leur manque d\u2019empathie pour les Palestiniens est \u00e0 chercher ailleurs. En effet, m\u00eame si la lib\u00e9ration de la Palestine est d\u2019une autre nature que la lib\u00e9ration de l\u2019Afrique, la premi\u00e8re \u00e9tant l\u2019une des derni\u00e8res colonies de peuplement, la deuxi\u00e8me une lutte postind\u00e9pendances dans un contexte n\u00e9ocolonial, m\u00eame s\u2019il est vrai que l\u2019enjeu g\u00e9ostrat\u00e9gique et civilisationnel incarn\u00e9 par Isra\u00ebl est d\u2019une centralit\u00e9 pr\u00e9pond\u00e9rante pour l\u2019avenir de l\u2019Occident dans la r\u00e9gion, comment soutenir le regard d\u2019un Africain qui reprocherait aux soutiens de la Palestine leur indiff\u00e9rence au sort des peuples d\u2019Afrique soumis \u00e0 la pr\u00e9dation imp\u00e9rialiste et aux guerres sans fin ? Comment r\u00e9pondre \u00e0 un homme ou une femme assistant au spectacle des mobilisations internationales pour un conflit qui a fait pour le moment (\u00e0 peine si j\u2019ose dire) plus de 10 000 morts, 3000 en 2014 et quelques 1 500 en 2009, alors que la seule R\u00e9publique D\u00e9mocratique du Congo d\u00e9plore 5, 4 millions de morts entre 1998 et 2003. J\u2019ai bien dit 5,4 millions d\u2019\u00e2mes. Un g\u00e9nocide d\u2019une ampleur vertigineuse et effroyable qui ne suscite ni \u00e9moi, ni le centi\u00e8me de la solidarit\u00e9 en faveur des Palestiniens. Sans compter les tueries en cours en ce moment, les plus de 1300 civils tu\u00e9s par des groupes arm\u00e9s depuis octobre dans l\u2019est du pays selon le Haut-Commissaire de l\u2019ONU aux droits de l\u2019Homme.<\/p>\n<p class=\"selectionShareable\">Dans ces conditions, on ne saurait d\u00e9cemment reprocher \u00e0 un Africain de penser que la vie d\u2019un Noir vaut moins que la vie d\u2019un Arabe. On ne saurait par cons\u00e9quent lui reprocher sa prise de distance. On ne peut que constater les ruptures, la m\u00e9fiance, la d\u00e9fiance, la disparition du monde de la tricontinentale. Il va de soi que le soutien \u00e0 la lutte du peuple palestinien comme enjeu strat\u00e9gique majeur n\u2019est en aucun cas remis en cause mais cela ne peut passer par un moralisme militant en surplomb. La solidarit\u00e9 internationale se m\u00e9rite. Et plut\u00f4t que de se complaire \u00e0 citer Mandela d\u00e9clarant que l\u2019Afrique du sud ne sera libre que lorsque la Palestine le sera, il serait temps de changer de disque est de prolonger sa formule en verbe et en actes : la Palestine ne sera libre que lorsque l\u2019Afrique le sera.<\/p>\n<p class=\"selectionShareable\">\n<p class=\"selectionShareable\">5\/ Le n\u0153ud politique<\/p>\n<p class=\"selectionShareable\"><strong>Mi-octobre, Antonio Tajani, ministre italien des affaires \u00e9trang\u00e8res du gouvernement Meloni, se distingue d\u2019une mani\u00e8re tout \u00e0 fait stup\u00e9fiante. Il s\u2019autorise, alors qu\u2019il appartient \u00e0 une force politique fasciste, de critiquer vertement Macron suite \u00e0 la s\u00e9rie d\u2019interdictions de manifestations en soutien aux Palestiniens.\u00a0<\/strong><strong>Lors d\u2019une d\u00e9claration \u00e0 la radio RTL, il exprime son point de vue en affirmant que \u201cla France peut faire ses propres choix, mais l\u2019interdiction de manifestations dans un pays d\u00e9mocratique, sans indication de violence imminente, soul\u00e8ve des questions de justice.\u201d Il a \u00e9galement soulign\u00e9 que des manifestations pacifiques continuent de se d\u00e9rouler aux \u00c9tats-Unis et au Royaume-Uni, deux nations connues pour leur soutien \u00e0 Isra\u00ebl. Macron en prend pour son grade mais on peut l\u00e9gitimement s\u2019interroger sur les raisons qui poussent un fasciste, pas connu pour son amour des libert\u00e9s d\u00e9mocratiques, \u00e0 s\u2019\u00e9mouvoir de l\u2019autoritarisme de l\u2019Etat fran\u00e7ais. Le moins qu\u2019on puisse dire c\u2019est que les raisons sont froides et cyniques. La gauche italienne ayant \u00e9t\u00e9 \u00e9cras\u00e9e, le lib\u00e9ralisme peut prosp\u00e9rer \u00e0 l\u2019ombre du fascisme sans la moindre entrave. Ce qui rend Tajani tranquille, serein et m\u00eame taquin. Il peut jouer les grands seigneurs car il n\u2019a pas besoin de mater des forces sociales moribondes. Contrairement \u00e0 Macron. Moment de v\u00e9rit\u00e9.<\/strong><\/p>\n<p class=\"selectionShareable\">Car en France, la gauche de rupture avec le projet social-d\u00e9mocrate et lib\u00e9ral existe bel et bien. Mais pire que \u00e7\u00e0, cette gauche est aussi \u00ab islamo-gauchiste \u00bb depuis qu\u2019elle a pris ses distances avec le pacte racial. C\u2019est parce qu\u2019il y a eu l\u2019immense mouvement contre la loi Travail, l\u2019insurrection des Gilets jaunes, des millions de manifestants pour le retrait de la loi sur les retraites mais aussi les fortes mobilisations des quartiers contre les violences polici\u00e8res, contre l\u2019islamophobie et pour la Palestine, parce qu\u2019il y a eu les \u00e9meutes urbaines et raciales suite \u00e0 la mort de Nahel que le gouvernement multiplie les interdictions. C\u2019est parce que la France est un pays en \u00e9bullition, parce qu\u2019il existe une force politique et syndicale pour incarner le refus et du lib\u00e9ralisme et du racisme structurel que Macron, qui repr\u00e9sente moins de 20 % de l\u2019\u00e9lectorat, doit renforcer sont appareil r\u00e9pressif et limiter les libert\u00e9s fondamentales. Cette force qui est aussi un mouvement de masse puisqu\u2019elle repr\u00e9sente 20 % de l\u2019\u00e9lectorat fran\u00e7ais, c\u2019est la FI. C\u2019est elle et elle seule qui est dans l\u2019\u0153il du cyclone, c\u2019est \u00e0 elle que rien ne sera \u00e9pargn\u00e9. Les coups venant autant de ses adversaires d\u00e9clar\u00e9s que de son propre camp qui n\u2019h\u00e9site pas \u00e0 hurler avec les loups. Ce qu\u2019on ne lui pardonne pas c\u2019est son score aux Pr\u00e9sidentielles obtenu sur une ligne de rupture.<\/p>\n<p class=\"selectionShareable\">La FI est sans doute le seul exemple en Europe \u00e0 incarner un mouvement de masse en rupture et avec le lib\u00e9ralisme et avec le racisme et \u00e0 tenter l\u2019alliance des \u00ab\u00a0beaufs\u00a0\u00bb et des \u00ab\u00a0barbares\u00a0\u00bb. Pour le moment et \u00e0 la stup\u00e9faction de tous, elle a tenu bon face \u00e0 la pol\u00e9mique sur les \u00e9meutes de juin 2023, sur l\u2019affaire M\u00e9dine, sur celle des abayas et aujourd\u2019hui sur l\u2019unit\u00e9 nationale avec l\u2019extr\u00eame droite et la Macronie. Il va de soi qu\u2019elle est aujourd\u2019hui une pierre dans le soulier du pacte racial et que si le mouvement syndical suit, nous allons vers une situation d\u2019une tr\u00e8s haute tension o\u00f9 tous les coups seront permis \u00e0 commencer par l\u2019instrumentalisation d\u2019un possible terrorisme dont les probabilit\u00e9s sont d\u00e9multipli\u00e9es du fait m\u00eame du bellicisme de nos gouvernants. Situation de tr\u00e8s haute tension politique dans laquelle existe n\u00e9anmoins un v\u00e9ritable potentiel de victoire. Il s\u2019agit l\u00e0 d\u2019une orientation politique majeure qu\u2019il appartient au peuple de soutenir pour que la France devienne un mod\u00e8le \u00e0 l\u2019\u00e9chelle de l\u2019Europe et que l\u2019espoir d\u2019une d\u00e9faite des forces lib\u00e9rales renaisse. Si nous sommes d\u00e9faits ici, alors la question, \u00ab socialisme ou barbarie ? \u00bb sera vite r\u00e9pondue.<\/p>\n<p class=\"selectionShareable\">Pour conclure, j\u2019aimerais dire un mot de la beaut\u00e9 du geste m\u00e9lenchoniste qui depuis 2019<a href=\"https:\/\/qgdecolonial.fr\/france-israel-palestine-au-nom-du-beau-defaire-les-cinq-noeuds\/?fbclid=IwAR1wiAvda8ZaIeih4EaLvSY7gkEt03WQrJnrhid0o_kjG5Vo59--0vYQKrM#_ftn6\" name=\"_ftnref6\">[6]<\/a>\u00a0n\u2019a c\u00e9d\u00e9 \u00e0 aucune injonction des forces r\u00e9actionnaires qui pr\u00e9tendent aussi agir au nom du Beau : Islamophobes parce que f\u00e9ministes et progressistes, autoritaires au nom de la lutte contre le terrorisme djihadiste, sionistes au nom de la lutte contre l\u2019antis\u00e9mitisme\u2026 Les imp\u00e9rialistes, malgr\u00e9 leurs projets funestes, ont un besoin visc\u00e9ral de couvrir leur laideur d\u2019un dispositif moral. Ils tiennent \u00e0 leur beaut\u00e9. Or, voil\u00e0 que se dresse devant eux une autre id\u00e9e du Beau qui an\u00e9antit tous leurs efforts de monopole sur ce Beau. Le Beau de M\u00e9lenchon (sans l\u2019id\u00e9aliser) est fond\u00e9 sur la justice et l\u2019\u00e9gale dignit\u00e9 des humains sur la plan\u00e8te. Un Beau qu\u2019il fait remonter \u00e0 la R\u00e9volution fran\u00e7aise et dont nous pouvons, nous autres d\u00e9coloniaux, trouver l\u2019origine ailleurs, et notamment dans les luttes des Damn\u00e9s de la terre. Bref, une beaut\u00e9 (baldwinienne ?) de r\u00e9sistance derri\u00e8re laquelle tout r\u00e9sistant \u00e0 l\u2019oppression de quelque forme qu\u2019elle soit peut se reconna\u00eetre et gr\u00e2ce \u00e0 laquelle tout redevient possible. Nous sommes d\u00e8s lors devant cette situation surr\u00e9aliste o\u00f9 deux antagonismes se disputent le Beau : le premier pour le trahir, le second pour le sublimer.<\/p>\n<p class=\"selectionShareable\">Les choses \u00e9tant pos\u00e9es en ces termes, nous savons ce qu\u2019il nous reste \u00e0 faire : sauver le Beau.<\/p>\n<p class=\"selectionShareable\">Et croyez-moi, en temps de guerre, la priorit\u00e9 de l\u2019ennemi, c\u2019est la destruction du Beau.<\/p>\n<p class=\"selectionShareable\">\n<p class=\"selectionShareable\">Houria Bouteldja<\/p>\n<p class=\"selectionShareable\">\n<p class=\"selectionShareable\"><a href=\"https:\/\/qgdecolonial.fr\/france-israel-palestine-au-nom-du-beau-defaire-les-cinq-noeuds\/?fbclid=IwAR1wiAvda8ZaIeih4EaLvSY7gkEt03WQrJnrhid0o_kjG5Vo59--0vYQKrM#_ftnref1\" name=\"_ftn1\">[1]<\/a>\u00a0https:\/\/video.blast-info.fr\/w\/bf64ccd4-b751-4374-ab0c-8b716218e295<\/p>\n<p class=\"selectionShareable\"><a href=\"https:\/\/qgdecolonial.fr\/france-israel-palestine-au-nom-du-beau-defaire-les-cinq-noeuds\/?fbclid=IwAR1wiAvda8ZaIeih4EaLvSY7gkEt03WQrJnrhid0o_kjG5Vo59--0vYQKrM#_ftnref2\" name=\"_ftn2\">[2]<\/a>\u00a0https:\/\/www.contretemps.eu\/algerie-palestine-colonisation-violence-oppression\/<\/p>\n<p class=\"selectionShareable\"><a href=\"https:\/\/qgdecolonial.fr\/france-israel-palestine-au-nom-du-beau-defaire-les-cinq-noeuds\/?fbclid=IwAR1wiAvda8ZaIeih4EaLvSY7gkEt03WQrJnrhid0o_kjG5Vo59--0vYQKrM#_ftnref3\" name=\"_ftn3\">[3]<\/a>\u00a0Tout le monde comprendra que je ne compte plus Roussel dans la gauche radicale<\/p>\n<p class=\"selectionShareable\"><a href=\"https:\/\/qgdecolonial.fr\/france-israel-palestine-au-nom-du-beau-defaire-les-cinq-noeuds\/?fbclid=IwAR1wiAvda8ZaIeih4EaLvSY7gkEt03WQrJnrhid0o_kjG5Vo59--0vYQKrM#_ftnref4\" name=\"_ftn4\">[4]<\/a>\u00a0https:\/\/www.contretemps.eu\/litterature-antisemite-mythes-domination-juive\/<\/p>\n<p class=\"selectionShareable\"><a href=\"https:\/\/qgdecolonial.fr\/france-israel-palestine-au-nom-du-beau-defaire-les-cinq-noeuds\/?fbclid=IwAR1wiAvda8ZaIeih4EaLvSY7gkEt03WQrJnrhid0o_kjG5Vo59--0vYQKrM#_ftnref5\" name=\"_ftn5\">[5]<\/a>\u00a0https:\/\/www.mediapart.fr\/journal\/politique\/101123\/antisemitisme-les-fautes-de-jean-luc-melenchon<\/p>\n<p class=\"selectionShareable\"><a href=\"https:\/\/qgdecolonial.fr\/france-israel-palestine-au-nom-du-beau-defaire-les-cinq-noeuds\/?fbclid=IwAR1wiAvda8ZaIeih4EaLvSY7gkEt03WQrJnrhid0o_kjG5Vo59--0vYQKrM#_ftnref6\" name=\"_ftn6\">[6]<\/a>\u00a0Marche contre l\u2019islamophobie<\/p>\n<\/div>\n<p><a href=\"https:\/\/qgdecolonial.fr\/france-israel-palestine-au-nom-du-beau-defaire-les-cinq-noeuds\/?fbclid=IwAR1wiAvda8ZaIeih4EaLvSY7gkEt03WQrJnrhid0o_kjG5Vo59--0vYQKrM\">SOURCE\u00a0<\/a><\/p>\n<div class=\"entry-content\">\n<p class=\"selectionShareable\"><strong><a href=\"https:\/\/qgdecolonial.fr\/france-israel-palestine-au-nom-du-beau-defaire-les-cinq-noeuds\/?fbclid=IwAR1wiAvda8ZaIeih4EaLvSY7gkEt03WQrJnrhid0o_kjG5Vo59--0vYQKrM#_ftn2\" name=\"_ftnref2\"><\/a><\/strong><\/p>\n<\/div>\n","protected":false},"excerpt":{"rendered":"<p>\u00ab\u00a0Soit on croit \u00e0 l\u2019innocence des humains, et j\u2019ai conscience que quand on grandit \u00e0\u00a0Gaza il est difficile de croire \u00e0 l\u2019innocence des humains, car croire \u00e0 l\u2019innocence c\u2019est d\u2019une certaine mani\u00e8re croire \u00e0 la beaut\u00e9. Et quand on est compl\u00e8tement priv\u00e9 de n\u2019importe quelle forme de beaut\u00e9, c\u2019est compliqu\u00e9 d\u2019y croire. C\u2019est comme croire &#8230; <a title=\"France-Isra\u00ebl-Palestine : au nom du Beau, d\u00e9faire les cinq n\u0153uds\" class=\"read-more\" href=\"https:\/\/bruxelles-pantheres.be\/?p=5796\" aria-label=\"En savoir plus sur France-Isra\u00ebl-Palestine : au nom du Beau, d\u00e9faire les cinq n\u0153uds\">Lire la suite<\/a><\/p>\n","protected":false},"author":1,"featured_media":5552,"comment_status":"open","ping_status":"open","sticky":false,"template":"","format":"standard","meta":{"footnotes":""},"categories":[36,4,6,18,28],"tags":[147],"class_list":["post-5796","post","type-post","status-publish","format-standard","has-post-thumbnail","hentry","category-europe","category-islamophobie","category-palestine-moyen-orient","category-resistance-bruxelles","category-racismes","tag-houria-bouteldja"],"_links":{"self":[{"href":"https:\/\/bruxelles-pantheres.be\/index.php?rest_route=\/wp\/v2\/posts\/5796","targetHints":{"allow":["GET"]}}],"collection":[{"href":"https:\/\/bruxelles-pantheres.be\/index.php?rest_route=\/wp\/v2\/posts"}],"about":[{"href":"https:\/\/bruxelles-pantheres.be\/index.php?rest_route=\/wp\/v2\/types\/post"}],"author":[{"embeddable":true,"href":"https:\/\/bruxelles-pantheres.be\/index.php?rest_route=\/wp\/v2\/users\/1"}],"replies":[{"embeddable":true,"href":"https:\/\/bruxelles-pantheres.be\/index.php?rest_route=%2Fwp%2Fv2%2Fcomments&post=5796"}],"version-history":[{"count":1,"href":"https:\/\/bruxelles-pantheres.be\/index.php?rest_route=\/wp\/v2\/posts\/5796\/revisions"}],"predecessor-version":[{"id":5797,"href":"https:\/\/bruxelles-pantheres.be\/index.php?rest_route=\/wp\/v2\/posts\/5796\/revisions\/5797"}],"wp:featuredmedia":[{"embeddable":true,"href":"https:\/\/bruxelles-pantheres.be\/index.php?rest_route=\/wp\/v2\/media\/5552"}],"wp:attachment":[{"href":"https:\/\/bruxelles-pantheres.be\/index.php?rest_route=%2Fwp%2Fv2%2Fmedia&parent=5796"}],"wp:term":[{"taxonomy":"category","embeddable":true,"href":"https:\/\/bruxelles-pantheres.be\/index.php?rest_route=%2Fwp%2Fv2%2Fcategories&post=5796"},{"taxonomy":"post_tag","embeddable":true,"href":"https:\/\/bruxelles-pantheres.be\/index.php?rest_route=%2Fwp%2Fv2%2Ftags&post=5796"}],"curies":[{"name":"wp","href":"https:\/\/api.w.org\/{rel}","templated":true}]}}