{"id":5799,"date":"2023-11-28T12:53:45","date_gmt":"2023-11-28T11:53:45","guid":{"rendered":"https:\/\/bruxelles-pantheres.be\/?p=5799"},"modified":"2023-11-28T12:57:05","modified_gmt":"2023-11-28T11:57:05","slug":"quand-einstein-appelait-fascistes-ceux-qui-gouvernent-israel-depuis-44-ans","status":"publish","type":"post","link":"https:\/\/bruxelles-pantheres.be\/?p=5799","title":{"rendered":"Quand Einstein appelait \u00ab fascistes \u00bb ceux qui gouvernent Isra\u00ebl depuis 44 ans&#8230;"},"content":{"rendered":"<p>Netanyahou et son gouvernement sont en train de faire tout leur possible pour confirmer pleinement ce que Einstein avait d\u00e9j\u00e0 constat\u00e9 et d\u00e9nonc\u00e9 publiquement en 1948 : que Menahem Begin et ses amis du Likoud, dont Netanyahou est l\u2019h\u00e9ritier id\u00e9ologique et le fid\u00e8le continuateur de leur politique, sont des \u00ab fascistes \u00bb, des \u00ab racistes \u00bb, des \u00ab criminels \u00bb et des \u00ab terroristes \u00bb qui vont in\u00e9luctablement conduire Isra\u00ebl \u00e0 la \u00ab catastrophe finale \u00bb.<\/p>\n<p>Nous n\u2019avons pas le moindre doute que s\u2019il \u00e9tait en vie, Einstein serait aujourd\u2019hui en premi\u00e8re ligne des manifestations de soutien aux Palestiniens de Gaza, au coude \u00e0 coude avec les admirables jeunes juifs et juives de If Not Now, dont il serait tr\u00e8s fier. Et qu\u2019il serait d\u2019accord avec un autre grand juif, le seul dirigeant de l\u2019insurrection du Ghetto de Varsovie qui a surv\u00e9cu, le quo-fondateur du l\u00e9gendaire syndicat ouvrier polonais Solidarnosc Marek Edelman quand celui-ci \u00e9tablissait un parall\u00e8le entre l\u2019insurrection du ghetto de Varsovie et le combat des Palestiniens.<!--more--><\/p>\n<p><img decoding=\"async\" class=\"aligncenter\" src=\"https:\/\/www.cadtm.org\/local\/cache-vignettes\/L560xH374\/arton20159-5cbbd.jpg?1680914487\" \/><\/p>\n<div class=\"chapo\">\n<p>\u00c9videmment, ce n\u2019est pas un hasard si les photos des activit\u00e9s du mouvement juif pro-palestinien If Not Now illustrent\u00a0 notre texte. Depuis, plus de deux ans des centaines d\u2019autres jeunes juifs sont venus grossir les rangs de ce mouvement anti-sioniste, capable aujourd\u2019hui de mobiliser des milliers des manifestants presque partout aux \u00c9tats-Unis, au point que la grande dame du peuple Palestinien <strong>Hanan Ashrawi<\/strong> fasse sur Al Jazeera (29\/10\/23) leur \u00e9loge en soulignant combien leur lutte est pr\u00e9cieuse aux Palestiniens \u00e0 ce moment terrible de leur histoire. Assur\u00e9ment, leur combat si exemplaire repr\u00e9sente plus qu\u2019une lueur d\u2019espoir maintenant qu\u2019il est presque minuit dans notre si\u00e8cle\u2026<\/p>\n<\/div>\n<div class=\"texte\">\n<p>Que diriez-vous si le tristement c\u00e9l\u00e8bre raciste et antis\u00e9mite premier ministre hongrois Victor Orban accusait Einstein&#8230; d\u2019antis\u00e9mitisme\u00a0? Et aussi, Hannah Arendt\u00a0? Et \u00e9galement, le plus embl\u00e9matique des \u00e9crivains de l\u2019Holocauste, l\u2019Italien Primo Levi\u00a0? Impensable et inimaginable\u00a0? Non. Pas du tout si on pense que c\u2019est exactement ce qui se passe actuellement, et m\u00eame \u00e0 l\u2019\u00e9chelle mondiale. Et pas par un seul Orban mais par plusieurs racistes et antis\u00e9mites notoires qui, avec la b\u00e9n\u00e9diction des \u00e9tablissements de toute esp\u00e8ce, collent l\u2019\u00e9tiquette d\u2019antis\u00e9mite sur leurs adversaires politiques -d\u2019habitude antifascistes, antiracistes et&#8230; de gauche- afin de les d\u00e9truire\u00a0!\u2026<\/p>\n<p>Ici, il ne s\u2019agit pas d\u2019une affaire marginale et occasionnelle mais d\u2019une vraie machine de guerre mise en place, ces 3-4 derni\u00e8res ann\u00e9es, par des milieux de droite, d\u2019extr\u00eame droite et m\u00eame social-d\u00e9mocraties qui visent \u00e0 abattre leurs adversaires progressistes, r\u00e9els ou suppos\u00e9s. Comme par exemple, entre plusieurs autres, le Britannique Jeremy Corbyn (qu\u2019ils ont finalement r\u00e9ussi \u00e0 faire dispara\u00eetre), le Fran\u00e7ais Jean-Luc Melenchon (qui a surv\u00e9cu mais s\u00e9v\u00e8rement traumatis\u00e9), ou l\u2019Am\u00e9ricain -et juif- Bernie Sanders (qui a r\u00e9sist\u00e9 et les a mis en fuite gr\u00e2ce au soutien tr\u00e8s actif du mouvement grandissant des jeunes juifs antisionistes)<span class=\"spip_note_ref\">\u00a0[<a id=\"nh2-1\" class=\"spip_note\" title=\"Voir nos articles \u201cUne nouvelle g\u00e9n\u00e9ration de Juifs am\u00e9ricains contre Trump et\u00a0(...)\" href=\"https:\/\/www.cadtm.org\/Quand-Einstein-appelait-fascistes-ceux-qui-gouvernent-Israel-depuis-44-ans#nb2-1\" rel=\"appendix\">1<\/a>]<\/span>. Dans tous ces cas, il suffit la moindre critique adress\u00e9e aux politiques du gouvernement isra\u00e9lien ou le moindre soutien \u00e0 la cause palestinienne, pour que soit lanc\u00e9e contre le \u00ab\u00a0coupable\u00a0\u00bb une attaque politico-m\u00e9diatique en r\u00e8gle, proche du lynchage public, avec l\u2019accusation qu\u2019il est&#8230; antis\u00e9mite\u00a0! Et comme si tout \u00e7a ne suffisait pas, plusieurs gouvernements de droite de l\u2019UE mais aussi des \u00c9tats f\u00e9d\u00e9raux des USA, font derni\u00e8rement un pas de plus, en adoptant des lois qui, au nom de la lutte contre l\u2019antis\u00e9mitisme, interdisent et criminalisent toute critique des politiques inhumaines des gouvernements -d\u2019extr\u00eame-droite- isra\u00e9liens&#8230;<\/p>\n<p>Alors, vue que l\u2019unique crit\u00e8re pour la d\u00e9finition de cet \u201cantis\u00e9mitisme\u201d semble \u00eatre le positionnement envers Isra\u00ebl et ses gouvernements, on arrive \u00e0 la situation tragi-comique suivante\u00a0: Que les divers Netanyahou et leurs associ\u00e9s honorent en tant que \u201camis d\u2019Isra\u00ebl\u201d et \u201calli\u00e9s strat\u00e9giques\u201d de l\u2019\u00c9tat juif des racistes et antis\u00e9mites patent\u00e9s comme les gouvernants de Pologne, de Hongrie, de Slov\u00e9nie, comme l\u2019ex pr\u00e9sident des \u00c9tats-Unis Donald Trump, les extr\u00e9mistes de droite Europ\u00e9ens Salvini, Wilders, Dewinter ou comme les \u00c9vang\u00e9listes am\u00e9ricains et tant d\u2019autres. Et le comble est qu\u2019en m\u00eame temps sont d\u00e9nonc\u00e9s comme \u00ab\u00a0antis\u00e9mites\u00a0\u00bb des antiracistes et antifascistes bien connus qui, souvent, ont pass\u00e9 leur vie \u00e0 lutter contre des antis\u00e9mites comme&#8230; les actuels \u00ab\u00a0amis d\u2019Isra\u00ebl\u00a0\u00bb\u00a0!<\/p>\n<p>Voici donc pourquoi \u201cl\u2019alli\u00e9 strat\u00e9gique\u201d et grand ami de M.\u00a0Netanyahou et de ses \u00e9pigones politiques, le premier ministre hongrois Victor Orban pourrait tr\u00e8s bien d\u00e9noncer, et m\u00eame faire juger pour&#8230; antis\u00e9mitisme le juif Albert Einstein parce que ce dernier a os\u00e9 dire et \u00e9crire les choses \u00ab\u00a0inconcevables\u00a0\u00bb suivantes, qui ont \u00e9t\u00e9 publi\u00e9es au\u00a0<i>New York Times<\/i>\u00a0il y a 73 ans\u00a0:<\/p>\n<div class=\"texte\">\n<table class=\"spip\">\n<tbody>\n<tr class=\"row_odd odd\">\n<td>Lettre au\u00a0<i>New York Times<\/i><br class=\"autobr\" \/>Nouveau Parti Palestinien<br class=\"autobr\" \/>La visite de Menahem Begin et les objectifs de son mouvement politique<\/p>\n<p><strong>Aux \u00e9diteurs de\u00a0<i>New York Times<\/i><\/strong><\/p>\n<p>Parmi les ph\u00e9nom\u00e8nes politiques les plus inqui\u00e9tants de notre \u00e9poque, est l\u2019\u00e9mergence, \u00e0 l\u2019int\u00e9rieur de l\u2019\u00c9tat d\u2019Isra\u00ebl, nouvellement cr\u00e9\u00e9, du \u00ab\u00a0Parti de la Libert\u00e9\u00a0\u00bb (Tnuat Haherut), un parti politique qui ressemble beaucoup, dans son organisation, ses m\u00e9thodes, sa philosophie politique et ses pr\u00e9tentions sociales, aux partis politiques nazis et fascistes. Il a \u00e9t\u00e9 cr\u00e9\u00e9 par des membres et sympathisants de l\u2019ancien Irgun Zvai Leumi, une organisation chauvine, droiti\u00e8re et terroriste, en Palestine.<\/p>\n<p>La visite en cours, aux \u00c9tats-Unis, de Menachem BEGIN, chef de ce parti, a, de toute \u00e9vidence, comme objectif de cr\u00e9er l\u2019impression qu\u2019il y a un soutien am\u00e9ricain \u00e0 son parti aux prochaines \u00e9lections isra\u00e9liennes, et de renforcer les liens politiques avec les \u00e9l\u00e9ments sionistes conservateurs am\u00e9ricains. Plusieurs Am\u00e9ricains de r\u00e9putation nationale ont pr\u00eat\u00e9 leur nom pour soutenir sa visite. Il est inconcevable que ceux qui luttent contre le fascisme \u00e0 travers le monde, si correctement inform\u00e9s sur le pass\u00e9 politique de Monsieur Begin et ses ambitions, puissent ajouter leur nom au soutien du mouvement qu\u2019il repr\u00e9sente.<\/p>\n<p>Avant que des dommages irr\u00e9parables soient caus\u00e9s par des contributions financi\u00e8res, par des manifestations publiques de soutien au profit de Begin et par la cr\u00e9ation, en Palestine, de l\u2019impression qu\u2019une grande partie de l\u2019Am\u00e9rique soutient les \u00e9l\u00e9ments fascistes en Isra\u00ebl, l\u2019opinion publique am\u00e9ricaine doit \u00eatre inform\u00e9e sur le pass\u00e9 et les objectifs de M.\u00a0Begin et de son mouvement.<\/p>\n<p>Ce que dit publiquement le parti de M.\u00a0Begin, cache son vrai caract\u00e8re. Aujourd\u2019hui, ils parlent de libert\u00e9, de d\u00e9mocratie et d\u2019anti-imp\u00e9rialisme, alors que, jusqu\u2019il y a peu, ils pr\u00eachaient ouvertement la doctrine de l\u2019\u00c9tat fasciste. C\u2019est dans ses actions que le parti terroriste trahit ses r\u00e9elles aspirations. C\u2019est \u00e0 la lumi\u00e8re de ses actions pass\u00e9es, que nous pouvons juger ce qu\u2019on peut s\u2019attendre qu\u2019il fasse dans le futur.<\/p>\n<p><strong>Attaque \u00e0 un village arabe<\/strong><\/p>\n<p>Un exemple choquant a \u00e9t\u00e9 donn\u00e9 par ce qu\u2019ils ont fait contre le village arabe de Deir Yassin. Ce village, situ\u00e9 \u00e0 l\u2019\u00e9cart des routes principales et entour\u00e9es de terres juives, n\u2019a pris aucune part \u00e0 la guerre et a m\u00eame combattu des groupes arabes qui avaient l\u2019intention d\u2019\u00e9tablir leur base dans ce village. Le 9 avril, selon le\u00a0<i>New York Times<\/i>, des groupes terroristes ont attaqu\u00e9 ce paisible village, qui n\u2019\u00e9tait en rien un objectif militaire dans ce conflit, et ont tu\u00e9 la plupart de ses habitants (240 personnes, hommes, femmes et enfants), et en ont gard\u00e9 quelques uns en vie, afin de les faire parader, en tant que prisonniers, dans les rues de J\u00e9rusalem. La plus grande partie de la Communaut\u00e9 Juive fut horrifi\u00e9e par cette d\u00e9monstration et l\u2019Agence Juive envoya un t\u00e9l\u00e9gramme d\u2019excuses au roi Abdullah de Cisjordanie. Cependant, les terroristes, bien loin de regretter leur geste, tir\u00e8rent fiert\u00e9 de ce massacre, en firent largement publicit\u00e9, et invit\u00e8rent tous les correspondants \u00e9trangers pr\u00e9sents dans le pays, pour voir les cadavres entass\u00e9s et les d\u00e9g\u00e2ts caus\u00e9s au village de Deir Yassin.<\/p>\n<p>L\u2019incident de Deir Yassin illustre le caract\u00e8re et les actions du Parti de la Libert\u00e9.<\/p>\n<p>\u00c0 l\u2019int\u00e9rieur de la Communaut\u00e9 juive, ils pr\u00eachent un m\u00e9lange d\u2019ultra-nationalisme, de mysticisme religieux et de sup\u00e9riorit\u00e9 raciale. A l\u2019instar d\u2019autres partis fascistes, ils ont pris l\u2019habitude de briser des gr\u00e8ves et ont exerc\u00e9, eux-m\u00eames, des pressions afin d\u2019\u00e9liminer les syndicats ind\u00e9pendants. Dans leur \u00e9lan, ils ont propos\u00e9 la cr\u00e9ation de syndicats corporatistes sur le mod\u00e8le de l\u2019Italie fasciste.<\/p>\n<p>Au cours de ces derni\u00e8res ann\u00e9es de violence sporadique \u00e0 l\u2019encontre des int\u00e9r\u00eats britanniques, les groupes IZL et STERN ont inaugur\u00e9 le r\u00e8gne de la terreur au sein de la Communaut\u00e9 juive de Palestine. Des enseignants ont \u00e9t\u00e9 battus parce qu\u2019ils ont parl\u00e9 contre eux, et des adultes ont \u00e9t\u00e9 abattus parce qu\u2019ils n\u2019ont pas autoris\u00e9 leurs enfants \u00e0 les rejoindre. C\u2019est par des m\u00e9thodes de gangsters, des coups, des vitrines bris\u00e9es, des nombreux braquages, que les terroristes sont parvenus \u00e0 intimider la population et \u00e0 lui extorquer des grandes sommes d\u2019argent.<\/p>\n<p>Les membres du Parti de la Libert\u00e9 n\u2019ont jou\u00e9 aucun r\u00f4le dans les \u00e9v\u00e9nements cr\u00e9atifs en Palestine. Ils n\u2019ont r\u00e9cup\u00e9r\u00e9 aucune terre, construit aucune colonie, et n\u2019ont fait qu\u2019affaiblir l\u2019activit\u00e9 de la d\u00e9fense Juive. Leurs efforts pour l\u2019immigration, \u00e0 grand renfort de publicit\u00e9, ont \u00e9t\u00e9 insignifiants et orient\u00e9s principalement \u00e0 porter en Palestine leurs compatriotes fascistes.<\/p>\n<p><strong>Des d\u00e9calages constat\u00e9s<\/strong><\/p>\n<p>Les d\u00e9calages entre les pr\u00e9tentions hardies, formul\u00e9es \u00e0 pr\u00e9sent par Begin et son parti, et l\u2019historique de leurs actions pass\u00e9es en Palestine, portent l\u2019empreinte d\u2019un parti politique qui n\u2019est pas comme les autres. C\u2019est la marque indiscutable d\u2019un parti fasciste pour lequel le terrorisme (contre les Juifs, les Arabes, aussi bien que les Britanniques) et la falsification sont les moyens, et \u201cl\u2019\u00c9tat Dominant\u201d, le but.<\/p>\n<p>A la lumi\u00e8re de ces consid\u00e9rations, il est imp\u00e9ratif que la v\u00e9rit\u00e9, au sujet de Mr\u00a0Begin et de son mouvement, soit connue dans ce pays. Il n\u2019y a rien de plus tragique que de constater que la direction du Sionisme Am\u00e9ricain a refus\u00e9 de mener campagne contre les efforts de Begin, ou d\u2019exposer \u00e0 ses propres \u00e9lecteurs les dangers que repr\u00e9sente pour Isra\u00ebl le soutien \u00e0 Begin.<\/p>\n<p>Par cons\u00e9quent, les soussign\u00e9s ont recours \u00e0 ce moyen pour pr\u00e9senter publiquement quelques faits marquants concernant Mr\u00a0Begin et son parti, et pour inciter toute personne concern\u00e9e \u00e0 ne pas soutenir cette derni\u00e8re manifestation de fascisme.<\/p>\n<p>Isidore ABRAMOWITZ, Hannah ARENDT, Abraham BRICK, Rabbi Jessurun CARDOZO, Albert EINSTEIN, Herman EISEN, M.D., Hayim FINEMAN, M.\u00a0GALLEN, M.D., H.H. HARRIS, Zelig S. HARRIS, Sidney HOOK, Fred KARUSH, Bruria KAUFMAN, Irma L. LINDHEIM, Nachman MAISEL, Seymour MELMAN, Myer D. MENDELSON, M.D. Harry M.\u00a0OSLINSKY, Samuel PITLICK, Fritz ROHRLICH, Louis P. ROCKER, Ruth SAGIS, Itzhak SANKOWSKY, I.J. SHOENBERG, Samuel SHUMAN, M.\u00a0SINGER, Irma WOLFE, Stephan WOLF.<\/p>\n<p>New York, 2 d\u00e9cembre 1948<\/td>\n<\/tr>\n<\/tbody>\n<\/table>\n<p>La grande importance de cette lettre ne consiste pas tant au fait que des personnalit\u00e9s comme Einstein<span class=\"spip_note_ref\">\u00a0[<a id=\"nh2-2\" class=\"spip_note\" title=\"Einstein aurait pu devenir pr\u00e9sident d\u2019Isra\u00ebl s\u2019il avait accept\u00e9 en Novembre\u00a0(...)\" href=\"https:\/\/www.cadtm.org\/Quand-Einstein-appelait-fascistes-ceux-qui-gouvernent-Israel-depuis-44-ans#nb2-2\" rel=\"appendix\">2<\/a>]<\/span>\u00a0et Hannah Arendt qualifient Begin et son parti de \u201cfascistes\u201d, c\u2019est \u00e0 dire qu\u2019elles font quelque chose qui serait aujourd\u2019hui plus que suffisant pour que les m\u00e9dias leur collent le stigmate infamant d\u2019antis\u00e9mite, et pour que plusieurs des \u00c9tats de notre Europe Unie les poursuivent p\u00e9nalement. Le plus important c\u2019est que\u00a0<strong>les avertissements contenues dans cette lettre publique ont \u00e9t\u00e9 pleinement confirm\u00e9s durant ces 40 derni\u00e8res ann\u00e9es<\/strong>, et m\u00eame qu\u2019ils continuent \u00e0 \u00eatre confirm\u00e9s jour apr\u00e8s jour en Isra\u00ebl, et dans tout le Moyen Orient, avec les cons\u00e9quences tragiques que l\u2019on sait.<\/p>\n<p><span class=\"spip_document_21335 spip_documents spip_documents_center\"><img decoding=\"async\" class=\"aligncenter\" src=\"https:\/\/www.cadtm.org\/local\/cache-vignettes\/L375xH220\/2_2021-07-18_03_bernie-sanders-against-the-occupation-3eafe.jpg?1680785611\" alt=\"\" width=\"375\" height=\"220\" \/><\/span><\/p>\n<p>En effet,\u00a0<strong>le \u201cfasciste\u201d et \u201cterroriste\u201d Menahem Begin de 1948 est le m\u00eame Begin qui, 29 ans plus tard (1977), devient premier ministre d\u2019Isra\u00ebl\u00a0! Et il le fait \u00e0 la t\u00eate d\u2019un nouveau parti, le Likoud, qui a comme base constitutive son vieux parti de la \u201cLibert\u00e9\u201d (Herut), qu\u2019Einstein et Arendt d\u00e9non\u00e7aient en 1948 comme \u201cfasciste\u201d\u00a0!<\/strong>\u00a0Mais, le plus important est que depuis lors (1977), c\u2019est exactement ce Likoud qui gouverne Isra\u00ebl, en monopolisant le pouvoir puisque la confrontation fratricide -souvent tr\u00e8s violente- au sein du mouvement sioniste, qui a dur\u00e9 presque un si\u00e8cle (!), s\u2019est conclue avec la victoire totale du Likoud et la presque disparition du parti Travailliste des fondateurs de l\u2019\u00c9tat d\u2019Isra\u00ebl\u2026<\/p>\n<p>Mais,il ne s\u2019agit pas seulement de Begin, fondateur et chef de l\u2019organisation \u00ab\u00a0terroriste\u00a0\u00bb Irgoun.\u00a0<strong>Son successeur \u00e0 la direction du gouvernement isra\u00e9lien et du Likoud Yitzhak Shamir s\u2019est illustr\u00e9 \u00e0 la t\u00eate de -l\u2019encore plus droiti\u00e8re et terroriste- scission \u00e0 l\u2019int\u00e9rieur de l\u2019Irgoun, l\u2019organisation Stern,<\/strong>\u00a0qui, selon la lettre ouverte d\u2019Einstein et Arendt, ensemble avec Irgoun \u00ab\u00a0par des m\u00e9thodes de gangsters&#8230;ont inaugur\u00e9 le r\u00e8gne de la terreur au sein de la Communaut\u00e9 juive de Palestine\u00a0\u00bb\u00a0! Un \u00ab\u00a0r\u00e8gne de la terreur\u00a0\u00bb qui a co\u00fbt\u00e9 la vie \u00e0 des milliers de Palestiniens Arabes et Juifs\u2026<\/p>\n<p>Et quid de celui qui a occup\u00e9 le plus longtemps le poste de premier ministre d\u2019Isra\u00ebl, le pr\u00e9sident du Likoud Benyamin \u00ab\u00a0Bibi\u00a0\u00bb Netanyahou\u00a0? Sort-il lui aussi de la m\u00eame matrice \u00ab\u00a0fasciste\u00a0\u00bb qui a engendr\u00e9 Begin, Shamir et les autres dirigeants isra\u00e9liens d\u2019extr\u00eame-droite\u00a0? Bien que beaucoup plus jeune d\u2019eux,\u00a0<strong>Netanyahou peut afficher des rapports directs et m\u00eame familiaux avec les tendances les plus extr\u00e9mistes et carr\u00e9ment fascistes -et plus tard, scissionnistes- du sionisme \u00ab\u00a0R\u00e9visionniste\u00a0\u00bb<\/strong>\u00a0d\u00e9j\u00e0 tr\u00e8s droitier, inspir\u00e9, fond\u00e9 et dirig\u00e9 par\u00a0<strong>Ze\u2019ev Jabotinsky<\/strong>\u00a0il y a un si\u00e8cle. En effet, le p\u00e8re de \u00ab\u00a0Bibi\u00a0\u00bb, qui a servi de secr\u00e9taire de Jabotinsky, a suivi\u00a0<strong>Abba Ahimeir<\/strong>\u00a0quand celui-ci est entr\u00e9 en conflit avec Jabotinsky qui a rejet\u00e9 sa proposition de devenir un&#8230; Mussolini juif a la t\u00eate d\u2019un parti sioniste clairement fasciste<span class=\"spip_note_ref\">\u00a0[<a id=\"nh2-3\" class=\"spip_note\" title=\"Jabotinsky n\u2019\u00e9tait pas fasciste, mais Mussolini \u00e9tait d\u2019un autre avis quand il\u00a0(...)\" href=\"https:\/\/www.cadtm.org\/Quand-Einstein-appelait-fascistes-ceux-qui-gouvernent-Israel-depuis-44-ans#nb2-3\" rel=\"appendix\">3<\/a>]<\/span>. \u00c9troit collaborateur de cet id\u00e9ologue et th\u00e9oricien fasciste, le p\u00e8re de \u00ab\u00a0Bibi\u00a0\u00bb a dirig\u00e9 les publications de l\u2019organisation de Ahimeir, lequel a nou\u00e9 des liens assez \u00e9troits avec l\u2019Italie fasciste de Mussolini mais il n\u2019a jamais r\u00e9ussi la m\u00eame chose avec l\u2019Allemagne nazie bien qu\u2019il n\u2019a pas h\u00e9sit\u00e9 de faire l\u2019\u00e9loge d\u2019 Hitler en 1933\u00a0!<\/p>\n<p><span class=\"spip_document_21336 spip_documents spip_documents_center\"><img decoding=\"async\" class=\"aligncenter\" src=\"https:\/\/www.cadtm.org\/local\/cache-vignettes\/L428xH225\/3_2021-07-18_04_jewish-future-demands-16837.jpg?1680785611\" alt=\"\" width=\"428\" height=\"225\" \/><\/span><\/p>\n<p>Bien qu\u2019il n\u2019ait jamais eu une importante base populaire,\u00a0<strong>Ahimeir a influenc\u00e9 directement ou indirectement ceux qui ont fa\u00e7onn\u00e9 l\u2019Isra\u00ebl actuel<\/strong>. Ce n\u2019\u00e9tait pas seulement que son culte de la violence la plus brute, son extr\u00eame nationalisme et ses th\u00e9ories racistes aient impr\u00e9gn\u00e9 des organisations comme l\u2019Irgoun de Menahem Begin. C\u2019est que le fondateur de l\u2019organisation Stern a \u00e9t\u00e9 son \u00ab\u00a0enfant spirituel\u00a0\u00bb, comme d\u2019ailleurs l\u2019\u00e9tait aussi son chef militaire, le futur premier ministre d\u2019Isra\u00ebl Yitzhak Shamir. C\u2019est que\u00a0<strong>Benzion Netanyahou<\/strong>, qui a \u00e9t\u00e9 \u00ab\u00a0\u00e9l\u00e8ve\u00a0\u00bb et \u00e9troit collaborateur de Ahimeir, a influenc\u00e9 comme nul autre son fils Benyamin. Et peut \u00eatre pas seulement son fils mais aussi le fils de son fils, son tristement c\u00e9l\u00e8bre petit-fils\u00a0<strong>Yair Netanyahou<\/strong>\u00a0qui d\u00e9fraie la chronique par ses scandales, les caricatures antis\u00e9mites qu\u2019il publie et ses sympathies n\u00e9ofascistes pay\u00e9es en retour par les n\u00e9ofascistes Allemands et Am\u00e9ricains qui l\u2019appellent&#8230; \u00ab\u00a0fr\u00e8re\u00a0\u00bb et le consid\u00e8rent leur h\u00e9ros\u00a0!<\/p>\n<p>****<\/p>\n<p>Voici donc pourquoi\u00a0<strong>les avertissements concernant les malheurs qu\u2019allaient provoquer le \u201cfascisme\u201d et le \u201cterrorisme\u201d de Begin et de son parti, contenus dans la lettre ouverte d\u2019Albert Einstein et de Hannah Arendt, restent extraordinairement actuels 73 ans apr\u00e8s sa publication<\/strong>. Et c\u2019est exactement parce que les successeurs de Begin \u00e0 la t\u00eate du Likoud et d\u2019Isra\u00ebl sont chair de sa chair, des continuateurs de son \u0153uvre, des \u00e9l\u00e8ves de ses propres ma\u00eetres \u00e0 penser, et des d\u00e9positaires du m\u00eame patrimoine id\u00e9ologique, politique et organisationnel, que tout ce qu\u2019ils font aujourd\u2019hui en Isra\u00ebl, au Moyen Orient et dans le monde entier, ne sont ni des produits d\u2019improvisation, ni des astuces occasionnelles.\u00a0<strong>Ce sont des choix politiques qui ob\u00e9issent \u00e0 la \u00ab\u00a0logique\u00a0\u00bb d\u2019un courant politique extr\u00eamement dangereux, le courant \u00ab\u00a0R\u00e9visionniste\u00a0\u00bb du mouvement sioniste, qui a d\u00e9j\u00e0 derri\u00e8re lui une histoire s\u00e9culaire\u2026<\/strong><\/p>\n<p>Alors, sont-elles vraiment surprenantes et contre-nature les \u201calliances strat\u00e9giques\u201d et le flirt de Netanyahou et de ses amis avec la racaille internationale des anticommunistes et des racistes jur\u00e9s, lesquels \u00ab\u00a0par co\u00efncidence\u00a0\u00bb sont aussi des antis\u00e9mites jur\u00e9s. Non, pas du tout, puisque le premier \u00e0 pratiquer ces \u00ab\u00a0alliances contre-nature\u00a0\u00bb n\u2019\u00e9tait autre que le fondateur et th\u00e9oricien du R\u00e9visionnisme sioniste Ze\u2019ev Jabotinsky qui, pouss\u00e9 par sa haine visc\u00e9rale de la R\u00e9volution Russe, est all\u00e9 jusqu\u2019\u00e0 conclure une alliance avec le chef de guerre nationaliste et anticommuniste Ukrainien Petlioura, l\u2019arm\u00e9e duquel avait commis en 1917-1922&#8230;897 pogroms anti-juifs durant lesquels ont \u00e9t\u00e9 massacr\u00e9s au moins 30.000 juifs Ukrainiens\u00a0! D\u2019ailleurs, le m\u00eame anticommunisme pathologique a pouss\u00e9 les \u00e9l\u00e8ves et les successeurs de Jabotinsky \u00e0 flirter, sinon \u00e0 conclure occasionnellement des alliances, avec Mussolini ou m\u00eame avec Hitler\u00a0! Et tout \u00e7a avec\u00a0<strong>un raisonnement actualis\u00e9 aujourd\u2019hui par le tristement c\u00e9l\u00e8bre Yair, le rejeton de \u00ab\u00a0Bibi\u00a0\u00bb Netanyahou, quand il d\u00e9clare \u00ab\u00a0je pr\u00e9f\u00e8re les n\u00e9onazis aux voyous d\u2019Antifa et de Black Lives Matter\u00a0\u00bb\u2026<\/strong><\/p>\n<p><span class=\"spip_document_21337 spip_documents spip_documents_center\"><img decoding=\"async\" class=\"aligncenter\" src=\"https:\/\/www.cadtm.org\/local\/cache-vignettes\/L307xH230\/4_2021-07-18_05_jews-oppose-israels-war-132a0.jpg?1680785611\" alt=\"\" width=\"307\" height=\"230\" \/><\/span><\/p>\n<p>Manifestement, la m\u00eame chose vaut en ce qui concerne le culte de la violence brute ou la profonde haine des Palestiniens que nourrissent les dirigeants isra\u00e9liens de ces derni\u00e8res d\u00e9cennies. Encore une fois, ils n\u2019inventent rien de nouveau, vu qu\u2019ils n\u2019ont fait que r\u00e9p\u00e9ter les pratiques des organisations dont ils se revendiquent et pour lesquelles ils se d\u00e9clarent toujours fiers\u00a0: les terroristes et fascisantes Betar, Irgoun et Stern. Cependant, il y a une importante diff\u00e9rence entre hier et aujourd\u2019hui\u00a0: Hier, les Jabotinsky, Ahimeir, Begin et Shamir n\u2019\u00e9taient pas du tout \u00ab\u00a0pr\u00e9sentables\u00a0\u00bb et l\u2019\u00e9tablissement politique international \u00e9vitait leur compagnie, quand il ne les condamnait ouvertement. En d\u2019autres termes, ils \u00e9taient malfam\u00e9s&#8230;<\/p>\n<p>Aujourd\u2019hui, les choses sont tr\u00e8s diff\u00e9rentes.\u00a0<strong>Les \u00ab\u00a0fascistes\u00a0\u00bb et les \u00ab\u00a0terroristes\u00a0\u00bb malfam\u00e9s de 1948 sont devenus non seulement des \u00ab\u00a0amis\u00a0\u00bb et alli\u00e9s tout \u00e0 fait pr\u00e9sentables, mais aussi -et de plus en plus- des partenaires strat\u00e9giques privil\u00e9gi\u00e9s de ceux qui gouvernent ce monde, et m\u00eame des pyl\u00f4nes de leurs empires\u00a0!<\/strong>\u00a0Et ce qui est pire est que les \u00ab\u00a0fascistes\u00a0\u00bb et les \u00ab\u00a0terroristes\u00a0\u00bb d\u2019hier vont jusqu\u2019\u00e0 imposer aujourd\u2019hui leurs choix antid\u00e9mocratiques et autoritaires \u00e0 la plupart des gouvernements occidentaux\u00a0!<\/p>\n<p>Nous terminons donc ce texte comme nous l\u2019avons commenc\u00e9. Avec Einstein et ses avertissements. Quelques jours apr\u00e8s le massacre de Deir Yassin, ceux qui repr\u00e9sentaient aux \u00c9tats-Unis les organisations qui avaient commis ce massacre, ont eu la brillante id\u00e9e de s\u2019adresser \u00e0 Einstein pour lui demander son soutien. La r\u00e9ponse du grand savant juif, qui reste -malheureusement- largement inconnue, a \u00e9t\u00e9 presque laconique, tout juste 50 mots\u00a0:<\/p>\n<table class=\"spip\">\n<tbody>\n<tr class=\"row_odd odd\">\n<td>M.\u00a0Shepard Rifkin, Directeur ex\u00e9cutif<br class=\"autobr\" \/>Amis Am\u00e9ricains des Combattants pour la Libert\u00e9 d\u2019Isra\u00ebl<\/p>\n<p>Cher Monsieur,<\/p>\n<p>Lorsque une catastrophe r\u00e9elle et finale nous surprendra en Palestine, les premiers responsables seront les Britanniques et les seconds seront les organisations terroristes n\u00e9es de nos rangs.<br class=\"autobr\" \/>Je ne veux voir personne qui soit associ\u00e9 \u00e0 ces gens qui font fausse route et sont des criminels.<br class=\"autobr\" \/>Sinc\u00e8rement v\u00f4tre,<br class=\"autobr\" \/>Albert Einstein<\/td>\n<\/tr>\n<\/tbody>\n<\/table>\n<p>Malheureusement, tout montre qu\u2019Einstein a eu de nouveau raison. Avec les Britanniques \u00e9tant depuis longtemps un lointain souvenir, ce sont effectivement les \u00e9pigones des \u00ab\u00a0organisations terroristes\u00a0\u00bb de 1948 qui in\u00e9luctablement conduisent Isra\u00ebl -qu\u2019ils gouvernent- vers la \u00ab\u00a0catastrophe finale\u00a0\u00bb\u00a0! Un Isra\u00ebl qui peut se montrer maintenant plus puissant et arrogant que jamais, mais qui, en m\u00eame temps, est en train de traverser sa plus grande crise existentielle de son histoire, pourrissant et se d\u00e9sint\u00e9grant \u00e0 son int\u00e9rieur. Le compte \u00e0 rebours a d\u00e9j\u00e0 commenc\u00e9 et l\u2019heure de la v\u00e9rit\u00e9 approche\u2026<\/p>\n<p><span class=\"spip_document_21338 spip_documents spip_documents_center\"><img decoding=\"async\" class=\"aligncenter\" src=\"https:\/\/www.cadtm.org\/local\/cache-vignettes\/L580xH387\/5_2021-07-18_06_albert-einstein-letter-ccd8a.jpg?1680785611\" alt=\"\" width=\"580\" height=\"387\" \/><\/span><\/p>\n<\/div>\n<div class=\"socialtags\"><\/div>\n<div class=\"notes\">\n<h5>Notes<\/h5>\n<div id=\"nb2-1\">\n<p><span class=\"spip_note_ref\">[<a class=\"spip_note\" title=\"Notes 2-1\" href=\"https:\/\/www.cadtm.org\/Quand-Einstein-appelait-fascistes-ceux-qui-gouvernent-Israel-depuis-44-ans#nh2-1\" rev=\"appendix\">1<\/a>]\u00a0<\/span>Voir nos articles \u201cUne nouvelle g\u00e9n\u00e9ration de Juifs am\u00e9ricains contre Trump et Netanyahou\u00a0!\u201d\u00a0<a class=\"spip_out\" href=\"https:\/\/cadtm.org\/Une-nouvelle-generation-de-Juifs\" target=\"_blank\" rel=\"external noopener\">https:\/\/cadtm.org\/Une-nouvelle-generation-de-Juifs<\/a><\/p>\n<p>Et aussi, \u201cDes br\u00e8ches b\u00e9antes dans la sainte alliance am\u00e9ricano-isra\u00e9lienne\u00a0!\u201d\u00a0:\u00a0<a class=\"spip_out\" href=\"https:\/\/cadtm.org\/Des-breches-beantes-dans-la-sainte-alliance-americano-israelienne\" target=\"_blank\" rel=\"external noopener\">https:\/\/cadtm.org\/Des-breches-beantes-dans-la-sainte-alliance-americano-israelienne<\/a><\/p>\n<\/div>\n<div id=\"nb2-2\">\n<p><span class=\"spip_note_ref\">[<a class=\"spip_note\" title=\"Notes 2-2\" href=\"https:\/\/www.cadtm.org\/Quand-Einstein-appelait-fascistes-ceux-qui-gouvernent-Israel-depuis-44-ans#nh2-2\" rev=\"appendix\">2<\/a>]\u00a0<\/span>Einstein aurait pu devenir pr\u00e9sident d\u2019Isra\u00ebl s\u2019il avait accept\u00e9 en Novembre 1952, la proposition que lui avait faite le fondateur de l\u2019\u00c9tat d\u2019Isra\u00ebl David Ben Gourion de succ\u00e9der \u00e0 Ha\u00efm Weizmann qui venait de mourir, \u00e0 la pr\u00e9sidence D\u2019Isra\u00ebl.<\/p>\n<\/div>\n<div id=\"nb2-3\">\n<p><span class=\"spip_note_ref\">[<a class=\"spip_note\" title=\"Notes 2-3\" href=\"https:\/\/www.cadtm.org\/Quand-Einstein-appelait-fascistes-ceux-qui-gouvernent-Israel-depuis-44-ans#nh2-3\" rev=\"appendix\">3<\/a>]\u00a0<\/span>Jabotinsky n\u2019\u00e9tait pas fasciste, mais Mussolini \u00e9tait d\u2019un autre avis quand il d\u00e9clarait en 1935 au future grand rabbin de Rome Davide Prato\u00a0:\u00a0<strong>\u00ab\u00a0Pour que sionisme r\u00e9ussisse, vous avez besoin d\u2019un \u00c9tat juif, d\u2019un drapeau juif et d\u2018une langue juive. La personne qui comprend tout \u00e7a est votre propre fasciste, Jabotinsky\u00a0\u00bb<\/strong>.<\/p>\n<\/div>\n<\/div>\n<div class=\"bio\">\n<div class=\"photeur\">\n<div class=\"auteur\">\n<h3>Auteur.e<\/h3>\n<\/div>\n<div class=\"logoauteur\"><img decoding=\"async\" class=\"spip_logo spip_logos\" src=\"https:\/\/www.cadtm.org\/local\/cache-gd2\/5b\/0534a6ea6f7d42fb8271b1b568fafe.jpg?1680773160\" alt=\"\" width=\"87\" height=\"87\" \/><\/div>\n<div class=\"logocadtm\"><img decoding=\"async\" class=\"spip_logo spip_logos\" src=\"https:\/\/www.cadtm.org\/IMG\/moton736.png?1430120656\" alt=\"\" width=\"90\" height=\"28\" \/><\/div>\n<\/div>\n<p><a href=\"https:\/\/www.cadtm.org\/Yorgos-Mitralias?lang=fr\"><span id=\"nom\">Yorgos Mitralias\u00a0<\/span><\/a>Journaliste, Giorgos Mitralias est l\u2019un des fondateurs et animateurs du\u00a0<a class=\"spip_out\" href=\"http:\/\/www.contra-xreos.gr\/\" target=\"_blank\" rel=\"external noopener\">Comit\u00e9 grec contre la dette<\/a>, membre du r\u00e9seau international CADTM et de la Campagne Grecque pour l\u2019Audit de la Dette. Membre de la\u00a0<a class=\"spip_in\" href=\"https:\/\/www.cadtm.org\/Discours-de-la-presidente-du\">Commission pour la v\u00e9rit\u00e9 sur la dette grecque<\/a>\u00a0et initiateur de l\u2019appel de soutien \u00e0 cette Commission.<\/p>\n<\/div>\n<\/div>\n","protected":false},"excerpt":{"rendered":"<p>Netanyahou et son gouvernement sont en train de faire tout leur possible pour confirmer pleinement ce que Einstein avait d\u00e9j\u00e0 constat\u00e9 et d\u00e9nonc\u00e9 publiquement en 1948 : que Menahem Begin et ses amis du Likoud, dont Netanyahou est l\u2019h\u00e9ritier id\u00e9ologique et le fid\u00e8le continuateur de leur politique, sont des \u00ab fascistes \u00bb, des \u00ab racistes &#8230; <a title=\"Quand Einstein appelait \u00ab fascistes \u00bb ceux qui gouvernent Isra\u00ebl depuis 44 ans&#8230;\" class=\"read-more\" href=\"https:\/\/bruxelles-pantheres.be\/?p=5799\" aria-label=\"En savoir plus sur Quand Einstein appelait \u00ab fascistes \u00bb ceux qui gouvernent Isra\u00ebl depuis 44 ans&#8230;\">Lire la suite<\/a><\/p>\n","protected":false},"author":1,"featured_media":5802,"comment_status":"open","ping_status":"open","sticky":false,"template":"","format":"standard","meta":{"footnotes":""},"categories":[21,36,4,6,537,18,28],"tags":[87,186],"class_list":["post-5799","post","type-post","status-publish","format-standard","has-post-thumbnail","hentry","category-anti-imperialisme","category-europe","category-islamophobie","category-palestine-moyen-orient","category-presse-medias","category-resistance-bruxelles","category-racismes","tag-apartheid","tag-palestine"],"_links":{"self":[{"href":"https:\/\/bruxelles-pantheres.be\/index.php?rest_route=\/wp\/v2\/posts\/5799","targetHints":{"allow":["GET"]}}],"collection":[{"href":"https:\/\/bruxelles-pantheres.be\/index.php?rest_route=\/wp\/v2\/posts"}],"about":[{"href":"https:\/\/bruxelles-pantheres.be\/index.php?rest_route=\/wp\/v2\/types\/post"}],"author":[{"embeddable":true,"href":"https:\/\/bruxelles-pantheres.be\/index.php?rest_route=\/wp\/v2\/users\/1"}],"replies":[{"embeddable":true,"href":"https:\/\/bruxelles-pantheres.be\/index.php?rest_route=%2Fwp%2Fv2%2Fcomments&post=5799"}],"version-history":[{"count":1,"href":"https:\/\/bruxelles-pantheres.be\/index.php?rest_route=\/wp\/v2\/posts\/5799\/revisions"}],"predecessor-version":[{"id":5801,"href":"https:\/\/bruxelles-pantheres.be\/index.php?rest_route=\/wp\/v2\/posts\/5799\/revisions\/5801"}],"wp:featuredmedia":[{"embeddable":true,"href":"https:\/\/bruxelles-pantheres.be\/index.php?rest_route=\/wp\/v2\/media\/5802"}],"wp:attachment":[{"href":"https:\/\/bruxelles-pantheres.be\/index.php?rest_route=%2Fwp%2Fv2%2Fmedia&parent=5799"}],"wp:term":[{"taxonomy":"category","embeddable":true,"href":"https:\/\/bruxelles-pantheres.be\/index.php?rest_route=%2Fwp%2Fv2%2Fcategories&post=5799"},{"taxonomy":"post_tag","embeddable":true,"href":"https:\/\/bruxelles-pantheres.be\/index.php?rest_route=%2Fwp%2Fv2%2Ftags&post=5799"}],"curies":[{"name":"wp","href":"https:\/\/api.w.org\/{rel}","templated":true}]}}