{"id":580,"date":"2013-02-04T17:21:35","date_gmt":"2013-02-04T16:21:35","guid":{"rendered":"https:\/\/bruxelles-pantheres.be\/?p=580"},"modified":"2013-11-10T17:23:18","modified_gmt":"2013-11-10T16:23:18","slug":"nordine-saidi-inculpe-a-la-suite-dune-plainte-de-la-journaliste-caroline-fourest","status":"publish","type":"post","link":"https:\/\/bruxelles-pantheres.be\/?p=580","title":{"rendered":"Nordine Sa\u00efdi,  inculp\u00e9 \u00e0 la suite d\u2019une plainte de la journaliste Caroline Fourest"},"content":{"rendered":"<h1 align=\"center\"><em>COMMUNIQUE DE PRESSE<\/em><\/h1>\n<p><b>\u00a0<img decoding=\"async\" id=\"irc_mi\" alt=\"\" src=\"http:\/\/archives.sudpresse.be\/t-20120622-H3XNCD-0.jpg\" width=\"404\" height=\"276\" \/><\/b><\/p>\n<blockquote>\n<pre><strong>Nordine Sa\u00efdi, porte-parole du parti \u00c9GALIT\u00c9, \r\ninculp\u00e9 \u00e0 la suite d'une plainte de la journaliste Caroline Fourest<\/strong><\/pre>\n<\/blockquote>\n<p>Caroline Fourest\u00a0 n\u2019a visiblement pas dig\u00e9r\u00e9 le chahut auquel elle a eu droit lors de sa visite le 7 f\u00e9vrier 2012 \u00e0 l\u2019ULB. En effet, tout le monde aura entendu parler de l\u2019affaire \u00ab Burqa bla bla \u00bb\u00a0; ce chahut s\u2019est fait entendre jusque dans certains partis.<!--more--><\/p>\n<p>Une v\u00e9ritable chasse aux responsables du chahut s\u2019est ouverte depuis.<\/p>\n<p>Pour Caroline Fourest, le professeur Souhail Chichah en porte la responsabilit\u00e9 acad\u00e9mique parce qu\u2019il \u00e9tait membre du personnel de l\u2019ULB. Mais pour ce qui est de la responsabilit\u00e9 politique, elle revient, \u2013 toujours selon elle -, au parti \u00c9GALIT\u00c9 et \u00e0 son porte-parole, Nordine Sa\u00efdi. Ce dernier a en effet particip\u00e9 de mani\u00e8re active \u00e0 ce chahut, destin\u00e9 \u00e0 d\u00e9noncer les propos islamophobes de Madame Fourest. Suite \u00e0 la \u00ab\u00a0Burqa bla bla\u00a0\u00bb, Souhail Chicha a perdu son emploi \u00e0 l\u2019universit\u00e9. La vengeance se tourne maintenant contre Nordine Sa\u00efdi<\/p>\n<p>Parce que le mur (public) de son\u00a0 profil Facebook a accueilli une vid\u00e9o intitul\u00e9e \u00ab\u00a0<i>Breivik: le terroriste pr\u00e9f\u00e9r\u00e9\u00a0 de l\u2019islamophobe Caroline\u00a0 Fourest<\/i>\u00ab\u00a0<a title=\"\" href=\"https:\/\/mail.google.com\/mail\/?shva=1#_ftn1\">[1]<\/a>, diffus\u00e9e \u00e0 l\u2019origine via You Tube et dont il n\u2019est absolument pas l\u2019auteur, Nordine Sa\u00efdi a fait l\u2019objet d\u2019une\u00a0 plainte avec constitution de partie civile de la part de Caroline Fourest. Celle-ci a r\u00e9ussi \u00e0 le faire inculper par le juge d\u2019instruction Olivier Leroux pour calomnie et diffamation !<\/p>\n<p>Consid\u00e9rant la plainte de Caroline Fourest comme une tentative d\u2019intimidation \u00e0 son \u00e9gard, Nordine Sa\u00efdi s\u2019en servira pour exposer \u00e0 la justice pourquoi il consid\u00e8re Madame Fourest comme coutumi\u00e8re de propos islamophobes, tout en contestant \u00eatre l\u2019auteur ou le diffuseur de la vid\u00e9o incrimin\u00e9e.<\/p>\n<p>L\u2019avocat de Caroline Fourest sera Marc Uyttendaele. La d\u00e9fense de Nordine a \u00e9t\u00e9 conf\u00e9r\u00e9e \u00e0 Ma\u00eetre Jean-Marie Dermagne, porte-parole du Syndicat\u00a0 des avocats\u00a0 pour la d\u00e9mocratie.<\/p>\n<p>Le parti Egalit\u00e9 lance un appel \u00e0 la solidarit\u00e9 pour la d\u00e9fense de son porte-parole.<\/p>\n<h3>Nous avons besoin de 2000 euros\u00a0pour couvrir les frais de cet important proc\u00e8s.<\/h3>\n<h3>Vous pouvez nous faire parvenir vos dons\u00a0 \u00ab\u00a0avec mention: proc\u00e8s Fourest \u00ab<\/h3>\n<h3>sur le compte : Bic BPOTBEB1 (BE50) \u2013 000-3831809-18<\/h3>\n<p>Merci de nous envoyer un mot de soutien en votre nom et de demander aux organisations ou associations dont vous faites partie de faire une motion de solidarit\u00e9.<\/p>\n<p>Merci d\u2019avance.<\/p>\n<p>&nbsp;<\/p>\n<div>\n<p><b>Contacts <\/b><\/p>\n<\/div>\n<p><b>Ma\u00eetre Jean-Marie Dermagne<\/b>, <a href=\"mailto:cabinet.dermagne@skynet.be\">cabinet.dermagne@skynet.be<\/a>; <b>Dermagne &amp; Associ\u00e9s Cabinet d\u2019Avocats<\/b>, Rue de Behogne 78, 5580 Rochefort, tel 084\/213641, Cabinet secondaire \u00e0 Louvain-la-Neuve<\/p>\n<p><b>Egalit\u00e9<\/b>, Rue du Chevreuil 4, 1000 Bruxelles, tel 0476\/84.19.69\u00a0; <b>Nordine Sa\u00efdi, porte-parole d\u2019\u00c9GALIT\u00c9<\/b>, <a href=\"mailto:info.egalite@gmail.com\">info.egalite@gmail.com<\/a>.<\/p>\n<p>&nbsp;<\/p>\n<hr align=\"left\" size=\"1\" width=\"33%\" \/>\n<p><a title=\"\" href=\"https:\/\/mail.google.com\/mail\/?shva=1#_ftnref1\">[1]<\/a> <a href=\"http:\/\/www.youtube.com\/watch?v=uLMbiqmK5QE\">http:\/\/www.youtube.com\/watch?v=uLMbiqmK5QE<\/a><\/p>\n","protected":false},"excerpt":{"rendered":"<p>COMMUNIQUE DE PRESSE \u00a0 Nordine Sa\u00efdi, porte-parole du parti \u00c9GALIT\u00c9, inculp\u00e9 \u00e0 la suite d&rsquo;une plainte de la journaliste Caroline Fourest Caroline Fourest\u00a0 n\u2019a visiblement pas dig\u00e9r\u00e9 le chahut auquel elle a eu droit lors de sa visite le 7 f\u00e9vrier 2012 \u00e0 l\u2019ULB. En effet, tout le monde aura entendu parler de l\u2019affaire \u00ab &#8230; <a title=\"Nordine Sa\u00efdi,  inculp\u00e9 \u00e0 la suite d\u2019une plainte de la journaliste Caroline Fourest\" class=\"read-more\" href=\"https:\/\/bruxelles-pantheres.be\/?p=580\" aria-label=\"En savoir plus sur Nordine Sa\u00efdi,  inculp\u00e9 \u00e0 la suite d\u2019une plainte de la journaliste Caroline Fourest\">Lire la suite<\/a><\/p>\n","protected":false},"author":1,"featured_media":576,"comment_status":"open","ping_status":"open","sticky":false,"template":"","format":"standard","meta":{"footnotes":""},"categories":[4,18,28],"tags":[31,14,23,13,15],"class_list":["post-580","post","type-post","status-publish","format-standard","has-post-thumbnail","hentry","category-islamophobie","category-resistance-bruxelles","category-racismes","tag-belgique","tag-bruxelles","tag-discrimination","tag-nordine-saidi","tag-resistance"],"_links":{"self":[{"href":"https:\/\/bruxelles-pantheres.be\/index.php?rest_route=\/wp\/v2\/posts\/580","targetHints":{"allow":["GET"]}}],"collection":[{"href":"https:\/\/bruxelles-pantheres.be\/index.php?rest_route=\/wp\/v2\/posts"}],"about":[{"href":"https:\/\/bruxelles-pantheres.be\/index.php?rest_route=\/wp\/v2\/types\/post"}],"author":[{"embeddable":true,"href":"https:\/\/bruxelles-pantheres.be\/index.php?rest_route=\/wp\/v2\/users\/1"}],"replies":[{"embeddable":true,"href":"https:\/\/bruxelles-pantheres.be\/index.php?rest_route=%2Fwp%2Fv2%2Fcomments&post=580"}],"version-history":[{"count":1,"href":"https:\/\/bruxelles-pantheres.be\/index.php?rest_route=\/wp\/v2\/posts\/580\/revisions"}],"predecessor-version":[{"id":581,"href":"https:\/\/bruxelles-pantheres.be\/index.php?rest_route=\/wp\/v2\/posts\/580\/revisions\/581"}],"wp:featuredmedia":[{"embeddable":true,"href":"https:\/\/bruxelles-pantheres.be\/index.php?rest_route=\/wp\/v2\/media\/576"}],"wp:attachment":[{"href":"https:\/\/bruxelles-pantheres.be\/index.php?rest_route=%2Fwp%2Fv2%2Fmedia&parent=580"}],"wp:term":[{"taxonomy":"category","embeddable":true,"href":"https:\/\/bruxelles-pantheres.be\/index.php?rest_route=%2Fwp%2Fv2%2Fcategories&post=580"},{"taxonomy":"post_tag","embeddable":true,"href":"https:\/\/bruxelles-pantheres.be\/index.php?rest_route=%2Fwp%2Fv2%2Ftags&post=580"}],"curies":[{"name":"wp","href":"https:\/\/api.w.org\/{rel}","templated":true}]}}