{"id":5811,"date":"2023-11-28T14:36:22","date_gmt":"2023-11-28T13:36:22","guid":{"rendered":"https:\/\/bruxelles-pantheres.be\/?p=5811"},"modified":"2023-11-28T14:37:12","modified_gmt":"2023-11-28T13:37:12","slug":"propagande-de-guerre-pro-israelienne-notre-feminisme-ne-se-laissera-pas-enroler","status":"publish","type":"post","link":"https:\/\/bruxelles-pantheres.be\/?p=5811","title":{"rendered":"Propagande de guerre pro-isra\u00e9lienne : notre f\u00e9minisme ne se laissera pas enr\u00f4ler !"},"content":{"rendered":"<p>\u00ab Parce que bat aujourd\u2019hui son plein en France une propagande qui manipule le signifiant f\u00e9minisme, comme elle manipule le signifiant d\u2019antis\u00e9mitisme, il nous appartient, en tant que f\u00e9ministes, non seulement de la d\u00e9noncer pour ce qu\u2019elle est, mais d\u2019affirmer un positionnement radicalement solidaire de la lutte contre le colonialisme et l\u2019imp\u00e9rialisme. \u00bb Une tribune sign\u00e9e, entre autres, par les intellectuelles et militantes f\u00e9ministes Sam Bourcier, Elsa Dorlin, Sara Farris, Silvia Federici, \u00c9milie Hache, Donna Haraway et Isabelle Stengers.<!--more--><\/p>\n<div class=\"StoryPage__PaywallWrapper-sc-11iddn-5 cxigQv\">\n<p><a href=\"https:\/\/bruxelles-pantheres.be\/wp-content\/uploads\/2023\/11\/arton4590-scaled.jpg\"><img decoding=\"async\" class=\"wp-image-5813 size-large aligncenter\" src=\"https:\/\/bruxelles-pantheres.be\/wp-content\/uploads\/2023\/11\/arton4590-1024x768.jpg\" alt=\"\" width=\"1024\" height=\"768\" srcset=\"https:\/\/bruxelles-pantheres.be\/wp-content\/uploads\/2023\/11\/arton4590-1024x768.jpg 1024w, https:\/\/bruxelles-pantheres.be\/wp-content\/uploads\/2023\/11\/arton4590-300x225.jpg 300w, https:\/\/bruxelles-pantheres.be\/wp-content\/uploads\/2023\/11\/arton4590-768x576.jpg 768w, https:\/\/bruxelles-pantheres.be\/wp-content\/uploads\/2023\/11\/arton4590-1536x1152.jpg 1536w, https:\/\/bruxelles-pantheres.be\/wp-content\/uploads\/2023\/11\/arton4590-2048x1536.jpg 2048w, https:\/\/bruxelles-pantheres.be\/wp-content\/uploads\/2023\/11\/arton4590-1320x990.jpg 1320w\" sizes=\"(max-width: 1024px) 100vw, 1024px\" \/><\/a><\/p>\n<p class=\"text-left\">\u00ab\u00a0Cet appel n\u2019est pas politique. Cet appel est purement f\u00e9ministe et humaniste\u00a0\u00bb. Ainsi se conclut la\u00a0<a href=\"https:\/\/www.liberation.fr\/idees-et-debats\/tribunes\/pour-la-reconnaissance-dun-feminicide-de-masse-en-israel-le-7-octobre-20231110_EMTPN3H2EBDLJBMLLTZ2SRLY6A\/#:~:text=Accus%C3%A9%20d'%C3%AAtre%20un%20%C2%ABacteur,plus%20suivies%20sur%20les%20r%C3%A9seaux.\">r\u00e9cente tribune publi\u00e9e par\u00a0<i>Lib\u00e9ration<\/i><\/a><i><\/i>\u00a0appelant \u00e0 la \u00ab\u00a0reconnaissance d\u2019un f\u00e9minicide de masse le 7 octobre\u00a0\u00bb.<\/p>\n<p class=\"text-left\">Pas politique mais purement f\u00e9ministe. Pas politique, mais purement sign\u00e9 par, non pas un, mais deux ex-ambassadeurs d\u2019Isra\u00ebl (dont l\u2019un fut \u00e9galement conseiller de presse&#8230;) . Les souliers sont gros, les ficelles, exhib\u00e9es, l\u2019ironie, \u00e9vidente\u00a0: cette tribune n\u2019est pas f\u00e9ministe, mais politique. Parce qu\u2019elle ne rel\u00e8ve que d\u2019une pure op\u00e9ration de propagande, faisant sienne la strat\u00e9gie longuement \u00e9prouv\u00e9e du\u00a0<a href=\"https:\/\/fr.wikipedia.org\/wiki\/Pinkwashing\"><i>pinkwashing<\/i><\/a>\u00a0isra\u00e9lien, son contenu ne saurait m\u00eame \u00eatre l\u2019objet d\u2019une discussion aussi pol\u00e9mique soit-elle. La colonisation, le g\u00e9nocide en cours et la propagande qui les accompagne ne se discutent pas, mais se combattent radicalement.<\/p>\n<p class=\"text-left\">La possibilit\u00e9 que le terme de \u00ab\u00a0f\u00e9minisme\u00a0\u00bb soit utilis\u00e9 dans une si abjecte op\u00e9ration r\u00e9sulte \u00e9galement de notre faiblesse \u00e0 la contrer, voire \u00e0 la pr\u00e9venir\u00a0: il s\u2019agit donc, urgemment, de refermer la porte ouverte \u00e0 ce que de telles id\u00e9es deviennent formulables et audibles. L\u2019obsc\u00e8ne propagande de guerre qui soutient cette tribune fait sciemment l\u2019impasse de toute contextualisation de la situation pour la r\u00e9ifier et\u00a0<i>in fine\u00a0<\/i>r\u00e9it\u00e9rer la vision d\u2019un monde musulman barbare contre une population isra\u00e9lienne f\u00e9minis\u00e9e et ainsi lav\u00e9e et blanchie de tout soup\u00e7on. La condamnation sans appel des combattants du Hamas s\u2019arrime en effet \u00e0 la construction d\u2019un Orient monstrueux, n\u00e9cessairement coupable des pires atrocit\u00e9s contre les femmes, permettant ainsi une fois de plus d\u2019annuler toute perspective historique quant \u00e0 la violence intrins\u00e8que \u00e0 la colonisation.<\/p>\n<p class=\"text-left\">C\u2019est pr\u00e9cis\u00e9ment parce que cette propagande bat aujourd\u2019hui son plein en France, y compris en manipulant le signifiant f\u00e9minisme (comme elle manipule le signifiant d\u2019antis\u00e9mitisme), qu\u2019il nous appartient, en tant que f\u00e9ministes, non seulement de la d\u00e9noncer pour ce qu\u2019elle est, mais d\u2019affirmer un positionnement radicalement solidaire de la lutte contre le colonialisme et l\u2019imp\u00e9rialisme.<\/p>\n<p class=\"text-left\">Comme dans tout conflit arm\u00e9, la mort de civil.e.s et d&rsquo;enfants en particulier nous indigne. Mais nous n&rsquo;oublions pas, pour notre part, les citoyen.ne.s isra\u00e9lien.ne.s qui servent volontairement dans Tsahal et qui, hommes ET femmes, entravent par la force la population Palestinienne aux checkpoints, larguent leurs bombes au phosphore sur la population gazaouie, brutalisent et humilient les palestinien.ne.s, y compris des grands-m\u00e8res et des grands-p\u00e8res, dans les territoires occup\u00e9s, tirent \u00e0 bout portant sur des manifestant.e.s, arr\u00eatent et emprisonnent ill\u00e9galement des adolescent.e.s.<\/p>\n<p class=\"text-left\">Nous n\u2019oublions pas non plus le traitement sp\u00e9cifique r\u00e9serv\u00e9 aux prisonni\u00e8res politiques palestiniennes sur lesquelles le viol a \u00e9t\u00e9 pratiqu\u00e9 par les services de renseignement isra\u00e9lien, parmi d\u2019autres techniques, pour obtenir des informations. Nous n\u2019oublierons ni Ahed Tamimi, jeune fille arr\u00eat\u00e9e par l\u2019\u00c9tat Isra\u00e9lien et emprisonn\u00e9e en dehors de tout cadre l\u00e9gal, ni Mariam Abu Daqqa, militante palestinienne de 72 ans, violemment arr\u00eat\u00e9e en pleine nuit par 4 policiers fran\u00e7ais avant d\u2019\u00eatre brutalement expuls\u00e9e.<\/p>\n<p class=\"text-left\">Si tant est qu\u2019une perspective \u00ab\u00a0f\u00e9ministe\u00a0\u00bb soit activable face \u00e0 la situation en Palestine occup\u00e9e, celle-ci ne peut s\u2019enraciner que dans un positionnement embarqu\u00e9, situ\u00e9\u00a0: c\u2019est parce que, en tant que m\u00e8res, s\u0153urs, filles de, compagnes, amies, militantes, nous savons ce qu\u2019il en co\u00fbte de violences sur nos corps et nos esprits de vivre dans un monde mutil\u00e9 par le capitalisme et l\u2019imp\u00e9rialisme, que nous devons nous exprimer sur la situation en Palestine. C\u2019est parce que, toutes autant que nous sommes, nous luttons avec acharnement au quotidien pour en finir avec un monde de violences, que nous ne devons pas c\u00e9der \u00e0 la l\u00e2chet\u00e9 des mots d\u2019ordres moraux, lesquels ont la paix \u00e0 la bouche, mais jamais la justice. Et c\u2019est parce que, enfin, nous tenons intens\u00e9ment \u00e0 la vie, que notre solidarit\u00e9 va \u00e0 tout le peuple palestinien\u00a0: ses femmes et ses enfants, \u00e9videmment, mais aussi ses hommes, ceux qui portent les enfants extraits des d\u00e9combres, ceux qui revendiquent la terre pour nourrir leurs familles, ceux qui avec dignit\u00e9 continuent sans r\u00e9pit de lutter pour la survie et la libert\u00e9 des leurs. C\u2019est dans leurs luttes, leurs d\u00e9sespoirs et leurs d\u00e9terminations, mais surtout leur refus de toute r\u00e9signation, que nous, militantes f\u00e9ministes, souhaitons nous reconna\u00eetre.<\/p>\n<p class=\"text-left\">\u00c0 cette fin, nous faisons n\u00f4tres les revendications du peuple palestinien pour un cessez-le-feu imm\u00e9diat dans la bande de Gaza, l\u2019arr\u00eat des ventes d\u2019armes \u00e0 l\u2019\u00c9tat colonial d\u2019Isra\u00ebl, la lib\u00e9ration de tou\u00b7te\u00b7s les prisonnier\u00b7e\u00b7s palestinien\u00b7ne\u00b7s. Nous invitons \u00e9galement tou\u00b7te\u00b7s les organisations f\u00e9ministes \u00e0 relayer la campagne\u00a0<a href=\"https:\/\/www.bdsfrance.org\/\">Boycott D\u00e9sinvestissement Sanctions<\/a>, pour un boycott des produits isra\u00e9liens, et rejoindre massivement les mobilisations en cours pour faire cesser le massacre en Palestine.\u00a0\u25cf\u25cf<\/p>\n<p class=\"text-left\"><b>Tribune sign\u00e9e par<\/b>\u00a0: Sam\u00a0<b>Bourcier<\/b>, sociologue activiste queer et transf\u00e9ministe ; Elsa\u00a0<b>Dorlin<\/b>, philosophe ; Sara\u00a0<b>Farris<\/b>, sociologue et f\u00e9ministe marxiste ;\u00a0<a href=\"https:\/\/www.youtube.com\/watch?v=WzWjOqif9vY\">Silvia\u00a0<b>Federici<\/b>, historienne et philosophe<\/a>, militante f\u00e9ministe r\u00e9volutionnaire ; \u00c9milie\u00a0<b>Hache<\/b>, philosophe ; Donna\u00a0<b>Haraway<\/b>, philosophe ; Isabelle\u00a0<b>Stengers<\/b>, philosophe,<\/p>\n<p class=\"text-left\">et\u00a0:<\/p>\n<p class=\"text-left\">Hanane\u00a0<b>Ameqrane<\/b>, militante f\u00e9ministe lesbienne des quartiers populaires ; Nour\u00a0<b>Awada<\/b>, artiste plasticienne ; Marie\u00a0<b>Bardet<\/b>, philosophe et danseuse ; Delphine\u00a0<b>Beauvois<\/b>, autrice et militante f\u00e9ministe ;\u00a0<a href=\"https:\/\/www.youtube.com\/watch?v=NsiBjSkjXYw\">Judith\u00a0<b>Bernard<\/b>, enseignante et metteuse en sc\u00e8ne<\/a>\u00a0; Tithi\u00a0<b>Bhattacharya<\/b>, autrice de\u00a0<i>F\u00e9minisme pour les 99%<\/i>\u00a0;\u00a0<a href=\"https:\/\/www.youtube.com\/watch?v=zUzTQ7lPQpI\">Charlotte\u00a0<b>Brives<\/b>, anthropologue<\/a>\u00a0; Law\u00a0<b>Cailleretz<\/b>, artiste rap queer ; Alice\u00a0<b>Canihac<\/b>, militante associative ; Hanan\u00a0<b>Chan<\/b>, artiste militante ; Marie\u00a0<b>Cosnay<\/b>, \u00e9crivaine, traductrice, militante ; Fatima\u00a0<b>Daas<\/b>, autrice ; Marie\u00a0<b>Darah<\/b>, artiste ; Romy\u00a0<b>Dematons<\/b>, autrice, chercheuse de formation, community organizer ; Sarah\u00a0<b>di Bella<\/b>, historienne et dramaturge ; Alexandra\u00a0<b>Dols<\/b>, autrice, r\u00e9alisatrice et performeuse ; Camille\u00a0<b>Escudero<\/b>, artiste plasticienne ; Gwen\u00a0<b>Fauchois<\/b>, activiste lesbienne, ancienne vice-pr\u00e9sidente d&rsquo;Act Up-Paris ; Charlotte\u00a0<b>Floersheim<\/b>, anthropologue ; Spoorthi\u00a0<b>Gangadikar<\/b>, \u00e9tudiante ; Sarra\u00a0<b>Grira<\/b>, journaliste ; Malika\u00a0<b>Hamidi<\/b>, post-doctorante en sociologie, UCL ; Faiza\u00a0<b>Hirach<\/b>, Industrial Workers of the World ; Sandra\u00a0<b>Ich\u00e9<\/b>, metteuse en sc\u00e8ne ;\u00a0 Julie\u00a0<b>Jaroszewski<\/b>, metteuse en sc\u00e8ne et chanteuse ;\u00a0<a href=\"https:\/\/www.youtube.com\/watch?v=Ve2bWfpf4lQ\">Aurore\u00a0<b>Koechlin,\u00a0<\/b>sociologue et militante f\u00e9ministe<\/a>\u00a0;\u00a0 Sarah\u00a0<b>Lebailly<\/b>, activiste f\u00e9ministe ; Capucine\u00a0<b>L\u00e9gelle<\/b>, activiste antiraciste ; Camille\u00a0<b>Louis<\/b>, philosophe et dramaturge ; Elli\u00a0<b>Medeiros<\/b>, artiste, Lamia\u00a0<b>Mellal<\/b>, doctorante en sciences politiques et anthropologie (ULB-KUL) ; Sophie\u00a0<b>Mendelsohn<\/b>, psychanalyste, membre de Tsedek ; Morgane\u00a0<b>Merteuil<\/b>, militante f\u00e9ministe ; Jessica\u00a0<b>Pourraz<\/b>, anthropologue ; Fr\u00e9d\u00e9rique\u00a0<b>Pressmann<\/b>, r\u00e9alisatrice ; Genevi\u00e8ve\u00a0<b>Rail<\/b>, Professeure \u00e9m\u00e9rite distingu\u00e9e, Institut Simone-De Beauvoir ; Milady\u00a0<b>Renoir<\/b>, po\u00e9tesse antiraciste et antisexiste ;\u00a0 Joelle\u00a0<b>Sambi<\/b>, po\u00e9tesse ;\u00a0<a href=\"https:\/\/www.youtube.com\/watch?v=vpVwcD8LqY8\">Mich\u00e8le\u00a0<b>Sibony<\/b>, militante de l\u2019UJFP<\/a>\u00a0; Dareen\u00a0<b>Tatour<\/b>, po\u00e9tesse palestinienne ; Mirabelle\u00a0<b>Thouvenot<\/b>, militante d\u00e9coloniale ; Graziella\u00a0<b>Vella<\/b>, anthropologue ;\u00a0 Audrey\u00a0<b>Vernon<\/b>, com\u00e9dienne ; Sabrina\u00a0<b>Waz<\/b>, militante d\u00e9coloniale, chroniqueuse \u00e0\u00a0<i>Parole d&rsquo;honneur<\/i>\u00a0; Benedikte\u00a0<b>Zitouni<\/b>, sociologue.\u00a0\u25cf\u25cf<\/p>\n<figure class=\"flux-image\"><a href=\"https:\/\/www.lemediatv.fr\/articles\/2023\/propagande-de-guerre-pro-israelienne-notre-feminisme-ne-se-laissera-pas-enroler-i7Hc1eCST7miT1iGrjVL3A#\"><img decoding=\"async\" src=\"https:\/\/static.lemediatv.fr\/attachments\/stories\/2023\/i7Hc1eCST7miT1iGrjVL3A\/attachment-NDIOpWkwSk6aMbIZMche2Q.jpg\" alt=\"Propagande de guerre pro-isra\u00e9lienne\u00a0: notre f\u00e9minisme ne se laissera pas enr\u00f4ler\u00a0!\" \/><\/a><figcaption>Le \u00ab\u00a0f\u00e9minisme\u00a0\u00bb enr\u00f4l\u00e9 par la propagande de guerre isra\u00e9lienne\u00a0: un exemple<\/figcaption><\/figure>\n<\/div>\n<p class=\"StoryPage__Credits-sc-11iddn-9 doevIR\">\n","protected":false},"excerpt":{"rendered":"<p>\u00ab Parce que bat aujourd\u2019hui son plein en France une propagande qui manipule le signifiant f\u00e9minisme, comme elle manipule le signifiant d\u2019antis\u00e9mitisme, il nous appartient, en tant que f\u00e9ministes, non seulement de la d\u00e9noncer pour ce qu\u2019elle est, mais d\u2019affirmer un positionnement radicalement solidaire de la lutte contre le colonialisme et l\u2019imp\u00e9rialisme. \u00bb Une tribune &#8230; <a title=\"Propagande de guerre pro-isra\u00e9lienne : notre f\u00e9minisme ne se laissera pas enr\u00f4ler !\" class=\"read-more\" href=\"https:\/\/bruxelles-pantheres.be\/?p=5811\" aria-label=\"En savoir plus sur Propagande de guerre pro-isra\u00e9lienne : notre f\u00e9minisme ne se laissera pas enr\u00f4ler !\">Lire la suite<\/a><\/p>\n","protected":false},"author":1,"featured_media":5812,"comment_status":"open","ping_status":"open","sticky":false,"template":"","format":"standard","meta":{"footnotes":""},"categories":[21,36,6,18],"tags":[251],"class_list":["post-5811","post","type-post","status-publish","format-standard","has-post-thumbnail","hentry","category-anti-imperialisme","category-europe","category-palestine-moyen-orient","category-resistance-bruxelles","tag-feminisme-decolonial"],"_links":{"self":[{"href":"https:\/\/bruxelles-pantheres.be\/index.php?rest_route=\/wp\/v2\/posts\/5811","targetHints":{"allow":["GET"]}}],"collection":[{"href":"https:\/\/bruxelles-pantheres.be\/index.php?rest_route=\/wp\/v2\/posts"}],"about":[{"href":"https:\/\/bruxelles-pantheres.be\/index.php?rest_route=\/wp\/v2\/types\/post"}],"author":[{"embeddable":true,"href":"https:\/\/bruxelles-pantheres.be\/index.php?rest_route=\/wp\/v2\/users\/1"}],"replies":[{"embeddable":true,"href":"https:\/\/bruxelles-pantheres.be\/index.php?rest_route=%2Fwp%2Fv2%2Fcomments&post=5811"}],"version-history":[{"count":1,"href":"https:\/\/bruxelles-pantheres.be\/index.php?rest_route=\/wp\/v2\/posts\/5811\/revisions"}],"predecessor-version":[{"id":5814,"href":"https:\/\/bruxelles-pantheres.be\/index.php?rest_route=\/wp\/v2\/posts\/5811\/revisions\/5814"}],"wp:featuredmedia":[{"embeddable":true,"href":"https:\/\/bruxelles-pantheres.be\/index.php?rest_route=\/wp\/v2\/media\/5812"}],"wp:attachment":[{"href":"https:\/\/bruxelles-pantheres.be\/index.php?rest_route=%2Fwp%2Fv2%2Fmedia&parent=5811"}],"wp:term":[{"taxonomy":"category","embeddable":true,"href":"https:\/\/bruxelles-pantheres.be\/index.php?rest_route=%2Fwp%2Fv2%2Fcategories&post=5811"},{"taxonomy":"post_tag","embeddable":true,"href":"https:\/\/bruxelles-pantheres.be\/index.php?rest_route=%2Fwp%2Fv2%2Ftags&post=5811"}],"curies":[{"name":"wp","href":"https:\/\/api.w.org\/{rel}","templated":true}]}}