{"id":5822,"date":"2023-12-03T15:06:37","date_gmt":"2023-12-03T14:06:37","guid":{"rendered":"https:\/\/bruxelles-pantheres.be\/?p=5822"},"modified":"2023-12-03T15:06:37","modified_gmt":"2023-12-03T14:06:37","slug":"europe-et-israel-les-profits-de-la-souffrance","status":"publish","type":"post","link":"https:\/\/bruxelles-pantheres.be\/?p=5822","title":{"rendered":"Europe et Isra\u00ebl : Les profits de la\u00a0souffrance"},"content":{"rendered":"<p>En 2010, David Cronin livrait une enqu\u00eate sur les liens entre l\u2019Europe et Isra\u00ebl. Le journaliste irlandais d\u00e9montre que malgr\u00e9 les discours en faveur d\u2019une paix en Palestine et du respect du droit humanitaire, de nombreux \u00c9tats (dont la France), l\u2019Union europ\u00e9enne et de grandes entreprises font des affaires avec l\u2019\u00c9tat h\u00e9breu sans se soucier du sort des Palestiniens. Un point essentiel pour comprendre l\u2019actuelle inaction des Europ\u00e9ens pour engager des sanctions contre Isra\u00ebl en d\u00e9pit des violations du droit international et des crimes de guerre observ\u00e9s depuis l\u2019engagement des repr\u00e9sailles contre le Hamas, les exactions contre les civils \u00e0 Gaza et en Cisjordanie, les assassinats de journalistes et la destruction des infrastructures \u00e0 Gaza.<!--more--><\/p>\n<p>Traduit en 2012, les \u00e9ditions La Guillotine propose en acc\u00e8s libre le chapitre 6 du livre \u00ab\u00a0<a href=\"https:\/\/assolaguillotine.wordpress.com\/catalogue\/europe-israel-de-david-cronin\/\">Europe Isra\u00ebl, une alliance contre-nature<\/a>\u00ab\u00a0.<\/p>\n<p><a href=\"https:\/\/bruxelles-pantheres.be\/wp-content\/uploads\/2023\/12\/les-profits-de-la-souffrance.pdf\">les-profits-de-la-souffrance<\/a><\/p>\n<header class=\"entry-header\">\n<h3 class=\"entry-title\" style=\"text-align: center;\">Une alliance contre-nature \u2013 Un extrait du livre de David Cronin<\/h3>\n<\/header>\n<div class=\"entry-body\">\n<div class=\"entry-content\">\n<p>L\u2019approfondissement des relations \u00e9conomiques et politiques\u00a0de l\u2019Europe avec Isra\u00ebl ne peut pas \u00eatre dissoci\u00e9 de cette\u00a0empreinte n\u00e9olib\u00e9rale. Cela est devenu encore plus clair en\u00a0novembre 2007 lors du \u00ab\u00a0dialogue commercial UE-Isra\u00ebl\u00a0\u00bb, o\u00f9\u00a0des hommes d\u2019affaires ont r\u00e9fl\u00e9chi sur la meilleure mani\u00e8re de\u00a0d\u00e9manteler les \u00ab\u00a0barri\u00e8res au commerce et \u00e0 l\u2019investissement\u00a0\u00bb.<span id=\"more-189\"><\/span><\/p>\n<div>\n<p>Le mat\u00e9riel promotionnel de ce \u00ab\u00a0dialogue\u00a0\u00bb ne disait pas\u00a0que parmi les entreprises isra\u00e9liennes pr\u00e9sentes, un grand\u00a0nombre se retrouve impliqu\u00e9 dans des activit\u00e9s en Palestine\u00a0occup\u00e9e et dans certains cas dans des activit\u00e9s que l\u2019Union europ\u00e9enne\u00a0rejette formellement. En voici quelques exemples\u00a0:<\/p>\n<ul>\n<li>Elbit\u00a0: en plus de fabriquer des drones et d\u2019autres armes pour\u00a0l\u2019arm\u00e9e isra\u00e9lienne, elle fournit des \u00e9quipements \u00e9lectroniques\u00a0pour le \u00ab\u00a0mur de l\u2019apartheid\u00a0\u00bb qu\u2019Isra\u00ebl construit. La\u00a0Norv\u00e8ge a estim\u00e9 que cette implication \u00e9tait si grave, qu\u2019en\u00a0septembre 2009 un fonds de pension d\u00e9tenu par l\u2019\u00c9tat a retir\u00e9\u00a0ses six millions de dollars d\u2019investissements dans Elbit car le\u00a0mur avait \u00e9t\u00e9 d\u00e9clar\u00e9 ill\u00e9gal par la Cour internationale de justice.\u00a0\u00ab\u00a0Nous ne souhaitons pas financer des entreprises qui\u00a0participent directement \u00e0 des violations du droit humanitaire\u00a0international\u00a0\u00bb, a d\u00e9clar\u00e9 la ministre des Finances.<\/li>\n<li>Saban Capital\u00a0: ce groupe est dirig\u00e9 par Haim Saban, propri\u00e9taire\u00a0de nombreux m\u00e9dias avec la double nationalit\u00e9\u00a0\u00e9tasunienne et isra\u00e9lienne et qui figurait \u00e0 la 261\u00e8me place du\u00a0classement Forbes des milliardaires en 2009. Il est l\u2019un des\u00a0propri\u00e9taires de Bezeq, une entreprise de t\u00e9l\u00e9communication\u00a0qui fournit des services dans les colonies en Cisjordanie et sur\u00a0le plateau du Golan, ainsi que pour les bases militaires isra\u00e9liennes\u00a0et les checkpoints de Cisjordanie. Une de ses filiales,\u00a0Pelephone, fournit des services de t\u00e9l\u00e9phonie mobile \u00e0 l\u2019arm\u00e9e\u00a0et a install\u00e9 une centaine d\u2019antennes et d\u2019autres installations\u00a0dans les territoires palestiniens occup\u00e9s.<\/li>\n<li>Leumi\u00a0: la seconde plus grande banque d\u2019Isra\u00ebl a des succursales\u00a0dans quelques \u00e9tablissements isra\u00e9liens en Cisjordanie.\u00a0Elle offre des pr\u00eats aux colons pour construire leurs maisons.\u00a0Elle contr\u00f4le en partie Paz Oil et SuperPharm qui d\u00e9tiennent\u00a0des stations services et des pharmacies dans les colonies.<\/li>\n<\/ul>\n<p><a title=\"Une alliance contre-nature \u2013 Un extrait du livre de David\u00a0Cronin\" href=\"https:\/\/assolaguillotine.wordpress.com\/2013\/01\/08\/une-alliance-contre-nature-un-extrait-du-livre-de-david-cronin\/\"><img decoding=\"async\" class=\"alignleft size-medium wp-image-191\" src=\"https:\/\/assolaguillotine.files.wordpress.com\/2013\/01\/dsc06992.jpg?w=225&amp;h=300\" sizes=\"(max-width: 225px) 100vw, 225px\" srcset=\"https:\/\/assolaguillotine.files.wordpress.com\/2013\/01\/dsc06992.jpg?w=225 225w, https:\/\/assolaguillotine.files.wordpress.com\/2013\/01\/dsc06992.jpg?w=450 450w, https:\/\/assolaguillotine.files.wordpress.com\/2013\/01\/dsc06992.jpg?w=113 113w\" alt=\"Parlement europ\u00e9en \u00e0 Bruxelles\" width=\"225\" height=\"300\" data-attachment-id=\"191\" data-permalink=\"https:\/\/assolaguillotine.wordpress.com\/2013\/01\/08\/une-alliance-contre-nature-un-extrait-du-livre-de-david-cronin\/dsc06992\/\" data-orig-file=\"https:\/\/assolaguillotine.files.wordpress.com\/2013\/01\/dsc06992.jpg\" data-orig-size=\"2448,3264\" data-comments-opened=\"1\" data-image-meta=\"{&quot;aperture&quot;:&quot;9&quot;,&quot;credit&quot;:&quot;&quot;,&quot;camera&quot;:&quot;DSC-H10&quot;,&quot;caption&quot;:&quot;&quot;,&quot;created_timestamp&quot;:&quot;1246206009&quot;,&quot;copyright&quot;:&quot;&quot;,&quot;focal_length&quot;:&quot;14.6&quot;,&quot;iso&quot;:&quot;125&quot;,&quot;shutter_speed&quot;:&quot;0.0025&quot;,&quot;title&quot;:&quot;&quot;}\" data-image-title=\"Parlement europ\u00e9en \u00e0 Bruxelles\" data-image-description=\"\" data-image-caption=\"\" data-medium-file=\"https:\/\/assolaguillotine.files.wordpress.com\/2013\/01\/dsc06992.jpg?w=225\" data-large-file=\"https:\/\/assolaguillotine.files.wordpress.com\/2013\/01\/dsc06992.jpg?w=768\" \/><\/a>Selon la Commission europ\u00e9enne, l\u2019\u00e9tablissement de ce dialogue est le fruit de conversations commenc\u00e9es en 2005 entre Ehud Olmert et G\u00fcnter Verheugen, Commissaire \u00e0 l\u2019industrie. En mettant sur pied cet organe, l\u2019Union europ\u00e9enne\u00a0a plac\u00e9 le minuscule Isra\u00ebl sur un pied d\u2019\u00e9galit\u00e9 avec des pays comme les \u00c9tats-Unis, la Russie, le Japon et l\u2019Inde. D\u2019un certain point de vue, cela semble incroyable. Mais d\u2019une perspective froidement \u00e9conomique, cela prend tout son sens \u00e9tant donn\u00e9 qu\u2019Isra\u00ebl est un concurrent de la Silicon Valley. Pour encourager les entreprises europ\u00e9ennes \u00e0 s\u2019engager davantage en Isra\u00ebl o\u00f9 le secteur de l\u2019industrie hightech repr\u00e9sente 7% du PIB, Verheugen a rappel\u00e9\u00a0: \u00ab\u00a0Il y a un \u00e9norme potentiel \u00e9conomique qui n\u2019a pas encore \u00e9t\u00e9 pleinement\u00a0exploit\u00e9.\u00a0\u00bb<\/p>\n<p>Le premier pr\u00e9sident de ce dialogue a \u00e9t\u00e9 Yossi Vardi, mieux connu pour \u00eatre un pionnier dans la messagerie instantan\u00e9e sur Internet avec son entreprise ICQ. Cet homme n\u2019est pas\u00a0seulement expert en\u00a0t\u00e9l\u00e9communication, mais aussi dans la capacit\u00e9 \u00e0 adapter ses messages en fonction du public. Il a par exemple tent\u00e9 de se pr\u00e9senter comme une sorte de pacifiste. Bavardant avec le correspondant du New York Times, il a d\u00e9clar\u00e9\u00a0entre deux gorg\u00e9es de cabernet sauvignon\u00a0:<\/p>\n<blockquote><p><em>Cet endroit est fou\u00a0: un boom technologique c\u00f4toie une situation politique inacceptable et le chaos dans une bande de Gaza o\u00f9 la plus grande partie de la population vit avec moins de deux dollars par jour. Ce n\u2019est pas juste, ni soutenable\u00a0! Vous savez, le pouvoir corrompt\u00a0et l\u2019occupation repr\u00e9sente la manifestation ultime du pouvoir. Il n\u2019existe aucun contr\u00f4le, aucune contrepoids.\u00a0L\u2019occupation, apr\u00e8s quarante ans, corrompt totalement.<\/em><\/p><\/blockquote>\n<p>Vardi a \u00e9galement reconnu avec un malin plaisir que les prouesses technologiques isra\u00e9liennes \u00e9taient inextricablement\u00a0li\u00e9es \u00e0 l\u2019occupation. Dans un reportage de la BBC, il a soutenu que la guerre de 1967 avait \u00e9t\u00e9 un pivot important pour le d\u00e9veloppement industriel du pays parce qu\u2019elle avait men\u00e9 Isra\u00ebl \u00e0 une situation qui l\u2019avait oblig\u00e9 \u00e0 d\u00e9passer le sentiment d\u2019avoir \u00e9t\u00e9 banni (particuli\u00e8rement par la France qui avait impos\u00e9 un embargo sur les armes)\u00a0: \u00ab\u00a0Les deux vrais p\u00e8res de la high-tech isra\u00e9lienne sont le boycott des Arabes et Charles de Gaulle parce qu\u2019ils nous ont contraints \u00e0 d\u00e9velopper ce secteur.\u00a0\u00bb<\/p>\n<p>Photographie : Parlement europ\u00e9en de Bruxelles.<\/p>\n<p><strong>Extrait du livre\u00a0<a href=\"https:\/\/assolaguillotine.wordpress.com\/europe-israel-de-david-cronin\/\"><em>Europe Isra\u00ebl : une alliance contre-nature<\/em><\/a>\u00a0de David Cronin,\u00a0<a title=\"Contact\" href=\"https:\/\/assolaguillotine.wordpress.com\/contact\/\">Edition La Guillotine<\/a>, pages 134 \u00e0 136<\/strong><\/p>\n<\/div>\n<\/div>\n<\/div>\n<header class=\"entry-header\">\n<h3 class=\"entry-title\" style=\"text-align: center;\">Europe-Isra\u00ebl, une alliance contre-nature (et contre les Palestiniens)<\/h3>\n<\/header>\n<div class=\"entry-body\">\n<div class=\"entry-content\">\n<div class=\"wp-block-image\">\n<figure class=\"alignleft\"><a href=\"https:\/\/assolaguillotine.wordpress.com\/commander\/\"><img decoding=\"async\" class=\"wp-image-101\" src=\"https:\/\/assolaguillotine.files.wordpress.com\/2012\/12\/europe-israel-david-cronin-alliance-contre-nature.jpg?w=201\" sizes=\"(max-width: 201px) 100vw, 201px\" srcset=\"https:\/\/assolaguillotine.files.wordpress.com\/2012\/12\/europe-israel-david-cronin-alliance-contre-nature.jpg?w=201 201w, https:\/\/assolaguillotine.files.wordpress.com\/2012\/12\/europe-israel-david-cronin-alliance-contre-nature.jpg?w=402 402w, https:\/\/assolaguillotine.files.wordpress.com\/2012\/12\/europe-israel-david-cronin-alliance-contre-nature.jpg?w=101 101w\" alt=\"europe israel david cronin alliance contre nature\" width=\"201\" height=\"299\" data-attachment-id=\"101\" data-permalink=\"https:\/\/assolaguillotine.wordpress.com\/catalogue\/europe-israel-de-david-cronin\/europe-israel-david-cronin-alliance-contre-nature\/\" data-orig-file=\"https:\/\/assolaguillotine.files.wordpress.com\/2012\/12\/europe-israel-david-cronin-alliance-contre-nature.jpg\" data-orig-size=\"562,838\" data-comments-opened=\"1\" data-image-meta=\"{&quot;aperture&quot;:&quot;0&quot;,&quot;credit&quot;:&quot;C\\u00e9d&quot;,&quot;camera&quot;:&quot;&quot;,&quot;caption&quot;:&quot;&quot;,&quot;created_timestamp&quot;:&quot;1355241567&quot;,&quot;copyright&quot;:&quot;&quot;,&quot;focal_length&quot;:&quot;0&quot;,&quot;iso&quot;:&quot;0&quot;,&quot;shutter_speed&quot;:&quot;0&quot;,&quot;title&quot;:&quot;&quot;}\" data-image-title=\"europe israel david cronin alliance contre nature\" data-image-description=\"\" data-image-caption=\"\" data-medium-file=\"https:\/\/assolaguillotine.files.wordpress.com\/2012\/12\/europe-israel-david-cronin-alliance-contre-nature.jpg?w=201\" data-large-file=\"https:\/\/assolaguillotine.files.wordpress.com\/2012\/12\/europe-israel-david-cronin-alliance-contre-nature.jpg?w=562\" \/><\/a><\/figure>\n<\/div>\n<p><strong><br \/>\nEurope Isra\u00ebl : Une alliance contre-nature<\/strong><\/p>\n<p><strong><a href=\"https:\/\/assolaguillotine.wordpress.com\/commander\/\">COMMANDER LE LIVRE<\/a>\u00a0 \/\/ \u00a0<\/strong><strong><a href=\"https:\/\/assolaguillotine.wordpress.com\/2013\/01\/08\/une-alliance-contre-nature-un-extrait-du-livre-de-david-cronin\/\">LIRE UN EXTRAIT<\/a><\/strong><\/p>\n<p>Isra\u00ebl est souvent per\u00e7u comme le 51\u00e8me \u00c9tat des \u00c9tats-Unis. D\u00e9sormais, il serait en passe de devenir membre de l\u2019Union europ\u00e9enne. David Cronin a parcouru les couloirs de Bruxelles pour interroger hauts fonctionnaires et diplomates. Il a \u00e9pluch\u00e9 les programmes europ\u00e9ens et examin\u00e9 les liens \u00e9troits que tissent les\u00a0entreprises\u00a0du continent avec ce petit \u00c9tat du Moyen-Orient. Loin des discours officiels, vous trouverez dans ce livre les r\u00e9sultats d\u2019une\u00a0enqu\u00eate\u00a0d\u00e9routante qui montre comment le prix Nobel de la paix 2012 participe \u00e0 l\u2019occupation de la Palestine et \u00e0 l\u2019oppression d\u2019un peuple.<\/p>\n<p>Pr\u00e9face d\u2019Omar Barghouti<\/p>\n<p><em>Un livre important qui explore les relations complexes emp\u00eachant les pays europ\u00e9ens de tenir Isra\u00ebl pour responsable.\u00a0<\/em>Ken Loach<\/p>\n<p><em>\u00a0<a href=\"https:\/\/assolaguillotine.wordpress.com\/2012\/12\/26\/david-cronin-et-robert-fisk\/\">Un livre remarquable, pr\u00e9cis. Je suis rest\u00e9 le souffle coup\u00e9<\/a>.<\/em>\u00a0Robert Fisk,\u00a0<em>The Independent<\/em><\/p>\n<p><a href=\"http:\/\/www.guardian.co.uk\/commentisfree\/2010\/nov\/26\/eu-israel-europe-peace\" target=\"_blank\" rel=\"noreferrer noopener\"><em>Une \u00e9tude bienvenue pour une r\u00e9alit\u00e9 sous-examin\u00e9e.<\/em><\/a>\u00a0Khaled Diab,\u00a0<em>The Guardian<\/em><\/p>\n<div class=\"wp-block-image\">\n<figure class=\"alignleft\"><img decoding=\"async\" class=\"wp-image-39\" src=\"https:\/\/assolaguillotine.files.wordpress.com\/2012\/12\/israel-europe-israel-une-alliance-contre-nature-david-cronin-la-guillotine.jpg\" alt=\"israel europe israel une alliance contre nature david cronin la guillotine\" width=\"128\" height=\"128\" data-attachment-id=\"39\" data-permalink=\"https:\/\/assolaguillotine.wordpress.com\/catalogue\/europe-israel-de-david-cronin\/israel-europe-israel-une-alliance-contre-nature-david-cronin-la-guillotine\/\" data-orig-file=\"https:\/\/assolaguillotine.files.wordpress.com\/2012\/12\/israel-europe-israel-une-alliance-contre-nature-david-cronin-la-guillotine.jpg\" data-orig-size=\"128,128\" data-comments-opened=\"1\" data-image-meta=\"{&quot;aperture&quot;:&quot;0&quot;,&quot;credit&quot;:&quot;&quot;,&quot;camera&quot;:&quot;&quot;,&quot;caption&quot;:&quot;&quot;,&quot;created_timestamp&quot;:&quot;0&quot;,&quot;copyright&quot;:&quot;&quot;,&quot;focal_length&quot;:&quot;0&quot;,&quot;iso&quot;:&quot;0&quot;,&quot;shutter_speed&quot;:&quot;0&quot;,&quot;title&quot;:&quot;&quot;}\" data-image-title=\"israel europe israel une alliance contre nature david cronin la guillotine\" data-image-description=\"\" data-image-caption=\"\" data-medium-file=\"https:\/\/assolaguillotine.files.wordpress.com\/2012\/12\/israel-europe-israel-une-alliance-contre-nature-david-cronin-la-guillotine.jpg?w=128\" data-large-file=\"https:\/\/assolaguillotine.files.wordpress.com\/2012\/12\/israel-europe-israel-une-alliance-contre-nature-david-cronin-la-guillotine.jpg?w=128\" \/><\/figure>\n<\/div>\n<p>David Cronin est un journaliste irlandais. Il a \u00e9t\u00e9 r\u00e9dacteur pour\u00a0<em>The Guardian, The Wall Street Journal Europe, European Voice, The Sunday Tribune<\/em>\u00a0et\u00a0<em>Inter Press Service<\/em>. Il travaille actuellement pour\u00a0<em><a href=\"http:\/\/electronicintifada.net\/blogs\/david\" target=\"_blank\" rel=\"noreferrer noopener\">The Electronic Intifada<\/a><\/em>\u00a0et vit \u00e0 Bruxelles. Ce livre est la traduction de\u00a0<em>Europe\u2019s Alliance with Israel<\/em>\u00a0paru chez\u00a0<a href=\"http:\/\/www.plutobooks.com\/display.asp?K=9780745330655\" target=\"_blank\" rel=\"noreferrer noopener\">Pluto Press<\/a>\u00a0en novembre 2010. Son blog :\u00a0<a href=\"http:\/\/www.dvcronin.blogspot.fr\/\" target=\"_blank\" rel=\"noreferrer noopener\">http:\/\/www.dvcronin.blogspot.fr\/<\/a>\u00a0ET\u00a0<a href=\"http:\/\/www.michelcollon.info\/_David-Cronin_.html\" target=\"_blank\" rel=\"noreferrer noopener\">articles traduits en fran\u00e7ais par\u00a0<strong><em>Investig\u2019Action<\/em><\/strong><\/a><\/p>\n<p><strong><a href=\"https:\/\/assolaguillotine.wordpress.com\/commander\/\">COMMANDER LE LIVRE<\/a>\u00a0 \/\/ \u00a0<\/strong><strong><a href=\"https:\/\/assolaguillotine.wordpress.com\/2013\/01\/08\/une-alliance-contre-nature-un-extrait-du-livre-de-david-cronin\/\">LIRE UN EXTRAIT<\/a><\/strong><\/p>\n<p><strong>ISBN : 978-2-9543806-0-5<\/strong><\/p>\n<p><strong>224 pages<\/strong><br \/>\n<strong>13 x 20 cm<\/strong><br \/>\n<strong>Prix : 15 \u20ac<\/strong><br \/>\n<strong>D\u00e9pot l\u00e9gal : d\u00e9cembre 2012<\/strong><br \/>\n<strong>Edition La Guillotine<\/strong><br \/>\n<strong>Imprim\u00e9 \u00e0 Toulouse par la\u00a0<a href=\"http:\/\/www.scopmidipyrenees.coop\/Imprimerie-34\" target=\"_blank\" rel=\"noreferrer noopener\">SCOP Imprimerie 34<\/a><\/strong><\/p>\n<div class=\"wp-block-image\">\n<figure class=\"aligncenter\"><a href=\"https:\/\/www.youtube.com\/watch?v=zJFSc-IXDHM\" target=\"_blank\" rel=\"noreferrer noopener\"><img decoding=\"async\" class=\"wp-image-915 aligncenter\" src=\"https:\/\/assolaguillotine.files.wordpress.com\/2012\/12\/europe_israel_david-cronin_france_livre_analyse_union-europeenne_palestine_occupation_financements_armement.jpg\" sizes=\"(max-width: 1039px) 100vw, 1039px\" srcset=\"https:\/\/assolaguillotine.files.wordpress.com\/2012\/12\/europe_israel_david-cronin_france_livre_analyse_union-europeenne_palestine_occupation_financements_armement.jpg 1039w, https:\/\/assolaguillotine.files.wordpress.com\/2012\/12\/europe_israel_david-cronin_france_livre_analyse_union-europeenne_palestine_occupation_financements_armement.jpg?w=150&amp;h=86 150w, https:\/\/assolaguillotine.files.wordpress.com\/2012\/12\/europe_israel_david-cronin_france_livre_analyse_union-europeenne_palestine_occupation_financements_armement.jpg?w=300&amp;h=172 300w, https:\/\/assolaguillotine.files.wordpress.com\/2012\/12\/europe_israel_david-cronin_france_livre_analyse_union-europeenne_palestine_occupation_financements_armement.jpg?w=768&amp;h=441 768w, https:\/\/assolaguillotine.files.wordpress.com\/2012\/12\/europe_israel_david-cronin_france_livre_analyse_union-europeenne_palestine_occupation_financements_armement.jpg?w=1024&amp;h=587 1024w\" alt=\"Europe_Israel_david-cronin_France_livre_analyse_union-europeenne_palestine_occupation_financements_armement\" width=\"1039\" height=\"596\" data-attachment-id=\"915\" data-permalink=\"https:\/\/assolaguillotine.wordpress.com\/catalogue\/europe-israel-de-david-cronin\/europe_israel_david-cronin_france_livre_analyse_union-europeenne_palestine_occupation_financements_armement\/\" data-orig-file=\"https:\/\/assolaguillotine.files.wordpress.com\/2012\/12\/europe_israel_david-cronin_france_livre_analyse_union-europeenne_palestine_occupation_financements_armement.jpg\" data-orig-size=\"1039,596\" data-comments-opened=\"1\" data-image-meta=\"{&quot;aperture&quot;:&quot;0&quot;,&quot;credit&quot;:&quot;Dell&quot;,&quot;camera&quot;:&quot;&quot;,&quot;caption&quot;:&quot;&quot;,&quot;created_timestamp&quot;:&quot;1494443898&quot;,&quot;copyright&quot;:&quot;&quot;,&quot;focal_length&quot;:&quot;0&quot;,&quot;iso&quot;:&quot;0&quot;,&quot;shutter_speed&quot;:&quot;0&quot;,&quot;title&quot;:&quot;&quot;,&quot;orientation&quot;:&quot;0&quot;}\" data-image-title=\"Europe_Israel_david-cronin_France_livre_analyse_union-europeenne_palestine_occupation_financements_armement\" data-image-description=\"\" data-image-caption=\"\" data-medium-file=\"https:\/\/assolaguillotine.files.wordpress.com\/2012\/12\/europe_israel_david-cronin_france_livre_analyse_union-europeenne_palestine_occupation_financements_armement.jpg?w=300\" data-large-file=\"https:\/\/assolaguillotine.files.wordpress.com\/2012\/12\/europe_israel_david-cronin_france_livre_analyse_union-europeenne_palestine_occupation_financements_armement.jpg?w=825\" \/><\/a><\/figure>\n<header class=\"entry-header\">\n<h3 class=\"entry-title\" style=\"text-align: center;\">Interview de David Cronin \u2013 L\u2019Europe, Isra\u00ebl et le lobbying<\/h3>\n<\/header>\n<div class=\"entry-body\">\n<div class=\"entry-content\">\n<p align=\"justify\"><strong><a href=\"https:\/\/assolaguillotine.files.wordpress.com\/2013\/01\/david-cronin-bruxelles-fevrier-conference-europe-israel-egalite.jpg\"><img decoding=\"async\" class=\"alignleft  wp-image-221\" src=\"https:\/\/assolaguillotine.files.wordpress.com\/2013\/01\/david-cronin-bruxelles-fevrier-conference-europe-israel-egalite.jpg?w=180&amp;h=114\" sizes=\"(max-width: 180px) 100vw, 180px\" srcset=\"https:\/\/assolaguillotine.files.wordpress.com\/2013\/01\/david-cronin-bruxelles-fevrier-conference-europe-israel-egalite.jpg?w=180&amp;h=114 180w, https:\/\/assolaguillotine.files.wordpress.com\/2013\/01\/david-cronin-bruxelles-fevrier-conference-europe-israel-egalite.jpg?w=360&amp;h=228 360w, https:\/\/assolaguillotine.files.wordpress.com\/2013\/01\/david-cronin-bruxelles-fevrier-conference-europe-israel-egalite.jpg?w=150&amp;h=95 150w, https:\/\/assolaguillotine.files.wordpress.com\/2013\/01\/david-cronin-bruxelles-fevrier-conference-europe-israel-egalite.jpg?w=300&amp;h=190 300w\" alt=\"david-cronin-bruxelles-fevrier-conference-europe-israel-egalite\" width=\"180\" height=\"114\" data-attachment-id=\"221\" data-permalink=\"https:\/\/assolaguillotine.wordpress.com\/?attachment_id=221\" data-orig-file=\"https:\/\/assolaguillotine.files.wordpress.com\/2013\/01\/david-cronin-bruxelles-fevrier-conference-europe-israel-egalite.jpg\" data-orig-size=\"505,320\" data-comments-opened=\"1\" data-image-meta=\"{&quot;aperture&quot;:&quot;0&quot;,&quot;credit&quot;:&quot;C\\u00e9d&quot;,&quot;camera&quot;:&quot;&quot;,&quot;caption&quot;:&quot;&quot;,&quot;created_timestamp&quot;:&quot;1358168294&quot;,&quot;copyright&quot;:&quot;&quot;,&quot;focal_length&quot;:&quot;0&quot;,&quot;iso&quot;:&quot;0&quot;,&quot;shutter_speed&quot;:&quot;0&quot;,&quot;title&quot;:&quot;&quot;}\" data-image-title=\"david-cronin-bruxelles-fevrier-conference-europe-israel-egalite\" data-image-description=\"\" data-image-caption=\"\" data-medium-file=\"https:\/\/assolaguillotine.files.wordpress.com\/2013\/01\/david-cronin-bruxelles-fevrier-conference-europe-israel-egalite.jpg?w=300\" data-large-file=\"https:\/\/assolaguillotine.files.wordpress.com\/2013\/01\/david-cronin-bruxelles-fevrier-conference-europe-israel-egalite.jpg?w=505\" \/><\/a><br \/>\nSi les am\u00e9ricains ont eu droit au fabuleux travail de John Mearsheimer et Stephen Walt dans leur ouvrage intitul\u00e9 \u00ab\u00a0Le lobby pro-isra\u00e9lien et la politique \u00e9trang\u00e8re am\u00e9ricaine\u00a0\u00bb, l\u2019Europe n\u2019a pas \u00e0 rougir puisque le journaliste irlandais David Cronin nous livre un remarquable ouvrage sur les relations entre l\u2019Union Europ\u00e9enne et Isra\u00ebl sous le titre \u00ab\u00a0Europe Isra\u00ebl : Une alliance contre-nature\u00a0\u00bb, publi\u00e9 aux \u00e9ditions La Guillotine.<\/strong><\/p>\n<p align=\"justify\">David Cronin sait de quoi il parle puisqu\u2019il a fr\u00e9quent\u00e9 durant sa carri\u00e8re de journaliste \u00e9norm\u00e9ment de hauts fonctionnaires et diplomates europ\u00e9ens. Si l\u2019UE nous rappelle sans cesse qu\u2019elle est la plus grande donatrice de l\u2019Autorit\u00e9 Palestinienne, elle est aussi le plus grand soutien \u00e0 l\u2019occupation isra\u00e9lienne. David Cronin, \u00e0 travers ce livre, nous montre comment Isra\u00ebl \u2013 consid\u00e9r\u00e9 comme le 51e Etat des Etats-Unis d\u2019Am\u00e9rique \u2013 tisse d\u00e9sormais des liens tr\u00e8s \u00e9troits avec l\u2019Union Europ\u00e9enne. L\u2019enqu\u00eate de M. Cronin nous d\u00e9montre comment les partenariats concernant le domaine civil permettent aussi le d\u00e9veloppement du domaine militaire isra\u00e9lien, donc du massacre des palestiniens durant chaque conflit.<\/p>\n<p align=\"justify\"><strong>&gt;&gt;&gt;\u00a0<a href=\"http:\/\/www.cercledesvolontaires.fr\/2013\/04\/09\/europe-israel-une-alliance-contre-nature-rencontre-avec-david-cronin\/\" target=\"_blank\" rel=\"noopener\">ECOUTER OU LIRE L\u2019INTERVIEW PAR LE CERCLE DES VOLONTAIRES<\/a><\/strong><\/p>\n<p>&nbsp;<\/p>\n<\/div>\n<\/div>\n<\/div>\n<\/div>\n<\/div>\n","protected":false},"excerpt":{"rendered":"<p>En 2010, David Cronin livrait une enqu\u00eate sur les liens entre l\u2019Europe et Isra\u00ebl. Le journaliste irlandais d\u00e9montre que malgr\u00e9 les discours en faveur d\u2019une paix en Palestine et du respect du droit humanitaire, de nombreux \u00c9tats (dont la France), l\u2019Union europ\u00e9enne et de grandes entreprises font des affaires avec l\u2019\u00c9tat h\u00e9breu sans se soucier &#8230; <a title=\"Europe et Isra\u00ebl : Les profits de la\u00a0souffrance\" class=\"read-more\" href=\"https:\/\/bruxelles-pantheres.be\/?p=5822\" aria-label=\"En savoir plus sur Europe et Isra\u00ebl : Les profits de la\u00a0souffrance\">Lire la suite<\/a><\/p>\n","protected":false},"author":1,"featured_media":5824,"comment_status":"open","ping_status":"open","sticky":false,"template":"","format":"standard","meta":{"footnotes":""},"categories":[36,6,537,18],"tags":[236,546,234],"class_list":["post-5822","post","type-post","status-publish","format-standard","has-post-thumbnail","hentry","category-europe","category-palestine-moyen-orient","category-presse-medias","category-resistance-bruxelles","tag-david-cronin","tag-europe","tag-israel"],"_links":{"self":[{"href":"https:\/\/bruxelles-pantheres.be\/index.php?rest_route=\/wp\/v2\/posts\/5822","targetHints":{"allow":["GET"]}}],"collection":[{"href":"https:\/\/bruxelles-pantheres.be\/index.php?rest_route=\/wp\/v2\/posts"}],"about":[{"href":"https:\/\/bruxelles-pantheres.be\/index.php?rest_route=\/wp\/v2\/types\/post"}],"author":[{"embeddable":true,"href":"https:\/\/bruxelles-pantheres.be\/index.php?rest_route=\/wp\/v2\/users\/1"}],"replies":[{"embeddable":true,"href":"https:\/\/bruxelles-pantheres.be\/index.php?rest_route=%2Fwp%2Fv2%2Fcomments&post=5822"}],"version-history":[{"count":1,"href":"https:\/\/bruxelles-pantheres.be\/index.php?rest_route=\/wp\/v2\/posts\/5822\/revisions"}],"predecessor-version":[{"id":5825,"href":"https:\/\/bruxelles-pantheres.be\/index.php?rest_route=\/wp\/v2\/posts\/5822\/revisions\/5825"}],"wp:featuredmedia":[{"embeddable":true,"href":"https:\/\/bruxelles-pantheres.be\/index.php?rest_route=\/wp\/v2\/media\/5824"}],"wp:attachment":[{"href":"https:\/\/bruxelles-pantheres.be\/index.php?rest_route=%2Fwp%2Fv2%2Fmedia&parent=5822"}],"wp:term":[{"taxonomy":"category","embeddable":true,"href":"https:\/\/bruxelles-pantheres.be\/index.php?rest_route=%2Fwp%2Fv2%2Fcategories&post=5822"},{"taxonomy":"post_tag","embeddable":true,"href":"https:\/\/bruxelles-pantheres.be\/index.php?rest_route=%2Fwp%2Fv2%2Ftags&post=5822"}],"curies":[{"name":"wp","href":"https:\/\/api.w.org\/{rel}","templated":true}]}}