{"id":5836,"date":"2024-01-12T14:27:31","date_gmt":"2024-01-12T13:27:31","guid":{"rendered":"https:\/\/bruxelles-pantheres.be\/?p=5836"},"modified":"2024-01-12T15:42:17","modified_gmt":"2024-01-12T14:42:17","slug":"la-republique-sud-africaine-introduit-une-instance-contre-letat-disrael-et-prie-la-cour-dindiquer-des-mesures-conservatoires","status":"publish","type":"post","link":"https:\/\/bruxelles-pantheres.be\/?p=5836","title":{"rendered":"La R\u00e9publique sud-africaine introduit une instance contre l\u2019\u00c9tat d\u2019Isra\u00ebl et prie la Cour d\u2019indiquer des mesures conservatoires"},"content":{"rendered":"<p>LA HAYE, le 29 d\u00e9cembre 2023. Ce jour, l\u2019Afrique du Sud a d\u00e9pos\u00e9 devant la Cour \u00a0internationale de Justice (CIJ), organe judiciaire principal de l\u2019Organisation des Nations Unies, une \u00a0requ\u00eate introductive d\u2019instance contre l\u2019\u00c9tat d\u2019Isra\u00ebl au sujet de suppos\u00e9s manquements par cet \u00c9tat \u00a0aux obligations qui lui incombent au titre de la convention pour la pr\u00e9vention et la r\u00e9pression du \u00a0crime de g\u00e9nocide (la \u00ab convention contre le g\u00e9nocide \u00bb) en ce qui concerne les Palestiniens dans la \u00a0bande de Gaza.<\/p>\n<p>Dans sa requ\u00eate, l\u2019Afrique du Sud affirme que \u00ab les actes et omissions d\u2019Isra\u00ebl rev\u00eatent un \u00a0caract\u00e8re g\u00e9nocidaire, car ils s\u2019accompagnent de l\u2019intention sp\u00e9cifique requise \u2026 de d\u00e9truire les \u00a0Palestiniens de Gaza en tant que partie du groupe national, racial et ethnique plus large des \u00a0Palestiniens \u00bb et que, \u00ab par son comportement \u2014 par l\u2019interm\u00e9diaire de ses organes et agents et \u00a0d\u2019autres personnes et entit\u00e9s agissant sur ses instructions ou sous sa direction, son contr\u00f4le ou son \u00a0influence \u2014 \u00e0 l\u2019\u00e9gard des Palestiniens de Gaza, Isra\u00ebl manque aux obligations qui lui incombent au \u00a0titre de la convention contre le g\u00e9nocide \u00bb.<\/p>\n<p><!--more--><\/p>\n<div class=\"post-thumbnail\"><img decoding=\"async\" class=\"attachment-post-thumbnail size-post-thumbnail wp-post-image aligncenter\" src=\"https:\/\/aurdip.org\/wp-content\/uploads\/2023\/12\/great-hall.jpg\" sizes=\"(max-width: 361px) 100vw, 361px\" srcset=\"https:\/\/aurdip.org\/wp-content\/uploads\/2023\/12\/great-hall.jpg 361w, https:\/\/aurdip.org\/wp-content\/uploads\/2023\/12\/great-hall-300x180.jpg 300w\" alt=\"\" width=\"361\" height=\"216\" \/><\/div>\n<div class=\"entry-content clearfix\">\n<p>La demanderesse avance \u00e9galement qu\u2019\u00ab Isra\u00ebl, en particulier depuis le 7 octobre 2023, \u00a0manque \u00e0 son obligation de pr\u00e9venir le g\u00e9nocide, ainsi qu\u2019\u00e0 son obligation de punir l\u2019incitation \u00a0directe et publique \u00e0 commettre le g\u00e9nocide \u00bb, et \u00ab s\u2019est livr\u00e9, se livre et risque de continuer \u00e0 se \u00a0livrer \u00e0 des actes de g\u00e9nocide contre le peuple palestinien \u00e0 Gaza \u00bb.<\/p>\n<p>L\u2019Afrique du Sud entend fonder la comp\u00e9tence de la Cour sur le paragraphe 1 de l\u2019article 36 du Statut de la Cour et sur l\u2019article IX de la convention contre le g\u00e9nocide, \u00e0 laquelle Isra\u00ebl et \u00a0elle-m\u00eame sont tous deux parties.<\/p>\n<p>La requ\u00eate contient \u00e9galement une demande en indication de mesures conservatoires, d\u00e9pos\u00e9e \u00a0conform\u00e9ment \u00e0 l\u2019article 41 du Statut de la Cour et aux articles 73, 74 et 75 de son R\u00e8glement. \u00a0L\u2019Afrique du Sud y prie la Cour d\u2019indiquer des mesures conservatoires comme \u00ab protection contre \u00a0un nouveau pr\u00e9judice grave et irr\u00e9parable aux droits que le peuple palestinien tient de la convention \u00a0contre le g\u00e9nocide \u00bb, et de \u00ab faire en sorte qu\u2019Isra\u00ebl respecte les obligations que lui fait la convention \u00a0de ne pas commettre de g\u00e9nocide, et de pr\u00e9venir et de punir le g\u00e9nocide \u00bb.<\/p>\n<p>Aux termes de l\u2019article 74 du R\u00e8glement de la Cour, \u00ab [l]a demande en indication de mesures \u00a0conservatoires a priorit\u00e9 sur toutes autres affaires \u00bb.<\/p>\n<p>___________<\/p>\n<p>La requ\u00eate introductive d\u2019instance et la demande en indication de mesures conservatoires qu\u2019elle contient sont disponibles sur le site Internet de la Cour.<\/p>\n<p>___________<\/p>\n<p>Remarque : Les communiqu\u00e9s de presse de la Cour sont \u00e9tablis par son Greffe \u00e0 des fins \u00a0d\u2019information uniquement et ne constituent pas des documents officiels.<\/p>\n<p>___________<\/p>\n<p>La Cour internationale de Justice (CIJ) est l\u2019organe judiciaire principal de l\u2019Organisation des \u00a0Nations Unies (ONU). Elle a \u00e9t\u00e9 institu\u00e9e en juin 1945 par la Charte des Nations Unies et a entam\u00e9 \u00a0ses activit\u00e9s en avril 1946. La Cour est compos\u00e9e de 15 juges, \u00e9lus pour un mandat de neuf ans par \u00a0l\u2019Assembl\u00e9e g\u00e9n\u00e9rale et le Conseil de s\u00e9curit\u00e9 de l\u2019ONU. Elle a son si\u00e8ge au Palais de la Paix, \u00e0 \u00a0La Haye (Pays-Bas). La Cour a une double mission, consistant, d\u2019une part, \u00e0 r\u00e9gler, conform\u00e9ment \u00a0au droit international, les diff\u00e9rends juridiques dont elle est saisie par les \u00c9tats et, d\u2019autre part, \u00a0\u00e0 donner des avis consultatifs sur les questions juridiques qui lui sont soumises par les organes de \u00a0l\u2019ONU et les institutions du syst\u00e8me des Nations Unies d\u00fbment autoris\u00e9s \u00e0 le faire.<\/p>\n<p><a href=\"https:\/\/bruxelles-pantheres.be\/wp-content\/uploads\/2024\/01\/192-20231229-pre-01-00-fr.pdf\">192-20231229-pre-01-00-fr<\/a><\/p>\n<h4 style=\"text-align: center;\"><strong>\u00ab \u00c0 Gaza, le risque de g\u00e9nocide se mat\u00e9rialise de plus en plus \u00bb<\/strong><\/h4>\n<p style=\"text-align: left;\">D\u00c9CEMBRE 29, 2023 | FRANCESCA ALBANESE| ZEINA KOVACS | MEDIAPART<\/p>\n<p>La rapporteuse sp\u00e9ciale des Nations unies pour les territoires palestiniens occup\u00e9s, Francesca Albanese, estime que la situation \u00e0 Gaza \u00ab se d\u00e9grade d\u2019heure en heure \u00bb. Elle revient sur les termes de \u00ab g\u00e9nocide \u00bb et de \u00ab nettoyage ethnique \u00bb pour qualifier les actions men\u00e9es par Isra\u00ebl.<\/p>\n<p>Le bilan, dramatique, ne cesse de s\u2019alourdir. Selon le minist\u00e8re de la sant\u00e9 palestinien, 21 110 personnes, dont 6 300 femmes et 8 800 enfants, sont mortes dans la bande de Gaza depuis le 7 octobre et les attaques meurtri\u00e8res lanc\u00e9es par le Hamas. Chaque jour, les bombardements isra\u00e9liens font des centaines de mort\u00b7es. Apr\u00e8s l\u2019annonce le 25 d\u00e9cembre d\u2019une \u00ab intensification des combats \u00bb par Benyamin N\u00e9tanyahou, le premier ministre, le centre de l\u2019enclave est particuli\u00e8rement cibl\u00e9. Les h\u00f4pitaux sont \u00e0 bout de forces et les bless\u00e9\u00b7s graves n\u2019ont quasiment plus aucune chance de survie, selon les ONG.<\/p>\n<p>Dans un entretien \u00e0 Mediapart, l\u2019avocate italienne Francesca Albanese, rapporteuse sp\u00e9ciale des Nations unies (ONU) pour les territoires palestiniens occup\u00e9s depuis 2022, revient sur les mots de cette guerre et leur histoire, notamment celui de \u00ab g\u00e9nocide \u00bb, utilis\u00e9 par de nombreuses organisations palestiniennes et objet de vives pol\u00e9miques. Selon la juriste, \u00ab on pourrait comparer ce qu\u2019il se passe \u00e0 Gaza avec les g\u00e9nocides rwandais et bosniaque \u00bb.Mais elle parle surtout de \u00ab nettoyage ethnique \u00bb.<\/p>\n<p><strong>Mediapart : Comment qualifier la situation \u00e0 Gaza aujourd\u2019hui ?<\/strong><\/p>\n<p>Francesca Albanese : Elle se d\u00e9grade d\u2019heure en heure. Le nombre de morts et de bless\u00e9s augmente avec le d\u00e9sespoir de la population. Isra\u00ebl est en train de faire quelque chose de tr\u00e8s cynique qui n\u2019est jamais arriv\u00e9 dans l\u2019histoire \u00e0 ma connaissance. On pourrait comparer ce qu\u2019il se passe \u00e0 Gaza avec les g\u00e9nocides du Rwanda et en Bosnie [dans la r\u00e9gion de Srebrenica en 1995 \u2013 ndlr], \u00e0 la diff\u00e9rence qu\u2019\u00e0 Gaza aujourd\u2019hui l\u2019information est bloqu\u00e9e et le crime invisibilis\u00e9. Le cynisme est tel que les Isra\u00e9liens savent que ce qu\u2019ils sont en train de faire est criminel et le pr\u00e9sentent comme n\u00e9cessaire\u2026 Or il n\u2019y a aucune n\u00e9cessit\u00e9 militaire. Ils sont en train d\u2019abuser d\u2019une population d\u00e9sesp\u00e9r\u00e9e.<\/p>\n<p><strong>Vous estimez donc le terme de g\u00e9nocide adapt\u00e9 ?<\/strong><\/p>\n<p>Selon moi, la d\u00e9finition du g\u00e9nocide inscrite \u00e0 l\u2019article 2 de la convention sur le g\u00e9nocide s\u2019applique au cas actuel de Gaza. An\u00e9antir la capacit\u00e9 des h\u00f4pitaux de soigner les bless\u00e9\u00b7es et bloquer la fourniture de produits de premi\u00e8re n\u00e9cessit\u00e9 en est un exemple. En plus des bombardements violents, les Palestiniens meurent \u00e0 cause du manque de m\u00e9dicaments, du manque d\u2019eau et de nourriture et des maladies qui sont en train de se diffuser dans la population.<\/p>\n<p>Personnellement, je d\u00e9nonce un nettoyage ethnique. Les Isra\u00e9liens parlent de migration volontaire mais quel libre arbitre y a-t-il ici ? Aujourd\u2019hui, il y a presque 2 millions de personnes qui sont sans abri et Isra\u00ebl est en train de forcer les gens \u00e0 se d\u00e9placer. On les affame et on les torture, y compris les enfants.<\/p>\n<p>Le risque de g\u00e9nocide se mat\u00e9rialise de plus en plus : cela devient \u00e9vident y compris quand on \u00e9coute les discours des politiques et militaires isra\u00e9liens qui demandent l\u2019\u00e9radication des Palestiniens de Gaza. Dans leur folie \u00e9liminatrice et meurtri\u00e8re, les Isra\u00e9liens ont perdu toute pudeur. Ils en parlent comme s\u2019il \u00e9tait normal d\u2019aspirer \u00e0 l\u2019an\u00e9antissement d\u2019une partie d\u2019un peuple.<\/p>\n<p><strong>Comprenez-vous que le mot de g\u00e9nocide soit inaudible pour certains, compte tenu du parall\u00e8le qui peut \u00eatre fait avec la Shoah, qui a justement conduit \u00e0 la cr\u00e9ation de l\u2019\u00c9tat d\u2019Isra\u00ebl ?<\/strong><\/p>\n<p>Apr\u00e8s toute la d\u00e9shumanisation et la discrimination que le peuple juif a endur\u00e9es au cours de son histoire, son ADN est intimement li\u00e9 \u00e0 la pers\u00e9cution. Je comprends donc le choc qu\u2019ils ont d\u00fb ressentir le 7 octobre, c\u2019\u00e9tait une violence particuli\u00e8re pour eux.<\/p>\n<p>Je comprends aussi la peur que les Isra\u00e9liens peuvent avoir. Ils grandissent en se sentant en p\u00e9ril. Je cite souvent l\u2019acad\u00e9micienne isra\u00e9lienne Nurit Peled-Elhanan, qui explique que les Isra\u00e9liens grandissent en percevant les Palestiniens comme un danger existentiel pour eux. C\u2019est m\u00eame \u00e9crit dans les manuels scolaires.<\/p>\n<p>En revanche, si le terme de g\u00e9nocide est charg\u00e9 politiquement, sa d\u00e9finition l\u00e9gale n\u2019appartient pas seulement au peuple juif. Avant eux, les Allemands avaient d\u00e9j\u00e0 commis un g\u00e9nocide contre le peuple des H\u00e9r\u00e9ros en Namibie [entre 1904 et 1908 \u2013 ndlr]. Je comprends combien le d\u00e9bat est d\u00e9licat. Mais c\u2019est justement parce que la le\u00e7on du g\u00e9nocide contre les juifs a \u00e9t\u00e9 forte que nous avons une responsabilit\u00e9 collective \u00e0 reconna\u00eetre quand ce crime peut se d\u00e9rouler ailleurs.<\/p>\n<p>Aucun peuple ne doit \u00eatre au-dessus de la loi. On ne peut pas justifier les crimes d\u2019Isra\u00ebl par les souffrances ant\u00e9rieures des juifs. La trag\u00e9die europ\u00e9enne s\u2019est renvers\u00e9e sur les Palestiniens qui payent depuis 75 ans pour des crimes qu\u2019ils n\u2019ont pas commis.<\/p>\n<p><strong>Utiliser le mot de g\u00e9nocide sert-il aussi \u00e0 alerter la communaut\u00e9 internationale et les institutions onusiennes pour qu\u2019elles activent les processus juridiques existants ?<\/strong><\/p>\n<p>Exactement. Le g\u00e9nocide, plus que tout autre crime contre l\u2019humanit\u00e9, a une obligation de pr\u00e9vention. D\u2019autant plus qu\u2019il n\u2019y a pas \u00e0 prouver qu\u2019il y a un g\u00e9nocide en cours mais seulement un risque de g\u00e9nocide. Les \u00c9tats ont alors l\u2019obligation d\u2019intervenir et ce, de plusieurs mani\u00e8res.<\/p>\n<p>En premier lieu, il faut arr\u00eater d\u2019exporter des armes et de l\u2019aide militaire \u00e0 Isra\u00ebl. Ensuite, la Charte des Nations unies offre des mesures diplomatiques et politiques qui peuvent conduire \u00e0 la suspension des relations diplomatiques avec les principaux partenaires d\u2019Isra\u00ebl. Je pense notamment \u00e0 l\u2019Union europ\u00e9enne, les \u00c9tats-Unis et le Canada qui, en ne rompant pas leurs liens avec l\u2019\u00c9tat h\u00e9breu, soutiennent activement ce qu\u2019il se passe dans les territoires palestiniens.<\/p>\n<p>Ces pays que vous venez de citer, ce sont aussi ceux qui s\u2019opposent \u00e0 l\u2019enqu\u00eate que m\u00e8ne la Cour p\u00e9nale internationale (CPI) sur les exactions isra\u00e9liennes dans les territoires palestiniens\u2026<\/p>\n<p>Les \u00c9tats occidentaux y ont une influence \u00e0 deux niveaux. Premi\u00e8rement, ils se sont toujours oppos\u00e9s \u00e0 toute action l\u00e9gale des Palestiniens, et \u00e0 leur r\u00e9sistance pacifique. Les ONG palestiniennes ont essay\u00e9 d\u2019utiliser les canaux l\u00e9gaux comme la Cour internationale de justice [juridiction supr\u00eame de l\u2019ONU \u2013 ndlr] et la CPI. Les pays occidentaux s\u2019y sont oppos\u00e9s, comme si les consid\u00e9rations politiques pouvaient an\u00e9antir ou se substituer \u00e0 la justice universelle et \u00e9quitable. Cela a cr\u00e9\u00e9 une perception tr\u00e8s forte de double standard chez les Palestiniens.<\/p>\n<p>La deuxi\u00e8me chose, c\u2019est que ce double standard se retrouve dans l\u2019application m\u00eame de la proc\u00e9dure p\u00e9nale. Au moment de l\u2019enqu\u00eate de la CPI sur la guerre en Ukraine, beaucoup d\u2019\u00c9tats occidentaux ont contribu\u00e9 financi\u00e8rement ou mat\u00e9riellement au fonctionnement de la CPI. L\u2019enqu\u00eate dans les territoires palestiniens, elle, n\u2019a \u00e9t\u00e9 ouverte qu\u2019en 2021, soit cinq ans apr\u00e8s son d\u00e9p\u00f4t. Ce n\u2019est que cette ann\u00e9e, apr\u00e8s les \u00e9v\u00e9nements du 7 octobre, que le procureur de la CPI s\u2019est rendu \u00e0 Rafah et en Isra\u00ebl.<\/p>\n<p><strong>Cela fait maintenant des ann\u00e9es que nous disposons des preuves de crimes de guerre, notamment en Cisjordanie : la documentation de son annexion est tr\u00e8s abondante et provient directement du gouvernement isra\u00e9lien. Qu\u2019attendons-nous alors pour lancer des mandats d\u2019arr\u00eat ?<\/strong><\/p>\n<p>\u00c9videmment, je sais qu\u2019il existe des pressions politiques exerc\u00e9es sur la CPI, notamment am\u00e9ricaines. Et je me souviens des menaces venues des \u00c9tats-Unis \u00e0 l\u2019encontre de l\u2019ancienne procureure g\u00e9n\u00e9rale, Fatou Bensouda, avant qu\u2019elle n\u2019ouvre l\u2019enqu\u00eate sur les crimes pr\u00e9sum\u00e9s des soldats am\u00e9ricains en Afghanistan.<\/p>\n<p><strong>\u00c0 l\u2019heure actuelle, le conseil de s\u00e9curit\u00e9 des Nations unies ne parvient pas \u00e0 un accord pour un cessez-le-feu durable \u00e0 Gaza, en grande partie \u00e0 cause du blocage am\u00e9ricain. Faut-il en conclure que le syst\u00e8me onusien est devenu d\u00e9suet ?<\/strong><\/p>\n<p>Il est l\u00e9gitime de se poser la question de l\u2019utilit\u00e9 d\u2019un conseil de s\u00e9curit\u00e9 qui ne fonctionne que dans le sens des amis des \u00c9tats-Unis. Je n\u2019ai pas la r\u00e9ponse. Je voudrais voir aujourd\u2019hui un acte courageux allant dans l\u2019autre sens. Mais il est difficile \u00e0 entrevoir. Parall\u00e8lement, la soci\u00e9t\u00e9 isra\u00e9lienne, elle, ne comprend pas pourquoi il n\u2019y a que les \u00c9tats-Unis qui s\u2019opposent \u00e0 un cessez-le-feu. Hormis le journal Haaretz et le site +972, aucun m\u00e9dia isra\u00e9lien n\u2019informe sur ce qu\u2019il se passe r\u00e9ellement \u00e0 Gaza.<\/p>\n<p><strong>Il y a 75 ans, l\u2019ONU a cr\u00e9\u00e9 par un vote de son Assembl\u00e9e l\u2019\u00c9tat d\u2019Isra\u00ebl. Aujourd\u2019hui, Isra\u00ebl taxe Ant\u00f3nio Guterres, secr\u00e9taire g\u00e9n\u00e9ral des Nations unies, d\u2019antis\u00e9mitisme, et refuse de se plier \u00e0 ses injonctions. Comment pourrait-on qualifier aujourd\u2019hui la relation entre les Nations unies et l\u2019\u00c9tat d\u2019Isra\u00ebl ?<\/strong><\/p>\n<p>Leur relation est tendue. Isra\u00ebl a toujours \u00e9t\u00e9 autoris\u00e9 \u00e0 s\u2019autog\u00e9rer et a \u00e9t\u00e9 exon\u00e9r\u00e9 d\u2019obligations onusiennes dans l\u2019impunit\u00e9 la plus totale. Mes pr\u00e9d\u00e9cesseurs, rapporteurs de l\u2019ONU pour les territoires palestiniens, Michael Lynk et Richard Falk, ont, comme moi, \u00e9t\u00e9 destinataires d\u2019insultes et d\u2019offenses. Les membres de la commission d\u2019enqu\u00eate sur Isra\u00ebl et Palestine ont aussi \u00e9t\u00e9 victimes de chantage et d\u2019abus.<\/p>\n<p>Tout cela a \u00e9t\u00e9 tol\u00e9r\u00e9. La cons\u00e9quence de cette politique conduit aujourd\u2019hui \u00e0 l\u2019agressivit\u00e9 d\u2019Isra\u00ebl envers le secr\u00e9taire g\u00e9n\u00e9ral de l\u2019ONU Ant\u00f3nio Guterres. Nous n\u2019avons donn\u00e9 aucune limite \u00e0 cet \u00c9tat et c\u2019est all\u00e9 trop loin. Il est urgent de stopper cette impunit\u00e9 avant que d\u2019autres \u00c9tats ne prennent cet exemple.<\/p>\n<p><strong>Sur la r\u00e9solution du conflit, quelle issue pourrait-on imaginer ? Gaza va-t-elle continuer d\u2019exister ? Et si oui, qui l\u2019administrera ?<\/strong><\/p>\n<p>La seule mani\u00e8re soutenable de sortir de cette folie c\u2019est d\u2019avoir un plan sur le long terme qui permettrait le r\u00e9tablissement de l\u2019\u00c9tat de droit et du droit international. On ne peut plus laisser perdurer la loi martiale isra\u00e9lienne appliqu\u00e9e dans les territoires palestiniens occup\u00e9s et qui conduit \u00e0 l\u2019oppression permanente du peuple palestinien. L\u2019occupation militaire doit cesser et il faudra \u00e9valuer si les colons install\u00e9s en Cisjordanie doivent ou non partir.<\/p>\n<p>Avant toute chose, il faut d\u00e9clarer un cessez-le-feu et d\u00e9ployer une mission de paix et de protection de l\u2019ONU dans les territoires palestiniens, ce qui permettrait aussi une d\u00e9militarisation du territoire et l\u2019entr\u00e9e de l\u2019aide humanitaire n\u00e9cessaire. Dans les ann\u00e9es qui suivront, il faudra \u00e9videmment organiser des \u00e9lections pour savoir qui administrera les territoires palestiniens. Ce sera malheureusement beaucoup plus difficile aujourd\u2019hui d\u2019emp\u00eacher un vote pour le Hamas.<\/p>\n<p>D\u2019ailleurs, si l\u2019objectif de cette op\u00e9ration militaire isra\u00e9lienne est de \u00ab d\u00e9radicaliser \u00bb le Hamas, c\u2019est tout l\u2019inverse qui se passe aujourd\u2019hui. L\u2019action f\u00e9roce isra\u00e9lienne pr\u00e9pare le terrain de la radicalisation d\u2019une soci\u00e9t\u00e9 qui \u00e9tait auparavant fortement la\u00efque. Je rappelle que le Hamas n\u2019existait pas avant les ann\u00e9es 1980, c\u2019est un produit fabriqu\u00e9 par l\u2019occupation et l\u2019oppression.<\/p>\n<p>Zeina Kovacs<\/p>\n<\/div>\n<header class=\"entry-header\">\n<h4 class=\"entry-title\">Gaza\u00a0: les enjeux de la plainte pour g\u00e9nocide visant Isra\u00ebl devant la Cour internationale de justice<\/h4>\n<div class=\"entry-meta\"><span class=\"posted-on\">POSTED ON\u00a0<time class=\"entry-date published\" datetime=\"2024-01-10T20:32:19+00:00\">JANVIER 10, 2024<\/time><\/span>\u00a0|\u00a0LOUIS IMBERT|\u00a0ST\u00c9PHANIE MAUPAS\u00a0|\u00a0LE MONDE<\/div>\n<\/header>\n<div class=\"entry-content clearfix\">\n<p>L\u2019Afrique du Sud, \u00e0 l\u2019origine de la saisine des juges de La\u00a0Haye, leur demande, avant m\u00eame qu\u2019ils se prononcent sur le fond, d\u2019ordonner \u00e0 Isra\u00ebl de cesser les attaques contre l\u2019enclave palestinienne. Les audiences se d\u00e9rouleront jeudi et vendredi.<\/p>\n<div class=\"entry-content clearfix\">\n<p>Pour Isra\u00ebl et l\u2019immense majorit\u00e9 de ses citoyens, cette plainte est une aberration et un cr\u00e8ve-c\u0153ur aussi : l\u2019Etat juif, proclam\u00e9 en 1948, dans la foul\u00e9e de la Shoah, l\u2019entreprise d\u2019extermination la plus vaste et la plus syst\u00e9matique de l\u2019histoire, se retrouve accus\u00e9 de commettre \u00e0 son tour le crime de g\u00e9nocide, dans la bande de Gaza. Pour les Palestiniens au contraire, qui d\u00e9sesp\u00e8rent de l\u2019incapacit\u00e9 des chancelleries occidentales \u00e0 imposer un cessez-le-feu \u00e0 leur alli\u00e9 isra\u00e9lien, la proc\u00e9dure constitue une occasion de braquer les projecteurs sur le supplice v\u00e9cu par l\u2019enclave c\u00f4ti\u00e8re, hors d\u2019acc\u00e8s des m\u00e9dias \u00e9trangers, o\u00f9 les bombardements isra\u00e9liens ont caus\u00e9 au moins 23 000 morts et 59 000 bless\u00e9s en trois mois.<\/p>\n<p>La plainte pour violation de la Convention pour la pr\u00e9vention et la r\u00e9pression du crime de g\u00e9nocide qui vise Isra\u00ebl a \u00e9t\u00e9 d\u00e9pos\u00e9e le 29 d\u00e9cembre 2023 par l\u2019Afrique du Sud, devant la Cour internationale de justice (CIJ). Les audiences se d\u00e9rouleront les 11 et 12 janvier au palais de la Paix \u00e0 La Haye, devant la plus haute cour des Nations unies, charg\u00e9e d\u2019arbitrer les diff\u00e9rends entre Etats. Elles s\u2019ouvrent apr\u00e8s trois mois d\u2019une guerre que les Isra\u00e9liens vivent comme impos\u00e9e par le Hamas palestinien, qui a massacr\u00e9 1 200 civils et militaires le 7 octobre 2023, d\u00e9peuplant une large zone autour de l\u2019enclave.<\/p>\n<p>Il faudra des ann\u00e9es avant que les juges de La Haye ne tranchent sur le fond. Mais l\u2019Afrique du Sud leur demande d\u2019ores et d\u00e9j\u00e0 de prendre des \u00ab mesures conservatoires \u00bb pour arr\u00eater les crimes en cours dans le territoire palestinien. La Cour n\u2019a certes pas les moyens de faire ex\u00e9cuter ses d\u00e9cisions. Dans l\u2019hypoth\u00e8se o\u00f9 elle appellerait \u00e0 des sanctions du Conseil de s\u00e9curit\u00e9 de l\u2019ONU, il est quasi certain que les Etats-Unis, qui soutiennent l\u2019Etat h\u00e9breu dans sa guerre, y opposeraient leur v\u00e9to. Le secr\u00e9taire d\u2019Etat am\u00e9ricain, Antony Blinken, a d\u2019ailleurs d\u00e9clar\u00e9 mardi que la plainte visant Isra\u00ebl devant la CIJ est \u00ab d\u00e9nu\u00e9e de fondement \u00bb. L\u2019avis des juges sur les mesures pr\u00e9alables pourrait n\u00e9anmoins avoir une port\u00e9e symbolique consid\u00e9rable.<\/p>\n<p>Dans le document qu\u2019elle a transmis \u00e0 la CIJ fin d\u00e9cembre 2023, l\u2019Afrique du Sud l\u2019exhorte \u00e0 ordonner \u00e0 Isra\u00ebl \u00ab de mettre fin imm\u00e9diatement \u00e0 toutes les attaques militaires \u00bb qui pourraient constituer des actes de g\u00e9nocide, \u00ab de cesser de tuer et de causer de graves blessures mentales et physiques au peuple palestinien \u00e0 Gaza \u00bb, et de \u00ab ne pas imposer des conditions de vie qui pourraient entra\u00eener la destruction physique \u00bb des Gazaouis.<\/p>\n<p><strong>D\u00e9clarations \u00ab d\u00e9shumanisantes \u00bb<\/strong><\/p>\n<p>Ces trois crimes peuvent \u00eatre l\u00e9galement qualifi\u00e9s de g\u00e9nocide s\u2019ils sont commis dans l\u2019intention d\u2019\u00e9liminer les Palestiniens de Gaza. Une telle intention g\u00e9nocidaire, \u00e9l\u00e9ment crucial pour caract\u00e9riser le \u00ab crime des crimes \u00bb, se serait manifest\u00e9e, selon l\u2019Afrique du Sud, \u00ab aux plus hauts niveaux, du pr\u00e9sident, du premier ministre et du ministre de la d\u00e9fense isra\u00e9liens \u00bb. Les avocats de Pretoria rappellent, dans le document de 84 pages d\u00e9pos\u00e9 \u00e0 La Haye, les d\u00e9clarations \u00ab d\u00e9shumanisantes \u00bb faites par le chef de l\u2019Etat, le chef du gouvernement, plusieurs ministres et des officiers sup\u00e9rieurs.<\/p>\n<p>Le 16 octobre 2023, devant la Knesset, le premier ministre, Benyamin Netanyahou, avait ainsi d\u00e9crit la guerre comme \u00ab une lutte entre les enfants de la lumi\u00e8re et les enfants des t\u00e9n\u00e8bres, entre l\u2019humanit\u00e9 et la loi de la jungle \u00bb. \u00ab Nous combattons des animaux humains et nous agissons en cons\u00e9quence, avait pour sa part d\u00e9clar\u00e9 le ministre de la d\u00e9fense, Yoav Gallant. Nous imposons un si\u00e8ge complet \u00e0 Gaza. Pas d\u2019\u00e9lectricit\u00e9, pas d\u2019eau, pas de gaz, tout est ferm\u00e9. \u00bb<\/p>\n<p>Le document cite aussi des journalistes, d\u2019anciens officiers et des \u00e9lus, sans autorit\u00e9 sur la conduite de la guerre. Une partie de leurs propos ont \u00e9t\u00e9 prononc\u00e9s dans les jours de chaos qui ont suivi le bain de sang du 7 octobre 2023. Mais leur compilation jette une lumi\u00e8re crue sur l\u2019\u00e9tat d\u00e9l\u00e9t\u00e8re du discours public en Isra\u00ebl depuis des mois. A ces propos se m\u00ealent ceux des ministres d\u2019extr\u00eame droite religieuse, qui ne cessent d\u2019appeler \u00e0 un nettoyage ethnique \u00e0 Gaza. Leur camp politique, messianique, voit dans l\u2019attaque du Hamas et dans la guerre d\u00e9clench\u00e9e dans la foul\u00e9e une occasion historique d\u2019accomplir la volont\u00e9 divine, en chassant les Palestiniens d\u2019une part de la Terre sainte.<\/p>\n<p>Leur discours, aux accents g\u00e9nocidaires, n\u2019est pas celui de l\u2019arm\u00e9e ni du gouvernement. \u00ab Mais ni le syst\u00e8me judiciaire ni l\u2019autorit\u00e9 politique ne sanctionnent ceux qui tiennent de tels discours, ce qui tend \u00e0 renforcer les arguments de l\u2019Afrique du Sud \u00bb, d\u00e9plore l\u2019avocat isra\u00e9lien et d\u00e9fenseur des droits humains Michael Sfard. Le silence de M. N\u00e9tanyahou entretient une ambigu\u00eft\u00e9 sur les objectifs d\u2019une guerre qui a rendu l\u2019enclave de Gaza largement invivable, et qui menace de pousser sa population \u00e0 fuir vers le Sina\u00ef \u00e9gyptien.<\/p>\n<p>Pretoria demande aux juges de La Haye d\u2019imposer \u00e0 Isra\u00ebl de punir toute \u00ab incitation au g\u00e9nocide \u00bb. Les avocats de l\u2019Afrique du Sud r\u00e9clament \u00e9galement l\u2019acc\u00e8s des Gazaouis \u00e0 l\u2019aide humanitaire sans restrictions alors qu\u2019Isra\u00ebl a un peu desserr\u00e9 ces derni\u00e8res semaines son si\u00e8ge. Ils r\u00e9clament enfin que les experts du Haut- Commissariat aux droits de l\u2019homme de l\u2019ONU et les enqu\u00eateurs de la Cour p\u00e9nale internationale (CPI) puissent p\u00e9n\u00e9trer dans Gaza.<\/p>\n<p>Les juges ne sont pas li\u00e9s par les mesures demand\u00e9es par Pretoria. Ils peuvent d\u00e9cider de les rejeter ou d\u2019en prononcer d\u2019autres, et ne sont tenus par aucun d\u00e9lai. Mais sur ce genre de cas, le d\u00e9lib\u00e9r\u00e9 est en g\u00e9n\u00e9ral rapide. M\u00eame si l\u2019affaire \u00e9tait moins complexe, il avait fallu neuf jours aux juges de La Haye pour d\u00e9livrer une ordonnance contre la Russie, \u00e0 la suite d\u2019une plainte d\u00e9pos\u00e9e par l\u2019Ukraine d\u00e8s le d\u00e9but de l\u2019invasion russe, en f\u00e9vrier 2022.<\/p>\n<p>La proc\u00e9dure enclench\u00e9e par l\u2019Afrique du Sud est similaire \u00e0 celle intent\u00e9e par la Gambie devant la CIJ en 2019. Banjul avait port\u00e9 plainte contre la Birmanie, l\u2019accusant du g\u00e9nocide de la minorit\u00e9 musulmane rohingya. L\u2019Afrique du Sud, poids lourd du continent africain et des BRICS, justifie sa d\u00e9marche en rappelant que la convention adopt\u00e9e le 9 d\u00e9cembre 1948 \u00e0 Paris, au lendemain de la seconde guerre mondiale et de la Shoah, oblige les 152 Etats qui l\u2019ont ratifi\u00e9e \u00e0 emp\u00eacher tout acte de g\u00e9nocide.<\/p>\n<p><strong>Plusieurs Etats d\u00e9noncent un g\u00e9nocide<\/strong><\/p>\n<p>Si, jusqu\u2019\u00e0 maintenant, aucun Etat ne s\u2019est formellement joint \u00e0 cette proc\u00e9dure, comme ils en ont la possibilit\u00e9, plusieurs ont d\u00e9nonc\u00e9 un g\u00e9nocide, rappellent les avocats de l\u2019Afrique du Sud, en citant l\u2019Alg\u00e9rie, la Bolivie, le Br\u00e9sil, la Colombie, Cuba, l\u2019Iran, la Turquie, le Venezuela et, bien s\u00fbr, la Palestine. A ceux-l\u00e0 s\u2019ajoutent treize autres Etats qui ont \u00e9voqu\u00e9 \u00ab le risque de g\u00e9nocide \u00bb.<\/p>\n<p>Ces audiences suscitent des r\u00e9actions douloureuses en Isra\u00ebl, o\u00f9 des parlementaires ont demand\u00e9, le 8 janvier, l\u2019expulsion d\u2019un confr\u00e8re du parti Hadash, Ofer Cassif, qui a os\u00e9 signer la p\u00e9tition sud-africaine, comme quelque 200 concitoyens. D\u00e8s le d\u00e9p\u00f4t de la plainte, le 29 d\u00e9cembre 2023, le minist\u00e8re des affaires \u00e9trang\u00e8res isra\u00e9lien avait estim\u00e9 que \u00ab l\u2019accusation de g\u00e9nocide contre Isra\u00ebl n\u2019est pas seulement totalement infond\u00e9e en fait et en droit, mais elle est moralement r\u00e9pugnante \u00bb et, ajoutait-il, \u00ab antis\u00e9mite \u00bb.<\/p>\n<p>Mais le gouvernement, d\u2019ordinaire m\u00e9fiant \u00e0 l\u2019\u00e9gard des institutions onusiennes, a choisi de ne pas boycotter la proc\u00e9dure de la CIJ. Il a nomm\u00e9 un juge ad hoc \u00e0 La Haye, le tr\u00e8s respect\u00e9 ex-pr\u00e9sident de la Cour supr\u00eame Aharon Barak, survivant de la Shoah, qui doit pr\u00eater serment \u00e0 l\u2019ouverture des audiences, jeudi. L\u2019Afrique du Sud pourra nommer un second juge ad hoc.<\/p>\n<p>Ces d\u00e9signations, pr\u00e9vues par les r\u00e8gles de proc\u00e9dure de la Cour, visent \u00e0 ce que l\u2019un des juges au moins soit familier du contexte, et \u00e0 ce qu\u2019il puisse \u00e9ventuellement \u00e9mettre un avis en faveur du pays qui l\u2019a d\u00e9sign\u00e9. Signe de l\u2019inqui\u00e9tude qui monte au sein de l\u2019ex\u00e9cutif isra\u00e9lien \u00e0 mesure que l\u2019\u00e9ch\u00e9ance approche, le procureur g\u00e9n\u00e9ral a publi\u00e9 une note, mardi, rappelant que l\u2019incitation au g\u00e9nocide constitue un crime. Le porte-parole du minist\u00e8re des affaires \u00e9trang\u00e8res a \u00e9galement d\u00e9clar\u00e9 que, contrairement \u00e0 ce qu\u2019ont affirm\u00e9 certains organes de presse, Isra\u00ebl n\u2019\u00e9tudie pas la possibilit\u00e9 de d\u00e9porter des Palestiniens de Gaza vers des pays africains.<\/p>\n<p><strong>La question de la \u00ab l\u00e9gitime d\u00e9fense \u00bb<\/strong><\/p>\n<p>L\u2019avocat de l\u2019Afrique du Sud, John Dugard, ouvrira les d\u00e9bats jeudi, avant que son homologue pour Isra\u00ebl, Malcolm Shaw, ne prenne la parole vendredi. La future ordonnance de la CIJ visera-t-elle aussi le Hamas et le Jihad islamique ? Et \u00e9voquera-t-elle la question de la \u00ab l\u00e9gitime d\u00e9fense \u00bb, sur laquelle Isra\u00ebl s\u2019appuie pour justifier ses op\u00e9rations contre Gaza ? Dans une pr\u00e9c\u00e9dente d\u00e9cision de la Cour, \u00e9mise en 2004 et portant sur le mur \u00e9rig\u00e9 par Isra\u00ebl \u00e0 l\u2019int\u00e9rieur de la Cisjordanie, officiellement pour se prot\u00e9ger contre des attentats, les juges avaient d\u00e9ni\u00e9 ce droit \u00e0 l\u2019Etat h\u00e9breu, rappelant que la menace n\u2019\u00e9manait pas d\u2019un autre Etat, mais d\u2019un territoire occup\u00e9. Selon la quatri\u00e8me Convention de Gen\u00e8ve, Isra\u00ebl a l\u2019obligation de prot\u00e9ger la population occup\u00e9e.<\/p>\n<p>Le gouvernement sud-africain condamne le massacre du 7 octobre 2023 commis par le Hamas au sud d\u2019Isra\u00ebl, tout en pla\u00e7ant sa plainte dans le contexte \u00ab de la conduite d\u2019Isra\u00ebl envers les Palestiniens durant ses soixante-quinze longues ann\u00e9es d\u2019apartheid, ses cinquante-six longues ann\u00e9es d\u2019occupation du territoire palestinien et ses seize longues ann\u00e9es de blocus de Gaza \u00bb. L\u2019Afrique du Sud affirme \u00eatre attach\u00e9e \u00e0 la solution \u00e0 deux Etats dans les fronti\u00e8res d\u2019avant la guerre des Six-Jours.<\/p>\n<p>Apr\u00e8s les deux jours d\u2019audience et la d\u00e9cision \u00e0 venir des juges, une phase de proc\u00e9dure plus technique pourrait s\u2019ouvrir, durant laquelle Isra\u00ebl pourrait contester la comp\u00e9tence de la Cour dans cette affaire. L\u2019Afrique du Sud et Isra\u00ebl devront ensuite d\u00e9poser leurs m\u00e9moires \u00e9crits avant que des audiences sur le fond ne soient organis\u00e9es.<\/p>\n<p><a href=\"https:\/\/www.lemonde.fr\/international\/article\/2024\/01\/10\/gaza-les-enjeux-de-la-plainte-pour-genocide-visant-israel-devant-la-cour-internationale-de-justice_6209987_3210.html\" target=\"_new\" rel=\"noopener\">SOURCE<\/a><\/p>\n<header class=\"header_article\">\n<p class=\"type mot13 mot14 mot15 mot120 mot152 mot531 mot597 mot1267\" style=\"text-align: center;\"><strong>\u00c9DITORIAL<\/strong><\/p>\n<p class=\"entry-title\" style=\"text-align: center;\"><strong>Gaza. L\u2019escorte m\u00e9diatique d\u2019un g\u00e9nocide<\/strong><\/p>\n<\/header>\n<section id=\"texte\" class=\"colonnes_texte entry-content\">\n<div class=\"col_unique\">\n<figure class=\"spip_documents logo_article spip_documents_center large spip_lien_ok\"><a class=\"mediabox photoshow\" title=\"Le chef du bureau d'Al Jazira \u00e0 Gaza Wael Al-Dahdouh prie pendant les fun\u00e9railles de son fils Hamza Wael Dahdouh, journaliste d'Al-Jazira tu\u00e9 lors d'une frappe a\u00e9rienne isra\u00e9lienne \u00e0 Rafah, le 7 janvier 2024\" href=\"https:\/\/orientxxi.info\/IMG\/logo\/press.jpg?1704644382\" type=\"image\/jpeg\" data-photo-w=\"2500\" data-photo-h=\"1667\"><picture class=\"conteneur_image_responsive_h\"><source srcset=\"local\/cache-responsive\/cache-360\/00fd9036d9946c9a569ce97f7d4b9681.jpg.webp?1704645969 1x,local\/cache-responsive\/cache-720\/00fd9036d9946c9a569ce97f7d4b9681.jpg.webp?1704645969 2x\" type=\"image\/webp\" media=\"(max-width: 400px)\" \/><source srcset=\"local\/cache-responsive\/cache-360\/00fd9036d9946c9a569ce97f7d4b9681.jpg?1704645968 1x,local\/cache-responsive\/cache-720\/00fd9036d9946c9a569ce97f7d4b9681.jpg?1704645969 2x\" type=\"image\/jpeg\" media=\"(max-width: 400px)\" \/><source srcset=\"local\/cache-responsive\/cache-580\/00fd9036d9946c9a569ce97f7d4b9681.jpg.webp?1704645969 1x,local\/cache-responsive\/cache-1160\/00fd9036d9946c9a569ce97f7d4b9681.jpg.webp?1704645970 2x\" type=\"image\/webp\" media=\"(min-width:401px) and (max-width:800px)\" \/><source srcset=\"local\/cache-responsive\/cache-580\/00fd9036d9946c9a569ce97f7d4b9681.jpg?1704645969 1x,local\/cache-responsive\/cache-1160\/00fd9036d9946c9a569ce97f7d4b9681.jpg?1704645969 2x\" type=\"image\/jpeg\" media=\"(min-width:401px) and (max-width:800px)\" \/><source srcset=\"local\/cache-responsive\/cache-800\/00fd9036d9946c9a569ce97f7d4b9681.jpg.webp?1704645970 1x,local\/cache-responsive\/cache-1600\/00fd9036d9946c9a569ce97f7d4b9681.jpg.webp?1704645971 2x\" type=\"image\/webp\" media=\"(min-width:801px) and (max-width: 960px)\" \/><source srcset=\"local\/cache-responsive\/cache-800\/00fd9036d9946c9a569ce97f7d4b9681.jpg?1704645970 1x,local\/cache-responsive\/cache-1600\/00fd9036d9946c9a569ce97f7d4b9681.jpg?1704645970 2x\" type=\"image\/jpeg\" media=\"(min-width:801px) and (max-width: 960px)\" \/><source srcset=\"local\/cache-responsive\/cache-1090\/00fd9036d9946c9a569ce97f7d4b9681.jpg.webp?1704645972 1x,local\/cache-responsive\/cache-2180\/00fd9036d9946c9a569ce97f7d4b9681.jpg.webp?1704645972 2x\" type=\"image\/webp\" media=\"(min-width:961px)\" \/><source srcset=\"local\/cache-responsive\/cache-1090\/00fd9036d9946c9a569ce97f7d4b9681.jpg?1704645971 1x,local\/cache-responsive\/cache-2180\/00fd9036d9946c9a569ce97f7d4b9681.jpg?1704645972 2x\" type=\"image\/jpeg\" media=\"(min-width:961px)\" \/><img decoding=\"async\" class=\"image_responsive avec_picturefill\" src=\"https:\/\/orientxxi.info\/local\/cache-responsive\/cache-360\/00fd9036d9946c9a569ce97f7d4b9681.jpg?1704645968\" alt=\"\" data-src=\"local\/cache-gd2\/9a\/45eaed939d12552323d60117c93d03.jpg\" data-l=\"2500\" data-h=\"1406\" data-tailles=\"[\\&quot;360\\&quot;,\\&quot;580\\&quot;,\\&quot;800\\&quot;,\\&quot;1090\\&quot;]\" \/><\/picture><\/a><figcaption class=\"spip_doc_intitules spip_doc_intitules_top\">\n<div class=\"spip_doc_titre\"><strong>Le chef du bureau d\u2019Al Jazira \u00e0 Gaza Wael Al-Dahdouh prie pendant les fun\u00e9railles de son fils Hamza Wael Dahdouh, journaliste d\u2019Al-Jazira tu\u00e9 lors d\u2019une frappe a\u00e9rienne isra\u00e9lienne \u00e0 Rafah, le 7\u00a0janvier 2024<\/strong><\/div>\n<div class=\"spip_doc_descriptif\"><span class=\"caps\">AFP<\/span><\/div>\n<\/figcaption><\/figure>\n<div class=\"texte_article\">\n<p><i>\u00ab<small class=\"fine d-inline\">\u00a0<\/small>Depuis 90\u00a0jours, je ne comprends pas. Des milliers de personnes meurent et sont mutil\u00e9es, submerg\u00e9es par un flot de violence qu\u2019on ne peut qualifier de guerre, sauf par paresse<small class=\"fine d-inline\">\u00a0<\/small>\u00bb.<\/i>\u00a0Dans sa lettre de d\u00e9mission apr\u00e8s douze ans de bons et loyaux services, le journaliste Raffaele Oriani du suppl\u00e9ment hebdomadaire du quotidien italien\u00a0<i>La Repubblica<\/i>\u00a0entend protester contre la mani\u00e8re dont son journal couvre la situation \u00e0 Gaza. Il d\u00e9nonce\u00a0<i>\u00ab<small class=\"fine d-inline\">\u00a0<\/small>l\u2019incroyable circonspection d\u2019une grande partie de la presse europ\u00e9enne, y compris<\/i>\u00a0La Repubblica\u00a0<i>\u2013 aujourd\u2019hui deux familles massacr\u00e9es ne figurent qu\u2019\u00e0 la derni\u00e8re ligne de la page\u00a015<small class=\"fine d-inline\">\u00a0<\/small>\u00bb,<\/i>\u00a0et \u00e9voque\u00a0<i>\u00ab<small class=\"fine d-inline\">\u00a0<\/small>l\u2019escorte m\u00e9diatique<small class=\"fine d-inline\">\u00a0<\/small>\u00bb<\/i>\u00a0qui rend ces massacres possibles.<\/p>\n<p>Il fut un temps o\u00f9 les m\u00e9dias occidentaux n\u2019avaient pas ce type de pudeur. Personne n\u2019avait de r\u00e9ticence \u00e0 d\u00e9noncer l\u2019invasion russe et il ne serait venu \u00e0 l\u2019id\u00e9e de personne d\u2019\u00e9voquer \u00ab<small class=\"fine d-inline\">\u00a0<\/small>l\u2019op\u00e9ration sp\u00e9ciale russe<small class=\"fine d-inline\">\u00a0<\/small>\u00bb, sinon par d\u00e9rision. Aujourd\u2019hui s\u2019est impos\u00e9e l\u2019expression isra\u00e9lienne de \u00ab<small class=\"fine d-inline\">\u00a0<\/small>guerre Isra\u00ebl-Hamas<small class=\"fine d-inline\">\u00a0<\/small>\u00bb, comme si deux parties \u00e9gales s\u2019affrontaient, ou que les victimes \u00e9taient principalement des soldats des Brigades d\u2019Al-Qassam.<\/p>\n<p>Les formules dans les journaux varient, mais le Hamas est presque toujours d\u00e9sign\u00e9 comme \u00ab<small class=\"fine d-inline\">\u00a0<\/small>organisation terroriste<small class=\"fine d-inline\">\u00a0<\/small>\u00bb \u2014 rappelons que seuls l\u2019Union europ\u00e9enne et les \u00c9tats-Unis le consid\u00e8rent comme tel \u2014 ce qui exon\u00e8re par avance Isra\u00ebl de tous ses crimes. Face au Mal absolu, tout n\u2019est-il pas permis<small class=\"fine d-inline\">\u00a0<\/small>? Un journaliste de\u00a0<span class=\"caps\">CNN<\/span>\u00a0rapportait les consignes de sa r\u00e9daction\u00a0:<\/p>\n<blockquote class=\"spip\"><p>Les mots \u00ab<small class=\"fine d-inline\">\u00a0<\/small>crime de guerre<small class=\"fine d-inline\">\u00a0<\/small>\u00bb et \u00ab<small class=\"fine d-inline\">\u00a0<\/small>g\u00e9nocide<small class=\"fine d-inline\">\u00a0<\/small>\u00bb sont tabous. Les bombardements isra\u00e9liens \u00e0 Gaza seront rapport\u00e9s comme des \u00ab<small class=\"fine d-inline\">\u00a0<\/small>explosions<small class=\"fine d-inline\">\u00a0<\/small>\u00bb dont personne n\u2019est responsable, jusqu\u2019\u00e0 ce que l\u2019arm\u00e9e isra\u00e9lienne en accepte ou en nie la responsabilit\u00e9. Les citations et les informations fournies par l\u2019arm\u00e9e isra\u00e9lienne et les repr\u00e9sentants du gouvernement ont tendance \u00e0 \u00eatre approuv\u00e9es rapidement, tandis que celles provenant des Palestiniens ont tendance \u00e0 \u00eatre attentivement examin\u00e9es et trait\u00e9es pr\u00e9cautionneusement<sup class=\"ref_note\"><a id=\"nh1\" class=\"spip_note\" title=\"\u00ab\u00a0Cnn Runs Gaza Coverage Past Jerusalem Team Operating Under Shadow of Idf\u00a0(...)\" href=\"https:\/\/orientxxi.info\/magazine\/gaza-l-escorte-mediatique-d-un-genocide,6983#nb1\" rel=\"appendix\">1<\/a><\/sup>.<\/p><\/blockquote>\n<h2 class=\"spip\">\u00ab<small class=\"fine d-inline\">\u00a0<\/small>SELON LE HAMAS<small class=\"fine d-inline\">\u00a0<\/small>\u00bb<\/h2>\n<p>On sait la suspicion qui a accompagn\u00e9 les chiffres du nombre de morts donn\u00e9s par le minist\u00e8re de la sant\u00e9 \u00e0 Gaza, jusqu\u2019\u00e0 aujourd\u2019hui accompagn\u00e9s de l\u2019expression\u00a0<i>\u00ab<small class=\"fine d-inline\">\u00a0<\/small>selon le Hamas<small class=\"fine d-inline\">\u00a0<\/small>\u00bb<\/i>, alors qu\u2019ils semblent inf\u00e9rieurs \u00e0 la r\u00e9alit\u00e9. Le traitement r\u00e9serv\u00e9 aux otages palestiniens, d\u00e9shabill\u00e9s, humili\u00e9s, tortur\u00e9s, est relativis\u00e9, la suspicion d\u2019appartenir au Hamas justifiant l\u2019\u00e9tat d\u2019exception. En revanche, les\u00a0<i>fake news<\/i>\u00a0colport\u00e9es apr\u00e8s le 7\u00a0octobre sur les femmes \u00e9ventr\u00e9es, les b\u00e9b\u00e9s d\u00e9capit\u00e9s ou br\u00fbl\u00e9s dans des fours ont \u00e9t\u00e9 reprises, car elles avaient \u00e9t\u00e9 ent\u00e9rin\u00e9es par des responsables isra\u00e9liens. Une fois la supercherie r\u00e9v\u00e9l\u00e9e, aucune r\u00e9daction n\u2019a cru n\u00e9cessaire de faire son\u00a0<i>mea culpa<\/i>\u00a0pour avoir contribu\u00e9 \u00e0 colporter la propagande isra\u00e9lienne. En France, le porte-parole de l\u2019arm\u00e9e isra\u00e9lienne a micro ouvert sur les cha\u00eenes d\u2019information, et quand un journaliste se d\u00e9cide de faire son m\u00e9tier et de l\u2019interroger vraiment, il est rappel\u00e9 \u00e0 l\u2019ordre par sa direction. Pendant ce temps, des propos d\u2019un racisme \u00e9hont\u00e9, qui frisent l\u2019incitation \u00e0 la haine ou \u00e0 la violence \u00e0 l\u2019encontre des critiques de l\u2019arm\u00e9e isra\u00e9lienne sont \u00e0 peine relev\u00e9s. Sans parler de la suspicion qui frappe les journalistes racis\u00e9<span aria-hidden=\"true\">\u00b7<\/span>es coupables de \u00ab<small class=\"fine d-inline\">\u00a0<\/small>communautarisme<small class=\"fine d-inline\">\u00a0<\/small>\u00bb quand ils offrent une autre vision<sup class=\"ref_note\"><a id=\"nh2\" class=\"spip_note\" title=\"Nassira Al-Moaddem, \u00ab\u00a0TV5 Monde\u00a0: \" href=\"https:\/\/orientxxi.info\/magazine\/gaza-l-escorte-mediatique-d-un-genocide,6983#nb2\" rel=\"appendix\">2<\/a><\/sup>.<\/p>\n<p>Alors qu\u2019Isra\u00ebl refuse l\u2019entr\u00e9e de journalistes \u00e9trangers \u00e0 Gaza \u2014 sauf \u00e0 ceux qu\u2019ils choisissent d\u2019\u00ab<small class=\"fine d-inline\">\u00a0<\/small>embarquer<small class=\"fine d-inline\">\u00a0<\/small>\u00bb dans un tour guid\u00e9, ce que de nombreux correspondants acceptent sans le moindre recul critique\u00a0\u2014, peu de protestations se sont \u00e9lev\u00e9es contre ce bannissement. La profession ne s\u2019est gu\u00e8re mobilis\u00e9e contre l\u2019assassinat de 109\u00a0journalistes palestiniens, un nombre jamais atteint dans tout autre conflit r\u00e9cent. Si ces reporters avaient \u00e9t\u00e9 europ\u00e9ens, que n\u2019aurait-on pas entendu<small class=\"fine d-inline\">\u00a0<\/small>? Pire, dans son bilan annuel publi\u00e9 le 15\u00a0d\u00e9cembre\u00a02023, l\u2019organisation Reporters sans fronti\u00e8res (<span class=\"caps\">RSF<\/span>) parle de\u00a0<i>\u00ab<small class=\"fine d-inline\">\u00a0<\/small>17\u00a0journalistes [palestiniens] tu\u00e9s dans l\u2019exercice de leur fonction<small class=\"fine d-inline\">\u00a0<\/small>\u00bb,<\/i>\u00a0information reprise par plusieurs m\u00e9dias nationaux. La formulation choque par son ind\u00e9cence, surtout quand on sait que cibler volontairement les journalistes est une pratique courante de l\u2019arm\u00e9e isra\u00e9lienne, \u00e0 Gaza et en Cisjordanie, comme nous le rappelle\u00a0<a class=\"spip_in\" href=\"https:\/\/orientxxi.info\/magazine\/un-an-apres-l-impunite-pour-le-crime-delibere-de-shirin-abou-akleh,5610\">l\u2019assassinat de la journaliste Shirin Abou Akleh<\/a>. Le dimanche 7\u00a0janvier, deux confr\u00e8res palestiniens ont encore \u00e9t\u00e9 tu\u00e9s apr\u00e8s qu\u2019un missile isra\u00e9lien a cibl\u00e9 leur voiture, \u00e0 l\u2019ouest de Khan Younes. L\u2019un des deux n\u2019est autre que le fils de Wael Dahdouh, le chef du bureau d\u2019Al-Jazira \u00e0 Gaza. La moiti\u00e9 de sa famille a \u00e9t\u00e9 d\u00e9cim\u00e9e par l\u2019arm\u00e9e isra\u00e9lienne, et son cam\u00e9raman a \u00e9t\u00e9 tu\u00e9.<\/p>\n<p>Or, on doit \u00e0 ces journalistes palestiniens la plupart des images qui nous parviennent. Et bien que certains d\u2019entre eux aient d\u00e9j\u00e0 travaill\u00e9 comme \u00ab<small class=\"fine d-inline\">\u00a0<\/small>fixeurs<small class=\"fine d-inline\">\u00a0<\/small>\u00bb pour des journalistes fran\u00e7ais, ils restent a priori suspects parce que Palestiniens. Pendant ce temps, leurs confr\u00e8res isra\u00e9liens qui, \u00e0 quelques exceptions pr\u00e8s (<a class=\"spip_out\" href=\"https:\/\/www.972mag.com\/\" rel=\"external\">+972<\/a>, certains journalistes de\u00a0<i>Haaretz<\/i>) reprennent les \u00e9l\u00e9ments de langage de l\u2019arm\u00e9e sont accueillis avec r\u00e9v\u00e9rence.<\/p>\n<h4 class=\"spip\">LE NETTOYAGE ETHNIQUE, UNE OPTION COMME UNE AUTRE<\/h4>\n<p>Ces derniers jours on a assist\u00e9 \u00e0 des d\u00e9bats surr\u00e9alistes. Peut-on vraiment discuter, sereinement, calmement, \u00ab<small class=\"fine d-inline\">\u00a0<\/small>normalement<small class=\"fine d-inline\">\u00a0<\/small>\u00bb sur des plateaux de radio et de t\u00e9l\u00e9vision des propositions de d\u00e9placement de la population palestinienne vers le Congo, le Rwanda ou l\u2019Europe, sans marteler que ce sont des crimes de guerre et des crimes contre l\u2019humanit\u00e9<small class=\"fine d-inline\">\u00a0<\/small>? Sans dire que ceux qui les prof\u00e8rent, ici ou l\u00e0-bas, devraient \u00eatre inculp\u00e9s d\u2019apologie de crimes de guerre et de crimes contre l\u2019humanit\u00e9<small class=\"fine d-inline\">\u00a0<\/small>?<\/p>\n<p>Selon les Nations unies, la bande de Gaza est devenue\u00a0<i>\u00ab<small class=\"fine d-inline\">\u00a0<\/small>un lieu de mort, inhabitable<small class=\"fine d-inline\">\u00a0<\/small>\u00bb<\/i>. Chaque jour s\u2019accumulent les informations sur les morts (plus de 23\u00a0000), les bless\u00e9s (plus de 58\u00a0000), les structures m\u00e9dicales bombard\u00e9es, les ex\u00e9cutions sommaires, les tortures \u00e0 grande \u00e9chelle<sup class=\"ref_note\"><a id=\"nh3\" class=\"spip_note\" title=\"Lire l\u2019enqu\u00eate du magazine isra\u00e9lien +972, Yuval Abraham, \u00ab\u00a0Inside\u00a0(...)\" href=\"https:\/\/orientxxi.info\/magazine\/gaza-l-escorte-mediatique-d-un-genocide,6983#nb3\" rel=\"appendix\">3<\/a><\/sup>, les \u00e9coles et universit\u00e9s pulv\u00e9ris\u00e9es, les domiciles d\u00e9truits. \u00c0 tel point que\u00a0<a class=\"spip_in\" href=\"https:\/\/orientxxi.info\/magazine\/peut-on-parler-de-genocide-a-gaza,6944\">l\u2019on cr\u00e9e un nouveau terme, \u00ab<small class=\"fine d-inline\">\u00a0<\/small>domicide<small class=\"fine d-inline\">\u00a0<\/small>\u00bb<\/a>\u00a0pour d\u00e9signer cette destruction syst\u00e9matique des habitations. Tous ces crimes font rarement l\u2019objet d\u2019enqu\u00eates journalistiques. Pourtant le m\u00e9morandum soumis par l\u2019Afrique du Sud le 29\u00a0d\u00e9cembre\u00a02023 \u00e0 la Cour internationale de justice de La Haye<sup class=\"ref_note\"><a id=\"nh4\" class=\"spip_note\" title=\"Application Instituting Proceedings.\" href=\"https:\/\/orientxxi.info\/magazine\/gaza-l-escorte-mediatique-d-un-genocide,6983#nb4\" rel=\"appendix\">4<\/a><\/sup>\u00a0suffirait aux m\u00e9dias \u00e0 produire des dizaines de scoops. Ils contribueraient \u00e0 donner aux victimes (pas seulement celles du 7\u00a0octobre)\u00a0<a class=\"spip_in\" href=\"https:\/\/orientxxi.info\/magazine\/bebes-prematures-un-crime-israelien-sous-les-radars-mediatiques,6981\">un visage, un nom, une identit\u00e9<\/a>. \u00c0 contraindre Isra\u00ebl et les \u00c9tats-Unis qui les arment sans barguigner, \u00e0 mettre aussi les autres pays occidentaux et en particulier la France devant leurs responsabilit\u00e9s, et pour cela il ne suffit pas de parachuter quelques vivres sur une population en train d\u2019agoniser, ou d\u2019exprimer sa \u00ab<small class=\"fine d-inline\">\u00a0<\/small>pr\u00e9occupation<small class=\"fine d-inline\">\u00a0<\/small>\u00bb \u00e0 la faveur d\u2019un communiqu\u00e9.<\/p>\n<p>Pour la premi\u00e8re fois, un g\u00e9nocide a lieu en direct, litt\u00e9ralement en\u00a0<i>live stream<\/i> sur certaines cha\u00eenes d\u2019information panarabes ou sur les r\u00e9seaux sociaux, ce qui n\u2019a \u00e9t\u00e9 le cas ni pour le Rwanda ni pour Srebrenica. Face \u00e0 cela, la facilit\u00e9 avec laquelle ce massacre quitte petit \u00e0 petit la une des journaux et l\u2019ouverture des journaux t\u00e9l\u00e9vis\u00e9s dans nos pays pour \u00eatre rel\u00e9gu\u00e9 comme information secondaire est d\u00e9concertante. Pourtant, autant que les \u00c9tats signataires de la Convention pour la pr\u00e9vention et la r\u00e9pression du crime de g\u00e9nocide, les journalistes ont la responsabilit\u00e9 morale de se mobiliser pour arr\u00eater ce crime en cours.<\/p>\n<p>Pour ne pas\u00a0<a class=\"spip_in\" href=\"https:\/\/orientxxi.info\/magazine\/jean-luc-melenchon-a-gaza-ce-n-est-pas-de-la-legitime-defense-mais-un-genocide,6925\">se rendre complice de g\u00e9nocide<\/a>, la France peut contribuer \u00e0 l\u2019arr\u00eater\u00a0: suspendre la coop\u00e9ration militaire avec Isra\u00ebl, prendre des sanctions contre les Fran\u00e7ais qui participent aux crimes \u00e0 Gaza, suspendre le droit des colons d\u2019entrer dans notre pays, voire suspendre l\u2019importation de marchandises isra\u00e9liennes, dont certaines viennent des colonies et sont donc commercialis\u00e9es en contravention avec les d\u00e9cisions europ\u00e9ennes.<\/p>\n<p>Fin d\u00e9cembre, \u00e0 la suite d\u2019une attaque russe sur les villes ukrainiennes qui avait fait une trentaine de morts, le gouvernement am\u00e9ricain condamnait\u00a0<i>\u00ab<small class=\"fine d-inline\">\u00a0<\/small>ces bombardements \u00e9pouvantables<small class=\"fine d-inline\">\u00a0<\/small>\u00bb<\/i>, tandis que celui de Paris d\u00e9non\u00e7ait\u00a0<i>\u00ab<small class=\"fine d-inline\">\u00a0<\/small>la strat\u00e9gie de terreur russe<small class=\"fine d-inline\">\u00a0<\/small>\u00bb<\/i>. Le quotidien\u00a0<i>Le Monde<\/i>\u00a0titrait sur la \u00ab<small class=\"fine d-inline\">\u00a0<\/small>campagne de terreur russe<small class=\"fine d-inline\">\u00a0<\/small>\u00bb. Combien de temps faudra-t-il pour qualifier de terrorisme la guerre isra\u00e9lienne contre Gaza<small class=\"fine d-inline\">\u00a0<\/small>?<\/p>\n<\/div>\n<div class=\"cadre_auteur\">\n<p><a class=\"logo\" href=\"https:\/\/orientxxi.info\/fr\/auteur2.html\"><picture class=\"conteneur_image_responsive_h\"><source srcset=\"local\/cache-responsive\/cache-80\/8b87ce7a1b8f41f1fe80a61116541b0b.jpg.webp?1698143300 1x,local\/cache-responsive\/cache-160\/8b87ce7a1b8f41f1fe80a61116541b0b.jpg.webp?1698143300 2x\" type=\"image\/webp\" \/><source srcset=\"local\/cache-responsive\/cache-80\/8b87ce7a1b8f41f1fe80a61116541b0b.jpg?1698143300 1x,local\/cache-responsive\/cache-160\/8b87ce7a1b8f41f1fe80a61116541b0b.jpg?1698143300 2x\" type=\"image\/jpeg\" \/><img decoding=\"async\" class=\"image_responsive avec_picturefill\" src=\"https:\/\/orientxxi.info\/local\/cache-responsive\/cache-80\/8b87ce7a1b8f41f1fe80a61116541b0b.jpg?1698143300\" alt=\"\" data-src=\"local\/cache-gd2\/c2\/1980370e2e952bb102c5098dc5a2ba.jpg\" data-l=\"196\" data-h=\"196\" data-tailles=\"[\\&quot;80\\&quot;]\" \/><\/picture><\/a><\/p>\n<div class=\"intitules\">\n<p><strong>ALAIN GRESH<\/strong><\/p>\n<div class=\"bio\">\n<p>Sp\u00e9cialiste du Proche-Orient, il est l\u2019auteur de plusieurs ouvrages, dont\u00a0<i>De quoi la Palestine est-elle le nom\u00a0?<\/i>\u00a0(Les Liens qui\u2026\u00a0<span class=\"lire_suite\">(suite)<\/span><\/p>\n<\/div>\n<\/div>\n<\/div>\n<div class=\"cadre_auteur\">\n<p><a class=\"logo\" href=\"https:\/\/orientxxi.info\/fr\/auteur743.html\"><picture class=\"conteneur_image_responsive_h\"><source srcset=\"local\/cache-responsive\/cache-80\/c3beedfea8ebf3adeea27f45f4463e34.jpg.webp?1697219682 1x,local\/cache-responsive\/cache-160\/c3beedfea8ebf3adeea27f45f4463e34.jpg.webp?1697219682 2x\" type=\"image\/webp\" \/><source srcset=\"local\/cache-responsive\/cache-80\/c3beedfea8ebf3adeea27f45f4463e34.jpg?1697219682 1x,local\/cache-responsive\/cache-160\/c3beedfea8ebf3adeea27f45f4463e34.jpg?1697219682 2x\" type=\"image\/jpeg\" \/><img decoding=\"async\" class=\"image_responsive avec_picturefill\" src=\"https:\/\/orientxxi.info\/local\/cache-responsive\/cache-80\/c3beedfea8ebf3adeea27f45f4463e34.jpg?1697219682\" alt=\"\" data-src=\"local\/cache-gd2\/d3\/4aa4e96f95562d1131c9b21b7d6364.jpg\" data-l=\"426\" data-h=\"426\" data-tailles=\"[\\&quot;80\\&quot;]\" \/><\/picture><\/a><\/p>\n<div class=\"intitules\">\n<p><strong>SARRA GRIRA<\/strong><\/p>\n<div class=\"bio\">\n<p>Journaliste, r\u00e9dactrice en chef d\u2019<i>Orient XXI.<\/i><\/p>\n<\/div>\n<\/div>\n<\/div>\n<div class=\"partage\">\n<div class=\"liens\"><\/div>\n<\/div>\n<\/div>\n<\/section>\n<\/div>\n<\/div>\n","protected":false},"excerpt":{"rendered":"<p>LA HAYE, le 29 d\u00e9cembre 2023. Ce jour, l\u2019Afrique du Sud a d\u00e9pos\u00e9 devant la Cour \u00a0internationale de Justice (CIJ), organe judiciaire principal de l\u2019Organisation des Nations Unies, une \u00a0requ\u00eate introductive d\u2019instance contre l\u2019\u00c9tat d\u2019Isra\u00ebl au sujet de suppos\u00e9s manquements par cet \u00c9tat \u00a0aux obligations qui lui incombent au titre de la convention pour la &#8230; <a title=\"La R\u00e9publique sud-africaine introduit une instance contre l\u2019\u00c9tat d\u2019Isra\u00ebl et prie la Cour d\u2019indiquer des mesures conservatoires\" class=\"read-more\" href=\"https:\/\/bruxelles-pantheres.be\/?p=5836\" aria-label=\"En savoir plus sur La R\u00e9publique sud-africaine introduit une instance contre l\u2019\u00c9tat d\u2019Isra\u00ebl et prie la Cour d\u2019indiquer des mesures conservatoires\">Lire la suite<\/a><\/p>\n","protected":false},"author":1,"featured_media":5804,"comment_status":"open","ping_status":"open","sticky":false,"template":"","format":"standard","meta":{"footnotes":""},"categories":[6],"tags":[197,12],"class_list":["post-5836","post","type-post","status-publish","format-standard","has-post-thumbnail","hentry","category-palestine-moyen-orient","tag-genocide","tag-gaza"],"_links":{"self":[{"href":"https:\/\/bruxelles-pantheres.be\/index.php?rest_route=\/wp\/v2\/posts\/5836","targetHints":{"allow":["GET"]}}],"collection":[{"href":"https:\/\/bruxelles-pantheres.be\/index.php?rest_route=\/wp\/v2\/posts"}],"about":[{"href":"https:\/\/bruxelles-pantheres.be\/index.php?rest_route=\/wp\/v2\/types\/post"}],"author":[{"embeddable":true,"href":"https:\/\/bruxelles-pantheres.be\/index.php?rest_route=\/wp\/v2\/users\/1"}],"replies":[{"embeddable":true,"href":"https:\/\/bruxelles-pantheres.be\/index.php?rest_route=%2Fwp%2Fv2%2Fcomments&post=5836"}],"version-history":[{"count":4,"href":"https:\/\/bruxelles-pantheres.be\/index.php?rest_route=\/wp\/v2\/posts\/5836\/revisions"}],"predecessor-version":[{"id":5843,"href":"https:\/\/bruxelles-pantheres.be\/index.php?rest_route=\/wp\/v2\/posts\/5836\/revisions\/5843"}],"wp:featuredmedia":[{"embeddable":true,"href":"https:\/\/bruxelles-pantheres.be\/index.php?rest_route=\/wp\/v2\/media\/5804"}],"wp:attachment":[{"href":"https:\/\/bruxelles-pantheres.be\/index.php?rest_route=%2Fwp%2Fv2%2Fmedia&parent=5836"}],"wp:term":[{"taxonomy":"category","embeddable":true,"href":"https:\/\/bruxelles-pantheres.be\/index.php?rest_route=%2Fwp%2Fv2%2Fcategories&post=5836"},{"taxonomy":"post_tag","embeddable":true,"href":"https:\/\/bruxelles-pantheres.be\/index.php?rest_route=%2Fwp%2Fv2%2Ftags&post=5836"}],"curies":[{"name":"wp","href":"https:\/\/api.w.org\/{rel}","templated":true}]}}