{"id":585,"date":"2013-02-02T17:26:34","date_gmt":"2013-02-02T16:26:34","guid":{"rendered":"https:\/\/bruxelles-pantheres.be\/?p=585"},"modified":"2013-11-10T17:28:23","modified_gmt":"2013-11-10T16:28:23","slug":"rendez-a-mohamed-sa-nationalite-belge","status":"publish","type":"post","link":"https:\/\/bruxelles-pantheres.be\/?p=585","title":{"rendered":"Rendez \u00e0 Mohamed sa nationalit\u00e9 belge !"},"content":{"rendered":"<p>&nbsp;<\/p>\n<div>\n<h3>Geef Mohamed zijn Belgische nationaliteit terug\u00a0!<\/h3>\n<h3>Rendez \u00e0 Mohamed\u00a0sa nationalit\u00e9 belge !<\/h3>\n<h3>Give Mohamed his Belgian nationality back\u00a0!<strong><!--more--><\/strong><\/h3>\n<p><a href=\"http:\/\/www.egalite.be\/wp-content\/uploads\/2013\/02\/397536_10200370610128483_1929705069_n.jpg\"><img decoding=\"async\" alt=\"397536_10200370610128483_1929705069_n\" src=\"http:\/\/www.egalite.be\/wp-content\/uploads\/2013\/02\/397536_10200370610128483_1929705069_n.jpg\" width=\"576\" height=\"432\" \/><\/a><\/p>\n<p>Mohamed R\u2019ha werd in 1987 geboren te Antwerpen in een arbeidersgezin met Marokkaanse ouders. Zijn moeder was in Belgi\u00eb sinds 1975, van toen ze tien jaar oud was. Vader was sinds 1986 in Belgi\u00eb.<\/p>\n<p>Mohamed was 11 jaar toen hij de Belgische nationaliteit verkreeg. Tijdens zijn middelbare school zou Mohamed een jaar in Syri\u00eb gaan studeren om Arabisch te leren en om de Koran te leren memoriseren.<\/p>\n<p>Terug in Belgi\u00eb werkte hij in de fruitteelt in Limburg en studeerde hij om zijn middelbaar diploma te behalen via de middenjury.\u00a0 Eind september 2005, tijdens de ramadan, ging Mohamed op bezoek naar zijn grootmoeder in Marokko.<\/p>\n<p>Hij was er nauwelijks een week, toe hij werd opgepakt door de Marokkaanse politie. Hij werd beschuldigd de leider te zijn van een Marokkaanse \u00ab\u00a0terroristische organisatie\u00a0\u00bb. Als 18 jarige Belg zou hij er vrijwilligers geronseld hebben voor het verzet in Irak. Mohamed werd voorgesteld als een soort tweede Zarchaoui\u00a0: hij zou de leider geweest zijn van een groep van 18 mensen, allemaal ouder dan 25, de oudste onder hen 56.<\/p>\n<p>Na zijn arrestatie volgde een scenario dat iedereen die dit soort processen volgt welbekend is. Naakt, geboeid en gblinddoekt werd de 18 jarige Mohamed onderworpen aan stokslagen, electrische schokken, foltertechnieken als \u00ab\u00a0waterboarding\u2019 en de \u00ab\u00a0vliegtuigmethode\u00a0\u00bb. Aan het langdurige blinddoeken heeft hij vandaag nog altijd een oogletsel overgehouden. Bedreigd met verkrachting en dood, ondertekende Mohammed een zogeheten bekentenis die hij zelfs niet eens mocht lezen. Deze \u00ab\u00a0bekentenis\u00a0\u00bb volstond\u00a0: bewijzen waren niet meer nodig.<\/p>\n<p>De rechtszaak die erop volgde was een klucht, waarvan de uitspraak al vast lag nog voor de zaak begon\u00a0: Mohamed werd veroordeeld tot 10 jaar effectieve opsluiting. Hij zit vandaag nog altijd in de gevangenis. In hoger beroep werd de straf van 10 jaar bevestigd en een proces in cassatie werd hem geweigerd.<\/p>\n<p>Op vraag van het Belgische parket ontnam het Hof van Beroep in Antwerpen hem op 18 november 2010 de Belgische nationaliteit. En dit ondanks de pleidooien van de verdediging die aankloeg dat Mohamed was gefolterd in Marokko. Mohamed R\u2019ha is zo de tweede Belg sinds de tweede wereldoorlog die \u00ab\u00a0wegens tekortkoming aan de plichten van Belg\u00a0\u00bb de Belgische nationaliteit werd ontnomen. Eerder gebeurde hetzelfde met de Belgo-Tunesi\u00ebr Taarek Maroufi die in januari 2009 zijn Belgische nationaliteit verloor.<\/p>\n<p>Wij vragen dat de Belgische overheden, in het licht van de offici\u00eble rapporten over foltering in Marokko, die de afgelopen zes maand zijn opgemaakt door de speciale rapporteur van de UNO, het Kennedy Center, Amnesty International, ACAT, Human Rights Watch en zelfs de CNDH, die allen het bestaan van systematische foltering in Marokko erkennen, de zaak Mohamed R\u2019ha opnieuw zouden bekijken.<\/p>\n<p><strong>Wij vragen de Belgische autoriteiten<\/strong><\/p>\n<p>1. Aan te dringen bij de Marokkaanse autoriteiten om een onafhankelijk onderzoek in te stellen naar de foltering waarvan Mohamed R\u2019ha het slachtoffer was en in afwachting zijn gerechtelijke vervolging en uitspraak ongeldig te verklaren<\/p>\n<p>2. Hem onmiddellijk zijn Belgische nationaliteit terug te geven.<\/p>\n<p><a href=\"https:\/\/www.facebook.com\/groups\/482610221775707\/\"><img decoding=\"async\" alt=\"http:\/\/www.radiobizerte.net\/imagesactu\/facebook.jpg\" src=\"http:\/\/www.radiobizerte.net\/imagesactu\/facebook.jpg\" width=\"158\" height=\"103\" \/><\/a><\/p>\n<p>&nbsp;<\/p>\n<p>&nbsp;<\/p>\n<p>&nbsp;<\/p>\n<p>Mohamed R\u2019ha est n\u00e9 \u00e0 Anvers dans une famille ouvri\u00e8re d\u2019origine Marocaine. Sa m\u00e8re est venue en Belgique en 1975, \u00e0 l\u2019\u00e2ge de 10 ans. Son p\u00e8re r\u00e9side en Belgique depuis 1986.<\/p>\n<p>Mohamed avait 11 ans lorsqu\u2019il obtint la nationalit\u00e9 belge. Pendant ses \u00e9tudes secondaires, Mohamed ira effectuera un s\u00e9jour d\u2019\u00e9tude d\u2019un an en Syrie pour apprendre l\u2019arabe et m\u00e9moriser le Coran.<\/p>\n<p>De retour in Belgique, il travaille dans la culture fruiti\u00e8re au Limbourg et \u00e9tudie pour obtenir son dipl\u00f4me secondaire aupr\u00e8s du jury central. Fin septembre 2005, pendant le ramadan, Mohamed rend visite \u00e0 sa grand-m\u00e8re au Maroc.<br \/>\nIl \u00e9tait \u00e0 peine une semaine au Maroc, lorsque la police l\u2019a arr\u00eat\u00e9. Il a \u00e9t\u00e9 accus\u00e9 d\u2019\u00eatre le leader d\u2019une \u00ab organisation terroriste \u00bb Marocaine. En tant que Belge de 18 ans, il aurait recrut\u00e9 des volontaires pour la r\u00e9sistance contre l\u2019occupation en Irak. Mohamed a \u00e9t\u00e9 pr\u00e9sent\u00e9 comme un second Zarqaoui : il serait le leader d\u2019un groupe de 18 personnes, tous plus \u00e2ges que 25 ans et dont le plus \u00e2ge a 56 ans.<\/p>\n<p>Apr\u00e8s son arrestation, un sc\u00e9nario classique de torture, bien connu des organisation de d\u00e9fense de droit de l\u2019homme, se met en place. Nu, encha\u00een\u00e9 et avec les yeux band\u00e9s, ce gar\u00e7on de 18 ans a \u00e9t\u00e9 soumis \u00e0 des coups de b\u00e2ton, des chocs \u00e9lectriques et d\u2019autres techniques de torture tels que le \u00ab waterboarding \u00bb et la \u00ab m\u00e9thode avion \u00bb. Les bandeaux sur les yeux ont \u00e9t\u00e9 serr\u00e9 tellement fort qu\u2019il en a gard\u00e9 une l\u00e9sion des yeux. Menac\u00e9 de viol et de mort, il signe une soit disant confession qu\u2019il n\u2019a jamais eu le droit de lire. Cette \u00ab confession \u00bb suffisait : des preuves n\u2019\u00e9taient pas n\u00e9cessaire.<br \/>\nLe proc\u00e8s qui suivit fut une parodie de justice. Le verdict \u00e9tait d\u00e9j\u00e0 pr\u00e8s longtemps avant le proc\u00e8s : Mohamed a \u00e9t\u00e9 condamn\u00e9 \u00e0 10 ans de r\u00e9clusion effective. Il est toujours en prison. En appel, la sentence de 10 ans a \u00e9t\u00e9 confirm\u00e9e et un proc\u00e8s en cassation lui a \u00e9t\u00e9 refus\u00e9.<\/p>\n<p>A la demande du parquet belge, la Cour d\u2019appel d\u2019Anvers lui \u00f4ta sa nationalit\u00e9 belge, le 18 novembre 2010. Et ce malgr\u00e9 les plaidoiries de la d\u00e9fense qui objecta que Mohamed a \u00e9t\u00e9 tortur\u00e9 au Maroc. Ainsi, Mohamed R\u2019ha est le deuxi\u00e8me Belge depuis la Deuxi\u00e8me Guerre mondiale \u00e0 qui on a \u00f4ter la nationalit\u00e9 pour \u00abmanquement aux devoirs d\u2019un Belge \u00bb. Le cas pr\u00e9c\u00e9dent \u00e9tait le Belge d\u2019origine Tunisienne Taarek Maroufi qui a perdu la nationalit\u00e9 belge en janvier 2009.<br \/>\nNous demandons que les autorit\u00e9s r\u00e9examinent la cas Mohammed R\u2019ha sur base des rapports officiels sur la torture au Maroc qui ont \u00e9t\u00e9 \u00e9mis depuis six mois par le rapporteur sp\u00e9cial de l\u2019ONU, par le Kennedy Center, par Amnesty International, ACAT, Human Rights Watch et m\u00eame le CNDH. Tous ces rapports reconnaissant l\u2019usage syst\u00e9matique de la torture au Maroc.<\/p>\n<p><strong>Nous demandons aux autorit\u00e9s belges:<\/strong><\/p>\n<p>1.D\u2019insister aupr\u00e8s des autorit\u00e9s Marocaines qu\u2019elles lancent une enqu\u00eate ind\u00e9pendante concernant la torture qu\u2019a subie Mohamed R\u2019ha et qu\u2019en attendant elles d\u00e9clarent invalides le verdict rendu<\/p>\n<p>2. De rendre imm\u00e9diatement la nationalit\u00e9 belge \u00e0 Mohamed R\u2019ha<\/p>\n<p><a href=\"https:\/\/www.facebook.com\/groups\/482610221775707\/\"><img decoding=\"async\" alt=\"http:\/\/www.radiobizerte.net\/imagesactu\/facebook.jpg\" src=\"http:\/\/www.radiobizerte.net\/imagesactu\/facebook.jpg\" width=\"158\" height=\"103\" \/><\/a><\/p>\n<\/div>\n","protected":false},"excerpt":{"rendered":"<p>&nbsp; Geef Mohamed zijn Belgische nationaliteit terug\u00a0! Rendez \u00e0 Mohamed\u00a0sa nationalit\u00e9 belge ! Give Mohamed his Belgian nationality back\u00a0!<\/p>\n","protected":false},"author":1,"featured_media":564,"comment_status":"open","ping_status":"open","sticky":false,"template":"","format":"standard","meta":{"footnotes":""},"categories":[24,4,8,18,28],"tags":[31,14],"class_list":["post-585","post","type-post","status-publish","format-standard","has-post-thumbnail","hentry","category-belgique-maroc","category-islamophobie","category-prisons","category-resistance-bruxelles","category-racismes","tag-belgique","tag-bruxelles"],"_links":{"self":[{"href":"https:\/\/bruxelles-pantheres.be\/index.php?rest_route=\/wp\/v2\/posts\/585","targetHints":{"allow":["GET"]}}],"collection":[{"href":"https:\/\/bruxelles-pantheres.be\/index.php?rest_route=\/wp\/v2\/posts"}],"about":[{"href":"https:\/\/bruxelles-pantheres.be\/index.php?rest_route=\/wp\/v2\/types\/post"}],"author":[{"embeddable":true,"href":"https:\/\/bruxelles-pantheres.be\/index.php?rest_route=\/wp\/v2\/users\/1"}],"replies":[{"embeddable":true,"href":"https:\/\/bruxelles-pantheres.be\/index.php?rest_route=%2Fwp%2Fv2%2Fcomments&post=585"}],"version-history":[{"count":1,"href":"https:\/\/bruxelles-pantheres.be\/index.php?rest_route=\/wp\/v2\/posts\/585\/revisions"}],"predecessor-version":[{"id":586,"href":"https:\/\/bruxelles-pantheres.be\/index.php?rest_route=\/wp\/v2\/posts\/585\/revisions\/586"}],"wp:featuredmedia":[{"embeddable":true,"href":"https:\/\/bruxelles-pantheres.be\/index.php?rest_route=\/wp\/v2\/media\/564"}],"wp:attachment":[{"href":"https:\/\/bruxelles-pantheres.be\/index.php?rest_route=%2Fwp%2Fv2%2Fmedia&parent=585"}],"wp:term":[{"taxonomy":"category","embeddable":true,"href":"https:\/\/bruxelles-pantheres.be\/index.php?rest_route=%2Fwp%2Fv2%2Fcategories&post=585"},{"taxonomy":"post_tag","embeddable":true,"href":"https:\/\/bruxelles-pantheres.be\/index.php?rest_route=%2Fwp%2Fv2%2Ftags&post=585"}],"curies":[{"name":"wp","href":"https:\/\/api.w.org\/{rel}","templated":true}]}}