{"id":5858,"date":"2024-01-20T18:07:56","date_gmt":"2024-01-20T17:07:56","guid":{"rendered":"https:\/\/bruxelles-pantheres.be\/?p=5858"},"modified":"2024-01-20T18:39:02","modified_gmt":"2024-01-20T17:39:02","slug":"linsurrection-zapatiste-30-ans-apres","status":"publish","type":"post","link":"https:\/\/bruxelles-pantheres.be\/?p=5858","title":{"rendered":"L\u2019insurrection zapatiste, 30 ans apr\u00e8s"},"content":{"rendered":"<p>Oui, cela fait trente ans aujourd\u2019hui. Trois d\u00e9cennies. L\u2019\u00e9v\u00e9nement sanctionne la fin du si\u00e8cle dernier. Le 1er janvier 1994, le jour m\u00eame de l\u2019entr\u00e9e en vigueur de l\u2019ALENA, l\u2019Accord de libre-\u00e9change nord-am\u00e9ricain (\u00c9tats-Unis, Canada, Mexique), quelques milliers d\u2019indig\u00e8nes mayas du Chiapas, dans le Sud-Est mexicain, \u00ab\u00a0<a class=\"spip_out\" href=\"https:\/\/www.ina.fr\/ina-eclaire-actu\/video\/cac94000657\/revolte-zapatistes-au-mexique\" rel=\"external\"><i>d\u00e9clarent la guerre<\/i><\/a>\u00a0\u00bb, vieilles p\u00e9toires \u00e0 la main, \u00e0 l\u2019arm\u00e9e f\u00e9d\u00e9rale et au \u00ab\u00a0<i>dictateur<\/i>\u00a0\u00bb Carlos Salinas. Leur porte-parole, le sous-commandant Marcos, est l\u2019un des rescap\u00e9s du noyau de r\u00e9volutionnaires, universitaires gu\u00e9varistes, entr\u00e9s clandestinement dix ans plus t\u00f4t dans la r\u00e9gion, pour y cr\u00e9er l\u2019Arm\u00e9e zapatiste de lib\u00e9ration nationale (<i>Ej\u00e9rcito Zapatista de Liberaci\u00f3n Nacional<\/i>\u00a0ou EZLN) et y \u00ab\u00a0<i>allumer la r\u00e9volution<\/i>\u00a0\u00bb.<!--more--><\/p>\n<p><a href=\"https:\/\/bruxelles-pantheres.be\/wp-content\/uploads\/2024\/01\/unnamed.jpg\"><img decoding=\"async\" class=\"wp-image-5860 size-full aligncenter\" src=\"https:\/\/bruxelles-pantheres.be\/wp-content\/uploads\/2024\/01\/unnamed.jpg\" alt=\"\" width=\"599\" height=\"399\" srcset=\"https:\/\/bruxelles-pantheres.be\/wp-content\/uploads\/2024\/01\/unnamed.jpg 599w, https:\/\/bruxelles-pantheres.be\/wp-content\/uploads\/2024\/01\/unnamed-300x200.jpg 300w\" sizes=\"(max-width: 599px) 100vw, 599px\" \/><\/a><\/p>\n<p>Si l\u2019\u00e9lan martial du jour de l\u2019An fut vite \u00e9touff\u00e9, les \u00ab\u00a0<i>zapatistes<\/i>\u00a0\u00bb, d\u00e9sormais, paradoxalement, encagoul\u00e9s \u00ab\u00a0<i>pour \u00eatre reconnus<\/i>\u00a0\u00bb, vont rester mobilis\u00e9s contre vents et mar\u00e9es, pour \u00ab\u00a0<i>la libert\u00e9, la d\u00e9mocratie et la justice<\/i>\u00a0\u00bb. Et pour \u00ab\u00a0<i>la dignit\u00e9<\/i>\u00a0\u00bb.<\/p>\n<p>Trois processus concomitants marqueront les premi\u00e8res ann\u00e9es\u00a0: des n\u00e9gociations erratiques entre les insurg\u00e9s et le gouvernement\u00a0; une strat\u00e9gie de harc\u00e8lement (para-)militaire des autorit\u00e9s \u00e0 l\u2019\u00e9gard des communaut\u00e9s rebelles\u00a0; et une succession de rencontres d\u00e9tonantes avec la soci\u00e9t\u00e9 civile nationale et internationale, \u00e0 l\u2019initiative des Zapatistes.<\/p>\n<p>Les trois options vont capoter. Ni le gouvernement ni le congr\u00e8s n\u2019appliqueront le seul accord sign\u00e9 (en f\u00e9vrier 1996) avec les commandants mayas sur le droit \u00e0 l\u2019autod\u00e9termination et le respect des cultures autochtones.<\/p>\n<p>La \u00ab\u00a0<i>guerre de basse intensit\u00e9<\/i>\u00a0\u00bb men\u00e9e parall\u00e8lement contre les villages zapatistes va affermir le mouvement plut\u00f4t que l\u2019affaiblir. Et les tentatives d\u2019articuler les gauches mexicaines dans une nouvelle dynamique organisationnelle vont crisper plus que charmer. Seul le Congr\u00e8s national indig\u00e8ne (CNI), constitu\u00e9 en 1996 pour r\u00e9unir \u00e0 l\u2019\u00e9chelle du pays les peuples indiens en lutte contre l\u2019exploitation et les discriminations,\u00a0<a class=\"spip_out\" href=\"https:\/\/www.cetri.be\/Zapatisme-la-rebellion-qui-dure-3507\" rel=\"external\">subsistera<\/a>.<\/p>\n<h3 class=\"spip\">Redistribution et reconnaissance<\/h3>\n<p>Aujourd\u2019hui, et depuis plus de deux d\u00e9cennies, les rebelles du Chiapas administrent au quotidien un r\u00e9gime d\u2019\u00ab\u00a0<i>autonomie de fait<\/i>\u00a0\u00bb, faute d\u2019autonomie de droit, dans leurs zones d\u2019influence, un territoire de la taille de la Belgique, mais tr\u00e8s fragment\u00e9 politiquement. Ils tentent d\u2019y construire \u00ab\u00a0<i>un autre monde<\/i>\u00a0\u00bb, radicalement d\u00e9mocratique, \u00ab\u00a0<a class=\"spip_out\" href=\"https:\/\/www.youtube.com\/watch?v=XrjJSUHYlL0\" rel=\"external\"><i>anticapitaliste<\/i><\/a>\u00a0\u00bb et en rupture avec l\u2019\u00c9tat mexicain.<\/p>\n<p>Critique en actes du mod\u00e8le dominant \u00e9labor\u00e9e au fil des circonstances, leur\u00a0<a class=\"spip_out\" href=\"https:\/\/www.cetri.be\/Un-parangon-d-emancipation-et-d\" rel=\"external\">nouvelle perspective \u00e9mancipatrice<\/a>\u00a0\u2013 pour \u00ab\u00a0<i>la redistribution et la reconnaissance<\/i>\u00a0\u00bb \u2013 trouve son incarnation actuelle dans cet autogouvernement qui pr\u00e9tend \u00ab\u00a0<i>commander en ob\u00e9issant<\/i>\u00a0\u00bb, ainsi que dans leurs invitations intercontinentales r\u00e9it\u00e9r\u00e9es \u00e0 articuler les luttes \u00ab\u00a0<i>en bas \u00e0 gauche<\/i>\u00a0\u00bb.<\/p>\n<p>\u00c0 ses d\u00e9buts, la r\u00e9bellion chiapan\u00e8que a beaucoup \u00e9t\u00e9 compar\u00e9e, sans doute pour mieux la stigmatiser ou, \u00e0 l\u2019inverse, la distinguer, aux mouvements r\u00e9volutionnaires centro-am\u00e9ricains des ann\u00e9es 1970 et 1980. Des deux c\u00f4t\u00e9s, aux \u00ab\u00a0<i>calendriers et g\u00e9ographies<\/i>\u00a0\u00bb si proches (pour utiliser une formule zapatiste), on a eu affaire \u00e0 des insurrections historiques contre l\u2019ordre \u00e9tabli, men\u00e9es par des mouvements populaires en butte \u00e0 des r\u00e9gimes de domination ankylos\u00e9s. Les d\u00e9nominations m\u00eames des acteurs moteurs de ces bouleversements politiques \u2013 le Front sandiniste de lib\u00e9ration nationale (FSLN) au Nicaragua, le Front Marti de lib\u00e9ration nationale (FMLN) au Salvador et l\u2019Arm\u00e9e zapatiste de lib\u00e9ration nationale (EZLN) dans le Chiapas mexicain \u2013 accusent plus qu\u2019une filiation structurelle. Et tant le FSLN et le FMLN que l\u2019EZLN, dans leurs premiers \u00e9crits programmatiques, annoncent le \u00ab\u00a0<i>socialisme<\/i>\u00a0\u00bb comme l\u2019horizon \u00e0 atteindre.<\/p>\n<blockquote class=\"spip\"><p>Entre fronts centro-am\u00e9ricains et r\u00e9bellion maya pourtant, de multiples diff\u00e9rences \u2013 sociologiques, culturelles, politiques, organisationnelles, etc. \u2013 en viennent presque \u00e0 opposer les deux exp\u00e9riences.<\/p><\/blockquote>\n<p>L\u00e0 o\u00f9 les premiers furent plut\u00f4t \u00e9tatistes, \u00ab\u00a0<i>verticalistes\u00a0<\/i>\u00a0\u00bb et tendaient \u00e0 pr\u00f4ner le changement \u00ab\u00a0<i>par le haut<\/i>\u00a0\u00bb, la seconde, plus autonomiste et \u00ab\u00a0<i>horizontale<\/i>\u00a0\u00bb, penche pour une transformation \u00ab\u00a0<i>par le bas<\/i>\u00a0\u00bb. Aux diff\u00e9rents registres de l\u2019\u00e9mancipation \u2013 r\u00e9publicain, nationaliste, socialiste, chr\u00e9tien, tiers-mondiste, etc. \u2013 convoqu\u00e9s par les r\u00e9volutionnaires centro-am\u00e9ricains et repris par les Zapatistes, ces derniers y ajoutent le f\u00e9minisme \u2013 bien plus r\u00e9solument que leurs pr\u00e9d\u00e9cesseurs \u2013, l\u2019\u00e9cologisme, le communalisme, le diff\u00e9rentialisme\u2026 (cf. le slogan\u00ab\u00a0<i>\u00c9gaux et diff\u00e9rents<\/i>\u00a0\u00bb, transform\u00e9 r\u00e9cemment en\u00ab\u00a0<i>\u00e9gaux\u00b7ales et diff\u00e9rent\u00b7es<\/i>\u00a0\u00bb\u00a0!)<\/p>\n<p>La dur\u00e9e, la coh\u00e9rence politique, l\u2019int\u00e9grit\u00e9 morale, la fid\u00e9lit\u00e9 aux id\u00e9aux originels distinguent aussi, radicalement, la r\u00e9bellion zapatiste, opini\u00e2tre et endurante, des r\u00e9volutionnaires du\u00a0<a class=\"spip_out\" href=\"https:\/\/www.cetri.be\/+-Salvador-+\" rel=\"external\">FMLN salvadorien<\/a>\u00a0ou du\u00a0<a class=\"spip_out\" href=\"https:\/\/www.cetri.be\/+-Nicaragua-+\" rel=\"external\">FSLN nicaraguayen<\/a>\u00a0qui, au mieux, ont vid\u00e9 leur d\u00e9marche de son sens fondateur, au pire, ont \u00ab\u00a0<i>mang\u00e9 leurs enfants<\/i>\u00a0\u00bb et tourn\u00e9 casaque. Les Zapatistes, eux, r\u00e9sistent. Tant bien que mal.<\/p>\n<p>Il faut dire que rien, dans l\u2019actualit\u00e9 de la r\u00e9gion, ne leur est favorable. Le Chiapas d\u2019aujourd\u2019hui, comme l\u2019avait pr\u00e9dit d\u00e8s 2021 un communiqu\u00e9 de l\u2019EZLN, et comme le d\u00e9plorait encore en septembre dernier l\u2019\u00c9glise catholique locale, est en proie \u00e0 un climat d\u2019ins\u00e9curit\u00e9 sans pr\u00e9c\u00e9dent. \u00ab\u00a0<i>Une situation de violence et de criminalit\u00e9 in\u00e9dite dans le coin<\/i>\u00a0\u00bb,\u00a0<a class=\"spip_out\" href=\"https:\/\/www.jornada.com.mx\/2023\/09\/24\/estados\/024n2est\" rel=\"external\">pr\u00e9cise<\/a>\u00a0Hermann Bellinghausen, l\u2019excellent journaliste et \u00e9crivain mexicain qui sillonne l\u2019endroit depuis des d\u00e9cennies.<\/p>\n<h3 class=\"spip\">Le Chiapas explose<\/h3>\n<p>\u00ab\u00a0<i>Le Chiapas explose<\/i>\u00a0\u00bb, surench\u00e9rit dans\u00a0<i>La Jornada<\/i>, Gloria Mu\u00f1oz Ram\u00edrez. \u00ab\u00a0<i>L\u2019\u00c9tat failli\u00a0<\/i>[y]<i>\u00a0est submerg\u00e9 et\/ou noyaut\u00e9 par les groupes criminels<\/i>\u00a0\u00bb, \u00e9crit-elle en octobre 2023. Et la population, soumise quotidiennement au\u00a0<a href=\"https:\/\/www.equaltimes.org\/au-mexique-pas-de-pandemie-pour?lang=fr\">harc\u00e8lement des bandes arm\u00e9es<\/a>\u00a0et de la d\u00e9linquance, qui va des menaces et du racket aux enl\u00e8vements, aux vols de terres, aux d\u00e9placements contraints, au recrutement forc\u00e9 ou aux meurtres.<\/p>\n<p>L\u2019arriv\u00e9e en nombre ces derniers temps de fractions des grands cartels de la drogue, plus actifs jusque-l\u00e0 dans le centre et le nord du pays, n\u2019y est pas pour rien. Ni non plus les pouss\u00e9es migratoires centro- et sud-am\u00e9ricaines encourag\u00e9es par\u00a0<a class=\"spip_out\" href=\"https:\/\/www.cetri.be\/Mur-ou-passoire-la-frontiere-Sud\" rel=\"external\">les errements du pr\u00e9sident Biden<\/a>\u00a0en la mati\u00e8re, et arnaqu\u00e9es d\u00e8s leur entr\u00e9e au Mexique par des rets de passeurs sans foi ni loi. Ces dynamiques, ajout\u00e9es aux unit\u00e9s paramilitaires, indig\u00e8nes ou non, qui d\u00e9chirent la r\u00e9gion depuis plus longtemps encore, avec ou sans complicit\u00e9 gouvernementale, ont fait du Chiapas une \u00ab\u00a0<i>poudri\u00e8re<\/i>\u00a0\u00bb, r\u00e9it\u00e8re Gloria Mu\u00f1oz Ram\u00edrez.<\/p>\n<p>Difficile pour l\u2019autogouvernement zapatiste dans ces conditions de d\u00e9composition sociale, d\u2019escarmouches sanglantes et de r\u00e8glements de comptes pour le contr\u00f4le territorial du narcotrafic, des armes, des migrants, voire des produits de l\u2019extraction mini\u00e8re, d\u2019administrer paisiblement le quotidien de ses \u00ab\u00a0<i>communaut\u00e9s, collectifs et assembl\u00e9es autonomes<\/i>\u00a0\u00bb (<a class=\"spip_out\" href=\"https:\/\/enlacezapatista.ezln.org.mx\/2023\/11\/12\/novena-parte-la-nueva-estructura-de-la-autonomia-zapatista\/\" rel=\"external\">dont les zapatistes viennent justement d\u2019annoncer la r\u00e9organisation<\/a>).<\/p>\n<blockquote class=\"spip\"><p>D\u2019un c\u00f4t\u00e9, leurs propres activit\u00e9s \u00e9conomiques, agro\u00e9cologiques, \u00e9ducatives, sanitaires, judiciaires, etc., certes pr\u00e9caires et fragiles \u2013 d\u00e9pendantes d\u2019une solidarit\u00e9 internationale \u00e9vanescente \u2013 mais constitutives de leur d\u00e9marche alternative\u00a0; de l\u2019autre, des adversit\u00e9s et des adversaires en cascade.<\/p><\/blockquote>\n<p>Au premier plan de ceux-ci, des organisations paysannes indig\u00e8nes rivales qui, avec l\u2019assentiment ou l\u2019aide des autorit\u00e9s officielles, pr\u00e9tendent s\u2019approprier des terres \u00ab\u00a0<i>r\u00e9cup\u00e9r\u00e9es\u00a0<\/i>\u00a0\u00bb par les zapatistes lors de l\u2019insurrection ou, \u00e0 d\u00e9faut, qui mettent le feu \u00e0 l\u2019une ou l\u2019autre grange ou \u00e9cole rebelle.<\/p>\n<p>Omnipr\u00e9sents \u00e9galement dans les intervalles des zones d\u2019influence de l\u2019EZLN, les militaires f\u00e9d\u00e9raux qui, au mieux, se limitent \u00e0 dissuader de toute nouvelle manifestation \u00ab\u00a0<i>subversive\u00a0<\/i>\u00a0\u00bb d\u2019ampleur. Et enfin, adversit\u00e9 centrale s\u2019il en est pour l\u2019ensemble des militants indig\u00e8nes mexicains, les grands investisseurs publics ou priv\u00e9s, nationaux ou transnationaux, qui implantent leurs \u00ab\u00a0<i>m\u00e9gaprojets<\/i>\u00a0\u00bb \u2013 miniers, a\u00e9roportuaires, \u00e9nerg\u00e9tiques, autoroutiers, agro-industriels,\u00a0<a href=\"https:\/\/www.equaltimes.org\/le-train-maya-le-megaprojet-qui?lang=fr\">ferroviaires<\/a>, touristiques\u2026 \u2013 de \u00ab\u00a0<i>d\u00e9veloppement<\/i>\u00a0\u00bb, sans \u00ab\u00a0<i>le consentement libre, pr\u00e9alable et inform\u00e9<\/i>\u00a0\u00bb des populations qui peuplent les territoires affect\u00e9s.<\/p>\n<h3 class=\"spip\">Une port\u00e9e in\u00e9dite<\/h3>\n<p>Alors, \u00e0 trente ans du soul\u00e8vement du 1er janvier 1994, bataille \u00e0 moiti\u00e9 perdue ou \u00e0 moiti\u00e9 gagn\u00e9e\u00a0? Les rebelles du Chiapas ne sont certes pas parvenus \u00e0 refonder la Constitution, \u00e0 d\u00e9coloniser les institutions, ni m\u00eame \u00e0 prendre pied sur la sc\u00e8ne politique mexicaine, mais, tant sur le plan local, que national et international, ils auront dot\u00e9 les luttes paysannes et indig\u00e8nes pour la redistribution et l\u2019autonomie d\u2019une visibilit\u00e9 et d\u2019une port\u00e9e in\u00e9dites.<\/p>\n<p>Et, en d\u00e9pit de leur relatif isolement politique et g\u00e9ographique, ils entendent continuer \u00e0 peser sur les rapports de forces et les choix de soci\u00e9t\u00e9. Le zapatisme participe ainsi pleinement de ces mouvements indiens qui, en Am\u00e9rique latine, de la base au sommet, ont fait la preuve que la mobilisation pour le respect des diversit\u00e9s n\u2019implique pas n\u00e9cessairement crispation identitaire. Et qu\u2019elle peut aller de pair avec la lutte pour la justice sociale et l\u2019\u00c9tat de droit. La reconnaissance mondiale, m\u00eame flottante, de leurs m\u00e9rites alimente et se nourrit de leur dignit\u00e9 retrouv\u00e9e.<\/p>\n<h3 class=\"spip\">NOTES<\/h3>\n<div id=\"nb1\">\n<p><span class=\"spip_note_ref\">[<a class=\"spip_note\" title=\"Notes 1\" href=\"https:\/\/www.cetri.be\/L-insurrection-zapatiste-30-ans#nh1\" rev=\"footnote\">1<\/a>]\u00a0<\/span>Lire notamment\u00a0: CETRI,\u00a0<i>Zapatisme\u00a0: la r\u00e9bellion qui dure<\/i>, Paris, Syllepse, 2014,\u00a0<a class=\"spip_url auto\" href=\"https:\/\/www.cetri.be\/Zapatisme-la-rebellion-qui-dure-3507\" rel=\"nofollow\">https:\/\/www.cetri.be\/Zapatisme-la-rebellion-qui-dure-3507<\/a>.<\/p>\n<\/div>\n<div id=\"nb2\">\n<p><span class=\"spip_note_ref\">[<a class=\"spip_note\" title=\"Notes 2\" href=\"https:\/\/www.cetri.be\/L-insurrection-zapatiste-30-ans#nh2\" rev=\"footnote\">2<\/a>]\u00a0<\/span>Lire notamment\u00a0: \u00ab\u00a0Un parangon d\u2019\u00e9mancipation et d\u2019autonomie, le zapatisme\u00a0?\u00a0\u00bb,\u00a0<a class=\"spip_url auto\" href=\"https:\/\/www.cetri.be\/Un-parangon-d-emancipation-et-d\" rel=\"nofollow\">https:\/\/www.cetri.be\/Un-parangon-d-emancipation-et-d<\/a>.<\/p>\n<\/div>\n<div id=\"nb3\">\n<p><span class=\"spip_note_ref\">[<a class=\"spip_note\" title=\"Notes 3\" href=\"https:\/\/www.cetri.be\/L-insurrection-zapatiste-30-ans#nh3\" rev=\"footnote\">3<\/a>]\u00a0<\/span>Lire notamment\u00a0:\u00a0<a class=\"spip_url auto\" href=\"https:\/\/www.cetri.be\/Pourquoi-le-Centre-tricontinental\" rel=\"nofollow\">https:\/\/www.cetri.be\/Pourquoi-le-Centre-tricontinental<\/a>,\u00a0<a class=\"spip_url auto\" href=\"https:\/\/www.cetri.be\/+-Nicaragua-+\" rel=\"nofollow\">https:\/\/www.cetri.be\/+-Nicaragua-+<\/a>,\u00a0<a class=\"spip_url auto\" href=\"https:\/\/www.cetri.be\/+-Salvador-+\" rel=\"nofollow\">https:\/\/www.cetri.be\/+-Salvador-+<\/a>.<\/p>\n<\/div>\n<div id=\"nb4\">\n<p><span class=\"spip_note_ref\">[<a class=\"spip_note\" title=\"Notes 4\" href=\"https:\/\/www.cetri.be\/L-insurrection-zapatiste-30-ans#nh4\" rev=\"footnote\">4<\/a>]\u00a0<\/span>H. Bellinghausen, \u00ab\u00a0Chiapas, un \u00ab\u00a0mapa en descomposici\u00f3n\u00a0\u00bb por la delincuencia organizada\u00a0\u00bb,\u00a0<i>La Jornada<\/i>, 24 septembre 2023.<\/p>\n<\/div>\n<div id=\"nb5\">\n<p><span class=\"spip_note_ref\">[<a class=\"spip_note\" title=\"Notes 5\" href=\"https:\/\/www.cetri.be\/L-insurrection-zapatiste-30-ans#nh5\" rev=\"footnote\">5<\/a>]\u00a0<\/span>G. Mu\u00f1oz Ram\u00edrez, \u00ab\u00a0Chiapas\u00a0: un polvor\u00edn\u00a0\u00bb,\u00a0<i>La Jornada<\/i>, 1er octobre 2023.<\/p>\n<\/div>\n<div id=\"nb6\">\n<p><span class=\"spip_note_ref\">[<a class=\"spip_note\" title=\"Notes 6\" href=\"https:\/\/www.cetri.be\/L-insurrection-zapatiste-30-ans#nh6\" rev=\"footnote\">6<\/a>]\u00a0<\/span>B. Duterme, \u00ab\u00a0Mur ou passoire, la fronti\u00e8re Sud des \u00c9tats-Unis\u00a0?\u00a0\u00bb,\u00a0<i>Falmag<\/i>, 2 janvier 2023,\u00a0<a class=\"spip_url auto\" href=\"https:\/\/www.cetri.be\/Mur-ou-passoire-la-frontiere-Sud\" rel=\"nofollow\">https:\/\/www.cetri.be\/Mur-ou-passoire-la-frontiere-Sud<\/a>.<\/p>\n<\/div>\n<div id=\"nb7\">\n<p><span class=\"spip_note_ref\">[<a class=\"spip_note\" title=\"Notes 7\" href=\"https:\/\/www.cetri.be\/L-insurrection-zapatiste-30-ans#nh7\" rev=\"footnote\">7<\/a>]\u00a0<\/span>Dans une nouvelle s\u00e9rie de textes sign\u00e9s par le \u00ab\u00a0Sous-commandant insurg\u00e9 Mois\u00e9s\u00a0\u00bb et le \u00ab\u00a0Capitaine insurg\u00e9 Marcos\u00a0\u00bb (qui change de grade, de sous-commandant \u00e0 capitaine, mais qui reprend son nom initial, apr\u00e8s avoir port\u00e9, de 2014 \u00e0 2023, celui de Galeano, en hommage \u00e0 un rebelle tu\u00e9), les zapatistes ont annonc\u00e9, en novembre dernier, une r\u00e9organisation en profondeur de leurs instances et \u00ab\u00a0pyramides\u00a0\u00bb autonomes, afin d\u2019en am\u00e9liorer le fonctionnement et d\u2019en garantir le caract\u00e8re d\u00e9mocratique, \u00ab\u00a0d\u2019en bas vers le haut, et pas l\u2019inverse\u00a0\u00bb (<a class=\"spip_url spip_out auto\" href=\"https:\/\/enlacezapatista.ezln.org.mx\/\" rel=\"nofollow external\">https:\/\/enlacezapatista.ezln.org.mx\/<\/a>).<\/p>\n<\/div>\n<div id=\"nb8\">\n<p><span class=\"spip_note_ref\">[<a class=\"spip_note\" title=\"Notes 8\" href=\"https:\/\/www.cetri.be\/L-insurrection-zapatiste-30-ans#nh8\" rev=\"footnote\">8<\/a>]\u00a0<\/span>Lire notamment\u00a0: L. Barbosa &amp; P. Rosset,\u00a0<i>Aprendizajes del Movimiento Zapatista. De la insurgencia armada a la autonom\u00eda popular<\/i>, M\u00e9xico\/Buenos Aires, Ecosur\/Clacso, 2023.<\/p>\n<\/div>\n","protected":false},"excerpt":{"rendered":"<p>Oui, cela fait trente ans aujourd\u2019hui. Trois d\u00e9cennies. L\u2019\u00e9v\u00e9nement sanctionne la fin du si\u00e8cle dernier. Le 1er janvier 1994, le jour m\u00eame de l\u2019entr\u00e9e en vigueur de l\u2019ALENA, l\u2019Accord de libre-\u00e9change nord-am\u00e9ricain (\u00c9tats-Unis, Canada, Mexique), quelques milliers d\u2019indig\u00e8nes mayas du Chiapas, dans le Sud-Est mexicain, \u00ab\u00a0d\u00e9clarent la guerre\u00a0\u00bb, vieilles p\u00e9toires \u00e0 la main, \u00e0 l\u2019arm\u00e9e &#8230; <a title=\"L\u2019insurrection zapatiste, 30 ans apr\u00e8s\" class=\"read-more\" href=\"https:\/\/bruxelles-pantheres.be\/?p=5858\" aria-label=\"En savoir plus sur L\u2019insurrection zapatiste, 30 ans apr\u00e8s\">Lire la suite<\/a><\/p>\n","protected":false},"author":1,"featured_media":5859,"comment_status":"open","ping_status":"open","sticky":false,"template":"","format":"standard","meta":{"footnotes":""},"categories":[35,21],"tags":[548,47],"class_list":["post-5858","post","type-post","status-publish","format-standard","has-post-thumbnail","hentry","category-amerique-du-sud","category-anti-imperialisme","tag-bernard-duterme","tag-ezln"],"_links":{"self":[{"href":"https:\/\/bruxelles-pantheres.be\/index.php?rest_route=\/wp\/v2\/posts\/5858","targetHints":{"allow":["GET"]}}],"collection":[{"href":"https:\/\/bruxelles-pantheres.be\/index.php?rest_route=\/wp\/v2\/posts"}],"about":[{"href":"https:\/\/bruxelles-pantheres.be\/index.php?rest_route=\/wp\/v2\/types\/post"}],"author":[{"embeddable":true,"href":"https:\/\/bruxelles-pantheres.be\/index.php?rest_route=\/wp\/v2\/users\/1"}],"replies":[{"embeddable":true,"href":"https:\/\/bruxelles-pantheres.be\/index.php?rest_route=%2Fwp%2Fv2%2Fcomments&post=5858"}],"version-history":[{"count":1,"href":"https:\/\/bruxelles-pantheres.be\/index.php?rest_route=\/wp\/v2\/posts\/5858\/revisions"}],"predecessor-version":[{"id":5861,"href":"https:\/\/bruxelles-pantheres.be\/index.php?rest_route=\/wp\/v2\/posts\/5858\/revisions\/5861"}],"wp:featuredmedia":[{"embeddable":true,"href":"https:\/\/bruxelles-pantheres.be\/index.php?rest_route=\/wp\/v2\/media\/5859"}],"wp:attachment":[{"href":"https:\/\/bruxelles-pantheres.be\/index.php?rest_route=%2Fwp%2Fv2%2Fmedia&parent=5858"}],"wp:term":[{"taxonomy":"category","embeddable":true,"href":"https:\/\/bruxelles-pantheres.be\/index.php?rest_route=%2Fwp%2Fv2%2Fcategories&post=5858"},{"taxonomy":"post_tag","embeddable":true,"href":"https:\/\/bruxelles-pantheres.be\/index.php?rest_route=%2Fwp%2Fv2%2Ftags&post=5858"}],"curies":[{"name":"wp","href":"https:\/\/api.w.org\/{rel}","templated":true}]}}