{"id":5871,"date":"2024-01-22T18:13:42","date_gmt":"2024-01-22T17:13:42","guid":{"rendered":"https:\/\/bruxelles-pantheres.be\/?p=5871"},"modified":"2024-01-22T18:14:13","modified_gmt":"2024-01-22T17:14:13","slug":"pourquoi-nul-ne-devrait-se-rejouir-de-la-position-de-la-belgique-a-propos-de-gaza","status":"publish","type":"post","link":"https:\/\/bruxelles-pantheres.be\/?p=5871","title":{"rendered":"Pourquoi nul ne devrait se r\u00e9jouir de la position de la Belgique \u00e0 propos de Gaza"},"content":{"rendered":"<pre class=\"wp-block-verse\"><em>On n\u2019en est qu\u2019au d\u00e9but de 2024 et nous avons d\u00e9j\u00e0 une solide candidate au titre de \u00ab pire f\u00eate de l\u2019ann\u00e9e \u00bb. <\/em>\r\n<em>Ce titre devrait aller aux tristes c\u00e9l\u00e9brations qui marquent la fa\u00e7on dont la Belgique a assum\u00e9 la pr\u00e9sidence tournante de l\u2019Union europ\u00e9enne.<\/em>\r\n\r\nLa vaillante petite Belgique ne m\u00e9ritera qu\u2019on l\u2019applaudisse au cours des mois \u00e0 venir que\u00a0<strong>si ses dirigeants joignent les actes \u00e0 la parole.<\/strong>\r\n\r\n<\/pre>\n<p><!--more--><\/p>\n<p><img decoding=\"async\" class=\"aligncenter\" src=\"https:\/\/investigaction.net\/wp-content\/uploads\/2024\/01\/AFP__20231026__33Z86ZE__v1__Preview__BelgiumEuPoliticsSummitIsraelPalestinianConflic-1024x668.jpg\" \/><\/p>\n<p><a href=\"https:\/\/twitter.com\/pdsutter?ref_src=twsrc%5Etfw%7Ctwcamp%5Etweetembed%7Ctwterm%5E1744780903102959940%7Ctwgr%5Eb2bd63a53c86557985ac51185acd61d9060f8ae4%7Ctwcon%5Es1_&amp;ref_url=https%3A%2F%2Fcharleroi-pourlapalestine.be%2Findex.php%2F2024%2F01%2F18%2Fpourquoi-nul-ne-devrait-se-rejouir-de-la-position-de-la-belgique-a-propos-de-gaza%2F\">Petra De Sutter<\/a>, la vice-Premi\u00e8re ministre, s\u2019est ouvertement oppos\u00e9e \u00e0 la guerre d\u2019Isra\u00ebl contre Gaza.<\/p>\n<p>Elle a propos\u00e9 que la Belgique soutienne la cause adopt\u00e9e par l\u2019<strong>Afrique du Sud<\/strong>\u00a0\u2013 qui accuse Isra\u00ebl de violer la Convention sur le g\u00e9nocide \u2013 devant la\u00a0<strong>Cour internationale de justice.<\/strong>\u00a0Un peu plus t\u00f4t, elle avait d\u00e9j\u00e0 demand\u00e9 que soit suspendu l\u2019<em>\u00ab accord de partenariat \u00bb<\/em>\u00a0qui sous-tend les relations de l\u2019UE avec Isra\u00ebl.<\/p>\n<p>Alors que la position de De Sutter est certainement meilleure que celle de bien d\u2019autres membres de l\u2019\u00e9lite dirigeante en Occident, il conviendrait cependant de l\u2019inciter \u00e0 aller beaucoup plus loin.<\/p>\n<p>On remarquera que ses commentaires des quelques mois \u00e9coul\u00e9s n\u2019abordent pas directement les investissements en Belgique de l\u2019industrie isra\u00e9lienne de l\u2019armement.<\/p>\n<p>De Sutter est n\u00e9e \u00e0 Audenarde (Oudenaarde), une commune situ\u00e9e non loin de la ville flamande de Gand.<\/p>\n<p>Cette m\u00eame Audenarde h\u00e9berge\u00a0<strong>OIP, une firme appartenant au fabricant d\u2019armes isra\u00e9lien Elbit Systems.<\/strong><\/p>\n<p>Cette v\u00e9rit\u00e9 est fr\u00e9quemment mise sous l\u2019\u00e9teignoir.<\/p>\n<p><strong>OIP<\/strong>\u00a0passe pour une importante contributrice \u00e0 l\u2019\u00e9conomie locale en donnant l\u2019impression qu\u2019elle est sortie du sol flamand comme le ferait une endive ou un chou. Lors du\u00a0<strong>Salon du Bourget<\/strong>\u00a0de l\u2019an dernier \u2013 une importante foire aux armements \u2013 elle occupait un stand au<strong>\u00a0pavillon belge,<\/strong>\u00a0plut\u00f4t qu\u2019au pavillon isra\u00e9lien o\u00f9 sa maison m\u00e8re Elbit \u00e9tait repr\u00e9sent\u00e9e.<\/p>\n<p><strong>Freddy Versluys,<\/strong>\u00a0le patron d\u2019OIP, a longtemps pr\u00e9tendu que son usine d\u2019Audenarde ne fabriquait pas de mat\u00e9riel pour Isra\u00ebl. Il est impossible, avait-il dit en 2013 d\u00e9j\u00e0, d\u2019obtenir des autorit\u00e9s flamandes les permis d\u2019exportation requis.<\/p>\n<p>Ses all\u00e9gations sont toutefois contredites par les rapports officiels \u00e9manant de la Flandre,<strong>\u00a0la r\u00e9gion o\u00f9 op\u00e8re OIP.<\/strong><\/p>\n<p>Le dernier rapport disponible dit qu\u2019au cours de l\u2019ann\u00e9e 2022, la Flandre a accord\u00e9\u00a0<strong>dix licences pour des exportations d\u2019armes vers Isra\u00ebl.<\/strong><\/p>\n<p>La valeur totale de ces licences exc\u00e9dait<strong>\u00a02 millions de USD.<\/strong><\/p>\n<p><strong>OIP a \u00e9t\u00e9 rachet\u00e9 par Elbit il y a plus de vingt ans<\/strong>. La firme a sans nul doute contribu\u00e9 \u00e0 d\u00e9velopper les activit\u00e9s internationales de sa maison m\u00e8re et \u00e0 d\u00e9couvrir de nouvelles opportunit\u00e9s en vue d\u2019exporter des armes test\u00e9es sur les Palestiniens.<\/p>\n<h3 id=\"h-une-affabilite-certaine-a-l-egard-des-marchands-de-mort\" class=\"wp-block-heading\"><strong>Une affabilit\u00e9 certaine \u00e0 l\u2019\u00e9gard des marchands de mort<\/strong><\/h3>\n<p>Entre autres choses,\u00a0<strong>OIP fabrique des \u00e9quipements qui permettent aux snipers d\u2019utiliser leurs carabines sous le couvert de l\u2019obscurit\u00e9, ou encore des cam\u00e9ras destin\u00e9es \u00e0 divers v\u00e9hicules militaires et autres navires de guerre.<\/strong><\/p>\n<p>La firme produit \u00e9galement des\u00a0<strong>lunettes de vision nocturne pour les pilotes des h\u00e9licopt\u00e8res militaires.<\/strong>\u00a0Ces lunettes font partie des \u00e9quipements dont la Flandre a approuv\u00e9 l\u2019exportation vers Isra\u00ebl.<\/p>\n<p>Les dol\u00e9ances de Petra De Sutter ces quelques derniers mois ne bouleversent en aucun cas\u00a0<strong>l\u2019affabilit\u00e9 g\u00e9n\u00e9rale affich\u00e9e par la Belgique \u00e0 l\u2019\u00e9gard d\u2019Isra\u00ebl et de ses marchands de mort.<\/strong><\/p>\n<p><strong>Philippe Busquin<\/strong>\u00a0a \u00e9t\u00e9 un homme politique on ne peut plus accommodant. Il a \u00e9t\u00e9 le membre belge de la\u00a0<strong>Commission europ\u00e9enne<\/strong>\u00a0(l\u2019ex\u00e9cutif de l\u2019UE) de 1999 \u00e0 2004.<\/p>\n<p>Nanti de cette capacit\u00e9, il a facilit\u00e9\u00a0<strong>une participation plus importante d\u2019Isra\u00ebl au programme de recherche scientifique de l\u2019UE<\/strong>. Il en est r\u00e9sult\u00e9 que les fabricants d\u2019armes du genre d\u2019<strong>Elbit Systems<\/strong>\u00a0susmentionn\u00e9 ont\u00a0<strong>tir\u00e9 grand parti des subventions de l\u2019UE.<\/strong><\/p>\n<p>Busquin a\u00a0<strong>rejet\u00e9 les appels en vue d\u2019exclure Isra\u00ebl du programme<\/strong>\u00a0\u00e0 cause des injustices qu\u2019il fait subir aux Palestiniens. Suite \u00e0 une r\u00e9cente requ\u00eate d\u00e9pos\u00e9e au nom de la libert\u00e9 d\u2019information, j\u2019ai appris que le<strong>\u00a0Technion<\/strong>\u00a0\u2013\u00a0<strong>une universit\u00e9 isra\u00e9lienne<\/strong>\u00a0\u2013 avait applaudi Busquin d\u2019avoir agi de la sorte.<\/p>\n<p>Dans une lettre de 2002 \u2013 voir ci-dessous \u2013<strong>\u00a0le Technion remerciait Busquin pour son\u00a0<em>\u00ab soutien continuel et son attitude favorable envers la science isra\u00e9lienne \u00bb.<\/em><\/strong><\/p>\n<p>Le Technion assiste l\u2019industrie isra\u00e9lienne de l\u2019armement en d\u00e9veloppant de\u00a0<strong>nouveaux outils destin\u00e9s \u00e0 tuer et \u00e0 mutiler des Palestiniens.<\/strong>\u00a0Tel \u00e9tait le genre de coop\u00e9ration pour laquelle\u00a0<strong>Busquin<\/strong>\u00a0d\u00e9ployait une\u00a0<em>\u00ab attitude favorable \u00bb.<\/em><\/p>\n<p>La vaillante petite Belgique n\u2019a jamais vraiment \u00e9t\u00e9 solidaire avec les Palestiniens.<\/p>\n<p>Tant que le pays n\u2019aura pas cess\u00e9 de commercer avec l\u2019industrie isra\u00e9lienne de l\u2019armement, il restera dans le camp des oppresseurs des Palestiniens.<\/p>\n<hr class=\"wp-block-separator has-alpha-channel-opacity\" \/>\n<p>Source :\u00a0<a href=\"https:\/\/electronicintifada.net\/blogs\/david-cronin\/why-nobody-should-toast-belgiums-stance-gaza\">The Electronic intifada<\/a><\/p>\n<p>Traduction : Jean-Marie Fl\u00e9mal, Charleroi pour la Palestine<\/p>\n<p><a href=\"https:\/\/investigaction.net\/pourquoi-nul-ne-devrait-se-rejouir-de-la-position-de-la-belgique-a-propos-de-gaza\/?fbclid=IwAR2KR-eYgvOZxbHVSkMmj0VVr_snlvmELXtY7YyrqlsFYpl1gKH84D1n5F0\">Source<\/a><\/p>\n<header class=\"grimlock--page-header grimlock--single-header entry-header\">\n<h3 class=\"single-title page-title entry-title\" style=\"text-align: center;\">Des firmes tirant profit du g\u00e9nocide de Gaza participent \u00e0 la foire de l\u2019armement \u00e0 Londres<\/h3>\n<div class=\"byline author\">DAVID CRONIN<\/div>\n<div class=\"post-date posted-on\"><time class=\"entry-date published\" datetime=\"2024-01-18T22:17:58+01:00\">18 JANVIER 2024<\/time><\/div>\n<\/header>\n<div class=\"grimlock--single-content grimlock--page-content entry-content\">\n<pre class=\"wp-block-verse\">Jeu de guerre. Puissance de feu. L\u00e9talit\u00e9. Robotique. Tous ces th\u00e8mes seront discut\u00e9s lors d\u2019une importante foire de l\u2019armement qui se tiendra \u00e0 Londres dans le courant de ce mois.<\/pre>\n<p>Ce genre d\u2019\u00e9v\u00e9nement serait sinistre \u00e0 tout moment. Qu\u2019il soit organis\u00e9 alors qu\u2019un g\u00e9nocide bat son plein \u00e0 Gaza lui ajoute une couche suppl\u00e9mentaire d\u2019immoralit\u00e9.<\/p>\n<p><strong>Rafael\u00a0<\/strong>et\u00a0<strong>Elbit Systems<\/strong>\u00a0\u2013 des acteurs de pointe de l\u2019industrie isra\u00e9lienne de l\u2019armement \u2013 sont les sponsors d\u2019<strong>International Armoured Vehicles<\/strong>\u00a0(V\u00e9hicules blind\u00e9s internationaux), qui est le nom de cette exposition et de cette conf\u00e9rence.<\/p>\n<p>Les br\u00e8ves pr\u00e9sentations de ces firmes dans le programme officiel de l\u2019\u00e9v\u00e9nement ne mentionnent pas qu\u2019elles sont isra\u00e9liennes.<\/p>\n<p>Il est pr\u00e9vu que les repr\u00e9sentants d\u2019Elbit fassent une pr\u00e9sentation intitul\u00e9e\u00a0<strong>\u00ab<em>\u00a0Poing de fer \u00bb.<\/em><\/strong><\/p>\n<p><strong><em>\u00ab Poing de fer \u00bb<\/em><\/strong>\u00a0est le nom de marque des \u00e9quipements de surveillance et des intercepteurs r\u00e9alis\u00e9s par\u00a0<strong>Elbit<\/strong>\u00a0pour un nouveau v\u00e9hicule blind\u00e9 tr\u00e8s efficace baptis\u00e9<strong>\u00a0Eitan.<\/strong><\/p>\n<p>Cet Eitan est utilis\u00e9 par Isra\u00ebl dans son actuelle invasion de Gaza.<\/p>\n<h3 id=\"h-les-innovateurs-contribuent-au-genocide-a-gaza\" class=\"wp-block-heading\"><strong>Les innovateurs contribuent au g\u00e9nocide \u00e0 Gaza<br \/>\n<\/strong><\/h3>\n<p>Non content des horreurs qu\u2019il inflige actuellement aux Palestiniens,\u00a0<strong>Isra\u00ebl esp\u00e8re inaugurer de nouveaux engins de mort dans un futur rapproch\u00e9.<\/strong><\/p>\n<p>Le jour de l\u2019an, la publication sur le commerce des armes,\u00a0<em>IsraelDefense,<\/em>\u00a0publiait un article laudateur sur la<em>\u00a0\u00ab Brigade technologique pour le territoire \u00bb.<\/em><\/p>\n<p>La\u00a0<em>\u00ab composition humaine et professionnelle de la brigade est extraordinaire \u00bb<\/em>, pouvait-on lire. Vantant\u00a0<em>\u00ab les milliers de militaires, hommes et femmes \u00bb et \u00ab les 484 ing\u00e9nieurs \u00bb<\/em>, l\u2019article ajoutait que peu d\u2019autres divisions de l\u2019arm\u00e9e isra\u00e9lienne\u00a0<em>\u00ab disposaient d\u2019une \u00e9quipe professionnelle aux niveaux aussi \u00e9lev\u00e9s \u00bb.<\/em><\/p>\n<p>La brigade a \u00ab travaill\u00e9 en collaboration \u00e9troite avec les unit\u00e9s de combat qui op\u00e8rent \u00e0\u00a0<strong>Gaza<\/strong>, afin de les \u00e9quiper d\u2019innovations technologiques en temps r\u00e9el \u00bb, rapportait\u00a0<em>IsraelDefense<\/em>.<\/p>\n<p>Le journal de Tel-Aviv,\u00a0<em>Haaretz,<\/em>\u00a0a la r\u00e9putation d\u2019\u00eatre plus ind\u00e9pendant et plus critique. Certains de ses reportages r\u00e9cents n\u2019ont pourtant valu gu\u00e8re mieux que de la publicit\u00e9 gratuite pour l\u2019industrie de guerre isra\u00e9lienne.<\/p>\n<p>Un article de Haaretz paru il y a quelques jours faisait remarquer que la guerre \u00e0 Gaza et les hausses attendues des d\u00e9penses militaires \u00ab fournissaient de nouvelles opportunit\u00e9s pour les startups travaillant dans la d\u00e9fense \u00bb.<\/p>\n<p>Qu\u2019importe que la famine soit en hausse \u00e0 Gaza, la guerre est un filon pour les petites et moyennes entreprises, assure-t-on aux lecteurs cens\u00e9ment lib\u00e9raux du journal. Ou, du moins, tel \u00e9tait le message subliminal.<\/p>\n<p>On s\u2019attend \u00e0 ce que le sujet tr\u00e8s tendance de l\u2019intelligence artificielle (IA) figure \u00e0 avant-plan des discussions qui se tiendront lors de la foire aux armements de Londres dont il \u00e9tait question plus haut.<\/p>\n<p>On peut parier sans risque que ses participants seront d\u00e9sireux d\u2019en savoir plus sur<strong>\u00a0Gospel<\/strong>\u00a0\u2013\u00a0<strong>un syst\u00e8me isra\u00e9lien recourant \u00e0 l\u2019IA pour identifier des cibles.<\/strong><\/p>\n<p>Gospel a pr\u00e9c\u00e9demment \u00e9t\u00e9 rest\u00e9 au cours de l\u2019attaque contre Gaza\u00a0<strong>en mai 2021,<\/strong>\u00a0attaque\u00a0<em>The Jerusalem Post<\/em>\u00a0avait qualifi\u00e9e de<strong><em>\u00a0\u00ab premi\u00e8re guerre IA au monde \u00bb.<\/em><\/strong><\/p>\n<p>Les partisans d\u2019Isra\u00ebl aiment jubiler de la fa\u00e7on dont leur nation bien-aim\u00e9e a d\u00e9velopp\u00e9 une culture de\u00a0<em>\u00ab l\u2019innovation impatiente \u00bb.<\/em><\/p>\n<p>Les innovateurs impatients d\u2019Isra\u00ebl se pr\u00e9cipitent aujourd\u2019hui pour assister \u00e0 un g\u00e9nocide.<\/p>\n<hr class=\"wp-block-separator has-alpha-channel-opacity\" \/>\n<p>Source :\u00a0<a href=\"https:\/\/electronicintifada.net\/blogs\/david-cronin\/firms-profiting-gaza-genocide-take-part-london-weapons-fair\">The electronic intifada<\/a><\/p>\n<p>Traduction : Jean-Marie Flemal\u00a0<a href=\"https:\/\/charleroi-pourlapalestine.be\/index.php\/2024\/01\/09\/des-firmes-tirant-profit-du-genocide-de-gaza-participent-a-la-foire-de-larmement-a-londres\/\">Charleroi pour la Palestine<\/a><\/p>\n<\/div>\n","protected":false},"excerpt":{"rendered":"<p>On n\u2019en est qu\u2019au d\u00e9but de 2024 et nous avons d\u00e9j\u00e0 une solide candidate au titre de \u00ab pire f\u00eate de l\u2019ann\u00e9e \u00bb. Ce titre devrait aller aux tristes c\u00e9l\u00e9brations qui marquent la fa\u00e7on dont la Belgique a assum\u00e9 la pr\u00e9sidence tournante de l\u2019Union europ\u00e9enne. La vaillante petite Belgique ne m\u00e9ritera qu\u2019on l\u2019applaudisse au cours &#8230; <a title=\"Pourquoi nul ne devrait se r\u00e9jouir de la position de la Belgique \u00e0 propos de Gaza\" class=\"read-more\" href=\"https:\/\/bruxelles-pantheres.be\/?p=5871\" aria-label=\"En savoir plus sur Pourquoi nul ne devrait se r\u00e9jouir de la position de la Belgique \u00e0 propos de Gaza\">Lire la suite<\/a><\/p>\n","protected":false},"author":1,"featured_media":0,"comment_status":"open","ping_status":"open","sticky":false,"template":"","format":"standard","meta":{"footnotes":""},"categories":[36,6,18],"tags":[236],"class_list":["post-5871","post","type-post","status-publish","format-standard","hentry","category-europe","category-palestine-moyen-orient","category-resistance-bruxelles","tag-david-cronin"],"_links":{"self":[{"href":"https:\/\/bruxelles-pantheres.be\/index.php?rest_route=\/wp\/v2\/posts\/5871","targetHints":{"allow":["GET"]}}],"collection":[{"href":"https:\/\/bruxelles-pantheres.be\/index.php?rest_route=\/wp\/v2\/posts"}],"about":[{"href":"https:\/\/bruxelles-pantheres.be\/index.php?rest_route=\/wp\/v2\/types\/post"}],"author":[{"embeddable":true,"href":"https:\/\/bruxelles-pantheres.be\/index.php?rest_route=\/wp\/v2\/users\/1"}],"replies":[{"embeddable":true,"href":"https:\/\/bruxelles-pantheres.be\/index.php?rest_route=%2Fwp%2Fv2%2Fcomments&post=5871"}],"version-history":[{"count":1,"href":"https:\/\/bruxelles-pantheres.be\/index.php?rest_route=\/wp\/v2\/posts\/5871\/revisions"}],"predecessor-version":[{"id":5873,"href":"https:\/\/bruxelles-pantheres.be\/index.php?rest_route=\/wp\/v2\/posts\/5871\/revisions\/5873"}],"wp:attachment":[{"href":"https:\/\/bruxelles-pantheres.be\/index.php?rest_route=%2Fwp%2Fv2%2Fmedia&parent=5871"}],"wp:term":[{"taxonomy":"category","embeddable":true,"href":"https:\/\/bruxelles-pantheres.be\/index.php?rest_route=%2Fwp%2Fv2%2Fcategories&post=5871"},{"taxonomy":"post_tag","embeddable":true,"href":"https:\/\/bruxelles-pantheres.be\/index.php?rest_route=%2Fwp%2Fv2%2Ftags&post=5871"}],"curies":[{"name":"wp","href":"https:\/\/api.w.org\/{rel}","templated":true}]}}