{"id":589,"date":"2013-02-01T17:31:30","date_gmt":"2013-02-01T16:31:30","guid":{"rendered":"https:\/\/bruxelles-pantheres.be\/?p=589"},"modified":"2013-11-10T17:32:54","modified_gmt":"2013-11-10T16:32:54","slug":"la-republique-pirate-de-rabat-sale","status":"publish","type":"post","link":"https:\/\/bruxelles-pantheres.be\/?p=589","title":{"rendered":"La r\u00e9publique pirate de Rabat-Sal\u00e9"},"content":{"rendered":"<header>\n<h5><strong>La r\u00e9publique pirate de Rabat-Sal\u00e9 : variations \u00e0 partir du djihad mauresque de Me Christophe Marchand, avocat<\/strong><\/h5>\n<div><time datetime=\"2013-02-01T16:23\">f\u00e9vrier 1, 2013<\/time> |<!--more--><\/div>\n<\/header>\n<figure><img decoding=\"async\" alt=\"http:\/\/dafina.net\/forums\/file.php?52,file=32848,filename=sale.jpg\" src=\"http:\/\/dafina.net\/forums\/file.php?52,file=32848,filename=sale.jpg\" \/><\/figure>\n<p><strong>1.<\/strong> Au Maroc, sur les bords de l\u2019Atlantique : trois villes. Elles ouvrent leurs murs vers un fleuve, parfois \u00e0 sec : le Bouregreg. Ce cours d\u2019eau s\u2019\u00e9tire entre la Kasbah, Rabat-la-Capitale, autrefois appel\u00e9e Sal\u00e9-le-Neuf, \u00ab Sla-El-Djedid \u00bb, et Sal\u00e9-le-Vieux, \u00ab Sla-El-Bali \u00bb (1) . Aujourd\u2019hui reli\u00e9es par trois ponts. Sur un de ceux-ci roule un tram \u00e9lectrique de la derni\u00e8re g\u00e9n\u00e9ration. Ce lieu paisible, investi par un yacht club et une station baln\u00e9aire high tech pour riches Saoudiens, \u00ab la marina \u00bb, fut autrefois le th\u00e9\u00e2tre de bien plaisants \u00e9v\u00e9nements. Plaisants ou tragiques, autrefois ou aujourd\u2019hui, c\u2019est selon.<br \/>\nA partir de la chute de Grenade en 1492, de nombreux mauresques espagnols se r\u00e9fugi\u00e8rent avec armes et fortune dans cette embouchure compos\u00e9e des trois villes rivales. Anim\u00e9s d\u2019un vif ressentiment \u00e0 l\u2019\u00e9gard de l\u2019Espagne, ils ne tard\u00e8rent pas \u00e0 construire des chaloupes pirates pour aller butiner les arm\u00e9es et les navires de commerces des rois catholiques. Au nom de la guerre sainte, le fameux jihad.<br \/>\nCe qui n\u2019emp\u00eacha pas les puissances d\u2019envoyer consuls et ambassadeurs afin de conserveur et n\u00e9gocier de bonnes relations politiques. Ceux-ci s\u2019\u00e9tablirent dans la rue des Consuls. Cette rue de Rabat, on peut encore l\u2019admirer aujourd\u2019hui ; si ce n\u2019est qu\u2019ont malheureusement disparus les tavernes et les bordels desquels, \u00e0 l\u2019\u00e9poque, s\u2019\u00e9chappaient le bruit incessant des querelles des pirates\u2026 Ils y vendaient leur butin dans \u00ab des cabarets et autres lieux de d\u00e9bauche, [car] leur plus forte passion \u00e9tait d\u2019employer \u00e0 faire bonne ch\u00e8re l\u2019argent qu\u2019ils avaient vol\u00e9 sur la mer \u00bb (2) . Ce vacarme troublait les pl\u00e9nipotentiaires, dont le sommeil vint vite \u00e0 manquer.<\/p>\n<p><img decoding=\"async\" alt=\"http:\/\/www.freeali.eu\/wp-content\/uploads\/2011\/04\/conf%C3%A9rence-de-presse-Rabat-9.jpg\" src=\"http:\/\/www.freeali.eu\/wp-content\/uploads\/2011\/04\/conf%C3%A9rence-de-presse-Rabat-9.jpg\" width=\"432\" height=\"324\" \/><\/p>\n<p><strong>2.<\/strong> Depuis trois ans, je me rends souvent \u00e0 Sal\u00e9, car il y si\u00e8ge un tribunal sp\u00e9cial : \u00ab la cour d\u2019appel de Rabat sp\u00e9cialis\u00e9e en mati\u00e8re de terrorisme, si\u00e9geant \u00e0 Sal\u00e9 \u00bb. Profitant des vols low cost de Ryanair nous y d\u00e9barquons en pelotons d\u2019avocats tout aussi low cost (comprenez pro bono). Le bandeau noir sur l\u2019\u0153il, l\u2019\u00e9quipe est solide et d\u00e9terminer \u00e0 en d\u00e9coudre, sans compter les coups, elle fonce \u00e0 l\u2019abordage de ces rives tyranniques de la pseudo-d\u00e9mocratie du royaume ch\u00e9rifien du Maroc.<br \/>\nNous avons d\u00e9ambul\u00e9 dans la rue des Consuls \u00e0 la recherche de ses tavernes et de ses lieux de perdition tant vant\u00e9s : en pure perte. Peut-\u00eatre tant mieux ! Car ne sommes-nous pas les ambassadeurs des proc\u00e8s \u00e9quitable, h\u00e9rauts des droits fondamentaux, la banni\u00e8re \u00ab droits de l\u2019hommiste \u00bb de notre beau et grand barreau ? Force est de constater que d\u00e8s que nous arrivons sur le tarmac de l\u2019a\u00e9roport Mohamed V et que nous embrassons nos fr\u00e8res avocats barbus islamistes, nos t\u00e9l\u00e9phones mobiles ne r\u00e9pondent plus et adoptent un comportement bizarre, tandis que des moustachus \u00e0 lunettes noires et oreillettes nous font un signe (amical ?) de bienvenue. Leur technologie infernale rendra toutes mes communications \u00e9lectroniques inop\u00e9rantes. Impossible de joindre la m\u00e8re patrie, et en Belgique ma compagne re\u00e7oit d\u2019inconnus peu am\u00e8nes d\u2019incongrus appels en arabe\u2026 mon dieu que la piraterie d\u2019\u00c9tat est belle en 2012 !<\/p>\n<p><strong>3.<\/strong> L\u2019\u00e2ge d\u2019or de Sal\u00e9-le-Vieux (\u00ab Sla-El-Bali \u00bb) se situe aux environs du milieu du XVIIe si\u00e8cle. A l\u2019\u00e9poque, de nombreux marins sont enr\u00f4l\u00e9s sur les flots de l\u2019oc\u00e9an Atlantique, \u00e0 des fins douteurs : guerres entre puissances rivales (Espagne, Grande-Bretagne, France ou Hollande), commerce d\u2019esclaves africains, pillage conforme au droit international des terres d\u00e9couvertes en Am\u00e9rique. En p\u00e9riode de paix, les marins de guerre s\u2019ennuient, ou ont faim, bref ne trouvent pas de travail. Alors ils s\u2019engagent sur des bateaux pirates afin de continuer \u00e0 jouir du grand vent de la libert\u00e9, mais aussi tout simplement de survivre. Les r\u00e8gles de droit sont simples : un navire pirate est-il arraisonn\u00e9 en mer ? Tous les membres de l\u2019\u00e9quipage sont pendus haut et court. Si ce m\u00eame vaisseau pirate arrive dans un port et y sollicite le pardon du gouverneur, les hommes seront alors graci\u00e9s et pourront jouir de leurs rapines, s\u2019\u00e9tablir, et fonder un foyer. De leur c\u00f4t\u00e9, les pirates, \u00e0 l\u2019occasion d\u2019une prise en mer, proposent d\u2019abord \u00e0 l\u2019\u00e9quipage captif de les rejoindre. En cas de refus, c\u2019est la mort : pourquoi s\u2019encombrer de prisonniers inutiles ? Pour les corsaires de Sal\u00e9, mais \u00e9galement d\u2019Alger ou de Tunis, grandes villes pirates de l\u2019\u00e9poque, rejoindre la flibuste s\u2019accompagne d\u2019une condition oblig\u00e9e : abjurer sa foi et devenir musulman ! N\u2019oublions pas que Djihad et piraterie font alors cause commune. Ces convertis, \u00e9galement appel\u00e9s renegados (ren\u00e9gats), ne semblaient pas brum\u00e9s par leur nouvelle foi, ils continuaient leur vie faite de meurtres, vols et bacchanals.<\/p>\n<p><strong>4.<\/strong> En 2006, lors de mon premier s\u00e9jour \u00e0 Rabat, je faisais partie d\u2019une \u00e9quipe internationale de magistrats et de professeurs, financ\u00e9e par l\u2019Union europ\u00e9enne, afin d\u2019organiser des s\u00e9minaires dont le sujet captivant \u00e9tait : \u00ab Comment sauvegarder les droits de l\u2019homme dans la lutte contre le terrorisme ? \u00bb\u2026 Dans le cadre de ces \u00ab cours \u00bb, qui continu\u00e8rent \u00e9galement \u00e0 Alger, je repr\u00e9sentais, avec mon excellent confr\u00e8re et ami Maitre Aboudi : \u00ab l\u2019avocat \u00bb, celui qui emp\u00eache de r\u00e9primer en rond. La question de l\u2019usage syst\u00e9matique de la torture y fut abord\u00e9e. Je n\u2019avais pas encore saisi la profondeur de ce qu\u2019ils appelaient ces \u00ab d\u00e9passements \u00bb, et n\u2019avais pas devin\u00e9 que le juge d\u2019instruction Chentouf, avec son regard bas et sa bouche en demi-lune \u00e9tait le grand officier de la torture institutionnalis\u00e9e.<\/p>\n<p><img decoding=\"async\" alt=\"http:\/\/latuffcartoons.files.wordpress.com\/2012\/06\/aliaarrasslatuf.jpg\" src=\"http:\/\/latuffcartoons.files.wordpress.com\/2012\/06\/aliaarrasslatuf.jpg\" width=\"253\" height=\"316\" \/><\/p>\n<p>Classification SECRET\/NOFORN \u2013 VZCZCXYZ0002 \u2013 PP RUEHWEB \u2013 DE RUEHRB #0679\/01 2181914 \u2013 ZNY SSSSS ZZH \u2013 P 061914Z AUG9 \u2013 FM AMEMBASSY RABAT \u2013 TO RUEHC\/SECSTATE WASHDC PRIORITY 0538 (3)<\/p>\n<p>Le 6 aout 2009, Robert P. Jackson, diplomate am\u00e9ricain en poste \u00e0 Rabat adressait un t\u00e9l\u00e9gramme inqui\u00e9tant \u00e0 Washington au sujet de la situation des droits de l\u2019homme au Maroc dans le cadre de la lutte anti-terroriste. Il mentionnait divers entretiens notamment avec des diplomates belges qui critiquaient vivement un proc\u00e8s en cours concernant un Belgo-Marocain : Abdelkader Belliraj. Nos compatriotes Daniel Bernard, haut magistrat, ancien membre du parquet f\u00e9d\u00e9ral, et le consul belge, Johan Jacobs, s\u2019\u00e9tonnaient en ch\u0153ur du caract\u00e8re exp\u00e9ditif de ce jugement, des all\u00e9gations g\u00e9n\u00e9ralis\u00e9es de mauvais traitements, et de ce que le jugement aurait \u00e9t\u00e9 dict\u00e9 pr\u00e9alablement par le ministre de l\u2019int\u00e9rieur du Maroc. Ah ! Quelle belle information ! Le secret des relations diplomatiques est d\u00e9voil\u00e9 par ces forbans de la flibuste Wikileaks qui s\u2019immiscent au c\u0153ur de nos valses et pudibonderies internationales. Mais comment peut-on encore faire de la Realpolitik avec de tels d\u00e9linquants ? Don le chef, en plus, se livre \u00e0 la fornication des pays nordiques, sans pr\u00e9servatifs ?<br \/>\nLa piraterie de l\u2019un ne serrait-elle pas bonne pour l\u2019autre\u2026 en une esp\u00e8ce de r\u00e9p\u00e9tition in\u00e9luctable du \u00ab deux poids, deux mesures \u00bb ?<br \/>\nJ\u2019imagine alors que ce ne sont plus les vacarmes festifs des pirates enivr\u00e9s qui emp\u00eachent nos consuls de dormir, dans la douce nuit estivale autour des rives du fleuve Bouregreg, \u00e0 Rabat-la-Capitale, \u00ab Sal\u00e9-le-Neuf \u00bb, \u00ab Sla-El-Djedid \u00bb ? Mais bien les inqui\u00e9tudes de condamnations in\u00e9quitables et les crises de souffrance de nos compatriotes mis aux fers.<\/p>\n<p><strong>5.<\/strong> En 1624, un certain Mijnheer Jans, originaire de Hollande, devint le premier pr\u00e9sident et amiral de la R\u00e9publique pirate de Sal\u00e9. Il fut \u00e9lu par se compagnons selon la r\u00e8gle pirate d\u00e9mocratique. La r\u00e9publique pirate \u00e9tait gouvern\u00e9e par quatorze d\u2019entre eux et Jans prit le nom de Mourad Ra\u00efs. Sujets de l\u2019empereur du Maroc, ils b\u00e9n\u00e9ficiaient des avantages li\u00e9s \u00e0 cette suj\u00e9tion, notamment ceux issus d\u2019un trait\u00e9 de paix sign\u00e9 entre le Maroc et le Hollande, qui permettait \u00e0 Jans de jouir de toutes les facilit\u00e9s des ports n\u00e9erlandais.<br \/>\nJans avait d\u2019ailleurs commenc\u00e9 sa carri\u00e8re comme corsaire au service de la Hollande, mais il prit bien vite sa libert\u00e9 pour attaquer tous les rafiots remplis de richesses, y compris ceux de son \u00c9tat d\u2019origine. On le d\u00e9crit comme un homme charismatique, courageux, sans doute anim\u00e9 de ferveur politique r\u00e9volutionnaire, mais surtout b\u00e9ni par le dieu le plus appr\u00e9ci\u00e9 des pirates : la chance.<br \/>\nJans, dit Mourad Ra\u00efs, voyageait constamment entre Sal\u00e9-le-Vieux et Alger, empruntant le d\u00e9troit de Gibraltar, point de passage oblig\u00e9 de nombreux navires commerciaux magnifiques et all\u00e9chants. Ancien compagnon des pirates alg\u00e9rois, il b\u00e9n\u00e9ficiait d\u2019une esp\u00e8ce de double nationalit\u00e9 le faisant jouir des trait\u00e9s que de son c\u00f4t\u00e9 Alger avait pass\u00e9s avec d\u2019autres puissances, dont la France.<br \/>\nProfitant des multiples r\u00e8gles de droit, Mourad Ra\u00efs jouissait d\u2019une certaine prosp\u00e9rit\u00e9 jusqu\u2019\u00e0 ce qu\u2019une lubie le m\u00e8ne \u00e0 imaginer une exp\u00e9dition contre l\u2019Islande afin de mettre \u00e0 Sac Reykjavik !<\/p>\n<p><a href=\"http:\/\/www.egalite.be\/wp-content\/uploads\/2013\/02\/8132486515_d8ef9ae01c_b.jpg\"><img decoding=\"async\" alt=\"8132486515_d8ef9ae01c_b\" src=\"http:\/\/www.egalite.be\/wp-content\/uploads\/2013\/02\/8132486515_d8ef9ae01c_b.jpg\" width=\"245\" height=\"368\" \/><\/a><\/p>\n<p><strong>6.<\/strong> La veille de Noel 2009, un 24 d\u00e9cembre comme un autre\u2026 pour moi, un 24 d\u00e9cembre \u00e0 nul autre pareil.<br \/>\nJ\u2019\u00e9tais en famille dans l\u2019attente de la naissance de J\u00e9sus Christ mais surtout de celle de ma petite fille\u2026 pas tr\u00e8s enjou\u00e9, faisant bonne figure\u2026 mais le c\u0153ur n\u2019y \u00e9tait pas. Ali Aarrass, un Belgo-Marocain, subissait son dixi\u00e8me jour de torture dans les ge\u00f4les inf\u00e2mes de la banlieue de Rabat : la prison secr\u00e8te de Temara.<br \/>\nLe procureur g\u00e9n\u00e9ral pr\u00e8s de la cour d\u2019appel de Rabat voulait qu\u2019il soit jug\u00e9 \u00e0 Sal\u00e9 ! Pour des faits de terrorisme. Il aurait \u00e9t\u00e9 un bras droit du fameux Belliraj dont le proc\u00e8s inique agit les discussions des consuls de Rabat-la-Capitale, Sal\u00e9-le-Neuf, Sla-el-Djedid.<br \/>\nAli Aarrass avait \u00e9t\u00e9 extrad\u00e9 par l\u2019Espagne en violation du jus cogens, les r\u00e8gles ind\u00e9rogeables du droit international. Pourtant nous avions saisi en urgence le Comit\u00e9 des droits de l\u2019homme des Nations unies (4). En actionnant la saisine sur plainte individuelle, proc\u00e8dure dont la cr\u00e9ation avait \u00e9t\u00e9 appel\u00e9e de ses v\u0153ux, d\u00e8s en 1968, par le b\u00e2tonnier Baugniet (5). Le Comit\u00e9 avait enjoint au royaume espagnol de ne pas extrader Ali Aarrass vers le Maroc, pays de la torture. Zapatero n\u2019en eut rien \u00e0 faire et envoya Ali vers ses bourreaux.<br \/>\nVoila notre compatriote aux mains de la D.S.T. marocaine, direction de la surveillance du territoire, organe du tout puissant minist\u00e8re de l\u2019Int\u00e9rieur du royaume ch\u00e9rifien du Maroc. Celui qui dicte les jugements \u00e0 l\u2019avance.<br \/>\nPendant douze jours, le d\u00e9tenu Ali Aarrass fut frapp\u00e9 durement aux extr\u00e9mit\u00e9s des membres, et aux tempes<br \/>\n-Vas-tu parler Ali ?<br \/>\nDes hommes en blouses blanches lui inocul\u00e8rent des substances chimiques<br \/>\n-Pour que tu parles Ali !<br \/>\nOn l\u2019accrocha par les pieds au plafond et ils cass\u00e8rent des b\u00e2tons sur son dos<br \/>\n-Alors Ali, tu vas nous dire !<br \/>\n<strong>Et on enfon\u00e7a dans son anus une bouteille en verre<\/strong><br \/>\n-Alors \u00e7a y\u2019est ! Tu as parl\u00e9 Ali ! Signe ici\u2026<\/p>\n<p><strong>7. <\/strong>Mourad Ra\u00efs, en vue de sa folle \u00e9quip\u00e9e, arma deux navires et prit discr\u00e8tement la route de l\u2019Islande en 1627. P\u00e9riple incroyable et p\u00e9rilleux pour atteindre de froids horizons !<br \/>\nNous ne poss\u00e9dons aucune indication sur la dur\u00e9e de ce voyage. Bien s\u00fbr, on fit quelques prises en cours de route. Comme tout capitaine de vaisseau pirate, Jans sait comment traiter ses hommes. Pour reprendre quelques mots du journal de bord, tenu par un autre fameux flibustier, Barbe-Noire (6):<br \/>\n\u00ab Quelle journ\u00e9e ! Nous avons bu tout le rhum\u2026 Aujourd\u2019hui presque personne n\u2019est ivre.<br \/>\n-Quel sacr\u00e9 d\u00e9sordre !<br \/>\n-Ces coquins complotent.<br \/>\n-Aujourd\u2019hui on parle beaucoup de se s\u00e9parer ; une prise serait la bienvenue \u00bb<br \/>\nLe lendemain :<br \/>\n\u00ab Dure journ\u00e9e !<br \/>\n-Nous avons fait une prise et avons trouv\u00e9 \u00e0 bord quantit\u00e9 de liqueur.<br \/>\n-L\u2019\u00e9quipage a beaucoup bu.<br \/>\n-Tout va bien ! \u00bb<br \/>\nMais dans la Manche, des vents contraires oblig\u00e8rent Jans \u00e0 mouiller \u00e0 Rotterdam. Vu son statut de sujet de l\u2019empereur marocain, Mourad Ra\u00efs b\u00e9n\u00e9ficiait des droits de facilit\u00e9 de port, et il se fit donc annoncer et recevoir dignement. On raconte que les premiers visiteurs \u00e0 montrer \u00e0 bord furent son \u00e9pouse hollande, Mevrouw Jans et tous ses petits Jans, qui lui demand\u00e8rent d\u2019abandonner son navire et rejoindre la vie \u00e0 terre. Il fit mine de s\u2019ex\u00e9cuter, avec son \u00e9quipage qui parti \u00e9cumer les tavernes. Mais au petit matin, ils fil\u00e8rent tous vers leurs navires, embarqu\u00e8rent \u00e0 l\u2019anglais, non sans avoir au pr\u00e9alable convaincu la plus belle jeunesse de Rotterdam de les rejoindre afin de mettre les voiles vers l\u2019Islande !<\/p>\n<p><img decoding=\"async\" alt=\"http:\/\/www.dji.nl\/Images\/PI%20Rijnmond%20De%20Schie_tcm93-173261.jpg\" src=\"http:\/\/www.dji.nl\/Images\/PI%20Rijnmond%20De%20Schie_tcm93-173261.jpg\" width=\"397\" height=\"316\" \/><\/p>\n<p><strong>8.<\/strong> Lors de mon dernier voyage \u00e0 Rotterdam, au printemps 2012, j\u2019ai visit\u00e9 Abderrahim Bekhti, emprisonn\u00e9 \u00e0 \u00ab De Schie \u00bb la fameuse prison de haute s\u00e9curit\u00e9 des Pays-Bas. Le p\u00e9nitencier est situ\u00e9 \u00e0 c\u00f4t\u00e9 d\u2019un paisible cours d\u2019eau sur lequel nagent de beaux oiseaux : le charme absolu de la Hollande et de ses canaux ! Le b\u00e2timent est entour\u00e9 de maudits murs de b\u00e9ton de trois m\u00e8tres de large et de six m\u00e8tres de haut\u2026 J\u2019ai cru me trouver face au mur de la honte \u00e9rig\u00e9 en Palestine ! L\u2019ensemble fait penser \u00e0 un a\u00e9roport r\u00e9gional des ann\u00e9es 1980 : un immeuble de forme carr\u00e9e, quatre \u00e9tages, avec des vitres blind\u00e9es fum\u00e9es, bien entendu de couleur orange. Pour entrer dans la forteresse, il faut convenir d\u2019un rendez-vous et arriver \u00e0 l\u2019heure, d\u00e9fi quasi impossible dans le d\u00e9dale des rings et \u00e9changeurs autoroutiers qui cernent ledit bagne.<br \/>\nAbderahim Bekhti est d\u00e9tenu \u00e0 la demande du procureur g\u00e9n\u00e9ral de Rabat (encore lui !), qui a \u00e9mis un mandat d\u2019arr\u00eat extraditionnel, mon client \u00e9tant suspect\u00e9 d\u2019\u00eatre le bras financier du sieur Belliraj (encore lui !) dont j\u2019ai parl\u00e9. Il est en isolement sensoriel, appel\u00e9 \u00e9galement \u00ab torture blanche \u00bb. Il moisit dans une mini-cellule, sans lumi\u00e8re du jour si ce n\u2019est las lueur que diffuse un vasistas fum\u00e9, de couleur orange. Cette lucarne s\u2019ouvre dans un deuxi\u00e8me mur de b\u00e9ton. Gris, sans aucune lumi\u00e8re du jour. On lui jette la nourriture, comme \u00e0 un chien, par le petit judas de la lourde porte blind\u00e9e qui cl\u00f4t sa cellule. La seule promenade autoris\u00e9e se passe dans un espace de quatre m\u00e8tres sur quatre, dont le haut est ferm\u00e9 sur le dessus par une lourde grille. L\u00e0 il peut tourner comme une b\u00eate, et d\u00e9lasser ses muscles. C\u2019est la \u00ab T.A. \u00bb, \u00ab Terrorisme Afdeling \u00bb, section la plus ferm\u00e9e de la prison de haute s\u00e9curit\u00e9 des Pays-Bas.<br \/>\nPourtant, en Belgique, M. Bekhti a \u00e9t\u00e9 enferm\u00e9 \u00e0 Bruxelles dans des conditions quasi similaires, \u00e0 partir du 28 novembre 2008, du chef du m\u00eame titre de d\u00e9tention : le mandat d\u2019arr\u00eat du procureur g\u00e9n\u00e9ral de Rabat ! En trois mois, la cour d\u2019appel de Bruxelles ne fit qu\u2019une bouch\u00e9e de cette situation. Trois juges boucaniers, Bouche, Salmon et Vermylen, consid\u00e8rent les mesures de d\u00e9tention \u00e0 l\u2019isolement n\u2019\u00e9tait pas justifi\u00e9es par la simple accusation de \u00ab terrorisme \u00bb, issue des autorit\u00e9s marocaines. Et ils d\u00e9cid\u00e8rent que les \u00ab mesures dont il (fait) faisait l\u2019objet portent (sont susceptibles de porter) atteinte \u00e0 son int\u00e9grit\u00e9 physique et mentale (7)\u00bb. Et la chambre des mises en accusation emboita le pas en refusant de donner suite \u00e0 la demande d\u2019extradition marocaine, notamment au vu du caract\u00e8re politique du proc\u00e8s Belliraj au Maroc. Malheureusement, aux Pays-Bas ; comme quoi on n\u2019est finalement pas si mal \u00e0 la maison, la proc\u00e9dure fut beaucoup plus lente. Finalement apr\u00e8s 141 jours de d\u00e9tention avilissante, par une d\u00e9cision surprenante rendue sur les bancs, le 23 aout 2012, le tribunal d\u2019arrondissement de Roermond rejeta l\u2019odieuse demande marocaine. Il sortit du tribunal imm\u00e9diatement et se jeta face contre sol, remerciant Allah. Je le ramenai derechef et en catimini en Belgique, dans mon auto, sans retourner chercher des menus effets \u00e0 \u00ab De Schie \u00bb, l\u2019immonde prison de haute s\u00e9curit\u00e9 des Pays-Bas.<\/p>\n<p><img decoding=\"async\" alt=\"http:\/\/www.freeali.eu\/wp-content\/uploads\/2012\/10\/lib%C3%A9rez-Bekhti-jm-28-octobre-ambassade-du-Maroc.jpg\" src=\"http:\/\/www.freeali.eu\/wp-content\/uploads\/2012\/10\/lib%C3%A9rez-Bekhti-jm-28-octobre-ambassade-du-Maroc.jpg\" width=\"356\" height=\"525\" \/><\/p>\n<p><strong>9.<\/strong> Entre temps, durant l\u2019\u00e2ge d\u2019or de la piraterie \u00e0 Sal\u00e9, en 1627, Mijnheer Jans, que nous avons laiss\u00e9 il y\u2019a un instant mettant les voiles sur l\u2019Islande, continue son formidable p\u00e9riple. Le vent, la pluie, la neige et le gel n\u2019\u00e9mouss\u00e8rent pas la hardiesse du capitaine Jans qui r\u00e9alisa sa lubie. On raconte que Reykjavic fut pill\u00e9e mais que le butin ne fut r\u00e9duit qu\u2019\u00e0 du poisson sal\u00e9 et quelques peaux de b\u00eate\u2026<br \/>\nMalheureusement pour lui, \u00e0 Sal\u00e9-le-Vieux, le capitaine Jans, Mourad Ra\u00efs, avait \u00e9t\u00e9 renvers\u00e9. Profitant de son absence prolong\u00e9e, un nouveau gouvernement aux ordres du saint local, le c\u00e9l\u00e8bre cheik Ayachi, h\u00e9ros du djihad contre les Espagnols, avait d\u00e9tr\u00f4n\u00e9 la jeune r\u00e9publique pirate. Mourad Ra\u00efs se r\u00e9fugia \u00e0 Alger.<\/p>\n<p><strong>10.<\/strong> Ayachi, grand saint gu\u00e9risseur de Sal\u00e9-le-Vieux. Peu de hasard dans mon existence d\u2019avocat\u2026<br \/>\nEn 2009, je visite au sud de Naples, dans une autre prison de haute s\u00e9curit\u00e9, italienne cette fois, un Franco-Syrien r\u00e9sidant en Belgique, le cheik Ayachi. Celui-ci est connu, car il a fond\u00e9 le centre islamique belge. Jouissant d\u2019une renomm\u00e9e internationale de sagesse et d\u2019ind\u00e9pendance religieuse, il est fortement surveill\u00e9 par la justice belge. Celle-ci pense que cet agitateur forme id\u00e9ologiquement des kamikazes afin de perp\u00e9trer des attentats de par le monde, en vue du djihad global. Je trouve un homme malade, mais surtout dot\u00e9 d\u2019un humour \u00e0 toute \u00e9preuve. Il est suspect\u00e9 d\u2019\u00eatre le chef d\u2019Al Qa\u00efda en Belgique. Et sera jug\u00e9 de ce chef par la justice italienne ! L\u2019accusation est bas\u00e9e sur des bribes de dossiers judiciaires belges faisant \u00e9tat des rumeurs que j\u2019ai mentionn\u00e9es : il serait l\u2019id\u00e9ologue d\u2019Al Qa\u00efda en Belgique et formerait kamikazes !<\/p>\n<p><img decoding=\"async\" alt=\"http:\/\/static.skynetblogs.be\/media\/189094\/323134677.JPEG\" src=\"http:\/\/static.skynetblogs.be\/media\/189094\/323134677.JPEG\" \/><br \/>\nDes rumeurs, des rumeurs\u2026 Nos d\u00e9mocraties peuvent-elles condamner un homme en se basant sur des rumeurs ?<br \/>\nC\u2019est que je ne vous ai pas tout dit. La preuve ma\u00eetresse du dossier italien consiste en des \u00e9coutes directes, enregistrements r\u00e9alis\u00e9s par une prouesse technologique toute italienne alors que M. Ayachi \u00e9tait en prison. Gr\u00e2ce \u00e0 des appareils derniers cri et de micros dissimul\u00e9s, les policiers italiens ont surpris le cheikh, alors qu\u2019il pr\u00e9parait, de sa cellule, une attaque terroriste contre l\u2019A\u00e9roport Charles de Gaulle ! Avec des explosifs et des grenades ! Cette information a fait la manchette des journaux internationaux de l\u2019\u00e9poque (8) et suscit\u00e9 l\u2019ouverture d\u2019une instruction judiciaire \u00e0 Bruxelles. Mais pas \u00e0 Paris, allez savoir pourquoi !<br \/>\nLorsque j\u2019interroge M.Ayachi, dans le secret du parloir, je lui demande ce qu\u2019il en est.<br \/>\nUne lueur espi\u00e8gle s\u2019allume au fond de son \u0153il et il m\u2019explique benoitement qu\u2019il \u00e9tait en cellule et regardait un match de football avec ses cod\u00e9tenus. Qu\u2019il appr\u00e9cie beaucoup ce sport et est fana de diverses \u00e9quipes, dont des italiennes, avantage d\u2019\u00eatre d\u00e9tenu en Italie, d\u00e8s qu\u2019il allume le poste de t\u00e9l\u00e9vision il peut y regarder un bon match.<br \/>\n-Oui d\u2019accord, mais l\u2019attaque sur Charles de Gaulle ?<br \/>\n-J\u2019y viens, j\u2019y viens\u2026 ce soir l\u00e0, nous regardions un match de foot \u00e0 la t\u00e9l\u00e9, et un bon match d\u2019ailleurs, \u00e0 un moment j\u2019ai \u00e9t\u00e9 emball\u00e9 par le match et j\u2019ai cri\u00e9 : Attaque ! Attaque ! Goaaaaaaallll !<br \/>\n&#8211; [Silence de ma part] -Vous pouvez r\u00e9p\u00e9ter ?<br \/>\n&#8211; Oui j\u2019ai simplement \u00e9t\u00e9 pris par un bon match et ai cri\u00e9 : Attaque ! Attaque ! Goaaallllll !<br \/>\nEn sortant de la prison je me disais qu\u2019il s\u2019agissait d\u2019une bonne histoire et que ces types en prison, ils racontent vraiment n\u2019importe quoi. Mais pris d\u2019un acc\u00e8s de conscience professionnelle je sollicitai la production des enregistrements et une expertise ind\u00e9pendante. Celle-ci confirma ses dires\u2026 la cour d\u2019assises de Bari, saisie par le m\u00eame \u00e9tonnement commande une nouvelle expertise, judiciaire cette fois, et arriva \u00e0 la m\u00eame conclusion : \u00ab l\u2019attaque contre l\u2019a\u00e9roport Charles de Gaulle \u00bb \u00e9tait le r\u00e9sultat d\u2019une mauvaise \u00e9coute directe, arrach\u00e9e aux bruits ambigus d\u2019une cellule de prison surpeupl\u00e9e\u2026<br \/>\nEt les explosifs me direz-vous ? La pudeur m\u2019emp\u00eache de vous expliquer que M. Ayachi avait \u00e9t\u00e9 enregistr\u00e9 alors qu\u2019il blaguait simplement avec un cod\u00e9tenu sur les effets d\u00e9sastreux des grenades (le fruits !) sur son transit intestinal, et que cela occasionnait des \u00ab explosions \u00bb, euh, tr\u00e8s malodorantes\u2026 \u00e0 l\u2019arri\u00e8re de son vieux corps malade. En juin 2012, apr\u00e8s plus de trois ans pass\u00e9s dans des conditions de d\u00e9tention indigne, le cheikh Bassam Ayachi a \u00e9t\u00e9 acquitt\u00e9 par la cour d\u2019assises d\u2019appel de Bari, et a rejoint sa famille \u00e0 Bruxelles.<\/p>\n<p><strong>11.<\/strong> Malheur des d\u00e9rives de la lutte antiterroriste ! Il n\u2019y a gu\u00e8re plus que le parquet f\u00e9d\u00e9ral belge pour dire que les nouvelles lois terroristes et leur mise en \u0153uvre sont forme aux droits de l\u2019homme. Mais je ne suis pas venu ici pour me lamenter sur le flou de ces incriminations. Ni sur la d\u00e9mesure des moyens hypertechnologiques utilis\u00e9s afin de r\u00e9unir des \u00ab preuves \u00bb. Ni sur la coop\u00e9ration odieuse que le parquet f\u00e9d\u00e9ral belge met en \u0153uvre avec des \u00c9tats ou la torture y est r\u00e9alis\u00e9e de mani\u00e8re syst\u00e9matique. Ni sur l\u2019isolement sensoriel m\u00e9thodique pour les personnes accus\u00e9es de terrorisme, y compris chez nous, \u00e0 la prison de Forest, \u00e0 un jet de pierre de notre beau palais.<\/p>\n<p><strong>12.<\/strong> C\u2019est une situation bien connue de l\u2019homme que celle de se laisser aller \u00e0 paresser sur ses propres abords. Ce que l\u2019on ne connait pas effraie, et il est bien plus confortable de ne pas lever les yeux au del\u00e0 de ses propres horizons et de se satisfaire d\u2019une existence toute r\u00e9gl\u00e9e. Le voyage de Mourad Ra\u00efs \u00e9tait une folle entreprise, son mode de vie en entier \u00e9tait tourn\u00e9 vers l\u2019\u00e9clatement de ses propres limites, territoriales, religieuses, culturelles. M\u00eame si les rapines sont si douces qu\u2019il est difficile d\u2019arr\u00eater.<br \/>\nA l\u2019abordage de nos propres abords ! Voila la maxime qui me guide \u00e0 l\u2019occasion de ces combats judiciaires multiples que notre belle profession nous donne d\u2019accomplir. Il faut sortir du carcan de nos propres convictions pour les questionner et les reb\u00e2tir. Une seconde d\u00e9passer ses propres abords. Ce qui m\u2019emp\u00eache de dormir, depuis si longtemps, m\u00eame dans la douce nuit de Sal\u00e9-le-Vieux, est comme une agitation int\u00e9rieure, une obsession, une faille.<br \/>\nEt ce m\u00e9tier me permet de la sonder. L\u2019avocat qui sommeille en moi s\u2019\u00e9vertue \u00e0 traquer cette plaie, la regarder et m\u00e9diter assis sur une pierre au bord du lac blanc de l\u2019existence. Quand je songe sans sommeil aux calvaires de mes fr\u00e8res humains, quand je revis le martyre de mon fr\u00e8re, mon compatriote, Ali, je me ronge et bondis et trouve quelque apaisement \u00e0 fomenter des nouvelles rapines judiciaires. Pour ensuite en tirer une \u00e9nergie de d\u00e9fense, ou d\u2019attaque lorsqu\u2019il convient de faire barrage au cliquetis de fer et aux rouages grin\u00e7ants, engrenages bruyants d\u2019une justice p\u00e9nale qui \u00e9crase. Il faut alors pr\u00e9parer une barre du m\u00eame acier tremp\u00e9 et la ficher d\u2019un geste habile et ferme \u00e0 l\u2019endroit qui dans un fracas soudain stoppera la belle machine de fer et de sang et stoppera l\u2019\u00e9crasement. En une esp\u00e8ce de gu\u00e9rilla judiciaire, de flibuste t\u00e9m\u00e9raire, et audacieuse, l\u2019avocat est le grain de sable qui d\u00e9raille la m\u00e9canique fluide, paresseuse et d\u00e9termin\u00e9e de la justice aveugle.<\/p>\n<p><img decoding=\"async\" alt=\"http:\/\/www.freeali.eu\/wp-content\/uploads\/2012\/09\/6ieme-audience-Christophe.jpg\" src=\"http:\/\/www.freeali.eu\/wp-content\/uploads\/2012\/09\/6ieme-audience-Christophe.jpg\" width=\"421\" height=\"316\" \/><br \/>\nMais il ne suffit pas de m\u00e9diter, l\u2019avocat tire son pouvoir de nuisance, de son arrogance, de son go\u00fbt de la s\u00e9duction, de sa force de persuasion, afin qu\u2019avec des mots il puisse casser, brise les funestes desseins de l\u2019injustice et de sa gueule monstrueuse remplie de dents ac\u00e9r\u00e9es r\u00e9clament encore plus de chairs \u00e0 broyer.<br \/>\nNous devons trouver l\u2019oreille du juge, pas pour la lui tirer, mais bien pour qu\u2019il \u00e9coute. Un juge ? Il faut l\u2019apprivoiser et l\u2019approvisionner. Mon Ma\u00eetre (maintenant je peux vous le dire, je l\u2019ai convi\u00e9e secr\u00e8tement des le d\u00e9but de ce discours, et elle virevolte dans cette salle, de sa petite pr\u00e9sence \u00e9mouvante), Ma\u00eetre Anne Krywin, disait : \u00ab un magistrat ne vous \u00e9coutera r\u00e9ellement, ne se laissera mener sur vos rivages, qu\u2019apr\u00e8s une altercation violente, une bravade l\u00e9gitime, un coup de griffe ou de bec aux sages convenances. C\u2019est \u00e0 ce moment seulement, sale b\u00eate libre et teigneuse, qu\u2019il vous respectera. Mais alors, alors il hissera plus haut, bien plus haut que vous ne le pourrez jamais le drapeau noir de la libert\u00e9 \u00bb<br \/>\nLe juge ne fera jamais rien d\u2019autre que ce que vous lui demanderez \u2013 h\u00e9 donc demandez ! \u2013 mais ce jour-l\u00e0, m\u00e9fiez-vous, ou peut-\u00eatre, au fond, r\u00e9jouissez-vous ! D\u00e8s que la saisine le prend, la libert\u00e9 que vous lui donnez est audacieuse \u2013 pour votre th\u00e8se, pour l\u2019int\u00e9r\u00eat que vous d\u00e9fendez \u2013 car lorsque le juge se lance \u00e0 l\u2019abordage et quitte ses abords, et se pique de piraterie, c\u2019est l\u2019\u00c9tat qui tremble et plie le genou.<\/p>\n<p><strong>13.<\/strong> Peu \u00e0 peu, l\u2019\u00e2ge d\u2019or de la piraterie prend fin : l\u2019ordre, la stabilit\u00e9, la r\u00e9gularit\u00e9 du commerce international ne pouvaient plus s\u2019accommoder de ces libres boucaniers festoyeurs. Exit le fameux capitaine Misson qui avait cr\u00e9e Libertalia, la cit\u00e9 pirate utopique ou le pirate Salmon, qui refusait de se d\u00e9coiffer devant le Tout-Puissant ! La soci\u00e9t\u00e9 de plus en plus ordonn\u00e9e ne supporte plus les pirates, ceux qui rejettent explicitement l\u2019\u00c9tat et lui d\u00e9clarent la guerre. Ainsi en va-t-il des avocats et des juges pirates. Nos d\u00e9mocraties \u00ab lib\u00e9rales \u00bb, cherchent \u00e0 tout r\u00e9gir et \u00e0 ce qu\u2019une bonne gouvernance ordonn\u00e9e, sage, confortable, r\u00e9glemente toutes les facettes de nos existences.<br \/>\nOn peut s\u2019offusquer de ce que Wikileaks brise un tabou des relations internationales : le secret. Mais ces rapines \u00e9lectroniques ne font que r\u00e9pondre \u00e0 la technologie envahissant nos vies professionnelles et priv\u00e9es. Les consuls de notre \u00e9poque ne semblent pas avoir le sommeil troubl\u00e9 par les cris de mis\u00e8res des damn\u00e9s de la terre. Si toute v\u00e9rit\u00e9 est bonne \u00e0 entendre, il faut d\u2019abord la dire, et rompre ce secret permet de d\u00e9busquer les coupables de d\u00e9sinvoltures.<br \/>\nJe reste boulevers\u00e9 de l\u2019inaction des diplomates et hommes politiques belges face \u00e0 la situation de Ali Aarrass. Nous savons, gr\u00e2ce \u00e0 Wikileaks, qu\u2019ils sont parfaitement au courant de son calvaire judiciaire. Mais pas un ne met en cause les autorit\u00e9s marocaines pour faire cesser ce scandale ! Pas un ne s\u2019insurge publiquement contre cette situation intol\u00e9rable ! Sauf un avocat ! M. le b\u00e2tonnier Vandenberghe, alors s\u00e9nateur, qui interpellait le ministre de la Justice, le 4 mars 2010 afin de le mettre en garde des risques pour le respect du proc\u00e8s \u00e9quitable d\u2019une collaboration entre les autorit\u00e9s judiciaires belges et marocaines dans le proc\u00e8s Belliraj (9) .<\/p>\n<p><img decoding=\"async\" alt=\"http:\/\/2.bp.blogspot.com\/-2vAGRN44m0o\/UMnetleWR2I\/AAAAAAAABaQ\/kEN2va7qQ4Q\/s1600\/groupe+9+d%C3%A9cembre.jpg\" src=\"https:\/\/lh3.ggpht.com\/-2vAGRN44m0o\/UMnetleWR2I\/AAAAAAAABaQ\/kEN2va7qQ4Q\/s1600\/groupe+9+d%C3%A9cembre.jpg\" width=\"346\" height=\"210\" \/><br \/>\nOn peut trouver malodorant de fr\u00e9quenter et d\u00e9fendre des islamistes. Cat\u00e9goriser est tellement simple et trouver un ennemi qui est si diff\u00e9rent bien commode. L\u2019avocat brise ses propres rivages et fait un pas vers l\u2019autre, celui qui est diff\u00e9rent et souvent, pour le p\u00e9naliste, celui qui a commis les plus lourdes fautes. Il s\u2019agit alors de tendre la main, de l\u2019\u00e9couter, mais aussi de dire, de toujours rester ancr\u00e9 dans ses propres convictions ! Le ren\u00e9gat tourne sa casaque, l\u2019avocat toujours vit de son serment, et garde sa libert\u00e9, son irr\u00e9v\u00e9rence et son franc-parler.<br \/>\nOn peut s\u00e9v\u00e8rement critiquer l\u2019avocat proc\u00e9durier qui cherche et rapine dan le Code d\u2019instruction criminelle afin de faire tomber une accusation. De plus en plus de voix s\u2019\u00e9l\u00e8vent contre ce qui est condamn\u00e9 comme des \u00ab abus de proc\u00e9dure \u00bb. La proc\u00e9dure est le prix \u00e0 payer pour la libert\u00e9, disait Montesquieu. Il nous appartient de ferrailler. Ne pas \u00eatre radicale dans la d\u00e9fense laisse la place \u00e0 une mollesse funeste peu compatible avec nos missions de d\u00e9fense.<br \/>\nAujourd\u2019hui, face \u00e0 un \u00c9tat qui r\u00eave de r\u00e9genter tous les aspects de notre existence, face \u00e0 la d\u00e9mesure des moyens technologiques \u00e0 la disposition et cette obsession de l\u2019ordre et de la temp\u00e9rance non seulement des passions, mais aussi du gentil petit quotidien de nos vies priv\u00e9es, partons \u00e0 l\u2019abordage ! Mettons \u00e0 sac ce palais de justice ! Prenons \u00e0 chaque instant notre libert\u00e9 de parole et \u00e9crivons et disons sans d\u00e9tour ce que nous pensons.<br \/>\nJe ne r\u00e9siste pas \u00e0 l\u2019envie de vous quitter en mettant mes pas dans ceux de l\u2019un des plus illustres d\u2019entre nous. En 1968, \u00e0 cette m\u00eame tribune, le b\u00e2tonnier Jakhian vous disait : \u00ab Tant qu\u2019il y aura (\u2026) un seul homme qui sera bafou\u00e9 avec la complicit\u00e9 des indiff\u00e9rents et des discoureurs, personne n\u2019aura le droit de se porter en accusateur ou en thurif\u00e9raire. Ou alors taisons-nous. Continuons \u00e0 aimer notre soif de plus de bien-\u00eatre, de plus de loisirs, de plus de confort, mais, dans le m\u00eame temps, r\u00e9apprenons \u00e0 ramper pour que nous puissions nous ex\u00e9cuter, lorsque ceux que nous aurons laiss\u00e9 faire s\u2019imposeront \u00e0 nous. Car ne vous y trompez, ceux la seront toujours au rendez-vous \u00bb (10).<\/p>\n<p>Me Christophe Marchand<\/p>\n<p><a href=\"http:\/\/www.freeali.eu\/wp-content\/uploads\/2013\/02\/marchand.jpg\"><img decoding=\"async\" title=\"marchand\" alt=\"\" src=\"http:\/\/www.freeali.eu\/wp-content\/uploads\/2013\/02\/marchand-300x169.jpg\" width=\"300\" height=\"169\" \/><\/a><\/p>\n<p>&nbsp;<\/p>\n<p>(1)Les r\u00e9f\u00e9rences historiques qui suivent sont librement inspir\u00e9es de : P.LAMBERT WILSON, Utopies pirates, corsaires maures et renegados, Dagorno, 1998 ; 139 pages et Bastions pirates \u2013 Une histoire libertaire de la piraterie, Aden, 2005, 62 pages.<br \/>\n(2)R.COINDREAU, Les corsaires de Sal\u00e9, Soci\u00e9t\u00e9 d\u2019\u00e9ditions g\u00e9ographiques, maritimes et coloniales, Paris, 1948.<br \/>\n(3)Ceci se lit en anglais<br \/>\n(4)Comit\u00e9 des droits de l\u2019homme, Nations Unis, Aarrass c. Espagne, G\/SO 215\/51 ESP (117), 26 novembre 2010, in\u00e9dit<br \/>\n(5)J.BAUGNIET, \u00ab R\u00e9ponse au discours de rentr\u00e9e de Me Edouard Jakhian, \u00ab Pourquoi Ca\u00efn ? \u00bb, discours prononc\u00e9 \u00e0 la s\u00e9ance solennelle de rentr\u00e9e du 8 novembre 1968, J.T., 9 novembre 1948, p. 610.<br \/>\n(6)D. DE FOE, Les chemins de fortune \u2013 Histoire g\u00e9n\u00e9rale des plus fameux pirates, t.l, Libella (Poche), Paris, 2002, p. 123.<br \/>\n(7)Bruxelles (appel des r\u00e9f\u00e9r\u00e9s), 21 f\u00e9vrier 2009, Bekhti c. Etat belge, arr\u00eat n\u00b0 2009\/1363, R.G. n\u00b0 2009\/KR\/31, in\u00e9dit<br \/>\n(8)Le Monde, 12 mai 2009 et 14 mai 2009.<br \/>\n(9)S\u00e9nat de Belgique, Ann. Parl., sess. Pl\u00e9n., questions d\u2019actualit\u00e9, 4 mars 2010, n\u00b04-130<br \/>\n(10)EDOUARD JAKHIAN, \u00ab Pourquoi Ca\u00efn ? \u00bb, discours prononc\u00e9 \u00e0 la s\u00e9ance solennelle de rentr\u00e9e du 8 novembre 1968, J.T., 9 novembre 1948, p. 610.<\/p>\n<h3>P\u00e9tition pour Ali -&gt; <a href=\"http:\/\/www.petitions24.net\/liberez_ali_aarrass\">http:\/\/www.petitions24.net\/liberez_ali_aarrass<\/a><\/h3>\n<p><a href=\"http:\/\/www.freeali.eu\/?p=2854\">Le superbe clip des Dalidettes pour Ali Aarrass ! \u00ab\u00a0Laissez-le rentrer\u00a0\u00bb<\/a><\/p>\n<p><a href=\"http:\/\/www.egalite.be\/?p=5342\"><b>Notre question sur le Maroc au Ministre Reynders, sa r\u00e9ponse <\/b><\/a><\/p>\n<p><img decoding=\"async\" alt=\"https:\/\/fbcdn-sphotos-h-a.akamaihd.net\/hphotos-ak-prn1\/397420_10200301223793868_719181662_n.jpg\" src=\"https:\/\/fbcdn-sphotos-h-a.akamaihd.net\/hphotos-ak-prn1\/397420_10200301223793868_719181662_n.jpg\" width=\"365\" height=\"494\" \/><\/p>\n","protected":false},"excerpt":{"rendered":"<p>La r\u00e9publique pirate de Rabat-Sal\u00e9 : variations \u00e0 partir du djihad mauresque de Me Christophe Marchand, avocat f\u00e9vrier 1, 2013 |<\/p>\n","protected":false},"author":1,"featured_media":564,"comment_status":"open","ping_status":"open","sticky":false,"template":"","format":"standard","meta":{"footnotes":""},"categories":[24,36,4,8,18,28],"tags":[],"class_list":["post-589","post","type-post","status-publish","format-standard","has-post-thumbnail","hentry","category-belgique-maroc","category-europe","category-islamophobie","category-prisons","category-resistance-bruxelles","category-racismes"],"_links":{"self":[{"href":"https:\/\/bruxelles-pantheres.be\/index.php?rest_route=\/wp\/v2\/posts\/589","targetHints":{"allow":["GET"]}}],"collection":[{"href":"https:\/\/bruxelles-pantheres.be\/index.php?rest_route=\/wp\/v2\/posts"}],"about":[{"href":"https:\/\/bruxelles-pantheres.be\/index.php?rest_route=\/wp\/v2\/types\/post"}],"author":[{"embeddable":true,"href":"https:\/\/bruxelles-pantheres.be\/index.php?rest_route=\/wp\/v2\/users\/1"}],"replies":[{"embeddable":true,"href":"https:\/\/bruxelles-pantheres.be\/index.php?rest_route=%2Fwp%2Fv2%2Fcomments&post=589"}],"version-history":[{"count":1,"href":"https:\/\/bruxelles-pantheres.be\/index.php?rest_route=\/wp\/v2\/posts\/589\/revisions"}],"predecessor-version":[{"id":590,"href":"https:\/\/bruxelles-pantheres.be\/index.php?rest_route=\/wp\/v2\/posts\/589\/revisions\/590"}],"wp:featuredmedia":[{"embeddable":true,"href":"https:\/\/bruxelles-pantheres.be\/index.php?rest_route=\/wp\/v2\/media\/564"}],"wp:attachment":[{"href":"https:\/\/bruxelles-pantheres.be\/index.php?rest_route=%2Fwp%2Fv2%2Fmedia&parent=589"}],"wp:term":[{"taxonomy":"category","embeddable":true,"href":"https:\/\/bruxelles-pantheres.be\/index.php?rest_route=%2Fwp%2Fv2%2Fcategories&post=589"},{"taxonomy":"post_tag","embeddable":true,"href":"https:\/\/bruxelles-pantheres.be\/index.php?rest_route=%2Fwp%2Fv2%2Ftags&post=589"}],"curies":[{"name":"wp","href":"https:\/\/api.w.org\/{rel}","templated":true}]}}