{"id":5911,"date":"2024-03-19T22:04:04","date_gmt":"2024-03-19T21:04:04","guid":{"rendered":"https:\/\/bruxelles-pantheres.be\/?p=5911"},"modified":"2024-03-19T22:04:04","modified_gmt":"2024-03-19T21:04:04","slug":"le-faux-proces-fait-a-judith-butler","status":"publish","type":"post","link":"https:\/\/bruxelles-pantheres.be\/?p=5911","title":{"rendered":"Le faux proc\u00e8s fait \u00e0 Judith Butler"},"content":{"rendered":"<p>Condamner la philosophe queer pour avoir d\u00e9clar\u00e9 que le 7 octobre \u00ab\u00e9tait un acte de r\u00e9sistance arm\u00e9e\u00bb rel\u00e8ve de la malhonn\u00eatet\u00e9 intellectuelle. C\u2019est taire sa condamnation des atrocit\u00e9s du Hamas, son engagement pour la paix et son soutien \u00e0 la coexistence des Isra\u00e9liens et Palestiniens, rappelle un collectif d\u2019universitaires dans une\u00a0<a href=\"https:\/\/www.liberation.fr\/idees-et-debats\/tribunes\/laure-murat-annie-ernaux-etienne-balibar-60-intellectuels-denoncent-un-faux-proces-fait-a-judith-butler-20240314_NTHOCHUE3RA7VI72ICKATUKU4A\/\" target=\"_blank\" rel=\"noopener noreferrer\">tribune publi\u00e9e le 14 mars dans Lib\u00e9ration<\/a>.<!--more--><\/p>\n<div class=\"post-thumbnail\"><img decoding=\"async\" class=\"attachment-post-thumbnail size-post-thumbnail wp-post-image aligncenter\" src=\"https:\/\/aurdip.org\/wp-content\/uploads\/2024\/03\/LYNSOEPYFVG4PIYZDBZ4BQ7RF4.jpg\" sizes=\"(max-width: 1024px) 100vw, 1024px\" srcset=\"https:\/\/aurdip.org\/wp-content\/uploads\/2024\/03\/LYNSOEPYFVG4PIYZDBZ4BQ7RF4.jpg 1024w, https:\/\/aurdip.org\/wp-content\/uploads\/2024\/03\/LYNSOEPYFVG4PIYZDBZ4BQ7RF4-200x300.jpg 200w, https:\/\/aurdip.org\/wp-content\/uploads\/2024\/03\/LYNSOEPYFVG4PIYZDBZ4BQ7RF4-683x1024.jpg 683w, https:\/\/aurdip.org\/wp-content\/uploads\/2024\/03\/LYNSOEPYFVG4PIYZDBZ4BQ7RF4-768x1151.jpg 768w\" alt=\"\" width=\"1024\" height=\"1535\" \/><\/div>\n<div class=\"entry-content clearfix\">\n<p>Depuis quelques jours, un faux proc\u00e8s est fait \u00e0 Judith Butler, pour ses d\u00e9clarations lors d\u2019une r\u00e9union film\u00e9e \u00e0 Pantin organis\u00e9e par plusieurs collectifs solidaires du peuple palestinien. Un extrait de cette rencontre a tourn\u00e9 en boucle sur les r\u00e9seaux sociaux, o\u00f9 la philosophe parle de l\u2019attaque du 7 octobre 2023 par le Hamas comme appartenant \u00e0 une \u00ab\u00a0r\u00e9sistance arm\u00e9e\u00a0\u00bb contre l\u2019\u00e9tat d\u2019Isra\u00ebl. Cette expression, qui a choqu\u00e9, a \u00e9t\u00e9 entendue comme une exon\u00e9ration des atrocit\u00e9s commises \u00e0 cette date, au point que son s\u00e9minaire \u00e0 l\u2019ENS a \u00e9t\u00e9 annul\u00e9 et reprogramm\u00e9 \u2013 avec son accord, afin de ne pas cr\u00e9er de confusion. Depuis, la philosophe s\u2019est exprim\u00e9e dans\u00a0<a href=\"https:\/\/blogs.mediapart.fr\/judith-butler\/blog\/110324\/apres-pantin\"><em>Mediapart<\/em><\/a>, pour clarifier sa position.<\/p>\n<p>Qu\u2019on soit d\u2019accord ou pas avec les positions de Judith Butler, il rel\u00e8ve de la malhonn\u00eatet\u00e9 intellectuelle de ne pas rappeler sa condamnation des \u00e9v\u00e9nements du 7 octobre (voir son intervention dans la\u00a0<em>London Review of Books<\/em>, reprise par\u00a0<em>AOC<\/em>) et son engagement t\u00eatu et continu pour la paix, son soutien \u00e0 la coexistence de deux peuples \u00e0 \u00e9galit\u00e9 de droits, et son militantisme pour la non-violence, dont t\u00e9moignent plusieurs de ses livres. Parler de \u00ab\u00a0r\u00e9sistance arm\u00e9e\u00a0\u00bb est un choix que Judith Butler estime \u00ab\u00a0plus honn\u00eate et juste historiquement\u00a0\u00bb, en ce qu\u2019il replace les \u00e9v\u00e9nements du 7 octobre dans le temps long de l\u2019histoire et de l\u2019oppression subie par le peuple palestinien depuis des d\u00e9cennies. Il ne l\u00e9gitime en rien les m\u00e9thodes du Hamas.<\/p>\n<p>Pour qui veut bien prendre le temps (2 heures) de regarder l\u2019int\u00e9gralit\u00e9 de la\u00a0<a href=\"https:\/\/www.youtube.com\/watch?v=rlQNBJOq-0E\">rencontre de Pantin<\/a>, il est remarquable de constater le souci scrupuleux que Judith Butler porte au probl\u00e8me de\u00a0<em>l\u2019instrumentalisation<\/em>\u00a0sous toutes ses formes, le plus souvent \u00e0 des fins racistes, que ce soit de l\u2019attaque du 7 octobre, de la Shoah (dont sa famille a \u00e9t\u00e9 victime), de l\u2019auto-d\u00e9fense, de l\u2019antisionisme et sa collusion avec l\u2019antis\u00e9mitisme depuis les ann\u00e9es 1970 ou du f\u00e9minisme dans le contexte isra\u00e9lo-palestinien. Ne laissons pas son discours se faire instrumentaliser en retour pour jeter un discr\u00e9dit sur son engagement.<\/p>\n<p>Comment imaginer l\u2019au-del\u00e0 de la violence et restructurer le monde afin de vivre dans l\u2019\u00e9galit\u00e9, la justice et la libert\u00e9\u00a0? \u00a0La question que pose Judith Butler m\u00e9rite une discussion rigoureuse et ouverte. Il est indigne de l\u2019escamoter sous pr\u00e9texte d\u2019une pol\u00e9mique mont\u00e9e en \u00e9pingle quand la r\u00e9flexion et le d\u00e9bat sont plus que jamais n\u00e9cessaires.<\/p>\n<p><strong>Premiers signataires<\/strong>\u00a0:\u00a0<strong>Annie Ernaux<\/strong>\u00a0\u00e9crivaine, prix Nobel de litt\u00e9rature,\u00a0<strong>Etienne Balibar<\/strong>\u00a0philosophe,\u00a0<strong>Laure Murat<\/strong>\u00a0historienne et \u00e9crivaine,\u00a0<strong>Jacques Ranci\u00e8re<\/strong>\u00a0philosophe,\u00a0<strong>Achille Mbembe<\/strong>\u00a0philosophe,\u00a0<strong>Michel Feher<\/strong>\u00a0philosophe,\u00a0<strong>Monique David M\u00e9nard<\/strong>\u00a0philosophe et psychanalyste,\u00a0<strong>Chantal Jaquet<\/strong>\u00a0philosophe,\u00a0<strong>Rony Brauman<\/strong>\u00a0m\u00e9decin, ex-pr\u00e9sident de M\u00e9decins Sans Fronti\u00e8res,\u00a0<strong>Elsa Dorlin<\/strong>\u00a0philosophe,\u00a0<strong>Paul B. Preciado<\/strong>\u00a0philosophe,\u00a0<strong>Ivar Ekeland<\/strong>\u00a0pr\u00e9sident honoraire de l\u2019Universit\u00e9 Paris-Dauphine,\u00a0<strong>Patrice Maniglier<\/strong>\u00a0philosophe,\u00a0<strong>Sophie Mendelsohn<\/strong>\u00a0psychanalyste,\u00a0<strong>Michel Brou\u00e9<\/strong>\u00a0math\u00e9maticien, professeur \u00e9m\u00e9rite Universit\u00e9 Paris-Cit\u00e9,\u00a0<strong>Nadia Yala Kisukidi<\/strong>\u00a0philosophe,\u00a0<strong>Elisabeth Lebovici<\/strong>\u00a0critique d\u2019art,\u00a0<strong>Catherine Facerias<\/strong>\u00a0anthropologue,\u00a0<strong>Guillaume Le Blanc<\/strong>\u00a0philosophe,\u00a0<strong>Eric Alliez<\/strong>\u00a0philosophe,\u00a0<strong>John McCumber<\/strong>\u00a0philosophe,\u00a0<strong>Fran\u00e7oise Lionnet<\/strong>\u00a0professeure et critique,\u00a0<strong>Jean-Marc L\u00e9vy- Leblond<\/strong>\u00a0physicien, professeur \u00e9m\u00e9rite,\u00a0<strong>Viviane Baladi<\/strong>\u00a0math\u00e9maticienne,\u00a0<strong>Sandro Mezzadra<\/strong>\u00a0professeur de th\u00e9orie politique,\u00a0<strong>Sonia Dayan-Herzbrun<\/strong>\u00a0professeure \u00e9m\u00e9rite de sciences sociales,\u00a0<strong>Ahmed Abbes<\/strong>\u00a0math\u00e9maticien,\u00a0<strong>Bertrand Binoche<\/strong>\u00a0professeur de philosophie,\u00a0<strong>Kim Sang Ong-Van-Cung<\/strong>\u00a0philosophe,\u00a0<strong>Catherine Perret<\/strong>\u00a0philosophe et psychanalyste,\u00a0<strong>Catherine Goldstein<\/strong>\u00a0directrice de recherche,\u00a0<strong>Matthieu Renault<\/strong>\u00a0professeur de philosophie,\u00a0<strong>Nicolas Boeglin<\/strong>\u00a0professeur de droit international public,\u00a0<strong>Assaf Kfoury<\/strong>\u00a0professeur de sciences informatiques,\u00a0<strong>Rada Ivekovic<\/strong>\u00a0philosophe,\u00a0<strong>Bernard Le Stum<\/strong>\u00a0enseignant-chercheur,\u00a0<strong>Michel Agier<\/strong>\u00a0anthropologue,\u00a0<strong>Nacira Gu\u00e9nif-Souilamas<\/strong>\u00a0sociologue, anthropologue,\u00a0<strong>Marc Lenormand<\/strong>\u00a0ma\u00eetre de conf\u00e9rences en \u00e9tudes anglophones,\u00a0<strong>Christian Salmon<\/strong>\u00a0\u00e9crivain,\u00a0<strong>Alice d\u2019Andign\u00e9<\/strong>\u00a0\u00e9ditrice,\u00a0<strong>Philippe B\u00fcttgen<\/strong>\u00a0philosophe,\u00a0<strong>Guillaume Sibertin-Blanc<\/strong>\u00a0professeur de philosophie,\u00a0<strong>Yves Sintomer<\/strong>\u00a0professeur de science politique,\u00a0<strong>Aur\u00e9lie Kn\u00fcfer<\/strong>\u00a0ma\u00eetresse de conf\u00e9rences en philosophie,\u00a0<strong>Sylvain Cypel<\/strong>\u00a0journaliste,\u00a0<strong>Selma Tilikete<\/strong>\u00a0doctorante en sciences politiques,\u00a0<strong>Lena Silberzahn<\/strong>\u00a0docteure en science politique,\u00a0<strong>Yasmina Naji<\/strong>\u00a0\u00e9ditrice,\u00a0<strong>Marta Segarra<\/strong>\u00a0directrice de recherche,\u00a0<strong>Nadia Marzouki<\/strong>\u00a0politiste,\u00a0<strong>Zeynep Gambetti<\/strong>\u00a0professeure de th\u00e9orie politique,\u00a0<strong>Jonathan Rosenhead<\/strong>\u00a0professeur \u00e9m\u00e9rite LSE,\u00a0<strong>Robin Celikates<\/strong>\u00a0professeur de philosophie,\u00a0<strong>Anne Texier<\/strong>\u00a0professeure de philosophie,\u00a0<strong>Pascale Gillot<\/strong>\u00a0ma\u00eetresse de conf\u00e9rence en philosophie,\u00a0<strong>Teresa Pullano<\/strong>\u00a0chercheuse en science politique\u2026<\/p>\n<\/div>\n<div class=\"heateorSssClear\"><\/div>\n<div class=\"heateor_sss_sharing_container heateor_sss_horizontal_sharing\" data-heateor-sss-href=\"https:\/\/aurdip.org\/le-faux-proces-fait-a-judith-butler\/\">\n<div class=\"heateor_sss_sharing_title\"><\/div>\n<div class=\"heateor_sss_sharing_ul\"><\/div>\n<div class=\"heateorSssClear\"><\/div>\n<\/div>\n<div class=\"heateorSssClear\"><\/div>\n<div class=\"heateor_sss_sharing_container heateor_sss_vertical_sharing heateor_sss_bottom_sharing\" data-heateor-sss-href=\"https:\/\/aurdip.org\/le-faux-proces-fait-a-judith-butler\/\">\n<div class=\"heateor_sss_sharing_ul\"><\/div>\n<div class=\"heateorSssClear\"><\/div>\n<div class=\"heateorSssSharingArrow heateorSssPullOut\" title=\"Hide\"><\/div>\n<\/div>\n","protected":false},"excerpt":{"rendered":"<p>Condamner la philosophe queer pour avoir d\u00e9clar\u00e9 que le 7 octobre \u00ab\u00e9tait un acte de r\u00e9sistance arm\u00e9e\u00bb rel\u00e8ve de la malhonn\u00eatet\u00e9 intellectuelle. C\u2019est taire sa condamnation des atrocit\u00e9s du Hamas, son engagement pour la paix et son soutien \u00e0 la coexistence des Isra\u00e9liens et Palestiniens, rappelle un collectif d\u2019universitaires dans une\u00a0tribune publi\u00e9e le 14 mars &#8230; <a title=\"Le faux proc\u00e8s fait \u00e0 Judith Butler\" class=\"read-more\" href=\"https:\/\/bruxelles-pantheres.be\/?p=5911\" aria-label=\"En savoir plus sur Le faux proc\u00e8s fait \u00e0 Judith Butler\">Lire la suite<\/a><\/p>\n","protected":false},"author":1,"featured_media":5643,"comment_status":"open","ping_status":"open","sticky":false,"template":"","format":"standard","meta":{"footnotes":""},"categories":[21,36,4,6,18,28],"tags":[509],"class_list":["post-5911","post","type-post","status-publish","format-standard","has-post-thumbnail","hentry","category-anti-imperialisme","category-europe","category-islamophobie","category-palestine-moyen-orient","category-resistance-bruxelles","category-racismes","tag-hamas"],"_links":{"self":[{"href":"https:\/\/bruxelles-pantheres.be\/index.php?rest_route=\/wp\/v2\/posts\/5911","targetHints":{"allow":["GET"]}}],"collection":[{"href":"https:\/\/bruxelles-pantheres.be\/index.php?rest_route=\/wp\/v2\/posts"}],"about":[{"href":"https:\/\/bruxelles-pantheres.be\/index.php?rest_route=\/wp\/v2\/types\/post"}],"author":[{"embeddable":true,"href":"https:\/\/bruxelles-pantheres.be\/index.php?rest_route=\/wp\/v2\/users\/1"}],"replies":[{"embeddable":true,"href":"https:\/\/bruxelles-pantheres.be\/index.php?rest_route=%2Fwp%2Fv2%2Fcomments&post=5911"}],"version-history":[{"count":1,"href":"https:\/\/bruxelles-pantheres.be\/index.php?rest_route=\/wp\/v2\/posts\/5911\/revisions"}],"predecessor-version":[{"id":5912,"href":"https:\/\/bruxelles-pantheres.be\/index.php?rest_route=\/wp\/v2\/posts\/5911\/revisions\/5912"}],"wp:featuredmedia":[{"embeddable":true,"href":"https:\/\/bruxelles-pantheres.be\/index.php?rest_route=\/wp\/v2\/media\/5643"}],"wp:attachment":[{"href":"https:\/\/bruxelles-pantheres.be\/index.php?rest_route=%2Fwp%2Fv2%2Fmedia&parent=5911"}],"wp:term":[{"taxonomy":"category","embeddable":true,"href":"https:\/\/bruxelles-pantheres.be\/index.php?rest_route=%2Fwp%2Fv2%2Fcategories&post=5911"},{"taxonomy":"post_tag","embeddable":true,"href":"https:\/\/bruxelles-pantheres.be\/index.php?rest_route=%2Fwp%2Fv2%2Ftags&post=5911"}],"curies":[{"name":"wp","href":"https:\/\/api.w.org\/{rel}","templated":true}]}}