{"id":5927,"date":"2024-04-29T11:11:57","date_gmt":"2024-04-29T10:11:57","guid":{"rendered":"https:\/\/bruxelles-pantheres.be\/?p=5927"},"modified":"2024-04-29T11:19:29","modified_gmt":"2024-04-29T10:19:29","slug":"vote-for-palestine","status":"publish","type":"post","link":"https:\/\/bruxelles-pantheres.be\/?p=5927","title":{"rendered":"Vote for Palestine !"},"content":{"rendered":"<h4 class=\"elementor-heading-title elementor-size-default\" style=\"text-align: center;\">Vos candidats europ\u00e9ens soutiendront-ils la Palestine ? D\u00e9fendront-ils le droit international ? Votez pour la Palestine !<\/h4>\n<p>Entre le 6 et le 29 juin, les citoyens de l\u2019UE voteront pour leurs nouveaux repr\u00e9sentants au Parlement europ\u00e9en. Au total, 720 d\u00e9put\u00e9s europ\u00e9ens seront \u00e9lus pour les cinq prochaines ann\u00e9es. D\u00e9couvrez le point de vue de vos candidats europ\u00e9ens sur les relations UE-Isra\u00ebl avant les \u00e9lections europ\u00e9ennes ! Votez pour la Palestine !<\/p>\n<p>Demandez \u00e0 vos candidats de montrer qu\u2019ils ont \u00e9cout\u00e9 les millions de citoyens europ\u00e9ens \u2013 des gens comme vous \u2013 qui veulent que l\u2019UE adh\u00e8re au droit international et mette enfin fin \u00e0 sa complicit\u00e9 avec les crimes d\u2019Isra\u00ebl. En s\u2019engageant \u00e0 voter pour la Palestine, ils promettront de promouvoir des engagements cl\u00e9s en faveur des droits des Palestiniens lors du prochain cycle l\u00e9gislatif.<\/p>\n<p>Demandez \u00e0 votre candidat de s\u2019engager pour la Palestine. #VoteforPalestine<\/p>\n<p><!--more--><\/p>\n<p>Par la Coordination Europ\u00e9enne des Comit\u00e9s et Associations pour la Palestine, le 17 avril 2024<\/p>\n<div class=\"wp-block-image\">\n<figure class=\"aligncenter size-large\"><img decoding=\"async\" class=\"wp-image-53464\" src=\"https:\/\/agencemediapalestine.fr\/wp-content\/uploads\/2024\/04\/vote4palestinesmall-1024x599.jpg\" sizes=\"(max-width: 1024px) 100vw, 1024px\" srcset=\"https:\/\/agencemediapalestine.fr\/wp-content\/uploads\/2024\/04\/vote4palestinesmall-1024x599.jpg 1024w, https:\/\/agencemediapalestine.fr\/wp-content\/uploads\/2024\/04\/vote4palestinesmall-300x175.jpg 300w, https:\/\/agencemediapalestine.fr\/wp-content\/uploads\/2024\/04\/vote4palestinesmall-768x449.jpg 768w, https:\/\/agencemediapalestine.fr\/wp-content\/uploads\/2024\/04\/vote4palestinesmall.jpg 1048w\" alt=\"\" width=\"1024\" height=\"599\" \/><\/figure>\n<\/div>\n<p class=\"has-text-align-center\"><strong>TEXTE DE PR\u00c9SENTATION<\/strong><\/p>\n<p>\u00a0\u00bb Dans le cadre de mes engagements pour les droits de l\u2019homme et pour une paix juste et durable bas\u00e9e sur le droit international, je m\u2019engage, si je suis \u00e9lu(e) d\u00e9put\u00e9(e) au Parlement europ\u00e9en, \u00e0 :<\/p>\n<ul>\n<li>exiger la fin d\u00e9finitive et compl\u00e8te de la guerre et du si\u00e8ge actuels contre la population de la bande de Gaza, le retrait des forces isra\u00e9liennes et le d\u00e9but de la reconstruction ; m\u2019opposer \u00e0 tout d\u00e9placement forc\u00e9 de la population palestinienne ;<\/li>\n<li>appeler \u00e0 la fin de l\u2019occupation et de la colonisation du territoire palestinien occup\u00e9 par l\u2019\u00c9tat d\u2019Isra\u00ebl ;<\/li>\n<li>soutenir et demander l\u2019arr\u00eat du commerce de l\u2019UE avec les colonies ill\u00e9gales d\u2019Isra\u00ebl en Palestine ;<\/li>\n<li>appellent \u00e0 la suspension de l\u2019accord d\u2019association UE-Isra\u00ebl \u00e0 la lumi\u00e8re de la violation par Isra\u00ebl de l\u2019article 2 pour sa guerre \u00e0 Gaza, ainsi qu\u2019\u00e0 la suspension de tout commerce d\u2019\u00e9quipement militaire et de toute coop\u00e9ration militaire avec Isra\u00ebl, tant qu\u2019Isra\u00ebl violera les droits de l\u2019homme et le droit international ;<\/li>\n<li>\u0153uvrer \u00e0 l\u2019application des droits du peuple palestinien, y compris le droit \u00e0 l\u2019autod\u00e9termination, et de toutes les r\u00e9solutions des Nations Unies ;<\/li>\n<li>soutenir la libert\u00e9 d\u2019expression et s\u2019opposer \u00e0 tout amalgame entre la critique des politiques de l\u2019\u00c9tat d\u2019Isra\u00ebl et l\u2019antis\u00e9mitisme ; prot\u00e9ger les droits num\u00e9riques des Palestiniens ;<\/li>\n<li>soutenir le financement de l\u2019UNRWA et rejeter les tentatives d\u2019imposer \u00e0 la soci\u00e9t\u00e9 civile palestinienne un financement sp\u00e9cifique et conditionnel ;<\/li>\n<li>\u0153uvrer pour mettre fin \u00e0 l\u2019impunit\u00e9 d\u2019Isra\u00ebl ; soutenir la Cour p\u00e9nale internationale et la Cour internationale de justice.\u00a0\u00bb<\/li>\n<\/ul>\n<p>Envoyez un message aux candidats : engagez-vous pour la Palestine afin de faire la diff\u00e9rence lors des \u00e9lections !<\/p>\n<p>Afin de retrouver le formulaire d\u2019envoi du mail \u00e0 votre candidat, dirigez-vous vers la page de la\u00a0<a href=\"https:\/\/www.eccpalestine.org\/french\/\" target=\"_blank\" rel=\"noreferrer noopener\">Coordination Europ\u00e9enne des Comit\u00e9s et Associations pour la Palestine<\/a>.<\/p>\n<p><strong>Le mail type \u2013 en fran\u00e7ais \u2013 \u00e0 envoyer \u00e0 votre candidat, ci-dessous :<\/strong><\/p>\n<p><em>\u00ab\u00a0Le vendredi 26 janvier 2024, la Cour internationale de justice (CIJ) a jug\u00e9 plausible que les actes d\u2019Isra\u00ebl puissent constituer un g\u00e9nocide \u00e0 l\u2019encontre des 2,3 millions de Palestiniens de la bande de Gaza occup\u00e9e et assi\u00e9g\u00e9e. La CIJ a \u00e9galement pris six mesures provisoires, ordonnant \u00e0 Isra\u00ebl de pr\u00e9venir les actes de g\u00e9nocide \u00e0 Gaza. Depuis que les juges ont rendu leur d\u00e9cision, la situation s\u2019est encore d\u00e9t\u00e9rior\u00e9e. Plus de 30 000 Palestiniens sont morts, dont plus de 10 000 enfants en moins de cinq mois. Plus de 1,7 million de personnes sont d\u00e9plac\u00e9es et 93 % d\u2019entre elles souffrent de la faim. La d\u00e9vastation est ind\u00e9niable. L\u2019arr\u00eat de la CIJ a des implications plus larges pour tous les \u00c9tats, car tous ont l\u2019obligation de s\u2019abstenir de commettre un g\u00e9nocide, de le pr\u00e9venir et de le punir o\u00f9 qu\u2019il se produise.<\/em><\/p>\n<p><em>Le 23 f\u00e9vrier, un groupe d\u2019experts des Nations unies a lanc\u00e9 un appel urgent pour que cessent imm\u00e9diatement les exportations d\u2019armes vers Isra\u00ebl.<\/em><\/p>\n<p><em>Alors que nous nous pr\u00e9parons \u00e0 voter du 6 au 9 juin, il est essentiel que les candidats donnent la priorit\u00e9 \u00e0 la repr\u00e9sentation des int\u00e9r\u00eats et des principales pr\u00e9occupations des citoyens europ\u00e9ens. Je soutiens les candidats qui s\u2019engagent \u00e0 \u00eatre la voix du peuple tout au long de leur mandat, \u00e0 d\u00e9fendre le droit international et \u00e0 soutenir la mise en \u0153uvre des d\u00e9cisions de la Cour internationale de justice (CIJ). C\u2019est l\u2019occasion de montrer votre attachement au droit international, aux droits de l\u2019homme et \u00e0 la solidarit\u00e9 en vous joignant \u00e0 moi pour prendre l\u2019engagement \u00ab\u00a0D\u00e9fendez le droit international, votez pour la Palestine !<\/em><\/p>\n<p><em>En souscrivant \u00e0 cet engagement, vous vous engagez \u00e0 plaider en faveur de la mise en \u0153uvre du droit international, des r\u00e9solutions pertinentes des Nations unies et des arr\u00eats de la CIJ tout au long de votre mandat. C\u2019est l\u2019occasion d\u2019agir sur les demandes exprim\u00e9es par moi-m\u00eame et par des millions de citoyens. Le moment est venu de faire r\u00e9sonner nos voix et, surtout, de prot\u00e9ger des vies gravement menac\u00e9es. J\u2019esp\u00e8re que vous prendrez en consid\u00e9ration ce courriel et que vous vous engagerez \u00e0 le soutenir.<\/em><\/p>\n<p><em>En vous remerciant par avance pour votre engagement, je vous prie d\u2019agr\u00e9er, Madame, Monsieur, l\u2019expression de mes salutations distingu\u00e9es.<\/em><\/p>\n<p><em>Je vous prie d\u2019agr\u00e9er, Madame, Monsieur, l\u2019expression de mes salutations distingu\u00e9es,<\/em><\/p>\n<p><em>Votre nom\u00a0\u00bb<\/em><\/p>\n<p>Source :\u00a0<a href=\"https:\/\/www.eccpalestine.org\/french\/\" target=\"_blank\" rel=\"noreferrer noopener\">ECCP<\/a><\/p>\n<p>Traduction ED pour l\u2019Agence M\u00e9dia Palestine<\/p>\n","protected":false},"excerpt":{"rendered":"<p>Vos candidats europ\u00e9ens soutiendront-ils la Palestine ? D\u00e9fendront-ils le droit international ? Votez pour la Palestine ! Entre le 6 et le 29 juin, les citoyens de l\u2019UE voteront pour leurs nouveaux repr\u00e9sentants au Parlement europ\u00e9en. Au total, 720 d\u00e9put\u00e9s europ\u00e9ens seront \u00e9lus pour les cinq prochaines ann\u00e9es. D\u00e9couvrez le point de vue de vos &#8230; <a title=\"Vote for Palestine !\" class=\"read-more\" href=\"https:\/\/bruxelles-pantheres.be\/?p=5927\" aria-label=\"En savoir plus sur Vote for Palestine !\">Lire la suite<\/a><\/p>\n","protected":false},"author":1,"featured_media":5928,"comment_status":"open","ping_status":"open","sticky":false,"template":"","format":"standard","meta":{"footnotes":""},"categories":[539,36],"tags":[562,12,186],"class_list":["post-5927","post","type-post","status-publish","format-standard","has-post-thumbnail","hentry","category-belgique","category-europe","tag-election-europeenne","tag-gaza","tag-palestine"],"_links":{"self":[{"href":"https:\/\/bruxelles-pantheres.be\/index.php?rest_route=\/wp\/v2\/posts\/5927","targetHints":{"allow":["GET"]}}],"collection":[{"href":"https:\/\/bruxelles-pantheres.be\/index.php?rest_route=\/wp\/v2\/posts"}],"about":[{"href":"https:\/\/bruxelles-pantheres.be\/index.php?rest_route=\/wp\/v2\/types\/post"}],"author":[{"embeddable":true,"href":"https:\/\/bruxelles-pantheres.be\/index.php?rest_route=\/wp\/v2\/users\/1"}],"replies":[{"embeddable":true,"href":"https:\/\/bruxelles-pantheres.be\/index.php?rest_route=%2Fwp%2Fv2%2Fcomments&post=5927"}],"version-history":[{"count":1,"href":"https:\/\/bruxelles-pantheres.be\/index.php?rest_route=\/wp\/v2\/posts\/5927\/revisions"}],"predecessor-version":[{"id":5929,"href":"https:\/\/bruxelles-pantheres.be\/index.php?rest_route=\/wp\/v2\/posts\/5927\/revisions\/5929"}],"wp:featuredmedia":[{"embeddable":true,"href":"https:\/\/bruxelles-pantheres.be\/index.php?rest_route=\/wp\/v2\/media\/5928"}],"wp:attachment":[{"href":"https:\/\/bruxelles-pantheres.be\/index.php?rest_route=%2Fwp%2Fv2%2Fmedia&parent=5927"}],"wp:term":[{"taxonomy":"category","embeddable":true,"href":"https:\/\/bruxelles-pantheres.be\/index.php?rest_route=%2Fwp%2Fv2%2Fcategories&post=5927"},{"taxonomy":"post_tag","embeddable":true,"href":"https:\/\/bruxelles-pantheres.be\/index.php?rest_route=%2Fwp%2Fv2%2Ftags&post=5927"}],"curies":[{"name":"wp","href":"https:\/\/api.w.org\/{rel}","templated":true}]}}