{"id":5930,"date":"2024-05-01T06:19:43","date_gmt":"2024-05-01T05:19:43","guid":{"rendered":"https:\/\/bruxelles-pantheres.be\/?p=5930"},"modified":"2024-04-29T11:23:20","modified_gmt":"2024-04-29T10:23:20","slug":"discours-de-cloture-yessa-belkhodja-a-la-marche-du-21-avril-contre-lislamophobie-et-la-protection-des-enfants","status":"publish","type":"post","link":"https:\/\/bruxelles-pantheres.be\/?p=5930","title":{"rendered":"Discours de cl\u00f4ture Yessa Belkhodja \u00e0 la marche du 21 avril contre l&rsquo;islamophobie et la protection des enfants"},"content":{"rendered":"<h4 id=\"page-title\" class=\"heading-product:900 margin-top:400 color:text-product\" style=\"text-align: center;\">\u00ab Notre malheur collectif, c\u2019est que nous avons d\u00e9sormais des esprits habitu\u00e9s\u00a0\u00bb<\/h4>\n<p class=\"subheading-product:01 color:text-product margin-top:600  \">\u00ab Le monde observe la d\u00e9gringolade du \u201cpays des droits de l\u2019homme\u201d avec stup\u00e9faction. Ce pays que nous ch\u00e9rissons, la France, et que nous voulons laisser \u00e0 nos enfants, nous trahit et trahit son pass\u00e9. Je parle ici en tant que maman de quartiers, en tant qu\u2019initiatrice du collectif de d\u00e9fense des jeunes du Mantois\u00a0\u00bb. Discours de cl\u00f4ture de Yessa Belkhodja, lors de la marche du 21 avril 2024.<\/p>\n<p><!--more--><\/p>\n<p><i>Discours de cl\u00f4ture de Yessa Belkhodja, Marche contre les racismes, l\u2019islamophobie et pour la protection des enfants, Paris 21 avril 2024.\u00a0<\/i><\/p>\n<p>Dans l\u2019appel \u00e0 cette marche contre le racisme, l\u2019islamophobie et pour la protection des enfants, Amal Bentounsi et moi-m\u00eame faisions le constat suivant :<\/p>\n<p>\u00ab Le monde observe la d\u00e9gringolade du \u00ab pays des droits de l\u2019homme \u00bb avec stup\u00e9faction. Ce pays que nous ch\u00e9rissons, la France, et que nous voulons laisser \u00e0 nos enfants, nous trahit et trahit son pass\u00e9. \u00bb<\/p>\n<p>Nous \u00e9tions en de\u00e7\u00e0 de la r\u00e9alit\u00e9. En effet, depuis le 7 octobre, une fr\u00e9n\u00e9sie autoritaire s\u2019est empar\u00e9e du pouvoir. Outre les interdictions de manifester qui sont autant d\u2019atteintes aux libert\u00e9s publiques, de nombreuses personnalit\u00e9s sont cibl\u00e9es et convoqu\u00e9es par la police antiterroriste. Parmi lesquelles Jean-Paul Delescaut, secr\u00e9taire g\u00e9n\u00e9rale de la CGT du Nord qui vient d\u2019\u00eatre condamn\u00e9 \u00e0 1 an de sursis, et avant lui le militant d\u00e9colonial Abdel Wahab qui a \u00e9cop\u00e9 de la m\u00eame peine, des \u00e9tudiants de l\u2019EHESS, Rima Hassan, candidate LFI eux europ\u00e9ennes, Anasse Kazib, porte parole de R\u00e9volution Permanente, ou Sihame Assbague, journaliste. Cette situation est extr\u00eamement grave et je n\u2019ai pas peur ici de dire que nous basculons tous les jours dans un r\u00e9gime fascisant.<\/p>\n<p>Mais, il y a un grand MAIS. Je parle ici en tant que maman de quartiers, je parle ici en tant que \u00ab premi\u00e8re concern\u00e9e \u00bb par les violences d\u2019Etat, je parle ici en tant qu\u2019initiatrice du collectif de d\u00e9fense des jeunes du Mantois et j\u2019attire l\u2019attention de tous sur le silence qui a entour\u00e9 un \u00e9v\u00e9nement majeur, lourd de cons\u00e9quences, dans les jours qui ont suivi le 7 octobre et qui brise les maigres principes qui soutiennent encore cette r\u00e9publique agonisante : le fait que le 18 octobre 2023, au Canet-en-Roussillon, un enfant de 10 ans a \u00e9t\u00e9 convoqu\u00e9 par la gendarmerie pour \u00ab apologie du terrorisme \u00bb.<\/p>\n<p>Je r\u00e9p\u00e8te : un enfant de 10 ans a \u00e9t\u00e9 convoqu\u00e9 pour apologie de terrorisme et ce dans l\u2019indiff\u00e9rence g\u00e9n\u00e9rale. Cet enfant \u00e9tait un \u00ab musulman d\u2019apparence \u00bb ou pour le dire dans des mots simples : un enfant arabe.<\/p>\n<p>Si la police de Macron a jug\u00e9 qu\u2019elle pouvait se permettre un tel exc\u00e8s, c\u2019est que cette police sait qu\u2019elle peut compter sur l\u2019indiff\u00e9rence de la soci\u00e9t\u00e9, voire parfois sa complaisance. Si la police de Macron a jug\u00e9 qu\u2019elle pouvait voler l\u2019innocence de cet enfant, c\u2019est qu\u2019elle sait que l\u2019opinion donnera sont blanc seing.<\/p>\n<p>Aussi je pose une premi\u00e8re question :<\/p>\n<p>1\/ pourquoi s\u2019\u00e9tonner que des adultes, des syndicalistes aguerris, des militants politiques ou associatifs connus et respect\u00e9s tombent dans l\u2019arbitraire de la r\u00e9pression de l\u2019Etat quand m\u00eame des enfants le sont ?<\/p>\n<p>2\/ Je pose une deuxi\u00e8me question : quand comprendra-t-on que l\u2019Etat autoritaire qui s\u2019abat aujourd\u2019hui sur l\u2019ensemble du mouvement social, des gilets jaunes jusqu\u2019aux parlementaires de la FI d\u00e9mocratiquement \u00e9lus, s\u2019est fait les dents sur le corps social le plus vuln\u00e9rable et le moins organis\u00e9, le plus pauvre et le moins d\u00e9fendu, le plus contr\u00f4l\u00e9 et le moins l\u00e9gitime, \u00e0 savoir l\u2019immigration post-coloniale.<\/p>\n<p>3\/ Je pose enfin ma troisi\u00e8me question : quand comprendra-t-on que l\u2019islamophobie est la pi\u00e8ce maitresse du dispositif r\u00e9pressif et autoritaire et que c\u2019est \u00e0 travers ce racisme sp\u00e9cifique que l\u2019Etat a r\u00e9ussi \u00e0 ramollir la conscience de gauche ? Quand comprendra-t-on que c\u2019est \u00e0 travers l\u2019islamophobie et une la\u00efcit\u00e9 instrumentalis\u00e9e et d\u00e9tourn\u00e9e de sa fonction premi\u00e8re qu\u2019on pers\u00e9cute des jeunes femmes pour leurs tenues vestimentaires violant ainsi les libert\u00e9s individuelles, qu\u2019on ferme des \u00e9coles musulmanes et des mosqu\u00e9es violant la libert\u00e9 de culte et de conscience, qu\u2019on pers\u00e9cute et expulse des imams ou qu\u2019on agite la menace antiterroriste \u00e0 des fins racistes, antisociales ou pour museler toute contestation politique.<\/p>\n<p>Notre malheur collectif, c\u2019est que nous avons d\u00e9sormais des esprits habitu\u00e9s. Habitu\u00e9s \u00e0 supporter la mis\u00e8re sociale, le racisme, les flics et l\u2019arm\u00e9e dans les rues, la militarisation du quotidien, la guerre partout.<\/p>\n<p>Mais il y a pire que le malheur collectif. C\u2019est le d\u00e9shonneur collectif. Depuis le 7 octobre, nous avons prouv\u00e9 collectivement notre capacit\u00e9 \u00e0 tol\u00e9rer le massacre des enfants de Gaza. Ils sont aujourd\u2019hui pr\u00e8s de 15 000 \u00e0 avoir \u00e9t\u00e9 tu\u00e9s par l\u2019arm\u00e9e isra\u00e9lienne. Ils sont peut-\u00eatre le double sous les d\u00e9combres. De cela, notre humanit\u00e9 ne sortira pas indemne.<\/p>\n<p>C\u2019est parce que nous refusons ce d\u00e9shonneur qu\u2019Amal Bentounsi et moi-m\u00eame avons initi\u00e9 cette marche contre le racisme, l\u2019islamophobie et pour la protection des enfants. Parce que nous sommes mamans d\u2019enfants arabes et musulmans susceptibles d\u2019\u00eatre convoqu\u00e9s pour apologie du terrorisme,<\/p>\n<p>Parce que nous avons vu nos enfants de Mantes-La-Jolie agenouill\u00e9s par dizaines devant les cam\u00e9ras du monde entier,<\/p>\n<p>Parce que nous avons pleur\u00e9 la mort pr\u00e9matur\u00e9e de notre fr\u00e8re Amine Bentounsi, dont nous f\u00eatons le triste anniversaire aujourd\u2019hui,<\/p>\n<p>Parce que nous pleurons tous les morts qui ont pr\u00e9c\u00e9d\u00e9 Amine et qui lui ont succ\u00e9d\u00e9s du petit Nahel, mort \u00e0 17 ans en juin dernier \u00e0 Wanys, mort en Mars dernier.<\/p>\n<p>Enfin, parce que nous sommes d\u00e9vast\u00e9es par le nettoyage ethnique \u00e0 Gaza dont les enfants sont les premi\u00e8res victimes.<\/p>\n<p>Malgr\u00e9 tout, Amal Bentounsi et moi sommes fi\u00e8res de cette marche, fi\u00e8res d\u2019avoir d\u00e9fi\u00e9 la pr\u00e9fecture qui s\u2019est acharn\u00e9e \u00e0 l\u2019interdire, fi\u00e8res d&rsquo;avoir bataill\u00e9 au sein de notre famille, l&rsquo;antiracisme politique, avec nos alli\u00e9s, le NPA, la FI, ATTAC, qui se sont joints au r\u00e9f\u00e9r\u00e9 pour la faire autoriser. Nous sommes fi\u00e8res d\u2019avoir accompli notre devoir de mamans, de militantes, de citoyennes. Mais nous devons aller plus loin.<\/p>\n<p>Cette marche n\u2019est qu\u2019un jalon parmi d\u2019autres. Demain, la r\u00e9pression reprendra de plus belle. Nous n\u2019avons aucune solution miracle \u00e0 proposer si ce n\u2019est celle \u00e0 moyen termes de soutenir tous les projets politiques qui d\u00e9fendent les int\u00e9r\u00eats des habitants des quartiers, des Noirs, des Musulmans, des migrants, qui sont solidaires des peuples du sud qui se battent pour leur libert\u00e9 et leur dignit\u00e9 et qui se rangent fermement du c\u00f4t\u00e9 des Palestiniens, c\u2019est \u00e0 dire des opprim\u00e9s.<\/p>\n<p>Mais \u00e0 tr\u00e8s court terme, \u00e9tant donn\u00e9 la r\u00e9pression qui s\u2019abat sur toute voix solidaire de la Palestine au pr\u00e9texte de l\u2019antiterrorisme, et en solidarit\u00e9 avec ceux qui sont poursuivis, voici ce que nous disons \u00e0 la police de ce pays : accusez-nous tous, convoquez-nous tous et poursuivez-nous tous. Nous sommes tous coupables d\u2019avoir des convictions antiracistes et antiimp\u00e9rialistes. Et si pour vous, la solidarit\u00e9 et la fraternit\u00e9 avec les peuples du monde constituent un crime alors r\u00e9jouissez-vous de nous voir nous livrer nous-m\u00eames par milliers \u00e0 cette inquisition des consciences.<\/p>\n<p>&nbsp;<\/p>\n<p>&nbsp;<\/p>\n","protected":false},"excerpt":{"rendered":"<p>\u00ab Notre malheur collectif, c\u2019est que nous avons d\u00e9sormais des esprits habitu\u00e9s\u00a0\u00bb \u00ab Le monde observe la d\u00e9gringolade du \u201cpays des droits de l\u2019homme\u201d avec stup\u00e9faction. Ce pays que nous ch\u00e9rissons, la France, et que nous voulons laisser \u00e0 nos enfants, nous trahit et trahit son pass\u00e9. Je parle ici en tant que maman de &#8230; <a title=\"Discours de cl\u00f4ture Yessa Belkhodja \u00e0 la marche du 21 avril contre l&rsquo;islamophobie et la protection des enfants\" class=\"read-more\" href=\"https:\/\/bruxelles-pantheres.be\/?p=5930\" aria-label=\"En savoir plus sur Discours de cl\u00f4ture Yessa Belkhodja \u00e0 la marche du 21 avril contre l&rsquo;islamophobie et la protection des enfants\">Lire la suite<\/a><\/p>\n","protected":false},"author":1,"featured_media":5931,"comment_status":"open","ping_status":"open","sticky":false,"template":"","format":"standard","meta":{"footnotes":""},"categories":[4,7,6,8,28,37,39,5],"tags":[208,563],"class_list":["post-5930","post","type-post","status-publish","format-standard","has-post-thumbnail","hentry","category-islamophobie","category-negrophobie","category-palestine-moyen-orient","category-prisons","category-racismes","category-romophobie","category-sans-papier","category-violence-policiere","tag-amal-bentounsi","tag-yessa-belkhodja"],"_links":{"self":[{"href":"https:\/\/bruxelles-pantheres.be\/index.php?rest_route=\/wp\/v2\/posts\/5930","targetHints":{"allow":["GET"]}}],"collection":[{"href":"https:\/\/bruxelles-pantheres.be\/index.php?rest_route=\/wp\/v2\/posts"}],"about":[{"href":"https:\/\/bruxelles-pantheres.be\/index.php?rest_route=\/wp\/v2\/types\/post"}],"author":[{"embeddable":true,"href":"https:\/\/bruxelles-pantheres.be\/index.php?rest_route=\/wp\/v2\/users\/1"}],"replies":[{"embeddable":true,"href":"https:\/\/bruxelles-pantheres.be\/index.php?rest_route=%2Fwp%2Fv2%2Fcomments&post=5930"}],"version-history":[{"count":1,"href":"https:\/\/bruxelles-pantheres.be\/index.php?rest_route=\/wp\/v2\/posts\/5930\/revisions"}],"predecessor-version":[{"id":5932,"href":"https:\/\/bruxelles-pantheres.be\/index.php?rest_route=\/wp\/v2\/posts\/5930\/revisions\/5932"}],"wp:featuredmedia":[{"embeddable":true,"href":"https:\/\/bruxelles-pantheres.be\/index.php?rest_route=\/wp\/v2\/media\/5931"}],"wp:attachment":[{"href":"https:\/\/bruxelles-pantheres.be\/index.php?rest_route=%2Fwp%2Fv2%2Fmedia&parent=5930"}],"wp:term":[{"taxonomy":"category","embeddable":true,"href":"https:\/\/bruxelles-pantheres.be\/index.php?rest_route=%2Fwp%2Fv2%2Fcategories&post=5930"},{"taxonomy":"post_tag","embeddable":true,"href":"https:\/\/bruxelles-pantheres.be\/index.php?rest_route=%2Fwp%2Fv2%2Ftags&post=5930"}],"curies":[{"name":"wp","href":"https:\/\/api.w.org\/{rel}","templated":true}]}}