{"id":594,"date":"2013-01-28T17:36:08","date_gmt":"2013-01-28T16:36:08","guid":{"rendered":"https:\/\/bruxelles-pantheres.be\/?p=594"},"modified":"2013-11-10T17:38:19","modified_gmt":"2013-11-10T16:38:19","slug":"notre-question-sur-le-maroc-au-ministre-reynders-sa-reponse-et-laffaire-florence-cassez","status":"publish","type":"post","link":"https:\/\/bruxelles-pantheres.be\/?p=594","title":{"rendered":"Notre question sur le Maroc au Ministre Reynders, sa r\u00e9ponse et l\u2019affaire Florence Cassez"},"content":{"rendered":"<div id=\"main\">\n<div id=\"primary\">\n<div id=\"content\" role=\"main\">\n<article id=\"post-5342\">\n<header><img decoding=\"async\" class=\"alignright\" alt=\"384500_10150425399188910_773968909_8460359_1905225071_n\" src=\"http:\/\/www.egalite.be\/wp-content\/uploads\/2012\/11\/384500_10150425399188910_773968909_8460359_1905225071_n.jpg\" width=\"344\" height=\"485\" \/><\/header>\n<div>\n<p>&nbsp;<\/p>\n<p><b>Notre question sur le Maroc au Ministre Reynders, sa r\u00e9ponse et l\u2019affaire Florence Cassez<!--more--><\/b><\/p>\n<p><img decoding=\"async\" alt=\"http:\/\/3.bp.blogspot.com\/-yHqsogtqw7c\/UMhlreKmaCI\/AAAAAAAABZI\/OZKOhyG9FfA\/s1600\/les+familles+se+rencontrent+9+d%C3%A9cembre+2012+II.jpg\" src=\"https:\/\/lh3.ggpht.com\/-yHqsogtqw7c\/UMhlreKmaCI\/AAAAAAAABZI\/OZKOhyG9FfA\/s1600\/les+familles+se+rencontrent+9+d%C3%A9cembre+2012+II.jpg\" width=\"576\" height=\"395\" \/><\/p>\n<p>Le mercredi 23 janvier, Farida, Dounia, Malika, Mohamed et moi avons particip\u00e9 \u00e0 une conf\u00e9rence du ministre des Affaires \u00e9trang\u00e8res Didier Reynders (MR), organis\u00e9e par le Mouvement Europ\u00e9en-Belgique. Th\u00e8me de la conf\u00e9rence\u00a0: \u00ab\u00a0<i>Belgique \u2013 UE, 60 ans d\u2019union<\/i>\u00ab\u00a0.<\/p>\n<p>Comme le ministre allait parler des \u00ab\u00a0<i>60 ans de paix en Europe<\/i>\u00a0\u00bb et du \u00ab\u00a0<i>prix Nobel pour la Paix<\/i>\u00bb, accord\u00e9 \u00e0 l\u2019Europe en 2012, nous nous sommes dit que c\u2019\u00e9tait une bonne occasion, pour notre Comit\u00e9 des familles des d\u00e9tenus europ\u00e9ens au Maroc, d\u00b4interpeller le ministre sur les relations avec le Maroc. Et en particulier sur son attitude par rapport aux prisonniers belgo-marocains dans les prisons marocaines.<\/p>\n<p><img decoding=\"async\" alt=\"http:\/\/www.freeali.eu\/wp-content\/uploads\/2012\/03\/Didier-Reynders.jpeg\" src=\"http:\/\/www.freeali.eu\/wp-content\/uploads\/2012\/03\/Didier-Reynders.jpeg\" \/><\/p>\n<p>Je vous \u00e9pargne les d\u00e9tails du d\u00e9roulement de cette conf\u00e9rence mais nous avons quand m\u00eame r\u00e9ussi \u00e0 poser une question : \u00ab\u00a0<i>Monsieur le ministre, ces derniers mois vous avez fait plusieurs d\u00e9clarations, insistant sur la n\u00e9cessit\u00e9 d\u2019am\u00e9liorer et de renforcer nos relations avec le Maroc. Comment pouvez-vous justifier votre position quand, en 2012, il y a eu au moins cinq rapports d\u2019organisations internationales, dont le rapport du Rapporteur sur la torture de l\u2019ONU Juan Mendez et celui du CNDH, qui d\u00e9noncent la torture syst\u00e9matique et g\u00e9n\u00e9ralis\u00e9e, pratiqu\u00e9e au sein du syst\u00e8me judiciaire et carc\u00e9ral du Maroc\u00a0? Et, dans ce m\u00eame cadre, comment pouvez-vous justifier votre abandon des d\u00e9tenus belgo-marocains au Maroc\u00a0?\u00a0<\/i>\u00bb.<\/p>\n<p>\u00c9tait-ce \u00e0 cause de la pr\u00e9sence dans la salle des familles des d\u00e9tenus ? En tout cas, le ministre n\u2019a pas sorti l\u2019argument habituel de la double nationalit\u00e9\u00a0 pour justifier l\u00b4inertie du gouvernement belge \u00e0 l\u00b4\u00e9gard des d\u00e9tenus belgo-marocains.<\/p>\n<p>Il a r\u00e9pondu deux choses. \u00ab\u00a0<i>D\u2019abord<\/i>\u00a0\u00bb, a-t-il dit, \u00ab\u00a0<i>il faut traiter les affaires des d\u00e9tenus cas par cas. Il y a des personnes que je n\u2019aimerais pas voir sortir de prison, ni au Maroc ni ici. Et deuxi\u00e8mement, \u00e0 chaque rencontre avec les autorit\u00e9s marocaines, nous mettons le dossier des droits de l\u2019homme sur la table. Comme on le fait avec les autorit\u00e9s turques et d\u2019autres pays. Ce serait facile de rompre avec tous ces pays. Dans ce cas, je pourrais me retirer tranquillement \u00e0 la campagne\u00a0<\/i>\u00bb. Nous n\u2019avons pas eu l\u2019occasion de lui r\u00e9pondre.<\/p>\n<p>Mais voici qu\u2019un autre \u00e9v\u00e9nement s\u2019est produit le m\u00eame jour, qui permet d\u2019\u00e9valuer la r\u00e9ponse de notre ministre \u00e0 sa juste valeur. C\u2019est une affaire qui concerne la France. Mais, toutes proportions gard\u00e9es, elle concerne \u00e9galement la Belgique\u00a0: dans les dossiers internationaux, la Belgique ne fait pas exception \u00e0 la politique europ\u00e9enne. Et elle agit et se comporte exactement de la m\u00eame mani\u00e8re que ses grands voisins.<\/p>\n<p><img decoding=\"async\" alt=\"http:\/\/l2.yimg.com\/bt\/api\/res\/1.2\/Bq.OzcSxzFV02ameDiRjZg--\/YXBwaWQ9eW5ld3M7Y2g9MzAwO2NyPTE7Y3c9NDUwO2R4PTA7ZHk9MDtmaT11bGNyb3A7aD0zMDA7cT04NTt3PTQ1MA--\/http:\/\/media.zenfs.com\/en_us\/News\/Reuters\/2013-01-24T144519Z_2_APAE90N11QH00_RTROPTP_2_OFRTP-FRANCE-MEXIQUE-CASSEZ-20130124.JPG\" src=\"http:\/\/l2.yimg.com\/bt\/api\/res\/1.2\/Bq.OzcSxzFV02ameDiRjZg--\/YXBwaWQ9eW5ld3M7Y2g9MzAwO2NyPTE7Y3c9NDUwO2R4PTA7ZHk9MDtmaT11bGNyb3A7aD0zMDA7cT04NTt3PTQ1MA--\/http:\/\/media.zenfs.com\/en_us\/News\/Reuters\/2013-01-24T144519Z_2_APAE90N11QH00_RTROPTP_2_OFRTP-FRANCE-MEXIQUE-CASSEZ-20130124.JPG\" \/><\/p>\n<p><b>La France fait lib\u00e9rer la Fran\u00e7aise Florence Cassez.<\/b><\/p>\n<p>Le mercredi 23 janvier 2013, la Fran\u00e7aise Florence Cassez a \u00e9t\u00e9 lib\u00e9r\u00e9e par la Cour supr\u00eame mexicaine. Cette Cour a reconnu \u00ab <i>la violation des droits de Florence Cassez <\/i>\u00bb et a ordonn\u00e9 sa lib\u00e9ration imm\u00e9diate. Avec son ami, Florence Cassez avait \u00e9t\u00e9 arr\u00eat\u00e9e en 2005 et inculp\u00e9e pour \u00ab <i>quatre enl\u00e8vements, s\u00e9questration, association de malfaiteurs, possession d\u2019armes \u00e0 feu et de munitions \u00e0 l\u2019usage exclusif des forces arm\u00e9es <\/i>\u00bb. Condamn\u00e9e \u00e0 une peine de 96 ann\u00e9es de prison, la Cour d\u2019appel confirmait cette condamnation, tout en r\u00e9duisant la peine \u00e0 60 ans. Puis, la Cour de cassation rejetait le pourvoi de la Fran\u00e7aise. Contre une presse mexicaine qui pr\u00e9tend le contraire, Florence a toujours clam\u00e9 son innocence : \u00ab\u00a0<i>Au Mexique, la police fabrique des coupables, avec de fausses preuves\u00a0<\/i>\u00bb. Et sur les aveux de son compagnon, elle disait\u00a0: \u00ab\u00a0.. <i>un certificat m\u00e9dical prouve qu\u2019il a \u00e9t\u00e9 tortur\u00e9, juste avant ses aveux<\/i>\u00a0\u00bb.<\/p>\n<p>Florence Cassez (38 ans) est rest\u00e9e en prison pendant sept ans. Sept ans de bataille juridique sans rel\u00e2che. Sept ans de campagne de solidarit\u00e9 en France, Belgique, Canada, Suisse, Irlande, Allemagne<a title=\"\" href=\"http:\/\/www.egalite.be\/?paged=25#_ftn1\">[1]<\/a> dont elle dit\u00a0aujourd\u2019hui : \u00ab\u00a0<i>Quand j\u2019\u00e9tais seule dans ma prison, les m\u00e9dias fran\u00e7ais ne m\u2019ont pas laiss\u00e9 tomber. Si personne n\u2019avait plus parl\u00e9 de moi, si j\u2019\u00e9tais tomb\u00e9e dans l\u2019oubli, \u00e7a aurait \u00e9t\u00e9 la pire des choses. Moralement, d\u2019abord ; et puis, je ne sais pas ce qu\u2019il serait advenu de moi<\/i>\u00a0\u00bb. Sept ans de pression de la France par 500 parlementaires et par les pr\u00e9sidents Nicolas Sarkozy et Fran\u00e7ois Hollande, qui ont mis tous les moyens pour obtenir sa lib\u00e9ration.<\/p>\n<p><img decoding=\"async\" alt=\"http:\/\/www.tvntprogrammes.com\/administration\/wp-content\/uploads\/Sarkozy-Cassez.jpg\" src=\"http:\/\/www.tvntprogrammes.com\/administration\/wp-content\/uploads\/Sarkozy-Cassez.jpg\" \/><\/p>\n<p>En 2009 d\u00e9j\u00e0, Sarkozy intervient aupr\u00e8s du pr\u00e9sident mexicain Calderon pour demander le transfert de Florence Cassez vers la France. Celui-ci refuse. A partir de l\u00e0, l\u2019affaire Cassez deviendra une affaire d\u2019Etat et provoquera une vraie crise diplomatique entre la France et le Mexique.<\/p>\n<p>En f\u00e9vrier 2011, Sarkozy d\u00e9cide de d\u00e9dier la manifestation \u00ab L\u2019 <i>Ann\u00e9e du Mexique en France <\/i>\u00bb \u00e0 Florence Cassez. Cette manifestation, pr\u00e9par\u00e9e pendant deux ans, avait comme objectif de \u00ab <i>favoriser la coop\u00e9ration dans les secteurs \u00e9conomique, culturel, touristique, \u00e9ducatif, scientifique et technologique, de la sant\u00e9, et du d\u00e9veloppement durable<\/i> \u00bb entre les deux pays. Suite a la d\u00e9cision de Sarkozy, le gouvernement mexicain d\u00e9cide de se retirer de l\u2019Ann\u00e9e du Mexique en France ! Au total, plus de 350 \u00e9v\u00e9nements pr\u00e9vus au cours de cette ann\u00e9e, pour un budget de l\u2019ordre de 50 millions d\u2019euros, tombent \u00e0 l\u2019eau.<\/p>\n<p><img decoding=\"async\" alt=\"http:\/\/1.bp.blogspot.com\/-TWbML3lgFnw\/UPFiPAbL3wI\/AAAAAAAABi4\/nvQnILUt564\/s1600\/6+janvier+2013+photos+des+d%C3%A9tenus.jpg\" src=\"https:\/\/lh3.ggpht.com\/-TWbML3lgFnw\/UPFiPAbL3wI\/AAAAAAAABi4\/nvQnILUt564\/s1600\/6+janvier+2013+photos+des+d%C3%A9tenus.jpg\" width=\"576\" height=\"430\" \/><\/p>\n<p><b>Les cris de d\u00e9sespoir des d\u00e9tenus europ\u00e9ens au Maroc ont-ils moins de valeur\u00a0que ceux de Florence Cassez ?<\/b><\/p>\n<p>Nous nous f\u00e9licitons de la lib\u00e9ration de Florence Cassez, qui nous apprend plusieurs choses.<\/p>\n<p>Elle nous montre d\u2019abord que, s\u2019il y a violation des droits d\u2019un d\u00e9tenu europ\u00e9en, au Mexique comme au Maroc, il est tout \u00e0 fait possible de faire transf\u00e9rer ou m\u00eame de lib\u00e9rer ce d\u00e9tenu, \u00e0 condition que l\u2019\u00c9tat, dont le d\u00e9tenu est citoyen, mette la pression. D\u00e8s que la volont\u00e9 politique existe, fini les discours que les familles des d\u00e9tenus europ\u00e9ens au Maroc ont d\u00fb entendre si souvent de la part de nos ministres successifs sur \u00ab\u00a0<i>le respect de la s\u00e9paration des pouvoirs<\/i>\u00a0\u00bb, sur \u00ab\u00a0<i>la non-ing\u00e9rence dans les affaires d\u2019un autre pays<\/i>\u00a0\u00bb, sur \u00ab\u00a0<i>l\u2019impossibilit\u00e9 de notre gouvernement de faire quoi que ce soit, malgr\u00e9 notre bonne volont\u00e9\u00a0<\/i>\u00bb, sur \u00ab\u00a0<i>la n\u00e9cessit\u00e9 de laisser faire son travail \u00e0 la justice<\/i>\u00a0\u00bb. Il est clair que ce n\u2019est pas, comme le pr\u00e9tend le ministre Reynders, en mettant \u00ab<i>\u00a0les dossiers de droits de l\u2019homme sur la table<\/i>\u00a0\u00bb qu\u2019on va r\u00e9soudre une affaire, mais en mettant la pression, s\u2019il le faut jusqu\u2019\u00e0 la crise diplomatique.<\/p>\n<p>&nbsp;<\/p>\n<p>Ensuite, le cas de Florence Cassez nous montre que ce n\u2019est pas le r\u00f4le de nos \u00c9tats de porter un jugement \u00ab\u00a0<i>au cas par cas<\/i>\u00a0\u00bb, comme le pr\u00e9tend le ministre Reynders. M\u00eame si le d\u00e9tenu est accus\u00e9 et condamn\u00e9 pour des faits gravissimes, comme dans le cas de Florence, le r\u00f4le de nos \u00c9tats n\u2019est pas de se mettre \u00e0 la place de la justice et de dire si une affaire est digne de s\u2019en occuper ou pas, ou si un d\u00e9tenu a le droit de sortir ou non.<\/p>\n<p>Nos \u00c9tats ont le devoir de veiller sur le respect des droits fondamentaux de n\u2019importe quel d\u00e9tenu, quel que soient le cas ou les faits reproch\u00e9s. Tant dans la lutte contre le fl\u00e9au des enl\u00e8vements et de la drogue au Mexique, que, plus encore, dans la lutte antiterroriste au Maroc, les indices et les preuves, cit\u00e9s dans les rapports internationaux, sur les violations des droits fondamentaux des d\u00e9tenus sont syst\u00e9matiques. A cette situation syst\u00e9mique, nous demandons une r\u00e9ponse syst\u00e9mique, c\u2019est-\u00e0-dire une intervention valant pour tous. Juger au cas par cas ne peut conduire qu\u2019\u00e0 l\u2019arbitraire, ce qui est contraire aux principes d\u2019un \u00c9tat de droit et contraire \u00e0 la Convention internationale contre la torture que la Belgique et les autres pays europ\u00e9ens ont sign\u00e9.<\/p>\n<p><img decoding=\"async\" alt=\"http:\/\/cvu-togo-diaspora.org\/files\/2011\/01\/deux_poids_deux_mesures.jpg\" src=\"http:\/\/cvu-togo-diaspora.org\/files\/2011\/01\/deux_poids_deux_mesures.jpg\" \/><\/p>\n<p>Enfin, et c\u2019est l\u00e0 que le b\u00e2t blesse, comment comprendre l\u2019attitude diff\u00e9rente des pays europ\u00e9ens quand il s\u2019agit du Maroc et du Mexique\u00a0? Il y a l\u00e0 une preuve irr\u00e9futable d\u2019une politique de deux poids, deux mesures de la part de nos gouvernements europ\u00e9ens. Comment expliquer que la France (et la Belgique) restent muets quant aux appels \u00e0 l\u2019aide des d\u00e9tenus franco-marocains\u00a0(et belgo-marocains) dans les prisons marocaines\u00a0? Prenons trois cris d\u2019alarme r\u00e9cents de la part des d\u00e9tenus europ\u00e9ens venant des prisons au Maroc.<\/p>\n<p>En octobre 2012, des dizaines de d\u00e9tenus europ\u00e9ens publient un \u00ab\u00a0Appel aux vivants\u00a0\u00bb\u00a0:\u00a0 \u00ab\u00a0<i>La plupart de nous n\u2019ont pas eu le droit \u00e0 un proc\u00e8s \u00e9quitable et ont fait l\u2019objet de maltraitances physiques. Certains d\u2019entre nous ont \u00e9t\u00e9 tortur\u00e9s dans le centre de torture \u00e0 Temera pr\u00e8s de Rabat. Ou l\u2019on nous a soutir\u00e9 des aveux sous la torture physique souvent pour des affaires politiques, d\u2019opinion, de r\u00e8glement de compte ou autres. Nos diff\u00e9rentes demandes et sollicitations aupr\u00e8s des pays de l\u2019Union europ\u00e9enne sont rest\u00e9es jusque l\u00e0 sans r\u00e9ponse.<\/i>\u00a0\u00bb<a title=\"\" href=\"http:\/\/www.egalite.be\/?paged=25#_ftn2\">[2]<\/a><\/p>\n<p>Un mois plus tard, en novembre 2012, le site Slate Afrique publie des t\u00e9moignages accablants sur l\u2019enfer de la prison de Tanger et l\u2019abandon des d\u00e9tenus franco-marocains en particulier.<a title=\"\" href=\"http:\/\/www.egalite.be\/?paged=25#_ftn3\">[3]<\/a><\/p>\n<p>En janvier 2013, le Fran\u00e7ais El Mostafa Na\u00efm (num\u00e9ro d\u2019\u00e9crou 561, Prison de Sal\u00e9 2) \u00e9crit dans une lettre au pr\u00e9sident fran\u00e7ais Hollande : \u00ab\u00a0<i>Apr\u00e8s avoir \u00e9t\u00e9 enlev\u00e9 en Espagne (port d\u2019Algeciras) par des agents marocains en civils, je suis\u00a0 incarc\u00e9r\u00e9 au Maroc depuis 26 mois, alors qu\u2019officiellement, je ne me trouve m\u00eame pas dans le pays. J\u2019ai m\u00eame eu droit \u00e0 une phrase, plus qu\u2019\u00e9loquente sur l\u2019immobilisme, voire la g\u00eane manifeste qui entoure mon dossier : \u00a0\u00bb On ne peut pas intervenir de crainte de cr\u00e9er un conflit diplomatique.<a title=\"\" href=\"http:\/\/www.egalite.be\/?paged=25#_ftn4\"><b>[4]<\/b><\/a>\u00a0<\/i>\u00bb<\/p>\n<p>&nbsp;<\/p>\n<p><b>L\u2019 Europe (Prix Nobel de la Paix en 2012 !) accepte l\u2019inacceptable du Maroc, alli\u00e9 strat\u00e9gique\u2026<\/b><\/p>\n<p><img decoding=\"async\" id=\"irc_mi\" alt=\"\" src=\"https:\/\/encrypted-tbn3.gstatic.com\/images?q=tbn:ANd9GcQsp2Fd0hcDFLSLbEhn9RQzAeOHyrIa8WqrYsBKvgep3UXw6QVk\" width=\"407\" height=\"531\" \/><\/p>\n<p>L\u2019Europe consid\u00e8re le Maroc comme son rempart contre l\u2019immigration clandestine et le terrorisme. C\u2019est la raison principale de son silence quant aux droits des d\u00e9tenus.<\/p>\n<p>R\u00e9cemment on pouvait lire\u00a0: \u00ab\u00a0..<i>le Maroc est \u00e0 la fois le principal alli\u00e9 de la France et l\u2019Espagne face \u00e0 ce qu\u2019elle consid\u00e8re comme les principales menaces \u00e0 sa s\u00e9curit\u00e9, mais aussi le pays par lequel le mal arrive\u2026Pour la France et l\u2019Espagne, le Maroc est \u00e0 la fois un alli\u00e9 fiable par la volont\u00e9 de son gouvernement et de son roi, par sa stabilit\u00e9 institutionnelle, mais le royaume est aussi le pays par qui le mal arrive, en particulier concernant l\u2019immigration clandestine et le terrorisme.<\/i>\u00a0<a title=\"\" href=\"http:\/\/www.egalite.be\/?paged=25#_ftn5\">[5]<\/a>\u00bb. On parle de la mise sur pied d\u2019un \u00ab\u00a0G4\u00a0s\u00e9curitaire\u00a0\u00bb entre le Maroc, la France, le Portugal et l\u2019Espagne. Lors du sommet entre ces quatre pays, la semaine derni\u00e8re, le ministre marocain de l\u2019Int\u00e9rieur a r\u00e9affirm\u00e9 \u00ab <i>le soutien sans r\u00e9serve du Maroc \u00e0 l\u2019intervention militaire fran\u00e7aise au Mali pour d\u00e9fendre la souverainet\u00e9 de ce pays africain <\/i>\u00bb. Quelques mois avant, la France avait d\u00e9j\u00e0 propos\u00e9 au Maroc un effacement partiel de ses dettes militaires, en \u00e9change d\u2019un soutien logistique des Forces Arm\u00e9es Royales (FAR) \u00e0 la force d\u2019intervention militaire africaine au Nord-Mali.<\/p>\n<p><img decoding=\"async\" alt=\"http:\/\/a396.idata.over-blog.com\/300x293\/2\/71\/86\/42\/Logo\/Frontex.jpg\" src=\"http:\/\/a396.idata.over-blog.com\/300x293\/2\/71\/86\/42\/Logo\/Frontex.jpg\" \/><\/p>\n<p>Au niveau judiciaire \u00e9galement, le Maroc est un partenaire avec lequel les pays europ\u00e9ens collaborent sans probl\u00e8me et sans g\u00eane. Quoi que dise le ministre Reynders aux familles des d\u00e9tenus sur \u00ab\u00a0<i>les dossiers du droit de l\u2019homme mis sur la table\u00a0<\/i>\u00bb, la r\u00e9alit\u00e9 est qu\u2019on assiste \u00e0 une collaboration entre la Belgique et le Maroc comme jamais auparavant. La nouvelle ministre de la justice Turtelboom (VLD) dans le gouvernement Di Ruppo (PS) d\u00e9clarait dans la Commission de la justice de la Chambre, le 2 mai 2012\u00a0:\u00a0\u00a0 \u00ab\u00a0<i>Apr\u00e8s la France, la Belgique est le premier partenaire du Maroc en mati\u00e8re de collaboration judiciaire\u2026\u00a0J\u2019ai abord\u00e9, avec mon homologue marocain, des mati\u00e8res comme le transf\u00e8rement des d\u00e9tenus marocains condamn\u00e9s, la collaboration en mati\u00e8re de d\u2019affaires p\u00e9nales et civiles, l\u2019\u00e9change d\u2019informations li\u00e9es \u00e0 la probl\u00e9matique de l\u2019identification et aux rapts internationaux d\u2019enfants.<\/i>\u00a0\u00bb<\/p>\n<p>&nbsp;<\/p>\n<p><b>\u2026 et partenaire \u00e9conomique privil\u00e9gi\u00e9<\/b><\/p>\n<p><b>\u00a0<img decoding=\"async\" alt=\"http:\/\/www.statut-avance.com\/wp-content\/uploads\/2012\/09\/Maroc-UE.jpg\" src=\"http:\/\/www.statut-avance.com\/wp-content\/uploads\/2012\/09\/Maroc-UE.jpg\" width=\"540\" height=\"324\" \/><\/b><\/p>\n<p>Au niveau \u00e9conomique aussi, ce sont les int\u00e9r\u00eats, et non pas les valeurs europ\u00e9ennes, qui d\u00e9terminent la politique \u00e0 suivre vis-\u00e0-vis du Maroc ou du Mexique. Quelle est la diff\u00e9rence entre le Mexique et le Maroc\u00a0? Pour le Mexique\u00a0: \u00ab\u00a0<i>Force est de constater que la France est loin d\u2019\u00eatre un partenaire strat\u00e9gique de la deuxi\u00e8me \u00e9conomie latino-am\u00e9ricaine. La France n\u2019est que le quaranti\u00e8me fournisseur du Mexique, qui lui-m\u00eame n\u2019arrive qu\u2019au soixanti\u00e8me rang des clients de l\u2019Hexagone\u2026 De fait, l\u2019\u00e9conomie mexicaine reste tr\u00e8s d\u00e9pendante du grand voisin am\u00e9ricain, qui absorbe 80% de ses exportations. C\u00f4t\u00e9 investissements, la France, l\u00e0 encore, n\u2019est qu\u2019un acteur secondaire puisqu\u2019elle p\u00e8se \u00e0 peine 0,2% des sommes investies dans ce pays.<\/i>\u00a0\u00bb\u00a0<a title=\"\" href=\"http:\/\/www.egalite.be\/?paged=25#_ftn6\">[6]<\/a><\/p>\n<p>C\u2019est tout le contraire pour les relations de la France avec le Maroc\u00a0: \u00ab\u00a0<i>La France est le premier partenaire commercial du Maroc en 2011. Les \u00e9changes commerciaux franco-marocains se sont \u00e9lev\u00e9s \u00e0 7,4 milliards d\u2019euros en 2011. En 2011, la France est rest\u00e9e le premier fournisseur du Maroc, avec 13,9% de part de march\u00e9. \u2026 La France est \u00e9galement le premier client du Maroc dont elle a absorbe 20,3% des exportations en 2011..<\/i>\u00a0\u00bb<a title=\"\" href=\"http:\/\/www.egalite.be\/?paged=25#_ftn7\">[7]<\/a>. Sur les relations \u00e9conomiques entre la Belgique et le Maroc, le ministre Van Ackere disait en 2010\u00a0: \u00ab\u00a0<i>En 2009, la Belgique a export\u00e9 pour 520 millions d\u2019euros au Maroc, ce qui en fait le douzi\u00e8me fournisseur du Maroc. La Belgique a import\u00e9 pour 321 millions d\u2019euros du Maroc, ce qui en fait le septi\u00e8me client du Maroc. Les entreprises belges sont actives au Maroc, notamment dans le secteur de l\u2019extraction mini\u00e8re, du textile et de la construction m\u00e9tallique, ainsi que dans le secteur des services. Dans le secteur de la construction et du tourisme aussi, plusieurs entreprises occupent une pr\u00e9sence marqu\u00e9e au Maroc. Et par le biais d\u2019un consortium espagnol, belge et marocain, des Belges sont impliqu\u00e9s dans l\u2019am\u00e9nagement du tram de Casablanca. Dans notre pays, le Maroc investit dans les secteurs bancaire et chimique.<\/i>\u00a0\u00bb<\/p>\n<p>C\u2019est bien d\u2019une politique europ\u00e9enne qu\u2019il s\u2019agit, le Maroc ayant obtenu le statut \u00ab<i>\u00a0avanc\u00e9\u00a0<\/i>\u00bb dans ses relations avec l\u2019Europe en 2008 et depuis les affaires ne cessent de s\u2019am\u00e9liorer. Comme l\u2019a encore soulign\u00e9 le pr\u00e9sident de la Commission parlementaire Maroc-UE, Panzeri, lorsqu\u2019il \u00e9tait en visite au Maroc<a title=\"\" href=\"http:\/\/www.egalite.be\/?paged=25#_ftn8\">[8]<\/a> pour discuter de nouveaux accords pour un \u00ab\u00a0<i>partenariat strat\u00e9gique entre le Maroc et l\u2019UE<\/i>\u00a0\u00bb : \u00ab\u00a0<i>Le Maroc est le partenaire privil\u00e9gi\u00e9 de l\u2019Union europ\u00e9enne, particuli\u00e8rement dans le domaine \u00e9conomique<\/i>\u00bb.\u00a0 Six mois plus tard, Hugues Mingarelli, responsable au Service europ\u00e9en d\u2019action ext\u00e9rieure pour les relations avec l\u2019Afrique du Nord\u00a0reprend la m\u00eame id\u00e9e : \u00ab\u00a0<i>Le Maroc est pour l\u2019Union europ\u00e9enne un partenaire de premi\u00e8re importance et nous devons tout faire pour nous assurer que cette relation se d\u00e9veloppe dans le sens des int\u00e9r\u00eats du Maroc<\/i>\u00a0.\u00bb<a title=\"\" href=\"http:\/\/www.egalite.be\/?paged=25#_ftn9\">[9]<\/a><\/p>\n<p><img decoding=\"async\" alt=\"http:\/\/www.freeali.eu\/wp-content\/uploads\/2012\/05\/aliv.jpg\" src=\"http:\/\/www.freeali.eu\/wp-content\/uploads\/2012\/05\/aliv.jpg\" width=\"399\" height=\"465\" \/><\/p>\n<p><b>Florence ou Ali, la discrimination \u00e0 peine voil\u00e9e<\/b><\/p>\n<p>Enfin, on peut parler de discrimination \u00e0 peine voil\u00e9e envers les communaut\u00e9s d\u2019origine arabe, et de confession musulmane en particulier, et les citoyens de cette origine, qui ont pourtant subi les m\u00eames horreurs, ou pires, que Florence Cassez dans les prisons marocaines. Au niveau europ\u00e9en, ces communaut\u00e9s sont plus consid\u00e9r\u00e9es comme un ennemi int\u00e9rieur potentiel, que comme des citoyens \u00e0 part enti\u00e8re. Partout en Europe, les associations \u00ab\u00a0immigration\/criminalit\u00e9\u00a0\u00bb et \u00ab\u00a0Islam\/terrorisme\u00a0\u00bb ont pour effet que les appels \u00e0 l\u2019aide ne sont pas entendus. Et l\u2019Europe se sert de l\u2019argument de la double nationalit\u00e9 pour justifier son inaction, voire sa complicit\u00e9.<\/p>\n<p>La lib\u00e9ration de Florence Cassez ne peut que nous encourager.<\/p>\n<p>C\u2019est gr\u00e2ce \u00e0 un travail judiciaire, un comit\u00e9 de soutien et une volont\u00e9 politique que Florence Cassez est libre aujourd\u2019hui. De ces trois piliers, nous en avons d\u00e9j\u00e0 construit deux. A nous de briser l\u2019indiff\u00e9rence. A nous de faire du sort des d\u00e9tenus europ\u00e9ens au Maroc un enjeu politique, dont tous les partis et tous les candidats devront tenir compte aux \u00e9lections de 2014.<\/p>\n<div>\n<hr align=\"left\" size=\"1\" width=\"33%\" \/>\n<div>\n<p><a title=\"\" href=\"http:\/\/www.egalite.be\/?paged=25#_ftnref1\">[1]<\/a> <a href=\"http:\/\/www.liberezflorencecassez.com\/\">http:\/\/www.liberezflorencecassez.com<\/a><\/p>\n<\/div>\n<div>\n<p><a title=\"\" href=\"http:\/\/www.egalite.be\/?paged=25#_ftnref2\">[2]<\/a><\/p>\n<\/div>\n<div>\n<p><a title=\"\" href=\"http:\/\/www.egalite.be\/?paged=25#_ftnref3\">[3]<\/a>\u00a0 <a href=\"http:\/\/prisonnierseuropeensaumaroc.blogspot.be\/#%21\/2012\/12\/detenus-europeens-dans-les-prisons.html\">http:\/\/prisonnierseuropeensaumaroc.blogspot.be\/#!\/2012\/12\/detenus-europeens-dans-les-prisons.html<\/a><\/p>\n<\/div>\n<div>\n<p><a title=\"\" href=\"http:\/\/www.egalite.be\/?paged=25#_ftnref4\">[4]<\/a>\u00a0 <a href=\"http:\/\/prisonnierseuropeensaumaroc.blogspot.be\/#%21\/2013\/01\/linsupportable-injustice-el-mostafa.html\">http:\/\/prisonnierseuropeensaumaroc.blogspot.be\/#!\/2013\/01\/linsupportable-injustice-el-mostafa.html<\/a><\/p>\n<\/div>\n<div>\n<p><a title=\"\" href=\"http:\/\/www.egalite.be\/?paged=25#_ftnref5\">[5]<\/a><a href=\"http:\/\/www.yabiladi.com\/articles\/details\/15104\/reunion-mali-immigration-clandestine-maroc.html?fb_action_ids=10200319182082814&amp;fb_action_types=og.recommends&amp;fb_source=aggregation&amp;fb_aggregation_id=246965925417366\">http:\/\/www.yabiladi.com\/articles\/details\/15104\/reunion-mali-immigration-clandestine-maroc.html?fb_action_ids=10200319182082814&amp;fb_action_types=og.recommends&amp;fb_source=aggregation&amp;fb_aggregation_id=246965925417366<\/a><\/p>\n<\/div>\n<div>\n<p><a title=\"\" href=\"http:\/\/www.egalite.be\/?paged=25#_ftnref6\">[6]<\/a><a href=\"http:\/\/www.lefigaro.fr\/conjoncture\/2011\/02\/15\/04016-20110215ARTFIG00748-l-affaire-cassez-va-peser-sur-les-relations-economiques.php\">http:\/\/www.lefigaro.fr\/conjoncture\/2011\/02\/15\/04016-20110215ARTFIG00748-l-affaire-cassez-va-peser-sur-les-relations-economiques.php<\/a><\/p>\n<\/div>\n<div>\n<p><a title=\"\" href=\"http:\/\/www.egalite.be\/?paged=25#_ftnref7\">[7]<\/a><a href=\"http:\/\/www.diplomatie.gouv.fr\/fr\/pays-zones-geo\/maroc\/la-france-et-le-maroc\/\">http:\/\/www.diplomatie.gouv.fr\/fr\/pays-zones-geo\/maroc\/la-france-et-le-maroc\/<\/a><\/p>\n<\/div>\n<div>\n<p><a title=\"\" href=\"http:\/\/www.egalite.be\/?paged=25#_ftnref8\">[8]<\/a><a href=\"http:\/\/www.maghrebemergent.info\/actualite\/fil-maghreb\/14277-maroc-union-europeenneengagement-a-asseoir-un-l-partenariat-strategique-et-evolutif-r-el-otmani.html\">http:\/\/www.maghrebemergent.info\/actualite\/fil-maghreb\/14277-maroc-union-europeenneengagement-a-asseoir-un-l-partenariat-strategique-et-evolutif-r-el-otmani.html<\/a><\/p>\n<\/div>\n<div>\n<p><a title=\"\" href=\"http:\/\/www.egalite.be\/?paged=25#_ftnref9\">[9]<\/a><a href=\"http:\/\/www.maghrebemergent.info\/actualite\/fil-maghreb\/20121-maroc-union-europeenne--7eme-session-du-dialogue-politique-renforce.html\">http:\/\/www.maghrebemergent.info\/actualite\/fil-maghreb\/20121-maroc-union-europeenne\u20137eme-session-du-dialogue-politique-renforce.html<\/a><\/p>\n<p><img decoding=\"async\" class=\"alignright\" alt=\"http:\/\/www.egalite.be\/wp-content\/uploads\/2012\/10\/aliaarrasslatuf.jpg\" src=\"http:\/\/www.egalite.be\/wp-content\/uploads\/2012\/10\/aliaarrasslatuf.jpg\" width=\"703\" height=\"876\" \/><\/p>\n<p>&nbsp;<\/p>\n<p><img decoding=\"async\" alt=\"https:\/\/fbcdn-sphotos-h-a.akamaihd.net\/hphotos-ak-prn1\/397420_10200301223793868_719181662_n.jpg\" src=\"https:\/\/fbcdn-sphotos-h-a.akamaihd.net\/hphotos-ak-prn1\/397420_10200301223793868_719181662_n.jpg\" width=\"365\" height=\"494\" \/><img decoding=\"async\" alt=\"https:\/\/fbcdn-sphotos-f-a.akamaihd.net\/hphotos-ak-prn1\/156308_10200301222313831_2081605091_n.jpg\" src=\"https:\/\/fbcdn-sphotos-f-a.akamaihd.net\/hphotos-ak-prn1\/156308_10200301222313831_2081605091_n.jpg\" width=\"365\" height=\"494\" \/><\/p>\n<\/div>\n<\/div>\n<\/div>\n<\/article>\n<\/div>\n<\/div>\n<\/div>\n","protected":false},"excerpt":{"rendered":"<p>&nbsp; Notre question sur le Maroc au Ministre Reynders, sa r\u00e9ponse et l\u2019affaire Florence Cassez<\/p>\n","protected":false},"author":1,"featured_media":564,"comment_status":"open","ping_status":"open","sticky":false,"template":"","format":"standard","meta":{"footnotes":""},"categories":[24,4,8,18,28],"tags":[31,14,23],"class_list":["post-594","post","type-post","status-publish","format-standard","has-post-thumbnail","hentry","category-belgique-maroc","category-islamophobie","category-prisons","category-resistance-bruxelles","category-racismes","tag-belgique","tag-bruxelles","tag-discrimination"],"_links":{"self":[{"href":"https:\/\/bruxelles-pantheres.be\/index.php?rest_route=\/wp\/v2\/posts\/594","targetHints":{"allow":["GET"]}}],"collection":[{"href":"https:\/\/bruxelles-pantheres.be\/index.php?rest_route=\/wp\/v2\/posts"}],"about":[{"href":"https:\/\/bruxelles-pantheres.be\/index.php?rest_route=\/wp\/v2\/types\/post"}],"author":[{"embeddable":true,"href":"https:\/\/bruxelles-pantheres.be\/index.php?rest_route=\/wp\/v2\/users\/1"}],"replies":[{"embeddable":true,"href":"https:\/\/bruxelles-pantheres.be\/index.php?rest_route=%2Fwp%2Fv2%2Fcomments&post=594"}],"version-history":[{"count":1,"href":"https:\/\/bruxelles-pantheres.be\/index.php?rest_route=\/wp\/v2\/posts\/594\/revisions"}],"predecessor-version":[{"id":595,"href":"https:\/\/bruxelles-pantheres.be\/index.php?rest_route=\/wp\/v2\/posts\/594\/revisions\/595"}],"wp:featuredmedia":[{"embeddable":true,"href":"https:\/\/bruxelles-pantheres.be\/index.php?rest_route=\/wp\/v2\/media\/564"}],"wp:attachment":[{"href":"https:\/\/bruxelles-pantheres.be\/index.php?rest_route=%2Fwp%2Fv2%2Fmedia&parent=594"}],"wp:term":[{"taxonomy":"category","embeddable":true,"href":"https:\/\/bruxelles-pantheres.be\/index.php?rest_route=%2Fwp%2Fv2%2Fcategories&post=594"},{"taxonomy":"post_tag","embeddable":true,"href":"https:\/\/bruxelles-pantheres.be\/index.php?rest_route=%2Fwp%2Fv2%2Ftags&post=594"}],"curies":[{"name":"wp","href":"https:\/\/api.w.org\/{rel}","templated":true}]}}